{"id":73705,"date":"2020-02-19T12:53:30","date_gmt":"2020-02-19T15:53:30","guid":{"rendered":"http:\/\/www.padreydecano.com\/cms\/?p=73705"},"modified":"2020-02-22T22:32:48","modified_gmt":"2020-02-23T01:32:48","slug":"venta-de-entradas-vs-defensor-sporting-torneo-apertura-2020","status":"publish","type":"post","link":"https:\/\/www.padreydecano.com\/cms\/noticias\/venta-de-entradas-vs-defensor-sporting-torneo-apertura-2020\/","title":{"rendered":"Venta de entradas vs Defensor Sporting (Torneo Apertura 2020)"},"content":{"rendered":"<p><a href=\"https:\/\/www.padreydecano.com\/cms\/wp-content\/uploads\/2019\/08\/venta-de-entradas.png\" rel=\"shadowbox[sbpost-73705];player=img;\"><img loading=\"lazy\" decoding=\"async\" class=\"aligncenter size-full wp-image-71419\" src=\"https:\/\/www.padreydecano.com\/cms\/wp-content\/uploads\/2019\/08\/venta-de-entradas.png\" alt=\"\" width=\"1280\" height=\"720\" srcset=\"https:\/\/www.padreydecano.com\/cms\/wp-content\/uploads\/2019\/08\/venta-de-entradas.png 1280w, https:\/\/www.padreydecano.com\/cms\/wp-content\/uploads\/2019\/08\/venta-de-entradas-600x338.png 600w, https:\/\/www.padreydecano.com\/cms\/wp-content\/uploads\/2019\/08\/venta-de-entradas-768x432.png 768w, https:\/\/www.padreydecano.com\/cms\/wp-content\/uploads\/2019\/08\/venta-de-entradas-1024x576.png 1024w\" sizes=\"(max-width: 1280px) 100vw, 1280px\" \/><\/a><\/p>\n<p style=\"text-align: justify;\"><strong>El carbonero visitar\u00e1 a Defensor Sporting el pr\u00f3ximo domingo a las 19:30 horas, por la segunda fecha del Torneo Apertura 2020.<\/strong><\/p>\n<p style=\"text-align: justify;\">Para los hinchas aurinegros se pondr\u00e1n a disposici\u00f3n 3000 localidades de la Tribuna Ghierra. Las mismas se podr\u00e1n adquirir desde la apertura de los locales de RedPagos, partir del jueves. Los socios tendr\u00e1n prioridad en el primer d\u00eda; de existir un remanente se habilitar\u00e1 a todo p\u00fablico, el d\u00eda viernes. No habr\u00e1 venta web.<\/p>\n<p style=\"text-align: justify;\"><strong>Socios<\/strong>: $ 300<br \/>\n<strong>Generales<\/strong>: $ 400<\/p>\n<p style=\"text-align: justify;\"><div class=\"user-wrapper\"><a class=\"userlink\"href=\"https:\/\/twitter.com\/ftrucce18\" target=\"_blank\"><figure><img decoding=\"async\" src=\"http:\/\/www.padreydecano.com\/cms\/wp-users-files\/postfirmas\/ftrucce.jpg\" \/><\/figure><p class=\"user\"><strong>Franco Trucce<\/strong><br \/>@FTrucce18<\/p><\/a><\/div><\/p>\n","protected":false},"excerpt":{"rendered":"<p>El carbonero visitar\u00e1 a Defensor Sporting el pr\u00f3ximo domingo a las 19:30 horas, por la segunda fecha del Torneo Apertura 2020. Para los hinchas aurinegros se pondr\u00e1n a disposici\u00f3n 3000 localidades de la Tribuna Ghierra. Las mismas se podr\u00e1n adquirir desde la apertura de los locales de RedPagos, partir del jueves. Los socios tendr\u00e1n prioridad [&hellip;]<\/p>\n","protected":false},"author":27,"featured_media":71419,"comment_status":"open","ping_status":"closed","sticky":false,"template":"","format":"standard","meta":{"footnotes":""},"categories":[1,21],"tags":[467,473,32],"yoast_head":"<!-- This site is optimized with the Yoast SEO plugin v23.2 - https:\/\/yoast.com\/wordpress\/plugins\/seo\/ -->\n<title>Venta de entradas vs Defensor Sporting (Torneo Apertura 2020) - Padre y Decano - El Sitio del Pueblo<\/title>\n<meta name=\"robots\" content=\"index, follow, max-snippet:-1, max-image-preview:large, max-video-preview:-1\" \/>\n<link rel=\"canonical\" href=\"https:\/\/www.padreydecano.com\/cms\/noticias\/venta-de-entradas-vs-defensor-sporting-torneo-apertura-2020\/\" \/>\n<meta property=\"og:locale\" content=\"es_ES\" \/>\n<meta property=\"og:type\" content=\"article\" \/>\n<meta property=\"og:title\" content=\"Venta de entradas vs Defensor Sporting (Torneo Apertura 2020) - Padre y Decano - El Sitio del Pueblo\" \/>\n<meta property=\"og:description\" content=\"El carbonero visitar\u00e1 a Defensor Sporting el pr\u00f3ximo domingo a las 19:30 horas, por la segunda fecha del Torneo Apertura 2020. Para los hinchas aurinegros se pondr\u00e1n a disposici\u00f3n 3000 localidades de la Tribuna Ghierra. Las mismas se podr\u00e1n adquirir desde la apertura de los locales de RedPagos, partir del jueves. Los socios tendr\u00e1n prioridad [&hellip;]\" \/>\n<meta property=\"og:url\" content=\"https:\/\/www.padreydecano.com\/cms\/noticias\/venta-de-entradas-vs-defensor-sporting-torneo-apertura-2020\/\" \/>\n<meta property=\"og:site_name\" content=\"Padre y Decano - El Sitio del Pueblo\" \/>\n<meta property=\"article:published_time\" content=\"2020-02-19T15:53:30+00:00\" \/>\n<meta property=\"article:modified_time\" content=\"2020-02-23T01:32:48+00:00\" \/>\n<meta property=\"og:image\" content=\"https:\/\/www.padreydecano.com\/cms\/wp-content\/uploads\/2019\/08\/venta-de-entradas.png\" \/>\n\t<meta property=\"og:image:width\" content=\"1280\" \/>\n\t<meta property=\"og:image:height\" content=\"720\" \/>\n\t<meta property=\"og:image:type\" content=\"image\/png\" \/>\n<meta name=\"author\" content=\"Redactores Padre y Decano\" \/>\n<meta name=\"twitter:card\" content=\"summary_large_image\" \/>\n<meta name=\"twitter:label1\" content=\"Escrito por\" \/>\n\t<meta name=\"twitter:data1\" content=\"Redactores Padre y Decano\" \/>\n<script type=\"application\/ld+json\" class=\"yoast-schema-graph\">{\"@context\":\"https:\/\/schema.org\",\"@graph\":[{\"@type\":\"Article\",\"@id\":\"https:\/\/www.padreydecano.com\/cms\/noticias\/venta-de-entradas-vs-defensor-sporting-torneo-apertura-2020\/#article\",\"isPartOf\":{\"@id\":\"https:\/\/www.padreydecano.com\/cms\/noticias\/venta-de-entradas-vs-defensor-sporting-torneo-apertura-2020\/\"},\"author\":{\"name\":\"Redactores Padre y Decano\",\"@id\":\"https:\/\/www.padreydecano.com\/cms\/#\/schema\/person\/37aae8f93aa78e4c5385497f056e3246\"},\"headline\":\"Venta de entradas vs Defensor Sporting (Torneo Apertura 2020)\",\"datePublished\":\"2020-02-19T15:53:30+00:00\",\"dateModified\":\"2020-02-23T01:32:48+00:00\",\"mainEntityOfPage\":{\"@id\":\"https:\/\/www.padreydecano.com\/cms\/noticias\/venta-de-entradas-vs-defensor-sporting-torneo-apertura-2020\/\"},\"wordCount\":91,\"commentCount\":22,\"publisher\":{\"@id\":\"https:\/\/www.padreydecano.com\/cms\/#organization\"},\"image\":{\"@id\":\"https:\/\/www.padreydecano.com\/cms\/noticias\/venta-de-entradas-vs-defensor-sporting-torneo-apertura-2020\/#primaryimage\"},\"thumbnailUrl\":\"https:\/\/www.padreydecano.com\/cms\/wp-content\/uploads\/2019\/08\/venta-de-entradas.png\",\"keywords\":[\"Campeonato Uruguayo 2020\",\"Torneo Apertura 2020\",\"Venta de entradas\"],\"articleSection\":[\"Noticias\",\"Partido a Partido\"],\"inLanguage\":\"es\",\"potentialAction\":[{\"@type\":\"CommentAction\",\"name\":\"Comment\",\"target\":[\"https:\/\/www.padreydecano.com\/cms\/noticias\/venta-de-entradas-vs-defensor-sporting-torneo-apertura-2020\/#respond\"]}]},{\"@type\":\"WebPage\",\"@id\":\"https:\/\/www.padreydecano.com\/cms\/noticias\/venta-de-entradas-vs-defensor-sporting-torneo-apertura-2020\/\",\"url\":\"https:\/\/www.padreydecano.com\/cms\/noticias\/venta-de-entradas-vs-defensor-sporting-torneo-apertura-2020\/\",\"name\":\"Venta de entradas vs Defensor Sporting (Torneo Apertura 2020) - Padre y Decano - El Sitio del Pueblo\",\"isPartOf\":{\"@id\":\"https:\/\/www.padreydecano.com\/cms\/#website\"},\"primaryImageOfPage\":{\"@id\":\"https:\/\/www.padreydecano.com\/cms\/noticias\/venta-de-entradas-vs-defensor-sporting-torneo-apertura-2020\/#primaryimage\"},\"image\":{\"@id\":\"https:\/\/www.padreydecano.com\/cms\/noticias\/venta-de-entradas-vs-defensor-sporting-torneo-apertura-2020\/#primaryimage\"},\"thumbnailUrl\":\"https:\/\/www.padreydecano.com\/cms\/wp-content\/uploads\/2019\/08\/venta-de-entradas.png\",\"datePublished\":\"2020-02-19T15:53:30+00:00\",\"dateModified\":\"2020-02-23T01:32:48+00:00\",\"breadcrumb\":{\"@id\":\"https:\/\/www.padreydecano.com\/cms\/noticias\/venta-de-entradas-vs-defensor-sporting-torneo-apertura-2020\/#breadcrumb\"},\"inLanguage\":\"es\",\"potentialAction\":[{\"@type\":\"ReadAction\",\"target\":[\"https:\/\/www.padreydecano.com\/cms\/noticias\/venta-de-entradas-vs-defensor-sporting-torneo-apertura-2020\/\"]}]},{\"@type\":\"ImageObject\",\"inLanguage\":\"es\",\"@id\":\"https:\/\/www.padreydecano.com\/cms\/noticias\/venta-de-entradas-vs-defensor-sporting-torneo-apertura-2020\/#primaryimage\",\"url\":\"https:\/\/www.padreydecano.com\/cms\/wp-content\/uploads\/2019\/08\/venta-de-entradas.png\",\"contentUrl\":\"https:\/\/www.padreydecano.com\/cms\/wp-content\/uploads\/2019\/08\/venta-de-entradas.png\",\"width\":1280,\"height\":720},{\"@type\":\"BreadcrumbList\",\"@id\":\"https:\/\/www.padreydecano.com\/cms\/noticias\/venta-de-entradas-vs-defensor-sporting-torneo-apertura-2020\/#breadcrumb\",\"itemListElement\":[{\"@type\":\"ListItem\",\"position\":1,\"name\":\"Portada\",\"item\":\"https:\/\/www.padreydecano.com\/cms\/\"},{\"@type\":\"ListItem\",\"position\":2,\"name\":\"Venta de entradas vs Defensor Sporting (Torneo Apertura 2020)\"}]},{\"@type\":\"WebSite\",\"@id\":\"https:\/\/www.padreydecano.com\/cms\/#website\",\"url\":\"https:\/\/www.padreydecano.com\/cms\/\",\"name\":\"Padre y Decano - El Sitio del Pueblo\",\"description\":\"Club Atl\u00e9tico Pe\u00f1arol\",\"publisher\":{\"@id\":\"https:\/\/www.padreydecano.com\/cms\/#organization\"},\"potentialAction\":[{\"@type\":\"SearchAction\",\"target\":{\"@type\":\"EntryPoint\",\"urlTemplate\":\"https:\/\/www.padreydecano.com\/cms\/?s={search_term_string}\"},\"query-input\":\"required name=search_term_string\"}],\"inLanguage\":\"es\"},{\"@type\":\"Organization\",\"@id\":\"https:\/\/www.padreydecano.com\/cms\/#organization\",\"name\":\"Padre y Decano\",\"url\":\"https:\/\/www.padreydecano.com\/cms\/\",\"logo\":{\"@type\":\"ImageObject\",\"inLanguage\":\"es\",\"@id\":\"https:\/\/www.padreydecano.com\/cms\/#\/schema\/logo\/image\/\",\"url\":\"https:\/\/www.padreydecano.com\/cms\/wp-content\/uploads\/2022\/01\/avatar-square.png\",\"contentUrl\":\"https:\/\/www.padreydecano.com\/cms\/wp-content\/uploads\/2022\/01\/avatar-square.png\",\"width\":1500,\"height\":1500,\"caption\":\"Padre y Decano\"},\"image\":{\"@id\":\"https:\/\/www.padreydecano.com\/cms\/#\/schema\/logo\/image\/\"}},{\"@type\":\"Person\",\"@id\":\"https:\/\/www.padreydecano.com\/cms\/#\/schema\/person\/37aae8f93aa78e4c5385497f056e3246\",\"name\":\"Redactores Padre y Decano\",\"image\":{\"@type\":\"ImageObject\",\"inLanguage\":\"es\",\"@id\":\"https:\/\/www.padreydecano.com\/cms\/#\/schema\/person\/image\/\",\"url\":\"https:\/\/secure.gravatar.com\/avatar\/8810c4b9081192b118b104af54549af8?s=96&d=https%3A%2F%2Fpadreydecano.com%2Fcms%2Fwp-content%2Fthemes%2Fpyd-theme%2Fimg%2Fdefault-avatar.png&r=g\",\"contentUrl\":\"https:\/\/secure.gravatar.com\/avatar\/8810c4b9081192b118b104af54549af8?s=96&d=https%3A%2F%2Fpadreydecano.com%2Fcms%2Fwp-content%2Fthemes%2Fpyd-theme%2Fimg%2Fdefault-avatar.png&r=g\",\"caption\":\"Redactores Padre y Decano\"},\"sameAs\":[\"http:\/\/www.padreydecano.com\"]}]}<\/script>\n<!-- \/ Yoast SEO plugin. -->","yoast_head_json":{"title":"Venta de entradas vs Defensor Sporting (Torneo Apertura 2020) - Padre y Decano - El Sitio del Pueblo","robots":{"index":"index","follow":"follow","max-snippet":"max-snippet:-1","max-image-preview":"max-image-preview:large","max-video-preview":"max-video-preview:-1"},"canonical":"https:\/\/www.padreydecano.com\/cms\/noticias\/venta-de-entradas-vs-defensor-sporting-torneo-apertura-2020\/","og_locale":"es_ES","og_type":"article","og_title":"Venta de entradas vs Defensor Sporting (Torneo Apertura 2020) - Padre y Decano - El Sitio del Pueblo","og_description":"El carbonero visitar\u00e1 a Defensor Sporting el pr\u00f3ximo domingo a las 19:30 horas, por la segunda fecha del Torneo Apertura 2020. Para los hinchas aurinegros se pondr\u00e1n a disposici\u00f3n 3000 localidades de la Tribuna Ghierra. Las mismas se podr\u00e1n adquirir desde la apertura de los locales de RedPagos, partir del jueves. Los socios tendr\u00e1n prioridad [&hellip;]","og_url":"https:\/\/www.padreydecano.com\/cms\/noticias\/venta-de-entradas-vs-defensor-sporting-torneo-apertura-2020\/","og_site_name":"Padre y Decano - El Sitio del Pueblo","article_published_time":"2020-02-19T15:53:30+00:00","article_modified_time":"2020-02-23T01:32:48+00:00","og_image":[{"width":1280,"height":720,"url":"https:\/\/www.padreydecano.com\/cms\/wp-content\/uploads\/2019\/08\/venta-de-entradas.png","type":"image\/png"}],"author":"Redactores Padre y Decano","twitter_card":"summary_large_image","twitter_misc":{"Escrito por":"Redactores Padre y Decano"},"schema":{"@context":"https:\/\/schema.org","@graph":[{"@type":"Article","@id":"https:\/\/www.padreydecano.com\/cms\/noticias\/venta-de-entradas-vs-defensor-sporting-torneo-apertura-2020\/#article","isPartOf":{"@id":"https:\/\/www.padreydecano.com\/cms\/noticias\/venta-de-entradas-vs-defensor-sporting-torneo-apertura-2020\/"},"author":{"name":"Redactores Padre y Decano","@id":"https:\/\/www.padreydecano.com\/cms\/#\/schema\/person\/37aae8f93aa78e4c5385497f056e3246"},"headline":"Venta de entradas vs Defensor Sporting (Torneo Apertura 2020)","datePublished":"2020-02-19T15:53:30+00:00","dateModified":"2020-02-23T01:32:48+00:00","mainEntityOfPage":{"@id":"https:\/\/www.padreydecano.com\/cms\/noticias\/venta-de-entradas-vs-defensor-sporting-torneo-apertura-2020\/"},"wordCount":91,"commentCount":22,"publisher":{"@id":"https:\/\/www.padreydecano.com\/cms\/#organization"},"image":{"@id":"https:\/\/www.padreydecano.com\/cms\/noticias\/venta-de-entradas-vs-defensor-sporting-torneo-apertura-2020\/#primaryimage"},"thumbnailUrl":"https:\/\/www.padreydecano.com\/cms\/wp-content\/uploads\/2019\/08\/venta-de-entradas.png","keywords":["Campeonato Uruguayo 2020","Torneo Apertura 2020","Venta de entradas"],"articleSection":["Noticias","Partido a Partido"],"inLanguage":"es","potentialAction":[{"@type":"CommentAction","name":"Comment","target":["https:\/\/www.padreydecano.com\/cms\/noticias\/venta-de-entradas-vs-defensor-sporting-torneo-apertura-2020\/#respond"]}]},{"@type":"WebPage","@id":"https:\/\/www.padreydecano.com\/cms\/noticias\/venta-de-entradas-vs-defensor-sporting-torneo-apertura-2020\/","url":"https:\/\/www.padreydecano.com\/cms\/noticias\/venta-de-entradas-vs-defensor-sporting-torneo-apertura-2020\/","name":"Venta de entradas vs Defensor Sporting (Torneo Apertura 2020) - Padre y Decano - El Sitio del Pueblo","isPartOf":{"@id":"https:\/\/www.padreydecano.com\/cms\/#website"},"primaryImageOfPage":{"@id":"https:\/\/www.padreydecano.com\/cms\/noticias\/venta-de-entradas-vs-defensor-sporting-torneo-apertura-2020\/#primaryimage"},"image":{"@id":"https:\/\/www.padreydecano.com\/cms\/noticias\/venta-de-entradas-vs-defensor-sporting-torneo-apertura-2020\/#primaryimage"},"thumbnailUrl":"https:\/\/www.padreydecano.com\/cms\/wp-content\/uploads\/2019\/08\/venta-de-entradas.png","datePublished":"2020-02-19T15:53:30+00:00","dateModified":"2020-02-23T01:32:48+00:00","breadcrumb":{"@id":"https:\/\/www.padreydecano.com\/cms\/noticias\/venta-de-entradas-vs-defensor-sporting-torneo-apertura-2020\/#breadcrumb"},"inLanguage":"es","potentialAction":[{"@type":"ReadAction","target":["https:\/\/www.padreydecano.com\/cms\/noticias\/venta-de-entradas-vs-defensor-sporting-torneo-apertura-2020\/"]}]},{"@type":"ImageObject","inLanguage":"es","@id":"https:\/\/www.padreydecano.com\/cms\/noticias\/venta-de-entradas-vs-defensor-sporting-torneo-apertura-2020\/#primaryimage","url":"https:\/\/www.padreydecano.com\/cms\/wp-content\/uploads\/2019\/08\/venta-de-entradas.png","contentUrl":"https:\/\/www.padreydecano.com\/cms\/wp-content\/uploads\/2019\/08\/venta-de-entradas.png","width":1280,"height":720},{"@type":"BreadcrumbList","@id":"https:\/\/www.padreydecano.com\/cms\/noticias\/venta-de-entradas-vs-defensor-sporting-torneo-apertura-2020\/#breadcrumb","itemListElement":[{"@type":"ListItem","position":1,"name":"Portada","item":"https:\/\/www.padreydecano.com\/cms\/"},{"@type":"ListItem","position":2,"name":"Venta de entradas vs Defensor Sporting (Torneo Apertura 2020)"}]},{"@type":"WebSite","@id":"https:\/\/www.padreydecano.com\/cms\/#website","url":"https:\/\/www.padreydecano.com\/cms\/","name":"Padre y Decano - El Sitio del Pueblo","description":"Club Atl\u00e9tico Pe\u00f1arol","publisher":{"@id":"https:\/\/www.padreydecano.com\/cms\/#organization"},"potentialAction":[{"@type":"SearchAction","target":{"@type":"EntryPoint","urlTemplate":"https:\/\/www.padreydecano.com\/cms\/?s={search_term_string}"},"query-input":"required name=search_term_string"}],"inLanguage":"es"},{"@type":"Organization","@id":"https:\/\/www.padreydecano.com\/cms\/#organization","name":"Padre y Decano","url":"https:\/\/www.padreydecano.com\/cms\/","logo":{"@type":"ImageObject","inLanguage":"es","@id":"https:\/\/www.padreydecano.com\/cms\/#\/schema\/logo\/image\/","url":"https:\/\/www.padreydecano.com\/cms\/wp-content\/uploads\/2022\/01\/avatar-square.png","contentUrl":"https:\/\/www.padreydecano.com\/cms\/wp-content\/uploads\/2022\/01\/avatar-square.png","width":1500,"height":1500,"caption":"Padre y Decano"},"image":{"@id":"https:\/\/www.padreydecano.com\/cms\/#\/schema\/logo\/image\/"}},{"@type":"Person","@id":"https:\/\/www.padreydecano.com\/cms\/#\/schema\/person\/37aae8f93aa78e4c5385497f056e3246","name":"Redactores Padre y Decano","image":{"@type":"ImageObject","inLanguage":"es","@id":"https:\/\/www.padreydecano.com\/cms\/#\/schema\/person\/image\/","url":"https:\/\/secure.gravatar.com\/avatar\/8810c4b9081192b118b104af54549af8?s=96&d=https%3A%2F%2Fpadreydecano.com%2Fcms%2Fwp-content%2Fthemes%2Fpyd-theme%2Fimg%2Fdefault-avatar.png&r=g","contentUrl":"https:\/\/secure.gravatar.com\/avatar\/8810c4b9081192b118b104af54549af8?s=96&d=https%3A%2F%2Fpadreydecano.com%2Fcms%2Fwp-content%2Fthemes%2Fpyd-theme%2Fimg%2Fdefault-avatar.png&r=g","caption":"Redactores Padre y Decano"},"sameAs":["http:\/\/www.padreydecano.com"]}]}},"_links":{"self":[{"href":"https:\/\/www.padreydecano.com\/cms\/wp-json\/wp\/v2\/posts\/73705"}],"collection":[{"href":"https:\/\/www.padreydecano.com\/cms\/wp-json\/wp\/v2\/posts"}],"about":[{"href":"https:\/\/www.padreydecano.com\/cms\/wp-json\/wp\/v2\/types\/post"}],"author":[{"embeddable":true,"href":"https:\/\/www.padreydecano.com\/cms\/wp-json\/wp\/v2\/users\/27"}],"replies":[{"embeddable":true,"href":"https:\/\/www.padreydecano.com\/cms\/wp-json\/wp\/v2\/comments?post=73705"}],"version-history":[{"count":0,"href":"https:\/\/www.padreydecano.com\/cms\/wp-json\/wp\/v2\/posts\/73705\/revisions"}],"wp:featuredmedia":[{"embeddable":true,"href":"https:\/\/www.padreydecano.com\/cms\/wp-json\/wp\/v2\/media\/71419"}],"wp:attachment":[{"href":"https:\/\/www.padreydecano.com\/cms\/wp-json\/wp\/v2\/media?parent=73705"}],"wp:term":[{"taxonomy":"category","embeddable":true,"href":"https:\/\/www.padreydecano.com\/cms\/wp-json\/wp\/v2\/categories?post=73705"},{"taxonomy":"post_tag","embeddable":true,"href":"https:\/\/www.padreydecano.com\/cms\/wp-json\/wp\/v2\/tags?post=73705"}],"curies":[{"name":"wp","href":"https:\/\/api.w.org\/{rel}","templated":true}]}}