{"id":73682,"date":"2020-02-16T00:20:50","date_gmt":"2020-02-16T03:20:50","guid":{"rendered":"http:\/\/www.padreydecano.com\/cms\/?p=73682"},"modified":"2020-02-21T15:36:50","modified_gmt":"2020-02-21T18:36:50","slug":"triunfo-agonico-en-el-debut","status":"publish","type":"post","link":"https:\/\/www.padreydecano.com\/cms\/noticias\/triunfo-agonico-en-el-debut\/","title":{"rendered":"Triunfo ag\u00f3nico en el debut"},"content":{"rendered":"<p><img loading=\"lazy\" decoding=\"async\" class=\"aligncenter size-full wp-image-73683\" src=\"https:\/\/www.padreydecano.com\/cms\/wp-content\/uploads\/2020\/02\/WhatsApp-Image-2020-02-15-at-6.46.23-PM.jpeg\" alt=\"\" width=\"1600\" height=\"1066\" srcset=\"https:\/\/www.padreydecano.com\/cms\/wp-content\/uploads\/2020\/02\/WhatsApp-Image-2020-02-15-at-6.46.23-PM.jpeg 1600w, https:\/\/www.padreydecano.com\/cms\/wp-content\/uploads\/2020\/02\/WhatsApp-Image-2020-02-15-at-6.46.23-PM-600x400.jpeg 600w, https:\/\/www.padreydecano.com\/cms\/wp-content\/uploads\/2020\/02\/WhatsApp-Image-2020-02-15-at-6.46.23-PM-768x512.jpeg 768w, https:\/\/www.padreydecano.com\/cms\/wp-content\/uploads\/2020\/02\/WhatsApp-Image-2020-02-15-at-6.46.23-PM-1024x682.jpeg 1024w\" sizes=\"(max-width: 1600px) 100vw, 1600px\" \/><\/p>\n<p style=\"text-align: justify;\"><strong>Pe\u00f1arol derrot\u00f3 2 a 1 a Cerro en el Campe\u00f3n del Siglo, por la primera fecha del Torneo Apertura 2020. Los goles fueron convertidos por Xisco Jim\u00e9nez y Jes\u00fas Trindade.<\/strong><\/p>\n<p style=\"text-align: justify;\">En lo que signific\u00f3 el debut de Diego Forl\u00e1n como DT. No pudieron hacerse presentes Mat\u00edas Britos (desgarro en isquiotibiales), Math\u00edas Pintos (distensi\u00f3n en aductores), Marcel Novick (distensi\u00f3n en gemelo) y Cristian Rodr\u00edguez (sobrecarga muscular). Adem\u00e1s de las bajas graves y ya conocidas de Jonathan Urretaviscaya y Walter Gargano.<\/p>\n<p style=\"text-align: justify;\">Pe\u00f1arol form\u00f3 con<strong> Thiago Cardozo; Giovanni Gonz\u00e1lez, Fabricio Formiliano<\/strong> (67&#8242; Gary Kagelmacher),<strong> Rodrigo Abascal, Gabriel Rojas; Facundo Pellistri, Mat\u00edas De Los Santos, Jes\u00fas Trindade, Christian Bravo<\/strong> (62&#8242; Kriszti\u00e1n Vad\u00f3cz); <strong>Xisco Jim\u00e9nez y Luis Acevedo<\/strong> (73&#8242; Mart\u00edn Correa).<\/p>\n<p style=\"text-align: justify;\"><span style=\"color: #ffcc00;\"><strong>Primer tiempo<\/strong><\/span><\/p>\n<p style=\"text-align: justify;\">El aurinegro comenz\u00f3 teniendo el bal\u00f3n, y llegando con peligro al \u00e1rea rival.<strong> Y as\u00ed, a los 9 minutos, lleg\u00f3 el primer gol oficial en la era Forl\u00e1n.<\/strong> Corner desde la derecha efectuado por Bravo, cabezazo de Formiliano y conexi\u00f3n a la red de Xisco Jim\u00e9nez.<\/p>\n<p style=\"text-align: justify;\">Durante la primera parte, la visita fue siempre en busca del empate, el cual <strong>lleg\u00f3 a los 30&#8242; por intermedio de Leandro Paiva<\/strong>, de tiro libre.<\/p>\n<p style=\"text-align: justify;\">Antes de finalizar la primera mitad, el equipo rival tuvo un disparo en el travesa\u00f1o, que podr\u00eda haber cambiado por completo el tr\u00e1mite del partido.<\/p>\n<p style=\"text-align: justify;\"><span style=\"color: #ffcc00;\"><strong>Segundo tiempo<\/strong><\/span><\/p>\n<p style=\"text-align: justify;\">Para el inicio de la segunda parte, Forl\u00e1n no realiz\u00f3 cambios, mientras que el rival puso en cancha al ex Pe\u00f1arol Ignacio Yepes, quien fue protagonista en la visita.<\/p>\n<p style=\"text-align: justify;\">A los 48&#8242;, Bravo tuvo una importante situaci\u00f3n que se fue apenas afuera. Minutos m\u00e1s tarde, Acevedo se perdi\u00f3 la oportunidad por intermedio de un cabezazo.<\/p>\n<p style=\"text-align: justify;\">A los 65&#8242;, <strong>sali\u00f3 Formiliano por una lesi\u00f3n en su hombro,<\/strong> que le demandar\u00e1 entre 3 y 4 semanas de recuperaci\u00f3n. En su lugar ingres\u00f3 Kagelmacher, de muy buena manera. Reci\u00e9n ingresado, le cometieron un penal a Gary contra la Cataldi, que el \u00e1rbitro no sancion\u00f3.<\/p>\n<p style=\"text-align: justify;\">Cinco minutos m\u00e1s tarde, <strong>Cardozo se fue expulsado por una jugada muy particular.<\/strong> Sali\u00f3 jugando con la pelota, la perdi\u00f3 y la agarr\u00f3 con la mano muy lejos del \u00e1rea. Roja directa, que propin\u00f3 el debut de Mart\u00edn Correa.<\/p>\n<p style=\"text-align: justify;\">A partir de ese momento, Cerro intent\u00f3 quedarse con ese marcador, mientras que Pe\u00f1arol, con empuje y garra, fue por el partido.<\/p>\n<p style=\"text-align: justify;\">Sobre el final, Abascal habilit\u00f3 de buena manera a Pellistri, quien encar\u00f3 hacia el \u00e1rea, se sac\u00f3 dos hombres de encima con mucha facilidad y<strong> habilit\u00f3 a Trindade, quien remat\u00f3 cruzado y convirti\u00f3 el gol de la victoria.<\/strong><\/p>\n<p style=\"text-align: justify;\">As\u00ed, el carbonero logr\u00f3 los 3 puntos en su primera presentaci\u00f3n en el Torneo Apertura.<\/p>\n<p style=\"text-align: justify;\">En la siguiente fecha, el decano enfrentar\u00e1 a Defensor Sporting en el Franzini.<\/p>\n<div class=\"user-wrapper\"><a class=\"userlink\"href=\"https:\/\/twitter.com\/ftrucce18\" target=\"_blank\"><figure><img decoding=\"async\" src=\"http:\/\/www.padreydecano.com\/cms\/wp-users-files\/postfirmas\/ftrucce.jpg\" \/><\/figure><p class=\"user\"><strong>Franco Trucce<\/strong><br \/>@FTrucce18<\/p><\/a><\/div>\n","protected":false},"excerpt":{"rendered":"<p>Pe\u00f1arol derrot\u00f3 2 a 1 a Cerro en el Campe\u00f3n del Siglo, por la primera fecha del Torneo Apertura 2020. Los goles fueron convertidos por Xisco Jim\u00e9nez y Jes\u00fas Trindade. En lo que signific\u00f3 el debut de Diego Forl\u00e1n como DT. No pudieron hacerse presentes Mat\u00edas Britos (desgarro en isquiotibiales), Math\u00edas Pintos (distensi\u00f3n en aductores), [&hellip;]<\/p>\n","protected":false},"author":3,"featured_media":73683,"comment_status":"open","ping_status":"closed","sticky":false,"template":"","format":"standard","meta":{"footnotes":""},"categories":[1],"tags":[],"yoast_head":"<!-- This site is optimized with the Yoast SEO plugin v23.2 - https:\/\/yoast.com\/wordpress\/plugins\/seo\/ -->\n<title>Triunfo ag\u00f3nico en el debut - Padre y Decano - El Sitio del Pueblo<\/title>\n<meta name=\"robots\" content=\"index, follow, max-snippet:-1, max-image-preview:large, max-video-preview:-1\" \/>\n<link rel=\"canonical\" href=\"https:\/\/www.padreydecano.com\/cms\/noticias\/triunfo-agonico-en-el-debut\/\" \/>\n<meta property=\"og:locale\" content=\"es_ES\" \/>\n<meta property=\"og:type\" content=\"article\" \/>\n<meta property=\"og:title\" content=\"Triunfo ag\u00f3nico en el debut - Padre y Decano - El Sitio del Pueblo\" \/>\n<meta property=\"og:description\" content=\"Pe\u00f1arol derrot\u00f3 2 a 1 a Cerro en el Campe\u00f3n del Siglo, por la primera fecha del Torneo Apertura 2020. Los goles fueron convertidos por Xisco Jim\u00e9nez y Jes\u00fas Trindade. En lo que signific\u00f3 el debut de Diego Forl\u00e1n como DT. No pudieron hacerse presentes Mat\u00edas Britos (desgarro en isquiotibiales), Math\u00edas Pintos (distensi\u00f3n en aductores), [&hellip;]\" \/>\n<meta property=\"og:url\" content=\"https:\/\/www.padreydecano.com\/cms\/noticias\/triunfo-agonico-en-el-debut\/\" \/>\n<meta property=\"og:site_name\" content=\"Padre y Decano - El Sitio del Pueblo\" \/>\n<meta property=\"article:published_time\" content=\"2020-02-16T03:20:50+00:00\" \/>\n<meta property=\"article:modified_time\" content=\"2020-02-21T18:36:50+00:00\" \/>\n<meta property=\"og:image\" content=\"https:\/\/www.padreydecano.com\/cms\/wp-content\/uploads\/2020\/02\/WhatsApp-Image-2020-02-15-at-6.46.23-PM.jpeg\" \/>\n\t<meta property=\"og:image:width\" content=\"1600\" \/>\n\t<meta property=\"og:image:height\" content=\"1066\" \/>\n\t<meta property=\"og:image:type\" content=\"image\/jpeg\" \/>\n<meta name=\"author\" content=\"1891\" \/>\n<meta name=\"twitter:card\" content=\"summary_large_image\" \/>\n<meta name=\"twitter:label1\" content=\"Escrito por\" \/>\n\t<meta name=\"twitter:data1\" content=\"1891\" \/>\n\t<meta name=\"twitter:label2\" content=\"Tiempo de lectura\" \/>\n\t<meta name=\"twitter:data2\" content=\"2 minutos\" \/>\n<script type=\"application\/ld+json\" class=\"yoast-schema-graph\">{\"@context\":\"https:\/\/schema.org\",\"@graph\":[{\"@type\":\"Article\",\"@id\":\"https:\/\/www.padreydecano.com\/cms\/noticias\/triunfo-agonico-en-el-debut\/#article\",\"isPartOf\":{\"@id\":\"https:\/\/www.padreydecano.com\/cms\/noticias\/triunfo-agonico-en-el-debut\/\"},\"author\":{\"name\":\"1891\",\"@id\":\"https:\/\/www.padreydecano.com\/cms\/#\/schema\/person\/5607c72c38a1537a151b24d1e67535e0\"},\"headline\":\"Triunfo ag\u00f3nico en el debut\",\"datePublished\":\"2020-02-16T03:20:50+00:00\",\"dateModified\":\"2020-02-21T18:36:50+00:00\",\"mainEntityOfPage\":{\"@id\":\"https:\/\/www.padreydecano.com\/cms\/noticias\/triunfo-agonico-en-el-debut\/\"},\"wordCount\":476,\"commentCount\":107,\"publisher\":{\"@id\":\"https:\/\/www.padreydecano.com\/cms\/#organization\"},\"image\":{\"@id\":\"https:\/\/www.padreydecano.com\/cms\/noticias\/triunfo-agonico-en-el-debut\/#primaryimage\"},\"thumbnailUrl\":\"https:\/\/www.padreydecano.com\/cms\/wp-content\/uploads\/2020\/02\/WhatsApp-Image-2020-02-15-at-6.46.23-PM.jpeg\",\"articleSection\":[\"Noticias\"],\"inLanguage\":\"es\",\"potentialAction\":[{\"@type\":\"CommentAction\",\"name\":\"Comment\",\"target\":[\"https:\/\/www.padreydecano.com\/cms\/noticias\/triunfo-agonico-en-el-debut\/#respond\"]}]},{\"@type\":\"WebPage\",\"@id\":\"https:\/\/www.padreydecano.com\/cms\/noticias\/triunfo-agonico-en-el-debut\/\",\"url\":\"https:\/\/www.padreydecano.com\/cms\/noticias\/triunfo-agonico-en-el-debut\/\",\"name\":\"Triunfo ag\u00f3nico en el debut - Padre y Decano - El Sitio del Pueblo\",\"isPartOf\":{\"@id\":\"https:\/\/www.padreydecano.com\/cms\/#website\"},\"primaryImageOfPage\":{\"@id\":\"https:\/\/www.padreydecano.com\/cms\/noticias\/triunfo-agonico-en-el-debut\/#primaryimage\"},\"image\":{\"@id\":\"https:\/\/www.padreydecano.com\/cms\/noticias\/triunfo-agonico-en-el-debut\/#primaryimage\"},\"thumbnailUrl\":\"https:\/\/www.padreydecano.com\/cms\/wp-content\/uploads\/2020\/02\/WhatsApp-Image-2020-02-15-at-6.46.23-PM.jpeg\",\"datePublished\":\"2020-02-16T03:20:50+00:00\",\"dateModified\":\"2020-02-21T18:36:50+00:00\",\"breadcrumb\":{\"@id\":\"https:\/\/www.padreydecano.com\/cms\/noticias\/triunfo-agonico-en-el-debut\/#breadcrumb\"},\"inLanguage\":\"es\",\"potentialAction\":[{\"@type\":\"ReadAction\",\"target\":[\"https:\/\/www.padreydecano.com\/cms\/noticias\/triunfo-agonico-en-el-debut\/\"]}]},{\"@type\":\"ImageObject\",\"inLanguage\":\"es\",\"@id\":\"https:\/\/www.padreydecano.com\/cms\/noticias\/triunfo-agonico-en-el-debut\/#primaryimage\",\"url\":\"https:\/\/www.padreydecano.com\/cms\/wp-content\/uploads\/2020\/02\/WhatsApp-Image-2020-02-15-at-6.46.23-PM.jpeg\",\"contentUrl\":\"https:\/\/www.padreydecano.com\/cms\/wp-content\/uploads\/2020\/02\/WhatsApp-Image-2020-02-15-at-6.46.23-PM.jpeg\",\"width\":1600,\"height\":1066},{\"@type\":\"BreadcrumbList\",\"@id\":\"https:\/\/www.padreydecano.com\/cms\/noticias\/triunfo-agonico-en-el-debut\/#breadcrumb\",\"itemListElement\":[{\"@type\":\"ListItem\",\"position\":1,\"name\":\"Portada\",\"item\":\"https:\/\/www.padreydecano.com\/cms\/\"},{\"@type\":\"ListItem\",\"position\":2,\"name\":\"Triunfo ag\u00f3nico en el debut\"}]},{\"@type\":\"WebSite\",\"@id\":\"https:\/\/www.padreydecano.com\/cms\/#website\",\"url\":\"https:\/\/www.padreydecano.com\/cms\/\",\"name\":\"Padre y Decano - El Sitio del Pueblo\",\"description\":\"Club Atl\u00e9tico Pe\u00f1arol\",\"publisher\":{\"@id\":\"https:\/\/www.padreydecano.com\/cms\/#organization\"},\"potentialAction\":[{\"@type\":\"SearchAction\",\"target\":{\"@type\":\"EntryPoint\",\"urlTemplate\":\"https:\/\/www.padreydecano.com\/cms\/?s={search_term_string}\"},\"query-input\":\"required name=search_term_string\"}],\"inLanguage\":\"es\"},{\"@type\":\"Organization\",\"@id\":\"https:\/\/www.padreydecano.com\/cms\/#organization\",\"name\":\"Padre y Decano\",\"url\":\"https:\/\/www.padreydecano.com\/cms\/\",\"logo\":{\"@type\":\"ImageObject\",\"inLanguage\":\"es\",\"@id\":\"https:\/\/www.padreydecano.com\/cms\/#\/schema\/logo\/image\/\",\"url\":\"https:\/\/www.padreydecano.com\/cms\/wp-content\/uploads\/2022\/01\/avatar-square.png\",\"contentUrl\":\"https:\/\/www.padreydecano.com\/cms\/wp-content\/uploads\/2022\/01\/avatar-square.png\",\"width\":1500,\"height\":1500,\"caption\":\"Padre y Decano\"},\"image\":{\"@id\":\"https:\/\/www.padreydecano.com\/cms\/#\/schema\/logo\/image\/\"}},{\"@type\":\"Person\",\"@id\":\"https:\/\/www.padreydecano.com\/cms\/#\/schema\/person\/5607c72c38a1537a151b24d1e67535e0\",\"name\":\"1891\",\"image\":{\"@type\":\"ImageObject\",\"inLanguage\":\"es\",\"@id\":\"https:\/\/www.padreydecano.com\/cms\/#\/schema\/person\/image\/\",\"url\":\"https:\/\/secure.gravatar.com\/avatar\/29d4d1b0d523a21898e8cf9585d259d3?s=96&d=https%3A%2F%2Fpadreydecano.com%2Fcms%2Fwp-content%2Fthemes%2Fpyd-theme%2Fimg%2Fdefault-avatar.png&r=g\",\"contentUrl\":\"https:\/\/secure.gravatar.com\/avatar\/29d4d1b0d523a21898e8cf9585d259d3?s=96&d=https%3A%2F%2Fpadreydecano.com%2Fcms%2Fwp-content%2Fthemes%2Fpyd-theme%2Fimg%2Fdefault-avatar.png&r=g\",\"caption\":\"1891\"}}]}<\/script>\n<!-- \/ Yoast SEO plugin. -->","yoast_head_json":{"title":"Triunfo ag\u00f3nico en el debut - Padre y Decano - El Sitio del Pueblo","robots":{"index":"index","follow":"follow","max-snippet":"max-snippet:-1","max-image-preview":"max-image-preview:large","max-video-preview":"max-video-preview:-1"},"canonical":"https:\/\/www.padreydecano.com\/cms\/noticias\/triunfo-agonico-en-el-debut\/","og_locale":"es_ES","og_type":"article","og_title":"Triunfo ag\u00f3nico en el debut - Padre y Decano - El Sitio del Pueblo","og_description":"Pe\u00f1arol derrot\u00f3 2 a 1 a Cerro en el Campe\u00f3n del Siglo, por la primera fecha del Torneo Apertura 2020. Los goles fueron convertidos por Xisco Jim\u00e9nez y Jes\u00fas Trindade. En lo que signific\u00f3 el debut de Diego Forl\u00e1n como DT. No pudieron hacerse presentes Mat\u00edas Britos (desgarro en isquiotibiales), Math\u00edas Pintos (distensi\u00f3n en aductores), [&hellip;]","og_url":"https:\/\/www.padreydecano.com\/cms\/noticias\/triunfo-agonico-en-el-debut\/","og_site_name":"Padre y Decano - El Sitio del Pueblo","article_published_time":"2020-02-16T03:20:50+00:00","article_modified_time":"2020-02-21T18:36:50+00:00","og_image":[{"width":1600,"height":1066,"url":"https:\/\/www.padreydecano.com\/cms\/wp-content\/uploads\/2020\/02\/WhatsApp-Image-2020-02-15-at-6.46.23-PM.jpeg","type":"image\/jpeg"}],"author":"1891","twitter_card":"summary_large_image","twitter_misc":{"Escrito por":"1891","Tiempo de lectura":"2 minutos"},"schema":{"@context":"https:\/\/schema.org","@graph":[{"@type":"Article","@id":"https:\/\/www.padreydecano.com\/cms\/noticias\/triunfo-agonico-en-el-debut\/#article","isPartOf":{"@id":"https:\/\/www.padreydecano.com\/cms\/noticias\/triunfo-agonico-en-el-debut\/"},"author":{"name":"1891","@id":"https:\/\/www.padreydecano.com\/cms\/#\/schema\/person\/5607c72c38a1537a151b24d1e67535e0"},"headline":"Triunfo ag\u00f3nico en el debut","datePublished":"2020-02-16T03:20:50+00:00","dateModified":"2020-02-21T18:36:50+00:00","mainEntityOfPage":{"@id":"https:\/\/www.padreydecano.com\/cms\/noticias\/triunfo-agonico-en-el-debut\/"},"wordCount":476,"commentCount":107,"publisher":{"@id":"https:\/\/www.padreydecano.com\/cms\/#organization"},"image":{"@id":"https:\/\/www.padreydecano.com\/cms\/noticias\/triunfo-agonico-en-el-debut\/#primaryimage"},"thumbnailUrl":"https:\/\/www.padreydecano.com\/cms\/wp-content\/uploads\/2020\/02\/WhatsApp-Image-2020-02-15-at-6.46.23-PM.jpeg","articleSection":["Noticias"],"inLanguage":"es","potentialAction":[{"@type":"CommentAction","name":"Comment","target":["https:\/\/www.padreydecano.com\/cms\/noticias\/triunfo-agonico-en-el-debut\/#respond"]}]},{"@type":"WebPage","@id":"https:\/\/www.padreydecano.com\/cms\/noticias\/triunfo-agonico-en-el-debut\/","url":"https:\/\/www.padreydecano.com\/cms\/noticias\/triunfo-agonico-en-el-debut\/","name":"Triunfo ag\u00f3nico en el debut - Padre y Decano - El Sitio del Pueblo","isPartOf":{"@id":"https:\/\/www.padreydecano.com\/cms\/#website"},"primaryImageOfPage":{"@id":"https:\/\/www.padreydecano.com\/cms\/noticias\/triunfo-agonico-en-el-debut\/#primaryimage"},"image":{"@id":"https:\/\/www.padreydecano.com\/cms\/noticias\/triunfo-agonico-en-el-debut\/#primaryimage"},"thumbnailUrl":"https:\/\/www.padreydecano.com\/cms\/wp-content\/uploads\/2020\/02\/WhatsApp-Image-2020-02-15-at-6.46.23-PM.jpeg","datePublished":"2020-02-16T03:20:50+00:00","dateModified":"2020-02-21T18:36:50+00:00","breadcrumb":{"@id":"https:\/\/www.padreydecano.com\/cms\/noticias\/triunfo-agonico-en-el-debut\/#breadcrumb"},"inLanguage":"es","potentialAction":[{"@type":"ReadAction","target":["https:\/\/www.padreydecano.com\/cms\/noticias\/triunfo-agonico-en-el-debut\/"]}]},{"@type":"ImageObject","inLanguage":"es","@id":"https:\/\/www.padreydecano.com\/cms\/noticias\/triunfo-agonico-en-el-debut\/#primaryimage","url":"https:\/\/www.padreydecano.com\/cms\/wp-content\/uploads\/2020\/02\/WhatsApp-Image-2020-02-15-at-6.46.23-PM.jpeg","contentUrl":"https:\/\/www.padreydecano.com\/cms\/wp-content\/uploads\/2020\/02\/WhatsApp-Image-2020-02-15-at-6.46.23-PM.jpeg","width":1600,"height":1066},{"@type":"BreadcrumbList","@id":"https:\/\/www.padreydecano.com\/cms\/noticias\/triunfo-agonico-en-el-debut\/#breadcrumb","itemListElement":[{"@type":"ListItem","position":1,"name":"Portada","item":"https:\/\/www.padreydecano.com\/cms\/"},{"@type":"ListItem","position":2,"name":"Triunfo ag\u00f3nico en el debut"}]},{"@type":"WebSite","@id":"https:\/\/www.padreydecano.com\/cms\/#website","url":"https:\/\/www.padreydecano.com\/cms\/","name":"Padre y Decano - El Sitio del Pueblo","description":"Club Atl\u00e9tico Pe\u00f1arol","publisher":{"@id":"https:\/\/www.padreydecano.com\/cms\/#organization"},"potentialAction":[{"@type":"SearchAction","target":{"@type":"EntryPoint","urlTemplate":"https:\/\/www.padreydecano.com\/cms\/?s={search_term_string}"},"query-input":"required name=search_term_string"}],"inLanguage":"es"},{"@type":"Organization","@id":"https:\/\/www.padreydecano.com\/cms\/#organization","name":"Padre y Decano","url":"https:\/\/www.padreydecano.com\/cms\/","logo":{"@type":"ImageObject","inLanguage":"es","@id":"https:\/\/www.padreydecano.com\/cms\/#\/schema\/logo\/image\/","url":"https:\/\/www.padreydecano.com\/cms\/wp-content\/uploads\/2022\/01\/avatar-square.png","contentUrl":"https:\/\/www.padreydecano.com\/cms\/wp-content\/uploads\/2022\/01\/avatar-square.png","width":1500,"height":1500,"caption":"Padre y Decano"},"image":{"@id":"https:\/\/www.padreydecano.com\/cms\/#\/schema\/logo\/image\/"}},{"@type":"Person","@id":"https:\/\/www.padreydecano.com\/cms\/#\/schema\/person\/5607c72c38a1537a151b24d1e67535e0","name":"1891","image":{"@type":"ImageObject","inLanguage":"es","@id":"https:\/\/www.padreydecano.com\/cms\/#\/schema\/person\/image\/","url":"https:\/\/secure.gravatar.com\/avatar\/29d4d1b0d523a21898e8cf9585d259d3?s=96&d=https%3A%2F%2Fpadreydecano.com%2Fcms%2Fwp-content%2Fthemes%2Fpyd-theme%2Fimg%2Fdefault-avatar.png&r=g","contentUrl":"https:\/\/secure.gravatar.com\/avatar\/29d4d1b0d523a21898e8cf9585d259d3?s=96&d=https%3A%2F%2Fpadreydecano.com%2Fcms%2Fwp-content%2Fthemes%2Fpyd-theme%2Fimg%2Fdefault-avatar.png&r=g","caption":"1891"}}]}},"_links":{"self":[{"href":"https:\/\/www.padreydecano.com\/cms\/wp-json\/wp\/v2\/posts\/73682"}],"collection":[{"href":"https:\/\/www.padreydecano.com\/cms\/wp-json\/wp\/v2\/posts"}],"about":[{"href":"https:\/\/www.padreydecano.com\/cms\/wp-json\/wp\/v2\/types\/post"}],"author":[{"embeddable":true,"href":"https:\/\/www.padreydecano.com\/cms\/wp-json\/wp\/v2\/users\/3"}],"replies":[{"embeddable":true,"href":"https:\/\/www.padreydecano.com\/cms\/wp-json\/wp\/v2\/comments?post=73682"}],"version-history":[{"count":0,"href":"https:\/\/www.padreydecano.com\/cms\/wp-json\/wp\/v2\/posts\/73682\/revisions"}],"wp:featuredmedia":[{"embeddable":true,"href":"https:\/\/www.padreydecano.com\/cms\/wp-json\/wp\/v2\/media\/73683"}],"wp:attachment":[{"href":"https:\/\/www.padreydecano.com\/cms\/wp-json\/wp\/v2\/media?parent=73682"}],"wp:term":[{"taxonomy":"category","embeddable":true,"href":"https:\/\/www.padreydecano.com\/cms\/wp-json\/wp\/v2\/categories?post=73682"},{"taxonomy":"post_tag","embeddable":true,"href":"https:\/\/www.padreydecano.com\/cms\/wp-json\/wp\/v2\/tags?post=73682"}],"curies":[{"name":"wp","href":"https:\/\/api.w.org\/{rel}","templated":true}]}}