{"id":73607,"date":"2020-02-06T08:41:23","date_gmt":"2020-02-06T11:41:23","guid":{"rendered":"http:\/\/www.padreydecano.com\/cms\/?p=73607"},"modified":"2020-02-06T08:41:23","modified_gmt":"2020-02-06T11:41:23","slug":"libertad-para-dos-de-los-hinchas-detenidos-en-rio","status":"publish","type":"post","link":"https:\/\/www.padreydecano.com\/cms\/noticias\/libertad-para-dos-de-los-hinchas-detenidos-en-rio\/","title":{"rendered":"Libertad para dos de los hinchas detenidos en R\u00edo"},"content":{"rendered":"<p><a href=\"https:\/\/www.padreydecano.com\/cms\/wp-content\/uploads\/2020\/02\/IMG_7631.jpg\" rel=\"shadowbox[sbpost-73607];player=img;\"><img loading=\"lazy\" decoding=\"async\" class=\"aligncenter size-full wp-image-73608\" src=\"https:\/\/www.padreydecano.com\/cms\/wp-content\/uploads\/2020\/02\/IMG_7631.jpg\" alt=\"\" width=\"2436\" height=\"1624\" srcset=\"https:\/\/www.padreydecano.com\/cms\/wp-content\/uploads\/2020\/02\/IMG_7631.jpg 2436w, https:\/\/www.padreydecano.com\/cms\/wp-content\/uploads\/2020\/02\/IMG_7631-600x400.jpg 600w, https:\/\/www.padreydecano.com\/cms\/wp-content\/uploads\/2020\/02\/IMG_7631-768x512.jpg 768w, https:\/\/www.padreydecano.com\/cms\/wp-content\/uploads\/2020\/02\/IMG_7631-1024x683.jpg 1024w\" sizes=\"(max-width: 2436px) 100vw, 2436px\" \/><\/a><\/p>\n<p style=\"text-align: justify;\"><strong>Fueron liberados dos de los tres hinchas de Pe\u00f1arol detenidos desde abril del a\u00f1o pasado en R\u00edo de Janeiro, luego de los incidentes entre parciales previo al encuentro entre el aurinegro y Flamengo.<\/strong><\/p>\n<p style=\"text-align: justify;\">El 3 de abril de 2019 el Decano venci\u00f3 al club m\u00e1s popular de Brasil 1 a 0 con gol de Lucas Viatri. Fue un triunfo muy importante del equipo que dirig\u00eda Diego L\u00f3pez; pero en la previa, parciales de Flamengo pasaron por el punto de encuentro de los fan\u00e1ticos mirasoles. Alguna provocaci\u00f3n de los brasile\u00f1os provoc\u00f3 una escaramuza.<\/p>\n<p style=\"text-align: justify;\">En los incidentes un hincha de Flamengo result\u00f3 gravemente lesionado. La polic\u00eda detuvo a tres hinchas de Pe\u00f1arol que fueron retenidos en Brasil. Ah\u00ed comenz\u00f3 la odisea de tres muchachos inocentes, culpados sin pruebas. Hubo muchos hinchas que se preocuparon por la situaci\u00f3n de los j\u00f3venes que debieron permanecer en tierras norte\u00f1as.<\/p>\n<p style=\"text-align: justify;\">Llamadas al consulado, idas y vueltas en tribunales, intentar que el juez de Brasil se apurara en tomar el caso, hizo que los tres detenidos pasaran 10 meses de mucho nerviosismo. Muchos hinchas de Pe\u00f1arol y algunos dirigentes se movieron para que la justicia pudiese liberar a tres inocentes.<\/p>\n<p style=\"text-align: justify;\">Hoy Fernando y Dennis pudieron volver a Montevideo y reencontrarse con sus familias luego del calvario, fueron acusado de lesiones. Pero no hay una prueba que indique que agredieron al parcial brasile\u00f1o. Gianfranco es el hincha que sigue en R\u00edo de Janeiro, se lo acusa de ser autor de la agresi\u00f3n por salir en una filmaci\u00f3n con una botella en la mano.<\/p>\n<p style=\"text-align: justify;\">Como el agredido declar\u00f3 que fue atacado con una botella, los acusadores tienen la d\u00e9bil teor\u00eda que Gianfranco fue el agresor. <strong>No hay pruebas de que \u00e9l haya golpeado al hincha de Flamengo.<\/strong> En la trifulca muchos parciales tomaron botellas.<\/p>\n<p style=\"text-align: justify;\">Desde Uruguay contin\u00faan los esfuerzos de un grupo de hinchas de Pe\u00f1arol convencidos de la inocencia de tres j\u00f3venes injustamente acusados. Queda lograr el objetivo de liberar a Gianfranco al que quieren darle siete a\u00f1os de prisi\u00f3n domiciliaria.<\/p>\n<p style=\"text-align: justify;\">Es importante valorar el esfuerzo de las familias y allegados al Club en lograr la libertad de los tres inocentes. Tambi\u00e9n ser\u00eda bueno que no se juzgara p\u00fablicamente a los hinchas hasta que se demuestre una culpabilidad real.<\/p>\n<div class=\"user-wrapper\"><a class=\"userlink\" href=\"https:\/\/twitter.com\/wilsonmendez86\" target=\"_blank\"><figure><img decoding=\"async\" src=\"http:\/\/www.padreydecano.com\/cms\/wp-users-files\/postfirmas\/wilsonmendez86.jpg\" \/><\/figure><p class=\"user\"><strong>Wilson M&eacute;ndez<\/strong><br \/>@wilsonmendez86<\/p><\/a><\/div>\n","protected":false},"excerpt":{"rendered":"<p>Fueron liberados dos de los tres hinchas de Pe\u00f1arol detenidos desde abril del a\u00f1o pasado en R\u00edo de Janeiro, luego de los incidentes entre parciales previo al encuentro entre el aurinegro y Flamengo. El 3 de abril de 2019 el Decano venci\u00f3 al club m\u00e1s popular de Brasil 1 a 0 con gol de Lucas [&hellip;]<\/p>\n","protected":false},"author":5,"featured_media":73608,"comment_status":"open","ping_status":"closed","sticky":false,"template":"","format":"standard","meta":{"footnotes":""},"categories":[1,31],"tags":[],"yoast_head":"<!-- This site is optimized with the Yoast SEO plugin v23.2 - https:\/\/yoast.com\/wordpress\/plugins\/seo\/ -->\n<title>Libertad para dos de los hinchas detenidos en R\u00edo - Padre y Decano - El Sitio del Pueblo<\/title>\n<meta name=\"robots\" content=\"index, follow, max-snippet:-1, max-image-preview:large, max-video-preview:-1\" \/>\n<link rel=\"canonical\" href=\"https:\/\/www.padreydecano.com\/cms\/noticias\/libertad-para-dos-de-los-hinchas-detenidos-en-rio\/\" \/>\n<meta property=\"og:locale\" content=\"es_ES\" \/>\n<meta property=\"og:type\" content=\"article\" \/>\n<meta property=\"og:title\" content=\"Libertad para dos de los hinchas detenidos en R\u00edo - Padre y Decano - El Sitio del Pueblo\" \/>\n<meta property=\"og:description\" content=\"Fueron liberados dos de los tres hinchas de Pe\u00f1arol detenidos desde abril del a\u00f1o pasado en R\u00edo de Janeiro, luego de los incidentes entre parciales previo al encuentro entre el aurinegro y Flamengo. El 3 de abril de 2019 el Decano venci\u00f3 al club m\u00e1s popular de Brasil 1 a 0 con gol de Lucas [&hellip;]\" \/>\n<meta property=\"og:url\" content=\"https:\/\/www.padreydecano.com\/cms\/noticias\/libertad-para-dos-de-los-hinchas-detenidos-en-rio\/\" \/>\n<meta property=\"og:site_name\" content=\"Padre y Decano - El Sitio del Pueblo\" \/>\n<meta property=\"article:published_time\" content=\"2020-02-06T11:41:23+00:00\" \/>\n<meta property=\"og:image\" content=\"https:\/\/www.padreydecano.com\/cms\/wp-content\/uploads\/2020\/02\/IMG_7631.jpg\" \/>\n\t<meta property=\"og:image:width\" content=\"2436\" \/>\n\t<meta property=\"og:image:height\" content=\"1624\" \/>\n\t<meta property=\"og:image:type\" content=\"image\/jpeg\" \/>\n<meta name=\"author\" content=\"Emirona07\" \/>\n<meta name=\"twitter:card\" content=\"summary_large_image\" \/>\n<meta name=\"twitter:label1\" content=\"Escrito por\" \/>\n\t<meta name=\"twitter:data1\" content=\"Emirona07\" \/>\n\t<meta name=\"twitter:label2\" content=\"Tiempo de lectura\" \/>\n\t<meta name=\"twitter:data2\" content=\"2 minutos\" \/>\n<script type=\"application\/ld+json\" class=\"yoast-schema-graph\">{\"@context\":\"https:\/\/schema.org\",\"@graph\":[{\"@type\":\"Article\",\"@id\":\"https:\/\/www.padreydecano.com\/cms\/noticias\/libertad-para-dos-de-los-hinchas-detenidos-en-rio\/#article\",\"isPartOf\":{\"@id\":\"https:\/\/www.padreydecano.com\/cms\/noticias\/libertad-para-dos-de-los-hinchas-detenidos-en-rio\/\"},\"author\":{\"name\":\"Emirona07\",\"@id\":\"https:\/\/www.padreydecano.com\/cms\/#\/schema\/person\/51e0214db654d9624824b37c2838bb65\"},\"headline\":\"Libertad para dos de los hinchas detenidos en R\u00edo\",\"datePublished\":\"2020-02-06T11:41:23+00:00\",\"dateModified\":\"2020-02-06T11:41:23+00:00\",\"mainEntityOfPage\":{\"@id\":\"https:\/\/www.padreydecano.com\/cms\/noticias\/libertad-para-dos-de-los-hinchas-detenidos-en-rio\/\"},\"wordCount\":406,\"commentCount\":19,\"publisher\":{\"@id\":\"https:\/\/www.padreydecano.com\/cms\/#organization\"},\"image\":{\"@id\":\"https:\/\/www.padreydecano.com\/cms\/noticias\/libertad-para-dos-de-los-hinchas-detenidos-en-rio\/#primaryimage\"},\"thumbnailUrl\":\"https:\/\/www.padreydecano.com\/cms\/wp-content\/uploads\/2020\/02\/IMG_7631.jpg\",\"articleSection\":[\"Noticias\",\"Tribuna\"],\"inLanguage\":\"es\",\"potentialAction\":[{\"@type\":\"CommentAction\",\"name\":\"Comment\",\"target\":[\"https:\/\/www.padreydecano.com\/cms\/noticias\/libertad-para-dos-de-los-hinchas-detenidos-en-rio\/#respond\"]}]},{\"@type\":\"WebPage\",\"@id\":\"https:\/\/www.padreydecano.com\/cms\/noticias\/libertad-para-dos-de-los-hinchas-detenidos-en-rio\/\",\"url\":\"https:\/\/www.padreydecano.com\/cms\/noticias\/libertad-para-dos-de-los-hinchas-detenidos-en-rio\/\",\"name\":\"Libertad para dos de los hinchas detenidos en R\u00edo - Padre y Decano - El Sitio del Pueblo\",\"isPartOf\":{\"@id\":\"https:\/\/www.padreydecano.com\/cms\/#website\"},\"primaryImageOfPage\":{\"@id\":\"https:\/\/www.padreydecano.com\/cms\/noticias\/libertad-para-dos-de-los-hinchas-detenidos-en-rio\/#primaryimage\"},\"image\":{\"@id\":\"https:\/\/www.padreydecano.com\/cms\/noticias\/libertad-para-dos-de-los-hinchas-detenidos-en-rio\/#primaryimage\"},\"thumbnailUrl\":\"https:\/\/www.padreydecano.com\/cms\/wp-content\/uploads\/2020\/02\/IMG_7631.jpg\",\"datePublished\":\"2020-02-06T11:41:23+00:00\",\"dateModified\":\"2020-02-06T11:41:23+00:00\",\"breadcrumb\":{\"@id\":\"https:\/\/www.padreydecano.com\/cms\/noticias\/libertad-para-dos-de-los-hinchas-detenidos-en-rio\/#breadcrumb\"},\"inLanguage\":\"es\",\"potentialAction\":[{\"@type\":\"ReadAction\",\"target\":[\"https:\/\/www.padreydecano.com\/cms\/noticias\/libertad-para-dos-de-los-hinchas-detenidos-en-rio\/\"]}]},{\"@type\":\"ImageObject\",\"inLanguage\":\"es\",\"@id\":\"https:\/\/www.padreydecano.com\/cms\/noticias\/libertad-para-dos-de-los-hinchas-detenidos-en-rio\/#primaryimage\",\"url\":\"https:\/\/www.padreydecano.com\/cms\/wp-content\/uploads\/2020\/02\/IMG_7631.jpg\",\"contentUrl\":\"https:\/\/www.padreydecano.com\/cms\/wp-content\/uploads\/2020\/02\/IMG_7631.jpg\",\"width\":2436,\"height\":1624},{\"@type\":\"BreadcrumbList\",\"@id\":\"https:\/\/www.padreydecano.com\/cms\/noticias\/libertad-para-dos-de-los-hinchas-detenidos-en-rio\/#breadcrumb\",\"itemListElement\":[{\"@type\":\"ListItem\",\"position\":1,\"name\":\"Portada\",\"item\":\"https:\/\/www.padreydecano.com\/cms\/\"},{\"@type\":\"ListItem\",\"position\":2,\"name\":\"Libertad para dos de los hinchas detenidos en R\u00edo\"}]},{\"@type\":\"WebSite\",\"@id\":\"https:\/\/www.padreydecano.com\/cms\/#website\",\"url\":\"https:\/\/www.padreydecano.com\/cms\/\",\"name\":\"Padre y Decano - El Sitio del Pueblo\",\"description\":\"Club Atl\u00e9tico Pe\u00f1arol\",\"publisher\":{\"@id\":\"https:\/\/www.padreydecano.com\/cms\/#organization\"},\"potentialAction\":[{\"@type\":\"SearchAction\",\"target\":{\"@type\":\"EntryPoint\",\"urlTemplate\":\"https:\/\/www.padreydecano.com\/cms\/?s={search_term_string}\"},\"query-input\":\"required name=search_term_string\"}],\"inLanguage\":\"es\"},{\"@type\":\"Organization\",\"@id\":\"https:\/\/www.padreydecano.com\/cms\/#organization\",\"name\":\"Padre y Decano\",\"url\":\"https:\/\/www.padreydecano.com\/cms\/\",\"logo\":{\"@type\":\"ImageObject\",\"inLanguage\":\"es\",\"@id\":\"https:\/\/www.padreydecano.com\/cms\/#\/schema\/logo\/image\/\",\"url\":\"https:\/\/www.padreydecano.com\/cms\/wp-content\/uploads\/2022\/01\/avatar-square.png\",\"contentUrl\":\"https:\/\/www.padreydecano.com\/cms\/wp-content\/uploads\/2022\/01\/avatar-square.png\",\"width\":1500,\"height\":1500,\"caption\":\"Padre y Decano\"},\"image\":{\"@id\":\"https:\/\/www.padreydecano.com\/cms\/#\/schema\/logo\/image\/\"}},{\"@type\":\"Person\",\"@id\":\"https:\/\/www.padreydecano.com\/cms\/#\/schema\/person\/51e0214db654d9624824b37c2838bb65\",\"name\":\"Emirona07\",\"image\":{\"@type\":\"ImageObject\",\"inLanguage\":\"es\",\"@id\":\"https:\/\/www.padreydecano.com\/cms\/#\/schema\/person\/image\/\",\"url\":\"https:\/\/secure.gravatar.com\/avatar\/93c9118dbd5373a8a065bb5cdddde6bf?s=96&d=https%3A%2F%2Fpadreydecano.com%2Fcms%2Fwp-content%2Fthemes%2Fpyd-theme%2Fimg%2Fdefault-avatar.png&r=g\",\"contentUrl\":\"https:\/\/secure.gravatar.com\/avatar\/93c9118dbd5373a8a065bb5cdddde6bf?s=96&d=https%3A%2F%2Fpadreydecano.com%2Fcms%2Fwp-content%2Fthemes%2Fpyd-theme%2Fimg%2Fdefault-avatar.png&r=g\",\"caption\":\"Emirona07\"}}]}<\/script>\n<!-- \/ Yoast SEO plugin. -->","yoast_head_json":{"title":"Libertad para dos de los hinchas detenidos en R\u00edo - Padre y Decano - El Sitio del Pueblo","robots":{"index":"index","follow":"follow","max-snippet":"max-snippet:-1","max-image-preview":"max-image-preview:large","max-video-preview":"max-video-preview:-1"},"canonical":"https:\/\/www.padreydecano.com\/cms\/noticias\/libertad-para-dos-de-los-hinchas-detenidos-en-rio\/","og_locale":"es_ES","og_type":"article","og_title":"Libertad para dos de los hinchas detenidos en R\u00edo - Padre y Decano - El Sitio del Pueblo","og_description":"Fueron liberados dos de los tres hinchas de Pe\u00f1arol detenidos desde abril del a\u00f1o pasado en R\u00edo de Janeiro, luego de los incidentes entre parciales previo al encuentro entre el aurinegro y Flamengo. El 3 de abril de 2019 el Decano venci\u00f3 al club m\u00e1s popular de Brasil 1 a 0 con gol de Lucas [&hellip;]","og_url":"https:\/\/www.padreydecano.com\/cms\/noticias\/libertad-para-dos-de-los-hinchas-detenidos-en-rio\/","og_site_name":"Padre y Decano - El Sitio del Pueblo","article_published_time":"2020-02-06T11:41:23+00:00","og_image":[{"width":2436,"height":1624,"url":"https:\/\/www.padreydecano.com\/cms\/wp-content\/uploads\/2020\/02\/IMG_7631.jpg","type":"image\/jpeg"}],"author":"Emirona07","twitter_card":"summary_large_image","twitter_misc":{"Escrito por":"Emirona07","Tiempo de lectura":"2 minutos"},"schema":{"@context":"https:\/\/schema.org","@graph":[{"@type":"Article","@id":"https:\/\/www.padreydecano.com\/cms\/noticias\/libertad-para-dos-de-los-hinchas-detenidos-en-rio\/#article","isPartOf":{"@id":"https:\/\/www.padreydecano.com\/cms\/noticias\/libertad-para-dos-de-los-hinchas-detenidos-en-rio\/"},"author":{"name":"Emirona07","@id":"https:\/\/www.padreydecano.com\/cms\/#\/schema\/person\/51e0214db654d9624824b37c2838bb65"},"headline":"Libertad para dos de los hinchas detenidos en R\u00edo","datePublished":"2020-02-06T11:41:23+00:00","dateModified":"2020-02-06T11:41:23+00:00","mainEntityOfPage":{"@id":"https:\/\/www.padreydecano.com\/cms\/noticias\/libertad-para-dos-de-los-hinchas-detenidos-en-rio\/"},"wordCount":406,"commentCount":19,"publisher":{"@id":"https:\/\/www.padreydecano.com\/cms\/#organization"},"image":{"@id":"https:\/\/www.padreydecano.com\/cms\/noticias\/libertad-para-dos-de-los-hinchas-detenidos-en-rio\/#primaryimage"},"thumbnailUrl":"https:\/\/www.padreydecano.com\/cms\/wp-content\/uploads\/2020\/02\/IMG_7631.jpg","articleSection":["Noticias","Tribuna"],"inLanguage":"es","potentialAction":[{"@type":"CommentAction","name":"Comment","target":["https:\/\/www.padreydecano.com\/cms\/noticias\/libertad-para-dos-de-los-hinchas-detenidos-en-rio\/#respond"]}]},{"@type":"WebPage","@id":"https:\/\/www.padreydecano.com\/cms\/noticias\/libertad-para-dos-de-los-hinchas-detenidos-en-rio\/","url":"https:\/\/www.padreydecano.com\/cms\/noticias\/libertad-para-dos-de-los-hinchas-detenidos-en-rio\/","name":"Libertad para dos de los hinchas detenidos en R\u00edo - Padre y Decano - El Sitio del Pueblo","isPartOf":{"@id":"https:\/\/www.padreydecano.com\/cms\/#website"},"primaryImageOfPage":{"@id":"https:\/\/www.padreydecano.com\/cms\/noticias\/libertad-para-dos-de-los-hinchas-detenidos-en-rio\/#primaryimage"},"image":{"@id":"https:\/\/www.padreydecano.com\/cms\/noticias\/libertad-para-dos-de-los-hinchas-detenidos-en-rio\/#primaryimage"},"thumbnailUrl":"https:\/\/www.padreydecano.com\/cms\/wp-content\/uploads\/2020\/02\/IMG_7631.jpg","datePublished":"2020-02-06T11:41:23+00:00","dateModified":"2020-02-06T11:41:23+00:00","breadcrumb":{"@id":"https:\/\/www.padreydecano.com\/cms\/noticias\/libertad-para-dos-de-los-hinchas-detenidos-en-rio\/#breadcrumb"},"inLanguage":"es","potentialAction":[{"@type":"ReadAction","target":["https:\/\/www.padreydecano.com\/cms\/noticias\/libertad-para-dos-de-los-hinchas-detenidos-en-rio\/"]}]},{"@type":"ImageObject","inLanguage":"es","@id":"https:\/\/www.padreydecano.com\/cms\/noticias\/libertad-para-dos-de-los-hinchas-detenidos-en-rio\/#primaryimage","url":"https:\/\/www.padreydecano.com\/cms\/wp-content\/uploads\/2020\/02\/IMG_7631.jpg","contentUrl":"https:\/\/www.padreydecano.com\/cms\/wp-content\/uploads\/2020\/02\/IMG_7631.jpg","width":2436,"height":1624},{"@type":"BreadcrumbList","@id":"https:\/\/www.padreydecano.com\/cms\/noticias\/libertad-para-dos-de-los-hinchas-detenidos-en-rio\/#breadcrumb","itemListElement":[{"@type":"ListItem","position":1,"name":"Portada","item":"https:\/\/www.padreydecano.com\/cms\/"},{"@type":"ListItem","position":2,"name":"Libertad para dos de los hinchas detenidos en R\u00edo"}]},{"@type":"WebSite","@id":"https:\/\/www.padreydecano.com\/cms\/#website","url":"https:\/\/www.padreydecano.com\/cms\/","name":"Padre y Decano - El Sitio del Pueblo","description":"Club Atl\u00e9tico Pe\u00f1arol","publisher":{"@id":"https:\/\/www.padreydecano.com\/cms\/#organization"},"potentialAction":[{"@type":"SearchAction","target":{"@type":"EntryPoint","urlTemplate":"https:\/\/www.padreydecano.com\/cms\/?s={search_term_string}"},"query-input":"required name=search_term_string"}],"inLanguage":"es"},{"@type":"Organization","@id":"https:\/\/www.padreydecano.com\/cms\/#organization","name":"Padre y Decano","url":"https:\/\/www.padreydecano.com\/cms\/","logo":{"@type":"ImageObject","inLanguage":"es","@id":"https:\/\/www.padreydecano.com\/cms\/#\/schema\/logo\/image\/","url":"https:\/\/www.padreydecano.com\/cms\/wp-content\/uploads\/2022\/01\/avatar-square.png","contentUrl":"https:\/\/www.padreydecano.com\/cms\/wp-content\/uploads\/2022\/01\/avatar-square.png","width":1500,"height":1500,"caption":"Padre y Decano"},"image":{"@id":"https:\/\/www.padreydecano.com\/cms\/#\/schema\/logo\/image\/"}},{"@type":"Person","@id":"https:\/\/www.padreydecano.com\/cms\/#\/schema\/person\/51e0214db654d9624824b37c2838bb65","name":"Emirona07","image":{"@type":"ImageObject","inLanguage":"es","@id":"https:\/\/www.padreydecano.com\/cms\/#\/schema\/person\/image\/","url":"https:\/\/secure.gravatar.com\/avatar\/93c9118dbd5373a8a065bb5cdddde6bf?s=96&d=https%3A%2F%2Fpadreydecano.com%2Fcms%2Fwp-content%2Fthemes%2Fpyd-theme%2Fimg%2Fdefault-avatar.png&r=g","contentUrl":"https:\/\/secure.gravatar.com\/avatar\/93c9118dbd5373a8a065bb5cdddde6bf?s=96&d=https%3A%2F%2Fpadreydecano.com%2Fcms%2Fwp-content%2Fthemes%2Fpyd-theme%2Fimg%2Fdefault-avatar.png&r=g","caption":"Emirona07"}}]}},"_links":{"self":[{"href":"https:\/\/www.padreydecano.com\/cms\/wp-json\/wp\/v2\/posts\/73607"}],"collection":[{"href":"https:\/\/www.padreydecano.com\/cms\/wp-json\/wp\/v2\/posts"}],"about":[{"href":"https:\/\/www.padreydecano.com\/cms\/wp-json\/wp\/v2\/types\/post"}],"author":[{"embeddable":true,"href":"https:\/\/www.padreydecano.com\/cms\/wp-json\/wp\/v2\/users\/5"}],"replies":[{"embeddable":true,"href":"https:\/\/www.padreydecano.com\/cms\/wp-json\/wp\/v2\/comments?post=73607"}],"version-history":[{"count":0,"href":"https:\/\/www.padreydecano.com\/cms\/wp-json\/wp\/v2\/posts\/73607\/revisions"}],"wp:featuredmedia":[{"embeddable":true,"href":"https:\/\/www.padreydecano.com\/cms\/wp-json\/wp\/v2\/media\/73608"}],"wp:attachment":[{"href":"https:\/\/www.padreydecano.com\/cms\/wp-json\/wp\/v2\/media?parent=73607"}],"wp:term":[{"taxonomy":"category","embeddable":true,"href":"https:\/\/www.padreydecano.com\/cms\/wp-json\/wp\/v2\/categories?post=73607"},{"taxonomy":"post_tag","embeddable":true,"href":"https:\/\/www.padreydecano.com\/cms\/wp-json\/wp\/v2\/tags?post=73607"}],"curies":[{"name":"wp","href":"https:\/\/api.w.org\/{rel}","templated":true}]}}