{"id":73461,"date":"2020-01-21T17:37:38","date_gmt":"2020-01-21T20:37:38","guid":{"rendered":"http:\/\/www.padreydecano.com\/cms\/?p=73461"},"modified":"2020-01-30T15:21:47","modified_gmt":"2020-01-30T18:21:47","slug":"penarol-enfrentara-a-belgrano-en-el-campeon-del-siglo","status":"publish","type":"post","link":"https:\/\/www.padreydecano.com\/cms\/noticias\/penarol-enfrentara-a-belgrano-en-el-campeon-del-siglo\/","title":{"rendered":"Pe\u00f1arol enfrentar\u00e1 a Belgrano en el Campe\u00f3n del Siglo"},"content":{"rendered":"<p><img loading=\"lazy\" decoding=\"async\" class=\"aligncenter size-full wp-image-73463\" src=\"https:\/\/www.padreydecano.com\/cms\/wp-content\/uploads\/2020\/01\/WhatsApp-Image-2020-01-21-at-5.42.26-PM.jpeg\" alt=\"\" width=\"1100\" height=\"729\" srcset=\"https:\/\/www.padreydecano.com\/cms\/wp-content\/uploads\/2020\/01\/WhatsApp-Image-2020-01-21-at-5.42.26-PM.jpeg 1100w, https:\/\/www.padreydecano.com\/cms\/wp-content\/uploads\/2020\/01\/WhatsApp-Image-2020-01-21-at-5.42.26-PM-600x398.jpeg 600w, https:\/\/www.padreydecano.com\/cms\/wp-content\/uploads\/2020\/01\/WhatsApp-Image-2020-01-21-at-5.42.26-PM-768x509.jpeg 768w, https:\/\/www.padreydecano.com\/cms\/wp-content\/uploads\/2020\/01\/WhatsApp-Image-2020-01-21-at-5.42.26-PM-1024x679.jpeg 1024w\" sizes=\"(max-width: 1100px) 100vw, 1100px\" \/><\/p>\n<p style=\"text-align: justify;\"><strong>El decano del f\u00fatbol uruguayo presentar\u00e1 su plantel para la temporada 2020. Lo har\u00e1 el viernes 31 de enero en un amistoso internacional ante Belgrano de C\u00f3rdoba, en el Estadio Campe\u00f3n del Siglo.<\/strong><\/p>\n<p style=\"text-align: justify;\">Habr\u00e1 show de m\u00fasica, presentaci\u00f3n del plantel principal, el partido y m\u00e1s. El evento comenzar\u00e1 a las 19 horas,\u00a0 y el encuentro ser\u00e1 a las 20.30.<\/p>\n<p style=\"text-align: justify;\"><span style=\"color: #ffcc00;\"><strong>Venta de entradas<\/strong><\/span><\/p>\n<p style=\"text-align: justify;\">La venta comenzar\u00e1 el mi\u00e9rcoles 22 para socios, y el lunes 27 se habilitar\u00e1n las entradas generales. Se podr\u00e1n adquirir en los locales de Redpagos o por la web de Tickantel.<\/p>\n<p style=\"text-align: justify;\"><strong>Tribuna Cataldi:<\/strong>\u00a0Socios: $ 100 \/\u00a0Generales: $ 200.<\/p>\n<p style=\"text-align: justify;\"><strong>Tribuna Guelfi:\u00a0<\/strong>Socios: $ 100 \/\u00a0Generales: $ 100.<\/p>\n<p style=\"text-align: justify;\"><strong>Tribuna Damiani:\u00a0<\/strong>Socios: $ 100 \/\u00a0Generales: $ 250.<\/p>\n<p style=\"text-align: justify;\"><strong>Tribuna Henderson:<\/strong>\u00a0Socios: $ 200 \/ Generales: $ 500.<\/p>\n<p style=\"text-align: justify;\">Palquistas y butaquistas ingresan gratis canjeando su entrada previamente en la app o ingresando directamente, dependiendo si poseen carnet gen\u00e9rico o el de socio.<\/p>\n<p style=\"text-align: justify;\"><span style=\"color: #ffcc00;\"><strong>Camiseta<\/strong><\/span><\/p>\n<p style=\"text-align: justify;\">El combo de la entrada del partido + la camiseta nueva, tiene un valor de $ 2990. Se debe retirar en el Palacio Pe\u00f1arol.<\/p>\n<p style=\"text-align: justify;\"><strong>Aquellos que quieran adquirir este kit, cuentan con diferentes medios de pago:<\/strong><\/p>\n<ul style=\"text-align: justify;\">\n<li>VISA: 6 pagos en Redpagos y a trav\u00e9s de Tickantel.<\/li>\n<li>MASTER: 6 pagos, \u00fanicamente en Tickantel.<\/li>\n<li>OCA: 3 pagos en Redpagos y Tickantel.<\/li>\n<li>Con Mastercard BBVA de Pe\u00f1arol 10% menos (Se acredita en el estado de cuenta)<\/li>\n<\/ul>\n<p style=\"text-align: justify;\"><span style=\"color: #ffcc00;\"><strong>Visita<\/strong><\/span><\/p>\n<p style=\"text-align: justify;\">Los hinchas de Belgrano de C\u00f3rdoba ir\u00e1n a la puerta A de la Tribuna Guelfi, por $ 350.<\/p>\n<p style=\"text-align: justify;\"><div class=\"user-wrapper\"><a class=\"userlink\"href=\"https:\/\/twitter.com\/ftrucce18\" target=\"_blank\"><figure><img decoding=\"async\" src=\"http:\/\/www.padreydecano.com\/cms\/wp-users-files\/postfirmas\/ftrucce.jpg\" \/><\/figure><p class=\"user\"><strong>Franco Trucce<\/strong><br \/>@FTrucce18<\/p><\/a><\/div><\/p>\n","protected":false},"excerpt":{"rendered":"<p>El decano del f\u00fatbol uruguayo presentar\u00e1 su plantel para la temporada 2020. Lo har\u00e1 el viernes 31 de enero en un amistoso internacional ante Belgrano de C\u00f3rdoba, en el Estadio Campe\u00f3n del Siglo. Habr\u00e1 show de m\u00fasica, presentaci\u00f3n del plantel principal, el partido y m\u00e1s. El evento comenzar\u00e1 a las 19 horas,\u00a0 y el encuentro [&hellip;]<\/p>\n","protected":false},"author":3,"featured_media":73463,"comment_status":"open","ping_status":"closed","sticky":false,"template":"","format":"standard","meta":{"footnotes":""},"categories":[1],"tags":[],"yoast_head":"<!-- This site is optimized with the Yoast SEO plugin v23.2 - https:\/\/yoast.com\/wordpress\/plugins\/seo\/ -->\n<title>Pe\u00f1arol enfrentar\u00e1 a Belgrano en el Campe\u00f3n del Siglo - Padre y Decano - El Sitio del Pueblo<\/title>\n<meta name=\"robots\" content=\"index, follow, max-snippet:-1, max-image-preview:large, max-video-preview:-1\" \/>\n<link rel=\"canonical\" href=\"https:\/\/www.padreydecano.com\/cms\/noticias\/penarol-enfrentara-a-belgrano-en-el-campeon-del-siglo\/\" \/>\n<meta property=\"og:locale\" content=\"es_ES\" \/>\n<meta property=\"og:type\" content=\"article\" \/>\n<meta property=\"og:title\" content=\"Pe\u00f1arol enfrentar\u00e1 a Belgrano en el Campe\u00f3n del Siglo - Padre y Decano - El Sitio del Pueblo\" \/>\n<meta property=\"og:description\" content=\"El decano del f\u00fatbol uruguayo presentar\u00e1 su plantel para la temporada 2020. Lo har\u00e1 el viernes 31 de enero en un amistoso internacional ante Belgrano de C\u00f3rdoba, en el Estadio Campe\u00f3n del Siglo. Habr\u00e1 show de m\u00fasica, presentaci\u00f3n del plantel principal, el partido y m\u00e1s. El evento comenzar\u00e1 a las 19 horas,\u00a0 y el encuentro [&hellip;]\" \/>\n<meta property=\"og:url\" content=\"https:\/\/www.padreydecano.com\/cms\/noticias\/penarol-enfrentara-a-belgrano-en-el-campeon-del-siglo\/\" \/>\n<meta property=\"og:site_name\" content=\"Padre y Decano - El Sitio del Pueblo\" \/>\n<meta property=\"article:published_time\" content=\"2020-01-21T20:37:38+00:00\" \/>\n<meta property=\"article:modified_time\" content=\"2020-01-30T18:21:47+00:00\" \/>\n<meta property=\"og:image\" content=\"https:\/\/www.padreydecano.com\/cms\/wp-content\/uploads\/2020\/01\/WhatsApp-Image-2020-01-21-at-5.42.26-PM.jpeg\" \/>\n\t<meta property=\"og:image:width\" content=\"1100\" \/>\n\t<meta property=\"og:image:height\" content=\"729\" \/>\n\t<meta property=\"og:image:type\" content=\"image\/jpeg\" \/>\n<meta name=\"author\" content=\"1891\" \/>\n<meta name=\"twitter:card\" content=\"summary_large_image\" \/>\n<meta name=\"twitter:label1\" content=\"Escrito por\" \/>\n\t<meta name=\"twitter:data1\" content=\"1891\" \/>\n\t<meta name=\"twitter:label2\" content=\"Tiempo de lectura\" \/>\n\t<meta name=\"twitter:data2\" content=\"1 minuto\" \/>\n<script type=\"application\/ld+json\" class=\"yoast-schema-graph\">{\"@context\":\"https:\/\/schema.org\",\"@graph\":[{\"@type\":\"Article\",\"@id\":\"https:\/\/www.padreydecano.com\/cms\/noticias\/penarol-enfrentara-a-belgrano-en-el-campeon-del-siglo\/#article\",\"isPartOf\":{\"@id\":\"https:\/\/www.padreydecano.com\/cms\/noticias\/penarol-enfrentara-a-belgrano-en-el-campeon-del-siglo\/\"},\"author\":{\"name\":\"1891\",\"@id\":\"https:\/\/www.padreydecano.com\/cms\/#\/schema\/person\/5607c72c38a1537a151b24d1e67535e0\"},\"headline\":\"Pe\u00f1arol enfrentar\u00e1 a Belgrano en el Campe\u00f3n del Siglo\",\"datePublished\":\"2020-01-21T20:37:38+00:00\",\"dateModified\":\"2020-01-30T18:21:47+00:00\",\"mainEntityOfPage\":{\"@id\":\"https:\/\/www.padreydecano.com\/cms\/noticias\/penarol-enfrentara-a-belgrano-en-el-campeon-del-siglo\/\"},\"wordCount\":238,\"commentCount\":66,\"publisher\":{\"@id\":\"https:\/\/www.padreydecano.com\/cms\/#organization\"},\"image\":{\"@id\":\"https:\/\/www.padreydecano.com\/cms\/noticias\/penarol-enfrentara-a-belgrano-en-el-campeon-del-siglo\/#primaryimage\"},\"thumbnailUrl\":\"https:\/\/www.padreydecano.com\/cms\/wp-content\/uploads\/2020\/01\/WhatsApp-Image-2020-01-21-at-5.42.26-PM.jpeg\",\"articleSection\":[\"Noticias\"],\"inLanguage\":\"es\",\"potentialAction\":[{\"@type\":\"CommentAction\",\"name\":\"Comment\",\"target\":[\"https:\/\/www.padreydecano.com\/cms\/noticias\/penarol-enfrentara-a-belgrano-en-el-campeon-del-siglo\/#respond\"]}]},{\"@type\":\"WebPage\",\"@id\":\"https:\/\/www.padreydecano.com\/cms\/noticias\/penarol-enfrentara-a-belgrano-en-el-campeon-del-siglo\/\",\"url\":\"https:\/\/www.padreydecano.com\/cms\/noticias\/penarol-enfrentara-a-belgrano-en-el-campeon-del-siglo\/\",\"name\":\"Pe\u00f1arol enfrentar\u00e1 a Belgrano en el Campe\u00f3n del Siglo - Padre y Decano - El Sitio del Pueblo\",\"isPartOf\":{\"@id\":\"https:\/\/www.padreydecano.com\/cms\/#website\"},\"primaryImageOfPage\":{\"@id\":\"https:\/\/www.padreydecano.com\/cms\/noticias\/penarol-enfrentara-a-belgrano-en-el-campeon-del-siglo\/#primaryimage\"},\"image\":{\"@id\":\"https:\/\/www.padreydecano.com\/cms\/noticias\/penarol-enfrentara-a-belgrano-en-el-campeon-del-siglo\/#primaryimage\"},\"thumbnailUrl\":\"https:\/\/www.padreydecano.com\/cms\/wp-content\/uploads\/2020\/01\/WhatsApp-Image-2020-01-21-at-5.42.26-PM.jpeg\",\"datePublished\":\"2020-01-21T20:37:38+00:00\",\"dateModified\":\"2020-01-30T18:21:47+00:00\",\"breadcrumb\":{\"@id\":\"https:\/\/www.padreydecano.com\/cms\/noticias\/penarol-enfrentara-a-belgrano-en-el-campeon-del-siglo\/#breadcrumb\"},\"inLanguage\":\"es\",\"potentialAction\":[{\"@type\":\"ReadAction\",\"target\":[\"https:\/\/www.padreydecano.com\/cms\/noticias\/penarol-enfrentara-a-belgrano-en-el-campeon-del-siglo\/\"]}]},{\"@type\":\"ImageObject\",\"inLanguage\":\"es\",\"@id\":\"https:\/\/www.padreydecano.com\/cms\/noticias\/penarol-enfrentara-a-belgrano-en-el-campeon-del-siglo\/#primaryimage\",\"url\":\"https:\/\/www.padreydecano.com\/cms\/wp-content\/uploads\/2020\/01\/WhatsApp-Image-2020-01-21-at-5.42.26-PM.jpeg\",\"contentUrl\":\"https:\/\/www.padreydecano.com\/cms\/wp-content\/uploads\/2020\/01\/WhatsApp-Image-2020-01-21-at-5.42.26-PM.jpeg\",\"width\":1100,\"height\":729},{\"@type\":\"BreadcrumbList\",\"@id\":\"https:\/\/www.padreydecano.com\/cms\/noticias\/penarol-enfrentara-a-belgrano-en-el-campeon-del-siglo\/#breadcrumb\",\"itemListElement\":[{\"@type\":\"ListItem\",\"position\":1,\"name\":\"Portada\",\"item\":\"https:\/\/www.padreydecano.com\/cms\/\"},{\"@type\":\"ListItem\",\"position\":2,\"name\":\"Pe\u00f1arol enfrentar\u00e1 a Belgrano en el Campe\u00f3n del Siglo\"}]},{\"@type\":\"WebSite\",\"@id\":\"https:\/\/www.padreydecano.com\/cms\/#website\",\"url\":\"https:\/\/www.padreydecano.com\/cms\/\",\"name\":\"Padre y Decano - El Sitio del Pueblo\",\"description\":\"Club Atl\u00e9tico Pe\u00f1arol\",\"publisher\":{\"@id\":\"https:\/\/www.padreydecano.com\/cms\/#organization\"},\"potentialAction\":[{\"@type\":\"SearchAction\",\"target\":{\"@type\":\"EntryPoint\",\"urlTemplate\":\"https:\/\/www.padreydecano.com\/cms\/?s={search_term_string}\"},\"query-input\":\"required name=search_term_string\"}],\"inLanguage\":\"es\"},{\"@type\":\"Organization\",\"@id\":\"https:\/\/www.padreydecano.com\/cms\/#organization\",\"name\":\"Padre y Decano\",\"url\":\"https:\/\/www.padreydecano.com\/cms\/\",\"logo\":{\"@type\":\"ImageObject\",\"inLanguage\":\"es\",\"@id\":\"https:\/\/www.padreydecano.com\/cms\/#\/schema\/logo\/image\/\",\"url\":\"https:\/\/www.padreydecano.com\/cms\/wp-content\/uploads\/2022\/01\/avatar-square.png\",\"contentUrl\":\"https:\/\/www.padreydecano.com\/cms\/wp-content\/uploads\/2022\/01\/avatar-square.png\",\"width\":1500,\"height\":1500,\"caption\":\"Padre y Decano\"},\"image\":{\"@id\":\"https:\/\/www.padreydecano.com\/cms\/#\/schema\/logo\/image\/\"}},{\"@type\":\"Person\",\"@id\":\"https:\/\/www.padreydecano.com\/cms\/#\/schema\/person\/5607c72c38a1537a151b24d1e67535e0\",\"name\":\"1891\",\"image\":{\"@type\":\"ImageObject\",\"inLanguage\":\"es\",\"@id\":\"https:\/\/www.padreydecano.com\/cms\/#\/schema\/person\/image\/\",\"url\":\"https:\/\/secure.gravatar.com\/avatar\/29d4d1b0d523a21898e8cf9585d259d3?s=96&d=https%3A%2F%2Fpadreydecano.com%2Fcms%2Fwp-content%2Fthemes%2Fpyd-theme%2Fimg%2Fdefault-avatar.png&r=g\",\"contentUrl\":\"https:\/\/secure.gravatar.com\/avatar\/29d4d1b0d523a21898e8cf9585d259d3?s=96&d=https%3A%2F%2Fpadreydecano.com%2Fcms%2Fwp-content%2Fthemes%2Fpyd-theme%2Fimg%2Fdefault-avatar.png&r=g\",\"caption\":\"1891\"}}]}<\/script>\n<!-- \/ Yoast SEO plugin. -->","yoast_head_json":{"title":"Pe\u00f1arol enfrentar\u00e1 a Belgrano en el Campe\u00f3n del Siglo - Padre y Decano - El Sitio del Pueblo","robots":{"index":"index","follow":"follow","max-snippet":"max-snippet:-1","max-image-preview":"max-image-preview:large","max-video-preview":"max-video-preview:-1"},"canonical":"https:\/\/www.padreydecano.com\/cms\/noticias\/penarol-enfrentara-a-belgrano-en-el-campeon-del-siglo\/","og_locale":"es_ES","og_type":"article","og_title":"Pe\u00f1arol enfrentar\u00e1 a Belgrano en el Campe\u00f3n del Siglo - Padre y Decano - El Sitio del Pueblo","og_description":"El decano del f\u00fatbol uruguayo presentar\u00e1 su plantel para la temporada 2020. Lo har\u00e1 el viernes 31 de enero en un amistoso internacional ante Belgrano de C\u00f3rdoba, en el Estadio Campe\u00f3n del Siglo. Habr\u00e1 show de m\u00fasica, presentaci\u00f3n del plantel principal, el partido y m\u00e1s. El evento comenzar\u00e1 a las 19 horas,\u00a0 y el encuentro [&hellip;]","og_url":"https:\/\/www.padreydecano.com\/cms\/noticias\/penarol-enfrentara-a-belgrano-en-el-campeon-del-siglo\/","og_site_name":"Padre y Decano - El Sitio del Pueblo","article_published_time":"2020-01-21T20:37:38+00:00","article_modified_time":"2020-01-30T18:21:47+00:00","og_image":[{"width":1100,"height":729,"url":"https:\/\/www.padreydecano.com\/cms\/wp-content\/uploads\/2020\/01\/WhatsApp-Image-2020-01-21-at-5.42.26-PM.jpeg","type":"image\/jpeg"}],"author":"1891","twitter_card":"summary_large_image","twitter_misc":{"Escrito por":"1891","Tiempo de lectura":"1 minuto"},"schema":{"@context":"https:\/\/schema.org","@graph":[{"@type":"Article","@id":"https:\/\/www.padreydecano.com\/cms\/noticias\/penarol-enfrentara-a-belgrano-en-el-campeon-del-siglo\/#article","isPartOf":{"@id":"https:\/\/www.padreydecano.com\/cms\/noticias\/penarol-enfrentara-a-belgrano-en-el-campeon-del-siglo\/"},"author":{"name":"1891","@id":"https:\/\/www.padreydecano.com\/cms\/#\/schema\/person\/5607c72c38a1537a151b24d1e67535e0"},"headline":"Pe\u00f1arol enfrentar\u00e1 a Belgrano en el Campe\u00f3n del Siglo","datePublished":"2020-01-21T20:37:38+00:00","dateModified":"2020-01-30T18:21:47+00:00","mainEntityOfPage":{"@id":"https:\/\/www.padreydecano.com\/cms\/noticias\/penarol-enfrentara-a-belgrano-en-el-campeon-del-siglo\/"},"wordCount":238,"commentCount":66,"publisher":{"@id":"https:\/\/www.padreydecano.com\/cms\/#organization"},"image":{"@id":"https:\/\/www.padreydecano.com\/cms\/noticias\/penarol-enfrentara-a-belgrano-en-el-campeon-del-siglo\/#primaryimage"},"thumbnailUrl":"https:\/\/www.padreydecano.com\/cms\/wp-content\/uploads\/2020\/01\/WhatsApp-Image-2020-01-21-at-5.42.26-PM.jpeg","articleSection":["Noticias"],"inLanguage":"es","potentialAction":[{"@type":"CommentAction","name":"Comment","target":["https:\/\/www.padreydecano.com\/cms\/noticias\/penarol-enfrentara-a-belgrano-en-el-campeon-del-siglo\/#respond"]}]},{"@type":"WebPage","@id":"https:\/\/www.padreydecano.com\/cms\/noticias\/penarol-enfrentara-a-belgrano-en-el-campeon-del-siglo\/","url":"https:\/\/www.padreydecano.com\/cms\/noticias\/penarol-enfrentara-a-belgrano-en-el-campeon-del-siglo\/","name":"Pe\u00f1arol enfrentar\u00e1 a Belgrano en el Campe\u00f3n del Siglo - Padre y Decano - El Sitio del Pueblo","isPartOf":{"@id":"https:\/\/www.padreydecano.com\/cms\/#website"},"primaryImageOfPage":{"@id":"https:\/\/www.padreydecano.com\/cms\/noticias\/penarol-enfrentara-a-belgrano-en-el-campeon-del-siglo\/#primaryimage"},"image":{"@id":"https:\/\/www.padreydecano.com\/cms\/noticias\/penarol-enfrentara-a-belgrano-en-el-campeon-del-siglo\/#primaryimage"},"thumbnailUrl":"https:\/\/www.padreydecano.com\/cms\/wp-content\/uploads\/2020\/01\/WhatsApp-Image-2020-01-21-at-5.42.26-PM.jpeg","datePublished":"2020-01-21T20:37:38+00:00","dateModified":"2020-01-30T18:21:47+00:00","breadcrumb":{"@id":"https:\/\/www.padreydecano.com\/cms\/noticias\/penarol-enfrentara-a-belgrano-en-el-campeon-del-siglo\/#breadcrumb"},"inLanguage":"es","potentialAction":[{"@type":"ReadAction","target":["https:\/\/www.padreydecano.com\/cms\/noticias\/penarol-enfrentara-a-belgrano-en-el-campeon-del-siglo\/"]}]},{"@type":"ImageObject","inLanguage":"es","@id":"https:\/\/www.padreydecano.com\/cms\/noticias\/penarol-enfrentara-a-belgrano-en-el-campeon-del-siglo\/#primaryimage","url":"https:\/\/www.padreydecano.com\/cms\/wp-content\/uploads\/2020\/01\/WhatsApp-Image-2020-01-21-at-5.42.26-PM.jpeg","contentUrl":"https:\/\/www.padreydecano.com\/cms\/wp-content\/uploads\/2020\/01\/WhatsApp-Image-2020-01-21-at-5.42.26-PM.jpeg","width":1100,"height":729},{"@type":"BreadcrumbList","@id":"https:\/\/www.padreydecano.com\/cms\/noticias\/penarol-enfrentara-a-belgrano-en-el-campeon-del-siglo\/#breadcrumb","itemListElement":[{"@type":"ListItem","position":1,"name":"Portada","item":"https:\/\/www.padreydecano.com\/cms\/"},{"@type":"ListItem","position":2,"name":"Pe\u00f1arol enfrentar\u00e1 a Belgrano en el Campe\u00f3n del Siglo"}]},{"@type":"WebSite","@id":"https:\/\/www.padreydecano.com\/cms\/#website","url":"https:\/\/www.padreydecano.com\/cms\/","name":"Padre y Decano - El Sitio del Pueblo","description":"Club Atl\u00e9tico Pe\u00f1arol","publisher":{"@id":"https:\/\/www.padreydecano.com\/cms\/#organization"},"potentialAction":[{"@type":"SearchAction","target":{"@type":"EntryPoint","urlTemplate":"https:\/\/www.padreydecano.com\/cms\/?s={search_term_string}"},"query-input":"required name=search_term_string"}],"inLanguage":"es"},{"@type":"Organization","@id":"https:\/\/www.padreydecano.com\/cms\/#organization","name":"Padre y Decano","url":"https:\/\/www.padreydecano.com\/cms\/","logo":{"@type":"ImageObject","inLanguage":"es","@id":"https:\/\/www.padreydecano.com\/cms\/#\/schema\/logo\/image\/","url":"https:\/\/www.padreydecano.com\/cms\/wp-content\/uploads\/2022\/01\/avatar-square.png","contentUrl":"https:\/\/www.padreydecano.com\/cms\/wp-content\/uploads\/2022\/01\/avatar-square.png","width":1500,"height":1500,"caption":"Padre y Decano"},"image":{"@id":"https:\/\/www.padreydecano.com\/cms\/#\/schema\/logo\/image\/"}},{"@type":"Person","@id":"https:\/\/www.padreydecano.com\/cms\/#\/schema\/person\/5607c72c38a1537a151b24d1e67535e0","name":"1891","image":{"@type":"ImageObject","inLanguage":"es","@id":"https:\/\/www.padreydecano.com\/cms\/#\/schema\/person\/image\/","url":"https:\/\/secure.gravatar.com\/avatar\/29d4d1b0d523a21898e8cf9585d259d3?s=96&d=https%3A%2F%2Fpadreydecano.com%2Fcms%2Fwp-content%2Fthemes%2Fpyd-theme%2Fimg%2Fdefault-avatar.png&r=g","contentUrl":"https:\/\/secure.gravatar.com\/avatar\/29d4d1b0d523a21898e8cf9585d259d3?s=96&d=https%3A%2F%2Fpadreydecano.com%2Fcms%2Fwp-content%2Fthemes%2Fpyd-theme%2Fimg%2Fdefault-avatar.png&r=g","caption":"1891"}}]}},"_links":{"self":[{"href":"https:\/\/www.padreydecano.com\/cms\/wp-json\/wp\/v2\/posts\/73461"}],"collection":[{"href":"https:\/\/www.padreydecano.com\/cms\/wp-json\/wp\/v2\/posts"}],"about":[{"href":"https:\/\/www.padreydecano.com\/cms\/wp-json\/wp\/v2\/types\/post"}],"author":[{"embeddable":true,"href":"https:\/\/www.padreydecano.com\/cms\/wp-json\/wp\/v2\/users\/3"}],"replies":[{"embeddable":true,"href":"https:\/\/www.padreydecano.com\/cms\/wp-json\/wp\/v2\/comments?post=73461"}],"version-history":[{"count":0,"href":"https:\/\/www.padreydecano.com\/cms\/wp-json\/wp\/v2\/posts\/73461\/revisions"}],"wp:featuredmedia":[{"embeddable":true,"href":"https:\/\/www.padreydecano.com\/cms\/wp-json\/wp\/v2\/media\/73463"}],"wp:attachment":[{"href":"https:\/\/www.padreydecano.com\/cms\/wp-json\/wp\/v2\/media?parent=73461"}],"wp:term":[{"taxonomy":"category","embeddable":true,"href":"https:\/\/www.padreydecano.com\/cms\/wp-json\/wp\/v2\/categories?post=73461"},{"taxonomy":"post_tag","embeddable":true,"href":"https:\/\/www.padreydecano.com\/cms\/wp-json\/wp\/v2\/tags?post=73461"}],"curies":[{"name":"wp","href":"https:\/\/api.w.org\/{rel}","templated":true}]}}