{"id":73395,"date":"2020-01-14T14:48:21","date_gmt":"2020-01-14T17:48:21","guid":{"rendered":"http:\/\/www.padreydecano.com\/cms\/?p=73395"},"modified":"2020-01-20T09:46:07","modified_gmt":"2020-01-20T12:46:07","slug":"el-equipo-de-forlan-hizo-futbol","status":"publish","type":"post","link":"https:\/\/www.padreydecano.com\/cms\/noticias\/el-equipo-de-forlan-hizo-futbol\/","title":{"rendered":"El equipo de Forl\u00e1n hizo f\u00fatbol"},"content":{"rendered":"<p><a href=\"https:\/\/www.padreydecano.com\/cms\/wp-content\/uploads\/2020\/01\/forlan.png\" rel=\"shadowbox[sbpost-73395];player=img;\"><img loading=\"lazy\" decoding=\"async\" class=\"aligncenter size-full wp-image-73215\" src=\"https:\/\/www.padreydecano.com\/cms\/wp-content\/uploads\/2020\/01\/forlan.png\" alt=\"\" width=\"1600\" height=\"1066\" srcset=\"https:\/\/www.padreydecano.com\/cms\/wp-content\/uploads\/2020\/01\/forlan.png 1600w, https:\/\/www.padreydecano.com\/cms\/wp-content\/uploads\/2020\/01\/forlan-600x400.png 600w, https:\/\/www.padreydecano.com\/cms\/wp-content\/uploads\/2020\/01\/forlan-768x512.png 768w, https:\/\/www.padreydecano.com\/cms\/wp-content\/uploads\/2020\/01\/forlan-1024x682.png 1024w\" sizes=\"(max-width: 1600px) 100vw, 1600px\" \/><\/a><\/p>\n<p style=\"text-align: justify;\"><strong>Pe\u00f1arol entren\u00f3 en el Estadio Campe\u00f3n Del Siglo ante la mirada de socios y dirigentes mirasoles. Los primeros trabajos con dos oncenas, marcaron algunos rendimientos interesantes, destac\u00e1ndose el doble cinco, al igual que Facundo Torres.<\/strong><\/p>\n<p style=\"text-align: justify;\">Tarde de entrenamiento abierto a socios, que pudieron observar por primera vez una pr\u00e1ctica conducida por Diego Forl\u00e1n. Jonathan Urretaviscaya viaj\u00f3 a M\u00e9xico por temas personales y se sumar\u00e1 a los trabajos en Los \u00c1ngeles, cuando los Carboneros viajen a Estados Unidos.<\/p>\n<p style=\"text-align: justify;\">Walter Gargano estuvo presente en el entrenamiento mientras contin\u00faa con su recuperaci\u00f3n de la lesi\u00f3n de ligamentos cruzados. Cap\u00edtulo aparte para Cristian Rodr\u00edguez, Ezequiel Busquets y Hern\u00e1n Petryk. El capit\u00e1n hace un trabajo de base para comenzar la competici\u00f3n oficial al 100 %, mientras se busca una salida para que el lateral derecho juvenil, tenga continuidad. El caso de Petryk est\u00e1 indefinido.<\/p>\n<p style=\"text-align: justify;\">David Terans, Joaqu\u00edn Piquerez y Christian Bravo firmar\u00e1n sus contratos en las pr\u00f3ximas horas. Gary Kagelmacher se sumar\u00e1 a los trabajos en Los \u00c1ngeles. En el entrenamiento los hermanos Forl\u00e1n estuvieron activos, previo al f\u00fatbol en los ejercicios t\u00e1cticos.<\/p>\n<p style=\"text-align: justify;\">A la hora de los trabajos el equipo titular cont\u00f3 con Kevin Dawson; Giovanni Gonz\u00e1lez, Fabricio Formiliano, Rodrigo Abascal, Gabriel Rojas; Denis Olivera, Krisztian Vadocz, Mat\u00edas De los Santos, Facundo Pellistri; Luis Acevedo y Xisco Jim\u00e9nez.<\/p>\n<p style=\"text-align: justify;\">Buenos\u00a0primeros minutos de f\u00fatbol del Pe\u00f1arol de Forl\u00e1n. Dawson siempre sacando pelotas de gol. Denis Olivera es muy r\u00e1pido y centrea con precisi\u00f3n. Pellistri se encuentra mejor en la definici\u00f3n (ambos jugadores protagonizaron la jugada de gol de los titulares). Vadocz impone presencia y pasa muy bien en largo. De los Santos manej\u00f3 la pelota, sus cambios de frente complicaron a la defensa rival.<\/p>\n<p style=\"text-align: justify;\">Los suplentes contaron con Thiago Cardozo; Juan Acosta (luego pas\u00f3 al equipo titular), Robert Herrera, Enzo Mart\u00ednez, Math\u00edas Pintos; Fabi\u00e1n Estoyanoff, Guzm\u00e1n Pereira, Marcel Novick, Kevin Lewis (Facundo Torres); Agust\u00edn D\u00e1vila y Mat\u00edas Britos. Acosta fue prolijo en la marca, Britos muy movedizo en ataque pero lo m\u00e1s destacado fue Facu Torres. El juvenil se destac\u00f3 en los trabajos de definici\u00f3n y en los minutos que tuvo en el campo de juego.<\/p>\n<p style=\"text-align: justify;\">El despliegue de Kevin Lewis es impresionante, incluso Forl\u00e1n lo puso de volante izquierda. Luego del f\u00fatbol se hicieron trabajos con pelota.<\/p>\n<p style=\"text-align: justify;\">Finalizada la pr\u00e1ctica, el plantel almorz\u00f3 en el Estadio Campe\u00f3n Del Siglo, para luego ser liberado. El cambio en los entrenamientos se nota; los jugadores hablan de buena forma sobre la preparaci\u00f3n del profe Alfaro y Pablo Placeres.<\/p>\n<p style=\"text-align: justify;\"><div class=\"user-wrapper\"><a class=\"userlink\" href=\"https:\/\/twitter.com\/wilsonmendez86\" target=\"_blank\"><figure><img decoding=\"async\" src=\"http:\/\/www.padreydecano.com\/cms\/wp-users-files\/postfirmas\/wilsonmendez86.jpg\" \/><\/figure><p class=\"user\"><strong>Wilson M&eacute;ndez<\/strong><br \/>@wilsonmendez86<\/p><\/a><\/div><\/p>\n","protected":false},"excerpt":{"rendered":"<p>Pe\u00f1arol entren\u00f3 en el Estadio Campe\u00f3n Del Siglo ante la mirada de socios y dirigentes mirasoles. Los primeros trabajos con dos oncenas, marcaron algunos rendimientos interesantes, destac\u00e1ndose el doble cinco, al igual que Facundo Torres. Tarde de entrenamiento abierto a socios, que pudieron observar por primera vez una pr\u00e1ctica conducida por Diego Forl\u00e1n. Jonathan Urretaviscaya [&hellip;]<\/p>\n","protected":false},"author":31,"featured_media":73215,"comment_status":"open","ping_status":"closed","sticky":false,"template":"","format":"standard","meta":{"footnotes":""},"categories":[7,1],"tags":[467],"yoast_head":"<!-- This site is optimized with the Yoast SEO plugin v23.2 - https:\/\/yoast.com\/wordpress\/plugins\/seo\/ -->\n<title>El equipo de Forl\u00e1n hizo f\u00fatbol - Padre y Decano - El Sitio del Pueblo<\/title>\n<meta name=\"robots\" content=\"index, follow, max-snippet:-1, max-image-preview:large, max-video-preview:-1\" \/>\n<link rel=\"canonical\" href=\"https:\/\/www.padreydecano.com\/cms\/noticias\/el-equipo-de-forlan-hizo-futbol\/\" \/>\n<meta property=\"og:locale\" content=\"es_ES\" \/>\n<meta property=\"og:type\" content=\"article\" \/>\n<meta property=\"og:title\" content=\"El equipo de Forl\u00e1n hizo f\u00fatbol - Padre y Decano - El Sitio del Pueblo\" \/>\n<meta property=\"og:description\" content=\"Pe\u00f1arol entren\u00f3 en el Estadio Campe\u00f3n Del Siglo ante la mirada de socios y dirigentes mirasoles. Los primeros trabajos con dos oncenas, marcaron algunos rendimientos interesantes, destac\u00e1ndose el doble cinco, al igual que Facundo Torres. Tarde de entrenamiento abierto a socios, que pudieron observar por primera vez una pr\u00e1ctica conducida por Diego Forl\u00e1n. Jonathan Urretaviscaya [&hellip;]\" \/>\n<meta property=\"og:url\" content=\"https:\/\/www.padreydecano.com\/cms\/noticias\/el-equipo-de-forlan-hizo-futbol\/\" \/>\n<meta property=\"og:site_name\" content=\"Padre y Decano - El Sitio del Pueblo\" \/>\n<meta property=\"article:published_time\" content=\"2020-01-14T17:48:21+00:00\" \/>\n<meta property=\"article:modified_time\" content=\"2020-01-20T12:46:07+00:00\" \/>\n<meta property=\"og:image\" content=\"https:\/\/www.padreydecano.com\/cms\/wp-content\/uploads\/2020\/01\/forlan.png\" \/>\n\t<meta property=\"og:image:width\" content=\"1600\" \/>\n\t<meta property=\"og:image:height\" content=\"1066\" \/>\n\t<meta property=\"og:image:type\" content=\"image\/png\" \/>\n<meta name=\"author\" content=\"Macarena Aguerre\" \/>\n<meta name=\"twitter:card\" content=\"summary_large_image\" \/>\n<meta name=\"twitter:label1\" content=\"Escrito por\" \/>\n\t<meta name=\"twitter:data1\" content=\"Macarena Aguerre\" \/>\n\t<meta name=\"twitter:label2\" content=\"Tiempo de lectura\" \/>\n\t<meta name=\"twitter:data2\" content=\"2 minutos\" \/>\n<script type=\"application\/ld+json\" class=\"yoast-schema-graph\">{\"@context\":\"https:\/\/schema.org\",\"@graph\":[{\"@type\":\"Article\",\"@id\":\"https:\/\/www.padreydecano.com\/cms\/noticias\/el-equipo-de-forlan-hizo-futbol\/#article\",\"isPartOf\":{\"@id\":\"https:\/\/www.padreydecano.com\/cms\/noticias\/el-equipo-de-forlan-hizo-futbol\/\"},\"author\":{\"name\":\"Macarena Aguerre\",\"@id\":\"https:\/\/www.padreydecano.com\/cms\/#\/schema\/person\/dda6ac238f4f69692a6b47040d9099c1\"},\"headline\":\"El equipo de Forl\u00e1n hizo f\u00fatbol\",\"datePublished\":\"2020-01-14T17:48:21+00:00\",\"dateModified\":\"2020-01-20T12:46:07+00:00\",\"mainEntityOfPage\":{\"@id\":\"https:\/\/www.padreydecano.com\/cms\/noticias\/el-equipo-de-forlan-hizo-futbol\/\"},\"wordCount\":461,\"commentCount\":66,\"publisher\":{\"@id\":\"https:\/\/www.padreydecano.com\/cms\/#organization\"},\"image\":{\"@id\":\"https:\/\/www.padreydecano.com\/cms\/noticias\/el-equipo-de-forlan-hizo-futbol\/#primaryimage\"},\"thumbnailUrl\":\"https:\/\/www.padreydecano.com\/cms\/wp-content\/uploads\/2020\/01\/forlan.png\",\"keywords\":[\"Campeonato Uruguayo 2020\"],\"articleSection\":[\"Los Aromos\",\"Noticias\"],\"inLanguage\":\"es\",\"potentialAction\":[{\"@type\":\"CommentAction\",\"name\":\"Comment\",\"target\":[\"https:\/\/www.padreydecano.com\/cms\/noticias\/el-equipo-de-forlan-hizo-futbol\/#respond\"]}]},{\"@type\":\"WebPage\",\"@id\":\"https:\/\/www.padreydecano.com\/cms\/noticias\/el-equipo-de-forlan-hizo-futbol\/\",\"url\":\"https:\/\/www.padreydecano.com\/cms\/noticias\/el-equipo-de-forlan-hizo-futbol\/\",\"name\":\"El equipo de Forl\u00e1n hizo f\u00fatbol - Padre y Decano - El Sitio del Pueblo\",\"isPartOf\":{\"@id\":\"https:\/\/www.padreydecano.com\/cms\/#website\"},\"primaryImageOfPage\":{\"@id\":\"https:\/\/www.padreydecano.com\/cms\/noticias\/el-equipo-de-forlan-hizo-futbol\/#primaryimage\"},\"image\":{\"@id\":\"https:\/\/www.padreydecano.com\/cms\/noticias\/el-equipo-de-forlan-hizo-futbol\/#primaryimage\"},\"thumbnailUrl\":\"https:\/\/www.padreydecano.com\/cms\/wp-content\/uploads\/2020\/01\/forlan.png\",\"datePublished\":\"2020-01-14T17:48:21+00:00\",\"dateModified\":\"2020-01-20T12:46:07+00:00\",\"breadcrumb\":{\"@id\":\"https:\/\/www.padreydecano.com\/cms\/noticias\/el-equipo-de-forlan-hizo-futbol\/#breadcrumb\"},\"inLanguage\":\"es\",\"potentialAction\":[{\"@type\":\"ReadAction\",\"target\":[\"https:\/\/www.padreydecano.com\/cms\/noticias\/el-equipo-de-forlan-hizo-futbol\/\"]}]},{\"@type\":\"ImageObject\",\"inLanguage\":\"es\",\"@id\":\"https:\/\/www.padreydecano.com\/cms\/noticias\/el-equipo-de-forlan-hizo-futbol\/#primaryimage\",\"url\":\"https:\/\/www.padreydecano.com\/cms\/wp-content\/uploads\/2020\/01\/forlan.png\",\"contentUrl\":\"https:\/\/www.padreydecano.com\/cms\/wp-content\/uploads\/2020\/01\/forlan.png\",\"width\":1600,\"height\":1066},{\"@type\":\"BreadcrumbList\",\"@id\":\"https:\/\/www.padreydecano.com\/cms\/noticias\/el-equipo-de-forlan-hizo-futbol\/#breadcrumb\",\"itemListElement\":[{\"@type\":\"ListItem\",\"position\":1,\"name\":\"Portada\",\"item\":\"https:\/\/www.padreydecano.com\/cms\/\"},{\"@type\":\"ListItem\",\"position\":2,\"name\":\"El equipo de Forl\u00e1n hizo f\u00fatbol\"}]},{\"@type\":\"WebSite\",\"@id\":\"https:\/\/www.padreydecano.com\/cms\/#website\",\"url\":\"https:\/\/www.padreydecano.com\/cms\/\",\"name\":\"Padre y Decano - El Sitio del Pueblo\",\"description\":\"Club Atl\u00e9tico Pe\u00f1arol\",\"publisher\":{\"@id\":\"https:\/\/www.padreydecano.com\/cms\/#organization\"},\"potentialAction\":[{\"@type\":\"SearchAction\",\"target\":{\"@type\":\"EntryPoint\",\"urlTemplate\":\"https:\/\/www.padreydecano.com\/cms\/?s={search_term_string}\"},\"query-input\":\"required name=search_term_string\"}],\"inLanguage\":\"es\"},{\"@type\":\"Organization\",\"@id\":\"https:\/\/www.padreydecano.com\/cms\/#organization\",\"name\":\"Padre y Decano\",\"url\":\"https:\/\/www.padreydecano.com\/cms\/\",\"logo\":{\"@type\":\"ImageObject\",\"inLanguage\":\"es\",\"@id\":\"https:\/\/www.padreydecano.com\/cms\/#\/schema\/logo\/image\/\",\"url\":\"https:\/\/www.padreydecano.com\/cms\/wp-content\/uploads\/2022\/01\/avatar-square.png\",\"contentUrl\":\"https:\/\/www.padreydecano.com\/cms\/wp-content\/uploads\/2022\/01\/avatar-square.png\",\"width\":1500,\"height\":1500,\"caption\":\"Padre y Decano\"},\"image\":{\"@id\":\"https:\/\/www.padreydecano.com\/cms\/#\/schema\/logo\/image\/\"}},{\"@type\":\"Person\",\"@id\":\"https:\/\/www.padreydecano.com\/cms\/#\/schema\/person\/dda6ac238f4f69692a6b47040d9099c1\",\"name\":\"Macarena Aguerre\",\"image\":{\"@type\":\"ImageObject\",\"inLanguage\":\"es\",\"@id\":\"https:\/\/www.padreydecano.com\/cms\/#\/schema\/person\/image\/\",\"url\":\"https:\/\/secure.gravatar.com\/avatar\/8cd2b3a906b420f88eeaac4dae3ba69b?s=96&d=https%3A%2F%2Fpadreydecano.com%2Fcms%2Fwp-content%2Fthemes%2Fpyd-theme%2Fimg%2Fdefault-avatar.png&r=g\",\"contentUrl\":\"https:\/\/secure.gravatar.com\/avatar\/8cd2b3a906b420f88eeaac4dae3ba69b?s=96&d=https%3A%2F%2Fpadreydecano.com%2Fcms%2Fwp-content%2Fthemes%2Fpyd-theme%2Fimg%2Fdefault-avatar.png&r=g\",\"caption\":\"Macarena Aguerre\"}}]}<\/script>\n<!-- \/ Yoast SEO plugin. -->","yoast_head_json":{"title":"El equipo de Forl\u00e1n hizo f\u00fatbol - Padre y Decano - El Sitio del Pueblo","robots":{"index":"index","follow":"follow","max-snippet":"max-snippet:-1","max-image-preview":"max-image-preview:large","max-video-preview":"max-video-preview:-1"},"canonical":"https:\/\/www.padreydecano.com\/cms\/noticias\/el-equipo-de-forlan-hizo-futbol\/","og_locale":"es_ES","og_type":"article","og_title":"El equipo de Forl\u00e1n hizo f\u00fatbol - Padre y Decano - El Sitio del Pueblo","og_description":"Pe\u00f1arol entren\u00f3 en el Estadio Campe\u00f3n Del Siglo ante la mirada de socios y dirigentes mirasoles. Los primeros trabajos con dos oncenas, marcaron algunos rendimientos interesantes, destac\u00e1ndose el doble cinco, al igual que Facundo Torres. Tarde de entrenamiento abierto a socios, que pudieron observar por primera vez una pr\u00e1ctica conducida por Diego Forl\u00e1n. Jonathan Urretaviscaya [&hellip;]","og_url":"https:\/\/www.padreydecano.com\/cms\/noticias\/el-equipo-de-forlan-hizo-futbol\/","og_site_name":"Padre y Decano - El Sitio del Pueblo","article_published_time":"2020-01-14T17:48:21+00:00","article_modified_time":"2020-01-20T12:46:07+00:00","og_image":[{"width":1600,"height":1066,"url":"https:\/\/www.padreydecano.com\/cms\/wp-content\/uploads\/2020\/01\/forlan.png","type":"image\/png"}],"author":"Macarena Aguerre","twitter_card":"summary_large_image","twitter_misc":{"Escrito por":"Macarena Aguerre","Tiempo de lectura":"2 minutos"},"schema":{"@context":"https:\/\/schema.org","@graph":[{"@type":"Article","@id":"https:\/\/www.padreydecano.com\/cms\/noticias\/el-equipo-de-forlan-hizo-futbol\/#article","isPartOf":{"@id":"https:\/\/www.padreydecano.com\/cms\/noticias\/el-equipo-de-forlan-hizo-futbol\/"},"author":{"name":"Macarena Aguerre","@id":"https:\/\/www.padreydecano.com\/cms\/#\/schema\/person\/dda6ac238f4f69692a6b47040d9099c1"},"headline":"El equipo de Forl\u00e1n hizo f\u00fatbol","datePublished":"2020-01-14T17:48:21+00:00","dateModified":"2020-01-20T12:46:07+00:00","mainEntityOfPage":{"@id":"https:\/\/www.padreydecano.com\/cms\/noticias\/el-equipo-de-forlan-hizo-futbol\/"},"wordCount":461,"commentCount":66,"publisher":{"@id":"https:\/\/www.padreydecano.com\/cms\/#organization"},"image":{"@id":"https:\/\/www.padreydecano.com\/cms\/noticias\/el-equipo-de-forlan-hizo-futbol\/#primaryimage"},"thumbnailUrl":"https:\/\/www.padreydecano.com\/cms\/wp-content\/uploads\/2020\/01\/forlan.png","keywords":["Campeonato Uruguayo 2020"],"articleSection":["Los Aromos","Noticias"],"inLanguage":"es","potentialAction":[{"@type":"CommentAction","name":"Comment","target":["https:\/\/www.padreydecano.com\/cms\/noticias\/el-equipo-de-forlan-hizo-futbol\/#respond"]}]},{"@type":"WebPage","@id":"https:\/\/www.padreydecano.com\/cms\/noticias\/el-equipo-de-forlan-hizo-futbol\/","url":"https:\/\/www.padreydecano.com\/cms\/noticias\/el-equipo-de-forlan-hizo-futbol\/","name":"El equipo de Forl\u00e1n hizo f\u00fatbol - Padre y Decano - El Sitio del Pueblo","isPartOf":{"@id":"https:\/\/www.padreydecano.com\/cms\/#website"},"primaryImageOfPage":{"@id":"https:\/\/www.padreydecano.com\/cms\/noticias\/el-equipo-de-forlan-hizo-futbol\/#primaryimage"},"image":{"@id":"https:\/\/www.padreydecano.com\/cms\/noticias\/el-equipo-de-forlan-hizo-futbol\/#primaryimage"},"thumbnailUrl":"https:\/\/www.padreydecano.com\/cms\/wp-content\/uploads\/2020\/01\/forlan.png","datePublished":"2020-01-14T17:48:21+00:00","dateModified":"2020-01-20T12:46:07+00:00","breadcrumb":{"@id":"https:\/\/www.padreydecano.com\/cms\/noticias\/el-equipo-de-forlan-hizo-futbol\/#breadcrumb"},"inLanguage":"es","potentialAction":[{"@type":"ReadAction","target":["https:\/\/www.padreydecano.com\/cms\/noticias\/el-equipo-de-forlan-hizo-futbol\/"]}]},{"@type":"ImageObject","inLanguage":"es","@id":"https:\/\/www.padreydecano.com\/cms\/noticias\/el-equipo-de-forlan-hizo-futbol\/#primaryimage","url":"https:\/\/www.padreydecano.com\/cms\/wp-content\/uploads\/2020\/01\/forlan.png","contentUrl":"https:\/\/www.padreydecano.com\/cms\/wp-content\/uploads\/2020\/01\/forlan.png","width":1600,"height":1066},{"@type":"BreadcrumbList","@id":"https:\/\/www.padreydecano.com\/cms\/noticias\/el-equipo-de-forlan-hizo-futbol\/#breadcrumb","itemListElement":[{"@type":"ListItem","position":1,"name":"Portada","item":"https:\/\/www.padreydecano.com\/cms\/"},{"@type":"ListItem","position":2,"name":"El equipo de Forl\u00e1n hizo f\u00fatbol"}]},{"@type":"WebSite","@id":"https:\/\/www.padreydecano.com\/cms\/#website","url":"https:\/\/www.padreydecano.com\/cms\/","name":"Padre y Decano - El Sitio del Pueblo","description":"Club Atl\u00e9tico Pe\u00f1arol","publisher":{"@id":"https:\/\/www.padreydecano.com\/cms\/#organization"},"potentialAction":[{"@type":"SearchAction","target":{"@type":"EntryPoint","urlTemplate":"https:\/\/www.padreydecano.com\/cms\/?s={search_term_string}"},"query-input":"required name=search_term_string"}],"inLanguage":"es"},{"@type":"Organization","@id":"https:\/\/www.padreydecano.com\/cms\/#organization","name":"Padre y Decano","url":"https:\/\/www.padreydecano.com\/cms\/","logo":{"@type":"ImageObject","inLanguage":"es","@id":"https:\/\/www.padreydecano.com\/cms\/#\/schema\/logo\/image\/","url":"https:\/\/www.padreydecano.com\/cms\/wp-content\/uploads\/2022\/01\/avatar-square.png","contentUrl":"https:\/\/www.padreydecano.com\/cms\/wp-content\/uploads\/2022\/01\/avatar-square.png","width":1500,"height":1500,"caption":"Padre y Decano"},"image":{"@id":"https:\/\/www.padreydecano.com\/cms\/#\/schema\/logo\/image\/"}},{"@type":"Person","@id":"https:\/\/www.padreydecano.com\/cms\/#\/schema\/person\/dda6ac238f4f69692a6b47040d9099c1","name":"Macarena Aguerre","image":{"@type":"ImageObject","inLanguage":"es","@id":"https:\/\/www.padreydecano.com\/cms\/#\/schema\/person\/image\/","url":"https:\/\/secure.gravatar.com\/avatar\/8cd2b3a906b420f88eeaac4dae3ba69b?s=96&d=https%3A%2F%2Fpadreydecano.com%2Fcms%2Fwp-content%2Fthemes%2Fpyd-theme%2Fimg%2Fdefault-avatar.png&r=g","contentUrl":"https:\/\/secure.gravatar.com\/avatar\/8cd2b3a906b420f88eeaac4dae3ba69b?s=96&d=https%3A%2F%2Fpadreydecano.com%2Fcms%2Fwp-content%2Fthemes%2Fpyd-theme%2Fimg%2Fdefault-avatar.png&r=g","caption":"Macarena Aguerre"}}]}},"_links":{"self":[{"href":"https:\/\/www.padreydecano.com\/cms\/wp-json\/wp\/v2\/posts\/73395"}],"collection":[{"href":"https:\/\/www.padreydecano.com\/cms\/wp-json\/wp\/v2\/posts"}],"about":[{"href":"https:\/\/www.padreydecano.com\/cms\/wp-json\/wp\/v2\/types\/post"}],"author":[{"embeddable":true,"href":"https:\/\/www.padreydecano.com\/cms\/wp-json\/wp\/v2\/users\/31"}],"replies":[{"embeddable":true,"href":"https:\/\/www.padreydecano.com\/cms\/wp-json\/wp\/v2\/comments?post=73395"}],"version-history":[{"count":0,"href":"https:\/\/www.padreydecano.com\/cms\/wp-json\/wp\/v2\/posts\/73395\/revisions"}],"wp:featuredmedia":[{"embeddable":true,"href":"https:\/\/www.padreydecano.com\/cms\/wp-json\/wp\/v2\/media\/73215"}],"wp:attachment":[{"href":"https:\/\/www.padreydecano.com\/cms\/wp-json\/wp\/v2\/media?parent=73395"}],"wp:term":[{"taxonomy":"category","embeddable":true,"href":"https:\/\/www.padreydecano.com\/cms\/wp-json\/wp\/v2\/categories?post=73395"},{"taxonomy":"post_tag","embeddable":true,"href":"https:\/\/www.padreydecano.com\/cms\/wp-json\/wp\/v2\/tags?post=73395"}],"curies":[{"name":"wp","href":"https:\/\/api.w.org\/{rel}","templated":true}]}}