{"id":73389,"date":"2020-01-14T14:48:06","date_gmt":"2020-01-14T17:48:06","guid":{"rendered":"http:\/\/www.padreydecano.com\/cms\/?p=73389"},"modified":"2020-01-14T14:48:06","modified_gmt":"2020-01-14T17:48:06","slug":"alessandra-mazurkiewicz-tener-a-las-jugadoras-entrenando-dos-meses-sin-competencia-desgasta","status":"publish","type":"post","link":"https:\/\/www.padreydecano.com\/cms\/entrevistas\/alessandra-mazurkiewicz-tener-a-las-jugadoras-entrenando-dos-meses-sin-competencia-desgasta\/","title":{"rendered":"Alessandra Mazurkiewicz: \u00abTener a las jugadoras entrenando dos meses sin competencia, desgasta\u00bb"},"content":{"rendered":"<div id=\"attachment_73390\" style=\"width: 733px\" class=\"wp-caption aligncenter\"><a href=\"https:\/\/www.padreydecano.com\/cms\/wp-content\/uploads\/2020\/01\/21388.jpeg\" rel=\"shadowbox[sbpost-73389];player=img;\"><img loading=\"lazy\" decoding=\"async\" aria-describedby=\"caption-attachment-73390\" class=\"size-full wp-image-73390\" src=\"https:\/\/www.padreydecano.com\/cms\/wp-content\/uploads\/2020\/01\/21388.jpeg\" alt=\"\" width=\"723\" height=\"488\" srcset=\"https:\/\/www.padreydecano.com\/cms\/wp-content\/uploads\/2020\/01\/21388.jpeg 723w, https:\/\/www.padreydecano.com\/cms\/wp-content\/uploads\/2020\/01\/21388-600x405.jpeg 600w\" sizes=\"(max-width: 723px) 100vw, 723px\" \/><\/a><p id=\"caption-attachment-73390\" class=\"wp-caption-text\">FUENTE: pe\u00f1arol.org<\/p><\/div>\n<p style=\"text-align: justify;\"><strong>La Presidenta del F\u00fatbol Femenino de Pe\u00f1arol, dialog\u00f3 con PyD sobre la actualidad y lo que se vendr\u00e1 para el club en este \u00e1mbito.\u00a0<\/strong><\/p>\n<p style=\"text-align: justify;\"><strong><span style=\"color: #ffcc02;\">\u00bfC\u00f3mo est\u00e1 la situaci\u00f3n del plantel principal del Femenino? \u00bfSe sabe cu\u00e1ndo vuelven a los entrenamientos?<\/span><\/strong><\/p>\n<p style=\"text-align: justify;\">\u00abLa idea es comenzar la semana que viene, estamos definiendo esta semana detalles de cancha, horarios, etc.\u00a0El campeonato va a comenzar fines de marzo o principios de abril. Por eso, siempre el a\u00f1o comienza para el femenino a fines de enero o principios de febrero.<\/p>\n<p style=\"text-align: justify;\">Esperemos en febrero poder concretar alg\u00fan amistoso internacional. Hace un tiempo estamos trabajando en eso. Probablemente lo hagamos en la ciudad de Colonia, con alg\u00fan cuadro argentino. Hemos estado en contacto con la Secretaria de Deportes de all\u00e1 y nos han manifestado inter\u00e9s respecto a realizar una actividad como esa\u00bb.<\/p>\n<p style=\"text-align: justify;\"><strong><span style=\"color: #ffcc02;\">Que los entrenamientos comiencen en esa fecha, \u00bfes algo planificado o que por temas de definici\u00f3n del club se fue llevando para esta fecha?<\/span><\/strong><\/p>\n<p style=\"text-align: justify;\">\u00abLa metodolog\u00eda de trabajo siempre es as\u00ed. Se termina el a\u00f1o, se espera a que termine el campeonato de varones y luego nos reunimos la Comisi\u00f3n para plantear necesidades. Esperamos que se re\u00fana el Consejo Directivo y elevamos nuestra planificaci\u00f3n. Este a\u00f1o fue particular porque estaba la definici\u00f3n del nuevo cuerpo t\u00e9cnico, por eso quisimos esperar que se resolviera, para ah\u00ed s\u00ed plantear lo nuestro\u00bb.<\/p>\n<p style=\"text-align: justify;\"><strong><span style=\"color: #ffcc02;\">\u00bfEl Cuerpo T\u00e9cnico seguir\u00e1 siendo el mismo?\u00a0En cuanto al plantel para este a\u00f1o, \u00bfse est\u00e1 dialogando algo?<\/span><\/strong><\/p>\n<p style=\"text-align: justify;\">\u00abEl Cuerpo T\u00e9cnico ser\u00e1 el mismo.\u00a0Con respecto al plantel no va a haber modificaciones, s\u00f3lo alguna jugadora puntual que estamos en tratativas de incorporar\u00bb.<\/p>\n<p style=\"text-align: justify;\"><strong><span style=\"color: #ffcc02;\">\u00bfEl club hoy cumple con los requisitos necesarios para tener una Licencia de Club Femenino?<\/span><\/strong><\/p>\n<p style=\"text-align: justify;\">\u00abHasta el 2019, s\u00ed. En 2020 Conmebol est\u00e1 elaborando la nueva licencia, con m\u00e1s exigencias para los Clubes. Todav\u00eda no la han formalizado, pero ya tenemos una idea de cu\u00e1les ser\u00e1n los nuevos requisitos. Nosotros ya informamos al Consejo Directivo, y quedamos en enviarle detalles de la misma. Ah\u00ed se tendr\u00e1 que trabajar para cumplirlos\u00bb.<\/p>\n<p style=\"text-align: justify;\"><strong><span style=\"color: #ffcc02;\">Desde el Consejo Directivo, \u00bfexiste voluntad para que el club siga creciendo en el Femenino?<\/span><\/strong><\/p>\n<p style=\"text-align: justify;\">\u00abYo opino que, en general, s\u00ed. Como todo, habr\u00e1 personas que les interese m\u00e1s que a otros, pero saben que el Femenino lleg\u00f3 para quedarse y como todo lo que representa a Pe\u00f1arol, tiene que estar lo m\u00e1s alto posible. Para la realidad del Femenino en Uruguay considero que tenemos bastante. No podemos compararnos hoy con pa\u00edses profesionales porque son dos realidades distintas, pero cada a\u00f1o hemos logrado crecer un poco m\u00e1s. Siempre miro el medio vaso lleno, no el vac\u00edo\u00bb.<\/p>\n<p style=\"text-align: justify;\"><strong><span style=\"color: #ffcc02;\">Generalmente se afirma desde el club, que los deportes anexos deben ser autosustentables para que est\u00e9n en Pe\u00f1arol. \u00bfEl F\u00fatbol Femenino es una dependencia del club o debe ser autosustentable tambi\u00e9n?<\/span><\/strong><\/p>\n<p style=\"text-align: justify;\">\u00abLa idea es que tambi\u00e9n lo sea, pero m\u00e1s que nada porque con sponsoreo tendr\u00edamos que cubrir los costos. Ese es un pendiente que ojal\u00e1 este a\u00f1o podamos cumplir\u00bb.<\/p>\n<p style=\"text-align: justify;\"><strong><span style=\"color: #ffcc02;\">Para terminar, \u00bfc\u00f3mo cre\u00e9s que estar\u00e1 Pe\u00f1arol este a\u00f1o? \u00bfY con respecto a otros clubes? Algunos ya comenzaron a entrenar y jugar amistosos.<\/span><\/strong><\/p>\n<p style=\"text-align: justify;\">\u00abYo creo que bien, nuestro a\u00f1o es m\u00e1s largo al tener que jugar Libertadores. Tenemos que recordar que las jugadoras trabajan y estudian, sus jornadas son extensas. En mi opini\u00f3n, tenerlas dos meses entrenando sin competencia las desgasta. Pero es a t\u00edtulo personal esa opini\u00f3n. Se basa s\u00f3lo en experiencias pasadas\u00bb.<\/p>\n<p style=\"text-align: justify;\"><strong><span style=\"color: #ffcc02;\">\u00bfCu\u00e1les son los objetivos de este a\u00f1o?<\/span><\/strong><\/p>\n<p style=\"text-align: justify;\">\u00abEl Tetracampeonato y pasar de serie en la Copa Libertadores. Nos gustar\u00eda quedar entre los 4 mejores, pero la diferencia entre el f\u00fatbol profesional y amateur es bastante grande. De todas formas siempre se trabaja para ser campe\u00f3n, de ah\u00ed a que los resultados acompa\u00f1en es otro tema\u00bb.<\/p>\n<p style=\"text-align: justify;\"><div class=\"user-wrapper\"><a class=\"userlink\" href=\"https:\/\/www.linkedin.com\/in\/marcos-arlotto\/\" target=\"_blank\"><figure><img decoding=\"async\" src=\"http:\/\/www.padreydecano.com\/cms\/wp-users-files\/postfirmas\/marcosarlotto.jpg\" \/><\/figure><p class=\"user\"><strong>Marcos Arlotto<\/strong><br \/><\/p><\/a><\/div><\/p>\n","protected":false},"excerpt":{"rendered":"<p>La Presidenta del F\u00fatbol Femenino de Pe\u00f1arol, dialog\u00f3 con PyD sobre la actualidad y lo que se vendr\u00e1 para el club en este \u00e1mbito.\u00a0 \u00bfC\u00f3mo est\u00e1 la situaci\u00f3n del plantel principal del Femenino? \u00bfSe sabe cu\u00e1ndo vuelven a los entrenamientos? \u00abLa idea es comenzar la semana que viene, estamos definiendo esta semana detalles de cancha, [&hellip;]<\/p>\n","protected":false},"author":30,"featured_media":73390,"comment_status":"open","ping_status":"closed","sticky":false,"template":"","format":"standard","meta":{"footnotes":""},"categories":[30],"tags":[97],"yoast_head":"<!-- This site is optimized with the Yoast SEO plugin v23.2 - https:\/\/yoast.com\/wordpress\/plugins\/seo\/ -->\n<title>Alessandra Mazurkiewicz: &quot;Tener a las jugadoras entrenando dos meses sin competencia, desgasta&quot; - Padre y Decano - El Sitio del Pueblo<\/title>\n<meta name=\"robots\" content=\"index, follow, max-snippet:-1, max-image-preview:large, max-video-preview:-1\" \/>\n<link rel=\"canonical\" href=\"https:\/\/www.padreydecano.com\/cms\/entrevistas\/alessandra-mazurkiewicz-tener-a-las-jugadoras-entrenando-dos-meses-sin-competencia-desgasta\/\" \/>\n<meta property=\"og:locale\" content=\"es_ES\" \/>\n<meta property=\"og:type\" content=\"article\" \/>\n<meta property=\"og:title\" content=\"Alessandra Mazurkiewicz: &quot;Tener a las jugadoras entrenando dos meses sin competencia, desgasta&quot; - Padre y Decano - El Sitio del Pueblo\" \/>\n<meta property=\"og:description\" content=\"La Presidenta del F\u00fatbol Femenino de Pe\u00f1arol, dialog\u00f3 con PyD sobre la actualidad y lo que se vendr\u00e1 para el club en este \u00e1mbito.\u00a0 \u00bfC\u00f3mo est\u00e1 la situaci\u00f3n del plantel principal del Femenino? \u00bfSe sabe cu\u00e1ndo vuelven a los entrenamientos? \u00abLa idea es comenzar la semana que viene, estamos definiendo esta semana detalles de cancha, [&hellip;]\" \/>\n<meta property=\"og:url\" content=\"https:\/\/www.padreydecano.com\/cms\/entrevistas\/alessandra-mazurkiewicz-tener-a-las-jugadoras-entrenando-dos-meses-sin-competencia-desgasta\/\" \/>\n<meta property=\"og:site_name\" content=\"Padre y Decano - El Sitio del Pueblo\" \/>\n<meta property=\"article:published_time\" content=\"2020-01-14T17:48:06+00:00\" \/>\n<meta property=\"og:image\" content=\"https:\/\/www.padreydecano.com\/cms\/wp-content\/uploads\/2020\/01\/21388.jpeg\" \/>\n\t<meta property=\"og:image:width\" content=\"723\" \/>\n\t<meta property=\"og:image:height\" content=\"488\" \/>\n\t<meta property=\"og:image:type\" content=\"image\/jpeg\" \/>\n<meta name=\"author\" content=\"Udelar\" \/>\n<meta name=\"twitter:card\" content=\"summary_large_image\" \/>\n<meta name=\"twitter:label1\" content=\"Escrito por\" \/>\n\t<meta name=\"twitter:data1\" content=\"Udelar\" \/>\n\t<meta name=\"twitter:label2\" content=\"Tiempo de lectura\" \/>\n\t<meta name=\"twitter:data2\" content=\"3 minutos\" \/>\n<script type=\"application\/ld+json\" class=\"yoast-schema-graph\">{\"@context\":\"https:\/\/schema.org\",\"@graph\":[{\"@type\":\"Article\",\"@id\":\"https:\/\/www.padreydecano.com\/cms\/entrevistas\/alessandra-mazurkiewicz-tener-a-las-jugadoras-entrenando-dos-meses-sin-competencia-desgasta\/#article\",\"isPartOf\":{\"@id\":\"https:\/\/www.padreydecano.com\/cms\/entrevistas\/alessandra-mazurkiewicz-tener-a-las-jugadoras-entrenando-dos-meses-sin-competencia-desgasta\/\"},\"author\":{\"name\":\"Udelar\",\"@id\":\"https:\/\/www.padreydecano.com\/cms\/#\/schema\/person\/b22191326be6d1c7fa55c2ad137a9a32\"},\"headline\":\"Alessandra Mazurkiewicz: \u00abTener a las jugadoras entrenando dos meses sin competencia, desgasta\u00bb\",\"datePublished\":\"2020-01-14T17:48:06+00:00\",\"dateModified\":\"2020-01-14T17:48:06+00:00\",\"mainEntityOfPage\":{\"@id\":\"https:\/\/www.padreydecano.com\/cms\/entrevistas\/alessandra-mazurkiewicz-tener-a-las-jugadoras-entrenando-dos-meses-sin-competencia-desgasta\/\"},\"wordCount\":701,\"commentCount\":10,\"publisher\":{\"@id\":\"https:\/\/www.padreydecano.com\/cms\/#organization\"},\"image\":{\"@id\":\"https:\/\/www.padreydecano.com\/cms\/entrevistas\/alessandra-mazurkiewicz-tener-a-las-jugadoras-entrenando-dos-meses-sin-competencia-desgasta\/#primaryimage\"},\"thumbnailUrl\":\"https:\/\/www.padreydecano.com\/cms\/wp-content\/uploads\/2020\/01\/21388.jpeg\",\"keywords\":[\"F\u00fatbol Femenino\"],\"articleSection\":[\"Entrevistas\"],\"inLanguage\":\"es\",\"potentialAction\":[{\"@type\":\"CommentAction\",\"name\":\"Comment\",\"target\":[\"https:\/\/www.padreydecano.com\/cms\/entrevistas\/alessandra-mazurkiewicz-tener-a-las-jugadoras-entrenando-dos-meses-sin-competencia-desgasta\/#respond\"]}]},{\"@type\":\"WebPage\",\"@id\":\"https:\/\/www.padreydecano.com\/cms\/entrevistas\/alessandra-mazurkiewicz-tener-a-las-jugadoras-entrenando-dos-meses-sin-competencia-desgasta\/\",\"url\":\"https:\/\/www.padreydecano.com\/cms\/entrevistas\/alessandra-mazurkiewicz-tener-a-las-jugadoras-entrenando-dos-meses-sin-competencia-desgasta\/\",\"name\":\"Alessandra Mazurkiewicz: \\\"Tener a las jugadoras entrenando dos meses sin competencia, desgasta\\\" - Padre y Decano - El Sitio del Pueblo\",\"isPartOf\":{\"@id\":\"https:\/\/www.padreydecano.com\/cms\/#website\"},\"primaryImageOfPage\":{\"@id\":\"https:\/\/www.padreydecano.com\/cms\/entrevistas\/alessandra-mazurkiewicz-tener-a-las-jugadoras-entrenando-dos-meses-sin-competencia-desgasta\/#primaryimage\"},\"image\":{\"@id\":\"https:\/\/www.padreydecano.com\/cms\/entrevistas\/alessandra-mazurkiewicz-tener-a-las-jugadoras-entrenando-dos-meses-sin-competencia-desgasta\/#primaryimage\"},\"thumbnailUrl\":\"https:\/\/www.padreydecano.com\/cms\/wp-content\/uploads\/2020\/01\/21388.jpeg\",\"datePublished\":\"2020-01-14T17:48:06+00:00\",\"dateModified\":\"2020-01-14T17:48:06+00:00\",\"breadcrumb\":{\"@id\":\"https:\/\/www.padreydecano.com\/cms\/entrevistas\/alessandra-mazurkiewicz-tener-a-las-jugadoras-entrenando-dos-meses-sin-competencia-desgasta\/#breadcrumb\"},\"inLanguage\":\"es\",\"potentialAction\":[{\"@type\":\"ReadAction\",\"target\":[\"https:\/\/www.padreydecano.com\/cms\/entrevistas\/alessandra-mazurkiewicz-tener-a-las-jugadoras-entrenando-dos-meses-sin-competencia-desgasta\/\"]}]},{\"@type\":\"ImageObject\",\"inLanguage\":\"es\",\"@id\":\"https:\/\/www.padreydecano.com\/cms\/entrevistas\/alessandra-mazurkiewicz-tener-a-las-jugadoras-entrenando-dos-meses-sin-competencia-desgasta\/#primaryimage\",\"url\":\"https:\/\/www.padreydecano.com\/cms\/wp-content\/uploads\/2020\/01\/21388.jpeg\",\"contentUrl\":\"https:\/\/www.padreydecano.com\/cms\/wp-content\/uploads\/2020\/01\/21388.jpeg\",\"width\":723,\"height\":488,\"caption\":\"pe\u00f1arol.org\"},{\"@type\":\"BreadcrumbList\",\"@id\":\"https:\/\/www.padreydecano.com\/cms\/entrevistas\/alessandra-mazurkiewicz-tener-a-las-jugadoras-entrenando-dos-meses-sin-competencia-desgasta\/#breadcrumb\",\"itemListElement\":[{\"@type\":\"ListItem\",\"position\":1,\"name\":\"Portada\",\"item\":\"https:\/\/www.padreydecano.com\/cms\/\"},{\"@type\":\"ListItem\",\"position\":2,\"name\":\"Alessandra Mazurkiewicz: \u00abTener a las jugadoras entrenando dos meses sin competencia, desgasta\u00bb\"}]},{\"@type\":\"WebSite\",\"@id\":\"https:\/\/www.padreydecano.com\/cms\/#website\",\"url\":\"https:\/\/www.padreydecano.com\/cms\/\",\"name\":\"Padre y Decano - El Sitio del Pueblo\",\"description\":\"Club Atl\u00e9tico Pe\u00f1arol\",\"publisher\":{\"@id\":\"https:\/\/www.padreydecano.com\/cms\/#organization\"},\"potentialAction\":[{\"@type\":\"SearchAction\",\"target\":{\"@type\":\"EntryPoint\",\"urlTemplate\":\"https:\/\/www.padreydecano.com\/cms\/?s={search_term_string}\"},\"query-input\":\"required name=search_term_string\"}],\"inLanguage\":\"es\"},{\"@type\":\"Organization\",\"@id\":\"https:\/\/www.padreydecano.com\/cms\/#organization\",\"name\":\"Padre y Decano\",\"url\":\"https:\/\/www.padreydecano.com\/cms\/\",\"logo\":{\"@type\":\"ImageObject\",\"inLanguage\":\"es\",\"@id\":\"https:\/\/www.padreydecano.com\/cms\/#\/schema\/logo\/image\/\",\"url\":\"https:\/\/www.padreydecano.com\/cms\/wp-content\/uploads\/2022\/01\/avatar-square.png\",\"contentUrl\":\"https:\/\/www.padreydecano.com\/cms\/wp-content\/uploads\/2022\/01\/avatar-square.png\",\"width\":1500,\"height\":1500,\"caption\":\"Padre y Decano\"},\"image\":{\"@id\":\"https:\/\/www.padreydecano.com\/cms\/#\/schema\/logo\/image\/\"}},{\"@type\":\"Person\",\"@id\":\"https:\/\/www.padreydecano.com\/cms\/#\/schema\/person\/b22191326be6d1c7fa55c2ad137a9a32\",\"name\":\"Udelar\",\"image\":{\"@type\":\"ImageObject\",\"inLanguage\":\"es\",\"@id\":\"https:\/\/www.padreydecano.com\/cms\/#\/schema\/person\/image\/\",\"url\":\"https:\/\/secure.gravatar.com\/avatar\/611ece663b16897a2cd2f46982281225?s=96&d=https%3A%2F%2Fpadreydecano.com%2Fcms%2Fwp-content%2Fthemes%2Fpyd-theme%2Fimg%2Fdefault-avatar.png&r=g\",\"contentUrl\":\"https:\/\/secure.gravatar.com\/avatar\/611ece663b16897a2cd2f46982281225?s=96&d=https%3A%2F%2Fpadreydecano.com%2Fcms%2Fwp-content%2Fthemes%2Fpyd-theme%2Fimg%2Fdefault-avatar.png&r=g\",\"caption\":\"Udelar\"}}]}<\/script>\n<!-- \/ Yoast SEO plugin. -->","yoast_head_json":{"title":"Alessandra Mazurkiewicz: \"Tener a las jugadoras entrenando dos meses sin competencia, desgasta\" - Padre y Decano - El Sitio del Pueblo","robots":{"index":"index","follow":"follow","max-snippet":"max-snippet:-1","max-image-preview":"max-image-preview:large","max-video-preview":"max-video-preview:-1"},"canonical":"https:\/\/www.padreydecano.com\/cms\/entrevistas\/alessandra-mazurkiewicz-tener-a-las-jugadoras-entrenando-dos-meses-sin-competencia-desgasta\/","og_locale":"es_ES","og_type":"article","og_title":"Alessandra Mazurkiewicz: \"Tener a las jugadoras entrenando dos meses sin competencia, desgasta\" - Padre y Decano - El Sitio del Pueblo","og_description":"La Presidenta del F\u00fatbol Femenino de Pe\u00f1arol, dialog\u00f3 con PyD sobre la actualidad y lo que se vendr\u00e1 para el club en este \u00e1mbito.\u00a0 \u00bfC\u00f3mo est\u00e1 la situaci\u00f3n del plantel principal del Femenino? \u00bfSe sabe cu\u00e1ndo vuelven a los entrenamientos? \u00abLa idea es comenzar la semana que viene, estamos definiendo esta semana detalles de cancha, [&hellip;]","og_url":"https:\/\/www.padreydecano.com\/cms\/entrevistas\/alessandra-mazurkiewicz-tener-a-las-jugadoras-entrenando-dos-meses-sin-competencia-desgasta\/","og_site_name":"Padre y Decano - El Sitio del Pueblo","article_published_time":"2020-01-14T17:48:06+00:00","og_image":[{"width":723,"height":488,"url":"https:\/\/www.padreydecano.com\/cms\/wp-content\/uploads\/2020\/01\/21388.jpeg","type":"image\/jpeg"}],"author":"Udelar","twitter_card":"summary_large_image","twitter_misc":{"Escrito por":"Udelar","Tiempo de lectura":"3 minutos"},"schema":{"@context":"https:\/\/schema.org","@graph":[{"@type":"Article","@id":"https:\/\/www.padreydecano.com\/cms\/entrevistas\/alessandra-mazurkiewicz-tener-a-las-jugadoras-entrenando-dos-meses-sin-competencia-desgasta\/#article","isPartOf":{"@id":"https:\/\/www.padreydecano.com\/cms\/entrevistas\/alessandra-mazurkiewicz-tener-a-las-jugadoras-entrenando-dos-meses-sin-competencia-desgasta\/"},"author":{"name":"Udelar","@id":"https:\/\/www.padreydecano.com\/cms\/#\/schema\/person\/b22191326be6d1c7fa55c2ad137a9a32"},"headline":"Alessandra Mazurkiewicz: \u00abTener a las jugadoras entrenando dos meses sin competencia, desgasta\u00bb","datePublished":"2020-01-14T17:48:06+00:00","dateModified":"2020-01-14T17:48:06+00:00","mainEntityOfPage":{"@id":"https:\/\/www.padreydecano.com\/cms\/entrevistas\/alessandra-mazurkiewicz-tener-a-las-jugadoras-entrenando-dos-meses-sin-competencia-desgasta\/"},"wordCount":701,"commentCount":10,"publisher":{"@id":"https:\/\/www.padreydecano.com\/cms\/#organization"},"image":{"@id":"https:\/\/www.padreydecano.com\/cms\/entrevistas\/alessandra-mazurkiewicz-tener-a-las-jugadoras-entrenando-dos-meses-sin-competencia-desgasta\/#primaryimage"},"thumbnailUrl":"https:\/\/www.padreydecano.com\/cms\/wp-content\/uploads\/2020\/01\/21388.jpeg","keywords":["F\u00fatbol Femenino"],"articleSection":["Entrevistas"],"inLanguage":"es","potentialAction":[{"@type":"CommentAction","name":"Comment","target":["https:\/\/www.padreydecano.com\/cms\/entrevistas\/alessandra-mazurkiewicz-tener-a-las-jugadoras-entrenando-dos-meses-sin-competencia-desgasta\/#respond"]}]},{"@type":"WebPage","@id":"https:\/\/www.padreydecano.com\/cms\/entrevistas\/alessandra-mazurkiewicz-tener-a-las-jugadoras-entrenando-dos-meses-sin-competencia-desgasta\/","url":"https:\/\/www.padreydecano.com\/cms\/entrevistas\/alessandra-mazurkiewicz-tener-a-las-jugadoras-entrenando-dos-meses-sin-competencia-desgasta\/","name":"Alessandra Mazurkiewicz: \"Tener a las jugadoras entrenando dos meses sin competencia, desgasta\" - Padre y Decano - El Sitio del Pueblo","isPartOf":{"@id":"https:\/\/www.padreydecano.com\/cms\/#website"},"primaryImageOfPage":{"@id":"https:\/\/www.padreydecano.com\/cms\/entrevistas\/alessandra-mazurkiewicz-tener-a-las-jugadoras-entrenando-dos-meses-sin-competencia-desgasta\/#primaryimage"},"image":{"@id":"https:\/\/www.padreydecano.com\/cms\/entrevistas\/alessandra-mazurkiewicz-tener-a-las-jugadoras-entrenando-dos-meses-sin-competencia-desgasta\/#primaryimage"},"thumbnailUrl":"https:\/\/www.padreydecano.com\/cms\/wp-content\/uploads\/2020\/01\/21388.jpeg","datePublished":"2020-01-14T17:48:06+00:00","dateModified":"2020-01-14T17:48:06+00:00","breadcrumb":{"@id":"https:\/\/www.padreydecano.com\/cms\/entrevistas\/alessandra-mazurkiewicz-tener-a-las-jugadoras-entrenando-dos-meses-sin-competencia-desgasta\/#breadcrumb"},"inLanguage":"es","potentialAction":[{"@type":"ReadAction","target":["https:\/\/www.padreydecano.com\/cms\/entrevistas\/alessandra-mazurkiewicz-tener-a-las-jugadoras-entrenando-dos-meses-sin-competencia-desgasta\/"]}]},{"@type":"ImageObject","inLanguage":"es","@id":"https:\/\/www.padreydecano.com\/cms\/entrevistas\/alessandra-mazurkiewicz-tener-a-las-jugadoras-entrenando-dos-meses-sin-competencia-desgasta\/#primaryimage","url":"https:\/\/www.padreydecano.com\/cms\/wp-content\/uploads\/2020\/01\/21388.jpeg","contentUrl":"https:\/\/www.padreydecano.com\/cms\/wp-content\/uploads\/2020\/01\/21388.jpeg","width":723,"height":488,"caption":"pe\u00f1arol.org"},{"@type":"BreadcrumbList","@id":"https:\/\/www.padreydecano.com\/cms\/entrevistas\/alessandra-mazurkiewicz-tener-a-las-jugadoras-entrenando-dos-meses-sin-competencia-desgasta\/#breadcrumb","itemListElement":[{"@type":"ListItem","position":1,"name":"Portada","item":"https:\/\/www.padreydecano.com\/cms\/"},{"@type":"ListItem","position":2,"name":"Alessandra Mazurkiewicz: \u00abTener a las jugadoras entrenando dos meses sin competencia, desgasta\u00bb"}]},{"@type":"WebSite","@id":"https:\/\/www.padreydecano.com\/cms\/#website","url":"https:\/\/www.padreydecano.com\/cms\/","name":"Padre y Decano - El Sitio del Pueblo","description":"Club Atl\u00e9tico Pe\u00f1arol","publisher":{"@id":"https:\/\/www.padreydecano.com\/cms\/#organization"},"potentialAction":[{"@type":"SearchAction","target":{"@type":"EntryPoint","urlTemplate":"https:\/\/www.padreydecano.com\/cms\/?s={search_term_string}"},"query-input":"required name=search_term_string"}],"inLanguage":"es"},{"@type":"Organization","@id":"https:\/\/www.padreydecano.com\/cms\/#organization","name":"Padre y Decano","url":"https:\/\/www.padreydecano.com\/cms\/","logo":{"@type":"ImageObject","inLanguage":"es","@id":"https:\/\/www.padreydecano.com\/cms\/#\/schema\/logo\/image\/","url":"https:\/\/www.padreydecano.com\/cms\/wp-content\/uploads\/2022\/01\/avatar-square.png","contentUrl":"https:\/\/www.padreydecano.com\/cms\/wp-content\/uploads\/2022\/01\/avatar-square.png","width":1500,"height":1500,"caption":"Padre y Decano"},"image":{"@id":"https:\/\/www.padreydecano.com\/cms\/#\/schema\/logo\/image\/"}},{"@type":"Person","@id":"https:\/\/www.padreydecano.com\/cms\/#\/schema\/person\/b22191326be6d1c7fa55c2ad137a9a32","name":"Udelar","image":{"@type":"ImageObject","inLanguage":"es","@id":"https:\/\/www.padreydecano.com\/cms\/#\/schema\/person\/image\/","url":"https:\/\/secure.gravatar.com\/avatar\/611ece663b16897a2cd2f46982281225?s=96&d=https%3A%2F%2Fpadreydecano.com%2Fcms%2Fwp-content%2Fthemes%2Fpyd-theme%2Fimg%2Fdefault-avatar.png&r=g","contentUrl":"https:\/\/secure.gravatar.com\/avatar\/611ece663b16897a2cd2f46982281225?s=96&d=https%3A%2F%2Fpadreydecano.com%2Fcms%2Fwp-content%2Fthemes%2Fpyd-theme%2Fimg%2Fdefault-avatar.png&r=g","caption":"Udelar"}}]}},"_links":{"self":[{"href":"https:\/\/www.padreydecano.com\/cms\/wp-json\/wp\/v2\/posts\/73389"}],"collection":[{"href":"https:\/\/www.padreydecano.com\/cms\/wp-json\/wp\/v2\/posts"}],"about":[{"href":"https:\/\/www.padreydecano.com\/cms\/wp-json\/wp\/v2\/types\/post"}],"author":[{"embeddable":true,"href":"https:\/\/www.padreydecano.com\/cms\/wp-json\/wp\/v2\/users\/30"}],"replies":[{"embeddable":true,"href":"https:\/\/www.padreydecano.com\/cms\/wp-json\/wp\/v2\/comments?post=73389"}],"version-history":[{"count":0,"href":"https:\/\/www.padreydecano.com\/cms\/wp-json\/wp\/v2\/posts\/73389\/revisions"}],"wp:featuredmedia":[{"embeddable":true,"href":"https:\/\/www.padreydecano.com\/cms\/wp-json\/wp\/v2\/media\/73390"}],"wp:attachment":[{"href":"https:\/\/www.padreydecano.com\/cms\/wp-json\/wp\/v2\/media?parent=73389"}],"wp:term":[{"taxonomy":"category","embeddable":true,"href":"https:\/\/www.padreydecano.com\/cms\/wp-json\/wp\/v2\/categories?post=73389"},{"taxonomy":"post_tag","embeddable":true,"href":"https:\/\/www.padreydecano.com\/cms\/wp-json\/wp\/v2\/tags?post=73389"}],"curies":[{"name":"wp","href":"https:\/\/api.w.org\/{rel}","templated":true}]}}