{"id":73358,"date":"2020-01-14T09:00:25","date_gmt":"2020-01-14T12:00:25","guid":{"rendered":"http:\/\/www.padreydecano.com\/cms\/?p=73358"},"modified":"2020-01-20T09:46:30","modified_gmt":"2020-01-20T12:46:30","slug":"penarol-el-dueno-del-amor-popular","status":"publish","type":"post","link":"https:\/\/www.padreydecano.com\/cms\/noticias\/penarol-el-dueno-del-amor-popular\/","title":{"rendered":"Pe\u00f1arol, el due\u00f1o del amor popular"},"content":{"rendered":"<p><img loading=\"lazy\" decoding=\"async\" class=\"aligncenter size-full wp-image-73371\" src=\"https:\/\/www.padreydecano.com\/cms\/wp-content\/uploads\/2020\/01\/IMG-20200113-WA0069.jpg\" alt=\"\" width=\"360\" height=\"233\" \/><\/p>\n<p style=\"text-align: justify;\"><strong>De la fundaci\u00f3n de los equipos grandes del f\u00fatbol uruguayo ya pasaron muchos a\u00f1os, m\u00e1s de un siglo para cualquiera de ellos. Sin embargo, el ADN de un club no se modifica con el tiempo. Su origen, su identidad, su nacimiento, son elementos que van a acompa\u00f1ar la vida institucional eternamente.<\/strong><\/p>\n<p style=\"text-align: justify;\">Pe\u00f1arol siempre tuvo su identidad marcada, pronunciada, distinta; pero no distinguida. Y nosotros estamos orgullosos de ser lo que somos: <strong>el cuadro del pueblo.<\/strong><\/p>\n<p style=\"text-align: justify;\">Sin embargo, de un tiempo a esta parte, se ha visto una generaci\u00f3n de desnorteados que intentan usurpar el rico patrimonio de Pe\u00f1arol, que es m\u00e1s que las copas, la paternidad cl\u00e1sica o la superioridad en t\u00edtulos: <strong>es su gente. Su maravillosa gente y su origen popular.<\/strong><\/p>\n<p style=\"text-align: justify;\">Ya sabemos que discuten todo y que viven a nuestra sombra, pero hay dos cosas que en esta tierra nunca estuvieron en tela de juicio: la paternidad y el car\u00e1cter popular de Pe\u00f1arol. Aquel que en el Siglo XX, ya era llamado \u00abel Club del Pueblo\u00bb.<\/p>\n<p style=\"text-align: justify;\"><strong>Hoy, para esos que gritan ser pueblo, despu\u00e9s de m\u00e1s de un siglo de elitismo, les dejamos en claro algunas cosas.<\/strong><\/p>\n<p style=\"text-align: justify;\"><span style=\"color: #ffcc00;\"><strong>Los or\u00edgenes<\/strong><\/span><\/p>\n<div id=\"attachment_73380\" style=\"width: 632px\" class=\"wp-caption aligncenter\"><img loading=\"lazy\" decoding=\"async\" aria-describedby=\"caption-attachment-73380\" class=\"wp-image-73380 size-full\" src=\"https:\/\/www.padreydecano.com\/cms\/wp-content\/uploads\/2020\/01\/WhatsApp-Image-2020-01-14-at-12.12.07-AM-1.jpeg\" alt=\"\" width=\"622\" height=\"330\" srcset=\"https:\/\/www.padreydecano.com\/cms\/wp-content\/uploads\/2020\/01\/WhatsApp-Image-2020-01-14-at-12.12.07-AM-1.jpeg 622w, https:\/\/www.padreydecano.com\/cms\/wp-content\/uploads\/2020\/01\/WhatsApp-Image-2020-01-14-at-12.12.07-AM-1-600x318.jpeg 600w\" sizes=\"(max-width: 622px) 100vw, 622px\" \/><p id=\"caption-attachment-73380\" class=\"wp-caption-text\">Fragmento de \u00abBarrio Pe\u00f1arol: patrimonio industrial ferroviario\u00bb<\/p><\/div>\n<p style=\"text-align: justify;\">Pe\u00f1arol naci\u00f3 en la empresa del Ferrocarril Central, ubicada en la Villa con su misma denominaci\u00f3n. Empresa inglesa, algo innegable. Inmigrantes, como pr\u00e1cticamente toda la poblaci\u00f3n de este bendito pa\u00eds.<\/p>\n<p style=\"text-align: justify;\">Desde su\u00a0fundaci\u00f3n\u00a0incorpor\u00f3 a los sectores m\u00e1s populares en sus\u00a0<strong>equipos y en su masa social<\/strong>. Naci\u00f3 con el nombre Central Uruguay Railway Cricket Club, pero todos desde sus comienzos lo llamaron Pe\u00f1arol. Acunado en una\u00a0villa obrera, acogi\u00f3 primero a los trabajadores del ferrocarril y luego a los hijos de \u00e9stos, que hab\u00edan emigrado de la vieja Europa.<\/p>\n<p style=\"text-align: justify;\">Pe\u00f1arol no se limit\u00f3 a los ingleses, ni se limit\u00f3 a un solo pa\u00eds. <strong>Entre los 118 socios fundadores del Decano, figuran 72 ingleses, 45 criollos y hasta un alem\u00e1n.<\/strong> Porque nosotros no somos ni ingleses, ni criollos: somos el pueblo, sea cual sea su procedencia o su color de piel, algo que en otras tiendas estaba reservado para unos pocos&#8230;<\/p>\n<p style=\"text-align: justify;\">M\u00e1s all\u00e1 de nacionalidades o apellidos, la esencia est\u00e1 en las personas. Fundado en la Villa Pe\u00f1arol, por empleados de la empresa del Ferrocarril, el car\u00e1cter obrero y popular de Pe\u00f1arol es algo indiscutible.<\/p>\n<p style=\"text-align: justify;\"><strong>Alejandro Sastre,<\/strong>\u00a0aficionado a la historia del club tiene un por qu\u00e9 de la popularidad de Pe\u00f1arol: \u201c<em><b>Es el cuadro del Pueblo porque fue su mayor propulsor en nuestro pa\u00eds.\u00a0Encaramado a los rieles que por primera vez un\u00edan la Rep\u00fablica, lo difundi\u00f3 por los cuatro puntos cardinales, ah\u00ed logro la uni\u00f3n del interior con la capital, del rico con el pobre, del obrero y el patr\u00f3n, todos en una misma cancha unidos por el oro y el carb\u00f3n<\/b><\/em>\u201d.<\/p>\n<p style=\"text-align: justify;\">De esta manera la bandera de Pe\u00f1arol y sus colores fueron extendidos a trav\u00e9s de todos los rincones de la patria. Por eso se apod\u00f3<strong>\u00a0\u201cEl Cuadro del Pueblo\u201d,\u00a0<\/strong>expresi\u00f3n muy usada en los peri\u00f3dicos de comienzos del Siglo XX.<\/p>\n<p style=\"text-align: justify;\">El hincha de Pe\u00f1arol llenaba las canchas todos los fines de semana, y los trenes se desbordaban de carboneros cada vez que jugaba el primer equipo.\u00a0As\u00ed nac\u00eda tambi\u00e9n\u00a0<strong><a href=\"https:\/\/www.padreydecano.com\/cms\/la-primera-hinchada-del-pais\/\" target=\"_blank\" rel=\"noopener\">el primer grupo organizado de hinchas<\/a>,<\/strong> los cuales se har\u00edan cargo de cuidar y llevar la bandera de Pe\u00f1arol a donde jugara el club.<\/p>\n<p style=\"text-align: justify;\">Pero dediquemos unos minutos a ver el origen del Club Nacional de Football &#8211; porque lo decimos con nombre y apellido -,\u00a0y podemos reconocer un club clasista. Fundado supuestamente el 14 de mayo de 1899 (sin registros del acto), la versi\u00f3n oficial indica que nace como un club nacido entre estudiantes universitarios de la aristocracia de Montevideo. Como cualquier persona sabe, los estudios universitarios en el Siglo XIX, no estaban al alcance de cualquier hijo de vecino. No se ataca a quien haya tenido esa oportunidad, pero dista bastante de un origen obrero y popular como el del club de las once estrellas.<\/p>\n<p style=\"text-align: justify;\">Hasta ah\u00ed no hay nada malo, lo malo es mentir y pretender cambiar la historia 100 a\u00f1os despu\u00e9s.<\/p>\n<p style=\"text-align: justify;\">Pe\u00f1arol fue siempre el cuadro m\u00e1s popular de este pa\u00eds. El que mueve las mayores masas y el que abarca los m\u00e1s grandes sentimientos. En ese sentido, vale la pena reproducir estas palabras del libro<strong> \u00abDel f\u00fatbol heroico\u00bb<\/strong> de los hermanos Magari\u00f1os Pittaluga:<\/p>\n<p style=\"text-align: justify;\"><em><strong>\u00abPe\u00f1arol, a diferencia de las otras instituciones nacidas entre los universitarios brit\u00e1nicos o entre elementos pertenecientes al alto comercio y la industria, vio la luz del d\u00eda en medio de los obreros de los talleres del ferrocarril, trayendo con su surgimiento aires de democracia. Por esto o por aquello, lo cierto es que Pe\u00f1arol result\u00f3 el ni\u00f1o mimado y adorado por el pueblo, y lo exacto es, tambi\u00e9n, que jam\u00e1s desilusion\u00f3 al \u00abrespetable\u00bb, y que por el contrario, le brind\u00f3 generoso grandes satisfacciones y muchos d\u00edas de divina alegr\u00eda\u00bb.<\/strong><\/em><\/p>\n<p style=\"text-align: justify;\">El mensaje es claro y queda poco por agregar, Pe\u00f1arol fue siempre el ni\u00f1o mimado del pueblo uruguayo. Porque era su club, el de su gente.<\/p>\n<p style=\"text-align: justify;\"><span style=\"color: #ffcc00;\"><strong>Las mentiras que vinieron&#8230;<\/strong><\/span><\/p>\n<p style=\"text-align: justify;\">Con el correr del tiempo, la gente de Nacional empez\u00f3 a querer apoyarse en su falta de documentaci\u00f3n, para respaldar su supuesto \u00aborigen humilde\u00bb. Capaz los ni\u00f1os estudiantes no ten\u00edan libro de actas, pero seguro ese club no tenia or\u00edgenes humildes.<\/p>\n<p style=\"text-align: justify;\">Despu\u00e9s vino el verso de los colores de Artigas. Algo ins\u00f3lito para un equipo que <strong>nace como fusi\u00f3n de otros dos (Uruguay Athletic y Montevideo F.C.)<\/strong>, y que en sus primeros a\u00f1os solo utilizaba el color rojo y el azul, por dichos equipos. A\u00f1os despu\u00e9s, en 1902, luego del bicampeonato de Pe\u00f1arol en 1900-1901 y de jugar 7 cl\u00e1sicos sin ganar ninguno (5 derrotas y 2 empates), <strong>deciden sumar otro equipo: el Defensa,<\/strong> probablemente intentando mejorar el poder\u00edo de un club que naci\u00f3 destinado a ser segundo.<\/p>\n<p style=\"text-align: justify;\">Ac\u00e1 es donde aparece el color blanco en Nacional.<strong> Que a nosotros nos importa muy poco, pero no por eso los vamos a dejar mentir. De Artigas, nada.<\/strong><\/p>\n<p style=\"text-align: justify;\"><span style=\"color: #ffcc00;\"><strong><em>Nosotros somos los manyas<\/em><\/strong><\/span><\/p>\n<p style=\"text-align: justify;\">El apodo de &#8216;manya&#8217; nace con una intenci\u00f3n ofensiva y despectiva, digna de un club clasista y antipopular. El encargado de las palabras fue Carlos Scarone, hermano mayor de H\u00e9ctor, en la previa de la disputa de un cl\u00e1sico entre Pe\u00f1arol y Nacional, amistoso, en julio de 1914.<\/p>\n<p style=\"text-align: justify;\">Scarone, de familia aurinegra, hab\u00eda jugado anteriormente en Pe\u00f1arol, con destacado pasaje. Sin embargo, tras un breve recorrido por el futbol argentino, regres\u00f3 a nuestro pa\u00eds. Y se fue a Nacional. Despu\u00e9s de la famosa remontada del 9 contra 11 por Copa Competencia, Carlos Scarone decid\u00eda \u00abcruzar la calle\u00bb y pararse en la vereda de los clubes elitistas ya que <em><strong>\u00aben los aurinegros no le daban nada, y en Nacional le pagaban\u00bb<\/strong><\/em> <em>(Memorias de la Pelota, Alfredo Etchandy)<\/em>. As\u00ed llegar\u00eda su famosa declaraci\u00f3n: <em><strong>\u00ab\u00bfQuedarme en Pe\u00f1arol? \u00bfA qu\u00e9 me iba a quedar? \u00bfA mangiare merda?\u00bb.<\/strong><\/em><\/p>\n<p style=\"text-align: justify;\">El partido lo gan\u00f3 Pe\u00f1arol, <strong>como de costumbre.<\/strong> Pero ese d\u00eda, m\u00e1s que el resultado, qued\u00f3 en la historia por ser la fiel representaci\u00f3n del esp\u00edritu y la esencia de un club y otro.<\/p>\n<p style=\"text-align: justify;\">No solo la de ellos, que siempre fueron as\u00ed. Si no tambi\u00e9n la nuestra, que<strong> lejos de renegar de nuestros inicios populares, adoptamos la ofensa y la convertimos en motivo de orgullo.<\/strong> Algo que ha pasado en muchos clubes del Rio de la Plata; los bosteros, las gallinas, los leprosos, los canallas, etc. Todos asumen caracter\u00edsticas que nacieron como ofensas para transformarlo en orgullo. <strong>Nacional, sin embargo, sigue mirando para el costado y evita aceptar el mote que por derecho se gan\u00f3 en cancha y por el cual se lo conoce en el folklore uruguayo: gallina.<\/strong><\/p>\n<p style=\"text-align: justify;\"><span style=\"color: #ffcc00;\"><strong><em>Y ellos, los cuelludos&#8230;<\/em><\/strong><\/span><\/p>\n<p><img loading=\"lazy\" decoding=\"async\" class=\"aligncenter size-full wp-image-73381\" src=\"https:\/\/www.padreydecano.com\/cms\/wp-content\/uploads\/2020\/01\/descansocom.jpg\" alt=\"\" width=\"679\" height=\"194\" srcset=\"https:\/\/www.padreydecano.com\/cms\/wp-content\/uploads\/2020\/01\/descansocom.jpg 679w, https:\/\/www.padreydecano.com\/cms\/wp-content\/uploads\/2020\/01\/descansocom-600x171.jpg 600w\" sizes=\"(max-width: 679px) 100vw, 679px\" \/><\/p>\n<p style=\"text-align: justify;\">As\u00ed como ostentaron siempre con orgullo su etiqueta negra de equipo elitista, tuvieron sus malos tragos por esa forma de ser tan especial y aut\u00f3ctona de Nacional.<\/p>\n<p style=\"text-align: justify;\">En el inicio de la d\u00e9cada de 1910, sufrir\u00edan una aguda crisis interna entre quienes pretend\u00edan integrar jugadores de origen humilde y aquellos que pretend\u00edan mantener el caracter elitista de la instituci\u00f3n, <strong>los llamados &#8216;cuelludos&#8217;.<\/strong> Estos \u00faltimos eran <strong>fundadores de Nacional y verdaderos portadores del ADN nacional\u00f3filo: la segregaci\u00f3n.<\/strong><\/p>\n<p style=\"text-align: justify;\">En esa sinton\u00eda hablan las cr\u00f3nicas del diario El D\u00eda de aquellos a\u00f1os, donde se menciona el malestar de algunos personajes del CNdeF, por la inclusi\u00f3n de<em><strong> \u00abuna punta de mugres\u00bb<\/strong><\/em> <em>(diario El D\u00eda 17\/3\/11)<\/em>. As\u00ed, perdieron valores como \u00c1ngel Romano, que fue a jugar a&#8230; Pe\u00f1arol.<\/p>\n<p style=\"text-align: justify;\">Como puede observarse en una p\u00e1gina del tradicional rival, <em><strong>\u00abno los aceptaban por su condici\u00f3n de obreros alba\u00f1iles, por cuanto los consideraban de clase inferior\u00bb.<\/strong><\/em><\/p>\n<p style=\"text-align: justify;\">Pe\u00f1arol y Nacional caminan por veredas que no est\u00e1n destinadas a encontrarse, porque nosotros somos los manyas, y ellos los cuelludos. <strong>As\u00ed lo muestra la historia.<\/strong><\/p>\n<p style=\"text-align: justify;\"><span style=\"color: #ffcc00;\"><strong>El Cuadro de los Negros<\/strong><\/span><\/p>\n<div id=\"attachment_73361\" style=\"width: 1161px\" class=\"wp-caption aligncenter\"><img loading=\"lazy\" decoding=\"async\" aria-describedby=\"caption-attachment-73361\" class=\"wp-image-73361 size-full\" src=\"https:\/\/www.padreydecano.com\/cms\/wp-content\/uploads\/2020\/01\/IMG_20200113_190740.jpg\" alt=\"\" width=\"1151\" height=\"828\" srcset=\"https:\/\/www.padreydecano.com\/cms\/wp-content\/uploads\/2020\/01\/IMG_20200113_190740.jpg 1151w, https:\/\/www.padreydecano.com\/cms\/wp-content\/uploads\/2020\/01\/IMG_20200113_190740-600x432.jpg 600w, https:\/\/www.padreydecano.com\/cms\/wp-content\/uploads\/2020\/01\/IMG_20200113_190740-768x552.jpg 768w, https:\/\/www.padreydecano.com\/cms\/wp-content\/uploads\/2020\/01\/IMG_20200113_190740-1024x737.jpg 1024w\" sizes=\"(max-width: 1151px) 100vw, 1151px\" \/><p id=\"caption-attachment-73361\" class=\"wp-caption-text\">Gide\u00f3n \u00abTatita\u00bb Silva<\/p><\/div>\n<p style=\"text-align: justify;\">La evoluci\u00f3n de las mentiras, llev\u00f3 a decir que en Pe\u00f1arol no se aceptaban jugadores negros, mientras que en Nacional s\u00ed.<\/p>\n<p style=\"text-align: justify;\">Lo cierto es que en Nacional los primeros nombres que pueden manejarse son el de Antonio Ascunzi y Viamont. El primero solo jug\u00f3 dos partidos contra el Bristol, equipo que ten\u00eda en sus filas a varios representantes de \u00ablos cuelludos\u00bb. La versi\u00f3n rom\u00e1ntica que plantea hoy Nacional, es que busc\u00f3 dar un mensaje. Lo cierto es que Ascunzi solo jug\u00f3 esos dos partidos y nunca m\u00e1s pis\u00f3 una cancha, as\u00ed que el mensaje que dan es de use y tire. Lo mostraron y lo descartaron. Mientras tanto, Viamont ni siquiera tendr\u00eda lugar en el equipo de La Blanqueada.<\/p>\n<p style=\"text-align: justify;\">En Pe\u00f1arol, sin embargo, encontramos <strong>lazos que unen al futbolista negro y al club Decano, representados en jugadores de gloriosa talla.<\/strong><\/p>\n<p style=\"text-align: justify;\">Entre ellos podemos destacar al gran<strong> Isabelino Gradin, \u00eddolo hist\u00f3rico de Pe\u00f1arol que llegar\u00eda al Decano en 1915; a Juan Delgado, campe\u00f3n de 1918 que aparece en registros fotogr\u00e1ficos de 1913 o a \u00abTatita\u00bb Silva, ganador entre otros, del primer Uruguayo Profesional con Pe\u00f1arol en 1932.<\/strong><\/p>\n<p style=\"text-align: justify;\">Si se sigue m\u00e1s adelante en el tiempo estaremos llegando a figuras como <strong>Obdulio Varela, o extranjeros como Alberto Spencer y Juan Joya,<\/strong> por nombrar solo algunos cracks.<\/p>\n<p style=\"text-align: justify;\">Si bien el primer futbolista negro en la historia del f\u00fatbol uruguayo no pertenece a Pe\u00f1arol (la distincion corresponde a Arrieta, arquero del Intr\u00e9pido en 1909), la verdad es que<strong> los primeros en dejar una huella en nuestro pa\u00eds lo hicieron defendiendo la camiseta aurinegra.<\/strong><\/p>\n<p style=\"text-align: justify;\"><span style=\"color: #ffcc00;\"><strong>Pe\u00f1arol en manos de su gente<\/strong><\/span><\/p>\n<p style=\"text-align: justify;\">Quienes pretenden discutir el decanato o la fundaci\u00f3n de Pe\u00f1arol, suelen apelar a elementos poco claros que ni ellos saben explicar. Conspiraciones, mentiras, coimas, son parte del arsenal que ensayan para atacar algo que est\u00e1 blindado.<\/p>\n<p style=\"text-align: justify;\">Sin embargo, hay un punto donde no se han animado ni siquiera a asomarse: <strong>el factor sociol\u00f3gico.<\/strong> De hecho, hasta han reconocido que no tienen nada que inventar.<\/p>\n<p style=\"text-align: justify;\">Y el elemento social de Pe\u00f1arol encuentra su prueba m\u00e1xima de car\u00e1cter o fidelidad en la transici\u00f3n de 1913. La intenci\u00f3n de las autoridades de la empresa ferroviaria era muy clara: sacar el club de la Villa. Lo cierto es que <strong>si no hubiera existido ese clamor popular encargado de cuidar y proteger al club de sus amores, Pe\u00f1arol no se hubiera mantenido en pie hasta nuestros d\u00edas.<\/strong><\/p>\n<p style=\"text-align: justify;\">El car\u00e1cter popular del club fue el que lo salv\u00f3 de un destino poco prometedor.<\/p>\n<p style=\"text-align: justify;\"><span style=\"color: #ffcc00;\"><strong>And\u00e1 a cantarle a Gardel<\/strong><\/span><\/p>\n<p><img loading=\"lazy\" decoding=\"async\" class=\"aligncenter size-full wp-image-73379\" src=\"https:\/\/www.padreydecano.com\/cms\/wp-content\/uploads\/2020\/01\/WhatsApp-Image-2020-01-14-at-12.12.07-AM.jpeg\" alt=\"\" width=\"594\" height=\"569\" \/><\/p>\n<p style=\"text-align: justify;\">Hablar de Carlos Gardel es hablar de una de las figuras m\u00e1s importantes en la historia de la cultura uruguaya y de todo el R\u00edo de la Plata.<\/p>\n<p style=\"text-align: justify;\">S\u00edmbolo cultural, imagen que se muestra al mundo, celebridad de aquellos a\u00f1os, <strong>el Zorzal fue un gran hincha de Pe\u00f1arol.<\/strong> Aunque algunos hayan querido apropiarse de una figura que no les corresponde, incluso instalando en su cancha, una estatua en honor a un manya. <strong>Uno de esos a los que les gritaban manya como un insulto.<\/strong><\/p>\n<p style=\"text-align: justify;\">Pero m\u00e1s all\u00e1 de su pasi\u00f3n, lo que queremos destacar de Gardel es el motivo de dicho encanto con nuestro club.<\/p>\n<p style=\"text-align: justify;\">La explicaci\u00f3n la da Lorenzo Bicain, \u00edntimo amigo de Carlos Gardel, en entrevista con Luis Lecaldare, a qui\u00e9n le cuenta que Gardel sol\u00eda confesarle que<strong><em> \u00abera hincha de Racing de Buenos Aires y de Pe\u00f1arol en Montevideo\u00bb <\/em><\/strong>y que cuando le pregunt\u00f3 el motivo por el cu\u00e1l simpatizaba por los aurinegros, le respondi\u00f3: <em><strong>\u201cPorque son m\u00e1s del pueblo\u201d.<\/strong><\/em><\/p>\n<p style=\"text-align: justify;\">La entrevista la recoge Nelson Bayardo, qui\u00e9n dedic\u00f3 su vida a investigar la vida del famoso cantor, en su libro <strong>\u00abCarlos Gardel, a la luz de la historia\u00bb.<\/strong><\/p>\n<p style=\"text-align: justify;\">Una vez m\u00e1s, el ADN de Pe\u00f1arol como equipo de pueblo. Esta vez, en las palabras de una de las mayores figuras de nuestra cultura.<\/p>\n<p style=\"text-align: justify;\"><span style=\"color: #ffcc00;\"><strong>La hinchada m\u00e1s grande del pa\u00eds<\/strong><\/span><\/p>\n<p><img loading=\"lazy\" decoding=\"async\" class=\"aligncenter wp-image-73375 size-full\" src=\"https:\/\/www.padreydecano.com\/cms\/wp-content\/uploads\/2020\/01\/hinchada-pe\u00f1arol.jpg\" alt=\"\" width=\"849\" height=\"608\" srcset=\"https:\/\/www.padreydecano.com\/cms\/wp-content\/uploads\/2020\/01\/hinchada-pe\u00f1arol.jpg 849w, https:\/\/www.padreydecano.com\/cms\/wp-content\/uploads\/2020\/01\/hinchada-pe\u00f1arol-600x430.jpg 600w, https:\/\/www.padreydecano.com\/cms\/wp-content\/uploads\/2020\/01\/hinchada-pe\u00f1arol-768x550.jpg 768w\" sizes=\"(max-width: 849px) 100vw, 849px\" \/><\/p>\n<p style=\"text-align: justify;\">Todo lo que venimos comentando, tiene un reflejo claro en lo cuantificable. Las identidades ya quedaron claras y definidas, pero <strong>no se puede ser el club del pueblo sin tener la hinchada m\u00e1s grande del pa\u00eds.<\/strong><\/p>\n<p style=\"text-align: justify;\">En ese sentido, <strong>los datos vuelven a darle la derecha a la historia.<\/strong> Diversas encuestas, de diferentes empresas y en distintos momentos, pero todas con un punto en com\u00fan:<strong> la supremac\u00eda de Pe\u00f1arol.<\/strong><\/p>\n<ul>\n<li><strong>EQUIPOS<\/strong> (2004)<\/li>\n<\/ul>\n<p><img loading=\"lazy\" decoding=\"async\" class=\"aligncenter size-full wp-image-73384\" src=\"https:\/\/www.padreydecano.com\/cms\/wp-content\/uploads\/2020\/01\/EQUIPOS-1.png\" alt=\"\" width=\"582\" height=\"359\" \/><\/p>\n<ul>\n<li style=\"text-align: justify;\"><strong>FACTUM\u00a0<\/strong>(2006)<\/li>\n<\/ul>\n<p><img loading=\"lazy\" decoding=\"async\" class=\"aligncenter size-full wp-image-14219\" src=\"https:\/\/www.padreydecano.com\/cms\/wp-content\/uploads\/2012\/01\/Encuesta-Factum-Diario-El-Observador.jpg\" alt=\"\" width=\"500\" height=\"451\" srcset=\"https:\/\/www.padreydecano.com\/cms\/wp-content\/uploads\/2012\/01\/Encuesta-Factum-Diario-El-Observador.jpg 500w, https:\/\/www.padreydecano.com\/cms\/wp-content\/uploads\/2012\/01\/Encuesta-Factum-Diario-El-Observador-300x270.jpg 300w\" sizes=\"(max-width: 500px) 100vw, 500px\" \/><\/p>\n<ul>\n<li style=\"text-align: justify;\"><strong>MPC <\/strong>(2009)<\/li>\n<\/ul>\n<p><img loading=\"lazy\" decoding=\"async\" class=\"aligncenter size-full wp-image-73382\" src=\"https:\/\/www.padreydecano.com\/cms\/wp-content\/uploads\/2020\/01\/MPC.png\" alt=\"\" width=\"476\" height=\"567\" \/><\/p>\n<ul>\n<li style=\"text-align: justify;\"><strong>CIFRA <\/strong>(2013)<\/li>\n<\/ul>\n<p><img loading=\"lazy\" decoding=\"async\" class=\"aligncenter size-full wp-image-41686\" src=\"https:\/\/www.padreydecano.com\/cms\/wp-content\/uploads\/2013\/09\/encuesta-busqueda.jpg\" alt=\"\" width=\"960\" height=\"687\" srcset=\"https:\/\/www.padreydecano.com\/cms\/wp-content\/uploads\/2013\/09\/encuesta-busqueda.jpg 960w, https:\/\/www.padreydecano.com\/cms\/wp-content\/uploads\/2013\/09\/encuesta-busqueda-300x214.jpg 300w\" sizes=\"(max-width: 960px) 100vw, 960px\" \/><\/p>\n<ul>\n<li style=\"text-align: justify;\"><b>OPCI\u00d3N<\/b> (2014)<\/li>\n<\/ul>\n<p><img loading=\"lazy\" decoding=\"async\" class=\"aligncenter size-full wp-image-47710\" src=\"https:\/\/www.padreydecano.com\/cms\/wp-content\/uploads\/2014\/08\/encuesta-opcion-consultores.jpg\" alt=\"\" width=\"960\" height=\"540\" srcset=\"https:\/\/www.padreydecano.com\/cms\/wp-content\/uploads\/2014\/08\/encuesta-opcion-consultores.jpg 960w, https:\/\/www.padreydecano.com\/cms\/wp-content\/uploads\/2014\/08\/encuesta-opcion-consultores-300x168.jpg 300w, https:\/\/www.padreydecano.com\/cms\/wp-content\/uploads\/2014\/08\/encuesta-opcion-consultores-195x110.jpg 195w\" sizes=\"(max-width: 960px) 100vw, 960px\" \/><\/p>\n<ul>\n<li style=\"text-align: justify;\"><strong>UDELAR<\/strong> (2018)<\/li>\n<\/ul>\n<p><img loading=\"lazy\" decoding=\"async\" class=\"aligncenter size-full wp-image-73377\" src=\"https:\/\/www.padreydecano.com\/cms\/wp-content\/uploads\/2020\/01\/udelar.png\" alt=\"\" width=\"790\" height=\"391\" srcset=\"https:\/\/www.padreydecano.com\/cms\/wp-content\/uploads\/2020\/01\/udelar.png 790w, https:\/\/www.padreydecano.com\/cms\/wp-content\/uploads\/2020\/01\/udelar-600x297.png 600w, https:\/\/www.padreydecano.com\/cms\/wp-content\/uploads\/2020\/01\/udelar-768x380.png 768w\" sizes=\"(max-width: 790px) 100vw, 790px\" \/><\/p>\n<p style=\"text-align: justify;\"><strong>Realizando un promedio de las 6 encuestas, podemos redondear en que Pe\u00f1arol tiene un 44,3% de adeptos en el pa\u00eds, mientras que Nacional posee el 35,1%. Tomando como par\u00e1metro el \u00faltimo censo, realizado en 2011, podemos llegar a la conclusi\u00f3n de que hay 300.000 m\u00e1s <em>manyas<\/em> que <em>bolsos<\/em> radicados en Uruguay. Incuestionable y avasallante.<\/strong><\/p>\n<p style=\"text-align: justify;\"><span style=\"color: #ffcc00;\"><strong>El reconocimiento internacional<\/strong><\/span><\/p>\n<p><img loading=\"lazy\" decoding=\"async\" class=\"aligncenter size-full wp-image-73362\" src=\"https:\/\/www.padreydecano.com\/cms\/wp-content\/uploads\/2020\/01\/IMG_20200113_190813.jpg\" alt=\"\" width=\"1497\" height=\"833\" srcset=\"https:\/\/www.padreydecano.com\/cms\/wp-content\/uploads\/2020\/01\/IMG_20200113_190813.jpg 1497w, https:\/\/www.padreydecano.com\/cms\/wp-content\/uploads\/2020\/01\/IMG_20200113_190813-600x334.jpg 600w, https:\/\/www.padreydecano.com\/cms\/wp-content\/uploads\/2020\/01\/IMG_20200113_190813-768x427.jpg 768w, https:\/\/www.padreydecano.com\/cms\/wp-content\/uploads\/2020\/01\/IMG_20200113_190813-1024x570.jpg 1024w\" sizes=\"(max-width: 1497px) 100vw, 1497px\" \/><\/p>\n<p style=\"text-align: justify;\">Si algo le faltaba al informe, era una opini\u00f3n imparcial e internacional. En 1999, Pe\u00f1arol ganaba 2-1 el cl\u00e1sico por el Torneo Clausura y se quedaba con la copa, lo que motiv\u00f3 una especial cobertura de El Gr\u00e1fico, prestigiosa revista argentina:<\/p>\n<p style=\"text-align: justify;\"><strong>\u00abTan metidos est\u00e1n en la gente (Pe\u00f1arol y Nacional) y en sus pensamientos que no suena a sociolog\u00eda barata el an\u00e1lisis que hace Washington, el taxista moreno que llev\u00f3 del aeropuerto al centro de la ciudad al periodista de El Gr\u00e1fico. <em>&#8216;\u00bfQui\u00e9n quiero que gane? Mir\u00e1ndome la piel, esa pregunta est\u00e1 de m\u00e1s, yo soy fiel a mi raza, soy de los manya m&#8230;.'\u00bb<\/em><\/strong><\/p>\n<p style=\"text-align: justify;\">La cr\u00f3nica del partido sigue su ritmo, y el autor encuentra una clara relaci\u00f3n entre el origen de Pe\u00f1arol y su reflejo en la cancha, entendiendo y reconociendo a la perfecci\u00f3n lo que ya le hab\u00edan comentado acerca de la idiosincracia de cada club: <em><strong>\u00abPe\u00f1arol sufri\u00f3 para ganar, fiel a su estirpe laburanta y rea\u00bb.<\/strong><\/em><\/p>\n<p><img loading=\"lazy\" decoding=\"async\" class=\"aligncenter size-full wp-image-73363\" src=\"https:\/\/www.padreydecano.com\/cms\/wp-content\/uploads\/2020\/01\/IMG-20200113-WA0022.jpg\" alt=\"\" width=\"1600\" height=\"900\" srcset=\"https:\/\/www.padreydecano.com\/cms\/wp-content\/uploads\/2020\/01\/IMG-20200113-WA0022.jpg 1600w, https:\/\/www.padreydecano.com\/cms\/wp-content\/uploads\/2020\/01\/IMG-20200113-WA0022-600x338.jpg 600w, https:\/\/www.padreydecano.com\/cms\/wp-content\/uploads\/2020\/01\/IMG-20200113-WA0022-768x432.jpg 768w, https:\/\/www.padreydecano.com\/cms\/wp-content\/uploads\/2020\/01\/IMG-20200113-WA0022-1024x576.jpg 1024w\" sizes=\"(max-width: 1600px) 100vw, 1600px\" \/><\/p>\n<p style=\"text-align: justify;\"><span style=\"color: #ffcc00;\"><strong>Lo que la demagogia no les permite decir<\/strong><\/span><\/p>\n<p style=\"text-align: justify;\">Desde hace un tiempo a esta parte, gran parte del periodismo del pa\u00eds, intentando quedar bien con todo el mundo, trata de ignorar algunas referencias, tales como el decanato o los or\u00edgenes de cada club.<\/p>\n<p style=\"text-align: justify;\">Sin embargo alcanza con revisar cualquier diario o documento hist\u00f3rico para encontrar que a la hora de Pe\u00f1arol se habla de \u00abel Decano\u00bb o \u00abel Club del Pueblo\u00bb. L\u00f3gicamente, a\u00fan no exist\u00edan los traumas, ni los periodistas ced\u00edan ante las presiones dirigenciales del club de la Avenida 8 de Octubre.<\/p>\n<p style=\"text-align: justify;\">As\u00ed por ejemplo, encontramos este recorte de El Bien P\u00fablico. Los serios (amargos) son ellos, los otros, nosotros.<\/p>\n<p><img loading=\"lazy\" decoding=\"async\" class=\"aligncenter size-full wp-image-73373\" src=\"https:\/\/www.padreydecano.com\/cms\/wp-content\/uploads\/2020\/01\/IMG-20200113-WA0067.jpg\" alt=\"\" width=\"610\" height=\"540\" srcset=\"https:\/\/www.padreydecano.com\/cms\/wp-content\/uploads\/2020\/01\/IMG-20200113-WA0067.jpg 610w, https:\/\/www.padreydecano.com\/cms\/wp-content\/uploads\/2020\/01\/IMG-20200113-WA0067-600x531.jpg 600w\" sizes=\"(max-width: 610px) 100vw, 610px\" \/><\/p>\n<p style=\"text-align: justify;\"><strong>Ellos seguir\u00e1n en su mundo de fantas\u00eda. Hablar\u00e1n de un prestigio que no han ganado, de una historia que no tienen o de una hinchada que no ostentan. Pero el mundo sigue su ritmo y reconoce las identidades. Pe\u00f1arol seguir\u00e1 siendo Pe\u00f1arol, el club del pueblo, el manya. Y Nacional seguir\u00e1 siendo Nacional, el club que naci\u00f3 con los cuelludos<\/strong>.<\/p>\n<div class=\"user-wrapper\"><a class=\"userlink\" href=\"https:\/\/twitter.com\/PenarolPapa\" target=\"_blank\"><figure><img decoding=\"async\" src=\"http:\/\/www.padreydecano.com\/cms\/wp-users-files\/postfirmas\/penarolpapa.jpg\" \/><\/figure><p class=\"user\"><strong>Fernando Gonz\u00e1lez<\/strong><br \/>@PenarolPapa<\/p><\/a><\/div>\n","protected":false},"excerpt":{"rendered":"<p>De la fundaci\u00f3n de los equipos grandes del f\u00fatbol uruguayo ya pasaron muchos a\u00f1os, m\u00e1s de un siglo para cualquiera de ellos. Sin embargo, el ADN de un club no se modifica con el tiempo. Su origen, su identidad, su nacimiento, son elementos que van a acompa\u00f1ar la vida institucional eternamente. Pe\u00f1arol siempre tuvo su [&hellip;]<\/p>\n","protected":false},"author":3,"featured_media":73371,"comment_status":"open","ping_status":"closed","sticky":false,"template":"","format":"standard","meta":{"footnotes":""},"categories":[1],"tags":[],"yoast_head":"<!-- This site is optimized with the Yoast SEO plugin v23.2 - https:\/\/yoast.com\/wordpress\/plugins\/seo\/ -->\n<title>Pe\u00f1arol, el due\u00f1o del amor popular - Padre y Decano - El Sitio del Pueblo<\/title>\n<meta name=\"robots\" content=\"index, follow, max-snippet:-1, max-image-preview:large, max-video-preview:-1\" \/>\n<link rel=\"canonical\" href=\"https:\/\/www.padreydecano.com\/cms\/noticias\/penarol-el-dueno-del-amor-popular\/\" \/>\n<meta property=\"og:locale\" content=\"es_ES\" \/>\n<meta property=\"og:type\" content=\"article\" \/>\n<meta property=\"og:title\" content=\"Pe\u00f1arol, el due\u00f1o del amor popular - Padre y Decano - El Sitio del Pueblo\" \/>\n<meta property=\"og:description\" content=\"De la fundaci\u00f3n de los equipos grandes del f\u00fatbol uruguayo ya pasaron muchos a\u00f1os, m\u00e1s de un siglo para cualquiera de ellos. Sin embargo, el ADN de un club no se modifica con el tiempo. Su origen, su identidad, su nacimiento, son elementos que van a acompa\u00f1ar la vida institucional eternamente. Pe\u00f1arol siempre tuvo su [&hellip;]\" \/>\n<meta property=\"og:url\" content=\"https:\/\/www.padreydecano.com\/cms\/noticias\/penarol-el-dueno-del-amor-popular\/\" \/>\n<meta property=\"og:site_name\" content=\"Padre y Decano - El Sitio del Pueblo\" \/>\n<meta property=\"article:published_time\" content=\"2020-01-14T12:00:25+00:00\" \/>\n<meta property=\"article:modified_time\" content=\"2020-01-20T12:46:30+00:00\" \/>\n<meta property=\"og:image\" content=\"https:\/\/www.padreydecano.com\/cms\/wp-content\/uploads\/2020\/01\/IMG-20200113-WA0069.jpg\" \/>\n\t<meta property=\"og:image:width\" content=\"360\" \/>\n\t<meta property=\"og:image:height\" content=\"233\" \/>\n\t<meta property=\"og:image:type\" content=\"image\/jpeg\" \/>\n<meta name=\"author\" content=\"1891\" \/>\n<meta name=\"twitter:card\" content=\"summary_large_image\" \/>\n<meta name=\"twitter:label1\" content=\"Escrito por\" \/>\n\t<meta name=\"twitter:data1\" content=\"1891\" \/>\n\t<meta name=\"twitter:label2\" content=\"Tiempo de lectura\" \/>\n\t<meta name=\"twitter:data2\" content=\"14 minutos\" \/>\n<script type=\"application\/ld+json\" class=\"yoast-schema-graph\">{\"@context\":\"https:\/\/schema.org\",\"@graph\":[{\"@type\":\"Article\",\"@id\":\"https:\/\/www.padreydecano.com\/cms\/noticias\/penarol-el-dueno-del-amor-popular\/#article\",\"isPartOf\":{\"@id\":\"https:\/\/www.padreydecano.com\/cms\/noticias\/penarol-el-dueno-del-amor-popular\/\"},\"author\":{\"name\":\"1891\",\"@id\":\"https:\/\/www.padreydecano.com\/cms\/#\/schema\/person\/5607c72c38a1537a151b24d1e67535e0\"},\"headline\":\"Pe\u00f1arol, el due\u00f1o del amor popular\",\"datePublished\":\"2020-01-14T12:00:25+00:00\",\"dateModified\":\"2020-01-20T12:46:30+00:00\",\"mainEntityOfPage\":{\"@id\":\"https:\/\/www.padreydecano.com\/cms\/noticias\/penarol-el-dueno-del-amor-popular\/\"},\"wordCount\":2770,\"commentCount\":22,\"publisher\":{\"@id\":\"https:\/\/www.padreydecano.com\/cms\/#organization\"},\"image\":{\"@id\":\"https:\/\/www.padreydecano.com\/cms\/noticias\/penarol-el-dueno-del-amor-popular\/#primaryimage\"},\"thumbnailUrl\":\"https:\/\/www.padreydecano.com\/cms\/wp-content\/uploads\/2020\/01\/IMG-20200113-WA0069.jpg\",\"articleSection\":[\"Noticias\"],\"inLanguage\":\"es\",\"potentialAction\":[{\"@type\":\"CommentAction\",\"name\":\"Comment\",\"target\":[\"https:\/\/www.padreydecano.com\/cms\/noticias\/penarol-el-dueno-del-amor-popular\/#respond\"]}]},{\"@type\":\"WebPage\",\"@id\":\"https:\/\/www.padreydecano.com\/cms\/noticias\/penarol-el-dueno-del-amor-popular\/\",\"url\":\"https:\/\/www.padreydecano.com\/cms\/noticias\/penarol-el-dueno-del-amor-popular\/\",\"name\":\"Pe\u00f1arol, el due\u00f1o del amor popular - Padre y Decano - El Sitio del Pueblo\",\"isPartOf\":{\"@id\":\"https:\/\/www.padreydecano.com\/cms\/#website\"},\"primaryImageOfPage\":{\"@id\":\"https:\/\/www.padreydecano.com\/cms\/noticias\/penarol-el-dueno-del-amor-popular\/#primaryimage\"},\"image\":{\"@id\":\"https:\/\/www.padreydecano.com\/cms\/noticias\/penarol-el-dueno-del-amor-popular\/#primaryimage\"},\"thumbnailUrl\":\"https:\/\/www.padreydecano.com\/cms\/wp-content\/uploads\/2020\/01\/IMG-20200113-WA0069.jpg\",\"datePublished\":\"2020-01-14T12:00:25+00:00\",\"dateModified\":\"2020-01-20T12:46:30+00:00\",\"breadcrumb\":{\"@id\":\"https:\/\/www.padreydecano.com\/cms\/noticias\/penarol-el-dueno-del-amor-popular\/#breadcrumb\"},\"inLanguage\":\"es\",\"potentialAction\":[{\"@type\":\"ReadAction\",\"target\":[\"https:\/\/www.padreydecano.com\/cms\/noticias\/penarol-el-dueno-del-amor-popular\/\"]}]},{\"@type\":\"ImageObject\",\"inLanguage\":\"es\",\"@id\":\"https:\/\/www.padreydecano.com\/cms\/noticias\/penarol-el-dueno-del-amor-popular\/#primaryimage\",\"url\":\"https:\/\/www.padreydecano.com\/cms\/wp-content\/uploads\/2020\/01\/IMG-20200113-WA0069.jpg\",\"contentUrl\":\"https:\/\/www.padreydecano.com\/cms\/wp-content\/uploads\/2020\/01\/IMG-20200113-WA0069.jpg\",\"width\":360,\"height\":233},{\"@type\":\"BreadcrumbList\",\"@id\":\"https:\/\/www.padreydecano.com\/cms\/noticias\/penarol-el-dueno-del-amor-popular\/#breadcrumb\",\"itemListElement\":[{\"@type\":\"ListItem\",\"position\":1,\"name\":\"Portada\",\"item\":\"https:\/\/www.padreydecano.com\/cms\/\"},{\"@type\":\"ListItem\",\"position\":2,\"name\":\"Pe\u00f1arol, el due\u00f1o del amor popular\"}]},{\"@type\":\"WebSite\",\"@id\":\"https:\/\/www.padreydecano.com\/cms\/#website\",\"url\":\"https:\/\/www.padreydecano.com\/cms\/\",\"name\":\"Padre y Decano - El Sitio del Pueblo\",\"description\":\"Club Atl\u00e9tico Pe\u00f1arol\",\"publisher\":{\"@id\":\"https:\/\/www.padreydecano.com\/cms\/#organization\"},\"potentialAction\":[{\"@type\":\"SearchAction\",\"target\":{\"@type\":\"EntryPoint\",\"urlTemplate\":\"https:\/\/www.padreydecano.com\/cms\/?s={search_term_string}\"},\"query-input\":\"required name=search_term_string\"}],\"inLanguage\":\"es\"},{\"@type\":\"Organization\",\"@id\":\"https:\/\/www.padreydecano.com\/cms\/#organization\",\"name\":\"Padre y Decano\",\"url\":\"https:\/\/www.padreydecano.com\/cms\/\",\"logo\":{\"@type\":\"ImageObject\",\"inLanguage\":\"es\",\"@id\":\"https:\/\/www.padreydecano.com\/cms\/#\/schema\/logo\/image\/\",\"url\":\"https:\/\/www.padreydecano.com\/cms\/wp-content\/uploads\/2022\/01\/avatar-square.png\",\"contentUrl\":\"https:\/\/www.padreydecano.com\/cms\/wp-content\/uploads\/2022\/01\/avatar-square.png\",\"width\":1500,\"height\":1500,\"caption\":\"Padre y Decano\"},\"image\":{\"@id\":\"https:\/\/www.padreydecano.com\/cms\/#\/schema\/logo\/image\/\"}},{\"@type\":\"Person\",\"@id\":\"https:\/\/www.padreydecano.com\/cms\/#\/schema\/person\/5607c72c38a1537a151b24d1e67535e0\",\"name\":\"1891\",\"image\":{\"@type\":\"ImageObject\",\"inLanguage\":\"es\",\"@id\":\"https:\/\/www.padreydecano.com\/cms\/#\/schema\/person\/image\/\",\"url\":\"https:\/\/secure.gravatar.com\/avatar\/29d4d1b0d523a21898e8cf9585d259d3?s=96&d=https%3A%2F%2Fpadreydecano.com%2Fcms%2Fwp-content%2Fthemes%2Fpyd-theme%2Fimg%2Fdefault-avatar.png&r=g\",\"contentUrl\":\"https:\/\/secure.gravatar.com\/avatar\/29d4d1b0d523a21898e8cf9585d259d3?s=96&d=https%3A%2F%2Fpadreydecano.com%2Fcms%2Fwp-content%2Fthemes%2Fpyd-theme%2Fimg%2Fdefault-avatar.png&r=g\",\"caption\":\"1891\"}}]}<\/script>\n<!-- \/ Yoast SEO plugin. -->","yoast_head_json":{"title":"Pe\u00f1arol, el due\u00f1o del amor popular - Padre y Decano - El Sitio del Pueblo","robots":{"index":"index","follow":"follow","max-snippet":"max-snippet:-1","max-image-preview":"max-image-preview:large","max-video-preview":"max-video-preview:-1"},"canonical":"https:\/\/www.padreydecano.com\/cms\/noticias\/penarol-el-dueno-del-amor-popular\/","og_locale":"es_ES","og_type":"article","og_title":"Pe\u00f1arol, el due\u00f1o del amor popular - Padre y Decano - El Sitio del Pueblo","og_description":"De la fundaci\u00f3n de los equipos grandes del f\u00fatbol uruguayo ya pasaron muchos a\u00f1os, m\u00e1s de un siglo para cualquiera de ellos. Sin embargo, el ADN de un club no se modifica con el tiempo. Su origen, su identidad, su nacimiento, son elementos que van a acompa\u00f1ar la vida institucional eternamente. Pe\u00f1arol siempre tuvo su [&hellip;]","og_url":"https:\/\/www.padreydecano.com\/cms\/noticias\/penarol-el-dueno-del-amor-popular\/","og_site_name":"Padre y Decano - El Sitio del Pueblo","article_published_time":"2020-01-14T12:00:25+00:00","article_modified_time":"2020-01-20T12:46:30+00:00","og_image":[{"width":360,"height":233,"url":"https:\/\/www.padreydecano.com\/cms\/wp-content\/uploads\/2020\/01\/IMG-20200113-WA0069.jpg","type":"image\/jpeg"}],"author":"1891","twitter_card":"summary_large_image","twitter_misc":{"Escrito por":"1891","Tiempo de lectura":"14 minutos"},"schema":{"@context":"https:\/\/schema.org","@graph":[{"@type":"Article","@id":"https:\/\/www.padreydecano.com\/cms\/noticias\/penarol-el-dueno-del-amor-popular\/#article","isPartOf":{"@id":"https:\/\/www.padreydecano.com\/cms\/noticias\/penarol-el-dueno-del-amor-popular\/"},"author":{"name":"1891","@id":"https:\/\/www.padreydecano.com\/cms\/#\/schema\/person\/5607c72c38a1537a151b24d1e67535e0"},"headline":"Pe\u00f1arol, el due\u00f1o del amor popular","datePublished":"2020-01-14T12:00:25+00:00","dateModified":"2020-01-20T12:46:30+00:00","mainEntityOfPage":{"@id":"https:\/\/www.padreydecano.com\/cms\/noticias\/penarol-el-dueno-del-amor-popular\/"},"wordCount":2770,"commentCount":22,"publisher":{"@id":"https:\/\/www.padreydecano.com\/cms\/#organization"},"image":{"@id":"https:\/\/www.padreydecano.com\/cms\/noticias\/penarol-el-dueno-del-amor-popular\/#primaryimage"},"thumbnailUrl":"https:\/\/www.padreydecano.com\/cms\/wp-content\/uploads\/2020\/01\/IMG-20200113-WA0069.jpg","articleSection":["Noticias"],"inLanguage":"es","potentialAction":[{"@type":"CommentAction","name":"Comment","target":["https:\/\/www.padreydecano.com\/cms\/noticias\/penarol-el-dueno-del-amor-popular\/#respond"]}]},{"@type":"WebPage","@id":"https:\/\/www.padreydecano.com\/cms\/noticias\/penarol-el-dueno-del-amor-popular\/","url":"https:\/\/www.padreydecano.com\/cms\/noticias\/penarol-el-dueno-del-amor-popular\/","name":"Pe\u00f1arol, el due\u00f1o del amor popular - Padre y Decano - El Sitio del Pueblo","isPartOf":{"@id":"https:\/\/www.padreydecano.com\/cms\/#website"},"primaryImageOfPage":{"@id":"https:\/\/www.padreydecano.com\/cms\/noticias\/penarol-el-dueno-del-amor-popular\/#primaryimage"},"image":{"@id":"https:\/\/www.padreydecano.com\/cms\/noticias\/penarol-el-dueno-del-amor-popular\/#primaryimage"},"thumbnailUrl":"https:\/\/www.padreydecano.com\/cms\/wp-content\/uploads\/2020\/01\/IMG-20200113-WA0069.jpg","datePublished":"2020-01-14T12:00:25+00:00","dateModified":"2020-01-20T12:46:30+00:00","breadcrumb":{"@id":"https:\/\/www.padreydecano.com\/cms\/noticias\/penarol-el-dueno-del-amor-popular\/#breadcrumb"},"inLanguage":"es","potentialAction":[{"@type":"ReadAction","target":["https:\/\/www.padreydecano.com\/cms\/noticias\/penarol-el-dueno-del-amor-popular\/"]}]},{"@type":"ImageObject","inLanguage":"es","@id":"https:\/\/www.padreydecano.com\/cms\/noticias\/penarol-el-dueno-del-amor-popular\/#primaryimage","url":"https:\/\/www.padreydecano.com\/cms\/wp-content\/uploads\/2020\/01\/IMG-20200113-WA0069.jpg","contentUrl":"https:\/\/www.padreydecano.com\/cms\/wp-content\/uploads\/2020\/01\/IMG-20200113-WA0069.jpg","width":360,"height":233},{"@type":"BreadcrumbList","@id":"https:\/\/www.padreydecano.com\/cms\/noticias\/penarol-el-dueno-del-amor-popular\/#breadcrumb","itemListElement":[{"@type":"ListItem","position":1,"name":"Portada","item":"https:\/\/www.padreydecano.com\/cms\/"},{"@type":"ListItem","position":2,"name":"Pe\u00f1arol, el due\u00f1o del amor popular"}]},{"@type":"WebSite","@id":"https:\/\/www.padreydecano.com\/cms\/#website","url":"https:\/\/www.padreydecano.com\/cms\/","name":"Padre y Decano - El Sitio del Pueblo","description":"Club Atl\u00e9tico Pe\u00f1arol","publisher":{"@id":"https:\/\/www.padreydecano.com\/cms\/#organization"},"potentialAction":[{"@type":"SearchAction","target":{"@type":"EntryPoint","urlTemplate":"https:\/\/www.padreydecano.com\/cms\/?s={search_term_string}"},"query-input":"required name=search_term_string"}],"inLanguage":"es"},{"@type":"Organization","@id":"https:\/\/www.padreydecano.com\/cms\/#organization","name":"Padre y Decano","url":"https:\/\/www.padreydecano.com\/cms\/","logo":{"@type":"ImageObject","inLanguage":"es","@id":"https:\/\/www.padreydecano.com\/cms\/#\/schema\/logo\/image\/","url":"https:\/\/www.padreydecano.com\/cms\/wp-content\/uploads\/2022\/01\/avatar-square.png","contentUrl":"https:\/\/www.padreydecano.com\/cms\/wp-content\/uploads\/2022\/01\/avatar-square.png","width":1500,"height":1500,"caption":"Padre y Decano"},"image":{"@id":"https:\/\/www.padreydecano.com\/cms\/#\/schema\/logo\/image\/"}},{"@type":"Person","@id":"https:\/\/www.padreydecano.com\/cms\/#\/schema\/person\/5607c72c38a1537a151b24d1e67535e0","name":"1891","image":{"@type":"ImageObject","inLanguage":"es","@id":"https:\/\/www.padreydecano.com\/cms\/#\/schema\/person\/image\/","url":"https:\/\/secure.gravatar.com\/avatar\/29d4d1b0d523a21898e8cf9585d259d3?s=96&d=https%3A%2F%2Fpadreydecano.com%2Fcms%2Fwp-content%2Fthemes%2Fpyd-theme%2Fimg%2Fdefault-avatar.png&r=g","contentUrl":"https:\/\/secure.gravatar.com\/avatar\/29d4d1b0d523a21898e8cf9585d259d3?s=96&d=https%3A%2F%2Fpadreydecano.com%2Fcms%2Fwp-content%2Fthemes%2Fpyd-theme%2Fimg%2Fdefault-avatar.png&r=g","caption":"1891"}}]}},"_links":{"self":[{"href":"https:\/\/www.padreydecano.com\/cms\/wp-json\/wp\/v2\/posts\/73358"}],"collection":[{"href":"https:\/\/www.padreydecano.com\/cms\/wp-json\/wp\/v2\/posts"}],"about":[{"href":"https:\/\/www.padreydecano.com\/cms\/wp-json\/wp\/v2\/types\/post"}],"author":[{"embeddable":true,"href":"https:\/\/www.padreydecano.com\/cms\/wp-json\/wp\/v2\/users\/3"}],"replies":[{"embeddable":true,"href":"https:\/\/www.padreydecano.com\/cms\/wp-json\/wp\/v2\/comments?post=73358"}],"version-history":[{"count":0,"href":"https:\/\/www.padreydecano.com\/cms\/wp-json\/wp\/v2\/posts\/73358\/revisions"}],"wp:featuredmedia":[{"embeddable":true,"href":"https:\/\/www.padreydecano.com\/cms\/wp-json\/wp\/v2\/media\/73371"}],"wp:attachment":[{"href":"https:\/\/www.padreydecano.com\/cms\/wp-json\/wp\/v2\/media?parent=73358"}],"wp:term":[{"taxonomy":"category","embeddable":true,"href":"https:\/\/www.padreydecano.com\/cms\/wp-json\/wp\/v2\/categories?post=73358"},{"taxonomy":"post_tag","embeddable":true,"href":"https:\/\/www.padreydecano.com\/cms\/wp-json\/wp\/v2\/tags?post=73358"}],"curies":[{"name":"wp","href":"https:\/\/api.w.org\/{rel}","templated":true}]}}