{"id":73180,"date":"2020-01-04T20:58:08","date_gmt":"2020-01-04T23:58:08","guid":{"rendered":"http:\/\/www.padreydecano.com\/cms\/?p=73180"},"modified":"2020-01-04T21:02:35","modified_gmt":"2020-01-05T00:02:35","slug":"los-hungaros-viejos-conocidos","status":"publish","type":"post","link":"https:\/\/www.padreydecano.com\/cms\/noticias\/los-hungaros-viejos-conocidos\/","title":{"rendered":"Los h\u00fangaros, viejos conocidos"},"content":{"rendered":"<div id=\"attachment_73181\" style=\"width: 558px\" class=\"wp-caption aligncenter\"><a href=\"https:\/\/www.padreydecano.com\/cms\/wp-content\/uploads\/2020\/01\/WhatsApp-Image-2020-01-04-at-20.42.38.jpeg\" rel=\"shadowbox[sbpost-73180];player=img;\"><img loading=\"lazy\" decoding=\"async\" aria-describedby=\"caption-attachment-73181\" class=\"wp-image-73181 size-full\" src=\"https:\/\/www.padreydecano.com\/cms\/wp-content\/uploads\/2020\/01\/WhatsApp-Image-2020-01-04-at-20.42.38.jpeg\" alt=\"\" width=\"548\" height=\"320\" \/><\/a><p id=\"caption-attachment-73181\" class=\"wp-caption-text\">Em\u00e9rico Hirsch. Foto: pagina12<\/p><\/div>\n<p style=\"text-align: justify;\"><strong>La llegada de Krisztian Vadocz para reforzar el mediocampo aurinegro (solo falta la revisi\u00f3n m\u00e9dica y posterior firma de contrato) fue el disparador de una nueva curiosidad: jugadores europeos en Pe\u00f1arol.<\/strong><\/p>\n<p style=\"text-align: justify;\">Si bien el actual plantel ya cuenta con un jugador del Viejo Continente (Xisco, quien arrib\u00f3 a nuestro club para el segundo semestre del 2019), lo cierto es que desde 1971 no se ve\u00edan jugadores europeos en el Decano (en aquella oportunidad fue Ilija Petkovic quien recalar\u00eda en Los Aromos).<\/p>\n<p style=\"text-align: justify;\">En ese contexto, el mercado h\u00fangaro no parece muy conocido para el hincha de Pe\u00f1arol. Sin embargo hay dos nombres que merecen ser recordados en la historia de la camiseta m\u00e1s gloriosa: <strong>Em\u00e9rico Hirsch y Bela Guttman<\/strong>, t\u00e9cnicos de Pe\u00f1arol en 1949 y 1962 respectivamente, a\u00f1os de gloria para nuestra instituci\u00f3n.<\/p>\n<p style=\"text-align: justify;\"><span style=\"color: #ffcc00;\"><strong>Em\u00e9rico Hirsch y La M\u00e1quina del 49<\/strong><\/span><\/p>\n<p><a href=\"https:\/\/www.padreydecano.com\/cms\/wp-content\/uploads\/2020\/01\/WhatsApp-Image-2020-01-04-at-20.42.29.jpeg\" rel=\"shadowbox[sbpost-73180];player=img;\"><img loading=\"lazy\" decoding=\"async\" class=\"alignleft size-full wp-image-73182\" src=\"https:\/\/www.padreydecano.com\/cms\/wp-content\/uploads\/2020\/01\/WhatsApp-Image-2020-01-04-at-20.42.29.jpeg\" alt=\"\" width=\"216\" height=\"350\" \/><\/a><\/p>\n<p style=\"text-align: justify;\">Solucionados los conflictos que provocaron la huelga de jugadores en 1948, los clubes volver\u00edan a la actividad. En Pe\u00f1arol ya no estaba Galloway al frente del equipo (otro t\u00e9cnico extranjero), si no el h\u00fangaro Em\u00e9rico Hirsch, qui\u00e9n ya conoc\u00eda el ambiente del futbol rioplatense con basta experiencia dirigiendo a Gimnasia de La Plata, Rosario Central, Banfield, San Lorenzo, Cruzeiro y a \u00abLa M\u00e1quina\u00bb de River Plate, entre 1936 y 1938.<\/p>\n<p style=\"text-align: justify;\"><strong>Con las credenciales que le otorgaban haber dirigido equipos que har\u00edan historia, Hirsch apuntaba a entrenamientos sumamente exigentes, con gran hincapie en la disciplina y un caracter especial.<\/strong><\/p>\n<p style=\"text-align: justify;\">Para el primer amistoso del a\u00f1o, Hirsch decidi\u00f3 incluir (a\u00fan ante la oposici\u00f3n de algunos dirigentes que consideraban deb\u00edan jugar otros nombres) al \u00d1ato Ghiggia en el equipo titular. De esa forma, se escuchaba por primera vez en la historia el quinteto ofensivo m\u00e1s famoso de aquellos a\u00f1os: Ghiggia &#8211; Hohberg &#8211; M\u00edguez &#8211; Schiaffino &#8211; Vidal. El amistoso ante Sudam\u00e9rica termin\u00f3 con un aplastante 5-1, adelanto de lo que se ver\u00eda en la temporada oficial.<\/p>\n<p style=\"text-align: justify;\">Finalmente, el equipo del h\u00fangaro ser\u00eda aplastante a lo largo de la temporada oficial: gan\u00f3 25 de los 27 los partidos que jug\u00f3 y empat\u00f3 los dos restantes, coron\u00e1ndose campe\u00f3n invicto del Torneo Competencia, de Honor y Uruguayo.<\/p>\n<p style=\"text-align: justify;\">Se qued\u00f3 con los tres clasicos del a\u00f1o: 3-1 por el Competencia, 2-0 en la Primera Rueda del Uruguayo, el d\u00eda de la fuga, y 4-3, de atr\u00e1s, por la Segunda Rueda.<\/p>\n<p style=\"text-align: justify;\">Adem\u00e1s, el h\u00fangaro dejar\u00eda armada la base de la ultima selecci\u00f3n uruguaya que ganara la Copa del Mundo, y le regalar\u00eda a la historia del futbol uruguayo una de sus mejores equipos de todos los tiempos.<\/p>\n<p style=\"text-align: justify;\"><span style=\"color: #ffcc00;\"><strong>Bela Guttman y el Primer Quinquenio de Oro<\/strong><\/span><\/p>\n<p><a href=\"https:\/\/www.padreydecano.com\/cms\/wp-content\/uploads\/2020\/01\/WhatsApp-Image-2020-01-04-at-20.45.48.jpeg\" rel=\"shadowbox[sbpost-73180];player=img;\"><img loading=\"lazy\" decoding=\"async\" class=\"alignright wp-image-73183 size-thumbnail\" src=\"https:\/\/www.padreydecano.com\/cms\/wp-content\/uploads\/2020\/01\/WhatsApp-Image-2020-01-04-at-20.45.48-150x150.jpeg\" alt=\"\" width=\"150\" height=\"150\" srcset=\"https:\/\/www.padreydecano.com\/cms\/wp-content\/uploads\/2020\/01\/WhatsApp-Image-2020-01-04-at-20.45.48-150x150.jpeg 150w, https:\/\/www.padreydecano.com\/cms\/wp-content\/uploads\/2020\/01\/WhatsApp-Image-2020-01-04-at-20.45.48-36x36.jpeg 36w\" sizes=\"(max-width: 150px) 100vw, 150px\" \/><\/a><\/p>\n<p style=\"text-align: justify;\"><strong>En 1962 llegar\u00eda Bela Guttman para dirigir a Pe\u00f1arol, potencia mundial de aquellos a\u00f1os, proveniente del Benfica de Portugal, con qui\u00e9n hab\u00eda logrado la Champions League en 1961.<\/strong><\/p>\n<p style=\"text-align: justify;\">Nuevamente se trataba de un nombre de jerarqu\u00eda en el ambiente del f\u00fatbol, algo normal en el Pe\u00f1arol de aquellos a\u00f1os, uno de los mejores equipos en la historia del f\u00fatbol mundial.<\/p>\n<p style=\"text-align: justify;\">El h\u00fangaro lleg\u00f3 a Montevideo el 7 de julio, y un d\u00eda despu\u00e9s estaba dirigiendo su primer cl\u00e1sico en una instancia l\u00edmite: semifinales de Copa Libertadores.<\/p>\n<p style=\"text-align: justify;\">Ese d\u00eda gan\u00f3 Nacional 2-1, pero diez d\u00edas despu\u00e9s, Pe\u00f1arol venci\u00f3 a su eterno rival 3-1 y forz\u00f3 un tercer partido. Finalmente el encuentro termin\u00f3 empatado 1-1 y <strong>Pe\u00f1arol se llev\u00f3 la clasificaci\u00f3n en el primer cruce de la historia de la Libertadores entre Pe\u00f1arol y Nacional.<\/strong><\/p>\n<p style=\"text-align: justify;\">Si bien se perdieron las finales de la Libertadores, todav\u00eda quedaba en pie la ilusi\u00f3n del Primer Quinquenio de la historia.<\/p>\n<p style=\"text-align: justify;\">Guttman no finaliz\u00f3 la temporada, aparentemente por cuestiones de salud, sin embargo s\u00ed lleg\u00f3 a dirigir el cl\u00e1sico por la Primera Rueda del Uruguayo 1962. La despedida del famoso t\u00e9cnico europeo no pudo ser mejor, ya que se consigui\u00f3 un aplastante triunfo ante Nacional por 4-1 que hac\u00eda ilusionar definitivamente a la mayoria del pa\u00eds con festejar su primer Quinquenio.<\/p>\n<p style=\"text-align: justify;\"><span style=\"color: #ffcc00;\"><strong>Tambi\u00e9n adentro de la cancha&#8230;<\/strong><\/span><\/p>\n<p style=\"text-align: justify;\">Pese a que los mayores aportes a la historia de Pe\u00f1arol los encontramos en directores t\u00e9cnicos, tambi\u00e9n hubo dos antecedentes de jugadores de Hungr\u00eda vistiendo nuestra casaca.<\/p>\n<p style=\"text-align: justify;\">El primero fue Jos\u00e9 Koreim, aunque de pasaje sumamente reducido en nuestro club, ya que solo jug\u00f3 un partido amistoso en 1925.<\/p>\n<p style=\"text-align: justify;\"><a href=\"https:\/\/www.padreydecano.com\/cms\/wp-content\/uploads\/2020\/01\/WhatsApp-Image-2020-01-04-at-20.42.43.jpeg\" rel=\"shadowbox[sbpost-73180];player=img;\"><img loading=\"lazy\" decoding=\"async\" class=\"alignleft wp-image-73184 size-thumbnail\" src=\"https:\/\/www.padreydecano.com\/cms\/wp-content\/uploads\/2020\/01\/WhatsApp-Image-2020-01-04-at-20.42.43-150x150.jpeg\" alt=\"\" width=\"150\" height=\"150\" srcset=\"https:\/\/www.padreydecano.com\/cms\/wp-content\/uploads\/2020\/01\/WhatsApp-Image-2020-01-04-at-20.42.43-150x150.jpeg 150w, https:\/\/www.padreydecano.com\/cms\/wp-content\/uploads\/2020\/01\/WhatsApp-Image-2020-01-04-at-20.42.43-36x36.jpeg 36w\" sizes=\"(max-width: 150px) 100vw, 150px\" \/><\/a>El otro fue Jorge Bottyan, quien se coron\u00f3 campe\u00f3n Uruguayo en 1938, formando parte del Primer Tetracampeonato en la historia del f\u00fatbol uruguayo (1935, 1936, 1937 y 1938).<\/p>\n<p style=\"text-align: justify;\">Pese a que su participacion en el Uruguayo tambi\u00e9n fue muy reducida (apenas jug\u00f3 3 partidos entre el 21 de agosto y el 4 de setiembre), al h\u00fangaro le alcanz\u00f3 para ganar el \u00fanico cl\u00e1sico que jug\u00f3: 3-1 por la Primera Rueda.<\/p>\n<p style=\"text-align: right;\">Escrita por: <a href=\"http:\/\/www.twitter.com\/@PenarolPapa\" target=\"_blank\" rel=\"noopener\">@PenarolPapa<\/a><\/p>\n","protected":false},"excerpt":{"rendered":"<p>La llegada de Krisztian Vadocz para reforzar el mediocampo aurinegro (solo falta la revisi\u00f3n m\u00e9dica y posterior firma de contrato) fue el disparador de una nueva curiosidad: jugadores europeos en Pe\u00f1arol. Si bien el actual plantel ya cuenta con un jugador del Viejo Continente (Xisco, quien arrib\u00f3 a nuestro club para el segundo semestre del [&hellip;]<\/p>\n","protected":false},"author":5,"featured_media":73181,"comment_status":"open","ping_status":"closed","sticky":false,"template":"","format":"standard","meta":{"footnotes":""},"categories":[1],"tags":[],"yoast_head":"<!-- This site is optimized with the Yoast SEO plugin v23.2 - https:\/\/yoast.com\/wordpress\/plugins\/seo\/ -->\n<title>Los h\u00fangaros, viejos conocidos - Padre y Decano - El Sitio del Pueblo<\/title>\n<meta name=\"robots\" content=\"index, follow, max-snippet:-1, max-image-preview:large, max-video-preview:-1\" \/>\n<link rel=\"canonical\" href=\"https:\/\/www.padreydecano.com\/cms\/noticias\/los-hungaros-viejos-conocidos\/\" \/>\n<meta property=\"og:locale\" content=\"es_ES\" \/>\n<meta property=\"og:type\" content=\"article\" \/>\n<meta property=\"og:title\" content=\"Los h\u00fangaros, viejos conocidos - Padre y Decano - El Sitio del Pueblo\" \/>\n<meta property=\"og:description\" content=\"La llegada de Krisztian Vadocz para reforzar el mediocampo aurinegro (solo falta la revisi\u00f3n m\u00e9dica y posterior firma de contrato) fue el disparador de una nueva curiosidad: jugadores europeos en Pe\u00f1arol. Si bien el actual plantel ya cuenta con un jugador del Viejo Continente (Xisco, quien arrib\u00f3 a nuestro club para el segundo semestre del [&hellip;]\" \/>\n<meta property=\"og:url\" content=\"https:\/\/www.padreydecano.com\/cms\/noticias\/los-hungaros-viejos-conocidos\/\" \/>\n<meta property=\"og:site_name\" content=\"Padre y Decano - El Sitio del Pueblo\" \/>\n<meta property=\"article:published_time\" content=\"2020-01-04T23:58:08+00:00\" \/>\n<meta property=\"article:modified_time\" content=\"2020-01-05T00:02:35+00:00\" \/>\n<meta property=\"og:image\" content=\"https:\/\/www.padreydecano.com\/cms\/wp-content\/uploads\/2020\/01\/WhatsApp-Image-2020-01-04-at-20.42.38.jpeg\" \/>\n\t<meta property=\"og:image:width\" content=\"548\" \/>\n\t<meta property=\"og:image:height\" content=\"320\" \/>\n\t<meta property=\"og:image:type\" content=\"image\/jpeg\" \/>\n<meta name=\"author\" content=\"Emirona07\" \/>\n<meta name=\"twitter:card\" content=\"summary_large_image\" \/>\n<meta name=\"twitter:label1\" content=\"Escrito por\" \/>\n\t<meta name=\"twitter:data1\" content=\"Emirona07\" \/>\n\t<meta name=\"twitter:label2\" content=\"Tiempo de lectura\" \/>\n\t<meta name=\"twitter:data2\" content=\"4 minutos\" \/>\n<script type=\"application\/ld+json\" class=\"yoast-schema-graph\">{\"@context\":\"https:\/\/schema.org\",\"@graph\":[{\"@type\":\"Article\",\"@id\":\"https:\/\/www.padreydecano.com\/cms\/noticias\/los-hungaros-viejos-conocidos\/#article\",\"isPartOf\":{\"@id\":\"https:\/\/www.padreydecano.com\/cms\/noticias\/los-hungaros-viejos-conocidos\/\"},\"author\":{\"name\":\"Emirona07\",\"@id\":\"https:\/\/www.padreydecano.com\/cms\/#\/schema\/person\/51e0214db654d9624824b37c2838bb65\"},\"headline\":\"Los h\u00fangaros, viejos conocidos\",\"datePublished\":\"2020-01-04T23:58:08+00:00\",\"dateModified\":\"2020-01-05T00:02:35+00:00\",\"mainEntityOfPage\":{\"@id\":\"https:\/\/www.padreydecano.com\/cms\/noticias\/los-hungaros-viejos-conocidos\/\"},\"wordCount\":845,\"commentCount\":7,\"publisher\":{\"@id\":\"https:\/\/www.padreydecano.com\/cms\/#organization\"},\"image\":{\"@id\":\"https:\/\/www.padreydecano.com\/cms\/noticias\/los-hungaros-viejos-conocidos\/#primaryimage\"},\"thumbnailUrl\":\"https:\/\/www.padreydecano.com\/cms\/wp-content\/uploads\/2020\/01\/WhatsApp-Image-2020-01-04-at-20.42.38.jpeg\",\"articleSection\":[\"Noticias\"],\"inLanguage\":\"es\",\"potentialAction\":[{\"@type\":\"CommentAction\",\"name\":\"Comment\",\"target\":[\"https:\/\/www.padreydecano.com\/cms\/noticias\/los-hungaros-viejos-conocidos\/#respond\"]}]},{\"@type\":\"WebPage\",\"@id\":\"https:\/\/www.padreydecano.com\/cms\/noticias\/los-hungaros-viejos-conocidos\/\",\"url\":\"https:\/\/www.padreydecano.com\/cms\/noticias\/los-hungaros-viejos-conocidos\/\",\"name\":\"Los h\u00fangaros, viejos conocidos - Padre y Decano - El Sitio del Pueblo\",\"isPartOf\":{\"@id\":\"https:\/\/www.padreydecano.com\/cms\/#website\"},\"primaryImageOfPage\":{\"@id\":\"https:\/\/www.padreydecano.com\/cms\/noticias\/los-hungaros-viejos-conocidos\/#primaryimage\"},\"image\":{\"@id\":\"https:\/\/www.padreydecano.com\/cms\/noticias\/los-hungaros-viejos-conocidos\/#primaryimage\"},\"thumbnailUrl\":\"https:\/\/www.padreydecano.com\/cms\/wp-content\/uploads\/2020\/01\/WhatsApp-Image-2020-01-04-at-20.42.38.jpeg\",\"datePublished\":\"2020-01-04T23:58:08+00:00\",\"dateModified\":\"2020-01-05T00:02:35+00:00\",\"breadcrumb\":{\"@id\":\"https:\/\/www.padreydecano.com\/cms\/noticias\/los-hungaros-viejos-conocidos\/#breadcrumb\"},\"inLanguage\":\"es\",\"potentialAction\":[{\"@type\":\"ReadAction\",\"target\":[\"https:\/\/www.padreydecano.com\/cms\/noticias\/los-hungaros-viejos-conocidos\/\"]}]},{\"@type\":\"ImageObject\",\"inLanguage\":\"es\",\"@id\":\"https:\/\/www.padreydecano.com\/cms\/noticias\/los-hungaros-viejos-conocidos\/#primaryimage\",\"url\":\"https:\/\/www.padreydecano.com\/cms\/wp-content\/uploads\/2020\/01\/WhatsApp-Image-2020-01-04-at-20.42.38.jpeg\",\"contentUrl\":\"https:\/\/www.padreydecano.com\/cms\/wp-content\/uploads\/2020\/01\/WhatsApp-Image-2020-01-04-at-20.42.38.jpeg\",\"width\":548,\"height\":320,\"caption\":\"Foto: pagina12\"},{\"@type\":\"BreadcrumbList\",\"@id\":\"https:\/\/www.padreydecano.com\/cms\/noticias\/los-hungaros-viejos-conocidos\/#breadcrumb\",\"itemListElement\":[{\"@type\":\"ListItem\",\"position\":1,\"name\":\"Portada\",\"item\":\"https:\/\/www.padreydecano.com\/cms\/\"},{\"@type\":\"ListItem\",\"position\":2,\"name\":\"Los h\u00fangaros, viejos conocidos\"}]},{\"@type\":\"WebSite\",\"@id\":\"https:\/\/www.padreydecano.com\/cms\/#website\",\"url\":\"https:\/\/www.padreydecano.com\/cms\/\",\"name\":\"Padre y Decano - El Sitio del Pueblo\",\"description\":\"Club Atl\u00e9tico Pe\u00f1arol\",\"publisher\":{\"@id\":\"https:\/\/www.padreydecano.com\/cms\/#organization\"},\"potentialAction\":[{\"@type\":\"SearchAction\",\"target\":{\"@type\":\"EntryPoint\",\"urlTemplate\":\"https:\/\/www.padreydecano.com\/cms\/?s={search_term_string}\"},\"query-input\":\"required name=search_term_string\"}],\"inLanguage\":\"es\"},{\"@type\":\"Organization\",\"@id\":\"https:\/\/www.padreydecano.com\/cms\/#organization\",\"name\":\"Padre y Decano\",\"url\":\"https:\/\/www.padreydecano.com\/cms\/\",\"logo\":{\"@type\":\"ImageObject\",\"inLanguage\":\"es\",\"@id\":\"https:\/\/www.padreydecano.com\/cms\/#\/schema\/logo\/image\/\",\"url\":\"https:\/\/www.padreydecano.com\/cms\/wp-content\/uploads\/2022\/01\/avatar-square.png\",\"contentUrl\":\"https:\/\/www.padreydecano.com\/cms\/wp-content\/uploads\/2022\/01\/avatar-square.png\",\"width\":1500,\"height\":1500,\"caption\":\"Padre y Decano\"},\"image\":{\"@id\":\"https:\/\/www.padreydecano.com\/cms\/#\/schema\/logo\/image\/\"}},{\"@type\":\"Person\",\"@id\":\"https:\/\/www.padreydecano.com\/cms\/#\/schema\/person\/51e0214db654d9624824b37c2838bb65\",\"name\":\"Emirona07\",\"image\":{\"@type\":\"ImageObject\",\"inLanguage\":\"es\",\"@id\":\"https:\/\/www.padreydecano.com\/cms\/#\/schema\/person\/image\/\",\"url\":\"https:\/\/secure.gravatar.com\/avatar\/93c9118dbd5373a8a065bb5cdddde6bf?s=96&d=https%3A%2F%2Fpadreydecano.com%2Fcms%2Fwp-content%2Fthemes%2Fpyd-theme%2Fimg%2Fdefault-avatar.png&r=g\",\"contentUrl\":\"https:\/\/secure.gravatar.com\/avatar\/93c9118dbd5373a8a065bb5cdddde6bf?s=96&d=https%3A%2F%2Fpadreydecano.com%2Fcms%2Fwp-content%2Fthemes%2Fpyd-theme%2Fimg%2Fdefault-avatar.png&r=g\",\"caption\":\"Emirona07\"}}]}<\/script>\n<!-- \/ Yoast SEO plugin. -->","yoast_head_json":{"title":"Los h\u00fangaros, viejos conocidos - Padre y Decano - El Sitio del Pueblo","robots":{"index":"index","follow":"follow","max-snippet":"max-snippet:-1","max-image-preview":"max-image-preview:large","max-video-preview":"max-video-preview:-1"},"canonical":"https:\/\/www.padreydecano.com\/cms\/noticias\/los-hungaros-viejos-conocidos\/","og_locale":"es_ES","og_type":"article","og_title":"Los h\u00fangaros, viejos conocidos - Padre y Decano - El Sitio del Pueblo","og_description":"La llegada de Krisztian Vadocz para reforzar el mediocampo aurinegro (solo falta la revisi\u00f3n m\u00e9dica y posterior firma de contrato) fue el disparador de una nueva curiosidad: jugadores europeos en Pe\u00f1arol. Si bien el actual plantel ya cuenta con un jugador del Viejo Continente (Xisco, quien arrib\u00f3 a nuestro club para el segundo semestre del [&hellip;]","og_url":"https:\/\/www.padreydecano.com\/cms\/noticias\/los-hungaros-viejos-conocidos\/","og_site_name":"Padre y Decano - El Sitio del Pueblo","article_published_time":"2020-01-04T23:58:08+00:00","article_modified_time":"2020-01-05T00:02:35+00:00","og_image":[{"width":548,"height":320,"url":"https:\/\/www.padreydecano.com\/cms\/wp-content\/uploads\/2020\/01\/WhatsApp-Image-2020-01-04-at-20.42.38.jpeg","type":"image\/jpeg"}],"author":"Emirona07","twitter_card":"summary_large_image","twitter_misc":{"Escrito por":"Emirona07","Tiempo de lectura":"4 minutos"},"schema":{"@context":"https:\/\/schema.org","@graph":[{"@type":"Article","@id":"https:\/\/www.padreydecano.com\/cms\/noticias\/los-hungaros-viejos-conocidos\/#article","isPartOf":{"@id":"https:\/\/www.padreydecano.com\/cms\/noticias\/los-hungaros-viejos-conocidos\/"},"author":{"name":"Emirona07","@id":"https:\/\/www.padreydecano.com\/cms\/#\/schema\/person\/51e0214db654d9624824b37c2838bb65"},"headline":"Los h\u00fangaros, viejos conocidos","datePublished":"2020-01-04T23:58:08+00:00","dateModified":"2020-01-05T00:02:35+00:00","mainEntityOfPage":{"@id":"https:\/\/www.padreydecano.com\/cms\/noticias\/los-hungaros-viejos-conocidos\/"},"wordCount":845,"commentCount":7,"publisher":{"@id":"https:\/\/www.padreydecano.com\/cms\/#organization"},"image":{"@id":"https:\/\/www.padreydecano.com\/cms\/noticias\/los-hungaros-viejos-conocidos\/#primaryimage"},"thumbnailUrl":"https:\/\/www.padreydecano.com\/cms\/wp-content\/uploads\/2020\/01\/WhatsApp-Image-2020-01-04-at-20.42.38.jpeg","articleSection":["Noticias"],"inLanguage":"es","potentialAction":[{"@type":"CommentAction","name":"Comment","target":["https:\/\/www.padreydecano.com\/cms\/noticias\/los-hungaros-viejos-conocidos\/#respond"]}]},{"@type":"WebPage","@id":"https:\/\/www.padreydecano.com\/cms\/noticias\/los-hungaros-viejos-conocidos\/","url":"https:\/\/www.padreydecano.com\/cms\/noticias\/los-hungaros-viejos-conocidos\/","name":"Los h\u00fangaros, viejos conocidos - Padre y Decano - El Sitio del Pueblo","isPartOf":{"@id":"https:\/\/www.padreydecano.com\/cms\/#website"},"primaryImageOfPage":{"@id":"https:\/\/www.padreydecano.com\/cms\/noticias\/los-hungaros-viejos-conocidos\/#primaryimage"},"image":{"@id":"https:\/\/www.padreydecano.com\/cms\/noticias\/los-hungaros-viejos-conocidos\/#primaryimage"},"thumbnailUrl":"https:\/\/www.padreydecano.com\/cms\/wp-content\/uploads\/2020\/01\/WhatsApp-Image-2020-01-04-at-20.42.38.jpeg","datePublished":"2020-01-04T23:58:08+00:00","dateModified":"2020-01-05T00:02:35+00:00","breadcrumb":{"@id":"https:\/\/www.padreydecano.com\/cms\/noticias\/los-hungaros-viejos-conocidos\/#breadcrumb"},"inLanguage":"es","potentialAction":[{"@type":"ReadAction","target":["https:\/\/www.padreydecano.com\/cms\/noticias\/los-hungaros-viejos-conocidos\/"]}]},{"@type":"ImageObject","inLanguage":"es","@id":"https:\/\/www.padreydecano.com\/cms\/noticias\/los-hungaros-viejos-conocidos\/#primaryimage","url":"https:\/\/www.padreydecano.com\/cms\/wp-content\/uploads\/2020\/01\/WhatsApp-Image-2020-01-04-at-20.42.38.jpeg","contentUrl":"https:\/\/www.padreydecano.com\/cms\/wp-content\/uploads\/2020\/01\/WhatsApp-Image-2020-01-04-at-20.42.38.jpeg","width":548,"height":320,"caption":"Foto: pagina12"},{"@type":"BreadcrumbList","@id":"https:\/\/www.padreydecano.com\/cms\/noticias\/los-hungaros-viejos-conocidos\/#breadcrumb","itemListElement":[{"@type":"ListItem","position":1,"name":"Portada","item":"https:\/\/www.padreydecano.com\/cms\/"},{"@type":"ListItem","position":2,"name":"Los h\u00fangaros, viejos conocidos"}]},{"@type":"WebSite","@id":"https:\/\/www.padreydecano.com\/cms\/#website","url":"https:\/\/www.padreydecano.com\/cms\/","name":"Padre y Decano - El Sitio del Pueblo","description":"Club Atl\u00e9tico Pe\u00f1arol","publisher":{"@id":"https:\/\/www.padreydecano.com\/cms\/#organization"},"potentialAction":[{"@type":"SearchAction","target":{"@type":"EntryPoint","urlTemplate":"https:\/\/www.padreydecano.com\/cms\/?s={search_term_string}"},"query-input":"required name=search_term_string"}],"inLanguage":"es"},{"@type":"Organization","@id":"https:\/\/www.padreydecano.com\/cms\/#organization","name":"Padre y Decano","url":"https:\/\/www.padreydecano.com\/cms\/","logo":{"@type":"ImageObject","inLanguage":"es","@id":"https:\/\/www.padreydecano.com\/cms\/#\/schema\/logo\/image\/","url":"https:\/\/www.padreydecano.com\/cms\/wp-content\/uploads\/2022\/01\/avatar-square.png","contentUrl":"https:\/\/www.padreydecano.com\/cms\/wp-content\/uploads\/2022\/01\/avatar-square.png","width":1500,"height":1500,"caption":"Padre y Decano"},"image":{"@id":"https:\/\/www.padreydecano.com\/cms\/#\/schema\/logo\/image\/"}},{"@type":"Person","@id":"https:\/\/www.padreydecano.com\/cms\/#\/schema\/person\/51e0214db654d9624824b37c2838bb65","name":"Emirona07","image":{"@type":"ImageObject","inLanguage":"es","@id":"https:\/\/www.padreydecano.com\/cms\/#\/schema\/person\/image\/","url":"https:\/\/secure.gravatar.com\/avatar\/93c9118dbd5373a8a065bb5cdddde6bf?s=96&d=https%3A%2F%2Fpadreydecano.com%2Fcms%2Fwp-content%2Fthemes%2Fpyd-theme%2Fimg%2Fdefault-avatar.png&r=g","contentUrl":"https:\/\/secure.gravatar.com\/avatar\/93c9118dbd5373a8a065bb5cdddde6bf?s=96&d=https%3A%2F%2Fpadreydecano.com%2Fcms%2Fwp-content%2Fthemes%2Fpyd-theme%2Fimg%2Fdefault-avatar.png&r=g","caption":"Emirona07"}}]}},"_links":{"self":[{"href":"https:\/\/www.padreydecano.com\/cms\/wp-json\/wp\/v2\/posts\/73180"}],"collection":[{"href":"https:\/\/www.padreydecano.com\/cms\/wp-json\/wp\/v2\/posts"}],"about":[{"href":"https:\/\/www.padreydecano.com\/cms\/wp-json\/wp\/v2\/types\/post"}],"author":[{"embeddable":true,"href":"https:\/\/www.padreydecano.com\/cms\/wp-json\/wp\/v2\/users\/5"}],"replies":[{"embeddable":true,"href":"https:\/\/www.padreydecano.com\/cms\/wp-json\/wp\/v2\/comments?post=73180"}],"version-history":[{"count":0,"href":"https:\/\/www.padreydecano.com\/cms\/wp-json\/wp\/v2\/posts\/73180\/revisions"}],"wp:featuredmedia":[{"embeddable":true,"href":"https:\/\/www.padreydecano.com\/cms\/wp-json\/wp\/v2\/media\/73181"}],"wp:attachment":[{"href":"https:\/\/www.padreydecano.com\/cms\/wp-json\/wp\/v2\/media?parent=73180"}],"wp:term":[{"taxonomy":"category","embeddable":true,"href":"https:\/\/www.padreydecano.com\/cms\/wp-json\/wp\/v2\/categories?post=73180"},{"taxonomy":"post_tag","embeddable":true,"href":"https:\/\/www.padreydecano.com\/cms\/wp-json\/wp\/v2\/tags?post=73180"}],"curies":[{"name":"wp","href":"https:\/\/api.w.org\/{rel}","templated":true}]}}