{"id":73162,"date":"2020-01-08T20:52:10","date_gmt":"2020-01-08T23:52:10","guid":{"rendered":"http:\/\/www.padreydecano.com\/cms\/?p=73162"},"modified":"2020-01-08T20:52:10","modified_gmt":"2020-01-08T23:52:10","slug":"robert-herrera-se-suma-a-la-defensa-aurinegra","status":"publish","type":"post","link":"https:\/\/www.padreydecano.com\/cms\/noticias\/robert-herrera-se-suma-a-la-defensa-aurinegra\/","title":{"rendered":"Robert Herrera se suma a la defensa aurinegra"},"content":{"rendered":"<div id=\"attachment_73171\" style=\"width: 719px\" class=\"wp-caption aligncenter\"><a href=\"https:\/\/www.padreydecano.com\/cms\/wp-content\/uploads\/2020\/01\/herrera.jpg\" rel=\"shadowbox[sbpost-73162];player=img;\"><img loading=\"lazy\" decoding=\"async\" aria-describedby=\"caption-attachment-73171\" class=\"wp-image-73171 size-full\" src=\"https:\/\/www.padreydecano.com\/cms\/wp-content\/uploads\/2020\/01\/herrera.jpg\" alt=\"\" width=\"709\" height=\"451\" \/><\/a><p id=\"caption-attachment-73171\" class=\"wp-caption-text\">@deportivistamx<\/p><\/div>\n<p style=\"text-align: justify;\"><strong>El polifuncional defensor de 30 a\u00f1os lleg\u00f3 libre y firm\u00f3 contrato por un a\u00f1o, tras ser parte del Barcelona de Ecuador en la \u00faltima temporada. En el club de Guayaquil jug\u00f3 a pr\u00e9stamo desde Pachuca de Mexico, anteriormente fue jugador del Puebla. Segunda incorporaci\u00f3n en la zona defensiva del equipo sumado a la llegada del lateral derecho <a href=\"https:\/\/www.padreydecano.com\/cms\/noticias\/juan-acosta-es-nuevo-jugador-de-penarol\/\">Juan Acosta<\/a>.<\/strong><\/p>\n<p style=\"text-align: justify;\">En la \u00faltima campa\u00f1a, solamente disput\u00f3 13 partidos (1000 minutos), anot\u00f3 un gol, fue amonestado en 3 oportunidades y no fue expulsado. En los 11 partidos que jug\u00f3 como titular, el encuentro culmin\u00f3 con la valla invicta en 3. 8 veces integr\u00f3 el banco de suplentes sin ingresar al terreno de juego, mientras que qued\u00f3 afuera de la convocatoria en 21 ocasiones. Todas sus ausencias fueron por lesi\u00f3n, siempre que estuvo bien f\u00edsicamente fue tenido en cuenta para formar parte del equipo.<\/p>\n<p style=\"text-align: justify;\">Ya tuvo un extenso pasaje por el f\u00fatbol uruguayo en Defensor Sporting, club en el que realiz\u00f3 las formativas, y debut\u00f3 en la temporada 2008\/09. Con el violeta disput\u00f3 106 partidos y anot\u00f3 2 goles. Enfrent\u00f3 a Pe\u00f1arol en 9 oportunidades, en las que el Carbonero gan\u00f3 5, empat\u00f3 3 y perdi\u00f3 en una oportunidad.<\/p>\n<p style=\"text-align: justify;\">El momento m\u00e1s destacado de la carrera de Herrera, fue la Copa Libertadores de 2014, donde con Defensor llegaron a la semifinal, cayendo derrotado por un gol ante Nacional de Paraguay. En t\u00edtulos, Herrera obtuvo el Torneo Apertura 2010 y el Torneo Clausura en 2009, 2012 y 2013, cayendo derrotado en todas las finales del Campeonato Uruguayo.<\/p>\n<p style=\"text-align: justify;\">As\u00ed Pe\u00f1arol se hace con un defensa polifuncional y con experiencia, tanto a nivel local como internacional para afrontar el a\u00f1o 2020.<\/p>\n<div class=\"user-wrapper\"><a class=\"userlink\"href=\"https:\/\/twitter.com\/ftrucce18\" target=\"_blank\"><figure><img decoding=\"async\" src=\"http:\/\/www.padreydecano.com\/cms\/wp-users-files\/postfirmas\/ftrucce.jpg\" \/><\/figure><p class=\"user\"><strong>Franco Trucce<\/strong><br \/>@FTrucce18<\/p><\/a><\/div>\n","protected":false},"excerpt":{"rendered":"<p>El polifuncional defensor de 30 a\u00f1os lleg\u00f3 libre y firm\u00f3 contrato por un a\u00f1o, tras ser parte del Barcelona de Ecuador en la \u00faltima temporada. En el club de Guayaquil jug\u00f3 a pr\u00e9stamo desde Pachuca de Mexico, anteriormente fue jugador del Puebla. Segunda incorporaci\u00f3n en la zona defensiva del equipo sumado a la llegada del [&hellip;]<\/p>\n","protected":false},"author":27,"featured_media":73171,"comment_status":"open","ping_status":"closed","sticky":false,"template":"","format":"standard","meta":{"footnotes":""},"categories":[7,1],"tags":[467],"yoast_head":"<!-- This site is optimized with the Yoast SEO plugin v23.2 - https:\/\/yoast.com\/wordpress\/plugins\/seo\/ -->\n<title>Robert Herrera se suma a la defensa aurinegra - Padre y Decano - El Sitio del Pueblo<\/title>\n<meta name=\"robots\" content=\"index, follow, max-snippet:-1, max-image-preview:large, max-video-preview:-1\" \/>\n<link rel=\"canonical\" href=\"https:\/\/www.padreydecano.com\/cms\/noticias\/robert-herrera-se-suma-a-la-defensa-aurinegra\/\" \/>\n<meta property=\"og:locale\" content=\"es_ES\" \/>\n<meta property=\"og:type\" content=\"article\" \/>\n<meta property=\"og:title\" content=\"Robert Herrera se suma a la defensa aurinegra - Padre y Decano - El Sitio del Pueblo\" \/>\n<meta property=\"og:description\" content=\"El polifuncional defensor de 30 a\u00f1os lleg\u00f3 libre y firm\u00f3 contrato por un a\u00f1o, tras ser parte del Barcelona de Ecuador en la \u00faltima temporada. En el club de Guayaquil jug\u00f3 a pr\u00e9stamo desde Pachuca de Mexico, anteriormente fue jugador del Puebla. Segunda incorporaci\u00f3n en la zona defensiva del equipo sumado a la llegada del [&hellip;]\" \/>\n<meta property=\"og:url\" content=\"https:\/\/www.padreydecano.com\/cms\/noticias\/robert-herrera-se-suma-a-la-defensa-aurinegra\/\" \/>\n<meta property=\"og:site_name\" content=\"Padre y Decano - El Sitio del Pueblo\" \/>\n<meta property=\"article:published_time\" content=\"2020-01-08T23:52:10+00:00\" \/>\n<meta property=\"og:image\" content=\"https:\/\/www.padreydecano.com\/cms\/wp-content\/uploads\/2020\/01\/herrera.jpg\" \/>\n\t<meta property=\"og:image:width\" content=\"709\" \/>\n\t<meta property=\"og:image:height\" content=\"451\" \/>\n\t<meta property=\"og:image:type\" content=\"image\/jpeg\" \/>\n<meta name=\"author\" content=\"Redactores Padre y Decano\" \/>\n<meta name=\"twitter:card\" content=\"summary_large_image\" \/>\n<meta name=\"twitter:label1\" content=\"Escrito por\" \/>\n\t<meta name=\"twitter:data1\" content=\"Redactores Padre y Decano\" \/>\n\t<meta name=\"twitter:label2\" content=\"Tiempo de lectura\" \/>\n\t<meta name=\"twitter:data2\" content=\"1 minuto\" \/>\n<script type=\"application\/ld+json\" class=\"yoast-schema-graph\">{\"@context\":\"https:\/\/schema.org\",\"@graph\":[{\"@type\":\"Article\",\"@id\":\"https:\/\/www.padreydecano.com\/cms\/noticias\/robert-herrera-se-suma-a-la-defensa-aurinegra\/#article\",\"isPartOf\":{\"@id\":\"https:\/\/www.padreydecano.com\/cms\/noticias\/robert-herrera-se-suma-a-la-defensa-aurinegra\/\"},\"author\":{\"name\":\"Redactores Padre y Decano\",\"@id\":\"https:\/\/www.padreydecano.com\/cms\/#\/schema\/person\/37aae8f93aa78e4c5385497f056e3246\"},\"headline\":\"Robert Herrera se suma a la defensa aurinegra\",\"datePublished\":\"2020-01-08T23:52:10+00:00\",\"dateModified\":\"2020-01-08T23:52:10+00:00\",\"mainEntityOfPage\":{\"@id\":\"https:\/\/www.padreydecano.com\/cms\/noticias\/robert-herrera-se-suma-a-la-defensa-aurinegra\/\"},\"wordCount\":285,\"commentCount\":21,\"publisher\":{\"@id\":\"https:\/\/www.padreydecano.com\/cms\/#organization\"},\"image\":{\"@id\":\"https:\/\/www.padreydecano.com\/cms\/noticias\/robert-herrera-se-suma-a-la-defensa-aurinegra\/#primaryimage\"},\"thumbnailUrl\":\"https:\/\/www.padreydecano.com\/cms\/wp-content\/uploads\/2020\/01\/herrera.jpg\",\"keywords\":[\"Campeonato Uruguayo 2020\"],\"articleSection\":[\"Los Aromos\",\"Noticias\"],\"inLanguage\":\"es\",\"potentialAction\":[{\"@type\":\"CommentAction\",\"name\":\"Comment\",\"target\":[\"https:\/\/www.padreydecano.com\/cms\/noticias\/robert-herrera-se-suma-a-la-defensa-aurinegra\/#respond\"]}]},{\"@type\":\"WebPage\",\"@id\":\"https:\/\/www.padreydecano.com\/cms\/noticias\/robert-herrera-se-suma-a-la-defensa-aurinegra\/\",\"url\":\"https:\/\/www.padreydecano.com\/cms\/noticias\/robert-herrera-se-suma-a-la-defensa-aurinegra\/\",\"name\":\"Robert Herrera se suma a la defensa aurinegra - Padre y Decano - El Sitio del Pueblo\",\"isPartOf\":{\"@id\":\"https:\/\/www.padreydecano.com\/cms\/#website\"},\"primaryImageOfPage\":{\"@id\":\"https:\/\/www.padreydecano.com\/cms\/noticias\/robert-herrera-se-suma-a-la-defensa-aurinegra\/#primaryimage\"},\"image\":{\"@id\":\"https:\/\/www.padreydecano.com\/cms\/noticias\/robert-herrera-se-suma-a-la-defensa-aurinegra\/#primaryimage\"},\"thumbnailUrl\":\"https:\/\/www.padreydecano.com\/cms\/wp-content\/uploads\/2020\/01\/herrera.jpg\",\"datePublished\":\"2020-01-08T23:52:10+00:00\",\"dateModified\":\"2020-01-08T23:52:10+00:00\",\"breadcrumb\":{\"@id\":\"https:\/\/www.padreydecano.com\/cms\/noticias\/robert-herrera-se-suma-a-la-defensa-aurinegra\/#breadcrumb\"},\"inLanguage\":\"es\",\"potentialAction\":[{\"@type\":\"ReadAction\",\"target\":[\"https:\/\/www.padreydecano.com\/cms\/noticias\/robert-herrera-se-suma-a-la-defensa-aurinegra\/\"]}]},{\"@type\":\"ImageObject\",\"inLanguage\":\"es\",\"@id\":\"https:\/\/www.padreydecano.com\/cms\/noticias\/robert-herrera-se-suma-a-la-defensa-aurinegra\/#primaryimage\",\"url\":\"https:\/\/www.padreydecano.com\/cms\/wp-content\/uploads\/2020\/01\/herrera.jpg\",\"contentUrl\":\"https:\/\/www.padreydecano.com\/cms\/wp-content\/uploads\/2020\/01\/herrera.jpg\",\"width\":709,\"height\":451,\"caption\":\"@deportivistamx\"},{\"@type\":\"BreadcrumbList\",\"@id\":\"https:\/\/www.padreydecano.com\/cms\/noticias\/robert-herrera-se-suma-a-la-defensa-aurinegra\/#breadcrumb\",\"itemListElement\":[{\"@type\":\"ListItem\",\"position\":1,\"name\":\"Portada\",\"item\":\"https:\/\/www.padreydecano.com\/cms\/\"},{\"@type\":\"ListItem\",\"position\":2,\"name\":\"Robert Herrera se suma a la defensa aurinegra\"}]},{\"@type\":\"WebSite\",\"@id\":\"https:\/\/www.padreydecano.com\/cms\/#website\",\"url\":\"https:\/\/www.padreydecano.com\/cms\/\",\"name\":\"Padre y Decano - El Sitio del Pueblo\",\"description\":\"Club Atl\u00e9tico Pe\u00f1arol\",\"publisher\":{\"@id\":\"https:\/\/www.padreydecano.com\/cms\/#organization\"},\"potentialAction\":[{\"@type\":\"SearchAction\",\"target\":{\"@type\":\"EntryPoint\",\"urlTemplate\":\"https:\/\/www.padreydecano.com\/cms\/?s={search_term_string}\"},\"query-input\":\"required name=search_term_string\"}],\"inLanguage\":\"es\"},{\"@type\":\"Organization\",\"@id\":\"https:\/\/www.padreydecano.com\/cms\/#organization\",\"name\":\"Padre y Decano\",\"url\":\"https:\/\/www.padreydecano.com\/cms\/\",\"logo\":{\"@type\":\"ImageObject\",\"inLanguage\":\"es\",\"@id\":\"https:\/\/www.padreydecano.com\/cms\/#\/schema\/logo\/image\/\",\"url\":\"https:\/\/www.padreydecano.com\/cms\/wp-content\/uploads\/2022\/01\/avatar-square.png\",\"contentUrl\":\"https:\/\/www.padreydecano.com\/cms\/wp-content\/uploads\/2022\/01\/avatar-square.png\",\"width\":1500,\"height\":1500,\"caption\":\"Padre y Decano\"},\"image\":{\"@id\":\"https:\/\/www.padreydecano.com\/cms\/#\/schema\/logo\/image\/\"}},{\"@type\":\"Person\",\"@id\":\"https:\/\/www.padreydecano.com\/cms\/#\/schema\/person\/37aae8f93aa78e4c5385497f056e3246\",\"name\":\"Redactores Padre y Decano\",\"image\":{\"@type\":\"ImageObject\",\"inLanguage\":\"es\",\"@id\":\"https:\/\/www.padreydecano.com\/cms\/#\/schema\/person\/image\/\",\"url\":\"https:\/\/secure.gravatar.com\/avatar\/8810c4b9081192b118b104af54549af8?s=96&d=https%3A%2F%2Fpadreydecano.com%2Fcms%2Fwp-content%2Fthemes%2Fpyd-theme%2Fimg%2Fdefault-avatar.png&r=g\",\"contentUrl\":\"https:\/\/secure.gravatar.com\/avatar\/8810c4b9081192b118b104af54549af8?s=96&d=https%3A%2F%2Fpadreydecano.com%2Fcms%2Fwp-content%2Fthemes%2Fpyd-theme%2Fimg%2Fdefault-avatar.png&r=g\",\"caption\":\"Redactores Padre y Decano\"},\"sameAs\":[\"http:\/\/www.padreydecano.com\"]}]}<\/script>\n<!-- \/ Yoast SEO plugin. -->","yoast_head_json":{"title":"Robert Herrera se suma a la defensa aurinegra - Padre y Decano - El Sitio del Pueblo","robots":{"index":"index","follow":"follow","max-snippet":"max-snippet:-1","max-image-preview":"max-image-preview:large","max-video-preview":"max-video-preview:-1"},"canonical":"https:\/\/www.padreydecano.com\/cms\/noticias\/robert-herrera-se-suma-a-la-defensa-aurinegra\/","og_locale":"es_ES","og_type":"article","og_title":"Robert Herrera se suma a la defensa aurinegra - Padre y Decano - El Sitio del Pueblo","og_description":"El polifuncional defensor de 30 a\u00f1os lleg\u00f3 libre y firm\u00f3 contrato por un a\u00f1o, tras ser parte del Barcelona de Ecuador en la \u00faltima temporada. En el club de Guayaquil jug\u00f3 a pr\u00e9stamo desde Pachuca de Mexico, anteriormente fue jugador del Puebla. Segunda incorporaci\u00f3n en la zona defensiva del equipo sumado a la llegada del [&hellip;]","og_url":"https:\/\/www.padreydecano.com\/cms\/noticias\/robert-herrera-se-suma-a-la-defensa-aurinegra\/","og_site_name":"Padre y Decano - El Sitio del Pueblo","article_published_time":"2020-01-08T23:52:10+00:00","og_image":[{"width":709,"height":451,"url":"https:\/\/www.padreydecano.com\/cms\/wp-content\/uploads\/2020\/01\/herrera.jpg","type":"image\/jpeg"}],"author":"Redactores Padre y Decano","twitter_card":"summary_large_image","twitter_misc":{"Escrito por":"Redactores Padre y Decano","Tiempo de lectura":"1 minuto"},"schema":{"@context":"https:\/\/schema.org","@graph":[{"@type":"Article","@id":"https:\/\/www.padreydecano.com\/cms\/noticias\/robert-herrera-se-suma-a-la-defensa-aurinegra\/#article","isPartOf":{"@id":"https:\/\/www.padreydecano.com\/cms\/noticias\/robert-herrera-se-suma-a-la-defensa-aurinegra\/"},"author":{"name":"Redactores Padre y Decano","@id":"https:\/\/www.padreydecano.com\/cms\/#\/schema\/person\/37aae8f93aa78e4c5385497f056e3246"},"headline":"Robert Herrera se suma a la defensa aurinegra","datePublished":"2020-01-08T23:52:10+00:00","dateModified":"2020-01-08T23:52:10+00:00","mainEntityOfPage":{"@id":"https:\/\/www.padreydecano.com\/cms\/noticias\/robert-herrera-se-suma-a-la-defensa-aurinegra\/"},"wordCount":285,"commentCount":21,"publisher":{"@id":"https:\/\/www.padreydecano.com\/cms\/#organization"},"image":{"@id":"https:\/\/www.padreydecano.com\/cms\/noticias\/robert-herrera-se-suma-a-la-defensa-aurinegra\/#primaryimage"},"thumbnailUrl":"https:\/\/www.padreydecano.com\/cms\/wp-content\/uploads\/2020\/01\/herrera.jpg","keywords":["Campeonato Uruguayo 2020"],"articleSection":["Los Aromos","Noticias"],"inLanguage":"es","potentialAction":[{"@type":"CommentAction","name":"Comment","target":["https:\/\/www.padreydecano.com\/cms\/noticias\/robert-herrera-se-suma-a-la-defensa-aurinegra\/#respond"]}]},{"@type":"WebPage","@id":"https:\/\/www.padreydecano.com\/cms\/noticias\/robert-herrera-se-suma-a-la-defensa-aurinegra\/","url":"https:\/\/www.padreydecano.com\/cms\/noticias\/robert-herrera-se-suma-a-la-defensa-aurinegra\/","name":"Robert Herrera se suma a la defensa aurinegra - Padre y Decano - El Sitio del Pueblo","isPartOf":{"@id":"https:\/\/www.padreydecano.com\/cms\/#website"},"primaryImageOfPage":{"@id":"https:\/\/www.padreydecano.com\/cms\/noticias\/robert-herrera-se-suma-a-la-defensa-aurinegra\/#primaryimage"},"image":{"@id":"https:\/\/www.padreydecano.com\/cms\/noticias\/robert-herrera-se-suma-a-la-defensa-aurinegra\/#primaryimage"},"thumbnailUrl":"https:\/\/www.padreydecano.com\/cms\/wp-content\/uploads\/2020\/01\/herrera.jpg","datePublished":"2020-01-08T23:52:10+00:00","dateModified":"2020-01-08T23:52:10+00:00","breadcrumb":{"@id":"https:\/\/www.padreydecano.com\/cms\/noticias\/robert-herrera-se-suma-a-la-defensa-aurinegra\/#breadcrumb"},"inLanguage":"es","potentialAction":[{"@type":"ReadAction","target":["https:\/\/www.padreydecano.com\/cms\/noticias\/robert-herrera-se-suma-a-la-defensa-aurinegra\/"]}]},{"@type":"ImageObject","inLanguage":"es","@id":"https:\/\/www.padreydecano.com\/cms\/noticias\/robert-herrera-se-suma-a-la-defensa-aurinegra\/#primaryimage","url":"https:\/\/www.padreydecano.com\/cms\/wp-content\/uploads\/2020\/01\/herrera.jpg","contentUrl":"https:\/\/www.padreydecano.com\/cms\/wp-content\/uploads\/2020\/01\/herrera.jpg","width":709,"height":451,"caption":"@deportivistamx"},{"@type":"BreadcrumbList","@id":"https:\/\/www.padreydecano.com\/cms\/noticias\/robert-herrera-se-suma-a-la-defensa-aurinegra\/#breadcrumb","itemListElement":[{"@type":"ListItem","position":1,"name":"Portada","item":"https:\/\/www.padreydecano.com\/cms\/"},{"@type":"ListItem","position":2,"name":"Robert Herrera se suma a la defensa aurinegra"}]},{"@type":"WebSite","@id":"https:\/\/www.padreydecano.com\/cms\/#website","url":"https:\/\/www.padreydecano.com\/cms\/","name":"Padre y Decano - El Sitio del Pueblo","description":"Club Atl\u00e9tico Pe\u00f1arol","publisher":{"@id":"https:\/\/www.padreydecano.com\/cms\/#organization"},"potentialAction":[{"@type":"SearchAction","target":{"@type":"EntryPoint","urlTemplate":"https:\/\/www.padreydecano.com\/cms\/?s={search_term_string}"},"query-input":"required name=search_term_string"}],"inLanguage":"es"},{"@type":"Organization","@id":"https:\/\/www.padreydecano.com\/cms\/#organization","name":"Padre y Decano","url":"https:\/\/www.padreydecano.com\/cms\/","logo":{"@type":"ImageObject","inLanguage":"es","@id":"https:\/\/www.padreydecano.com\/cms\/#\/schema\/logo\/image\/","url":"https:\/\/www.padreydecano.com\/cms\/wp-content\/uploads\/2022\/01\/avatar-square.png","contentUrl":"https:\/\/www.padreydecano.com\/cms\/wp-content\/uploads\/2022\/01\/avatar-square.png","width":1500,"height":1500,"caption":"Padre y Decano"},"image":{"@id":"https:\/\/www.padreydecano.com\/cms\/#\/schema\/logo\/image\/"}},{"@type":"Person","@id":"https:\/\/www.padreydecano.com\/cms\/#\/schema\/person\/37aae8f93aa78e4c5385497f056e3246","name":"Redactores Padre y Decano","image":{"@type":"ImageObject","inLanguage":"es","@id":"https:\/\/www.padreydecano.com\/cms\/#\/schema\/person\/image\/","url":"https:\/\/secure.gravatar.com\/avatar\/8810c4b9081192b118b104af54549af8?s=96&d=https%3A%2F%2Fpadreydecano.com%2Fcms%2Fwp-content%2Fthemes%2Fpyd-theme%2Fimg%2Fdefault-avatar.png&r=g","contentUrl":"https:\/\/secure.gravatar.com\/avatar\/8810c4b9081192b118b104af54549af8?s=96&d=https%3A%2F%2Fpadreydecano.com%2Fcms%2Fwp-content%2Fthemes%2Fpyd-theme%2Fimg%2Fdefault-avatar.png&r=g","caption":"Redactores Padre y Decano"},"sameAs":["http:\/\/www.padreydecano.com"]}]}},"_links":{"self":[{"href":"https:\/\/www.padreydecano.com\/cms\/wp-json\/wp\/v2\/posts\/73162"}],"collection":[{"href":"https:\/\/www.padreydecano.com\/cms\/wp-json\/wp\/v2\/posts"}],"about":[{"href":"https:\/\/www.padreydecano.com\/cms\/wp-json\/wp\/v2\/types\/post"}],"author":[{"embeddable":true,"href":"https:\/\/www.padreydecano.com\/cms\/wp-json\/wp\/v2\/users\/27"}],"replies":[{"embeddable":true,"href":"https:\/\/www.padreydecano.com\/cms\/wp-json\/wp\/v2\/comments?post=73162"}],"version-history":[{"count":0,"href":"https:\/\/www.padreydecano.com\/cms\/wp-json\/wp\/v2\/posts\/73162\/revisions"}],"wp:featuredmedia":[{"embeddable":true,"href":"https:\/\/www.padreydecano.com\/cms\/wp-json\/wp\/v2\/media\/73171"}],"wp:attachment":[{"href":"https:\/\/www.padreydecano.com\/cms\/wp-json\/wp\/v2\/media?parent=73162"}],"wp:term":[{"taxonomy":"category","embeddable":true,"href":"https:\/\/www.padreydecano.com\/cms\/wp-json\/wp\/v2\/categories?post=73162"},{"taxonomy":"post_tag","embeddable":true,"href":"https:\/\/www.padreydecano.com\/cms\/wp-json\/wp\/v2\/tags?post=73162"}],"curies":[{"name":"wp","href":"https:\/\/api.w.org\/{rel}","templated":true}]}}