{"id":72860,"date":"2019-12-12T00:14:53","date_gmt":"2019-12-12T03:14:53","guid":{"rendered":"http:\/\/www.padreydecano.com\/cms\/?p=72860"},"modified":"2019-12-15T01:14:29","modified_gmt":"2019-12-15T04:14:29","slug":"cuesta-arriba","status":"publish","type":"post","link":"https:\/\/www.padreydecano.com\/cms\/noticias\/cuesta-arriba\/","title":{"rendered":"Cuesta arriba"},"content":{"rendered":"<p><a href=\"https:\/\/www.padreydecano.com\/cms\/wp-content\/uploads\/2019\/12\/WhatsApp-Image-2019-12-11-at-21.40.50.jpeg\" rel=\"shadowbox[sbpost-72860];player=img;\"><img loading=\"lazy\" decoding=\"async\" class=\"aligncenter size-full wp-image-72861\" src=\"https:\/\/www.padreydecano.com\/cms\/wp-content\/uploads\/2019\/12\/WhatsApp-Image-2019-12-11-at-21.40.50.jpeg\" alt=\"\" width=\"1599\" height=\"1066\" srcset=\"https:\/\/www.padreydecano.com\/cms\/wp-content\/uploads\/2019\/12\/WhatsApp-Image-2019-12-11-at-21.40.50.jpeg 1599w, https:\/\/www.padreydecano.com\/cms\/wp-content\/uploads\/2019\/12\/WhatsApp-Image-2019-12-11-at-21.40.50-600x400.jpeg 600w, https:\/\/www.padreydecano.com\/cms\/wp-content\/uploads\/2019\/12\/WhatsApp-Image-2019-12-11-at-21.40.50-768x512.jpeg 768w, https:\/\/www.padreydecano.com\/cms\/wp-content\/uploads\/2019\/12\/WhatsApp-Image-2019-12-11-at-21.40.50-1024x683.jpeg 1024w\" sizes=\"(max-width: 1599px) 100vw, 1599px\" \/><\/a><\/p>\n<p style=\"text-align: justify;\"><strong>Pe\u00f1arol perdi\u00f3 2 a 0 el cl\u00e1sico por la final del Torneo Clausura 2019, en el Estadio Centenario. Nuevamente se vio un flojo partido por parte de los dirigidos por Diego L\u00f3pez.<\/strong><\/p>\n<p style=\"text-align: justify;\">El carbonero lleg\u00f3 con varias bajas al choque cl\u00e1sico. Walter Gargano, Cristian Rodr\u00edguez por lesi\u00f3n, mientras que Rodrigo Abascal, Guzm\u00e1n Pereira e Ignacio Lores no pudieron disputar el encuentro por llegar a la quinta tarjeta amarilla. Kevin Dawson se recuper\u00f3 y estuvo en el banco de suplentes al igual que el espa\u00f1ol Xisco.<\/p>\n<p style=\"text-align: justify;\">Teniendo las bajas en cuenta, Diego L\u00f3pez par\u00f3 en cancha a: <strong>Thiago Cardozo<\/strong>; <strong>Giovanni Gonz\u00e1lez<\/strong>, <strong>Fabricio Formiliano<\/strong>, <strong>Enzo Mart\u00ednez<\/strong>, <strong>Gabriel Rojas<\/strong>; <strong>Facundo Pellistri<\/strong>, <strong>Mat\u00edas De Los Santos<\/strong>, <strong>Jes\u00fas Trindade<\/strong>, <strong>Agust\u00edn Canobbio<\/strong> (65&#8242; Fabi\u00e1n Estoyanoff); <strong>Lucas Viatri<\/strong> (39&#8242; Xisco Jim\u00e9nez) y <strong>Luis Acevedo<\/strong> (74&#8242; Marcel Novick).<\/p>\n<p style=\"text-align: justify;\"><strong>Banco:<\/strong> Kevin Dawson, Juan Izquierdo, Ezequiel Busquets y Gast\u00f3n Rodr\u00edguez.<\/p>\n<p style=\"text-align: justify;\"><span style=\"color: #ffcc00;\"><strong>Primer tiempo<\/strong><\/span><\/p>\n<p style=\"text-align: justify;\">El partido comenz\u00f3 con el rival presionando, mientras que Pe\u00f1arol intentaba jugar y exigir la velocidad que ten\u00eda por las bandas. Antes de los 10 minutos, Canobbio gener\u00f3 una interesante chance de gol, enganchando y rematando de larga distancia, dando en el pecho del golero Mej\u00eda.<\/p>\n<p style=\"text-align: justify;\">Pasado los 20&#8242;, Cardozo le ataj\u00f3 un mano a mano a Bergessio y luego reaccion\u00f3 bien al rebote por parte de Vi\u00f1a.<\/p>\n<p style=\"text-align: justify;\">A los 33&#8242;, Viatri cay\u00f3 en el piso afuera de la cancha, luego de cabecear un centro de su compatriota Rojas. El argentino sali\u00f3 sentido a los 39&#8242;, ingres\u00f3 en su lugar Xisco Jim\u00e9nez. Se espera confirmaci\u00f3n de la lesi\u00f3n, pero es muy dif\u00edcil que pueda jugar el domingo. <strong>Las lesiones son una constante negativa muy importante en este plantel, algo que se tiene que volver a cuestionar de cara a la siguiente temporada.<\/strong><\/p>\n<p style=\"text-align: justify;\">Antes de finalizar la primera mitad, Cardozo volvi\u00f3 a intervenir en una jugada en la cual la defensa aurinegra reaccion\u00f3 tarde.<\/p>\n<p style=\"text-align: justify;\"><span style=\"color: #ffcc00;\"><strong>Segundo tiempo<\/strong><\/span><\/p>\n<p style=\"text-align: justify;\">Se not\u00f3 un Pe\u00f1arol desorientado por la ausencia de Viatri, sin ideas de juego. Hasta que llegando a los 60&#8242; minutos, comenz\u00f3 a ir dominando el tr\u00e1mite.<\/p>\n<p style=\"text-align: justify;\">En el mejor momento del aurinegro en el partido, lleg\u00f3 el gol de Nacional. Castro le gan\u00f3 la espalda a Giovanni Gonz\u00e1lez y remat\u00f3 cruzado. 3&#8242; minutos despu\u00e9s, el tradicional rival marc\u00f3 el segundo por intermedio del juego a\u00e9reo.<\/p>\n<p style=\"text-align: justify;\">Posteriormente, Enzo Mart\u00ednez fue expulsado por un codazo a un rival en una jugada dividida. El carbonero perdiendo por 2 goles y con un hombre de menos no tuvo idea de c\u00f3mo intentar revertir la situaci\u00f3n, mientras que desde las tribunas la hinchada m\u00e1s fiel y seguidora se lo ped\u00eda.<\/p>\n<p style=\"text-align: justify;\">A los 74&#8242; sali\u00f3 Acevedo por Marcel Novick, que volvi\u00f3 a jugar oficialmente tras 199 d\u00edas. El &#8216;Memo&#8217; dej\u00f3 a Gast\u00f3n Rodriguez en el banco, sacando a un delantero por un mediocampista defensivo.<\/p>\n<p style=\"text-align: justify;\">En los minutos finales, se pudo utilizar el tan ansiado VAR en una jugada aislada, Estoyanoff prob\u00f3 de larga distancia y Pellistri intentaba que haya juego en la cancha.<\/p>\n<p style=\"text-align: justify;\">Ning\u00fan futbolista ni miembro del cuerpo t\u00e9cnico realizaron declaraciones tras la derrota. El plantel viaj\u00f3 a Los Aromos donde concentrar\u00e1 pensando en el pr\u00f3ximo choque.<\/p>\n<p style=\"text-align: justify;\">El pr\u00f3ximo domingo a las 17 horas en el Estadio Centenario, Pe\u00f1arol se volver\u00e1 a medir frente a Nacional por la semifinal del Campeonato Uruguayo. El tradicional rival tiene ventaja deportiva, si gana es campe\u00f3n. El mirasol deber\u00e1 ganar para forzar una final de ida y vuelta para volver a tener la oportunidad de ser campe\u00f3n.<\/p>\n<p style=\"text-align: justify;\">Las entradas se pondr\u00e1n a la venta en los pr\u00f3ximos d\u00edas. Tendr\u00e1n los mismos precios que el desempate del Clausura, con las mismas localidades para ambos equipos.<\/p>\n<p style=\"text-align: justify;\">Para el partido volver\u00e1 a estar a disposici\u00f3n Rodrigo Abascal, Guzm\u00e1n Pereira e Ignacio Lores. Se esperar\u00e1 por el Cebolla Rodr\u00edguez, mientras que Dawson tiene grandes chances de volver a la tituralidad.<\/p>\n<p style=\"text-align: justify;\"><div class=\"user-wrapper\"><a class=\"userlink\"href=\"https:\/\/twitter.com\/ftrucce18\" target=\"_blank\"><figure><img decoding=\"async\" src=\"http:\/\/www.padreydecano.com\/cms\/wp-users-files\/postfirmas\/ftrucce.jpg\" \/><\/figure><p class=\"user\"><strong>Franco Trucce<\/strong><br \/>@FTrucce18<\/p><\/a><\/div><\/p>\n","protected":false},"excerpt":{"rendered":"<p>Pe\u00f1arol perdi\u00f3 2 a 0 el cl\u00e1sico por la final del Torneo Clausura 2019, en el Estadio Centenario. Nuevamente se vio un flojo partido por parte de los dirigidos por Diego L\u00f3pez. El carbonero lleg\u00f3 con varias bajas al choque cl\u00e1sico. Walter Gargano, Cristian Rodr\u00edguez por lesi\u00f3n, mientras que Rodrigo Abascal, Guzm\u00e1n Pereira e Ignacio [&hellip;]<\/p>\n","protected":false},"author":5,"featured_media":72861,"comment_status":"open","ping_status":"closed","sticky":false,"template":"","format":"standard","meta":{"footnotes":""},"categories":[1,13],"tags":[],"yoast_head":"<!-- This site is optimized with the Yoast SEO plugin v23.2 - https:\/\/yoast.com\/wordpress\/plugins\/seo\/ -->\n<title>Cuesta arriba - Padre y Decano - El Sitio del Pueblo<\/title>\n<meta name=\"robots\" content=\"index, follow, max-snippet:-1, max-image-preview:large, max-video-preview:-1\" \/>\n<link rel=\"canonical\" href=\"https:\/\/www.padreydecano.com\/cms\/noticias\/cuesta-arriba\/\" \/>\n<meta property=\"og:locale\" content=\"es_ES\" \/>\n<meta property=\"og:type\" content=\"article\" \/>\n<meta property=\"og:title\" content=\"Cuesta arriba - Padre y Decano - El Sitio del Pueblo\" \/>\n<meta property=\"og:description\" content=\"Pe\u00f1arol perdi\u00f3 2 a 0 el cl\u00e1sico por la final del Torneo Clausura 2019, en el Estadio Centenario. Nuevamente se vio un flojo partido por parte de los dirigidos por Diego L\u00f3pez. El carbonero lleg\u00f3 con varias bajas al choque cl\u00e1sico. Walter Gargano, Cristian Rodr\u00edguez por lesi\u00f3n, mientras que Rodrigo Abascal, Guzm\u00e1n Pereira e Ignacio [&hellip;]\" \/>\n<meta property=\"og:url\" content=\"https:\/\/www.padreydecano.com\/cms\/noticias\/cuesta-arriba\/\" \/>\n<meta property=\"og:site_name\" content=\"Padre y Decano - El Sitio del Pueblo\" \/>\n<meta property=\"article:published_time\" content=\"2019-12-12T03:14:53+00:00\" \/>\n<meta property=\"article:modified_time\" content=\"2019-12-15T04:14:29+00:00\" \/>\n<meta property=\"og:image\" content=\"https:\/\/www.padreydecano.com\/cms\/wp-content\/uploads\/2019\/12\/WhatsApp-Image-2019-12-11-at-21.40.50.jpeg\" \/>\n\t<meta property=\"og:image:width\" content=\"1599\" \/>\n\t<meta property=\"og:image:height\" content=\"1066\" \/>\n\t<meta property=\"og:image:type\" content=\"image\/jpeg\" \/>\n<meta name=\"author\" content=\"Emirona07\" \/>\n<meta name=\"twitter:card\" content=\"summary_large_image\" \/>\n<meta name=\"twitter:label1\" content=\"Escrito por\" \/>\n\t<meta name=\"twitter:data1\" content=\"Emirona07\" \/>\n\t<meta name=\"twitter:label2\" content=\"Tiempo de lectura\" \/>\n\t<meta name=\"twitter:data2\" content=\"3 minutos\" \/>\n<script type=\"application\/ld+json\" class=\"yoast-schema-graph\">{\"@context\":\"https:\/\/schema.org\",\"@graph\":[{\"@type\":\"Article\",\"@id\":\"https:\/\/www.padreydecano.com\/cms\/noticias\/cuesta-arriba\/#article\",\"isPartOf\":{\"@id\":\"https:\/\/www.padreydecano.com\/cms\/noticias\/cuesta-arriba\/\"},\"author\":{\"name\":\"Emirona07\",\"@id\":\"https:\/\/www.padreydecano.com\/cms\/#\/schema\/person\/51e0214db654d9624824b37c2838bb65\"},\"headline\":\"Cuesta arriba\",\"datePublished\":\"2019-12-12T03:14:53+00:00\",\"dateModified\":\"2019-12-15T04:14:29+00:00\",\"mainEntityOfPage\":{\"@id\":\"https:\/\/www.padreydecano.com\/cms\/noticias\/cuesta-arriba\/\"},\"wordCount\":664,\"commentCount\":215,\"publisher\":{\"@id\":\"https:\/\/www.padreydecano.com\/cms\/#organization\"},\"image\":{\"@id\":\"https:\/\/www.padreydecano.com\/cms\/noticias\/cuesta-arriba\/#primaryimage\"},\"thumbnailUrl\":\"https:\/\/www.padreydecano.com\/cms\/wp-content\/uploads\/2019\/12\/WhatsApp-Image-2019-12-11-at-21.40.50.jpeg\",\"articleSection\":[\"Noticias\",\"Partidos\"],\"inLanguage\":\"es\",\"potentialAction\":[{\"@type\":\"CommentAction\",\"name\":\"Comment\",\"target\":[\"https:\/\/www.padreydecano.com\/cms\/noticias\/cuesta-arriba\/#respond\"]}]},{\"@type\":\"WebPage\",\"@id\":\"https:\/\/www.padreydecano.com\/cms\/noticias\/cuesta-arriba\/\",\"url\":\"https:\/\/www.padreydecano.com\/cms\/noticias\/cuesta-arriba\/\",\"name\":\"Cuesta arriba - Padre y Decano - El Sitio del Pueblo\",\"isPartOf\":{\"@id\":\"https:\/\/www.padreydecano.com\/cms\/#website\"},\"primaryImageOfPage\":{\"@id\":\"https:\/\/www.padreydecano.com\/cms\/noticias\/cuesta-arriba\/#primaryimage\"},\"image\":{\"@id\":\"https:\/\/www.padreydecano.com\/cms\/noticias\/cuesta-arriba\/#primaryimage\"},\"thumbnailUrl\":\"https:\/\/www.padreydecano.com\/cms\/wp-content\/uploads\/2019\/12\/WhatsApp-Image-2019-12-11-at-21.40.50.jpeg\",\"datePublished\":\"2019-12-12T03:14:53+00:00\",\"dateModified\":\"2019-12-15T04:14:29+00:00\",\"breadcrumb\":{\"@id\":\"https:\/\/www.padreydecano.com\/cms\/noticias\/cuesta-arriba\/#breadcrumb\"},\"inLanguage\":\"es\",\"potentialAction\":[{\"@type\":\"ReadAction\",\"target\":[\"https:\/\/www.padreydecano.com\/cms\/noticias\/cuesta-arriba\/\"]}]},{\"@type\":\"ImageObject\",\"inLanguage\":\"es\",\"@id\":\"https:\/\/www.padreydecano.com\/cms\/noticias\/cuesta-arriba\/#primaryimage\",\"url\":\"https:\/\/www.padreydecano.com\/cms\/wp-content\/uploads\/2019\/12\/WhatsApp-Image-2019-12-11-at-21.40.50.jpeg\",\"contentUrl\":\"https:\/\/www.padreydecano.com\/cms\/wp-content\/uploads\/2019\/12\/WhatsApp-Image-2019-12-11-at-21.40.50.jpeg\",\"width\":1599,\"height\":1066},{\"@type\":\"BreadcrumbList\",\"@id\":\"https:\/\/www.padreydecano.com\/cms\/noticias\/cuesta-arriba\/#breadcrumb\",\"itemListElement\":[{\"@type\":\"ListItem\",\"position\":1,\"name\":\"Portada\",\"item\":\"https:\/\/www.padreydecano.com\/cms\/\"},{\"@type\":\"ListItem\",\"position\":2,\"name\":\"Cuesta arriba\"}]},{\"@type\":\"WebSite\",\"@id\":\"https:\/\/www.padreydecano.com\/cms\/#website\",\"url\":\"https:\/\/www.padreydecano.com\/cms\/\",\"name\":\"Padre y Decano - El Sitio del Pueblo\",\"description\":\"Club Atl\u00e9tico Pe\u00f1arol\",\"publisher\":{\"@id\":\"https:\/\/www.padreydecano.com\/cms\/#organization\"},\"potentialAction\":[{\"@type\":\"SearchAction\",\"target\":{\"@type\":\"EntryPoint\",\"urlTemplate\":\"https:\/\/www.padreydecano.com\/cms\/?s={search_term_string}\"},\"query-input\":\"required name=search_term_string\"}],\"inLanguage\":\"es\"},{\"@type\":\"Organization\",\"@id\":\"https:\/\/www.padreydecano.com\/cms\/#organization\",\"name\":\"Padre y Decano\",\"url\":\"https:\/\/www.padreydecano.com\/cms\/\",\"logo\":{\"@type\":\"ImageObject\",\"inLanguage\":\"es\",\"@id\":\"https:\/\/www.padreydecano.com\/cms\/#\/schema\/logo\/image\/\",\"url\":\"https:\/\/www.padreydecano.com\/cms\/wp-content\/uploads\/2022\/01\/avatar-square.png\",\"contentUrl\":\"https:\/\/www.padreydecano.com\/cms\/wp-content\/uploads\/2022\/01\/avatar-square.png\",\"width\":1500,\"height\":1500,\"caption\":\"Padre y Decano\"},\"image\":{\"@id\":\"https:\/\/www.padreydecano.com\/cms\/#\/schema\/logo\/image\/\"}},{\"@type\":\"Person\",\"@id\":\"https:\/\/www.padreydecano.com\/cms\/#\/schema\/person\/51e0214db654d9624824b37c2838bb65\",\"name\":\"Emirona07\",\"image\":{\"@type\":\"ImageObject\",\"inLanguage\":\"es\",\"@id\":\"https:\/\/www.padreydecano.com\/cms\/#\/schema\/person\/image\/\",\"url\":\"https:\/\/secure.gravatar.com\/avatar\/93c9118dbd5373a8a065bb5cdddde6bf?s=96&d=https%3A%2F%2Fpadreydecano.com%2Fcms%2Fwp-content%2Fthemes%2Fpyd-theme%2Fimg%2Fdefault-avatar.png&r=g\",\"contentUrl\":\"https:\/\/secure.gravatar.com\/avatar\/93c9118dbd5373a8a065bb5cdddde6bf?s=96&d=https%3A%2F%2Fpadreydecano.com%2Fcms%2Fwp-content%2Fthemes%2Fpyd-theme%2Fimg%2Fdefault-avatar.png&r=g\",\"caption\":\"Emirona07\"}}]}<\/script>\n<!-- \/ Yoast SEO plugin. -->","yoast_head_json":{"title":"Cuesta arriba - Padre y Decano - El Sitio del Pueblo","robots":{"index":"index","follow":"follow","max-snippet":"max-snippet:-1","max-image-preview":"max-image-preview:large","max-video-preview":"max-video-preview:-1"},"canonical":"https:\/\/www.padreydecano.com\/cms\/noticias\/cuesta-arriba\/","og_locale":"es_ES","og_type":"article","og_title":"Cuesta arriba - Padre y Decano - El Sitio del Pueblo","og_description":"Pe\u00f1arol perdi\u00f3 2 a 0 el cl\u00e1sico por la final del Torneo Clausura 2019, en el Estadio Centenario. Nuevamente se vio un flojo partido por parte de los dirigidos por Diego L\u00f3pez. El carbonero lleg\u00f3 con varias bajas al choque cl\u00e1sico. Walter Gargano, Cristian Rodr\u00edguez por lesi\u00f3n, mientras que Rodrigo Abascal, Guzm\u00e1n Pereira e Ignacio [&hellip;]","og_url":"https:\/\/www.padreydecano.com\/cms\/noticias\/cuesta-arriba\/","og_site_name":"Padre y Decano - El Sitio del Pueblo","article_published_time":"2019-12-12T03:14:53+00:00","article_modified_time":"2019-12-15T04:14:29+00:00","og_image":[{"width":1599,"height":1066,"url":"https:\/\/www.padreydecano.com\/cms\/wp-content\/uploads\/2019\/12\/WhatsApp-Image-2019-12-11-at-21.40.50.jpeg","type":"image\/jpeg"}],"author":"Emirona07","twitter_card":"summary_large_image","twitter_misc":{"Escrito por":"Emirona07","Tiempo de lectura":"3 minutos"},"schema":{"@context":"https:\/\/schema.org","@graph":[{"@type":"Article","@id":"https:\/\/www.padreydecano.com\/cms\/noticias\/cuesta-arriba\/#article","isPartOf":{"@id":"https:\/\/www.padreydecano.com\/cms\/noticias\/cuesta-arriba\/"},"author":{"name":"Emirona07","@id":"https:\/\/www.padreydecano.com\/cms\/#\/schema\/person\/51e0214db654d9624824b37c2838bb65"},"headline":"Cuesta arriba","datePublished":"2019-12-12T03:14:53+00:00","dateModified":"2019-12-15T04:14:29+00:00","mainEntityOfPage":{"@id":"https:\/\/www.padreydecano.com\/cms\/noticias\/cuesta-arriba\/"},"wordCount":664,"commentCount":215,"publisher":{"@id":"https:\/\/www.padreydecano.com\/cms\/#organization"},"image":{"@id":"https:\/\/www.padreydecano.com\/cms\/noticias\/cuesta-arriba\/#primaryimage"},"thumbnailUrl":"https:\/\/www.padreydecano.com\/cms\/wp-content\/uploads\/2019\/12\/WhatsApp-Image-2019-12-11-at-21.40.50.jpeg","articleSection":["Noticias","Partidos"],"inLanguage":"es","potentialAction":[{"@type":"CommentAction","name":"Comment","target":["https:\/\/www.padreydecano.com\/cms\/noticias\/cuesta-arriba\/#respond"]}]},{"@type":"WebPage","@id":"https:\/\/www.padreydecano.com\/cms\/noticias\/cuesta-arriba\/","url":"https:\/\/www.padreydecano.com\/cms\/noticias\/cuesta-arriba\/","name":"Cuesta arriba - Padre y Decano - El Sitio del Pueblo","isPartOf":{"@id":"https:\/\/www.padreydecano.com\/cms\/#website"},"primaryImageOfPage":{"@id":"https:\/\/www.padreydecano.com\/cms\/noticias\/cuesta-arriba\/#primaryimage"},"image":{"@id":"https:\/\/www.padreydecano.com\/cms\/noticias\/cuesta-arriba\/#primaryimage"},"thumbnailUrl":"https:\/\/www.padreydecano.com\/cms\/wp-content\/uploads\/2019\/12\/WhatsApp-Image-2019-12-11-at-21.40.50.jpeg","datePublished":"2019-12-12T03:14:53+00:00","dateModified":"2019-12-15T04:14:29+00:00","breadcrumb":{"@id":"https:\/\/www.padreydecano.com\/cms\/noticias\/cuesta-arriba\/#breadcrumb"},"inLanguage":"es","potentialAction":[{"@type":"ReadAction","target":["https:\/\/www.padreydecano.com\/cms\/noticias\/cuesta-arriba\/"]}]},{"@type":"ImageObject","inLanguage":"es","@id":"https:\/\/www.padreydecano.com\/cms\/noticias\/cuesta-arriba\/#primaryimage","url":"https:\/\/www.padreydecano.com\/cms\/wp-content\/uploads\/2019\/12\/WhatsApp-Image-2019-12-11-at-21.40.50.jpeg","contentUrl":"https:\/\/www.padreydecano.com\/cms\/wp-content\/uploads\/2019\/12\/WhatsApp-Image-2019-12-11-at-21.40.50.jpeg","width":1599,"height":1066},{"@type":"BreadcrumbList","@id":"https:\/\/www.padreydecano.com\/cms\/noticias\/cuesta-arriba\/#breadcrumb","itemListElement":[{"@type":"ListItem","position":1,"name":"Portada","item":"https:\/\/www.padreydecano.com\/cms\/"},{"@type":"ListItem","position":2,"name":"Cuesta arriba"}]},{"@type":"WebSite","@id":"https:\/\/www.padreydecano.com\/cms\/#website","url":"https:\/\/www.padreydecano.com\/cms\/","name":"Padre y Decano - El Sitio del Pueblo","description":"Club Atl\u00e9tico Pe\u00f1arol","publisher":{"@id":"https:\/\/www.padreydecano.com\/cms\/#organization"},"potentialAction":[{"@type":"SearchAction","target":{"@type":"EntryPoint","urlTemplate":"https:\/\/www.padreydecano.com\/cms\/?s={search_term_string}"},"query-input":"required name=search_term_string"}],"inLanguage":"es"},{"@type":"Organization","@id":"https:\/\/www.padreydecano.com\/cms\/#organization","name":"Padre y Decano","url":"https:\/\/www.padreydecano.com\/cms\/","logo":{"@type":"ImageObject","inLanguage":"es","@id":"https:\/\/www.padreydecano.com\/cms\/#\/schema\/logo\/image\/","url":"https:\/\/www.padreydecano.com\/cms\/wp-content\/uploads\/2022\/01\/avatar-square.png","contentUrl":"https:\/\/www.padreydecano.com\/cms\/wp-content\/uploads\/2022\/01\/avatar-square.png","width":1500,"height":1500,"caption":"Padre y Decano"},"image":{"@id":"https:\/\/www.padreydecano.com\/cms\/#\/schema\/logo\/image\/"}},{"@type":"Person","@id":"https:\/\/www.padreydecano.com\/cms\/#\/schema\/person\/51e0214db654d9624824b37c2838bb65","name":"Emirona07","image":{"@type":"ImageObject","inLanguage":"es","@id":"https:\/\/www.padreydecano.com\/cms\/#\/schema\/person\/image\/","url":"https:\/\/secure.gravatar.com\/avatar\/93c9118dbd5373a8a065bb5cdddde6bf?s=96&d=https%3A%2F%2Fpadreydecano.com%2Fcms%2Fwp-content%2Fthemes%2Fpyd-theme%2Fimg%2Fdefault-avatar.png&r=g","contentUrl":"https:\/\/secure.gravatar.com\/avatar\/93c9118dbd5373a8a065bb5cdddde6bf?s=96&d=https%3A%2F%2Fpadreydecano.com%2Fcms%2Fwp-content%2Fthemes%2Fpyd-theme%2Fimg%2Fdefault-avatar.png&r=g","caption":"Emirona07"}}]}},"_links":{"self":[{"href":"https:\/\/www.padreydecano.com\/cms\/wp-json\/wp\/v2\/posts\/72860"}],"collection":[{"href":"https:\/\/www.padreydecano.com\/cms\/wp-json\/wp\/v2\/posts"}],"about":[{"href":"https:\/\/www.padreydecano.com\/cms\/wp-json\/wp\/v2\/types\/post"}],"author":[{"embeddable":true,"href":"https:\/\/www.padreydecano.com\/cms\/wp-json\/wp\/v2\/users\/5"}],"replies":[{"embeddable":true,"href":"https:\/\/www.padreydecano.com\/cms\/wp-json\/wp\/v2\/comments?post=72860"}],"version-history":[{"count":0,"href":"https:\/\/www.padreydecano.com\/cms\/wp-json\/wp\/v2\/posts\/72860\/revisions"}],"wp:featuredmedia":[{"embeddable":true,"href":"https:\/\/www.padreydecano.com\/cms\/wp-json\/wp\/v2\/media\/72861"}],"wp:attachment":[{"href":"https:\/\/www.padreydecano.com\/cms\/wp-json\/wp\/v2\/media?parent=72860"}],"wp:term":[{"taxonomy":"category","embeddable":true,"href":"https:\/\/www.padreydecano.com\/cms\/wp-json\/wp\/v2\/categories?post=72860"},{"taxonomy":"post_tag","embeddable":true,"href":"https:\/\/www.padreydecano.com\/cms\/wp-json\/wp\/v2\/tags?post=72860"}],"curies":[{"name":"wp","href":"https:\/\/api.w.org\/{rel}","templated":true}]}}