{"id":72685,"date":"2019-11-25T20:23:04","date_gmt":"2019-11-25T23:23:04","guid":{"rendered":"http:\/\/www.padreydecano.com\/cms\/?p=72685"},"modified":"2019-11-25T20:23:04","modified_gmt":"2019-11-25T23:23:04","slug":"jugadores-en-duda","status":"publish","type":"post","link":"https:\/\/www.padreydecano.com\/cms\/noticias\/jugadores-en-duda\/","title":{"rendered":"Jugadores en duda"},"content":{"rendered":"<p><a href=\"https:\/\/www.padreydecano.com\/cms\/wp-content\/uploads\/2018\/10\/73ef5384-9d83-4036-bf7f-0af4bc420905.jpg\" rel=\"shadowbox[sbpost-72685];player=img;\"><img loading=\"lazy\" decoding=\"async\" class=\"aligncenter size-full wp-image-68624\" src=\"https:\/\/www.padreydecano.com\/cms\/wp-content\/uploads\/2018\/10\/73ef5384-9d83-4036-bf7f-0af4bc420905.jpg\" alt=\"\" width=\"1600\" height=\"1200\" srcset=\"https:\/\/www.padreydecano.com\/cms\/wp-content\/uploads\/2018\/10\/73ef5384-9d83-4036-bf7f-0af4bc420905.jpg 1600w, https:\/\/www.padreydecano.com\/cms\/wp-content\/uploads\/2018\/10\/73ef5384-9d83-4036-bf7f-0af4bc420905-600x450.jpg 600w, https:\/\/www.padreydecano.com\/cms\/wp-content\/uploads\/2018\/10\/73ef5384-9d83-4036-bf7f-0af4bc420905-768x576.jpg 768w, https:\/\/www.padreydecano.com\/cms\/wp-content\/uploads\/2018\/10\/73ef5384-9d83-4036-bf7f-0af4bc420905-1024x768.jpg 1024w\" sizes=\"(max-width: 1600px) 100vw, 1600px\" \/><\/a><\/p>\n<p style=\"text-align: justify;\"><strong>Pe\u00f1arol entren\u00f3 en Los Aromos con la preocupaci\u00f3n por jugadores importantes que no llegar\u00e1n a la definici\u00f3n del Torneo Clausura 2019, la gran inc\u00f3gnita es la situaci\u00f3n de Xisco Jim\u00e9nez, delantero que termin\u00f3 sentido el encuentro en el que <a href=\"https:\/\/www.padreydecano.com\/cms\/noticias\/porque-vamos-arriba-porque-vamos-primeros\/\">el Decano venci\u00f3 2 a 1 a F\u00e9nix<\/a>.<\/strong><\/p>\n<p>A la baja de Walter Gargano por rotura de ligamentos cruzados, Diego L\u00f3pez deber\u00e1 sumar a Cristian Rodr\u00edguez que sufri\u00f3 una distensi\u00f3n en el recto anterior del cuadriceps y Kevin Dawson con distensi\u00f3n en el gemelo interno. Al capit\u00e1n mirasol se le realizar\u00e1n estudios el jueves en la tarde. Al meta el mi\u00e9rcoles por la noche, lo m\u00e1s seguro es que ambos elementos no puedan estar a la orden ante Progreso y Cerro Largo. Adem\u00e1s de que se teme que se confirme que sus dolencias son desgarros.<\/p>\n<p>Xisco Jim\u00e9nez sufri\u00f3 una contractura en el posterior del muslo, el futbolista est\u00e1 en duda y ser\u00e1 probado el martes. Si responde a la exigencia podr\u00e1 jugar ante los gauchos del Pantanoso. El resto del plantel trabaj\u00f3 con normalidad y espera por el compromiso del mi\u00e9rcoles en La Teja.<\/p>\n<p>El \u00faltimo encuentro ante Cerro Largo en el Estadio Campe\u00f3n Del Siglo ser\u00e1 el domingo y ser\u00e1 simult\u00e1neo al juego de Nacional y quiz\u00e1s al de Progreso tambi\u00e9n.<\/p>\n<div class=\"user-wrapper\"><a class=\"userlink\" href=\"https:\/\/twitter.com\/wilsonmendez86\" target=\"_blank\"><figure><img decoding=\"async\" src=\"http:\/\/www.padreydecano.com\/cms\/wp-users-files\/postfirmas\/wilsonmendez86.jpg\" \/><\/figure><p class=\"user\"><strong>Wilson M&eacute;ndez<\/strong><br \/>@wilsonmendez86<\/p><\/a><\/div>\n","protected":false},"excerpt":{"rendered":"<p>Pe\u00f1arol entren\u00f3 en Los Aromos con la preocupaci\u00f3n por jugadores importantes que no llegar\u00e1n a la definici\u00f3n del Torneo Clausura 2019, la gran inc\u00f3gnita es la situaci\u00f3n de Xisco Jim\u00e9nez, delantero que termin\u00f3 sentido el encuentro en el que el Decano venci\u00f3 2 a 1 a F\u00e9nix. A la baja de Walter Gargano por rotura [&hellip;]<\/p>\n","protected":false},"author":5,"featured_media":68624,"comment_status":"open","ping_status":"closed","sticky":false,"template":"","format":"standard","meta":{"footnotes":""},"categories":[7,1],"tags":[],"yoast_head":"<!-- This site is optimized with the Yoast SEO plugin v23.2 - https:\/\/yoast.com\/wordpress\/plugins\/seo\/ -->\n<title>Jugadores en duda - Padre y Decano - El Sitio del Pueblo<\/title>\n<meta name=\"robots\" content=\"index, follow, max-snippet:-1, max-image-preview:large, max-video-preview:-1\" \/>\n<link rel=\"canonical\" href=\"https:\/\/www.padreydecano.com\/cms\/noticias\/jugadores-en-duda\/\" \/>\n<meta property=\"og:locale\" content=\"es_ES\" \/>\n<meta property=\"og:type\" content=\"article\" \/>\n<meta property=\"og:title\" content=\"Jugadores en duda - Padre y Decano - El Sitio del Pueblo\" \/>\n<meta property=\"og:description\" content=\"Pe\u00f1arol entren\u00f3 en Los Aromos con la preocupaci\u00f3n por jugadores importantes que no llegar\u00e1n a la definici\u00f3n del Torneo Clausura 2019, la gran inc\u00f3gnita es la situaci\u00f3n de Xisco Jim\u00e9nez, delantero que termin\u00f3 sentido el encuentro en el que el Decano venci\u00f3 2 a 1 a F\u00e9nix. A la baja de Walter Gargano por rotura [&hellip;]\" \/>\n<meta property=\"og:url\" content=\"https:\/\/www.padreydecano.com\/cms\/noticias\/jugadores-en-duda\/\" \/>\n<meta property=\"og:site_name\" content=\"Padre y Decano - El Sitio del Pueblo\" \/>\n<meta property=\"article:published_time\" content=\"2019-11-25T23:23:04+00:00\" \/>\n<meta property=\"og:image\" content=\"https:\/\/www.padreydecano.com\/cms\/wp-content\/uploads\/2018\/10\/73ef5384-9d83-4036-bf7f-0af4bc420905.jpg\" \/>\n\t<meta property=\"og:image:width\" content=\"1600\" \/>\n\t<meta property=\"og:image:height\" content=\"1200\" \/>\n\t<meta property=\"og:image:type\" content=\"image\/jpeg\" \/>\n<meta name=\"author\" content=\"Emirona07\" \/>\n<meta name=\"twitter:card\" content=\"summary_large_image\" \/>\n<meta name=\"twitter:label1\" content=\"Escrito por\" \/>\n\t<meta name=\"twitter:data1\" content=\"Emirona07\" \/>\n\t<meta name=\"twitter:label2\" content=\"Tiempo de lectura\" \/>\n\t<meta name=\"twitter:data2\" content=\"1 minuto\" \/>\n<script type=\"application\/ld+json\" class=\"yoast-schema-graph\">{\"@context\":\"https:\/\/schema.org\",\"@graph\":[{\"@type\":\"Article\",\"@id\":\"https:\/\/www.padreydecano.com\/cms\/noticias\/jugadores-en-duda\/#article\",\"isPartOf\":{\"@id\":\"https:\/\/www.padreydecano.com\/cms\/noticias\/jugadores-en-duda\/\"},\"author\":{\"name\":\"Emirona07\",\"@id\":\"https:\/\/www.padreydecano.com\/cms\/#\/schema\/person\/51e0214db654d9624824b37c2838bb65\"},\"headline\":\"Jugadores en duda\",\"datePublished\":\"2019-11-25T23:23:04+00:00\",\"dateModified\":\"2019-11-25T23:23:04+00:00\",\"mainEntityOfPage\":{\"@id\":\"https:\/\/www.padreydecano.com\/cms\/noticias\/jugadores-en-duda\/\"},\"wordCount\":235,\"commentCount\":13,\"publisher\":{\"@id\":\"https:\/\/www.padreydecano.com\/cms\/#organization\"},\"image\":{\"@id\":\"https:\/\/www.padreydecano.com\/cms\/noticias\/jugadores-en-duda\/#primaryimage\"},\"thumbnailUrl\":\"https:\/\/www.padreydecano.com\/cms\/wp-content\/uploads\/2018\/10\/73ef5384-9d83-4036-bf7f-0af4bc420905.jpg\",\"articleSection\":[\"Los Aromos\",\"Noticias\"],\"inLanguage\":\"es\",\"potentialAction\":[{\"@type\":\"CommentAction\",\"name\":\"Comment\",\"target\":[\"https:\/\/www.padreydecano.com\/cms\/noticias\/jugadores-en-duda\/#respond\"]}]},{\"@type\":\"WebPage\",\"@id\":\"https:\/\/www.padreydecano.com\/cms\/noticias\/jugadores-en-duda\/\",\"url\":\"https:\/\/www.padreydecano.com\/cms\/noticias\/jugadores-en-duda\/\",\"name\":\"Jugadores en duda - Padre y Decano - El Sitio del Pueblo\",\"isPartOf\":{\"@id\":\"https:\/\/www.padreydecano.com\/cms\/#website\"},\"primaryImageOfPage\":{\"@id\":\"https:\/\/www.padreydecano.com\/cms\/noticias\/jugadores-en-duda\/#primaryimage\"},\"image\":{\"@id\":\"https:\/\/www.padreydecano.com\/cms\/noticias\/jugadores-en-duda\/#primaryimage\"},\"thumbnailUrl\":\"https:\/\/www.padreydecano.com\/cms\/wp-content\/uploads\/2018\/10\/73ef5384-9d83-4036-bf7f-0af4bc420905.jpg\",\"datePublished\":\"2019-11-25T23:23:04+00:00\",\"dateModified\":\"2019-11-25T23:23:04+00:00\",\"breadcrumb\":{\"@id\":\"https:\/\/www.padreydecano.com\/cms\/noticias\/jugadores-en-duda\/#breadcrumb\"},\"inLanguage\":\"es\",\"potentialAction\":[{\"@type\":\"ReadAction\",\"target\":[\"https:\/\/www.padreydecano.com\/cms\/noticias\/jugadores-en-duda\/\"]}]},{\"@type\":\"ImageObject\",\"inLanguage\":\"es\",\"@id\":\"https:\/\/www.padreydecano.com\/cms\/noticias\/jugadores-en-duda\/#primaryimage\",\"url\":\"https:\/\/www.padreydecano.com\/cms\/wp-content\/uploads\/2018\/10\/73ef5384-9d83-4036-bf7f-0af4bc420905.jpg\",\"contentUrl\":\"https:\/\/www.padreydecano.com\/cms\/wp-content\/uploads\/2018\/10\/73ef5384-9d83-4036-bf7f-0af4bc420905.jpg\",\"width\":1600,\"height\":1200},{\"@type\":\"BreadcrumbList\",\"@id\":\"https:\/\/www.padreydecano.com\/cms\/noticias\/jugadores-en-duda\/#breadcrumb\",\"itemListElement\":[{\"@type\":\"ListItem\",\"position\":1,\"name\":\"Portada\",\"item\":\"https:\/\/www.padreydecano.com\/cms\/\"},{\"@type\":\"ListItem\",\"position\":2,\"name\":\"Jugadores en duda\"}]},{\"@type\":\"WebSite\",\"@id\":\"https:\/\/www.padreydecano.com\/cms\/#website\",\"url\":\"https:\/\/www.padreydecano.com\/cms\/\",\"name\":\"Padre y Decano - El Sitio del Pueblo\",\"description\":\"Club Atl\u00e9tico Pe\u00f1arol\",\"publisher\":{\"@id\":\"https:\/\/www.padreydecano.com\/cms\/#organization\"},\"potentialAction\":[{\"@type\":\"SearchAction\",\"target\":{\"@type\":\"EntryPoint\",\"urlTemplate\":\"https:\/\/www.padreydecano.com\/cms\/?s={search_term_string}\"},\"query-input\":\"required name=search_term_string\"}],\"inLanguage\":\"es\"},{\"@type\":\"Organization\",\"@id\":\"https:\/\/www.padreydecano.com\/cms\/#organization\",\"name\":\"Padre y Decano\",\"url\":\"https:\/\/www.padreydecano.com\/cms\/\",\"logo\":{\"@type\":\"ImageObject\",\"inLanguage\":\"es\",\"@id\":\"https:\/\/www.padreydecano.com\/cms\/#\/schema\/logo\/image\/\",\"url\":\"https:\/\/www.padreydecano.com\/cms\/wp-content\/uploads\/2022\/01\/avatar-square.png\",\"contentUrl\":\"https:\/\/www.padreydecano.com\/cms\/wp-content\/uploads\/2022\/01\/avatar-square.png\",\"width\":1500,\"height\":1500,\"caption\":\"Padre y Decano\"},\"image\":{\"@id\":\"https:\/\/www.padreydecano.com\/cms\/#\/schema\/logo\/image\/\"}},{\"@type\":\"Person\",\"@id\":\"https:\/\/www.padreydecano.com\/cms\/#\/schema\/person\/51e0214db654d9624824b37c2838bb65\",\"name\":\"Emirona07\",\"image\":{\"@type\":\"ImageObject\",\"inLanguage\":\"es\",\"@id\":\"https:\/\/www.padreydecano.com\/cms\/#\/schema\/person\/image\/\",\"url\":\"https:\/\/secure.gravatar.com\/avatar\/93c9118dbd5373a8a065bb5cdddde6bf?s=96&d=https%3A%2F%2Fpadreydecano.com%2Fcms%2Fwp-content%2Fthemes%2Fpyd-theme%2Fimg%2Fdefault-avatar.png&r=g\",\"contentUrl\":\"https:\/\/secure.gravatar.com\/avatar\/93c9118dbd5373a8a065bb5cdddde6bf?s=96&d=https%3A%2F%2Fpadreydecano.com%2Fcms%2Fwp-content%2Fthemes%2Fpyd-theme%2Fimg%2Fdefault-avatar.png&r=g\",\"caption\":\"Emirona07\"}}]}<\/script>\n<!-- \/ Yoast SEO plugin. -->","yoast_head_json":{"title":"Jugadores en duda - Padre y Decano - El Sitio del Pueblo","robots":{"index":"index","follow":"follow","max-snippet":"max-snippet:-1","max-image-preview":"max-image-preview:large","max-video-preview":"max-video-preview:-1"},"canonical":"https:\/\/www.padreydecano.com\/cms\/noticias\/jugadores-en-duda\/","og_locale":"es_ES","og_type":"article","og_title":"Jugadores en duda - Padre y Decano - El Sitio del Pueblo","og_description":"Pe\u00f1arol entren\u00f3 en Los Aromos con la preocupaci\u00f3n por jugadores importantes que no llegar\u00e1n a la definici\u00f3n del Torneo Clausura 2019, la gran inc\u00f3gnita es la situaci\u00f3n de Xisco Jim\u00e9nez, delantero que termin\u00f3 sentido el encuentro en el que el Decano venci\u00f3 2 a 1 a F\u00e9nix. A la baja de Walter Gargano por rotura [&hellip;]","og_url":"https:\/\/www.padreydecano.com\/cms\/noticias\/jugadores-en-duda\/","og_site_name":"Padre y Decano - El Sitio del Pueblo","article_published_time":"2019-11-25T23:23:04+00:00","og_image":[{"width":1600,"height":1200,"url":"https:\/\/www.padreydecano.com\/cms\/wp-content\/uploads\/2018\/10\/73ef5384-9d83-4036-bf7f-0af4bc420905.jpg","type":"image\/jpeg"}],"author":"Emirona07","twitter_card":"summary_large_image","twitter_misc":{"Escrito por":"Emirona07","Tiempo de lectura":"1 minuto"},"schema":{"@context":"https:\/\/schema.org","@graph":[{"@type":"Article","@id":"https:\/\/www.padreydecano.com\/cms\/noticias\/jugadores-en-duda\/#article","isPartOf":{"@id":"https:\/\/www.padreydecano.com\/cms\/noticias\/jugadores-en-duda\/"},"author":{"name":"Emirona07","@id":"https:\/\/www.padreydecano.com\/cms\/#\/schema\/person\/51e0214db654d9624824b37c2838bb65"},"headline":"Jugadores en duda","datePublished":"2019-11-25T23:23:04+00:00","dateModified":"2019-11-25T23:23:04+00:00","mainEntityOfPage":{"@id":"https:\/\/www.padreydecano.com\/cms\/noticias\/jugadores-en-duda\/"},"wordCount":235,"commentCount":13,"publisher":{"@id":"https:\/\/www.padreydecano.com\/cms\/#organization"},"image":{"@id":"https:\/\/www.padreydecano.com\/cms\/noticias\/jugadores-en-duda\/#primaryimage"},"thumbnailUrl":"https:\/\/www.padreydecano.com\/cms\/wp-content\/uploads\/2018\/10\/73ef5384-9d83-4036-bf7f-0af4bc420905.jpg","articleSection":["Los Aromos","Noticias"],"inLanguage":"es","potentialAction":[{"@type":"CommentAction","name":"Comment","target":["https:\/\/www.padreydecano.com\/cms\/noticias\/jugadores-en-duda\/#respond"]}]},{"@type":"WebPage","@id":"https:\/\/www.padreydecano.com\/cms\/noticias\/jugadores-en-duda\/","url":"https:\/\/www.padreydecano.com\/cms\/noticias\/jugadores-en-duda\/","name":"Jugadores en duda - Padre y Decano - El Sitio del Pueblo","isPartOf":{"@id":"https:\/\/www.padreydecano.com\/cms\/#website"},"primaryImageOfPage":{"@id":"https:\/\/www.padreydecano.com\/cms\/noticias\/jugadores-en-duda\/#primaryimage"},"image":{"@id":"https:\/\/www.padreydecano.com\/cms\/noticias\/jugadores-en-duda\/#primaryimage"},"thumbnailUrl":"https:\/\/www.padreydecano.com\/cms\/wp-content\/uploads\/2018\/10\/73ef5384-9d83-4036-bf7f-0af4bc420905.jpg","datePublished":"2019-11-25T23:23:04+00:00","dateModified":"2019-11-25T23:23:04+00:00","breadcrumb":{"@id":"https:\/\/www.padreydecano.com\/cms\/noticias\/jugadores-en-duda\/#breadcrumb"},"inLanguage":"es","potentialAction":[{"@type":"ReadAction","target":["https:\/\/www.padreydecano.com\/cms\/noticias\/jugadores-en-duda\/"]}]},{"@type":"ImageObject","inLanguage":"es","@id":"https:\/\/www.padreydecano.com\/cms\/noticias\/jugadores-en-duda\/#primaryimage","url":"https:\/\/www.padreydecano.com\/cms\/wp-content\/uploads\/2018\/10\/73ef5384-9d83-4036-bf7f-0af4bc420905.jpg","contentUrl":"https:\/\/www.padreydecano.com\/cms\/wp-content\/uploads\/2018\/10\/73ef5384-9d83-4036-bf7f-0af4bc420905.jpg","width":1600,"height":1200},{"@type":"BreadcrumbList","@id":"https:\/\/www.padreydecano.com\/cms\/noticias\/jugadores-en-duda\/#breadcrumb","itemListElement":[{"@type":"ListItem","position":1,"name":"Portada","item":"https:\/\/www.padreydecano.com\/cms\/"},{"@type":"ListItem","position":2,"name":"Jugadores en duda"}]},{"@type":"WebSite","@id":"https:\/\/www.padreydecano.com\/cms\/#website","url":"https:\/\/www.padreydecano.com\/cms\/","name":"Padre y Decano - El Sitio del Pueblo","description":"Club Atl\u00e9tico Pe\u00f1arol","publisher":{"@id":"https:\/\/www.padreydecano.com\/cms\/#organization"},"potentialAction":[{"@type":"SearchAction","target":{"@type":"EntryPoint","urlTemplate":"https:\/\/www.padreydecano.com\/cms\/?s={search_term_string}"},"query-input":"required name=search_term_string"}],"inLanguage":"es"},{"@type":"Organization","@id":"https:\/\/www.padreydecano.com\/cms\/#organization","name":"Padre y Decano","url":"https:\/\/www.padreydecano.com\/cms\/","logo":{"@type":"ImageObject","inLanguage":"es","@id":"https:\/\/www.padreydecano.com\/cms\/#\/schema\/logo\/image\/","url":"https:\/\/www.padreydecano.com\/cms\/wp-content\/uploads\/2022\/01\/avatar-square.png","contentUrl":"https:\/\/www.padreydecano.com\/cms\/wp-content\/uploads\/2022\/01\/avatar-square.png","width":1500,"height":1500,"caption":"Padre y Decano"},"image":{"@id":"https:\/\/www.padreydecano.com\/cms\/#\/schema\/logo\/image\/"}},{"@type":"Person","@id":"https:\/\/www.padreydecano.com\/cms\/#\/schema\/person\/51e0214db654d9624824b37c2838bb65","name":"Emirona07","image":{"@type":"ImageObject","inLanguage":"es","@id":"https:\/\/www.padreydecano.com\/cms\/#\/schema\/person\/image\/","url":"https:\/\/secure.gravatar.com\/avatar\/93c9118dbd5373a8a065bb5cdddde6bf?s=96&d=https%3A%2F%2Fpadreydecano.com%2Fcms%2Fwp-content%2Fthemes%2Fpyd-theme%2Fimg%2Fdefault-avatar.png&r=g","contentUrl":"https:\/\/secure.gravatar.com\/avatar\/93c9118dbd5373a8a065bb5cdddde6bf?s=96&d=https%3A%2F%2Fpadreydecano.com%2Fcms%2Fwp-content%2Fthemes%2Fpyd-theme%2Fimg%2Fdefault-avatar.png&r=g","caption":"Emirona07"}}]}},"_links":{"self":[{"href":"https:\/\/www.padreydecano.com\/cms\/wp-json\/wp\/v2\/posts\/72685"}],"collection":[{"href":"https:\/\/www.padreydecano.com\/cms\/wp-json\/wp\/v2\/posts"}],"about":[{"href":"https:\/\/www.padreydecano.com\/cms\/wp-json\/wp\/v2\/types\/post"}],"author":[{"embeddable":true,"href":"https:\/\/www.padreydecano.com\/cms\/wp-json\/wp\/v2\/users\/5"}],"replies":[{"embeddable":true,"href":"https:\/\/www.padreydecano.com\/cms\/wp-json\/wp\/v2\/comments?post=72685"}],"version-history":[{"count":0,"href":"https:\/\/www.padreydecano.com\/cms\/wp-json\/wp\/v2\/posts\/72685\/revisions"}],"wp:featuredmedia":[{"embeddable":true,"href":"https:\/\/www.padreydecano.com\/cms\/wp-json\/wp\/v2\/media\/68624"}],"wp:attachment":[{"href":"https:\/\/www.padreydecano.com\/cms\/wp-json\/wp\/v2\/media?parent=72685"}],"wp:term":[{"taxonomy":"category","embeddable":true,"href":"https:\/\/www.padreydecano.com\/cms\/wp-json\/wp\/v2\/categories?post=72685"},{"taxonomy":"post_tag","embeddable":true,"href":"https:\/\/www.padreydecano.com\/cms\/wp-json\/wp\/v2\/tags?post=72685"}],"curies":[{"name":"wp","href":"https:\/\/api.w.org\/{rel}","templated":true}]}}