{"id":72658,"date":"2019-11-23T00:21:36","date_gmt":"2019-11-23T03:21:36","guid":{"rendered":"http:\/\/www.padreydecano.com\/cms\/?p=72658"},"modified":"2019-11-25T22:13:58","modified_gmt":"2019-11-26T01:13:58","slug":"porque-vamos-arriba-porque-vamos-primeros","status":"publish","type":"post","link":"https:\/\/www.padreydecano.com\/cms\/noticias\/porque-vamos-arriba-porque-vamos-primeros\/","title":{"rendered":"Porque vamos arriba, porque vamos primeros&#8230;"},"content":{"rendered":"<p style=\"text-align: justify;\"><a href=\"https:\/\/www.padreydecano.com\/cms\/wp-content\/uploads\/2019\/11\/WhatsApp-Image-2019-11-22-at-11.38.48-PM.jpeg\" rel=\"shadowbox[sbpost-72658];player=img;\"><img loading=\"lazy\" decoding=\"async\" class=\"size-full wp-image-72659\" src=\"https:\/\/www.padreydecano.com\/cms\/wp-content\/uploads\/2019\/11\/WhatsApp-Image-2019-11-22-at-11.38.48-PM.jpeg\" alt=\"\" width=\"1500\" height=\"1000\" srcset=\"https:\/\/www.padreydecano.com\/cms\/wp-content\/uploads\/2019\/11\/WhatsApp-Image-2019-11-22-at-11.38.48-PM.jpeg 1500w, https:\/\/www.padreydecano.com\/cms\/wp-content\/uploads\/2019\/11\/WhatsApp-Image-2019-11-22-at-11.38.48-PM-600x400.jpeg 600w, https:\/\/www.padreydecano.com\/cms\/wp-content\/uploads\/2019\/11\/WhatsApp-Image-2019-11-22-at-11.38.48-PM-768x512.jpeg 768w, https:\/\/www.padreydecano.com\/cms\/wp-content\/uploads\/2019\/11\/WhatsApp-Image-2019-11-22-at-11.38.48-PM-1024x683.jpeg 1024w\" sizes=\"(max-width: 1500px) 100vw, 1500px\" \/><\/a><\/p>\n<p style=\"text-align: justify;\"><strong>Pe\u00f1arol derrot\u00f3 2-1 a F\u00e9nix de atr\u00e1s, por la decimotercera fecha del Torneo Clausura y se convirti\u00f3 en el \u00fanico l\u00edder de ambas tablas.<\/strong><\/p>\n<p style=\"text-align: justify;\">Cerca de 20.000 personas llegaron al Estadio Campe\u00f3n del Siglo para presenciar la victoria aurinegra.\u00a0Antes de iniciarse el partido, se reconoci\u00f3 a los planteles femeninos de F\u00fatbol 11 y F\u00fatbol Sala, quienes se coronaron tricampeonas y bicampeonas uruguayas respectivamente, venciendo en las finales a Nacional.<\/p>\n<p style=\"text-align: justify;\">Ayer se conoci\u00f3 que Kevin Dawson ser\u00eda baja para el partido y que su lugar ser\u00eda ocupado por Thiago Cardozo. Minutos antes del encuentro, Diego L\u00f3pez se decidi\u00f3 por ubicar a Jes\u00fas Trindade como lateral derecho, Lucas Viatri arriba con Xisco y dejar a Giovanni Gonz\u00e1lez en el banco.<\/p>\n<p style=\"text-align: justify;\">Pe\u00f1arol form\u00f3 con: <strong>Thiago Cardozo; Jes\u00fas Trindade, Fabricio Formiliano, Rodrigo Abascal, Gabriel Rojas; Facundo Pellistri, Mat\u00edas De Los Santos<\/strong> (79&#8242; Giovanni Gonz\u00e1lez)<strong>, Cristian Rodr\u00edguez<\/strong> (15&#8242; Guzm\u00e1n Pereira)<strong>, Agust\u00edn Canobbio<\/strong> (60&#8242; Ignacio Lores)<strong>; Xisco Jim\u00e9nez y Lucas Viatri.<\/strong><\/p>\n<p style=\"text-align: justify;\"><strong>Banco de suplentes:<\/strong> Adriano Freitas, Enzo Mart\u00ednez, Fabi\u00e1n Estoyanoff y Luis Acevedo.<\/p>\n<p style=\"text-align: justify;\"><span style=\"color: #ffcc00;\"><strong>Primer tiempo<\/strong><\/span><\/p>\n<p style=\"text-align: justify;\">El partido comenz\u00f3 con Pe\u00f1arol atacando constantemente. La primera situaci\u00f3n del encuentro lleg\u00f3 al minuto de juego, tras un pase desde el suelo de Viatri a Xisco, quien control\u00f3 y remat\u00f3 para una gran atajada de Casanova, el arquero de F\u00e9nix, de gran rendimiento en la primera parte.<\/p>\n<p style=\"text-align: justify;\">A los 15&#8242; surgieron malas noticias para el aurinegro. <strong>Cristian Rodr\u00edguez sali\u00f3 del campo con una molestia en el recto anterior del cu\u00e1driceps, y en su lugar ingres\u00f3 Guzm\u00e1n Pereira.<\/strong><\/p>\n<p style=\"text-align: justify;\"><strong>El marcador se abri\u00f3 a los 21&#8242;, y fue F\u00e9nix quien se puso en ventaja.<\/strong> Maximiliano P\u00e9rez, ex Pe\u00f1arol, envi\u00f3 una pelota llovida al \u00e1rea a las espaldas de Fabricio Formiliano, quien cerr\u00f3 mal, y<strong> Roberto Fern\u00e1ndez aprovech\u00f3 el error ante la salida desesperada de Thiago Cardozo.<\/strong><\/p>\n<p style=\"text-align: justify;\">Luego de la conversi\u00f3n, Pe\u00f1arol sigui\u00f3 manejando los hilos del encuentro y tuvo varias situaciones para empatar, encontr\u00e1ndose siempre con la resistencia del golero albivioleta. <strong>Finalmente, en el \u00faltimo minuto de la primera parte y\u00a0tras una gran asistencia de Canobbio para Pellistri, este \u00faltimo desbord\u00f3 y envi\u00f3 el bal\u00f3n al \u00e1rea, golpeando la mano de un defensa de F\u00e9nix. Penal. Lucas Viatri fue el encargado de rematar la pena m\u00e1xima y lograr la igualdad.<\/strong> As\u00ed, el equipo de Diego L\u00f3pez ingres\u00f3 al vestuario con el marcador igualado.<\/p>\n<p style=\"text-align: justify;\"><span style=\"color: #ffcc00;\"><strong>Segundo tiempo<\/strong><\/span><\/p>\n<p style=\"text-align: justify;\">La segunda mitad se hizo de ida y vuelta, con grandes fallas de ambos equipos en la mitad del terreno.\u00a0La primera situaci\u00f3n de peligro, fue un remate de Lucas Viatri, quien luego de una asistencia de Rojas, defini\u00f3 por encima del arquero y la pelota se perdi\u00f3 apenas afuera. En la jugada siguiente, fue \u00c1lex Silva quien se escap\u00f3 de la marca de Rodrigo Abascal y defini\u00f3 cruzado, salv\u00e1ndose Pe\u00f1arol de milagro.<\/p>\n<p style=\"text-align: justify;\">Los minutos pasaban y Pe\u00f1arol no encontraba la manera de penetrar la defensa albivioleta. Diego L\u00f3pez meti\u00f3 mano en el equipo e hizo ingresar a Ignacio Lores por Agust\u00edn Canobbio, pero tampoco fue soluci\u00f3n. Minutos m\u00e1s tarde, mand\u00f3 a la cancha a Giovanni Gonz\u00e1lez por Mat\u00edas De Los Santos, pasando a Jes\u00fas Trindade a la mitad de la cancha.<\/p>\n<p style=\"text-align: justify;\">A falta de 10&#8242; para el final, Facundo Pellistri contragolpe\u00f3 en velocidad por derecha, <strong>y \u00c1lex Silva le cometi\u00f3 una violenta falta al 17 aurinegro, recibiendo merecidamente la tarjeta roja.<\/strong><\/p>\n<p style=\"text-align: justify;\"><strong>Cinco minutos m\u00e1s tarde, lleg\u00f3 el tanto de la victoria.<\/strong> Nuevamente Pellistri escap\u00f3 de su marca contra la raya y jug\u00f3 al medio con Trindade, qui\u00e9n le devolvi\u00f3 la pared de forma magistral, para que<strong> el juvenil dejara de cara al gol a Xisco, quien no perdon\u00f3. El 2 a 1 hizo delirar a las tribunas del Campe\u00f3n del Siglo, y ya no habr\u00eda tiempo para m\u00e1s nada.<\/strong><\/p>\n<p style=\"text-align: justify;\"><strong>Fue triunfo de Pe\u00f1arol, que afrontar\u00e1 la semana m\u00e1s importante del a\u00f1o como puntero de ambas tablas.<\/strong><\/p>\n<div id=\"polls-183\" class=\"wp-polls\">\n\t\t<p style=\"text-align: center; margin-bottom:10px;\"><strong>\u00bfQui\u00e9n fue la figura del encuentro ante F\u00e9nix?<\/strong><\/p><div id=\"polls-183-ans\" class=\"wp-polls-ans\"><ul class=\"wp-polls-ul\">\n\t\t<li>Facundo Pellistri <small>(93%, 577 votos)<\/small><div class=\"pollbar\" style=\"width: 93%;\" title=\"Facundo Pellistri (93% | 577 votos)\"><\/div><\/li>\n\t\t<li>Xisco Jimenez <small>(3%, 20 votos)<\/small><div class=\"pollbar\" style=\"width: 3%;\" title=\"Xisco Jimenez (3% | 20 votos)\"><\/div><\/li>\n\t\t<li>Lucas Viatri <small>(1%, 8 votos)<\/small><div class=\"pollbar\" style=\"width: 1%;\" title=\"Lucas Viatri (1% | 8 votos)\"><\/div><\/li>\n\t\t<li>Agustin Canobbio <small>(1%, 5 votos)<\/small><div class=\"pollbar\" style=\"width: 1%;\" title=\"Agustin Canobbio (1% | 5 votos)\"><\/div><\/li>\n\t\t<li>Jes\u00fas Trindade <small>(1%, 4 votos)<\/small><div class=\"pollbar\" style=\"width: 1%;\" title=\"Jes\u00fas Trindade (1% | 4 votos)\"><\/div><\/li>\n\t\t<li>Giovanni Gonzalez <small>(0%, 2 votos)<\/small><div class=\"pollbar\" style=\"width: 0%;\" title=\"Giovanni Gonzalez (0% | 2 votos)\"><\/div><\/li>\n\t\t<li>Cristian Rodriguez <small>(0%, 2 votos)<\/small><div class=\"pollbar\" style=\"width: 0%;\" title=\"Cristian Rodriguez (0% | 2 votos)\"><\/div><\/li>\n\t\t<li>Matias De Los Santos <small>(0%, 2 votos)<\/small><div class=\"pollbar\" style=\"width: 0%;\" title=\"Matias De Los Santos (0% | 2 votos)\"><\/div><\/li>\n\t\t<li>Rodrigo Abascal <small>(0%, 1 votos)<\/small><div class=\"pollbar\" style=\"width: 0%;\" title=\"Rodrigo Abascal (0% | 1 votos)\"><\/div><\/li>\n\t\t<li>Fabricio Formiliano <small>(0%, 1 votos)<\/small><div class=\"pollbar\" style=\"width: 0%;\" title=\"Fabricio Formiliano (0% | 1 votos)\"><\/div><\/li>\n\t\t<li>Thiago Cardozo <small>(0%, 1 votos)<\/small><div class=\"pollbar\" style=\"width: 0%;\" title=\"Thiago Cardozo (0% | 1 votos)\"><\/div><\/li>\n\t\t<li>Gabriel Rojas <small>(0%, 0 votos)<\/small><div class=\"pollbar\" style=\"width: 1%;\" title=\"Gabriel Rojas (0% | 0 votos)\"><\/div><\/li>\n\t\t<li>Guzm\u00e1n Pereira <small>(0%, 0 votos)<\/small><div class=\"pollbar\" style=\"width: 1%;\" title=\"Guzm\u00e1n Pereira (0% | 0 votos)\"><\/div><\/li>\n\t\t<li>Ignacio Lores <small>(0%, 0 votos)<\/small><div class=\"pollbar\" style=\"width: 1%;\" title=\"Ignacio Lores (0% | 0 votos)\"><\/div><\/li>\n\t\t<\/ul><p style=\"text-align: center;\">Total de votantes: <strong>623<\/strong><\/p><\/div>\n\t\t<input type=\"hidden\" id=\"poll_183_nonce\" name=\"wp-polls-nonce\" value=\"4fd06e90b1\" \/>\n<\/div>\n\n<p style=\"text-align: justify;\"><strong><span style=\"color: #ffcc00;\">Torneo Clausura<\/span><\/strong><\/p>\n<p style=\"text-align: justify;\">Pe\u00f1arol 30 pts<br \/>\nProgreso 29 pts<br \/>\nNacional 28 pts<br \/>\nPlaza Colonia 28 pts<\/p>\n<p style=\"text-align: justify;\"><span style=\"color: #ffcc00;\"><strong>Tabla Anual<\/strong><\/span><\/p>\n<p style=\"text-align: justify;\">Pe\u00f1arol 70 pts<br \/>\nNacional 69 pts<br \/>\nCerro Largo 66 pts<br \/>\nProgreso 61 pts<\/p>\n<p style=\"text-align: justify;\">A Pe\u00f1arol \u00fanicamente le queda enfrentar a Progreso en el Paladino, y a Cerro Largo en el Estadio Campe\u00f3n del Siglo.<\/p>\n<p style=\"text-align: justify;\"><strong>Porque vamos arriba, porque vamos primeros&#8230;<\/strong><\/p>\n<div class=\"user-wrapper\"><a class=\"userlink\"href=\"https:\/\/twitter.com\/ftrucce18\" target=\"_blank\"><figure><img decoding=\"async\" src=\"http:\/\/www.padreydecano.com\/cms\/wp-users-files\/postfirmas\/ftrucce.jpg\" \/><\/figure><p class=\"user\"><strong>Franco Trucce<\/strong><br \/>@FTrucce18<\/p><\/a><\/div>\n","protected":false},"excerpt":{"rendered":"<p>Pe\u00f1arol derrot\u00f3 2-1 a F\u00e9nix de atr\u00e1s, por la decimotercera fecha del Torneo Clausura y se convirti\u00f3 en el \u00fanico l\u00edder de ambas tablas. Cerca de 20.000 personas llegaron al Estadio Campe\u00f3n del Siglo para presenciar la victoria aurinegra.\u00a0Antes de iniciarse el partido, se reconoci\u00f3 a los planteles femeninos de F\u00fatbol 11 y F\u00fatbol Sala, [&hellip;]<\/p>\n","protected":false},"author":3,"featured_media":0,"comment_status":"open","ping_status":"closed","sticky":false,"template":"","format":"standard","meta":{"footnotes":""},"categories":[1],"tags":[],"yoast_head":"<!-- This site is optimized with the Yoast SEO plugin v23.2 - https:\/\/yoast.com\/wordpress\/plugins\/seo\/ -->\n<title>Porque vamos arriba, porque vamos primeros... - Padre y Decano - El Sitio del Pueblo<\/title>\n<meta name=\"robots\" content=\"index, follow, max-snippet:-1, max-image-preview:large, max-video-preview:-1\" \/>\n<link rel=\"canonical\" href=\"https:\/\/www.padreydecano.com\/cms\/noticias\/porque-vamos-arriba-porque-vamos-primeros\/\" \/>\n<meta property=\"og:locale\" content=\"es_ES\" \/>\n<meta property=\"og:type\" content=\"article\" \/>\n<meta property=\"og:title\" content=\"Porque vamos arriba, porque vamos primeros... - Padre y Decano - El Sitio del Pueblo\" \/>\n<meta property=\"og:description\" content=\"Pe\u00f1arol derrot\u00f3 2-1 a F\u00e9nix de atr\u00e1s, por la decimotercera fecha del Torneo Clausura y se convirti\u00f3 en el \u00fanico l\u00edder de ambas tablas. Cerca de 20.000 personas llegaron al Estadio Campe\u00f3n del Siglo para presenciar la victoria aurinegra.\u00a0Antes de iniciarse el partido, se reconoci\u00f3 a los planteles femeninos de F\u00fatbol 11 y F\u00fatbol Sala, [&hellip;]\" \/>\n<meta property=\"og:url\" content=\"https:\/\/www.padreydecano.com\/cms\/noticias\/porque-vamos-arriba-porque-vamos-primeros\/\" \/>\n<meta property=\"og:site_name\" content=\"Padre y Decano - El Sitio del Pueblo\" \/>\n<meta property=\"article:published_time\" content=\"2019-11-23T03:21:36+00:00\" \/>\n<meta property=\"article:modified_time\" content=\"2019-11-26T01:13:58+00:00\" \/>\n<meta property=\"og:image\" content=\"http:\/\/www.padreydecano.com\/cms\/wp-content\/uploads\/2019\/11\/WhatsApp-Image-2019-11-22-at-11.38.48-PM.jpeg\" \/>\n<meta name=\"author\" content=\"1891\" \/>\n<meta name=\"twitter:card\" content=\"summary_large_image\" \/>\n<meta name=\"twitter:label1\" content=\"Escrito por\" \/>\n\t<meta name=\"twitter:data1\" content=\"1891\" \/>\n\t<meta name=\"twitter:label2\" content=\"Tiempo de lectura\" \/>\n\t<meta name=\"twitter:data2\" content=\"4 minutos\" \/>\n<script type=\"application\/ld+json\" class=\"yoast-schema-graph\">{\"@context\":\"https:\/\/schema.org\",\"@graph\":[{\"@type\":\"Article\",\"@id\":\"https:\/\/www.padreydecano.com\/cms\/noticias\/porque-vamos-arriba-porque-vamos-primeros\/#article\",\"isPartOf\":{\"@id\":\"https:\/\/www.padreydecano.com\/cms\/noticias\/porque-vamos-arriba-porque-vamos-primeros\/\"},\"author\":{\"name\":\"1891\",\"@id\":\"https:\/\/www.padreydecano.com\/cms\/#\/schema\/person\/5607c72c38a1537a151b24d1e67535e0\"},\"headline\":\"Porque vamos arriba, porque vamos primeros&#8230;\",\"datePublished\":\"2019-11-23T03:21:36+00:00\",\"dateModified\":\"2019-11-26T01:13:58+00:00\",\"mainEntityOfPage\":{\"@id\":\"https:\/\/www.padreydecano.com\/cms\/noticias\/porque-vamos-arriba-porque-vamos-primeros\/\"},\"wordCount\":741,\"commentCount\":76,\"publisher\":{\"@id\":\"https:\/\/www.padreydecano.com\/cms\/#organization\"},\"image\":{\"@id\":\"https:\/\/www.padreydecano.com\/cms\/noticias\/porque-vamos-arriba-porque-vamos-primeros\/#primaryimage\"},\"thumbnailUrl\":\"http:\/\/www.padreydecano.com\/cms\/wp-content\/uploads\/2019\/11\/WhatsApp-Image-2019-11-22-at-11.38.48-PM.jpeg\",\"articleSection\":[\"Noticias\"],\"inLanguage\":\"es\",\"potentialAction\":[{\"@type\":\"CommentAction\",\"name\":\"Comment\",\"target\":[\"https:\/\/www.padreydecano.com\/cms\/noticias\/porque-vamos-arriba-porque-vamos-primeros\/#respond\"]}]},{\"@type\":\"WebPage\",\"@id\":\"https:\/\/www.padreydecano.com\/cms\/noticias\/porque-vamos-arriba-porque-vamos-primeros\/\",\"url\":\"https:\/\/www.padreydecano.com\/cms\/noticias\/porque-vamos-arriba-porque-vamos-primeros\/\",\"name\":\"Porque vamos arriba, porque vamos primeros... - Padre y Decano - El Sitio del Pueblo\",\"isPartOf\":{\"@id\":\"https:\/\/www.padreydecano.com\/cms\/#website\"},\"primaryImageOfPage\":{\"@id\":\"https:\/\/www.padreydecano.com\/cms\/noticias\/porque-vamos-arriba-porque-vamos-primeros\/#primaryimage\"},\"image\":{\"@id\":\"https:\/\/www.padreydecano.com\/cms\/noticias\/porque-vamos-arriba-porque-vamos-primeros\/#primaryimage\"},\"thumbnailUrl\":\"http:\/\/www.padreydecano.com\/cms\/wp-content\/uploads\/2019\/11\/WhatsApp-Image-2019-11-22-at-11.38.48-PM.jpeg\",\"datePublished\":\"2019-11-23T03:21:36+00:00\",\"dateModified\":\"2019-11-26T01:13:58+00:00\",\"breadcrumb\":{\"@id\":\"https:\/\/www.padreydecano.com\/cms\/noticias\/porque-vamos-arriba-porque-vamos-primeros\/#breadcrumb\"},\"inLanguage\":\"es\",\"potentialAction\":[{\"@type\":\"ReadAction\",\"target\":[\"https:\/\/www.padreydecano.com\/cms\/noticias\/porque-vamos-arriba-porque-vamos-primeros\/\"]}]},{\"@type\":\"ImageObject\",\"inLanguage\":\"es\",\"@id\":\"https:\/\/www.padreydecano.com\/cms\/noticias\/porque-vamos-arriba-porque-vamos-primeros\/#primaryimage\",\"url\":\"http:\/\/www.padreydecano.com\/cms\/wp-content\/uploads\/2019\/11\/WhatsApp-Image-2019-11-22-at-11.38.48-PM.jpeg\",\"contentUrl\":\"http:\/\/www.padreydecano.com\/cms\/wp-content\/uploads\/2019\/11\/WhatsApp-Image-2019-11-22-at-11.38.48-PM.jpeg\"},{\"@type\":\"BreadcrumbList\",\"@id\":\"https:\/\/www.padreydecano.com\/cms\/noticias\/porque-vamos-arriba-porque-vamos-primeros\/#breadcrumb\",\"itemListElement\":[{\"@type\":\"ListItem\",\"position\":1,\"name\":\"Portada\",\"item\":\"https:\/\/www.padreydecano.com\/cms\/\"},{\"@type\":\"ListItem\",\"position\":2,\"name\":\"Porque vamos arriba, porque vamos primeros&#8230;\"}]},{\"@type\":\"WebSite\",\"@id\":\"https:\/\/www.padreydecano.com\/cms\/#website\",\"url\":\"https:\/\/www.padreydecano.com\/cms\/\",\"name\":\"Padre y Decano - El Sitio del Pueblo\",\"description\":\"Club Atl\u00e9tico Pe\u00f1arol\",\"publisher\":{\"@id\":\"https:\/\/www.padreydecano.com\/cms\/#organization\"},\"potentialAction\":[{\"@type\":\"SearchAction\",\"target\":{\"@type\":\"EntryPoint\",\"urlTemplate\":\"https:\/\/www.padreydecano.com\/cms\/?s={search_term_string}\"},\"query-input\":\"required name=search_term_string\"}],\"inLanguage\":\"es\"},{\"@type\":\"Organization\",\"@id\":\"https:\/\/www.padreydecano.com\/cms\/#organization\",\"name\":\"Padre y Decano\",\"url\":\"https:\/\/www.padreydecano.com\/cms\/\",\"logo\":{\"@type\":\"ImageObject\",\"inLanguage\":\"es\",\"@id\":\"https:\/\/www.padreydecano.com\/cms\/#\/schema\/logo\/image\/\",\"url\":\"https:\/\/www.padreydecano.com\/cms\/wp-content\/uploads\/2022\/01\/avatar-square.png\",\"contentUrl\":\"https:\/\/www.padreydecano.com\/cms\/wp-content\/uploads\/2022\/01\/avatar-square.png\",\"width\":1500,\"height\":1500,\"caption\":\"Padre y Decano\"},\"image\":{\"@id\":\"https:\/\/www.padreydecano.com\/cms\/#\/schema\/logo\/image\/\"}},{\"@type\":\"Person\",\"@id\":\"https:\/\/www.padreydecano.com\/cms\/#\/schema\/person\/5607c72c38a1537a151b24d1e67535e0\",\"name\":\"1891\",\"image\":{\"@type\":\"ImageObject\",\"inLanguage\":\"es\",\"@id\":\"https:\/\/www.padreydecano.com\/cms\/#\/schema\/person\/image\/\",\"url\":\"https:\/\/secure.gravatar.com\/avatar\/29d4d1b0d523a21898e8cf9585d259d3?s=96&d=https%3A%2F%2Fpadreydecano.com%2Fcms%2Fwp-content%2Fthemes%2Fpyd-theme%2Fimg%2Fdefault-avatar.png&r=g\",\"contentUrl\":\"https:\/\/secure.gravatar.com\/avatar\/29d4d1b0d523a21898e8cf9585d259d3?s=96&d=https%3A%2F%2Fpadreydecano.com%2Fcms%2Fwp-content%2Fthemes%2Fpyd-theme%2Fimg%2Fdefault-avatar.png&r=g\",\"caption\":\"1891\"}}]}<\/script>\n<!-- \/ Yoast SEO plugin. -->","yoast_head_json":{"title":"Porque vamos arriba, porque vamos primeros... - Padre y Decano - El Sitio del Pueblo","robots":{"index":"index","follow":"follow","max-snippet":"max-snippet:-1","max-image-preview":"max-image-preview:large","max-video-preview":"max-video-preview:-1"},"canonical":"https:\/\/www.padreydecano.com\/cms\/noticias\/porque-vamos-arriba-porque-vamos-primeros\/","og_locale":"es_ES","og_type":"article","og_title":"Porque vamos arriba, porque vamos primeros... - Padre y Decano - El Sitio del Pueblo","og_description":"Pe\u00f1arol derrot\u00f3 2-1 a F\u00e9nix de atr\u00e1s, por la decimotercera fecha del Torneo Clausura y se convirti\u00f3 en el \u00fanico l\u00edder de ambas tablas. Cerca de 20.000 personas llegaron al Estadio Campe\u00f3n del Siglo para presenciar la victoria aurinegra.\u00a0Antes de iniciarse el partido, se reconoci\u00f3 a los planteles femeninos de F\u00fatbol 11 y F\u00fatbol Sala, [&hellip;]","og_url":"https:\/\/www.padreydecano.com\/cms\/noticias\/porque-vamos-arriba-porque-vamos-primeros\/","og_site_name":"Padre y Decano - El Sitio del Pueblo","article_published_time":"2019-11-23T03:21:36+00:00","article_modified_time":"2019-11-26T01:13:58+00:00","og_image":[{"url":"http:\/\/www.padreydecano.com\/cms\/wp-content\/uploads\/2019\/11\/WhatsApp-Image-2019-11-22-at-11.38.48-PM.jpeg"}],"author":"1891","twitter_card":"summary_large_image","twitter_misc":{"Escrito por":"1891","Tiempo de lectura":"4 minutos"},"schema":{"@context":"https:\/\/schema.org","@graph":[{"@type":"Article","@id":"https:\/\/www.padreydecano.com\/cms\/noticias\/porque-vamos-arriba-porque-vamos-primeros\/#article","isPartOf":{"@id":"https:\/\/www.padreydecano.com\/cms\/noticias\/porque-vamos-arriba-porque-vamos-primeros\/"},"author":{"name":"1891","@id":"https:\/\/www.padreydecano.com\/cms\/#\/schema\/person\/5607c72c38a1537a151b24d1e67535e0"},"headline":"Porque vamos arriba, porque vamos primeros&#8230;","datePublished":"2019-11-23T03:21:36+00:00","dateModified":"2019-11-26T01:13:58+00:00","mainEntityOfPage":{"@id":"https:\/\/www.padreydecano.com\/cms\/noticias\/porque-vamos-arriba-porque-vamos-primeros\/"},"wordCount":741,"commentCount":76,"publisher":{"@id":"https:\/\/www.padreydecano.com\/cms\/#organization"},"image":{"@id":"https:\/\/www.padreydecano.com\/cms\/noticias\/porque-vamos-arriba-porque-vamos-primeros\/#primaryimage"},"thumbnailUrl":"http:\/\/www.padreydecano.com\/cms\/wp-content\/uploads\/2019\/11\/WhatsApp-Image-2019-11-22-at-11.38.48-PM.jpeg","articleSection":["Noticias"],"inLanguage":"es","potentialAction":[{"@type":"CommentAction","name":"Comment","target":["https:\/\/www.padreydecano.com\/cms\/noticias\/porque-vamos-arriba-porque-vamos-primeros\/#respond"]}]},{"@type":"WebPage","@id":"https:\/\/www.padreydecano.com\/cms\/noticias\/porque-vamos-arriba-porque-vamos-primeros\/","url":"https:\/\/www.padreydecano.com\/cms\/noticias\/porque-vamos-arriba-porque-vamos-primeros\/","name":"Porque vamos arriba, porque vamos primeros... - Padre y Decano - El Sitio del Pueblo","isPartOf":{"@id":"https:\/\/www.padreydecano.com\/cms\/#website"},"primaryImageOfPage":{"@id":"https:\/\/www.padreydecano.com\/cms\/noticias\/porque-vamos-arriba-porque-vamos-primeros\/#primaryimage"},"image":{"@id":"https:\/\/www.padreydecano.com\/cms\/noticias\/porque-vamos-arriba-porque-vamos-primeros\/#primaryimage"},"thumbnailUrl":"http:\/\/www.padreydecano.com\/cms\/wp-content\/uploads\/2019\/11\/WhatsApp-Image-2019-11-22-at-11.38.48-PM.jpeg","datePublished":"2019-11-23T03:21:36+00:00","dateModified":"2019-11-26T01:13:58+00:00","breadcrumb":{"@id":"https:\/\/www.padreydecano.com\/cms\/noticias\/porque-vamos-arriba-porque-vamos-primeros\/#breadcrumb"},"inLanguage":"es","potentialAction":[{"@type":"ReadAction","target":["https:\/\/www.padreydecano.com\/cms\/noticias\/porque-vamos-arriba-porque-vamos-primeros\/"]}]},{"@type":"ImageObject","inLanguage":"es","@id":"https:\/\/www.padreydecano.com\/cms\/noticias\/porque-vamos-arriba-porque-vamos-primeros\/#primaryimage","url":"http:\/\/www.padreydecano.com\/cms\/wp-content\/uploads\/2019\/11\/WhatsApp-Image-2019-11-22-at-11.38.48-PM.jpeg","contentUrl":"http:\/\/www.padreydecano.com\/cms\/wp-content\/uploads\/2019\/11\/WhatsApp-Image-2019-11-22-at-11.38.48-PM.jpeg"},{"@type":"BreadcrumbList","@id":"https:\/\/www.padreydecano.com\/cms\/noticias\/porque-vamos-arriba-porque-vamos-primeros\/#breadcrumb","itemListElement":[{"@type":"ListItem","position":1,"name":"Portada","item":"https:\/\/www.padreydecano.com\/cms\/"},{"@type":"ListItem","position":2,"name":"Porque vamos arriba, porque vamos primeros&#8230;"}]},{"@type":"WebSite","@id":"https:\/\/www.padreydecano.com\/cms\/#website","url":"https:\/\/www.padreydecano.com\/cms\/","name":"Padre y Decano - El Sitio del Pueblo","description":"Club Atl\u00e9tico Pe\u00f1arol","publisher":{"@id":"https:\/\/www.padreydecano.com\/cms\/#organization"},"potentialAction":[{"@type":"SearchAction","target":{"@type":"EntryPoint","urlTemplate":"https:\/\/www.padreydecano.com\/cms\/?s={search_term_string}"},"query-input":"required name=search_term_string"}],"inLanguage":"es"},{"@type":"Organization","@id":"https:\/\/www.padreydecano.com\/cms\/#organization","name":"Padre y Decano","url":"https:\/\/www.padreydecano.com\/cms\/","logo":{"@type":"ImageObject","inLanguage":"es","@id":"https:\/\/www.padreydecano.com\/cms\/#\/schema\/logo\/image\/","url":"https:\/\/www.padreydecano.com\/cms\/wp-content\/uploads\/2022\/01\/avatar-square.png","contentUrl":"https:\/\/www.padreydecano.com\/cms\/wp-content\/uploads\/2022\/01\/avatar-square.png","width":1500,"height":1500,"caption":"Padre y Decano"},"image":{"@id":"https:\/\/www.padreydecano.com\/cms\/#\/schema\/logo\/image\/"}},{"@type":"Person","@id":"https:\/\/www.padreydecano.com\/cms\/#\/schema\/person\/5607c72c38a1537a151b24d1e67535e0","name":"1891","image":{"@type":"ImageObject","inLanguage":"es","@id":"https:\/\/www.padreydecano.com\/cms\/#\/schema\/person\/image\/","url":"https:\/\/secure.gravatar.com\/avatar\/29d4d1b0d523a21898e8cf9585d259d3?s=96&d=https%3A%2F%2Fpadreydecano.com%2Fcms%2Fwp-content%2Fthemes%2Fpyd-theme%2Fimg%2Fdefault-avatar.png&r=g","contentUrl":"https:\/\/secure.gravatar.com\/avatar\/29d4d1b0d523a21898e8cf9585d259d3?s=96&d=https%3A%2F%2Fpadreydecano.com%2Fcms%2Fwp-content%2Fthemes%2Fpyd-theme%2Fimg%2Fdefault-avatar.png&r=g","caption":"1891"}}]}},"_links":{"self":[{"href":"https:\/\/www.padreydecano.com\/cms\/wp-json\/wp\/v2\/posts\/72658"}],"collection":[{"href":"https:\/\/www.padreydecano.com\/cms\/wp-json\/wp\/v2\/posts"}],"about":[{"href":"https:\/\/www.padreydecano.com\/cms\/wp-json\/wp\/v2\/types\/post"}],"author":[{"embeddable":true,"href":"https:\/\/www.padreydecano.com\/cms\/wp-json\/wp\/v2\/users\/3"}],"replies":[{"embeddable":true,"href":"https:\/\/www.padreydecano.com\/cms\/wp-json\/wp\/v2\/comments?post=72658"}],"version-history":[{"count":0,"href":"https:\/\/www.padreydecano.com\/cms\/wp-json\/wp\/v2\/posts\/72658\/revisions"}],"wp:attachment":[{"href":"https:\/\/www.padreydecano.com\/cms\/wp-json\/wp\/v2\/media?parent=72658"}],"wp:term":[{"taxonomy":"category","embeddable":true,"href":"https:\/\/www.padreydecano.com\/cms\/wp-json\/wp\/v2\/categories?post=72658"},{"taxonomy":"post_tag","embeddable":true,"href":"https:\/\/www.padreydecano.com\/cms\/wp-json\/wp\/v2\/tags?post=72658"}],"curies":[{"name":"wp","href":"https:\/\/api.w.org\/{rel}","templated":true}]}}