{"id":72650,"date":"2019-11-21T20:06:17","date_gmt":"2019-11-21T23:06:17","guid":{"rendered":"http:\/\/www.padreydecano.com\/cms\/?p=72650"},"modified":"2019-11-21T20:34:24","modified_gmt":"2019-11-21T23:34:24","slug":"kevin-dawson-baja-ante-fenix","status":"publish","type":"post","link":"https:\/\/www.padreydecano.com\/cms\/noticias\/kevin-dawson-baja-ante-fenix\/","title":{"rendered":"Kevin Dawson baja ante F\u00e9nix"},"content":{"rendered":"<p style=\"text-align: justify;\"><img loading=\"lazy\" decoding=\"async\" class=\"size-full wp-image-66101\" src=\"https:\/\/www.padreydecano.com\/cms\/wp-content\/uploads\/2018\/02\/Kevin-Dawson-tapada-Guille-Varela.jpg\" alt=\"\" width=\"1100\" height=\"734\" srcset=\"https:\/\/www.padreydecano.com\/cms\/wp-content\/uploads\/2018\/02\/Kevin-Dawson-tapada-Guille-Varela.jpg 1100w, https:\/\/www.padreydecano.com\/cms\/wp-content\/uploads\/2018\/02\/Kevin-Dawson-tapada-Guille-Varela-600x400.jpg 600w, https:\/\/www.padreydecano.com\/cms\/wp-content\/uploads\/2018\/02\/Kevin-Dawson-tapada-Guille-Varela-768x512.jpg 768w, https:\/\/www.padreydecano.com\/cms\/wp-content\/uploads\/2018\/02\/Kevin-Dawson-tapada-Guille-Varela-1024x683.jpg 1024w\" sizes=\"(max-width: 1100px) 100vw, 1100px\" \/><\/p>\n<p style=\"text-align: justify;\"><strong>Ke<span style=\"text-align: justify;\">vin Dawson sufri\u00f3 una lesi\u00f3n muscular en el gemelo y no jugar\u00e1 ma\u00f1ana ante F\u00e9nix.<\/span><\/strong><\/p>\n<p style=\"text-align: justify;\">El guardameta titular ya hab\u00eda preocupado en el partido cl\u00e1sico, cuando luego de una jugada qued\u00f3 en el suelo por un lapso m\u00ednimo de tiempo. En los pr\u00f3ximos d\u00edas se estudiar\u00e1 su lesi\u00f3n para estimar su tiempo de recuperaci\u00f3n.<\/p>\n<p style=\"text-align: justify;\">Su lugar ser\u00e1 ocupado por Thiago Cardozo, quien ya disput\u00f3 5 partidos en primera divisi\u00f3n , 4 por Campeonato Uruguayo y uno por Copa Libertadores. El gran golero formado en Pe\u00f1arol volver\u00e1 a defender el arco mirasol.<\/p>\n<p style=\"text-align: justify;\">En el banco de suplentes estar\u00e1 Adriano Freitas, otro arquero formado en el semillero aurinegro.<\/p>\n<p style=\"text-align: justify;\"><div class=\"user-wrapper\"><a class=\"userlink\"href=\"https:\/\/twitter.com\/ftrucce18\" target=\"_blank\"><figure><img decoding=\"async\" src=\"http:\/\/www.padreydecano.com\/cms\/wp-users-files\/postfirmas\/ftrucce.jpg\" \/><\/figure><p class=\"user\"><strong>Franco Trucce<\/strong><br \/>@FTrucce18<\/p><\/a><\/div><\/p>\n","protected":false},"excerpt":{"rendered":"<p>Kevin Dawson sufri\u00f3 una lesi\u00f3n muscular en el gemelo y no jugar\u00e1 ma\u00f1ana ante F\u00e9nix. El guardameta titular ya hab\u00eda preocupado en el partido cl\u00e1sico, cuando luego de una jugada qued\u00f3 en el suelo por un lapso m\u00ednimo de tiempo. En los pr\u00f3ximos d\u00edas se estudiar\u00e1 su lesi\u00f3n para estimar su tiempo de recuperaci\u00f3n. Su [&hellip;]<\/p>\n","protected":false},"author":31,"featured_media":66101,"comment_status":"open","ping_status":"closed","sticky":false,"template":"","format":"standard","meta":{"footnotes":""},"categories":[7,1],"tags":[457],"yoast_head":"<!-- This site is optimized with the Yoast SEO plugin v23.2 - https:\/\/yoast.com\/wordpress\/plugins\/seo\/ -->\n<title>Kevin Dawson baja ante F\u00e9nix - Padre y Decano - El Sitio del Pueblo<\/title>\n<meta name=\"robots\" content=\"index, follow, max-snippet:-1, max-image-preview:large, max-video-preview:-1\" \/>\n<link rel=\"canonical\" href=\"https:\/\/www.padreydecano.com\/cms\/noticias\/kevin-dawson-baja-ante-fenix\/\" \/>\n<meta property=\"og:locale\" content=\"es_ES\" \/>\n<meta property=\"og:type\" content=\"article\" \/>\n<meta property=\"og:title\" content=\"Kevin Dawson baja ante F\u00e9nix - Padre y Decano - El Sitio del Pueblo\" \/>\n<meta property=\"og:description\" content=\"Kevin Dawson sufri\u00f3 una lesi\u00f3n muscular en el gemelo y no jugar\u00e1 ma\u00f1ana ante F\u00e9nix. El guardameta titular ya hab\u00eda preocupado en el partido cl\u00e1sico, cuando luego de una jugada qued\u00f3 en el suelo por un lapso m\u00ednimo de tiempo. En los pr\u00f3ximos d\u00edas se estudiar\u00e1 su lesi\u00f3n para estimar su tiempo de recuperaci\u00f3n. Su [&hellip;]\" \/>\n<meta property=\"og:url\" content=\"https:\/\/www.padreydecano.com\/cms\/noticias\/kevin-dawson-baja-ante-fenix\/\" \/>\n<meta property=\"og:site_name\" content=\"Padre y Decano - El Sitio del Pueblo\" \/>\n<meta property=\"article:published_time\" content=\"2019-11-21T23:06:17+00:00\" \/>\n<meta property=\"article:modified_time\" content=\"2019-11-21T23:34:24+00:00\" \/>\n<meta property=\"og:image\" content=\"https:\/\/www.padreydecano.com\/cms\/wp-content\/uploads\/2018\/02\/Kevin-Dawson-tapada-Guille-Varela.jpg\" \/>\n\t<meta property=\"og:image:width\" content=\"1100\" \/>\n\t<meta property=\"og:image:height\" content=\"734\" \/>\n\t<meta property=\"og:image:type\" content=\"image\/jpeg\" \/>\n<meta name=\"author\" content=\"Macarena Aguerre\" \/>\n<meta name=\"twitter:card\" content=\"summary_large_image\" \/>\n<meta name=\"twitter:label1\" content=\"Escrito por\" \/>\n\t<meta name=\"twitter:data1\" content=\"Macarena Aguerre\" \/>\n\t<meta name=\"twitter:label2\" content=\"Tiempo de lectura\" \/>\n\t<meta name=\"twitter:data2\" content=\"1 minuto\" \/>\n<script type=\"application\/ld+json\" class=\"yoast-schema-graph\">{\"@context\":\"https:\/\/schema.org\",\"@graph\":[{\"@type\":\"Article\",\"@id\":\"https:\/\/www.padreydecano.com\/cms\/noticias\/kevin-dawson-baja-ante-fenix\/#article\",\"isPartOf\":{\"@id\":\"https:\/\/www.padreydecano.com\/cms\/noticias\/kevin-dawson-baja-ante-fenix\/\"},\"author\":{\"name\":\"Macarena Aguerre\",\"@id\":\"https:\/\/www.padreydecano.com\/cms\/#\/schema\/person\/dda6ac238f4f69692a6b47040d9099c1\"},\"headline\":\"Kevin Dawson baja ante F\u00e9nix\",\"datePublished\":\"2019-11-21T23:06:17+00:00\",\"dateModified\":\"2019-11-21T23:34:24+00:00\",\"mainEntityOfPage\":{\"@id\":\"https:\/\/www.padreydecano.com\/cms\/noticias\/kevin-dawson-baja-ante-fenix\/\"},\"wordCount\":122,\"commentCount\":22,\"publisher\":{\"@id\":\"https:\/\/www.padreydecano.com\/cms\/#organization\"},\"image\":{\"@id\":\"https:\/\/www.padreydecano.com\/cms\/noticias\/kevin-dawson-baja-ante-fenix\/#primaryimage\"},\"thumbnailUrl\":\"https:\/\/www.padreydecano.com\/cms\/wp-content\/uploads\/2018\/02\/Kevin-Dawson-tapada-Guille-Varela.jpg\",\"keywords\":[\"Torneo Clausura 2019\"],\"articleSection\":[\"Los Aromos\",\"Noticias\"],\"inLanguage\":\"es\",\"potentialAction\":[{\"@type\":\"CommentAction\",\"name\":\"Comment\",\"target\":[\"https:\/\/www.padreydecano.com\/cms\/noticias\/kevin-dawson-baja-ante-fenix\/#respond\"]}]},{\"@type\":\"WebPage\",\"@id\":\"https:\/\/www.padreydecano.com\/cms\/noticias\/kevin-dawson-baja-ante-fenix\/\",\"url\":\"https:\/\/www.padreydecano.com\/cms\/noticias\/kevin-dawson-baja-ante-fenix\/\",\"name\":\"Kevin Dawson baja ante F\u00e9nix - Padre y Decano - El Sitio del Pueblo\",\"isPartOf\":{\"@id\":\"https:\/\/www.padreydecano.com\/cms\/#website\"},\"primaryImageOfPage\":{\"@id\":\"https:\/\/www.padreydecano.com\/cms\/noticias\/kevin-dawson-baja-ante-fenix\/#primaryimage\"},\"image\":{\"@id\":\"https:\/\/www.padreydecano.com\/cms\/noticias\/kevin-dawson-baja-ante-fenix\/#primaryimage\"},\"thumbnailUrl\":\"https:\/\/www.padreydecano.com\/cms\/wp-content\/uploads\/2018\/02\/Kevin-Dawson-tapada-Guille-Varela.jpg\",\"datePublished\":\"2019-11-21T23:06:17+00:00\",\"dateModified\":\"2019-11-21T23:34:24+00:00\",\"breadcrumb\":{\"@id\":\"https:\/\/www.padreydecano.com\/cms\/noticias\/kevin-dawson-baja-ante-fenix\/#breadcrumb\"},\"inLanguage\":\"es\",\"potentialAction\":[{\"@type\":\"ReadAction\",\"target\":[\"https:\/\/www.padreydecano.com\/cms\/noticias\/kevin-dawson-baja-ante-fenix\/\"]}]},{\"@type\":\"ImageObject\",\"inLanguage\":\"es\",\"@id\":\"https:\/\/www.padreydecano.com\/cms\/noticias\/kevin-dawson-baja-ante-fenix\/#primaryimage\",\"url\":\"https:\/\/www.padreydecano.com\/cms\/wp-content\/uploads\/2018\/02\/Kevin-Dawson-tapada-Guille-Varela.jpg\",\"contentUrl\":\"https:\/\/www.padreydecano.com\/cms\/wp-content\/uploads\/2018\/02\/Kevin-Dawson-tapada-Guille-Varela.jpg\",\"width\":1100,\"height\":734},{\"@type\":\"BreadcrumbList\",\"@id\":\"https:\/\/www.padreydecano.com\/cms\/noticias\/kevin-dawson-baja-ante-fenix\/#breadcrumb\",\"itemListElement\":[{\"@type\":\"ListItem\",\"position\":1,\"name\":\"Portada\",\"item\":\"https:\/\/www.padreydecano.com\/cms\/\"},{\"@type\":\"ListItem\",\"position\":2,\"name\":\"Kevin Dawson baja ante F\u00e9nix\"}]},{\"@type\":\"WebSite\",\"@id\":\"https:\/\/www.padreydecano.com\/cms\/#website\",\"url\":\"https:\/\/www.padreydecano.com\/cms\/\",\"name\":\"Padre y Decano - El Sitio del Pueblo\",\"description\":\"Club Atl\u00e9tico Pe\u00f1arol\",\"publisher\":{\"@id\":\"https:\/\/www.padreydecano.com\/cms\/#organization\"},\"potentialAction\":[{\"@type\":\"SearchAction\",\"target\":{\"@type\":\"EntryPoint\",\"urlTemplate\":\"https:\/\/www.padreydecano.com\/cms\/?s={search_term_string}\"},\"query-input\":\"required name=search_term_string\"}],\"inLanguage\":\"es\"},{\"@type\":\"Organization\",\"@id\":\"https:\/\/www.padreydecano.com\/cms\/#organization\",\"name\":\"Padre y Decano\",\"url\":\"https:\/\/www.padreydecano.com\/cms\/\",\"logo\":{\"@type\":\"ImageObject\",\"inLanguage\":\"es\",\"@id\":\"https:\/\/www.padreydecano.com\/cms\/#\/schema\/logo\/image\/\",\"url\":\"https:\/\/www.padreydecano.com\/cms\/wp-content\/uploads\/2022\/01\/avatar-square.png\",\"contentUrl\":\"https:\/\/www.padreydecano.com\/cms\/wp-content\/uploads\/2022\/01\/avatar-square.png\",\"width\":1500,\"height\":1500,\"caption\":\"Padre y Decano\"},\"image\":{\"@id\":\"https:\/\/www.padreydecano.com\/cms\/#\/schema\/logo\/image\/\"}},{\"@type\":\"Person\",\"@id\":\"https:\/\/www.padreydecano.com\/cms\/#\/schema\/person\/dda6ac238f4f69692a6b47040d9099c1\",\"name\":\"Macarena Aguerre\",\"image\":{\"@type\":\"ImageObject\",\"inLanguage\":\"es\",\"@id\":\"https:\/\/www.padreydecano.com\/cms\/#\/schema\/person\/image\/\",\"url\":\"https:\/\/secure.gravatar.com\/avatar\/8cd2b3a906b420f88eeaac4dae3ba69b?s=96&d=https%3A%2F%2Fpadreydecano.com%2Fcms%2Fwp-content%2Fthemes%2Fpyd-theme%2Fimg%2Fdefault-avatar.png&r=g\",\"contentUrl\":\"https:\/\/secure.gravatar.com\/avatar\/8cd2b3a906b420f88eeaac4dae3ba69b?s=96&d=https%3A%2F%2Fpadreydecano.com%2Fcms%2Fwp-content%2Fthemes%2Fpyd-theme%2Fimg%2Fdefault-avatar.png&r=g\",\"caption\":\"Macarena Aguerre\"}}]}<\/script>\n<!-- \/ Yoast SEO plugin. -->","yoast_head_json":{"title":"Kevin Dawson baja ante F\u00e9nix - Padre y Decano - El Sitio del Pueblo","robots":{"index":"index","follow":"follow","max-snippet":"max-snippet:-1","max-image-preview":"max-image-preview:large","max-video-preview":"max-video-preview:-1"},"canonical":"https:\/\/www.padreydecano.com\/cms\/noticias\/kevin-dawson-baja-ante-fenix\/","og_locale":"es_ES","og_type":"article","og_title":"Kevin Dawson baja ante F\u00e9nix - Padre y Decano - El Sitio del Pueblo","og_description":"Kevin Dawson sufri\u00f3 una lesi\u00f3n muscular en el gemelo y no jugar\u00e1 ma\u00f1ana ante F\u00e9nix. El guardameta titular ya hab\u00eda preocupado en el partido cl\u00e1sico, cuando luego de una jugada qued\u00f3 en el suelo por un lapso m\u00ednimo de tiempo. En los pr\u00f3ximos d\u00edas se estudiar\u00e1 su lesi\u00f3n para estimar su tiempo de recuperaci\u00f3n. Su [&hellip;]","og_url":"https:\/\/www.padreydecano.com\/cms\/noticias\/kevin-dawson-baja-ante-fenix\/","og_site_name":"Padre y Decano - El Sitio del Pueblo","article_published_time":"2019-11-21T23:06:17+00:00","article_modified_time":"2019-11-21T23:34:24+00:00","og_image":[{"width":1100,"height":734,"url":"https:\/\/www.padreydecano.com\/cms\/wp-content\/uploads\/2018\/02\/Kevin-Dawson-tapada-Guille-Varela.jpg","type":"image\/jpeg"}],"author":"Macarena Aguerre","twitter_card":"summary_large_image","twitter_misc":{"Escrito por":"Macarena Aguerre","Tiempo de lectura":"1 minuto"},"schema":{"@context":"https:\/\/schema.org","@graph":[{"@type":"Article","@id":"https:\/\/www.padreydecano.com\/cms\/noticias\/kevin-dawson-baja-ante-fenix\/#article","isPartOf":{"@id":"https:\/\/www.padreydecano.com\/cms\/noticias\/kevin-dawson-baja-ante-fenix\/"},"author":{"name":"Macarena Aguerre","@id":"https:\/\/www.padreydecano.com\/cms\/#\/schema\/person\/dda6ac238f4f69692a6b47040d9099c1"},"headline":"Kevin Dawson baja ante F\u00e9nix","datePublished":"2019-11-21T23:06:17+00:00","dateModified":"2019-11-21T23:34:24+00:00","mainEntityOfPage":{"@id":"https:\/\/www.padreydecano.com\/cms\/noticias\/kevin-dawson-baja-ante-fenix\/"},"wordCount":122,"commentCount":22,"publisher":{"@id":"https:\/\/www.padreydecano.com\/cms\/#organization"},"image":{"@id":"https:\/\/www.padreydecano.com\/cms\/noticias\/kevin-dawson-baja-ante-fenix\/#primaryimage"},"thumbnailUrl":"https:\/\/www.padreydecano.com\/cms\/wp-content\/uploads\/2018\/02\/Kevin-Dawson-tapada-Guille-Varela.jpg","keywords":["Torneo Clausura 2019"],"articleSection":["Los Aromos","Noticias"],"inLanguage":"es","potentialAction":[{"@type":"CommentAction","name":"Comment","target":["https:\/\/www.padreydecano.com\/cms\/noticias\/kevin-dawson-baja-ante-fenix\/#respond"]}]},{"@type":"WebPage","@id":"https:\/\/www.padreydecano.com\/cms\/noticias\/kevin-dawson-baja-ante-fenix\/","url":"https:\/\/www.padreydecano.com\/cms\/noticias\/kevin-dawson-baja-ante-fenix\/","name":"Kevin Dawson baja ante F\u00e9nix - Padre y Decano - El Sitio del Pueblo","isPartOf":{"@id":"https:\/\/www.padreydecano.com\/cms\/#website"},"primaryImageOfPage":{"@id":"https:\/\/www.padreydecano.com\/cms\/noticias\/kevin-dawson-baja-ante-fenix\/#primaryimage"},"image":{"@id":"https:\/\/www.padreydecano.com\/cms\/noticias\/kevin-dawson-baja-ante-fenix\/#primaryimage"},"thumbnailUrl":"https:\/\/www.padreydecano.com\/cms\/wp-content\/uploads\/2018\/02\/Kevin-Dawson-tapada-Guille-Varela.jpg","datePublished":"2019-11-21T23:06:17+00:00","dateModified":"2019-11-21T23:34:24+00:00","breadcrumb":{"@id":"https:\/\/www.padreydecano.com\/cms\/noticias\/kevin-dawson-baja-ante-fenix\/#breadcrumb"},"inLanguage":"es","potentialAction":[{"@type":"ReadAction","target":["https:\/\/www.padreydecano.com\/cms\/noticias\/kevin-dawson-baja-ante-fenix\/"]}]},{"@type":"ImageObject","inLanguage":"es","@id":"https:\/\/www.padreydecano.com\/cms\/noticias\/kevin-dawson-baja-ante-fenix\/#primaryimage","url":"https:\/\/www.padreydecano.com\/cms\/wp-content\/uploads\/2018\/02\/Kevin-Dawson-tapada-Guille-Varela.jpg","contentUrl":"https:\/\/www.padreydecano.com\/cms\/wp-content\/uploads\/2018\/02\/Kevin-Dawson-tapada-Guille-Varela.jpg","width":1100,"height":734},{"@type":"BreadcrumbList","@id":"https:\/\/www.padreydecano.com\/cms\/noticias\/kevin-dawson-baja-ante-fenix\/#breadcrumb","itemListElement":[{"@type":"ListItem","position":1,"name":"Portada","item":"https:\/\/www.padreydecano.com\/cms\/"},{"@type":"ListItem","position":2,"name":"Kevin Dawson baja ante F\u00e9nix"}]},{"@type":"WebSite","@id":"https:\/\/www.padreydecano.com\/cms\/#website","url":"https:\/\/www.padreydecano.com\/cms\/","name":"Padre y Decano - El Sitio del Pueblo","description":"Club Atl\u00e9tico Pe\u00f1arol","publisher":{"@id":"https:\/\/www.padreydecano.com\/cms\/#organization"},"potentialAction":[{"@type":"SearchAction","target":{"@type":"EntryPoint","urlTemplate":"https:\/\/www.padreydecano.com\/cms\/?s={search_term_string}"},"query-input":"required name=search_term_string"}],"inLanguage":"es"},{"@type":"Organization","@id":"https:\/\/www.padreydecano.com\/cms\/#organization","name":"Padre y Decano","url":"https:\/\/www.padreydecano.com\/cms\/","logo":{"@type":"ImageObject","inLanguage":"es","@id":"https:\/\/www.padreydecano.com\/cms\/#\/schema\/logo\/image\/","url":"https:\/\/www.padreydecano.com\/cms\/wp-content\/uploads\/2022\/01\/avatar-square.png","contentUrl":"https:\/\/www.padreydecano.com\/cms\/wp-content\/uploads\/2022\/01\/avatar-square.png","width":1500,"height":1500,"caption":"Padre y Decano"},"image":{"@id":"https:\/\/www.padreydecano.com\/cms\/#\/schema\/logo\/image\/"}},{"@type":"Person","@id":"https:\/\/www.padreydecano.com\/cms\/#\/schema\/person\/dda6ac238f4f69692a6b47040d9099c1","name":"Macarena Aguerre","image":{"@type":"ImageObject","inLanguage":"es","@id":"https:\/\/www.padreydecano.com\/cms\/#\/schema\/person\/image\/","url":"https:\/\/secure.gravatar.com\/avatar\/8cd2b3a906b420f88eeaac4dae3ba69b?s=96&d=https%3A%2F%2Fpadreydecano.com%2Fcms%2Fwp-content%2Fthemes%2Fpyd-theme%2Fimg%2Fdefault-avatar.png&r=g","contentUrl":"https:\/\/secure.gravatar.com\/avatar\/8cd2b3a906b420f88eeaac4dae3ba69b?s=96&d=https%3A%2F%2Fpadreydecano.com%2Fcms%2Fwp-content%2Fthemes%2Fpyd-theme%2Fimg%2Fdefault-avatar.png&r=g","caption":"Macarena Aguerre"}}]}},"_links":{"self":[{"href":"https:\/\/www.padreydecano.com\/cms\/wp-json\/wp\/v2\/posts\/72650"}],"collection":[{"href":"https:\/\/www.padreydecano.com\/cms\/wp-json\/wp\/v2\/posts"}],"about":[{"href":"https:\/\/www.padreydecano.com\/cms\/wp-json\/wp\/v2\/types\/post"}],"author":[{"embeddable":true,"href":"https:\/\/www.padreydecano.com\/cms\/wp-json\/wp\/v2\/users\/31"}],"replies":[{"embeddable":true,"href":"https:\/\/www.padreydecano.com\/cms\/wp-json\/wp\/v2\/comments?post=72650"}],"version-history":[{"count":0,"href":"https:\/\/www.padreydecano.com\/cms\/wp-json\/wp\/v2\/posts\/72650\/revisions"}],"wp:featuredmedia":[{"embeddable":true,"href":"https:\/\/www.padreydecano.com\/cms\/wp-json\/wp\/v2\/media\/66101"}],"wp:attachment":[{"href":"https:\/\/www.padreydecano.com\/cms\/wp-json\/wp\/v2\/media?parent=72650"}],"wp:term":[{"taxonomy":"category","embeddable":true,"href":"https:\/\/www.padreydecano.com\/cms\/wp-json\/wp\/v2\/categories?post=72650"},{"taxonomy":"post_tag","embeddable":true,"href":"https:\/\/www.padreydecano.com\/cms\/wp-json\/wp\/v2\/tags?post=72650"}],"curies":[{"name":"wp","href":"https:\/\/api.w.org\/{rel}","templated":true}]}}