{"id":72637,"date":"2019-11-20T19:55:52","date_gmt":"2019-11-20T22:55:52","guid":{"rendered":"http:\/\/www.padreydecano.com\/cms\/?p=72637"},"modified":"2019-11-20T23:38:23","modified_gmt":"2019-11-21T02:38:23","slug":"el-sustituto","status":"publish","type":"post","link":"https:\/\/www.padreydecano.com\/cms\/noticias\/el-sustituto\/","title":{"rendered":"El sustituto"},"content":{"rendered":"<p><a href=\"https:\/\/www.padreydecano.com\/cms\/wp-content\/uploads\/2019\/11\/PSX_20191120_195201.jpg\" rel=\"shadowbox[sbpost-72637];player=img;\"><img loading=\"lazy\" decoding=\"async\" class=\"aligncenter size-full wp-image-72641\" src=\"https:\/\/www.padreydecano.com\/cms\/wp-content\/uploads\/2019\/11\/PSX_20191120_195201.jpg\" alt=\"\" width=\"1500\" height=\"750\" srcset=\"https:\/\/www.padreydecano.com\/cms\/wp-content\/uploads\/2019\/11\/PSX_20191120_195201.jpg 1500w, https:\/\/www.padreydecano.com\/cms\/wp-content\/uploads\/2019\/11\/PSX_20191120_195201-600x300.jpg 600w, https:\/\/www.padreydecano.com\/cms\/wp-content\/uploads\/2019\/11\/PSX_20191120_195201-768x384.jpg 768w, https:\/\/www.padreydecano.com\/cms\/wp-content\/uploads\/2019\/11\/PSX_20191120_195201-1024x512.jpg 1024w\" sizes=\"(max-width: 1500px) 100vw, 1500px\" \/><\/a><\/p>\n<p style=\"text-align: justify;\"><strong>Pe\u00f1arol entren\u00f3 en el Estadio Campe\u00f3n Del Siglo pensando en la decimotercera fecha del Torneo Clausura, cuando enfrente a F\u00e9nix a la hora 20:30. Diego L\u00f3pez trabaja en el reemplazo de Walter Gargano en la mitad de la cancha.<\/strong><\/p>\n<p style=\"text-align: justify;\">&#8216;Mota&#8217; es insustituible, pero el a\u00f1o pasado el entrenador mirasol supo arreglarse sin el volante. La operaci\u00f3n de Walter Gargano se coordinar\u00e1 para el mediod\u00eda de jueves 21 de noviembre, en horas del mediod\u00eda. Hasta ahora la rodilla no sufri\u00f3 inflamaci\u00f3n, algo importante de cara a la intervenci\u00f3n quir\u00fargica.<\/p>\n<p style=\"text-align: justify;\">Rodrigo Abascal contin\u00faa entrenando diferenciado por una contractura en el recto anterior del cuadriceps y lo esperar\u00e1n hasta el jueves. En caso de que no est\u00e9 a la orden, Enzo Martinez volver\u00e1 a la oncena inicial del decano.<\/p>\n<p style=\"text-align: justify;\">Guzm\u00e1n Pereira se perfila para volver al equipo titular, aunque el entrenador probar\u00e1 otras variantes. Giovanni Gonz\u00e1lez lleg\u00f3 de su viaje con la Selecci\u00f3n Uruguaya y entren\u00f3 con el plantel mirasol, est\u00e1 en carrera para el fin de semana.<\/p>\n<p style=\"text-align: justify;\"><div class=\"user-wrapper\"><a class=\"userlink\" href=\"https:\/\/twitter.com\/wilsonmendez86\" target=\"_blank\"><figure><img decoding=\"async\" src=\"http:\/\/www.padreydecano.com\/cms\/wp-users-files\/postfirmas\/wilsonmendez86.jpg\" \/><\/figure><p class=\"user\"><strong>Wilson M&eacute;ndez<\/strong><br \/>@wilsonmendez86<\/p><\/a><\/div><\/p>\n","protected":false},"excerpt":{"rendered":"<p>Pe\u00f1arol entren\u00f3 en el Estadio Campe\u00f3n Del Siglo pensando en la decimotercera fecha del Torneo Clausura, cuando enfrente a F\u00e9nix a la hora 20:30. Diego L\u00f3pez trabaja en el reemplazo de Walter Gargano en la mitad de la cancha. &#8216;Mota&#8217; es insustituible, pero el a\u00f1o pasado el entrenador mirasol supo arreglarse sin el volante. La [&hellip;]<\/p>\n","protected":false},"author":31,"featured_media":72641,"comment_status":"open","ping_status":"closed","sticky":false,"template":"","format":"standard","meta":{"footnotes":""},"categories":[7,1],"tags":[457],"yoast_head":"<!-- This site is optimized with the Yoast SEO plugin v23.2 - https:\/\/yoast.com\/wordpress\/plugins\/seo\/ -->\n<title>El sustituto - Padre y Decano - El Sitio del Pueblo<\/title>\n<meta name=\"robots\" content=\"index, follow, max-snippet:-1, max-image-preview:large, max-video-preview:-1\" \/>\n<link rel=\"canonical\" href=\"https:\/\/www.padreydecano.com\/cms\/noticias\/el-sustituto\/\" \/>\n<meta property=\"og:locale\" content=\"es_ES\" \/>\n<meta property=\"og:type\" content=\"article\" \/>\n<meta property=\"og:title\" content=\"El sustituto - Padre y Decano - El Sitio del Pueblo\" \/>\n<meta property=\"og:description\" content=\"Pe\u00f1arol entren\u00f3 en el Estadio Campe\u00f3n Del Siglo pensando en la decimotercera fecha del Torneo Clausura, cuando enfrente a F\u00e9nix a la hora 20:30. Diego L\u00f3pez trabaja en el reemplazo de Walter Gargano en la mitad de la cancha. &#8216;Mota&#8217; es insustituible, pero el a\u00f1o pasado el entrenador mirasol supo arreglarse sin el volante. La [&hellip;]\" \/>\n<meta property=\"og:url\" content=\"https:\/\/www.padreydecano.com\/cms\/noticias\/el-sustituto\/\" \/>\n<meta property=\"og:site_name\" content=\"Padre y Decano - El Sitio del Pueblo\" \/>\n<meta property=\"article:published_time\" content=\"2019-11-20T22:55:52+00:00\" \/>\n<meta property=\"article:modified_time\" content=\"2019-11-21T02:38:23+00:00\" \/>\n<meta property=\"og:image\" content=\"https:\/\/www.padreydecano.com\/cms\/wp-content\/uploads\/2019\/11\/PSX_20191120_195201.jpg\" \/>\n\t<meta property=\"og:image:width\" content=\"1500\" \/>\n\t<meta property=\"og:image:height\" content=\"750\" \/>\n\t<meta property=\"og:image:type\" content=\"image\/jpeg\" \/>\n<meta name=\"author\" content=\"Macarena Aguerre\" \/>\n<meta name=\"twitter:card\" content=\"summary_large_image\" \/>\n<meta name=\"twitter:label1\" content=\"Escrito por\" \/>\n\t<meta name=\"twitter:data1\" content=\"Macarena Aguerre\" \/>\n\t<meta name=\"twitter:label2\" content=\"Tiempo de lectura\" \/>\n\t<meta name=\"twitter:data2\" content=\"1 minuto\" \/>\n<script type=\"application\/ld+json\" class=\"yoast-schema-graph\">{\"@context\":\"https:\/\/schema.org\",\"@graph\":[{\"@type\":\"Article\",\"@id\":\"https:\/\/www.padreydecano.com\/cms\/noticias\/el-sustituto\/#article\",\"isPartOf\":{\"@id\":\"https:\/\/www.padreydecano.com\/cms\/noticias\/el-sustituto\/\"},\"author\":{\"name\":\"Macarena Aguerre\",\"@id\":\"https:\/\/www.padreydecano.com\/cms\/#\/schema\/person\/dda6ac238f4f69692a6b47040d9099c1\"},\"headline\":\"El sustituto\",\"datePublished\":\"2019-11-20T22:55:52+00:00\",\"dateModified\":\"2019-11-21T02:38:23+00:00\",\"mainEntityOfPage\":{\"@id\":\"https:\/\/www.padreydecano.com\/cms\/noticias\/el-sustituto\/\"},\"wordCount\":182,\"commentCount\":9,\"publisher\":{\"@id\":\"https:\/\/www.padreydecano.com\/cms\/#organization\"},\"image\":{\"@id\":\"https:\/\/www.padreydecano.com\/cms\/noticias\/el-sustituto\/#primaryimage\"},\"thumbnailUrl\":\"https:\/\/www.padreydecano.com\/cms\/wp-content\/uploads\/2019\/11\/PSX_20191120_195201.jpg\",\"keywords\":[\"Torneo Clausura 2019\"],\"articleSection\":[\"Los Aromos\",\"Noticias\"],\"inLanguage\":\"es\",\"potentialAction\":[{\"@type\":\"CommentAction\",\"name\":\"Comment\",\"target\":[\"https:\/\/www.padreydecano.com\/cms\/noticias\/el-sustituto\/#respond\"]}]},{\"@type\":\"WebPage\",\"@id\":\"https:\/\/www.padreydecano.com\/cms\/noticias\/el-sustituto\/\",\"url\":\"https:\/\/www.padreydecano.com\/cms\/noticias\/el-sustituto\/\",\"name\":\"El sustituto - Padre y Decano - El Sitio del Pueblo\",\"isPartOf\":{\"@id\":\"https:\/\/www.padreydecano.com\/cms\/#website\"},\"primaryImageOfPage\":{\"@id\":\"https:\/\/www.padreydecano.com\/cms\/noticias\/el-sustituto\/#primaryimage\"},\"image\":{\"@id\":\"https:\/\/www.padreydecano.com\/cms\/noticias\/el-sustituto\/#primaryimage\"},\"thumbnailUrl\":\"https:\/\/www.padreydecano.com\/cms\/wp-content\/uploads\/2019\/11\/PSX_20191120_195201.jpg\",\"datePublished\":\"2019-11-20T22:55:52+00:00\",\"dateModified\":\"2019-11-21T02:38:23+00:00\",\"breadcrumb\":{\"@id\":\"https:\/\/www.padreydecano.com\/cms\/noticias\/el-sustituto\/#breadcrumb\"},\"inLanguage\":\"es\",\"potentialAction\":[{\"@type\":\"ReadAction\",\"target\":[\"https:\/\/www.padreydecano.com\/cms\/noticias\/el-sustituto\/\"]}]},{\"@type\":\"ImageObject\",\"inLanguage\":\"es\",\"@id\":\"https:\/\/www.padreydecano.com\/cms\/noticias\/el-sustituto\/#primaryimage\",\"url\":\"https:\/\/www.padreydecano.com\/cms\/wp-content\/uploads\/2019\/11\/PSX_20191120_195201.jpg\",\"contentUrl\":\"https:\/\/www.padreydecano.com\/cms\/wp-content\/uploads\/2019\/11\/PSX_20191120_195201.jpg\",\"width\":1500,\"height\":750},{\"@type\":\"BreadcrumbList\",\"@id\":\"https:\/\/www.padreydecano.com\/cms\/noticias\/el-sustituto\/#breadcrumb\",\"itemListElement\":[{\"@type\":\"ListItem\",\"position\":1,\"name\":\"Portada\",\"item\":\"https:\/\/www.padreydecano.com\/cms\/\"},{\"@type\":\"ListItem\",\"position\":2,\"name\":\"El sustituto\"}]},{\"@type\":\"WebSite\",\"@id\":\"https:\/\/www.padreydecano.com\/cms\/#website\",\"url\":\"https:\/\/www.padreydecano.com\/cms\/\",\"name\":\"Padre y Decano - El Sitio del Pueblo\",\"description\":\"Club Atl\u00e9tico Pe\u00f1arol\",\"publisher\":{\"@id\":\"https:\/\/www.padreydecano.com\/cms\/#organization\"},\"potentialAction\":[{\"@type\":\"SearchAction\",\"target\":{\"@type\":\"EntryPoint\",\"urlTemplate\":\"https:\/\/www.padreydecano.com\/cms\/?s={search_term_string}\"},\"query-input\":\"required name=search_term_string\"}],\"inLanguage\":\"es\"},{\"@type\":\"Organization\",\"@id\":\"https:\/\/www.padreydecano.com\/cms\/#organization\",\"name\":\"Padre y Decano\",\"url\":\"https:\/\/www.padreydecano.com\/cms\/\",\"logo\":{\"@type\":\"ImageObject\",\"inLanguage\":\"es\",\"@id\":\"https:\/\/www.padreydecano.com\/cms\/#\/schema\/logo\/image\/\",\"url\":\"https:\/\/www.padreydecano.com\/cms\/wp-content\/uploads\/2022\/01\/avatar-square.png\",\"contentUrl\":\"https:\/\/www.padreydecano.com\/cms\/wp-content\/uploads\/2022\/01\/avatar-square.png\",\"width\":1500,\"height\":1500,\"caption\":\"Padre y Decano\"},\"image\":{\"@id\":\"https:\/\/www.padreydecano.com\/cms\/#\/schema\/logo\/image\/\"}},{\"@type\":\"Person\",\"@id\":\"https:\/\/www.padreydecano.com\/cms\/#\/schema\/person\/dda6ac238f4f69692a6b47040d9099c1\",\"name\":\"Macarena Aguerre\",\"image\":{\"@type\":\"ImageObject\",\"inLanguage\":\"es\",\"@id\":\"https:\/\/www.padreydecano.com\/cms\/#\/schema\/person\/image\/\",\"url\":\"https:\/\/secure.gravatar.com\/avatar\/8cd2b3a906b420f88eeaac4dae3ba69b?s=96&d=https%3A%2F%2Fpadreydecano.com%2Fcms%2Fwp-content%2Fthemes%2Fpyd-theme%2Fimg%2Fdefault-avatar.png&r=g\",\"contentUrl\":\"https:\/\/secure.gravatar.com\/avatar\/8cd2b3a906b420f88eeaac4dae3ba69b?s=96&d=https%3A%2F%2Fpadreydecano.com%2Fcms%2Fwp-content%2Fthemes%2Fpyd-theme%2Fimg%2Fdefault-avatar.png&r=g\",\"caption\":\"Macarena Aguerre\"}}]}<\/script>\n<!-- \/ Yoast SEO plugin. -->","yoast_head_json":{"title":"El sustituto - Padre y Decano - El Sitio del Pueblo","robots":{"index":"index","follow":"follow","max-snippet":"max-snippet:-1","max-image-preview":"max-image-preview:large","max-video-preview":"max-video-preview:-1"},"canonical":"https:\/\/www.padreydecano.com\/cms\/noticias\/el-sustituto\/","og_locale":"es_ES","og_type":"article","og_title":"El sustituto - Padre y Decano - El Sitio del Pueblo","og_description":"Pe\u00f1arol entren\u00f3 en el Estadio Campe\u00f3n Del Siglo pensando en la decimotercera fecha del Torneo Clausura, cuando enfrente a F\u00e9nix a la hora 20:30. Diego L\u00f3pez trabaja en el reemplazo de Walter Gargano en la mitad de la cancha. &#8216;Mota&#8217; es insustituible, pero el a\u00f1o pasado el entrenador mirasol supo arreglarse sin el volante. La [&hellip;]","og_url":"https:\/\/www.padreydecano.com\/cms\/noticias\/el-sustituto\/","og_site_name":"Padre y Decano - El Sitio del Pueblo","article_published_time":"2019-11-20T22:55:52+00:00","article_modified_time":"2019-11-21T02:38:23+00:00","og_image":[{"width":1500,"height":750,"url":"https:\/\/www.padreydecano.com\/cms\/wp-content\/uploads\/2019\/11\/PSX_20191120_195201.jpg","type":"image\/jpeg"}],"author":"Macarena Aguerre","twitter_card":"summary_large_image","twitter_misc":{"Escrito por":"Macarena Aguerre","Tiempo de lectura":"1 minuto"},"schema":{"@context":"https:\/\/schema.org","@graph":[{"@type":"Article","@id":"https:\/\/www.padreydecano.com\/cms\/noticias\/el-sustituto\/#article","isPartOf":{"@id":"https:\/\/www.padreydecano.com\/cms\/noticias\/el-sustituto\/"},"author":{"name":"Macarena Aguerre","@id":"https:\/\/www.padreydecano.com\/cms\/#\/schema\/person\/dda6ac238f4f69692a6b47040d9099c1"},"headline":"El sustituto","datePublished":"2019-11-20T22:55:52+00:00","dateModified":"2019-11-21T02:38:23+00:00","mainEntityOfPage":{"@id":"https:\/\/www.padreydecano.com\/cms\/noticias\/el-sustituto\/"},"wordCount":182,"commentCount":9,"publisher":{"@id":"https:\/\/www.padreydecano.com\/cms\/#organization"},"image":{"@id":"https:\/\/www.padreydecano.com\/cms\/noticias\/el-sustituto\/#primaryimage"},"thumbnailUrl":"https:\/\/www.padreydecano.com\/cms\/wp-content\/uploads\/2019\/11\/PSX_20191120_195201.jpg","keywords":["Torneo Clausura 2019"],"articleSection":["Los Aromos","Noticias"],"inLanguage":"es","potentialAction":[{"@type":"CommentAction","name":"Comment","target":["https:\/\/www.padreydecano.com\/cms\/noticias\/el-sustituto\/#respond"]}]},{"@type":"WebPage","@id":"https:\/\/www.padreydecano.com\/cms\/noticias\/el-sustituto\/","url":"https:\/\/www.padreydecano.com\/cms\/noticias\/el-sustituto\/","name":"El sustituto - Padre y Decano - El Sitio del Pueblo","isPartOf":{"@id":"https:\/\/www.padreydecano.com\/cms\/#website"},"primaryImageOfPage":{"@id":"https:\/\/www.padreydecano.com\/cms\/noticias\/el-sustituto\/#primaryimage"},"image":{"@id":"https:\/\/www.padreydecano.com\/cms\/noticias\/el-sustituto\/#primaryimage"},"thumbnailUrl":"https:\/\/www.padreydecano.com\/cms\/wp-content\/uploads\/2019\/11\/PSX_20191120_195201.jpg","datePublished":"2019-11-20T22:55:52+00:00","dateModified":"2019-11-21T02:38:23+00:00","breadcrumb":{"@id":"https:\/\/www.padreydecano.com\/cms\/noticias\/el-sustituto\/#breadcrumb"},"inLanguage":"es","potentialAction":[{"@type":"ReadAction","target":["https:\/\/www.padreydecano.com\/cms\/noticias\/el-sustituto\/"]}]},{"@type":"ImageObject","inLanguage":"es","@id":"https:\/\/www.padreydecano.com\/cms\/noticias\/el-sustituto\/#primaryimage","url":"https:\/\/www.padreydecano.com\/cms\/wp-content\/uploads\/2019\/11\/PSX_20191120_195201.jpg","contentUrl":"https:\/\/www.padreydecano.com\/cms\/wp-content\/uploads\/2019\/11\/PSX_20191120_195201.jpg","width":1500,"height":750},{"@type":"BreadcrumbList","@id":"https:\/\/www.padreydecano.com\/cms\/noticias\/el-sustituto\/#breadcrumb","itemListElement":[{"@type":"ListItem","position":1,"name":"Portada","item":"https:\/\/www.padreydecano.com\/cms\/"},{"@type":"ListItem","position":2,"name":"El sustituto"}]},{"@type":"WebSite","@id":"https:\/\/www.padreydecano.com\/cms\/#website","url":"https:\/\/www.padreydecano.com\/cms\/","name":"Padre y Decano - El Sitio del Pueblo","description":"Club Atl\u00e9tico Pe\u00f1arol","publisher":{"@id":"https:\/\/www.padreydecano.com\/cms\/#organization"},"potentialAction":[{"@type":"SearchAction","target":{"@type":"EntryPoint","urlTemplate":"https:\/\/www.padreydecano.com\/cms\/?s={search_term_string}"},"query-input":"required name=search_term_string"}],"inLanguage":"es"},{"@type":"Organization","@id":"https:\/\/www.padreydecano.com\/cms\/#organization","name":"Padre y Decano","url":"https:\/\/www.padreydecano.com\/cms\/","logo":{"@type":"ImageObject","inLanguage":"es","@id":"https:\/\/www.padreydecano.com\/cms\/#\/schema\/logo\/image\/","url":"https:\/\/www.padreydecano.com\/cms\/wp-content\/uploads\/2022\/01\/avatar-square.png","contentUrl":"https:\/\/www.padreydecano.com\/cms\/wp-content\/uploads\/2022\/01\/avatar-square.png","width":1500,"height":1500,"caption":"Padre y Decano"},"image":{"@id":"https:\/\/www.padreydecano.com\/cms\/#\/schema\/logo\/image\/"}},{"@type":"Person","@id":"https:\/\/www.padreydecano.com\/cms\/#\/schema\/person\/dda6ac238f4f69692a6b47040d9099c1","name":"Macarena Aguerre","image":{"@type":"ImageObject","inLanguage":"es","@id":"https:\/\/www.padreydecano.com\/cms\/#\/schema\/person\/image\/","url":"https:\/\/secure.gravatar.com\/avatar\/8cd2b3a906b420f88eeaac4dae3ba69b?s=96&d=https%3A%2F%2Fpadreydecano.com%2Fcms%2Fwp-content%2Fthemes%2Fpyd-theme%2Fimg%2Fdefault-avatar.png&r=g","contentUrl":"https:\/\/secure.gravatar.com\/avatar\/8cd2b3a906b420f88eeaac4dae3ba69b?s=96&d=https%3A%2F%2Fpadreydecano.com%2Fcms%2Fwp-content%2Fthemes%2Fpyd-theme%2Fimg%2Fdefault-avatar.png&r=g","caption":"Macarena Aguerre"}}]}},"_links":{"self":[{"href":"https:\/\/www.padreydecano.com\/cms\/wp-json\/wp\/v2\/posts\/72637"}],"collection":[{"href":"https:\/\/www.padreydecano.com\/cms\/wp-json\/wp\/v2\/posts"}],"about":[{"href":"https:\/\/www.padreydecano.com\/cms\/wp-json\/wp\/v2\/types\/post"}],"author":[{"embeddable":true,"href":"https:\/\/www.padreydecano.com\/cms\/wp-json\/wp\/v2\/users\/31"}],"replies":[{"embeddable":true,"href":"https:\/\/www.padreydecano.com\/cms\/wp-json\/wp\/v2\/comments?post=72637"}],"version-history":[{"count":0,"href":"https:\/\/www.padreydecano.com\/cms\/wp-json\/wp\/v2\/posts\/72637\/revisions"}],"wp:featuredmedia":[{"embeddable":true,"href":"https:\/\/www.padreydecano.com\/cms\/wp-json\/wp\/v2\/media\/72641"}],"wp:attachment":[{"href":"https:\/\/www.padreydecano.com\/cms\/wp-json\/wp\/v2\/media?parent=72637"}],"wp:term":[{"taxonomy":"category","embeddable":true,"href":"https:\/\/www.padreydecano.com\/cms\/wp-json\/wp\/v2\/categories?post=72637"},{"taxonomy":"post_tag","embeddable":true,"href":"https:\/\/www.padreydecano.com\/cms\/wp-json\/wp\/v2\/tags?post=72637"}],"curies":[{"name":"wp","href":"https:\/\/api.w.org\/{rel}","templated":true}]}}