{"id":72448,"date":"2019-11-16T11:55:17","date_gmt":"2019-11-16T14:55:17","guid":{"rendered":"http:\/\/www.padreydecano.com\/cms\/?p=72448"},"modified":"2019-11-17T20:01:24","modified_gmt":"2019-11-17T23:01:24","slug":"final-adelantada","status":"publish","type":"post","link":"https:\/\/www.padreydecano.com\/cms\/noticias\/final-adelantada\/","title":{"rendered":"Final adelantada"},"content":{"rendered":"<p><a href=\"https:\/\/www.padreydecano.com\/cms\/wp-content\/uploads\/2019\/11\/WhatsApp-Image-2019-11-03-at-9.47.59-PM.jpeg\" rel=\"shadowbox[sbpost-72448];player=img;\"><img loading=\"lazy\" decoding=\"async\" class=\"aligncenter wp-image-72177 size-full\" src=\"https:\/\/www.padreydecano.com\/cms\/wp-content\/uploads\/2019\/11\/WhatsApp-Image-2019-11-03-at-9.47.59-PM.jpeg\" alt=\"\" width=\"1139\" height=\"760\" srcset=\"https:\/\/www.padreydecano.com\/cms\/wp-content\/uploads\/2019\/11\/WhatsApp-Image-2019-11-03-at-9.47.59-PM.jpeg 1139w, https:\/\/www.padreydecano.com\/cms\/wp-content\/uploads\/2019\/11\/WhatsApp-Image-2019-11-03-at-9.47.59-PM-600x400.jpeg 600w, https:\/\/www.padreydecano.com\/cms\/wp-content\/uploads\/2019\/11\/WhatsApp-Image-2019-11-03-at-9.47.59-PM-768x512.jpeg 768w, https:\/\/www.padreydecano.com\/cms\/wp-content\/uploads\/2019\/11\/WhatsApp-Image-2019-11-03-at-9.47.59-PM-1024x683.jpeg 1024w\" sizes=\"(max-width: 1139px) 100vw, 1139px\" \/><\/a><\/p>\n<p style=\"text-align: justify;\"><strong>Pe\u00f1arol se enfrenta a Nacional en un nuevo cl\u00e1sico a disputarse en el Estadio Centenario. El partido m\u00e1s antiguo de Uruguay tendr\u00e1 un nuevo episodio, cuando carboneros y tricolores se midan el pr\u00f3ximo domingo a las 16.00 hs. El partido ir\u00e1 televisado por VTV.<\/strong><\/p>\n<p style=\"text-align: justify;\"><strong>Tal vez es uno de los cl\u00e1sicos m\u00e1s importantes de los \u00faltimos a\u00f1os. No solamente est\u00e1n en juego tres puntos, sino m\u00e1s que eso. Una posible victoria, le permitir\u00eda al conjunto carbonero acceder a la primera ubicaci\u00f3n en ambas tablas, y acariciar el tricampeonato. <\/strong><\/p>\n<p style=\"text-align: justify;\"><span style=\"color: #ffcc00;\"><strong>\u00bfQu\u00e9 otra motivaci\u00f3n que esa puede haber?<\/strong><\/span><\/p>\n<p style=\"text-align: justify;\"><span style=\"color: #ffcc00;\"><strong>Equipo probable:<\/strong><\/span><\/p>\n<p>Teniendo en cuenta que Giovanni Gonz\u00e1lez no podr\u00e1 ser de la partida por estar afectado a la selecci\u00f3n, habr\u00e1 un cambio obligado en el once que comenzar\u00e1 jugando el cl\u00e1sico.<\/p>\n<p style=\"text-align: justify;\">El &#8216;Memo&#8217; L\u00f3pez pondr\u00e1 a <strong>Kevin Dawson<\/strong> en el arco; <strong>Jes\u00fas Trindade<\/strong> ser\u00e1 el lateral derecho, <strong>Fabricio Formiliano<\/strong> y <strong>Rodrigo Abascal<\/strong> jugar\u00e1n como zagueros mientras que <strong>Gabriel Rojas<\/strong> ocupar\u00e1 el lateral por izquierda. En la mitad de la cancha estar\u00e1n <strong>Walter Gargano<\/strong>, <strong>Mat\u00edas De Los Santos<\/strong> y el capit\u00e1n <strong>Cristian Rodr\u00edguez<\/strong>. En ofensiva, por su parte, jugar\u00e1n <strong>Facundo Pellistri<\/strong>, <strong>Agust\u00edn Canobbio<\/strong> y <strong>Xisco<\/strong>.<\/p>\n<p style=\"text-align: justify;\"><span style=\"color: #ffcc00;\"><strong>P\u00f3lvora seca:<\/strong><\/span><\/p>\n<p><a href=\"https:\/\/www.padreydecano.com\/cms\/wp-content\/uploads\/2018\/02\/Cebolla-Cristian-Rodriguez-Christian_Adinolfi_Pe\u00f1arol_recopauruguaya_3.jpg\" rel=\"shadowbox[sbpost-72448];player=img;\"><img loading=\"lazy\" decoding=\"async\" class=\"aligncenter wp-image-66119 size-full\" src=\"https:\/\/www.padreydecano.com\/cms\/wp-content\/uploads\/2018\/02\/Cebolla-Cristian-Rodriguez-Christian_Adinolfi_Pe\u00f1arol_recopauruguaya_3.jpg\" alt=\"\" width=\"900\" height=\"596\" srcset=\"https:\/\/www.padreydecano.com\/cms\/wp-content\/uploads\/2018\/02\/Cebolla-Cristian-Rodriguez-Christian_Adinolfi_Pe\u00f1arol_recopauruguaya_3.jpg 900w, https:\/\/www.padreydecano.com\/cms\/wp-content\/uploads\/2018\/02\/Cebolla-Cristian-Rodriguez-Christian_Adinolfi_Pe\u00f1arol_recopauruguaya_3-600x397.jpg 600w, https:\/\/www.padreydecano.com\/cms\/wp-content\/uploads\/2018\/02\/Cebolla-Cristian-Rodriguez-Christian_Adinolfi_Pe\u00f1arol_recopauruguaya_3-768x509.jpg 768w\" sizes=\"(max-width: 900px) 100vw, 900px\" \/><\/a><\/p>\n<p style=\"text-align: justify;\">El capit\u00e1n, Cristian Rodr\u00edguez, viene de anotar el ag\u00f3nico gol para el triunfo del mirasol frente a River Plate. <strong>\u00a1Hombre cl\u00e1sico si que los hay!<\/strong><\/p>\n<p style=\"text-align: justify;\"><span style=\"color: #ffcc00;\"><strong>A Jes\u00fas le pido:<\/strong><\/span><\/p>\n<p style=\"text-align: justify;\">Jes\u00fas Trindade ser\u00e1 el lateral derecho para suplantar a Giovanni Gonz\u00e1lez quien se encuentra defendiendo la camiseta de Uruguay en la actual fecha FIFA.<\/p>\n<p style=\"text-align: justify;\"><span style=\"color: #ffcc00;\"><strong>\u00a1Qu\u00e9 bien te veo, t\u00edo!<\/strong><\/span><\/p>\n<p style=\"text-align: justify;\"><a href=\"https:\/\/www.padreydecano.com\/cms\/wp-content\/uploads\/2019\/11\/PSX_20191102_203112.jpg\" rel=\"shadowbox[sbpost-72448];player=img;\"><img loading=\"lazy\" decoding=\"async\" class=\"aligncenter size-full wp-image-72161\" src=\"https:\/\/www.padreydecano.com\/cms\/wp-content\/uploads\/2019\/11\/PSX_20191102_203112.jpg\" alt=\"\" width=\"1500\" height=\"1000\" srcset=\"https:\/\/www.padreydecano.com\/cms\/wp-content\/uploads\/2019\/11\/PSX_20191102_203112.jpg 1500w, https:\/\/www.padreydecano.com\/cms\/wp-content\/uploads\/2019\/11\/PSX_20191102_203112-600x400.jpg 600w, https:\/\/www.padreydecano.com\/cms\/wp-content\/uploads\/2019\/11\/PSX_20191102_203112-768x512.jpg 768w, https:\/\/www.padreydecano.com\/cms\/wp-content\/uploads\/2019\/11\/PSX_20191102_203112-1024x683.jpg 1024w\" sizes=\"(max-width: 1500px) 100vw, 1500px\" \/><\/a><\/p>\n<p style=\"text-align: justify;\">El espa\u00f1ol es la carta de gol que tiene el Decano de cara al cl\u00e1sico. <strong>\u00a14 goles en los \u00faltimos 4 partidos!<\/strong><\/p>\n<p style=\"text-align: justify;\"><span style=\"color: #ffcc00;\"><strong>\u00bfC\u00f3mo vienen ambos?<\/strong><\/span><\/p>\n<p style=\"text-align: justify;\">Pe\u00f1arol viene de cosechar una nueva y ag\u00f3nica victoria tras derrotar a River Plate por la m\u00ednima diferencia. Tres puntos de oro para no perder la pisada y depender de s\u00ed mismo para coronarse campe\u00f3n. El aurinegro se ubica en la segunda posici\u00f3n de la tabla de posiciones con 26 puntos. En lo que es la Tabla Anual, se posiciona a 2 puntos del tradicional rival. <strong>\u00a1Un partido decisivo para conquistar dicha tabla!<\/strong><\/p>\n<p style=\"text-align: justify;\">Nacional viene de ganar por 1 a 0 a Progreso en el Estadio Abraham Paladino. Con 27 puntos lidera el Torneo Clausura producto de 9 victorias y 2 derrotas. El conjunto albo tiene 68 unidades en la tabla acumulada.<\/p>\n<p style=\"text-align: justify;\"><span style=\"color: #ffcc00;\"><strong>Antecedentes:<\/strong><\/span><\/p>\n<p style=\"text-align: justify;\"><strong>Intermedio 2019:<\/strong> Nacional 3 \u2013 0 <strong><span style=\"color: #ffcc00;\">Pe\u00f1arol<\/span><\/strong><\/p>\n<p style=\"text-align: justify;\"><strong>Copa Gigantes de Am\u00e9rica: <span style=\"color: #ffcc00;\">Pe\u00f1arol<\/span> <\/strong>2 \u2013 1 Nacional<\/p>\n<p style=\"text-align: justify;\"><strong>Apertura 2019: <span style=\"color: #ffcc00;\">Pe\u00f1arol<\/span> <\/strong>1 \u2013 1 Nacional<\/p>\n<p style=\"text-align: justify;\"><strong>Supercopa Uruguaya:<\/strong> Nacional 1 \u2013 1 <strong><span style=\"color: #ffcc00;\">Pe\u00f1arol<\/span><\/strong><\/p>\n<p style=\"text-align: justify;\"><strong>Torneo de verano: <span style=\"color: #ffcc00;\">Pe\u00f1arol<\/span> <\/strong>2 \u2013 0 Nacional<\/p>\n<p style=\"text-align: justify;\">Repas\u00e1 la paternidad cl\u00e1sica haciendo click\u00a0<a href=\"http:\/\/historia.padreydecano.com\/paternidad.html\" target=\"_blank\" rel=\"noopener\">aqu\u00ed<\/a>.<\/p>\n<p style=\"text-align: justify;\"><span style=\"color: #ffcc00;\"><strong>Jueces:<\/strong><\/span><\/p>\n<p style=\"text-align: justify;\"><strong>Leod\u00e1n Gonz\u00e1lez<\/strong> ser\u00e1 el juez del cl\u00e1sico del domingo a las 16 horas en el Estadio Centenario. Nicol\u00e1s Tar\u00e1n y Sebasti\u00e1n Silvera, los asistentes, mientras que Yimmy \u00c1lvarez fue designado cuarto \u00e1rbitro.<\/p>\n<p style=\"text-align: justify;\"><span style=\"color: #ffcc00;\"><strong>Entradas:<\/strong><\/span><\/p>\n<p style=\"text-align: justify;\">\u00a1Dale que quedan las \u00faltimas entradas! Hac\u00e9 click\u00a0<a href=\"https:\/\/www.padreydecano.com\/cms\/noticias\/venta-de-entradas-vs-nacional-torneo-clausura-2019\/\" target=\"_blank\" rel=\"noopener\">aqu\u00ed<\/a>\u00a0para tener toda la informaci\u00f3n.<\/p>\n<p style=\"text-align: justify;\"><span style=\"color: #ffcc00;\"><strong>Lo siguiente:<\/strong><\/span><\/p>\n<p style=\"text-align: justify;\">Luego del cl\u00e1sico Pe\u00f1arol recibir\u00e1 a F\u00e9nix en el Estadio Campe\u00f3n del Siglo por la decimotercera fecha del Torneo Clausura. El partido ser\u00e1 el viernes 22 a las 20.00 hs.<\/p>\n<p style=\"text-align: right;\"><a href=\"https:\/\/twitter.com\/mathiaastilve\" target=\"_blank\" rel=\"noopener\">Mathias Tilve<\/a><\/p>\n","protected":false},"excerpt":{"rendered":"<p>Pe\u00f1arol se enfrenta a Nacional en un nuevo cl\u00e1sico a disputarse en el Estadio Centenario. El partido m\u00e1s antiguo de Uruguay tendr\u00e1 un nuevo episodio, cuando carboneros y tricolores se midan el pr\u00f3ximo domingo a las 16.00 hs. El partido ir\u00e1 televisado por VTV. Tal vez es uno de los cl\u00e1sicos m\u00e1s importantes de los [&hellip;]<\/p>\n","protected":false},"author":30,"featured_media":72177,"comment_status":"open","ping_status":"closed","sticky":false,"template":"","format":"standard","meta":{"footnotes":""},"categories":[7,1],"tags":[457],"yoast_head":"<!-- This site is optimized with the Yoast SEO plugin v23.2 - https:\/\/yoast.com\/wordpress\/plugins\/seo\/ -->\n<title>Final adelantada - Padre y Decano - El Sitio del Pueblo<\/title>\n<meta name=\"robots\" content=\"index, follow, max-snippet:-1, max-image-preview:large, max-video-preview:-1\" \/>\n<link rel=\"canonical\" href=\"https:\/\/www.padreydecano.com\/cms\/noticias\/final-adelantada\/\" \/>\n<meta property=\"og:locale\" content=\"es_ES\" \/>\n<meta property=\"og:type\" content=\"article\" \/>\n<meta property=\"og:title\" content=\"Final adelantada - Padre y Decano - El Sitio del Pueblo\" \/>\n<meta property=\"og:description\" content=\"Pe\u00f1arol se enfrenta a Nacional en un nuevo cl\u00e1sico a disputarse en el Estadio Centenario. El partido m\u00e1s antiguo de Uruguay tendr\u00e1 un nuevo episodio, cuando carboneros y tricolores se midan el pr\u00f3ximo domingo a las 16.00 hs. El partido ir\u00e1 televisado por VTV. Tal vez es uno de los cl\u00e1sicos m\u00e1s importantes de los [&hellip;]\" \/>\n<meta property=\"og:url\" content=\"https:\/\/www.padreydecano.com\/cms\/noticias\/final-adelantada\/\" \/>\n<meta property=\"og:site_name\" content=\"Padre y Decano - El Sitio del Pueblo\" \/>\n<meta property=\"article:published_time\" content=\"2019-11-16T14:55:17+00:00\" \/>\n<meta property=\"article:modified_time\" content=\"2019-11-17T23:01:24+00:00\" \/>\n<meta property=\"og:image\" content=\"https:\/\/www.padreydecano.com\/cms\/wp-content\/uploads\/2019\/11\/WhatsApp-Image-2019-11-03-at-9.47.59-PM.jpeg\" \/>\n\t<meta property=\"og:image:width\" content=\"1139\" \/>\n\t<meta property=\"og:image:height\" content=\"760\" \/>\n\t<meta property=\"og:image:type\" content=\"image\/jpeg\" \/>\n<meta name=\"author\" content=\"Udelar\" \/>\n<meta name=\"twitter:card\" content=\"summary_large_image\" \/>\n<meta name=\"twitter:label1\" content=\"Escrito por\" \/>\n\t<meta name=\"twitter:data1\" content=\"Udelar\" \/>\n\t<meta name=\"twitter:label2\" content=\"Tiempo de lectura\" \/>\n\t<meta name=\"twitter:data2\" content=\"3 minutos\" \/>\n<script type=\"application\/ld+json\" class=\"yoast-schema-graph\">{\"@context\":\"https:\/\/schema.org\",\"@graph\":[{\"@type\":\"Article\",\"@id\":\"https:\/\/www.padreydecano.com\/cms\/noticias\/final-adelantada\/#article\",\"isPartOf\":{\"@id\":\"https:\/\/www.padreydecano.com\/cms\/noticias\/final-adelantada\/\"},\"author\":{\"name\":\"Udelar\",\"@id\":\"https:\/\/www.padreydecano.com\/cms\/#\/schema\/person\/b22191326be6d1c7fa55c2ad137a9a32\"},\"headline\":\"Final adelantada\",\"datePublished\":\"2019-11-16T14:55:17+00:00\",\"dateModified\":\"2019-11-17T23:01:24+00:00\",\"mainEntityOfPage\":{\"@id\":\"https:\/\/www.padreydecano.com\/cms\/noticias\/final-adelantada\/\"},\"wordCount\":545,\"commentCount\":7,\"publisher\":{\"@id\":\"https:\/\/www.padreydecano.com\/cms\/#organization\"},\"image\":{\"@id\":\"https:\/\/www.padreydecano.com\/cms\/noticias\/final-adelantada\/#primaryimage\"},\"thumbnailUrl\":\"https:\/\/www.padreydecano.com\/cms\/wp-content\/uploads\/2019\/11\/WhatsApp-Image-2019-11-03-at-9.47.59-PM.jpeg\",\"keywords\":[\"Torneo Clausura 2019\"],\"articleSection\":[\"Los Aromos\",\"Noticias\"],\"inLanguage\":\"es\",\"potentialAction\":[{\"@type\":\"CommentAction\",\"name\":\"Comment\",\"target\":[\"https:\/\/www.padreydecano.com\/cms\/noticias\/final-adelantada\/#respond\"]}]},{\"@type\":\"WebPage\",\"@id\":\"https:\/\/www.padreydecano.com\/cms\/noticias\/final-adelantada\/\",\"url\":\"https:\/\/www.padreydecano.com\/cms\/noticias\/final-adelantada\/\",\"name\":\"Final adelantada - Padre y Decano - El Sitio del Pueblo\",\"isPartOf\":{\"@id\":\"https:\/\/www.padreydecano.com\/cms\/#website\"},\"primaryImageOfPage\":{\"@id\":\"https:\/\/www.padreydecano.com\/cms\/noticias\/final-adelantada\/#primaryimage\"},\"image\":{\"@id\":\"https:\/\/www.padreydecano.com\/cms\/noticias\/final-adelantada\/#primaryimage\"},\"thumbnailUrl\":\"https:\/\/www.padreydecano.com\/cms\/wp-content\/uploads\/2019\/11\/WhatsApp-Image-2019-11-03-at-9.47.59-PM.jpeg\",\"datePublished\":\"2019-11-16T14:55:17+00:00\",\"dateModified\":\"2019-11-17T23:01:24+00:00\",\"breadcrumb\":{\"@id\":\"https:\/\/www.padreydecano.com\/cms\/noticias\/final-adelantada\/#breadcrumb\"},\"inLanguage\":\"es\",\"potentialAction\":[{\"@type\":\"ReadAction\",\"target\":[\"https:\/\/www.padreydecano.com\/cms\/noticias\/final-adelantada\/\"]}]},{\"@type\":\"ImageObject\",\"inLanguage\":\"es\",\"@id\":\"https:\/\/www.padreydecano.com\/cms\/noticias\/final-adelantada\/#primaryimage\",\"url\":\"https:\/\/www.padreydecano.com\/cms\/wp-content\/uploads\/2019\/11\/WhatsApp-Image-2019-11-03-at-9.47.59-PM.jpeg\",\"contentUrl\":\"https:\/\/www.padreydecano.com\/cms\/wp-content\/uploads\/2019\/11\/WhatsApp-Image-2019-11-03-at-9.47.59-PM.jpeg\",\"width\":1139,\"height\":760},{\"@type\":\"BreadcrumbList\",\"@id\":\"https:\/\/www.padreydecano.com\/cms\/noticias\/final-adelantada\/#breadcrumb\",\"itemListElement\":[{\"@type\":\"ListItem\",\"position\":1,\"name\":\"Portada\",\"item\":\"https:\/\/www.padreydecano.com\/cms\/\"},{\"@type\":\"ListItem\",\"position\":2,\"name\":\"Final adelantada\"}]},{\"@type\":\"WebSite\",\"@id\":\"https:\/\/www.padreydecano.com\/cms\/#website\",\"url\":\"https:\/\/www.padreydecano.com\/cms\/\",\"name\":\"Padre y Decano - El Sitio del Pueblo\",\"description\":\"Club Atl\u00e9tico Pe\u00f1arol\",\"publisher\":{\"@id\":\"https:\/\/www.padreydecano.com\/cms\/#organization\"},\"potentialAction\":[{\"@type\":\"SearchAction\",\"target\":{\"@type\":\"EntryPoint\",\"urlTemplate\":\"https:\/\/www.padreydecano.com\/cms\/?s={search_term_string}\"},\"query-input\":\"required name=search_term_string\"}],\"inLanguage\":\"es\"},{\"@type\":\"Organization\",\"@id\":\"https:\/\/www.padreydecano.com\/cms\/#organization\",\"name\":\"Padre y Decano\",\"url\":\"https:\/\/www.padreydecano.com\/cms\/\",\"logo\":{\"@type\":\"ImageObject\",\"inLanguage\":\"es\",\"@id\":\"https:\/\/www.padreydecano.com\/cms\/#\/schema\/logo\/image\/\",\"url\":\"https:\/\/www.padreydecano.com\/cms\/wp-content\/uploads\/2022\/01\/avatar-square.png\",\"contentUrl\":\"https:\/\/www.padreydecano.com\/cms\/wp-content\/uploads\/2022\/01\/avatar-square.png\",\"width\":1500,\"height\":1500,\"caption\":\"Padre y Decano\"},\"image\":{\"@id\":\"https:\/\/www.padreydecano.com\/cms\/#\/schema\/logo\/image\/\"}},{\"@type\":\"Person\",\"@id\":\"https:\/\/www.padreydecano.com\/cms\/#\/schema\/person\/b22191326be6d1c7fa55c2ad137a9a32\",\"name\":\"Udelar\",\"image\":{\"@type\":\"ImageObject\",\"inLanguage\":\"es\",\"@id\":\"https:\/\/www.padreydecano.com\/cms\/#\/schema\/person\/image\/\",\"url\":\"https:\/\/secure.gravatar.com\/avatar\/611ece663b16897a2cd2f46982281225?s=96&d=https%3A%2F%2Fpadreydecano.com%2Fcms%2Fwp-content%2Fthemes%2Fpyd-theme%2Fimg%2Fdefault-avatar.png&r=g\",\"contentUrl\":\"https:\/\/secure.gravatar.com\/avatar\/611ece663b16897a2cd2f46982281225?s=96&d=https%3A%2F%2Fpadreydecano.com%2Fcms%2Fwp-content%2Fthemes%2Fpyd-theme%2Fimg%2Fdefault-avatar.png&r=g\",\"caption\":\"Udelar\"}}]}<\/script>\n<!-- \/ Yoast SEO plugin. -->","yoast_head_json":{"title":"Final adelantada - Padre y Decano - El Sitio del Pueblo","robots":{"index":"index","follow":"follow","max-snippet":"max-snippet:-1","max-image-preview":"max-image-preview:large","max-video-preview":"max-video-preview:-1"},"canonical":"https:\/\/www.padreydecano.com\/cms\/noticias\/final-adelantada\/","og_locale":"es_ES","og_type":"article","og_title":"Final adelantada - Padre y Decano - El Sitio del Pueblo","og_description":"Pe\u00f1arol se enfrenta a Nacional en un nuevo cl\u00e1sico a disputarse en el Estadio Centenario. El partido m\u00e1s antiguo de Uruguay tendr\u00e1 un nuevo episodio, cuando carboneros y tricolores se midan el pr\u00f3ximo domingo a las 16.00 hs. El partido ir\u00e1 televisado por VTV. Tal vez es uno de los cl\u00e1sicos m\u00e1s importantes de los [&hellip;]","og_url":"https:\/\/www.padreydecano.com\/cms\/noticias\/final-adelantada\/","og_site_name":"Padre y Decano - El Sitio del Pueblo","article_published_time":"2019-11-16T14:55:17+00:00","article_modified_time":"2019-11-17T23:01:24+00:00","og_image":[{"width":1139,"height":760,"url":"https:\/\/www.padreydecano.com\/cms\/wp-content\/uploads\/2019\/11\/WhatsApp-Image-2019-11-03-at-9.47.59-PM.jpeg","type":"image\/jpeg"}],"author":"Udelar","twitter_card":"summary_large_image","twitter_misc":{"Escrito por":"Udelar","Tiempo de lectura":"3 minutos"},"schema":{"@context":"https:\/\/schema.org","@graph":[{"@type":"Article","@id":"https:\/\/www.padreydecano.com\/cms\/noticias\/final-adelantada\/#article","isPartOf":{"@id":"https:\/\/www.padreydecano.com\/cms\/noticias\/final-adelantada\/"},"author":{"name":"Udelar","@id":"https:\/\/www.padreydecano.com\/cms\/#\/schema\/person\/b22191326be6d1c7fa55c2ad137a9a32"},"headline":"Final adelantada","datePublished":"2019-11-16T14:55:17+00:00","dateModified":"2019-11-17T23:01:24+00:00","mainEntityOfPage":{"@id":"https:\/\/www.padreydecano.com\/cms\/noticias\/final-adelantada\/"},"wordCount":545,"commentCount":7,"publisher":{"@id":"https:\/\/www.padreydecano.com\/cms\/#organization"},"image":{"@id":"https:\/\/www.padreydecano.com\/cms\/noticias\/final-adelantada\/#primaryimage"},"thumbnailUrl":"https:\/\/www.padreydecano.com\/cms\/wp-content\/uploads\/2019\/11\/WhatsApp-Image-2019-11-03-at-9.47.59-PM.jpeg","keywords":["Torneo Clausura 2019"],"articleSection":["Los Aromos","Noticias"],"inLanguage":"es","potentialAction":[{"@type":"CommentAction","name":"Comment","target":["https:\/\/www.padreydecano.com\/cms\/noticias\/final-adelantada\/#respond"]}]},{"@type":"WebPage","@id":"https:\/\/www.padreydecano.com\/cms\/noticias\/final-adelantada\/","url":"https:\/\/www.padreydecano.com\/cms\/noticias\/final-adelantada\/","name":"Final adelantada - Padre y Decano - El Sitio del Pueblo","isPartOf":{"@id":"https:\/\/www.padreydecano.com\/cms\/#website"},"primaryImageOfPage":{"@id":"https:\/\/www.padreydecano.com\/cms\/noticias\/final-adelantada\/#primaryimage"},"image":{"@id":"https:\/\/www.padreydecano.com\/cms\/noticias\/final-adelantada\/#primaryimage"},"thumbnailUrl":"https:\/\/www.padreydecano.com\/cms\/wp-content\/uploads\/2019\/11\/WhatsApp-Image-2019-11-03-at-9.47.59-PM.jpeg","datePublished":"2019-11-16T14:55:17+00:00","dateModified":"2019-11-17T23:01:24+00:00","breadcrumb":{"@id":"https:\/\/www.padreydecano.com\/cms\/noticias\/final-adelantada\/#breadcrumb"},"inLanguage":"es","potentialAction":[{"@type":"ReadAction","target":["https:\/\/www.padreydecano.com\/cms\/noticias\/final-adelantada\/"]}]},{"@type":"ImageObject","inLanguage":"es","@id":"https:\/\/www.padreydecano.com\/cms\/noticias\/final-adelantada\/#primaryimage","url":"https:\/\/www.padreydecano.com\/cms\/wp-content\/uploads\/2019\/11\/WhatsApp-Image-2019-11-03-at-9.47.59-PM.jpeg","contentUrl":"https:\/\/www.padreydecano.com\/cms\/wp-content\/uploads\/2019\/11\/WhatsApp-Image-2019-11-03-at-9.47.59-PM.jpeg","width":1139,"height":760},{"@type":"BreadcrumbList","@id":"https:\/\/www.padreydecano.com\/cms\/noticias\/final-adelantada\/#breadcrumb","itemListElement":[{"@type":"ListItem","position":1,"name":"Portada","item":"https:\/\/www.padreydecano.com\/cms\/"},{"@type":"ListItem","position":2,"name":"Final adelantada"}]},{"@type":"WebSite","@id":"https:\/\/www.padreydecano.com\/cms\/#website","url":"https:\/\/www.padreydecano.com\/cms\/","name":"Padre y Decano - El Sitio del Pueblo","description":"Club Atl\u00e9tico Pe\u00f1arol","publisher":{"@id":"https:\/\/www.padreydecano.com\/cms\/#organization"},"potentialAction":[{"@type":"SearchAction","target":{"@type":"EntryPoint","urlTemplate":"https:\/\/www.padreydecano.com\/cms\/?s={search_term_string}"},"query-input":"required name=search_term_string"}],"inLanguage":"es"},{"@type":"Organization","@id":"https:\/\/www.padreydecano.com\/cms\/#organization","name":"Padre y Decano","url":"https:\/\/www.padreydecano.com\/cms\/","logo":{"@type":"ImageObject","inLanguage":"es","@id":"https:\/\/www.padreydecano.com\/cms\/#\/schema\/logo\/image\/","url":"https:\/\/www.padreydecano.com\/cms\/wp-content\/uploads\/2022\/01\/avatar-square.png","contentUrl":"https:\/\/www.padreydecano.com\/cms\/wp-content\/uploads\/2022\/01\/avatar-square.png","width":1500,"height":1500,"caption":"Padre y Decano"},"image":{"@id":"https:\/\/www.padreydecano.com\/cms\/#\/schema\/logo\/image\/"}},{"@type":"Person","@id":"https:\/\/www.padreydecano.com\/cms\/#\/schema\/person\/b22191326be6d1c7fa55c2ad137a9a32","name":"Udelar","image":{"@type":"ImageObject","inLanguage":"es","@id":"https:\/\/www.padreydecano.com\/cms\/#\/schema\/person\/image\/","url":"https:\/\/secure.gravatar.com\/avatar\/611ece663b16897a2cd2f46982281225?s=96&d=https%3A%2F%2Fpadreydecano.com%2Fcms%2Fwp-content%2Fthemes%2Fpyd-theme%2Fimg%2Fdefault-avatar.png&r=g","contentUrl":"https:\/\/secure.gravatar.com\/avatar\/611ece663b16897a2cd2f46982281225?s=96&d=https%3A%2F%2Fpadreydecano.com%2Fcms%2Fwp-content%2Fthemes%2Fpyd-theme%2Fimg%2Fdefault-avatar.png&r=g","caption":"Udelar"}}]}},"_links":{"self":[{"href":"https:\/\/www.padreydecano.com\/cms\/wp-json\/wp\/v2\/posts\/72448"}],"collection":[{"href":"https:\/\/www.padreydecano.com\/cms\/wp-json\/wp\/v2\/posts"}],"about":[{"href":"https:\/\/www.padreydecano.com\/cms\/wp-json\/wp\/v2\/types\/post"}],"author":[{"embeddable":true,"href":"https:\/\/www.padreydecano.com\/cms\/wp-json\/wp\/v2\/users\/30"}],"replies":[{"embeddable":true,"href":"https:\/\/www.padreydecano.com\/cms\/wp-json\/wp\/v2\/comments?post=72448"}],"version-history":[{"count":0,"href":"https:\/\/www.padreydecano.com\/cms\/wp-json\/wp\/v2\/posts\/72448\/revisions"}],"wp:featuredmedia":[{"embeddable":true,"href":"https:\/\/www.padreydecano.com\/cms\/wp-json\/wp\/v2\/media\/72177"}],"wp:attachment":[{"href":"https:\/\/www.padreydecano.com\/cms\/wp-json\/wp\/v2\/media?parent=72448"}],"wp:term":[{"taxonomy":"category","embeddable":true,"href":"https:\/\/www.padreydecano.com\/cms\/wp-json\/wp\/v2\/categories?post=72448"},{"taxonomy":"post_tag","embeddable":true,"href":"https:\/\/www.padreydecano.com\/cms\/wp-json\/wp\/v2\/tags?post=72448"}],"curies":[{"name":"wp","href":"https:\/\/api.w.org\/{rel}","templated":true}]}}