{"id":72339,"date":"2021-11-14T00:00:04","date_gmt":"2021-11-14T03:00:04","guid":{"rendered":"http:\/\/www.padreydecano.com\/cms\/?p=72339"},"modified":"2021-11-14T11:45:15","modified_gmt":"2021-11-14T14:45:15","slug":"el-cisma-del-futbol-uruguayo","status":"publish","type":"post","link":"https:\/\/www.padreydecano.com\/cms\/noticias\/el-cisma-del-futbol-uruguayo\/","title":{"rendered":"El cisma del f\u00fatbol uruguayo"},"content":{"rendered":"<p><img loading=\"lazy\" decoding=\"async\" class=\"aligncenter size-full wp-image-74784\" src=\"https:\/\/www.padreydecano.com\/cms\/wp-content\/uploads\/2020\/11\/WhatsApp-Image-2020-05-15-at-7.35.24-PM.jpeg\" alt=\"\" width=\"1200\" height=\"674\" srcset=\"https:\/\/www.padreydecano.com\/cms\/wp-content\/uploads\/2020\/11\/WhatsApp-Image-2020-05-15-at-7.35.24-PM.jpeg 1200w, https:\/\/www.padreydecano.com\/cms\/wp-content\/uploads\/2020\/11\/WhatsApp-Image-2020-05-15-at-7.35.24-PM-600x337.jpeg 600w, https:\/\/www.padreydecano.com\/cms\/wp-content\/uploads\/2020\/11\/WhatsApp-Image-2020-05-15-at-7.35.24-PM-768x431.jpeg 768w, https:\/\/www.padreydecano.com\/cms\/wp-content\/uploads\/2020\/11\/WhatsApp-Image-2020-05-15-at-7.35.24-PM-1024x575.jpeg 1024w\" sizes=\"(max-width: 1200px) 100vw, 1200px\" \/><\/p>\n<p style=\"text-align: justify;\"><strong>El 12 de noviembre de 1922, Pe\u00f1arol venci\u00f3 2 a 1 a Racing Club de la vecina orilla, por la Copa Municipio de Avellaneda. Dos d\u00edas despu\u00e9s, y a causa de la realizaci\u00f3n de este cotejo, la Asamblea de la AUF desafili\u00f3 a Pe\u00f1arol y Central, dando comienzo al cisma del f\u00fatbol uruguayo.<\/strong><\/p>\n<p style=\"text-align: justify;\"><span style=\"color: #ffcc00;\"><strong>\u00bfPor qu\u00e9 se lleg\u00f3 a esta situaci\u00f3n?<\/strong><\/span><\/p>\n<p style=\"text-align: justify;\">El f\u00fatbol de la vecina orilla, por aquel entonces, estaba dividido en dos asociaciones distintas: la Asociaci\u00f3n Argentina de Football (AAF) y la Association Amateurs de Football (AAmF); y como pasa generalmente, repercuti\u00f3 r\u00e1pidamente en nuestro pa\u00eds.<\/p>\n<p style=\"text-align: justify;\">As\u00ed\u00a0lo cuenta Alfredo Etchandy, en su libro <strong>\u00bbMemorias de la pelota\u00bb<\/strong>:<\/p>\n<blockquote>\n<p style=\"text-align: justify;\"><span style=\"color: #999999;\"><em>Frecuentemente llegaban invitaciones para jugar contra equipos de la AAmF, pero la AUF manten\u00eda sus relaciones con la AAF, y por lo tanto, no autorizaba esa clase de encuentros.\u00a0Pe\u00f1arol manten\u00eda una gran amistad con clubes que pertenec\u00edan a la organizaci\u00f3n disidente y cada tanto planteaba la posibilidad de enfrentar a esos conjuntos, pero la respuesta de la AUF era siempre negativa.\u00a0<\/em><\/span><\/p>\n<p style=\"text-align: justify;\"><span style=\"color: #999999;\"><em>Cuando llega el momento de participar en el Sudamericano de 1922, Pe\u00f1arol neg\u00f3 los jugadores a la selecci\u00f3n porque Argentina era representada por la AAF en esa competencia. (&#8230;) Sin los carboneros, Uruguay concurri\u00f3 al Sudamericano, (&#8230;) perdi\u00f3 con Paraguay en pol\u00e9mico encuentro, (&#8230;) los orientales se retiraron del certamen como protesta de lo ocurrido.<\/em><\/span><\/p>\n<p style=\"text-align: justify;\"><span style=\"color: #999999;\"><em>En medio de todas las discusiones, Pe\u00f1arol y Central solicitaron autorizaci\u00f3n para jugar con Racing e Independiente que formaban parte de la liga disidente en Argentina. (&#8230;) Definitivamente, se resolvi\u00f3 que Pe\u00f1arol y Central no pod\u00edan jugar.\u00a0Los aurinegros no permanecieron conformes y citaron a la Asamblea de la Instituci\u00f3n para el 7 de noviembre de 1922. Asistieron cerca de cuatrocientos socios que decidieron (&#8230;) enfrentar a Racing de Avellaneda el 12 de noviembre de 1922.<\/em><\/span><\/p>\n<p style=\"text-align: justify;\"><span style=\"color: #999999;\"><em>Ante un planteamiento de esta importancia, la AUF resolvi\u00f3 que si jugaban con los equipos del vecino pa\u00eds, perder\u00edan la afiliaci\u00f3n. Pe\u00f1arol y Central hicieron o\u00eddos sordos y enfrentaron a sus amigos rioplatenses. (&#8230;) El 14 de noviembre se reuni\u00f3 la AUF con la presidencia de Jos\u00e9 M. Reyes Lerena y vot\u00f3 la descalificaci\u00f3n de mirasoles y central\u00f3filos.<\/em><\/span><\/p>\n<p style=\"text-align: justify;\"><span style=\"color: #999999;\"><em>(&#8230;) A todo esto el Campeonato Uruguayo no hab\u00eda finalizado. Pe\u00f1arol era el puntero con 27 y Nacional ten\u00eda 26. A partir de ese momento, el f\u00fatbol oriental qued\u00f3 dividido. Por un lado subsisti\u00f3 la Asociaci\u00f3n y por otro la Federaci\u00f3n. Cada una de ellas con sus competencias. La situaci\u00f3n se mantuvo hasta que el laudo Serrato puso fin al conflicto.<\/em><\/span><\/p>\n<\/blockquote>\n<p style=\"text-align: justify;\">Tal cual se lee en ese fragmento del libro de Etchandy, <strong>desde el 14\/11\/1922 (cuando la AUF vot\u00f3 la descalificaci\u00f3n de Pe\u00f1arol) hasta el 9\/10\/1925 (cuando <a href=\"https:\/\/www.padreydecano.com\/cms\/el-laudo-serrato\/\">el Laudo Serrato<\/a> puso fin al conflicto), el f\u00fatbol uruguayo estuvo dividido en dos instituciones: la Asociaci\u00f3n Uruguaya de F\u00fatbol (AUF) y la Federaci\u00f3n Uruguaya de F\u00fatbol (FUF).<\/strong><\/p>\n<p><img loading=\"lazy\" decoding=\"async\" class=\"aligncenter size-full wp-image-74756\" src=\"https:\/\/www.padreydecano.com\/cms\/wp-content\/uploads\/2020\/11\/separacion.png\" alt=\"\" width=\"720\" height=\"606\" srcset=\"https:\/\/www.padreydecano.com\/cms\/wp-content\/uploads\/2020\/11\/separacion.png 720w, https:\/\/www.padreydecano.com\/cms\/wp-content\/uploads\/2020\/11\/separacion-600x505.png 600w\" sizes=\"(max-width: 720px) 100vw, 720px\" \/><\/p>\n<p style=\"text-align: justify;\"><strong>El campeonato de AUF de 1922, que hasta ese momento ten\u00eda como puntero a Pe\u00f1arol, sigui\u00f3 su curso y Nacional, que hab\u00eda votado a favor de la descalificaci\u00f3n del aurinegro, se qued\u00f3 con el t\u00edtulo<\/strong>, al igual que en los campeonatos de 1923 y 1924 &#8211; ya sin el decano en la competici\u00f3n -. Pe\u00f1arol, mientras tanto, consigui\u00f3 el titulo de 1924 en la Federaci\u00f3n Uruguaya de Football, que pese a su corta existencia, lleg\u00f3 a juntar 58 equipos en sus tres divisiones.<\/p>\n<p style=\"text-align: justify;\">Finalmente en 1925, cuando la situaci\u00f3n no daba para m\u00e1s, <strong>un dirigente de Pe\u00f1arol y un dirigente de Nacional solicitaron una audiencia al Presidente de la Rep\u00fablica<\/strong>, Ing. Jos\u00e9 Serrato, reclamando que intervenga en el asunto. El jerarca pidi\u00f3 tanto a la AUF como a la FUF que su fallo fuera inapelable, lo cual fue aceptado.<\/p>\n<p style=\"text-align: justify;\">Y as\u00ed, el 9 de octubre de 1925, hizo entrega a ambas partes del llamado \u00bbLaudo Serrato\u00bb <a href=\"https:\/\/www.padreydecano.com\/cms\/el-laudo-serrato\/\">(disponible en Padre y Decano para su lectura)<\/a>, documento que decretaba el <strong><em>\u00bbcese de las autoridades de ambas instituciones\u00bb<\/em><\/strong> y <em><strong>\u00bbla constituci\u00f3n de un Consejo Provisorio, integrado por las mismas personas que hab\u00edanme asesorado\u00a0<\/strong><\/em>(NdeR: Serrato fue asesorado por un grupo de allegados de ambas instituciones)<em>.\u00a0Estim\u00e9 que para las instituciones que las hab\u00edan designado, no podr\u00eda encontrarse <strong>una garant\u00eda mejor de competencia, de ecuanimidad y de imparcialidad<\/strong>\u00bb.<\/em><\/p>\n<p><a href=\"https:\/\/www.padreydecano.com\/cms\/wp-content\/uploads\/2019\/11\/WhatsApp-Image-2019-11-11-at-1.41.52-AM.jpeg\" rel=\"shadowbox[sbpost-72339];player=img;\"><img loading=\"lazy\" decoding=\"async\" class=\"aligncenter size-full wp-image-72342\" src=\"https:\/\/www.padreydecano.com\/cms\/wp-content\/uploads\/2019\/11\/WhatsApp-Image-2019-11-11-at-1.41.52-AM.jpeg\" alt=\"\" width=\"793\" height=\"612\" srcset=\"https:\/\/www.padreydecano.com\/cms\/wp-content\/uploads\/2019\/11\/WhatsApp-Image-2019-11-11-at-1.41.52-AM.jpeg 793w, https:\/\/www.padreydecano.com\/cms\/wp-content\/uploads\/2019\/11\/WhatsApp-Image-2019-11-11-at-1.41.52-AM-600x463.jpeg 600w, https:\/\/www.padreydecano.com\/cms\/wp-content\/uploads\/2019\/11\/WhatsApp-Image-2019-11-11-at-1.41.52-AM-768x593.jpeg 768w\" sizes=\"(max-width: 793px) 100vw, 793px\" \/><\/a><\/p>\n<p style=\"text-align: justify;\">El mismo sostiene que<em> \u00bbel primer principio que lo orienta es el de la <\/em><strong>fusi\u00f3n integral<\/strong><em>, \u00fanica f\u00f3rmula capaz de hacer desaparecer por completo la posibilidad de nuevos o futuros antagonismos que hagan peligrar la uni\u00f3n que despu\u00e9s de tanto trabajo se ha logrado\u00bb<\/em>.<\/p>\n<p style=\"text-align: justify;\">Para\u00a0que no quede ning\u00fan tipo de dudas del significado de lo que planteaba en 1924 el Laudo Serrato con este concepto, dejamos constancia de la definici\u00f3n de fusi\u00f3n integral:<\/p>\n<ul>\n<li style=\"text-align: justify;\"><strong>Fusi\u00f3n:<\/strong> <em>\u00bbUni\u00f3n de dos o m\u00e1s cosas diferentes formando una sola; especialmente ideas, intereses o agrupaciones\u00bb<\/em><\/li>\n<li style=\"text-align: justify;\"><strong>Integral:<\/strong> <em>\u00bbQue comprende todos los aspectos o todas las partes necesarios para estar completo\u00bb<\/em><\/li>\n<\/ul>\n<p style=\"text-align: justify;\">En definitiva, se menciona\u00a0una <strong>uni\u00f3n ecu\u00e1nime de todos los elementos de ambas instituciones.\u00a0<\/strong>Donde los t\u00edtulos obtenidos por cada equipo no quedan afuera de la ecuaci\u00f3n.<\/p>\n<p style=\"text-align: justify;\">Los campeonatos de 1925 no se definieron, cuando el aurinegro lideraba en la FUF y el tricolor en la AUF. El 8\/11\/1925 se jug\u00f3 el llamado <strong><a href=\"https:\/\/www.padreydecano.com\/cms\/tres-copas-en-un-solo-clasico\/\">cl\u00e1sico de la reunificaci\u00f3n.<\/a> <\/strong>Desde el comienzo del cisma que los clubes no se ve\u00edan las caras dentro de la cancha, <strong><a href=\"https:\/\/www.padreydecano.com\/cms\/noticias\/la-unica-hinchada-que-gana-clasicos\/\">salvo por un curioso encuentro entre ambas parcialidades.<\/a><\/strong>\u00a0<strong>Por supuesto, los dos fueron ganados por Pe\u00f1arol.\u00a0<\/strong><\/p>\n<p style=\"text-align: justify;\">El documento decret\u00f3 tambi\u00e9n, que la Primera Divisi\u00f3n la integrar\u00edan todos aquellos clubes que en el momento del cisma integraran la primera divisi\u00f3n de AUF, y a su vez al momento del Laudo Serrato integraran la primera divisi\u00f3n de AUF o FUF. Adem\u00e1s, los equipos que integraran la primera divisi\u00f3n de ambas instituciones pero no cumplieran con el primer t\u00e9rmino, disputar\u00edan un torneo todos contra todos y las primeras ubicaciones se sumar\u00edan a la primera divisi\u00f3n, hasta llenar el cupo de 20 equipos. Este segundo conjunto de clubes, ser\u00edan los que disputar\u00edan <strong><em>\u00ablos Campeonatos de Selecci\u00f3n a que se refieren los incisos b) de los art\u00edculos sexto y s\u00e9ptimo el Consejo Provisorio\u00bb.\u00a0<\/em><\/strong><\/p>\n<p style=\"text-align: justify;\">Quiz\u00e1s debido al plural -o a la mitoman\u00eda padecida-, muchas veces los tricolores le atribuyen el t\u00e9rmino \u00abCampeonato de Selecci\u00f3n\u00bb a ambas series (A y B), pero el Laudo se refiere a la Serie B clasificatoria a Primera divisi\u00f3n y a la de Intermedia.<\/p>\n<p style=\"text-align: justify;\">Lo cierto es que los clubes de la Serie A no ten\u00edan que clasificarse a nada, ya que de acuerdo a lo establecido, ya se sab\u00eda que participar\u00edan de la temporada de 1927. Por lo tanto, lo que disputaron fue el Campeonato de Primera Divisi\u00f3n -tal como lo indica la prensa de la \u00e9poca, y\u00a0<strong><a href=\"https:\/\/www.padreydecano.com\/cms\/noticias\/los-titulos-de-1924-y-1926\/\">Pe\u00f1arol conquist\u00f3 el t\u00edtulo de campe\u00f3n uruguayo de 1926,<\/a><\/strong> reafirmando que era el equipo de mayor poder\u00edo futbol\u00edstico del pa\u00eds.<\/p>\n<div id=\"attachment_74812\" style=\"width: 1610px\" class=\"wp-caption aligncenter\"><img loading=\"lazy\" decoding=\"async\" aria-describedby=\"caption-attachment-74812\" class=\"wp-image-74812 size-full\" src=\"https:\/\/www.padreydecano.com\/cms\/wp-content\/uploads\/2020\/11\/IMG-20201113-WA0008.jpg\" alt=\"\" width=\"1600\" height=\"1200\" srcset=\"https:\/\/www.padreydecano.com\/cms\/wp-content\/uploads\/2020\/11\/IMG-20201113-WA0008.jpg 1600w, https:\/\/www.padreydecano.com\/cms\/wp-content\/uploads\/2020\/11\/IMG-20201113-WA0008-600x450.jpg 600w, https:\/\/www.padreydecano.com\/cms\/wp-content\/uploads\/2020\/11\/IMG-20201113-WA0008-768x576.jpg 768w, https:\/\/www.padreydecano.com\/cms\/wp-content\/uploads\/2020\/11\/IMG-20201113-WA0008-1024x768.jpg 1024w\" sizes=\"(max-width: 1600px) 100vw, 1600px\" \/><p id=\"caption-attachment-74812\" class=\"wp-caption-text\">Tabla de Posiciones del Campeonato de Primera Divisi\u00f3n de 1926, a una fecha del final.<\/p><\/div>\n<p style=\"text-align: justify;\">Durante el cisma, tambi\u00e9n hab\u00eda obtenido <strong><a href=\"https:\/\/www.padreydecano.com\/cms\/noticias\/los-titulos-de-1924-y-1926\/\">el Campeonato Uruguayo 1924 de la FUF.<\/a><\/strong> Como curiosidad, Nacional durante de la d\u00e9cada de 1921-1930, solo se quedar\u00eda con los t\u00edtulos en los que no compiti\u00f3 contra el Decano (1922-1923-1924).<\/p>\n<p style=\"text-align: justify;\"><strong>De esta forma, finalizaba una fuerte divisi\u00f3n dentro del f\u00fatbol uruguayo que, a pesar de que en algunas ocasiones se plantear\u00eda la posibilidad, nunca volver\u00eda a repetirse.\u00a0<\/strong><\/p>\n<div class=\"user-wrapper\"><a class=\"userlink\" href=\"https:\/\/twitter.com\/brunocurcc\" target=\"_blank\"><figure><img decoding=\"async\" src=\"http:\/\/www.padreydecano.com\/cms\/wp-users-files\/postfirmas\/brunocurcc.jpg\" \/><\/figure><p class=\"user\"><strong>Bruno Mazza<\/strong><br \/>@brunocurcc<\/p><\/a><\/div>\n","protected":false},"excerpt":{"rendered":"<p>El 12 de noviembre de 1922, Pe\u00f1arol venci\u00f3 2 a 1 a Racing Club de la vecina orilla, por la Copa Municipio de Avellaneda. Dos d\u00edas despu\u00e9s, y a causa de la realizaci\u00f3n de este cotejo, la Asamblea de la AUF desafili\u00f3 a Pe\u00f1arol y Central, dando comienzo al cisma del f\u00fatbol uruguayo. \u00bfPor qu\u00e9 [&hellip;]<\/p>\n","protected":false},"author":3,"featured_media":74784,"comment_status":"open","ping_status":"closed","sticky":false,"template":"","format":"standard","meta":{"footnotes":""},"categories":[1],"tags":[],"yoast_head":"<!-- This site is optimized with the Yoast SEO plugin v23.2 - https:\/\/yoast.com\/wordpress\/plugins\/seo\/ -->\n<title>El cisma del f\u00fatbol uruguayo - Padre y Decano - El Sitio del Pueblo<\/title>\n<meta name=\"robots\" content=\"index, follow, max-snippet:-1, max-image-preview:large, max-video-preview:-1\" \/>\n<link rel=\"canonical\" href=\"https:\/\/www.padreydecano.com\/cms\/noticias\/el-cisma-del-futbol-uruguayo\/\" \/>\n<meta property=\"og:locale\" content=\"es_ES\" \/>\n<meta property=\"og:type\" content=\"article\" \/>\n<meta property=\"og:title\" content=\"El cisma del f\u00fatbol uruguayo - Padre y Decano - El Sitio del Pueblo\" \/>\n<meta property=\"og:description\" content=\"El 12 de noviembre de 1922, Pe\u00f1arol venci\u00f3 2 a 1 a Racing Club de la vecina orilla, por la Copa Municipio de Avellaneda. Dos d\u00edas despu\u00e9s, y a causa de la realizaci\u00f3n de este cotejo, la Asamblea de la AUF desafili\u00f3 a Pe\u00f1arol y Central, dando comienzo al cisma del f\u00fatbol uruguayo. \u00bfPor qu\u00e9 [&hellip;]\" \/>\n<meta property=\"og:url\" content=\"https:\/\/www.padreydecano.com\/cms\/noticias\/el-cisma-del-futbol-uruguayo\/\" \/>\n<meta property=\"og:site_name\" content=\"Padre y Decano - El Sitio del Pueblo\" \/>\n<meta property=\"article:published_time\" content=\"2021-11-14T03:00:04+00:00\" \/>\n<meta property=\"article:modified_time\" content=\"2021-11-14T14:45:15+00:00\" \/>\n<meta property=\"og:image\" content=\"https:\/\/www.padreydecano.com\/cms\/wp-content\/uploads\/2020\/11\/WhatsApp-Image-2020-05-15-at-7.35.24-PM.jpeg\" \/>\n\t<meta property=\"og:image:width\" content=\"1200\" \/>\n\t<meta property=\"og:image:height\" content=\"674\" \/>\n\t<meta property=\"og:image:type\" content=\"image\/jpeg\" \/>\n<meta name=\"author\" content=\"1891\" \/>\n<meta name=\"twitter:card\" content=\"summary_large_image\" \/>\n<meta name=\"twitter:label1\" content=\"Escrito por\" \/>\n\t<meta name=\"twitter:data1\" content=\"1891\" \/>\n\t<meta name=\"twitter:label2\" content=\"Tiempo de lectura\" \/>\n\t<meta name=\"twitter:data2\" content=\"6 minutos\" \/>\n<script type=\"application\/ld+json\" class=\"yoast-schema-graph\">{\"@context\":\"https:\/\/schema.org\",\"@graph\":[{\"@type\":\"Article\",\"@id\":\"https:\/\/www.padreydecano.com\/cms\/noticias\/el-cisma-del-futbol-uruguayo\/#article\",\"isPartOf\":{\"@id\":\"https:\/\/www.padreydecano.com\/cms\/noticias\/el-cisma-del-futbol-uruguayo\/\"},\"author\":{\"name\":\"1891\",\"@id\":\"https:\/\/www.padreydecano.com\/cms\/#\/schema\/person\/5607c72c38a1537a151b24d1e67535e0\"},\"headline\":\"El cisma del f\u00fatbol uruguayo\",\"datePublished\":\"2021-11-14T03:00:04+00:00\",\"dateModified\":\"2021-11-14T14:45:15+00:00\",\"mainEntityOfPage\":{\"@id\":\"https:\/\/www.padreydecano.com\/cms\/noticias\/el-cisma-del-futbol-uruguayo\/\"},\"wordCount\":1302,\"commentCount\":1,\"publisher\":{\"@id\":\"https:\/\/www.padreydecano.com\/cms\/#organization\"},\"image\":{\"@id\":\"https:\/\/www.padreydecano.com\/cms\/noticias\/el-cisma-del-futbol-uruguayo\/#primaryimage\"},\"thumbnailUrl\":\"https:\/\/www.padreydecano.com\/cms\/wp-content\/uploads\/2020\/11\/WhatsApp-Image-2020-05-15-at-7.35.24-PM.jpeg\",\"articleSection\":[\"Noticias\"],\"inLanguage\":\"es\",\"potentialAction\":[{\"@type\":\"CommentAction\",\"name\":\"Comment\",\"target\":[\"https:\/\/www.padreydecano.com\/cms\/noticias\/el-cisma-del-futbol-uruguayo\/#respond\"]}]},{\"@type\":\"WebPage\",\"@id\":\"https:\/\/www.padreydecano.com\/cms\/noticias\/el-cisma-del-futbol-uruguayo\/\",\"url\":\"https:\/\/www.padreydecano.com\/cms\/noticias\/el-cisma-del-futbol-uruguayo\/\",\"name\":\"El cisma del f\u00fatbol uruguayo - Padre y Decano - El Sitio del Pueblo\",\"isPartOf\":{\"@id\":\"https:\/\/www.padreydecano.com\/cms\/#website\"},\"primaryImageOfPage\":{\"@id\":\"https:\/\/www.padreydecano.com\/cms\/noticias\/el-cisma-del-futbol-uruguayo\/#primaryimage\"},\"image\":{\"@id\":\"https:\/\/www.padreydecano.com\/cms\/noticias\/el-cisma-del-futbol-uruguayo\/#primaryimage\"},\"thumbnailUrl\":\"https:\/\/www.padreydecano.com\/cms\/wp-content\/uploads\/2020\/11\/WhatsApp-Image-2020-05-15-at-7.35.24-PM.jpeg\",\"datePublished\":\"2021-11-14T03:00:04+00:00\",\"dateModified\":\"2021-11-14T14:45:15+00:00\",\"breadcrumb\":{\"@id\":\"https:\/\/www.padreydecano.com\/cms\/noticias\/el-cisma-del-futbol-uruguayo\/#breadcrumb\"},\"inLanguage\":\"es\",\"potentialAction\":[{\"@type\":\"ReadAction\",\"target\":[\"https:\/\/www.padreydecano.com\/cms\/noticias\/el-cisma-del-futbol-uruguayo\/\"]}]},{\"@type\":\"ImageObject\",\"inLanguage\":\"es\",\"@id\":\"https:\/\/www.padreydecano.com\/cms\/noticias\/el-cisma-del-futbol-uruguayo\/#primaryimage\",\"url\":\"https:\/\/www.padreydecano.com\/cms\/wp-content\/uploads\/2020\/11\/WhatsApp-Image-2020-05-15-at-7.35.24-PM.jpeg\",\"contentUrl\":\"https:\/\/www.padreydecano.com\/cms\/wp-content\/uploads\/2020\/11\/WhatsApp-Image-2020-05-15-at-7.35.24-PM.jpeg\",\"width\":1200,\"height\":674},{\"@type\":\"BreadcrumbList\",\"@id\":\"https:\/\/www.padreydecano.com\/cms\/noticias\/el-cisma-del-futbol-uruguayo\/#breadcrumb\",\"itemListElement\":[{\"@type\":\"ListItem\",\"position\":1,\"name\":\"Portada\",\"item\":\"https:\/\/www.padreydecano.com\/cms\/\"},{\"@type\":\"ListItem\",\"position\":2,\"name\":\"El cisma del f\u00fatbol uruguayo\"}]},{\"@type\":\"WebSite\",\"@id\":\"https:\/\/www.padreydecano.com\/cms\/#website\",\"url\":\"https:\/\/www.padreydecano.com\/cms\/\",\"name\":\"Padre y Decano - El Sitio del Pueblo\",\"description\":\"Club Atl\u00e9tico Pe\u00f1arol\",\"publisher\":{\"@id\":\"https:\/\/www.padreydecano.com\/cms\/#organization\"},\"potentialAction\":[{\"@type\":\"SearchAction\",\"target\":{\"@type\":\"EntryPoint\",\"urlTemplate\":\"https:\/\/www.padreydecano.com\/cms\/?s={search_term_string}\"},\"query-input\":\"required name=search_term_string\"}],\"inLanguage\":\"es\"},{\"@type\":\"Organization\",\"@id\":\"https:\/\/www.padreydecano.com\/cms\/#organization\",\"name\":\"Padre y Decano\",\"url\":\"https:\/\/www.padreydecano.com\/cms\/\",\"logo\":{\"@type\":\"ImageObject\",\"inLanguage\":\"es\",\"@id\":\"https:\/\/www.padreydecano.com\/cms\/#\/schema\/logo\/image\/\",\"url\":\"https:\/\/www.padreydecano.com\/cms\/wp-content\/uploads\/2022\/01\/avatar-square.png\",\"contentUrl\":\"https:\/\/www.padreydecano.com\/cms\/wp-content\/uploads\/2022\/01\/avatar-square.png\",\"width\":1500,\"height\":1500,\"caption\":\"Padre y Decano\"},\"image\":{\"@id\":\"https:\/\/www.padreydecano.com\/cms\/#\/schema\/logo\/image\/\"}},{\"@type\":\"Person\",\"@id\":\"https:\/\/www.padreydecano.com\/cms\/#\/schema\/person\/5607c72c38a1537a151b24d1e67535e0\",\"name\":\"1891\",\"image\":{\"@type\":\"ImageObject\",\"inLanguage\":\"es\",\"@id\":\"https:\/\/www.padreydecano.com\/cms\/#\/schema\/person\/image\/\",\"url\":\"https:\/\/secure.gravatar.com\/avatar\/29d4d1b0d523a21898e8cf9585d259d3?s=96&d=https%3A%2F%2Fpadreydecano.com%2Fcms%2Fwp-content%2Fthemes%2Fpyd-theme%2Fimg%2Fdefault-avatar.png&r=g\",\"contentUrl\":\"https:\/\/secure.gravatar.com\/avatar\/29d4d1b0d523a21898e8cf9585d259d3?s=96&d=https%3A%2F%2Fpadreydecano.com%2Fcms%2Fwp-content%2Fthemes%2Fpyd-theme%2Fimg%2Fdefault-avatar.png&r=g\",\"caption\":\"1891\"}}]}<\/script>\n<!-- \/ Yoast SEO plugin. -->","yoast_head_json":{"title":"El cisma del f\u00fatbol uruguayo - Padre y Decano - El Sitio del Pueblo","robots":{"index":"index","follow":"follow","max-snippet":"max-snippet:-1","max-image-preview":"max-image-preview:large","max-video-preview":"max-video-preview:-1"},"canonical":"https:\/\/www.padreydecano.com\/cms\/noticias\/el-cisma-del-futbol-uruguayo\/","og_locale":"es_ES","og_type":"article","og_title":"El cisma del f\u00fatbol uruguayo - Padre y Decano - El Sitio del Pueblo","og_description":"El 12 de noviembre de 1922, Pe\u00f1arol venci\u00f3 2 a 1 a Racing Club de la vecina orilla, por la Copa Municipio de Avellaneda. Dos d\u00edas despu\u00e9s, y a causa de la realizaci\u00f3n de este cotejo, la Asamblea de la AUF desafili\u00f3 a Pe\u00f1arol y Central, dando comienzo al cisma del f\u00fatbol uruguayo. \u00bfPor qu\u00e9 [&hellip;]","og_url":"https:\/\/www.padreydecano.com\/cms\/noticias\/el-cisma-del-futbol-uruguayo\/","og_site_name":"Padre y Decano - El Sitio del Pueblo","article_published_time":"2021-11-14T03:00:04+00:00","article_modified_time":"2021-11-14T14:45:15+00:00","og_image":[{"width":1200,"height":674,"url":"https:\/\/www.padreydecano.com\/cms\/wp-content\/uploads\/2020\/11\/WhatsApp-Image-2020-05-15-at-7.35.24-PM.jpeg","type":"image\/jpeg"}],"author":"1891","twitter_card":"summary_large_image","twitter_misc":{"Escrito por":"1891","Tiempo de lectura":"6 minutos"},"schema":{"@context":"https:\/\/schema.org","@graph":[{"@type":"Article","@id":"https:\/\/www.padreydecano.com\/cms\/noticias\/el-cisma-del-futbol-uruguayo\/#article","isPartOf":{"@id":"https:\/\/www.padreydecano.com\/cms\/noticias\/el-cisma-del-futbol-uruguayo\/"},"author":{"name":"1891","@id":"https:\/\/www.padreydecano.com\/cms\/#\/schema\/person\/5607c72c38a1537a151b24d1e67535e0"},"headline":"El cisma del f\u00fatbol uruguayo","datePublished":"2021-11-14T03:00:04+00:00","dateModified":"2021-11-14T14:45:15+00:00","mainEntityOfPage":{"@id":"https:\/\/www.padreydecano.com\/cms\/noticias\/el-cisma-del-futbol-uruguayo\/"},"wordCount":1302,"commentCount":1,"publisher":{"@id":"https:\/\/www.padreydecano.com\/cms\/#organization"},"image":{"@id":"https:\/\/www.padreydecano.com\/cms\/noticias\/el-cisma-del-futbol-uruguayo\/#primaryimage"},"thumbnailUrl":"https:\/\/www.padreydecano.com\/cms\/wp-content\/uploads\/2020\/11\/WhatsApp-Image-2020-05-15-at-7.35.24-PM.jpeg","articleSection":["Noticias"],"inLanguage":"es","potentialAction":[{"@type":"CommentAction","name":"Comment","target":["https:\/\/www.padreydecano.com\/cms\/noticias\/el-cisma-del-futbol-uruguayo\/#respond"]}]},{"@type":"WebPage","@id":"https:\/\/www.padreydecano.com\/cms\/noticias\/el-cisma-del-futbol-uruguayo\/","url":"https:\/\/www.padreydecano.com\/cms\/noticias\/el-cisma-del-futbol-uruguayo\/","name":"El cisma del f\u00fatbol uruguayo - Padre y Decano - El Sitio del Pueblo","isPartOf":{"@id":"https:\/\/www.padreydecano.com\/cms\/#website"},"primaryImageOfPage":{"@id":"https:\/\/www.padreydecano.com\/cms\/noticias\/el-cisma-del-futbol-uruguayo\/#primaryimage"},"image":{"@id":"https:\/\/www.padreydecano.com\/cms\/noticias\/el-cisma-del-futbol-uruguayo\/#primaryimage"},"thumbnailUrl":"https:\/\/www.padreydecano.com\/cms\/wp-content\/uploads\/2020\/11\/WhatsApp-Image-2020-05-15-at-7.35.24-PM.jpeg","datePublished":"2021-11-14T03:00:04+00:00","dateModified":"2021-11-14T14:45:15+00:00","breadcrumb":{"@id":"https:\/\/www.padreydecano.com\/cms\/noticias\/el-cisma-del-futbol-uruguayo\/#breadcrumb"},"inLanguage":"es","potentialAction":[{"@type":"ReadAction","target":["https:\/\/www.padreydecano.com\/cms\/noticias\/el-cisma-del-futbol-uruguayo\/"]}]},{"@type":"ImageObject","inLanguage":"es","@id":"https:\/\/www.padreydecano.com\/cms\/noticias\/el-cisma-del-futbol-uruguayo\/#primaryimage","url":"https:\/\/www.padreydecano.com\/cms\/wp-content\/uploads\/2020\/11\/WhatsApp-Image-2020-05-15-at-7.35.24-PM.jpeg","contentUrl":"https:\/\/www.padreydecano.com\/cms\/wp-content\/uploads\/2020\/11\/WhatsApp-Image-2020-05-15-at-7.35.24-PM.jpeg","width":1200,"height":674},{"@type":"BreadcrumbList","@id":"https:\/\/www.padreydecano.com\/cms\/noticias\/el-cisma-del-futbol-uruguayo\/#breadcrumb","itemListElement":[{"@type":"ListItem","position":1,"name":"Portada","item":"https:\/\/www.padreydecano.com\/cms\/"},{"@type":"ListItem","position":2,"name":"El cisma del f\u00fatbol uruguayo"}]},{"@type":"WebSite","@id":"https:\/\/www.padreydecano.com\/cms\/#website","url":"https:\/\/www.padreydecano.com\/cms\/","name":"Padre y Decano - El Sitio del Pueblo","description":"Club Atl\u00e9tico Pe\u00f1arol","publisher":{"@id":"https:\/\/www.padreydecano.com\/cms\/#organization"},"potentialAction":[{"@type":"SearchAction","target":{"@type":"EntryPoint","urlTemplate":"https:\/\/www.padreydecano.com\/cms\/?s={search_term_string}"},"query-input":"required name=search_term_string"}],"inLanguage":"es"},{"@type":"Organization","@id":"https:\/\/www.padreydecano.com\/cms\/#organization","name":"Padre y Decano","url":"https:\/\/www.padreydecano.com\/cms\/","logo":{"@type":"ImageObject","inLanguage":"es","@id":"https:\/\/www.padreydecano.com\/cms\/#\/schema\/logo\/image\/","url":"https:\/\/www.padreydecano.com\/cms\/wp-content\/uploads\/2022\/01\/avatar-square.png","contentUrl":"https:\/\/www.padreydecano.com\/cms\/wp-content\/uploads\/2022\/01\/avatar-square.png","width":1500,"height":1500,"caption":"Padre y Decano"},"image":{"@id":"https:\/\/www.padreydecano.com\/cms\/#\/schema\/logo\/image\/"}},{"@type":"Person","@id":"https:\/\/www.padreydecano.com\/cms\/#\/schema\/person\/5607c72c38a1537a151b24d1e67535e0","name":"1891","image":{"@type":"ImageObject","inLanguage":"es","@id":"https:\/\/www.padreydecano.com\/cms\/#\/schema\/person\/image\/","url":"https:\/\/secure.gravatar.com\/avatar\/29d4d1b0d523a21898e8cf9585d259d3?s=96&d=https%3A%2F%2Fpadreydecano.com%2Fcms%2Fwp-content%2Fthemes%2Fpyd-theme%2Fimg%2Fdefault-avatar.png&r=g","contentUrl":"https:\/\/secure.gravatar.com\/avatar\/29d4d1b0d523a21898e8cf9585d259d3?s=96&d=https%3A%2F%2Fpadreydecano.com%2Fcms%2Fwp-content%2Fthemes%2Fpyd-theme%2Fimg%2Fdefault-avatar.png&r=g","caption":"1891"}}]}},"_links":{"self":[{"href":"https:\/\/www.padreydecano.com\/cms\/wp-json\/wp\/v2\/posts\/72339"}],"collection":[{"href":"https:\/\/www.padreydecano.com\/cms\/wp-json\/wp\/v2\/posts"}],"about":[{"href":"https:\/\/www.padreydecano.com\/cms\/wp-json\/wp\/v2\/types\/post"}],"author":[{"embeddable":true,"href":"https:\/\/www.padreydecano.com\/cms\/wp-json\/wp\/v2\/users\/3"}],"replies":[{"embeddable":true,"href":"https:\/\/www.padreydecano.com\/cms\/wp-json\/wp\/v2\/comments?post=72339"}],"version-history":[{"count":0,"href":"https:\/\/www.padreydecano.com\/cms\/wp-json\/wp\/v2\/posts\/72339\/revisions"}],"wp:featuredmedia":[{"embeddable":true,"href":"https:\/\/www.padreydecano.com\/cms\/wp-json\/wp\/v2\/media\/74784"}],"wp:attachment":[{"href":"https:\/\/www.padreydecano.com\/cms\/wp-json\/wp\/v2\/media?parent=72339"}],"wp:term":[{"taxonomy":"category","embeddable":true,"href":"https:\/\/www.padreydecano.com\/cms\/wp-json\/wp\/v2\/categories?post=72339"},{"taxonomy":"post_tag","embeddable":true,"href":"https:\/\/www.padreydecano.com\/cms\/wp-json\/wp\/v2\/tags?post=72339"}],"curies":[{"name":"wp","href":"https:\/\/api.w.org\/{rel}","templated":true}]}}