{"id":72262,"date":"2019-11-07T18:15:03","date_gmt":"2019-11-07T21:15:03","guid":{"rendered":"http:\/\/www.padreydecano.com\/cms\/?p=72262"},"modified":"2019-11-07T19:47:51","modified_gmt":"2019-11-07T22:47:51","slug":"penarol-espera-a-river","status":"publish","type":"post","link":"https:\/\/www.padreydecano.com\/cms\/noticias\/penarol-espera-a-river\/","title":{"rendered":"Pe\u00f1arol espera a River"},"content":{"rendered":"<p style=\"text-align: justify;\"><img loading=\"lazy\" decoding=\"async\" class=\"aligncenter size-full wp-image-63539\" src=\"https:\/\/www.padreydecano.com\/cms\/wp-content\/uploads\/2017\/06\/entrenamiento-los-aromos-junio.jpg\" alt=\"\" width=\"1280\" height=\"960\" srcset=\"https:\/\/www.padreydecano.com\/cms\/wp-content\/uploads\/2017\/06\/entrenamiento-los-aromos-junio.jpg 1280w, https:\/\/www.padreydecano.com\/cms\/wp-content\/uploads\/2017\/06\/entrenamiento-los-aromos-junio-600x450.jpg 600w, https:\/\/www.padreydecano.com\/cms\/wp-content\/uploads\/2017\/06\/entrenamiento-los-aromos-junio-768x576.jpg 768w, https:\/\/www.padreydecano.com\/cms\/wp-content\/uploads\/2017\/06\/entrenamiento-los-aromos-junio-1024x768.jpg 1024w\" sizes=\"(max-width: 1280px) 100vw, 1280px\" \/><\/p>\n<p style=\"text-align: justify;\"><strong>Pe\u00f1arol entren\u00f3 en Los Aromos luego del triunfo ante Cerro por 3 a 1, en el Estadio Luis Troccoli. Jes\u00fas Trindade y Lucas Viatri son los \u00fanicos futbolistas en sanidad, pero se evaluar\u00e1 la situaci\u00f3n de Walter Gargano ya que tiene cuatro tarjetas amarillas y el cl\u00e1sico se acerca.<\/strong><\/p>\n<p style=\"text-align: justify;\">En el Complejo Washington Cataldi se respira un aire de tranquilidad producto de los resultados y los rendimientos. Sabiendo que todav\u00eda falta mucho para lograr festejar, los cuatro triunfos consecutivos, los goles de Xisco Jim\u00e9nez y el rendimiento de varios jugadores, hacen que se trabaje diferente.<\/p>\n<p style=\"text-align: justify;\">El cuerpo t\u00e9cnico evaluar\u00e1 la situaci\u00f3n de Walter Gargano, Guzm\u00e1n Pereira e Ignacio Lores. Los tres futbolistas tienen cuatro tarjetas amarillas y, de recibir la quinta, se perder\u00e1n el cl\u00e1sico del 17 de noviembre. El caso del \u00abMota\u00bb es el m\u00e1s preocupante, ya que es titular indiscutido en el once de L\u00f3pez.<\/p>\n<p style=\"text-align: justify;\">Jes\u00fas Trindade sali\u00f3 sentido del juego ante los villeros por una contractura en aductores y trabaj\u00f3 diferenciado. Se espera que est\u00e9 a la orden para enfrentar el s\u00e1bado a River Plate.<\/p>\n<p style=\"text-align: justify;\">Por otra parte y pensando en el cl\u00e1sico, se estima que Cristian Rodr\u00edguez estar\u00e1 en el equipo titular, adem\u00e1s se espera que Lucas Viatri est\u00e9 a la orden en el encuentro ante los albos. Al d\u00eda del partido con Nacional, habr\u00e1 llegado a 24 d\u00edas desde que sufri\u00f3 el desgarro en cu\u00e1driceps.<\/p>\n<p style=\"text-align: justify;\"><div class=\"user-wrapper\"><a class=\"userlink\" href=\"https:\/\/twitter.com\/wilsonmendez86\" target=\"_blank\"><figure><img decoding=\"async\" src=\"http:\/\/www.padreydecano.com\/cms\/wp-users-files\/postfirmas\/wilsonmendez86.jpg\" \/><\/figure><p class=\"user\"><strong>Wilson M&eacute;ndez<\/strong><br \/>@wilsonmendez86<\/p><\/a><\/div><\/p>\n","protected":false},"excerpt":{"rendered":"<p>Pe\u00f1arol entren\u00f3 en Los Aromos luego del triunfo ante Cerro por 3 a 1, en el Estadio Luis Troccoli. Jes\u00fas Trindade y Lucas Viatri son los \u00fanicos futbolistas en sanidad, pero se evaluar\u00e1 la situaci\u00f3n de Walter Gargano ya que tiene cuatro tarjetas amarillas y el cl\u00e1sico se acerca. En el Complejo Washington Cataldi se [&hellip;]<\/p>\n","protected":false},"author":31,"featured_media":72265,"comment_status":"open","ping_status":"closed","sticky":false,"template":"","format":"standard","meta":{"footnotes":""},"categories":[7,1],"tags":[457],"yoast_head":"<!-- This site is optimized with the Yoast SEO plugin v23.2 - https:\/\/yoast.com\/wordpress\/plugins\/seo\/ -->\n<title>Pe\u00f1arol espera a River - Padre y Decano - El Sitio del Pueblo<\/title>\n<meta name=\"robots\" content=\"index, follow, max-snippet:-1, max-image-preview:large, max-video-preview:-1\" \/>\n<link rel=\"canonical\" href=\"https:\/\/www.padreydecano.com\/cms\/noticias\/penarol-espera-a-river\/\" \/>\n<meta property=\"og:locale\" content=\"es_ES\" \/>\n<meta property=\"og:type\" content=\"article\" \/>\n<meta property=\"og:title\" content=\"Pe\u00f1arol espera a River - Padre y Decano - El Sitio del Pueblo\" \/>\n<meta property=\"og:description\" content=\"Pe\u00f1arol entren\u00f3 en Los Aromos luego del triunfo ante Cerro por 3 a 1, en el Estadio Luis Troccoli. Jes\u00fas Trindade y Lucas Viatri son los \u00fanicos futbolistas en sanidad, pero se evaluar\u00e1 la situaci\u00f3n de Walter Gargano ya que tiene cuatro tarjetas amarillas y el cl\u00e1sico se acerca. En el Complejo Washington Cataldi se [&hellip;]\" \/>\n<meta property=\"og:url\" content=\"https:\/\/www.padreydecano.com\/cms\/noticias\/penarol-espera-a-river\/\" \/>\n<meta property=\"og:site_name\" content=\"Padre y Decano - El Sitio del Pueblo\" \/>\n<meta property=\"article:published_time\" content=\"2019-11-07T21:15:03+00:00\" \/>\n<meta property=\"article:modified_time\" content=\"2019-11-07T22:47:51+00:00\" \/>\n<meta property=\"og:image\" content=\"https:\/\/www.padreydecano.com\/cms\/wp-content\/uploads\/2019\/11\/CHR0594.jpg\" \/>\n\t<meta property=\"og:image:width\" content=\"1000\" \/>\n\t<meta property=\"og:image:height\" content=\"662\" \/>\n\t<meta property=\"og:image:type\" content=\"image\/jpeg\" \/>\n<meta name=\"author\" content=\"Macarena Aguerre\" \/>\n<meta name=\"twitter:card\" content=\"summary_large_image\" \/>\n<meta name=\"twitter:label1\" content=\"Escrito por\" \/>\n\t<meta name=\"twitter:data1\" content=\"Macarena Aguerre\" \/>\n\t<meta name=\"twitter:label2\" content=\"Tiempo de lectura\" \/>\n\t<meta name=\"twitter:data2\" content=\"1 minuto\" \/>\n<script type=\"application\/ld+json\" class=\"yoast-schema-graph\">{\"@context\":\"https:\/\/schema.org\",\"@graph\":[{\"@type\":\"Article\",\"@id\":\"https:\/\/www.padreydecano.com\/cms\/noticias\/penarol-espera-a-river\/#article\",\"isPartOf\":{\"@id\":\"https:\/\/www.padreydecano.com\/cms\/noticias\/penarol-espera-a-river\/\"},\"author\":{\"name\":\"Macarena Aguerre\",\"@id\":\"https:\/\/www.padreydecano.com\/cms\/#\/schema\/person\/dda6ac238f4f69692a6b47040d9099c1\"},\"headline\":\"Pe\u00f1arol espera a River\",\"datePublished\":\"2019-11-07T21:15:03+00:00\",\"dateModified\":\"2019-11-07T22:47:51+00:00\",\"mainEntityOfPage\":{\"@id\":\"https:\/\/www.padreydecano.com\/cms\/noticias\/penarol-espera-a-river\/\"},\"wordCount\":253,\"commentCount\":4,\"publisher\":{\"@id\":\"https:\/\/www.padreydecano.com\/cms\/#organization\"},\"image\":{\"@id\":\"https:\/\/www.padreydecano.com\/cms\/noticias\/penarol-espera-a-river\/#primaryimage\"},\"thumbnailUrl\":\"https:\/\/www.padreydecano.com\/cms\/wp-content\/uploads\/2019\/11\/CHR0594.jpg\",\"keywords\":[\"Torneo Clausura 2019\"],\"articleSection\":[\"Los Aromos\",\"Noticias\"],\"inLanguage\":\"es\",\"potentialAction\":[{\"@type\":\"CommentAction\",\"name\":\"Comment\",\"target\":[\"https:\/\/www.padreydecano.com\/cms\/noticias\/penarol-espera-a-river\/#respond\"]}]},{\"@type\":\"WebPage\",\"@id\":\"https:\/\/www.padreydecano.com\/cms\/noticias\/penarol-espera-a-river\/\",\"url\":\"https:\/\/www.padreydecano.com\/cms\/noticias\/penarol-espera-a-river\/\",\"name\":\"Pe\u00f1arol espera a River - Padre y Decano - El Sitio del Pueblo\",\"isPartOf\":{\"@id\":\"https:\/\/www.padreydecano.com\/cms\/#website\"},\"primaryImageOfPage\":{\"@id\":\"https:\/\/www.padreydecano.com\/cms\/noticias\/penarol-espera-a-river\/#primaryimage\"},\"image\":{\"@id\":\"https:\/\/www.padreydecano.com\/cms\/noticias\/penarol-espera-a-river\/#primaryimage\"},\"thumbnailUrl\":\"https:\/\/www.padreydecano.com\/cms\/wp-content\/uploads\/2019\/11\/CHR0594.jpg\",\"datePublished\":\"2019-11-07T21:15:03+00:00\",\"dateModified\":\"2019-11-07T22:47:51+00:00\",\"breadcrumb\":{\"@id\":\"https:\/\/www.padreydecano.com\/cms\/noticias\/penarol-espera-a-river\/#breadcrumb\"},\"inLanguage\":\"es\",\"potentialAction\":[{\"@type\":\"ReadAction\",\"target\":[\"https:\/\/www.padreydecano.com\/cms\/noticias\/penarol-espera-a-river\/\"]}]},{\"@type\":\"ImageObject\",\"inLanguage\":\"es\",\"@id\":\"https:\/\/www.padreydecano.com\/cms\/noticias\/penarol-espera-a-river\/#primaryimage\",\"url\":\"https:\/\/www.padreydecano.com\/cms\/wp-content\/uploads\/2019\/11\/CHR0594.jpg\",\"contentUrl\":\"https:\/\/www.padreydecano.com\/cms\/wp-content\/uploads\/2019\/11\/CHR0594.jpg\",\"width\":1000,\"height\":662},{\"@type\":\"BreadcrumbList\",\"@id\":\"https:\/\/www.padreydecano.com\/cms\/noticias\/penarol-espera-a-river\/#breadcrumb\",\"itemListElement\":[{\"@type\":\"ListItem\",\"position\":1,\"name\":\"Portada\",\"item\":\"https:\/\/www.padreydecano.com\/cms\/\"},{\"@type\":\"ListItem\",\"position\":2,\"name\":\"Pe\u00f1arol espera a River\"}]},{\"@type\":\"WebSite\",\"@id\":\"https:\/\/www.padreydecano.com\/cms\/#website\",\"url\":\"https:\/\/www.padreydecano.com\/cms\/\",\"name\":\"Padre y Decano - El Sitio del Pueblo\",\"description\":\"Club Atl\u00e9tico Pe\u00f1arol\",\"publisher\":{\"@id\":\"https:\/\/www.padreydecano.com\/cms\/#organization\"},\"potentialAction\":[{\"@type\":\"SearchAction\",\"target\":{\"@type\":\"EntryPoint\",\"urlTemplate\":\"https:\/\/www.padreydecano.com\/cms\/?s={search_term_string}\"},\"query-input\":\"required name=search_term_string\"}],\"inLanguage\":\"es\"},{\"@type\":\"Organization\",\"@id\":\"https:\/\/www.padreydecano.com\/cms\/#organization\",\"name\":\"Padre y Decano\",\"url\":\"https:\/\/www.padreydecano.com\/cms\/\",\"logo\":{\"@type\":\"ImageObject\",\"inLanguage\":\"es\",\"@id\":\"https:\/\/www.padreydecano.com\/cms\/#\/schema\/logo\/image\/\",\"url\":\"https:\/\/www.padreydecano.com\/cms\/wp-content\/uploads\/2022\/01\/avatar-square.png\",\"contentUrl\":\"https:\/\/www.padreydecano.com\/cms\/wp-content\/uploads\/2022\/01\/avatar-square.png\",\"width\":1500,\"height\":1500,\"caption\":\"Padre y Decano\"},\"image\":{\"@id\":\"https:\/\/www.padreydecano.com\/cms\/#\/schema\/logo\/image\/\"}},{\"@type\":\"Person\",\"@id\":\"https:\/\/www.padreydecano.com\/cms\/#\/schema\/person\/dda6ac238f4f69692a6b47040d9099c1\",\"name\":\"Macarena Aguerre\",\"image\":{\"@type\":\"ImageObject\",\"inLanguage\":\"es\",\"@id\":\"https:\/\/www.padreydecano.com\/cms\/#\/schema\/person\/image\/\",\"url\":\"https:\/\/secure.gravatar.com\/avatar\/8cd2b3a906b420f88eeaac4dae3ba69b?s=96&d=https%3A%2F%2Fpadreydecano.com%2Fcms%2Fwp-content%2Fthemes%2Fpyd-theme%2Fimg%2Fdefault-avatar.png&r=g\",\"contentUrl\":\"https:\/\/secure.gravatar.com\/avatar\/8cd2b3a906b420f88eeaac4dae3ba69b?s=96&d=https%3A%2F%2Fpadreydecano.com%2Fcms%2Fwp-content%2Fthemes%2Fpyd-theme%2Fimg%2Fdefault-avatar.png&r=g\",\"caption\":\"Macarena Aguerre\"}}]}<\/script>\n<!-- \/ Yoast SEO plugin. -->","yoast_head_json":{"title":"Pe\u00f1arol espera a River - Padre y Decano - El Sitio del Pueblo","robots":{"index":"index","follow":"follow","max-snippet":"max-snippet:-1","max-image-preview":"max-image-preview:large","max-video-preview":"max-video-preview:-1"},"canonical":"https:\/\/www.padreydecano.com\/cms\/noticias\/penarol-espera-a-river\/","og_locale":"es_ES","og_type":"article","og_title":"Pe\u00f1arol espera a River - Padre y Decano - El Sitio del Pueblo","og_description":"Pe\u00f1arol entren\u00f3 en Los Aromos luego del triunfo ante Cerro por 3 a 1, en el Estadio Luis Troccoli. Jes\u00fas Trindade y Lucas Viatri son los \u00fanicos futbolistas en sanidad, pero se evaluar\u00e1 la situaci\u00f3n de Walter Gargano ya que tiene cuatro tarjetas amarillas y el cl\u00e1sico se acerca. En el Complejo Washington Cataldi se [&hellip;]","og_url":"https:\/\/www.padreydecano.com\/cms\/noticias\/penarol-espera-a-river\/","og_site_name":"Padre y Decano - El Sitio del Pueblo","article_published_time":"2019-11-07T21:15:03+00:00","article_modified_time":"2019-11-07T22:47:51+00:00","og_image":[{"width":1000,"height":662,"url":"https:\/\/www.padreydecano.com\/cms\/wp-content\/uploads\/2019\/11\/CHR0594.jpg","type":"image\/jpeg"}],"author":"Macarena Aguerre","twitter_card":"summary_large_image","twitter_misc":{"Escrito por":"Macarena Aguerre","Tiempo de lectura":"1 minuto"},"schema":{"@context":"https:\/\/schema.org","@graph":[{"@type":"Article","@id":"https:\/\/www.padreydecano.com\/cms\/noticias\/penarol-espera-a-river\/#article","isPartOf":{"@id":"https:\/\/www.padreydecano.com\/cms\/noticias\/penarol-espera-a-river\/"},"author":{"name":"Macarena Aguerre","@id":"https:\/\/www.padreydecano.com\/cms\/#\/schema\/person\/dda6ac238f4f69692a6b47040d9099c1"},"headline":"Pe\u00f1arol espera a River","datePublished":"2019-11-07T21:15:03+00:00","dateModified":"2019-11-07T22:47:51+00:00","mainEntityOfPage":{"@id":"https:\/\/www.padreydecano.com\/cms\/noticias\/penarol-espera-a-river\/"},"wordCount":253,"commentCount":4,"publisher":{"@id":"https:\/\/www.padreydecano.com\/cms\/#organization"},"image":{"@id":"https:\/\/www.padreydecano.com\/cms\/noticias\/penarol-espera-a-river\/#primaryimage"},"thumbnailUrl":"https:\/\/www.padreydecano.com\/cms\/wp-content\/uploads\/2019\/11\/CHR0594.jpg","keywords":["Torneo Clausura 2019"],"articleSection":["Los Aromos","Noticias"],"inLanguage":"es","potentialAction":[{"@type":"CommentAction","name":"Comment","target":["https:\/\/www.padreydecano.com\/cms\/noticias\/penarol-espera-a-river\/#respond"]}]},{"@type":"WebPage","@id":"https:\/\/www.padreydecano.com\/cms\/noticias\/penarol-espera-a-river\/","url":"https:\/\/www.padreydecano.com\/cms\/noticias\/penarol-espera-a-river\/","name":"Pe\u00f1arol espera a River - Padre y Decano - El Sitio del Pueblo","isPartOf":{"@id":"https:\/\/www.padreydecano.com\/cms\/#website"},"primaryImageOfPage":{"@id":"https:\/\/www.padreydecano.com\/cms\/noticias\/penarol-espera-a-river\/#primaryimage"},"image":{"@id":"https:\/\/www.padreydecano.com\/cms\/noticias\/penarol-espera-a-river\/#primaryimage"},"thumbnailUrl":"https:\/\/www.padreydecano.com\/cms\/wp-content\/uploads\/2019\/11\/CHR0594.jpg","datePublished":"2019-11-07T21:15:03+00:00","dateModified":"2019-11-07T22:47:51+00:00","breadcrumb":{"@id":"https:\/\/www.padreydecano.com\/cms\/noticias\/penarol-espera-a-river\/#breadcrumb"},"inLanguage":"es","potentialAction":[{"@type":"ReadAction","target":["https:\/\/www.padreydecano.com\/cms\/noticias\/penarol-espera-a-river\/"]}]},{"@type":"ImageObject","inLanguage":"es","@id":"https:\/\/www.padreydecano.com\/cms\/noticias\/penarol-espera-a-river\/#primaryimage","url":"https:\/\/www.padreydecano.com\/cms\/wp-content\/uploads\/2019\/11\/CHR0594.jpg","contentUrl":"https:\/\/www.padreydecano.com\/cms\/wp-content\/uploads\/2019\/11\/CHR0594.jpg","width":1000,"height":662},{"@type":"BreadcrumbList","@id":"https:\/\/www.padreydecano.com\/cms\/noticias\/penarol-espera-a-river\/#breadcrumb","itemListElement":[{"@type":"ListItem","position":1,"name":"Portada","item":"https:\/\/www.padreydecano.com\/cms\/"},{"@type":"ListItem","position":2,"name":"Pe\u00f1arol espera a River"}]},{"@type":"WebSite","@id":"https:\/\/www.padreydecano.com\/cms\/#website","url":"https:\/\/www.padreydecano.com\/cms\/","name":"Padre y Decano - El Sitio del Pueblo","description":"Club Atl\u00e9tico Pe\u00f1arol","publisher":{"@id":"https:\/\/www.padreydecano.com\/cms\/#organization"},"potentialAction":[{"@type":"SearchAction","target":{"@type":"EntryPoint","urlTemplate":"https:\/\/www.padreydecano.com\/cms\/?s={search_term_string}"},"query-input":"required name=search_term_string"}],"inLanguage":"es"},{"@type":"Organization","@id":"https:\/\/www.padreydecano.com\/cms\/#organization","name":"Padre y Decano","url":"https:\/\/www.padreydecano.com\/cms\/","logo":{"@type":"ImageObject","inLanguage":"es","@id":"https:\/\/www.padreydecano.com\/cms\/#\/schema\/logo\/image\/","url":"https:\/\/www.padreydecano.com\/cms\/wp-content\/uploads\/2022\/01\/avatar-square.png","contentUrl":"https:\/\/www.padreydecano.com\/cms\/wp-content\/uploads\/2022\/01\/avatar-square.png","width":1500,"height":1500,"caption":"Padre y Decano"},"image":{"@id":"https:\/\/www.padreydecano.com\/cms\/#\/schema\/logo\/image\/"}},{"@type":"Person","@id":"https:\/\/www.padreydecano.com\/cms\/#\/schema\/person\/dda6ac238f4f69692a6b47040d9099c1","name":"Macarena Aguerre","image":{"@type":"ImageObject","inLanguage":"es","@id":"https:\/\/www.padreydecano.com\/cms\/#\/schema\/person\/image\/","url":"https:\/\/secure.gravatar.com\/avatar\/8cd2b3a906b420f88eeaac4dae3ba69b?s=96&d=https%3A%2F%2Fpadreydecano.com%2Fcms%2Fwp-content%2Fthemes%2Fpyd-theme%2Fimg%2Fdefault-avatar.png&r=g","contentUrl":"https:\/\/secure.gravatar.com\/avatar\/8cd2b3a906b420f88eeaac4dae3ba69b?s=96&d=https%3A%2F%2Fpadreydecano.com%2Fcms%2Fwp-content%2Fthemes%2Fpyd-theme%2Fimg%2Fdefault-avatar.png&r=g","caption":"Macarena Aguerre"}}]}},"_links":{"self":[{"href":"https:\/\/www.padreydecano.com\/cms\/wp-json\/wp\/v2\/posts\/72262"}],"collection":[{"href":"https:\/\/www.padreydecano.com\/cms\/wp-json\/wp\/v2\/posts"}],"about":[{"href":"https:\/\/www.padreydecano.com\/cms\/wp-json\/wp\/v2\/types\/post"}],"author":[{"embeddable":true,"href":"https:\/\/www.padreydecano.com\/cms\/wp-json\/wp\/v2\/users\/31"}],"replies":[{"embeddable":true,"href":"https:\/\/www.padreydecano.com\/cms\/wp-json\/wp\/v2\/comments?post=72262"}],"version-history":[{"count":0,"href":"https:\/\/www.padreydecano.com\/cms\/wp-json\/wp\/v2\/posts\/72262\/revisions"}],"wp:featuredmedia":[{"embeddable":true,"href":"https:\/\/www.padreydecano.com\/cms\/wp-json\/wp\/v2\/media\/72265"}],"wp:attachment":[{"href":"https:\/\/www.padreydecano.com\/cms\/wp-json\/wp\/v2\/media?parent=72262"}],"wp:term":[{"taxonomy":"category","embeddable":true,"href":"https:\/\/www.padreydecano.com\/cms\/wp-json\/wp\/v2\/categories?post=72262"},{"taxonomy":"post_tag","embeddable":true,"href":"https:\/\/www.padreydecano.com\/cms\/wp-json\/wp\/v2\/tags?post=72262"}],"curies":[{"name":"wp","href":"https:\/\/api.w.org\/{rel}","templated":true}]}}