{"id":72149,"date":"2020-11-03T00:00:11","date_gmt":"2020-11-03T03:00:11","guid":{"rendered":"http:\/\/www.padreydecano.com\/cms\/?p=72149"},"modified":"2020-10-29T22:04:40","modified_gmt":"2020-10-30T01:04:40","slug":"recordamos-a-alberto-spencer-a-14-anos-de-su-muerte","status":"publish","type":"post","link":"https:\/\/www.padreydecano.com\/cms\/editoriales\/recordamos-a-alberto-spencer-a-14-anos-de-su-muerte\/","title":{"rendered":"Recordamos a Alberto Spencer, a 14 a\u00f1os de su muerte"},"content":{"rendered":"<p>Alberto Spencer Herrera fue uno de los jugadores m\u00e1s importantes de la historia de nuestro club. Goleador letal y apodado como\u00a0<a title=\"\u201cCabeza M\u00e1gica\u201d: la vida de Alberto Spencer\" href=\"https:\/\/www.padreydecano.com\/cms\/noticias\/cabeza-magica-la-vida-de-alberto-spencer\/\" target=\"_blank\" rel=\"noopener\">\u201cCabeza M\u00e1gica\u201d<\/a>, naci\u00f3 el 6 de diciembre de 1937 en Ecuador donde se cri\u00f3 y comenz\u00f3 a formarse como futbolista. Debut\u00f3 en primera en el Everest de dicho pa\u00eds en el a\u00f1o 1953, y jug\u00f3 ah\u00ed hasta 1959. Fue su gran actuaci\u00f3n en el Sudamericano del 59 defendiendo a su selecci\u00f3n lo que cautiv\u00f3 a los dirigentes de Pe\u00f1arol, quienes lo trajeron inmediatamente al club.<\/p>\n","protected":false},"excerpt":{"rendered":"<p>Alberto Spencer Herrera fue uno de los jugadores m\u00e1s importantes de la historia de nuestro club. Goleador letal y apodado como\u00a0\u201cCabeza M\u00e1gica\u201d, naci\u00f3 el 6 de diciembre de 1937 en Ecuador donde se cri\u00f3 y comenz\u00f3 a formarse como futbolista. Debut\u00f3 en primera en el Everest de dicho pa\u00eds en el a\u00f1o 1953, y jug\u00f3 [&hellip;]<\/p>\n","protected":false},"author":3,"featured_media":69638,"comment_status":"open","ping_status":"closed","sticky":false,"template":"","format":"standard","meta":{"footnotes":""},"categories":[43],"tags":[66],"yoast_head":"<!-- This site is optimized with the Yoast SEO plugin v23.2 - https:\/\/yoast.com\/wordpress\/plugins\/seo\/ -->\n<title>Recordamos a Alberto Spencer, a 14 a\u00f1os de su muerte - Padre y Decano - El Sitio del Pueblo<\/title>\n<meta name=\"robots\" content=\"index, follow, max-snippet:-1, max-image-preview:large, max-video-preview:-1\" \/>\n<link rel=\"canonical\" href=\"https:\/\/www.padreydecano.com\/cms\/editoriales\/recordamos-a-alberto-spencer-a-14-anos-de-su-muerte\/\" \/>\n<meta property=\"og:locale\" content=\"es_ES\" \/>\n<meta property=\"og:type\" content=\"article\" \/>\n<meta property=\"og:title\" content=\"Recordamos a Alberto Spencer, a 14 a\u00f1os de su muerte - Padre y Decano - El Sitio del Pueblo\" \/>\n<meta property=\"og:description\" content=\"Alberto Spencer Herrera fue uno de los jugadores m\u00e1s importantes de la historia de nuestro club. Goleador letal y apodado como\u00a0\u201cCabeza M\u00e1gica\u201d, naci\u00f3 el 6 de diciembre de 1937 en Ecuador donde se cri\u00f3 y comenz\u00f3 a formarse como futbolista. Debut\u00f3 en primera en el Everest de dicho pa\u00eds en el a\u00f1o 1953, y jug\u00f3 [&hellip;]\" \/>\n<meta property=\"og:url\" content=\"https:\/\/www.padreydecano.com\/cms\/editoriales\/recordamos-a-alberto-spencer-a-14-anos-de-su-muerte\/\" \/>\n<meta property=\"og:site_name\" content=\"Padre y Decano - El Sitio del Pueblo\" \/>\n<meta property=\"article:published_time\" content=\"2020-11-03T03:00:11+00:00\" \/>\n<meta property=\"article:modified_time\" content=\"2020-10-30T01:04:40+00:00\" \/>\n<meta property=\"og:image\" content=\"https:\/\/www.padreydecano.com\/cms\/wp-content\/uploads\/2019\/01\/spencer.jpg\" \/>\n\t<meta property=\"og:image:width\" content=\"612\" \/>\n\t<meta property=\"og:image:height\" content=\"340\" \/>\n\t<meta property=\"og:image:type\" content=\"image\/jpeg\" \/>\n<meta name=\"author\" content=\"1891\" \/>\n<meta name=\"twitter:card\" content=\"summary_large_image\" \/>\n<meta name=\"twitter:label1\" content=\"Escrito por\" \/>\n\t<meta name=\"twitter:data1\" content=\"1891\" \/>\n<script type=\"application\/ld+json\" class=\"yoast-schema-graph\">{\"@context\":\"https:\/\/schema.org\",\"@graph\":[{\"@type\":\"Article\",\"@id\":\"https:\/\/www.padreydecano.com\/cms\/editoriales\/recordamos-a-alberto-spencer-a-14-anos-de-su-muerte\/#article\",\"isPartOf\":{\"@id\":\"https:\/\/www.padreydecano.com\/cms\/editoriales\/recordamos-a-alberto-spencer-a-14-anos-de-su-muerte\/\"},\"author\":{\"name\":\"1891\",\"@id\":\"https:\/\/www.padreydecano.com\/cms\/#\/schema\/person\/5607c72c38a1537a151b24d1e67535e0\"},\"headline\":\"Recordamos a Alberto Spencer, a 14 a\u00f1os de su muerte\",\"datePublished\":\"2020-11-03T03:00:11+00:00\",\"dateModified\":\"2020-10-30T01:04:40+00:00\",\"mainEntityOfPage\":{\"@id\":\"https:\/\/www.padreydecano.com\/cms\/editoriales\/recordamos-a-alberto-spencer-a-14-anos-de-su-muerte\/\"},\"wordCount\":98,\"commentCount\":9,\"publisher\":{\"@id\":\"https:\/\/www.padreydecano.com\/cms\/#organization\"},\"image\":{\"@id\":\"https:\/\/www.padreydecano.com\/cms\/editoriales\/recordamos-a-alberto-spencer-a-14-anos-de-su-muerte\/#primaryimage\"},\"thumbnailUrl\":\"https:\/\/www.padreydecano.com\/cms\/wp-content\/uploads\/2019\/01\/spencer.jpg\",\"keywords\":[\"REDIRECT\"],\"articleSection\":[\"Editoriales\"],\"inLanguage\":\"es\",\"potentialAction\":[{\"@type\":\"CommentAction\",\"name\":\"Comment\",\"target\":[\"https:\/\/www.padreydecano.com\/cms\/editoriales\/recordamos-a-alberto-spencer-a-14-anos-de-su-muerte\/#respond\"]}]},{\"@type\":\"WebPage\",\"@id\":\"https:\/\/www.padreydecano.com\/cms\/editoriales\/recordamos-a-alberto-spencer-a-14-anos-de-su-muerte\/\",\"url\":\"https:\/\/www.padreydecano.com\/cms\/editoriales\/recordamos-a-alberto-spencer-a-14-anos-de-su-muerte\/\",\"name\":\"Recordamos a Alberto Spencer, a 14 a\u00f1os de su muerte - Padre y Decano - El Sitio del Pueblo\",\"isPartOf\":{\"@id\":\"https:\/\/www.padreydecano.com\/cms\/#website\"},\"primaryImageOfPage\":{\"@id\":\"https:\/\/www.padreydecano.com\/cms\/editoriales\/recordamos-a-alberto-spencer-a-14-anos-de-su-muerte\/#primaryimage\"},\"image\":{\"@id\":\"https:\/\/www.padreydecano.com\/cms\/editoriales\/recordamos-a-alberto-spencer-a-14-anos-de-su-muerte\/#primaryimage\"},\"thumbnailUrl\":\"https:\/\/www.padreydecano.com\/cms\/wp-content\/uploads\/2019\/01\/spencer.jpg\",\"datePublished\":\"2020-11-03T03:00:11+00:00\",\"dateModified\":\"2020-10-30T01:04:40+00:00\",\"breadcrumb\":{\"@id\":\"https:\/\/www.padreydecano.com\/cms\/editoriales\/recordamos-a-alberto-spencer-a-14-anos-de-su-muerte\/#breadcrumb\"},\"inLanguage\":\"es\",\"potentialAction\":[{\"@type\":\"ReadAction\",\"target\":[\"https:\/\/www.padreydecano.com\/cms\/editoriales\/recordamos-a-alberto-spencer-a-14-anos-de-su-muerte\/\"]}]},{\"@type\":\"ImageObject\",\"inLanguage\":\"es\",\"@id\":\"https:\/\/www.padreydecano.com\/cms\/editoriales\/recordamos-a-alberto-spencer-a-14-anos-de-su-muerte\/#primaryimage\",\"url\":\"https:\/\/www.padreydecano.com\/cms\/wp-content\/uploads\/2019\/01\/spencer.jpg\",\"contentUrl\":\"https:\/\/www.padreydecano.com\/cms\/wp-content\/uploads\/2019\/01\/spencer.jpg\",\"width\":612,\"height\":340},{\"@type\":\"BreadcrumbList\",\"@id\":\"https:\/\/www.padreydecano.com\/cms\/editoriales\/recordamos-a-alberto-spencer-a-14-anos-de-su-muerte\/#breadcrumb\",\"itemListElement\":[{\"@type\":\"ListItem\",\"position\":1,\"name\":\"Portada\",\"item\":\"https:\/\/www.padreydecano.com\/cms\/\"},{\"@type\":\"ListItem\",\"position\":2,\"name\":\"Recordamos a Alberto Spencer, a 14 a\u00f1os de su muerte\"}]},{\"@type\":\"WebSite\",\"@id\":\"https:\/\/www.padreydecano.com\/cms\/#website\",\"url\":\"https:\/\/www.padreydecano.com\/cms\/\",\"name\":\"Padre y Decano - El Sitio del Pueblo\",\"description\":\"Club Atl\u00e9tico Pe\u00f1arol\",\"publisher\":{\"@id\":\"https:\/\/www.padreydecano.com\/cms\/#organization\"},\"potentialAction\":[{\"@type\":\"SearchAction\",\"target\":{\"@type\":\"EntryPoint\",\"urlTemplate\":\"https:\/\/www.padreydecano.com\/cms\/?s={search_term_string}\"},\"query-input\":\"required name=search_term_string\"}],\"inLanguage\":\"es\"},{\"@type\":\"Organization\",\"@id\":\"https:\/\/www.padreydecano.com\/cms\/#organization\",\"name\":\"Padre y Decano\",\"url\":\"https:\/\/www.padreydecano.com\/cms\/\",\"logo\":{\"@type\":\"ImageObject\",\"inLanguage\":\"es\",\"@id\":\"https:\/\/www.padreydecano.com\/cms\/#\/schema\/logo\/image\/\",\"url\":\"https:\/\/www.padreydecano.com\/cms\/wp-content\/uploads\/2022\/01\/avatar-square.png\",\"contentUrl\":\"https:\/\/www.padreydecano.com\/cms\/wp-content\/uploads\/2022\/01\/avatar-square.png\",\"width\":1500,\"height\":1500,\"caption\":\"Padre y Decano\"},\"image\":{\"@id\":\"https:\/\/www.padreydecano.com\/cms\/#\/schema\/logo\/image\/\"}},{\"@type\":\"Person\",\"@id\":\"https:\/\/www.padreydecano.com\/cms\/#\/schema\/person\/5607c72c38a1537a151b24d1e67535e0\",\"name\":\"1891\",\"image\":{\"@type\":\"ImageObject\",\"inLanguage\":\"es\",\"@id\":\"https:\/\/www.padreydecano.com\/cms\/#\/schema\/person\/image\/\",\"url\":\"https:\/\/secure.gravatar.com\/avatar\/29d4d1b0d523a21898e8cf9585d259d3?s=96&d=https%3A%2F%2Fpadreydecano.com%2Fcms%2Fwp-content%2Fthemes%2Fpyd-theme%2Fimg%2Fdefault-avatar.png&r=g\",\"contentUrl\":\"https:\/\/secure.gravatar.com\/avatar\/29d4d1b0d523a21898e8cf9585d259d3?s=96&d=https%3A%2F%2Fpadreydecano.com%2Fcms%2Fwp-content%2Fthemes%2Fpyd-theme%2Fimg%2Fdefault-avatar.png&r=g\",\"caption\":\"1891\"}}]}<\/script>\n<!-- \/ Yoast SEO plugin. -->","yoast_head_json":{"title":"Recordamos a Alberto Spencer, a 14 a\u00f1os de su muerte - Padre y Decano - El Sitio del Pueblo","robots":{"index":"index","follow":"follow","max-snippet":"max-snippet:-1","max-image-preview":"max-image-preview:large","max-video-preview":"max-video-preview:-1"},"canonical":"https:\/\/www.padreydecano.com\/cms\/editoriales\/recordamos-a-alberto-spencer-a-14-anos-de-su-muerte\/","og_locale":"es_ES","og_type":"article","og_title":"Recordamos a Alberto Spencer, a 14 a\u00f1os de su muerte - Padre y Decano - El Sitio del Pueblo","og_description":"Alberto Spencer Herrera fue uno de los jugadores m\u00e1s importantes de la historia de nuestro club. Goleador letal y apodado como\u00a0\u201cCabeza M\u00e1gica\u201d, naci\u00f3 el 6 de diciembre de 1937 en Ecuador donde se cri\u00f3 y comenz\u00f3 a formarse como futbolista. Debut\u00f3 en primera en el Everest de dicho pa\u00eds en el a\u00f1o 1953, y jug\u00f3 [&hellip;]","og_url":"https:\/\/www.padreydecano.com\/cms\/editoriales\/recordamos-a-alberto-spencer-a-14-anos-de-su-muerte\/","og_site_name":"Padre y Decano - El Sitio del Pueblo","article_published_time":"2020-11-03T03:00:11+00:00","article_modified_time":"2020-10-30T01:04:40+00:00","og_image":[{"width":612,"height":340,"url":"https:\/\/www.padreydecano.com\/cms\/wp-content\/uploads\/2019\/01\/spencer.jpg","type":"image\/jpeg"}],"author":"1891","twitter_card":"summary_large_image","twitter_misc":{"Escrito por":"1891"},"schema":{"@context":"https:\/\/schema.org","@graph":[{"@type":"Article","@id":"https:\/\/www.padreydecano.com\/cms\/editoriales\/recordamos-a-alberto-spencer-a-14-anos-de-su-muerte\/#article","isPartOf":{"@id":"https:\/\/www.padreydecano.com\/cms\/editoriales\/recordamos-a-alberto-spencer-a-14-anos-de-su-muerte\/"},"author":{"name":"1891","@id":"https:\/\/www.padreydecano.com\/cms\/#\/schema\/person\/5607c72c38a1537a151b24d1e67535e0"},"headline":"Recordamos a Alberto Spencer, a 14 a\u00f1os de su muerte","datePublished":"2020-11-03T03:00:11+00:00","dateModified":"2020-10-30T01:04:40+00:00","mainEntityOfPage":{"@id":"https:\/\/www.padreydecano.com\/cms\/editoriales\/recordamos-a-alberto-spencer-a-14-anos-de-su-muerte\/"},"wordCount":98,"commentCount":9,"publisher":{"@id":"https:\/\/www.padreydecano.com\/cms\/#organization"},"image":{"@id":"https:\/\/www.padreydecano.com\/cms\/editoriales\/recordamos-a-alberto-spencer-a-14-anos-de-su-muerte\/#primaryimage"},"thumbnailUrl":"https:\/\/www.padreydecano.com\/cms\/wp-content\/uploads\/2019\/01\/spencer.jpg","keywords":["REDIRECT"],"articleSection":["Editoriales"],"inLanguage":"es","potentialAction":[{"@type":"CommentAction","name":"Comment","target":["https:\/\/www.padreydecano.com\/cms\/editoriales\/recordamos-a-alberto-spencer-a-14-anos-de-su-muerte\/#respond"]}]},{"@type":"WebPage","@id":"https:\/\/www.padreydecano.com\/cms\/editoriales\/recordamos-a-alberto-spencer-a-14-anos-de-su-muerte\/","url":"https:\/\/www.padreydecano.com\/cms\/editoriales\/recordamos-a-alberto-spencer-a-14-anos-de-su-muerte\/","name":"Recordamos a Alberto Spencer, a 14 a\u00f1os de su muerte - Padre y Decano - El Sitio del Pueblo","isPartOf":{"@id":"https:\/\/www.padreydecano.com\/cms\/#website"},"primaryImageOfPage":{"@id":"https:\/\/www.padreydecano.com\/cms\/editoriales\/recordamos-a-alberto-spencer-a-14-anos-de-su-muerte\/#primaryimage"},"image":{"@id":"https:\/\/www.padreydecano.com\/cms\/editoriales\/recordamos-a-alberto-spencer-a-14-anos-de-su-muerte\/#primaryimage"},"thumbnailUrl":"https:\/\/www.padreydecano.com\/cms\/wp-content\/uploads\/2019\/01\/spencer.jpg","datePublished":"2020-11-03T03:00:11+00:00","dateModified":"2020-10-30T01:04:40+00:00","breadcrumb":{"@id":"https:\/\/www.padreydecano.com\/cms\/editoriales\/recordamos-a-alberto-spencer-a-14-anos-de-su-muerte\/#breadcrumb"},"inLanguage":"es","potentialAction":[{"@type":"ReadAction","target":["https:\/\/www.padreydecano.com\/cms\/editoriales\/recordamos-a-alberto-spencer-a-14-anos-de-su-muerte\/"]}]},{"@type":"ImageObject","inLanguage":"es","@id":"https:\/\/www.padreydecano.com\/cms\/editoriales\/recordamos-a-alberto-spencer-a-14-anos-de-su-muerte\/#primaryimage","url":"https:\/\/www.padreydecano.com\/cms\/wp-content\/uploads\/2019\/01\/spencer.jpg","contentUrl":"https:\/\/www.padreydecano.com\/cms\/wp-content\/uploads\/2019\/01\/spencer.jpg","width":612,"height":340},{"@type":"BreadcrumbList","@id":"https:\/\/www.padreydecano.com\/cms\/editoriales\/recordamos-a-alberto-spencer-a-14-anos-de-su-muerte\/#breadcrumb","itemListElement":[{"@type":"ListItem","position":1,"name":"Portada","item":"https:\/\/www.padreydecano.com\/cms\/"},{"@type":"ListItem","position":2,"name":"Recordamos a Alberto Spencer, a 14 a\u00f1os de su muerte"}]},{"@type":"WebSite","@id":"https:\/\/www.padreydecano.com\/cms\/#website","url":"https:\/\/www.padreydecano.com\/cms\/","name":"Padre y Decano - El Sitio del Pueblo","description":"Club Atl\u00e9tico Pe\u00f1arol","publisher":{"@id":"https:\/\/www.padreydecano.com\/cms\/#organization"},"potentialAction":[{"@type":"SearchAction","target":{"@type":"EntryPoint","urlTemplate":"https:\/\/www.padreydecano.com\/cms\/?s={search_term_string}"},"query-input":"required name=search_term_string"}],"inLanguage":"es"},{"@type":"Organization","@id":"https:\/\/www.padreydecano.com\/cms\/#organization","name":"Padre y Decano","url":"https:\/\/www.padreydecano.com\/cms\/","logo":{"@type":"ImageObject","inLanguage":"es","@id":"https:\/\/www.padreydecano.com\/cms\/#\/schema\/logo\/image\/","url":"https:\/\/www.padreydecano.com\/cms\/wp-content\/uploads\/2022\/01\/avatar-square.png","contentUrl":"https:\/\/www.padreydecano.com\/cms\/wp-content\/uploads\/2022\/01\/avatar-square.png","width":1500,"height":1500,"caption":"Padre y Decano"},"image":{"@id":"https:\/\/www.padreydecano.com\/cms\/#\/schema\/logo\/image\/"}},{"@type":"Person","@id":"https:\/\/www.padreydecano.com\/cms\/#\/schema\/person\/5607c72c38a1537a151b24d1e67535e0","name":"1891","image":{"@type":"ImageObject","inLanguage":"es","@id":"https:\/\/www.padreydecano.com\/cms\/#\/schema\/person\/image\/","url":"https:\/\/secure.gravatar.com\/avatar\/29d4d1b0d523a21898e8cf9585d259d3?s=96&d=https%3A%2F%2Fpadreydecano.com%2Fcms%2Fwp-content%2Fthemes%2Fpyd-theme%2Fimg%2Fdefault-avatar.png&r=g","contentUrl":"https:\/\/secure.gravatar.com\/avatar\/29d4d1b0d523a21898e8cf9585d259d3?s=96&d=https%3A%2F%2Fpadreydecano.com%2Fcms%2Fwp-content%2Fthemes%2Fpyd-theme%2Fimg%2Fdefault-avatar.png&r=g","caption":"1891"}}]}},"_links":{"self":[{"href":"https:\/\/www.padreydecano.com\/cms\/wp-json\/wp\/v2\/posts\/72149"}],"collection":[{"href":"https:\/\/www.padreydecano.com\/cms\/wp-json\/wp\/v2\/posts"}],"about":[{"href":"https:\/\/www.padreydecano.com\/cms\/wp-json\/wp\/v2\/types\/post"}],"author":[{"embeddable":true,"href":"https:\/\/www.padreydecano.com\/cms\/wp-json\/wp\/v2\/users\/3"}],"replies":[{"embeddable":true,"href":"https:\/\/www.padreydecano.com\/cms\/wp-json\/wp\/v2\/comments?post=72149"}],"version-history":[{"count":0,"href":"https:\/\/www.padreydecano.com\/cms\/wp-json\/wp\/v2\/posts\/72149\/revisions"}],"wp:featuredmedia":[{"embeddable":true,"href":"https:\/\/www.padreydecano.com\/cms\/wp-json\/wp\/v2\/media\/69638"}],"wp:attachment":[{"href":"https:\/\/www.padreydecano.com\/cms\/wp-json\/wp\/v2\/media?parent=72149"}],"wp:term":[{"taxonomy":"category","embeddable":true,"href":"https:\/\/www.padreydecano.com\/cms\/wp-json\/wp\/v2\/categories?post=72149"},{"taxonomy":"post_tag","embeddable":true,"href":"https:\/\/www.padreydecano.com\/cms\/wp-json\/wp\/v2\/tags?post=72149"}],"curies":[{"name":"wp","href":"https:\/\/api.w.org\/{rel}","templated":true}]}}