{"id":71900,"date":"2019-09-24T07:53:25","date_gmt":"2019-09-24T10:53:25","guid":{"rendered":"http:\/\/www.padreydecano.com\/cms\/?p=71900"},"modified":"2019-09-26T14:23:16","modified_gmt":"2019-09-26T17:23:16","slug":"venta-de-entradas-vs-cordon-segunda-final","status":"publish","type":"post","link":"https:\/\/www.padreydecano.com\/cms\/noticias\/venta-de-entradas-vs-cordon-segunda-final\/","title":{"rendered":"Venta de entradas vs Cord\u00f3n (Segunda final)"},"content":{"rendered":"<p><img loading=\"lazy\" decoding=\"async\" class=\"size-medium wp-image-71901 aligncenter\" src=\"https:\/\/www.padreydecano.com\/cms\/wp-content\/uploads\/2019\/09\/IMG-20190619-WA00011130-600x338.jpg\" alt=\"\" width=\"600\" height=\"338\" srcset=\"https:\/\/www.padreydecano.com\/cms\/wp-content\/uploads\/2019\/09\/IMG-20190619-WA00011130-600x338.jpg 600w, https:\/\/www.padreydecano.com\/cms\/wp-content\/uploads\/2019\/09\/IMG-20190619-WA00011130-768x432.jpg 768w, https:\/\/www.padreydecano.com\/cms\/wp-content\/uploads\/2019\/09\/IMG-20190619-WA00011130-1024x576.jpg 1024w, https:\/\/www.padreydecano.com\/cms\/wp-content\/uploads\/2019\/09\/IMG-20190619-WA00011130.jpg 1280w\" sizes=\"(max-width: 600px) 100vw, 600px\" \/><\/p>\n<p style=\"text-align: justify;\"><strong>El jueves a partir de las 20.15 horas, Pe\u00f1arol recibe a Cord\u00f3n en el Palacio Pe\u00f1arol, en el que podr\u00eda ser el \u00faltimo partido del Metropolitano 2019.<\/strong><\/p>\n<p style=\"text-align: justify;\">Las entradas ya se encuentran disponibles en RedPagos y a trav\u00e9s de Tickantel.<\/p>\n<p style=\"text-align: justify;\"><span style=\"color: #ffcc00;\"><strong>Precios<\/strong><\/span><\/p>\n<ul>\n<li style=\"text-align: justify;\">\n<p class=\"panel-compra-title\"><span style=\"color: #ffcc00;\">Brou Pe\u00f1arol<\/span> $ 160,00<\/p>\n<\/li>\n<li>\n<p class=\"panel-compra-title\"><span style=\"color: #ffcc00;\">Socio Pe\u00f1arol Basket<\/span> $ 220,00<\/p>\n<\/li>\n<li>\n<p class=\"panel-compra-title\"><span style=\"color: #ffcc00;\">General Pe\u00f1arol<\/span> $ 320,00<\/p>\n<\/li>\n<li>\n<p class=\"panel-compra-title\">Los <span style=\"color: #ffcc00;\">menores de 10 a\u00f1os ingresan gratis<\/span> acompa\u00f1ados de un adulto.<\/p>\n<\/li>\n<\/ul>\n","protected":false},"excerpt":{"rendered":"<p>El jueves a partir de las 20.15 horas, Pe\u00f1arol recibe a Cord\u00f3n en el Palacio Pe\u00f1arol, en el que podr\u00eda ser el \u00faltimo partido del Metropolitano 2019. Las entradas ya se encuentran disponibles en RedPagos y a trav\u00e9s de Tickantel. Precios Brou Pe\u00f1arol $ 160,00 Socio Pe\u00f1arol Basket $ 220,00 General Pe\u00f1arol $ 320,00 Los [&hellip;]<\/p>\n","protected":false},"author":31,"featured_media":71901,"comment_status":"open","ping_status":"closed","sticky":false,"template":"","format":"standard","meta":{"footnotes":""},"categories":[407,1],"tags":[406,32],"yoast_head":"<!-- This site is optimized with the Yoast SEO plugin v23.2 - https:\/\/yoast.com\/wordpress\/plugins\/seo\/ -->\n<title>Venta de entradas vs Cord\u00f3n (Segunda final) - Padre y Decano - El Sitio del Pueblo<\/title>\n<meta name=\"robots\" content=\"index, follow, max-snippet:-1, max-image-preview:large, max-video-preview:-1\" \/>\n<link rel=\"canonical\" href=\"https:\/\/www.padreydecano.com\/cms\/noticias\/venta-de-entradas-vs-cordon-segunda-final\/\" \/>\n<meta property=\"og:locale\" content=\"es_ES\" \/>\n<meta property=\"og:type\" content=\"article\" \/>\n<meta property=\"og:title\" content=\"Venta de entradas vs Cord\u00f3n (Segunda final) - Padre y Decano - El Sitio del Pueblo\" \/>\n<meta property=\"og:description\" content=\"El jueves a partir de las 20.15 horas, Pe\u00f1arol recibe a Cord\u00f3n en el Palacio Pe\u00f1arol, en el que podr\u00eda ser el \u00faltimo partido del Metropolitano 2019. Las entradas ya se encuentran disponibles en RedPagos y a trav\u00e9s de Tickantel. Precios Brou Pe\u00f1arol $ 160,00 Socio Pe\u00f1arol Basket $ 220,00 General Pe\u00f1arol $ 320,00 Los [&hellip;]\" \/>\n<meta property=\"og:url\" content=\"https:\/\/www.padreydecano.com\/cms\/noticias\/venta-de-entradas-vs-cordon-segunda-final\/\" \/>\n<meta property=\"og:site_name\" content=\"Padre y Decano - El Sitio del Pueblo\" \/>\n<meta property=\"article:published_time\" content=\"2019-09-24T10:53:25+00:00\" \/>\n<meta property=\"article:modified_time\" content=\"2019-09-26T17:23:16+00:00\" \/>\n<meta property=\"og:image\" content=\"https:\/\/www.padreydecano.com\/cms\/wp-content\/uploads\/2019\/09\/IMG-20190619-WA00011130.jpg\" \/>\n\t<meta property=\"og:image:width\" content=\"1280\" \/>\n\t<meta property=\"og:image:height\" content=\"720\" \/>\n\t<meta property=\"og:image:type\" content=\"image\/jpeg\" \/>\n<meta name=\"author\" content=\"Macarena Aguerre\" \/>\n<meta name=\"twitter:card\" content=\"summary_large_image\" \/>\n<meta name=\"twitter:label1\" content=\"Escrito por\" \/>\n\t<meta name=\"twitter:data1\" content=\"Macarena Aguerre\" \/>\n<script type=\"application\/ld+json\" class=\"yoast-schema-graph\">{\"@context\":\"https:\/\/schema.org\",\"@graph\":[{\"@type\":\"Article\",\"@id\":\"https:\/\/www.padreydecano.com\/cms\/noticias\/venta-de-entradas-vs-cordon-segunda-final\/#article\",\"isPartOf\":{\"@id\":\"https:\/\/www.padreydecano.com\/cms\/noticias\/venta-de-entradas-vs-cordon-segunda-final\/\"},\"author\":{\"name\":\"Macarena Aguerre\",\"@id\":\"https:\/\/www.padreydecano.com\/cms\/#\/schema\/person\/dda6ac238f4f69692a6b47040d9099c1\"},\"headline\":\"Venta de entradas vs Cord\u00f3n (Segunda final)\",\"datePublished\":\"2019-09-24T10:53:25+00:00\",\"dateModified\":\"2019-09-26T17:23:16+00:00\",\"mainEntityOfPage\":{\"@id\":\"https:\/\/www.padreydecano.com\/cms\/noticias\/venta-de-entradas-vs-cordon-segunda-final\/\"},\"wordCount\":74,\"commentCount\":24,\"publisher\":{\"@id\":\"https:\/\/www.padreydecano.com\/cms\/#organization\"},\"image\":{\"@id\":\"https:\/\/www.padreydecano.com\/cms\/noticias\/venta-de-entradas-vs-cordon-segunda-final\/#primaryimage\"},\"thumbnailUrl\":\"https:\/\/www.padreydecano.com\/cms\/wp-content\/uploads\/2019\/09\/IMG-20190619-WA00011130.jpg\",\"keywords\":[\"Metro 2019\",\"Venta de entradas\"],\"articleSection\":[\"Basket\",\"Noticias\"],\"inLanguage\":\"es\",\"potentialAction\":[{\"@type\":\"CommentAction\",\"name\":\"Comment\",\"target\":[\"https:\/\/www.padreydecano.com\/cms\/noticias\/venta-de-entradas-vs-cordon-segunda-final\/#respond\"]}]},{\"@type\":\"WebPage\",\"@id\":\"https:\/\/www.padreydecano.com\/cms\/noticias\/venta-de-entradas-vs-cordon-segunda-final\/\",\"url\":\"https:\/\/www.padreydecano.com\/cms\/noticias\/venta-de-entradas-vs-cordon-segunda-final\/\",\"name\":\"Venta de entradas vs Cord\u00f3n (Segunda final) - Padre y Decano - El Sitio del Pueblo\",\"isPartOf\":{\"@id\":\"https:\/\/www.padreydecano.com\/cms\/#website\"},\"primaryImageOfPage\":{\"@id\":\"https:\/\/www.padreydecano.com\/cms\/noticias\/venta-de-entradas-vs-cordon-segunda-final\/#primaryimage\"},\"image\":{\"@id\":\"https:\/\/www.padreydecano.com\/cms\/noticias\/venta-de-entradas-vs-cordon-segunda-final\/#primaryimage\"},\"thumbnailUrl\":\"https:\/\/www.padreydecano.com\/cms\/wp-content\/uploads\/2019\/09\/IMG-20190619-WA00011130.jpg\",\"datePublished\":\"2019-09-24T10:53:25+00:00\",\"dateModified\":\"2019-09-26T17:23:16+00:00\",\"breadcrumb\":{\"@id\":\"https:\/\/www.padreydecano.com\/cms\/noticias\/venta-de-entradas-vs-cordon-segunda-final\/#breadcrumb\"},\"inLanguage\":\"es\",\"potentialAction\":[{\"@type\":\"ReadAction\",\"target\":[\"https:\/\/www.padreydecano.com\/cms\/noticias\/venta-de-entradas-vs-cordon-segunda-final\/\"]}]},{\"@type\":\"ImageObject\",\"inLanguage\":\"es\",\"@id\":\"https:\/\/www.padreydecano.com\/cms\/noticias\/venta-de-entradas-vs-cordon-segunda-final\/#primaryimage\",\"url\":\"https:\/\/www.padreydecano.com\/cms\/wp-content\/uploads\/2019\/09\/IMG-20190619-WA00011130.jpg\",\"contentUrl\":\"https:\/\/www.padreydecano.com\/cms\/wp-content\/uploads\/2019\/09\/IMG-20190619-WA00011130.jpg\",\"width\":1280,\"height\":720},{\"@type\":\"BreadcrumbList\",\"@id\":\"https:\/\/www.padreydecano.com\/cms\/noticias\/venta-de-entradas-vs-cordon-segunda-final\/#breadcrumb\",\"itemListElement\":[{\"@type\":\"ListItem\",\"position\":1,\"name\":\"Portada\",\"item\":\"https:\/\/www.padreydecano.com\/cms\/\"},{\"@type\":\"ListItem\",\"position\":2,\"name\":\"Venta de entradas vs Cord\u00f3n (Segunda final)\"}]},{\"@type\":\"WebSite\",\"@id\":\"https:\/\/www.padreydecano.com\/cms\/#website\",\"url\":\"https:\/\/www.padreydecano.com\/cms\/\",\"name\":\"Padre y Decano - El Sitio del Pueblo\",\"description\":\"Club Atl\u00e9tico Pe\u00f1arol\",\"publisher\":{\"@id\":\"https:\/\/www.padreydecano.com\/cms\/#organization\"},\"potentialAction\":[{\"@type\":\"SearchAction\",\"target\":{\"@type\":\"EntryPoint\",\"urlTemplate\":\"https:\/\/www.padreydecano.com\/cms\/?s={search_term_string}\"},\"query-input\":\"required name=search_term_string\"}],\"inLanguage\":\"es\"},{\"@type\":\"Organization\",\"@id\":\"https:\/\/www.padreydecano.com\/cms\/#organization\",\"name\":\"Padre y Decano\",\"url\":\"https:\/\/www.padreydecano.com\/cms\/\",\"logo\":{\"@type\":\"ImageObject\",\"inLanguage\":\"es\",\"@id\":\"https:\/\/www.padreydecano.com\/cms\/#\/schema\/logo\/image\/\",\"url\":\"https:\/\/www.padreydecano.com\/cms\/wp-content\/uploads\/2022\/01\/avatar-square.png\",\"contentUrl\":\"https:\/\/www.padreydecano.com\/cms\/wp-content\/uploads\/2022\/01\/avatar-square.png\",\"width\":1500,\"height\":1500,\"caption\":\"Padre y Decano\"},\"image\":{\"@id\":\"https:\/\/www.padreydecano.com\/cms\/#\/schema\/logo\/image\/\"}},{\"@type\":\"Person\",\"@id\":\"https:\/\/www.padreydecano.com\/cms\/#\/schema\/person\/dda6ac238f4f69692a6b47040d9099c1\",\"name\":\"Macarena Aguerre\",\"image\":{\"@type\":\"ImageObject\",\"inLanguage\":\"es\",\"@id\":\"https:\/\/www.padreydecano.com\/cms\/#\/schema\/person\/image\/\",\"url\":\"https:\/\/secure.gravatar.com\/avatar\/8cd2b3a906b420f88eeaac4dae3ba69b?s=96&d=https%3A%2F%2Fpadreydecano.com%2Fcms%2Fwp-content%2Fthemes%2Fpyd-theme%2Fimg%2Fdefault-avatar.png&r=g\",\"contentUrl\":\"https:\/\/secure.gravatar.com\/avatar\/8cd2b3a906b420f88eeaac4dae3ba69b?s=96&d=https%3A%2F%2Fpadreydecano.com%2Fcms%2Fwp-content%2Fthemes%2Fpyd-theme%2Fimg%2Fdefault-avatar.png&r=g\",\"caption\":\"Macarena Aguerre\"}}]}<\/script>\n<!-- \/ Yoast SEO plugin. -->","yoast_head_json":{"title":"Venta de entradas vs Cord\u00f3n (Segunda final) - Padre y Decano - El Sitio del Pueblo","robots":{"index":"index","follow":"follow","max-snippet":"max-snippet:-1","max-image-preview":"max-image-preview:large","max-video-preview":"max-video-preview:-1"},"canonical":"https:\/\/www.padreydecano.com\/cms\/noticias\/venta-de-entradas-vs-cordon-segunda-final\/","og_locale":"es_ES","og_type":"article","og_title":"Venta de entradas vs Cord\u00f3n (Segunda final) - Padre y Decano - El Sitio del Pueblo","og_description":"El jueves a partir de las 20.15 horas, Pe\u00f1arol recibe a Cord\u00f3n en el Palacio Pe\u00f1arol, en el que podr\u00eda ser el \u00faltimo partido del Metropolitano 2019. Las entradas ya se encuentran disponibles en RedPagos y a trav\u00e9s de Tickantel. Precios Brou Pe\u00f1arol $ 160,00 Socio Pe\u00f1arol Basket $ 220,00 General Pe\u00f1arol $ 320,00 Los [&hellip;]","og_url":"https:\/\/www.padreydecano.com\/cms\/noticias\/venta-de-entradas-vs-cordon-segunda-final\/","og_site_name":"Padre y Decano - El Sitio del Pueblo","article_published_time":"2019-09-24T10:53:25+00:00","article_modified_time":"2019-09-26T17:23:16+00:00","og_image":[{"width":1280,"height":720,"url":"https:\/\/www.padreydecano.com\/cms\/wp-content\/uploads\/2019\/09\/IMG-20190619-WA00011130.jpg","type":"image\/jpeg"}],"author":"Macarena Aguerre","twitter_card":"summary_large_image","twitter_misc":{"Escrito por":"Macarena Aguerre"},"schema":{"@context":"https:\/\/schema.org","@graph":[{"@type":"Article","@id":"https:\/\/www.padreydecano.com\/cms\/noticias\/venta-de-entradas-vs-cordon-segunda-final\/#article","isPartOf":{"@id":"https:\/\/www.padreydecano.com\/cms\/noticias\/venta-de-entradas-vs-cordon-segunda-final\/"},"author":{"name":"Macarena Aguerre","@id":"https:\/\/www.padreydecano.com\/cms\/#\/schema\/person\/dda6ac238f4f69692a6b47040d9099c1"},"headline":"Venta de entradas vs Cord\u00f3n (Segunda final)","datePublished":"2019-09-24T10:53:25+00:00","dateModified":"2019-09-26T17:23:16+00:00","mainEntityOfPage":{"@id":"https:\/\/www.padreydecano.com\/cms\/noticias\/venta-de-entradas-vs-cordon-segunda-final\/"},"wordCount":74,"commentCount":24,"publisher":{"@id":"https:\/\/www.padreydecano.com\/cms\/#organization"},"image":{"@id":"https:\/\/www.padreydecano.com\/cms\/noticias\/venta-de-entradas-vs-cordon-segunda-final\/#primaryimage"},"thumbnailUrl":"https:\/\/www.padreydecano.com\/cms\/wp-content\/uploads\/2019\/09\/IMG-20190619-WA00011130.jpg","keywords":["Metro 2019","Venta de entradas"],"articleSection":["Basket","Noticias"],"inLanguage":"es","potentialAction":[{"@type":"CommentAction","name":"Comment","target":["https:\/\/www.padreydecano.com\/cms\/noticias\/venta-de-entradas-vs-cordon-segunda-final\/#respond"]}]},{"@type":"WebPage","@id":"https:\/\/www.padreydecano.com\/cms\/noticias\/venta-de-entradas-vs-cordon-segunda-final\/","url":"https:\/\/www.padreydecano.com\/cms\/noticias\/venta-de-entradas-vs-cordon-segunda-final\/","name":"Venta de entradas vs Cord\u00f3n (Segunda final) - Padre y Decano - El Sitio del Pueblo","isPartOf":{"@id":"https:\/\/www.padreydecano.com\/cms\/#website"},"primaryImageOfPage":{"@id":"https:\/\/www.padreydecano.com\/cms\/noticias\/venta-de-entradas-vs-cordon-segunda-final\/#primaryimage"},"image":{"@id":"https:\/\/www.padreydecano.com\/cms\/noticias\/venta-de-entradas-vs-cordon-segunda-final\/#primaryimage"},"thumbnailUrl":"https:\/\/www.padreydecano.com\/cms\/wp-content\/uploads\/2019\/09\/IMG-20190619-WA00011130.jpg","datePublished":"2019-09-24T10:53:25+00:00","dateModified":"2019-09-26T17:23:16+00:00","breadcrumb":{"@id":"https:\/\/www.padreydecano.com\/cms\/noticias\/venta-de-entradas-vs-cordon-segunda-final\/#breadcrumb"},"inLanguage":"es","potentialAction":[{"@type":"ReadAction","target":["https:\/\/www.padreydecano.com\/cms\/noticias\/venta-de-entradas-vs-cordon-segunda-final\/"]}]},{"@type":"ImageObject","inLanguage":"es","@id":"https:\/\/www.padreydecano.com\/cms\/noticias\/venta-de-entradas-vs-cordon-segunda-final\/#primaryimage","url":"https:\/\/www.padreydecano.com\/cms\/wp-content\/uploads\/2019\/09\/IMG-20190619-WA00011130.jpg","contentUrl":"https:\/\/www.padreydecano.com\/cms\/wp-content\/uploads\/2019\/09\/IMG-20190619-WA00011130.jpg","width":1280,"height":720},{"@type":"BreadcrumbList","@id":"https:\/\/www.padreydecano.com\/cms\/noticias\/venta-de-entradas-vs-cordon-segunda-final\/#breadcrumb","itemListElement":[{"@type":"ListItem","position":1,"name":"Portada","item":"https:\/\/www.padreydecano.com\/cms\/"},{"@type":"ListItem","position":2,"name":"Venta de entradas vs Cord\u00f3n (Segunda final)"}]},{"@type":"WebSite","@id":"https:\/\/www.padreydecano.com\/cms\/#website","url":"https:\/\/www.padreydecano.com\/cms\/","name":"Padre y Decano - El Sitio del Pueblo","description":"Club Atl\u00e9tico Pe\u00f1arol","publisher":{"@id":"https:\/\/www.padreydecano.com\/cms\/#organization"},"potentialAction":[{"@type":"SearchAction","target":{"@type":"EntryPoint","urlTemplate":"https:\/\/www.padreydecano.com\/cms\/?s={search_term_string}"},"query-input":"required name=search_term_string"}],"inLanguage":"es"},{"@type":"Organization","@id":"https:\/\/www.padreydecano.com\/cms\/#organization","name":"Padre y Decano","url":"https:\/\/www.padreydecano.com\/cms\/","logo":{"@type":"ImageObject","inLanguage":"es","@id":"https:\/\/www.padreydecano.com\/cms\/#\/schema\/logo\/image\/","url":"https:\/\/www.padreydecano.com\/cms\/wp-content\/uploads\/2022\/01\/avatar-square.png","contentUrl":"https:\/\/www.padreydecano.com\/cms\/wp-content\/uploads\/2022\/01\/avatar-square.png","width":1500,"height":1500,"caption":"Padre y Decano"},"image":{"@id":"https:\/\/www.padreydecano.com\/cms\/#\/schema\/logo\/image\/"}},{"@type":"Person","@id":"https:\/\/www.padreydecano.com\/cms\/#\/schema\/person\/dda6ac238f4f69692a6b47040d9099c1","name":"Macarena Aguerre","image":{"@type":"ImageObject","inLanguage":"es","@id":"https:\/\/www.padreydecano.com\/cms\/#\/schema\/person\/image\/","url":"https:\/\/secure.gravatar.com\/avatar\/8cd2b3a906b420f88eeaac4dae3ba69b?s=96&d=https%3A%2F%2Fpadreydecano.com%2Fcms%2Fwp-content%2Fthemes%2Fpyd-theme%2Fimg%2Fdefault-avatar.png&r=g","contentUrl":"https:\/\/secure.gravatar.com\/avatar\/8cd2b3a906b420f88eeaac4dae3ba69b?s=96&d=https%3A%2F%2Fpadreydecano.com%2Fcms%2Fwp-content%2Fthemes%2Fpyd-theme%2Fimg%2Fdefault-avatar.png&r=g","caption":"Macarena Aguerre"}}]}},"_links":{"self":[{"href":"https:\/\/www.padreydecano.com\/cms\/wp-json\/wp\/v2\/posts\/71900"}],"collection":[{"href":"https:\/\/www.padreydecano.com\/cms\/wp-json\/wp\/v2\/posts"}],"about":[{"href":"https:\/\/www.padreydecano.com\/cms\/wp-json\/wp\/v2\/types\/post"}],"author":[{"embeddable":true,"href":"https:\/\/www.padreydecano.com\/cms\/wp-json\/wp\/v2\/users\/31"}],"replies":[{"embeddable":true,"href":"https:\/\/www.padreydecano.com\/cms\/wp-json\/wp\/v2\/comments?post=71900"}],"version-history":[{"count":0,"href":"https:\/\/www.padreydecano.com\/cms\/wp-json\/wp\/v2\/posts\/71900\/revisions"}],"wp:featuredmedia":[{"embeddable":true,"href":"https:\/\/www.padreydecano.com\/cms\/wp-json\/wp\/v2\/media\/71901"}],"wp:attachment":[{"href":"https:\/\/www.padreydecano.com\/cms\/wp-json\/wp\/v2\/media?parent=71900"}],"wp:term":[{"taxonomy":"category","embeddable":true,"href":"https:\/\/www.padreydecano.com\/cms\/wp-json\/wp\/v2\/categories?post=71900"},{"taxonomy":"post_tag","embeddable":true,"href":"https:\/\/www.padreydecano.com\/cms\/wp-json\/wp\/v2\/tags?post=71900"}],"curies":[{"name":"wp","href":"https:\/\/api.w.org\/{rel}","templated":true}]}}