{"id":71889,"date":"2019-09-23T13:25:08","date_gmt":"2019-09-23T16:25:08","guid":{"rendered":"http:\/\/www.padreydecano.com\/cms\/?p=71889"},"modified":"2019-09-24T07:29:26","modified_gmt":"2019-09-24T10:29:26","slug":"primer-capitulo","status":"publish","type":"post","link":"https:\/\/www.padreydecano.com\/cms\/noticias\/primer-capitulo\/","title":{"rendered":"Primer capitulo"},"content":{"rendered":"<p style=\"text-align: justify;\"><img loading=\"lazy\" decoding=\"async\" class=\"size-medium wp-image-71789 aligncenter\" src=\"https:\/\/www.padreydecano.com\/cms\/wp-content\/uploads\/2019\/09\/WhatsApp-Image-2019-09-12-at-21.57.38-600x400.jpeg\" alt=\"\" width=\"600\" height=\"400\" srcset=\"https:\/\/www.padreydecano.com\/cms\/wp-content\/uploads\/2019\/09\/WhatsApp-Image-2019-09-12-at-21.57.38-600x400.jpeg 600w, https:\/\/www.padreydecano.com\/cms\/wp-content\/uploads\/2019\/09\/WhatsApp-Image-2019-09-12-at-21.57.38-768x512.jpeg 768w, https:\/\/www.padreydecano.com\/cms\/wp-content\/uploads\/2019\/09\/WhatsApp-Image-2019-09-12-at-21.57.38-1024x682.jpeg 1024w, https:\/\/www.padreydecano.com\/cms\/wp-content\/uploads\/2019\/09\/WhatsApp-Image-2019-09-12-at-21.57.38.jpeg 1600w\" sizes=\"(max-width: 600px) 100vw, 600px\" \/><\/p>\n<p style=\"text-align: justify;\"><strong>Esta noche desde las 20:15, Pe\u00f1arol visitar\u00e1 a Cord\u00f3n por la primera final en busca del segundo ascenso.<\/strong><\/p>\n<p style=\"text-align: justify;\">Al mejor de tres juegos se definir\u00e1 quien jugar\u00e1 la Liga Uruguaya 2020\/2021. Ninguno de los equipos llega con su mejor versi\u00f3n pero s\u00ed con una mochila muy pesada: solo importa el ascenso. Habr\u00e1 que ver cu\u00e1nto pudo trabajar el equipo en estos d\u00edas que transcurrieron desde la \u00faltima victoria ante Col\u00f3n. Sin dudas hay mucho para mejorar de lo que fue la serie por semis.<\/p>\n<p style=\"text-align: justify;\">De ganar hoy, se dar\u00e1 la posibilidad de lograr el ascenso en el Palacio Pe\u00f1arol, el pr\u00f3ximo jueves. En caso de que la serie necesite un tercer y definitivo juego, se jugar\u00e1 en cancha de Goes.<\/p>\n<p style=\"text-align: justify;\">Las entradas se encuentran disponibles para socios de b\u00e1squetbol a $220 y para socios de Pe\u00f1arol en general, a un costo de $320.<\/p>\n<div class=\"user-wrapper\"><a class=\"userlink\" href=\"https:\/\/twitter.com\/griegosebas\" target=\"_blank\"><figure><img decoding=\"async\" src=\"http:\/\/www.padreydecano.com\/cms\/wp-users-files\/postfirmas\/sebagriego.jpg\" \/><\/figure><p class=\"user\"><strong>Sebasti&aacute;n Griego<\/strong><br \/>@SebaGriego<\/p><\/a><\/div>\n","protected":false},"excerpt":{"rendered":"<p>Esta noche desde las 20:15, Pe\u00f1arol visitar\u00e1 a Cord\u00f3n por la primera final en busca del segundo ascenso. Al mejor de tres juegos se definir\u00e1 quien jugar\u00e1 la Liga Uruguaya 2020\/2021. Ninguno de los equipos llega con su mejor versi\u00f3n pero s\u00ed con una mochila muy pesada: solo importa el ascenso. Habr\u00e1 que ver cu\u00e1nto [&hellip;]<\/p>\n","protected":false},"author":27,"featured_media":71890,"comment_status":"open","ping_status":"closed","sticky":false,"template":"","format":"standard","meta":{"footnotes":""},"categories":[407,1],"tags":[406,32],"yoast_head":"<!-- This site is optimized with the Yoast SEO plugin v23.2 - https:\/\/yoast.com\/wordpress\/plugins\/seo\/ -->\n<title>Primer capitulo - Padre y Decano - El Sitio del Pueblo<\/title>\n<meta name=\"robots\" content=\"index, follow, max-snippet:-1, max-image-preview:large, max-video-preview:-1\" \/>\n<link rel=\"canonical\" href=\"https:\/\/www.padreydecano.com\/cms\/noticias\/primer-capitulo\/\" \/>\n<meta property=\"og:locale\" content=\"es_ES\" \/>\n<meta property=\"og:type\" content=\"article\" \/>\n<meta property=\"og:title\" content=\"Primer capitulo - Padre y Decano - El Sitio del Pueblo\" \/>\n<meta property=\"og:description\" content=\"Esta noche desde las 20:15, Pe\u00f1arol visitar\u00e1 a Cord\u00f3n por la primera final en busca del segundo ascenso. Al mejor de tres juegos se definir\u00e1 quien jugar\u00e1 la Liga Uruguaya 2020\/2021. Ninguno de los equipos llega con su mejor versi\u00f3n pero s\u00ed con una mochila muy pesada: solo importa el ascenso. Habr\u00e1 que ver cu\u00e1nto [&hellip;]\" \/>\n<meta property=\"og:url\" content=\"https:\/\/www.padreydecano.com\/cms\/noticias\/primer-capitulo\/\" \/>\n<meta property=\"og:site_name\" content=\"Padre y Decano - El Sitio del Pueblo\" \/>\n<meta property=\"article:published_time\" content=\"2019-09-23T16:25:08+00:00\" \/>\n<meta property=\"article:modified_time\" content=\"2019-09-24T10:29:26+00:00\" \/>\n<meta property=\"og:image\" content=\"https:\/\/www.padreydecano.com\/cms\/wp-content\/uploads\/2019\/09\/457f2b24-a6c6-4da0-a85b-a62c5dadf54e.jpg\" \/>\n\t<meta property=\"og:image:width\" content=\"1334\" \/>\n\t<meta property=\"og:image:height\" content=\"889\" \/>\n\t<meta property=\"og:image:type\" content=\"image\/jpeg\" \/>\n<meta name=\"author\" content=\"Redactores Padre y Decano\" \/>\n<meta name=\"twitter:card\" content=\"summary_large_image\" \/>\n<meta name=\"twitter:label1\" content=\"Escrito por\" \/>\n\t<meta name=\"twitter:data1\" content=\"Redactores Padre y Decano\" \/>\n\t<meta name=\"twitter:label2\" content=\"Tiempo de lectura\" \/>\n\t<meta name=\"twitter:data2\" content=\"1 minuto\" \/>\n<script type=\"application\/ld+json\" class=\"yoast-schema-graph\">{\"@context\":\"https:\/\/schema.org\",\"@graph\":[{\"@type\":\"Article\",\"@id\":\"https:\/\/www.padreydecano.com\/cms\/noticias\/primer-capitulo\/#article\",\"isPartOf\":{\"@id\":\"https:\/\/www.padreydecano.com\/cms\/noticias\/primer-capitulo\/\"},\"author\":{\"name\":\"Redactores Padre y Decano\",\"@id\":\"https:\/\/www.padreydecano.com\/cms\/#\/schema\/person\/37aae8f93aa78e4c5385497f056e3246\"},\"headline\":\"Primer capitulo\",\"datePublished\":\"2019-09-23T16:25:08+00:00\",\"dateModified\":\"2019-09-24T10:29:26+00:00\",\"mainEntityOfPage\":{\"@id\":\"https:\/\/www.padreydecano.com\/cms\/noticias\/primer-capitulo\/\"},\"wordCount\":152,\"commentCount\":8,\"publisher\":{\"@id\":\"https:\/\/www.padreydecano.com\/cms\/#organization\"},\"image\":{\"@id\":\"https:\/\/www.padreydecano.com\/cms\/noticias\/primer-capitulo\/#primaryimage\"},\"thumbnailUrl\":\"https:\/\/www.padreydecano.com\/cms\/wp-content\/uploads\/2019\/09\/457f2b24-a6c6-4da0-a85b-a62c5dadf54e.jpg\",\"keywords\":[\"Metro 2019\",\"Venta de entradas\"],\"articleSection\":[\"Basket\",\"Noticias\"],\"inLanguage\":\"es\",\"potentialAction\":[{\"@type\":\"CommentAction\",\"name\":\"Comment\",\"target\":[\"https:\/\/www.padreydecano.com\/cms\/noticias\/primer-capitulo\/#respond\"]}]},{\"@type\":\"WebPage\",\"@id\":\"https:\/\/www.padreydecano.com\/cms\/noticias\/primer-capitulo\/\",\"url\":\"https:\/\/www.padreydecano.com\/cms\/noticias\/primer-capitulo\/\",\"name\":\"Primer capitulo - Padre y Decano - El Sitio del Pueblo\",\"isPartOf\":{\"@id\":\"https:\/\/www.padreydecano.com\/cms\/#website\"},\"primaryImageOfPage\":{\"@id\":\"https:\/\/www.padreydecano.com\/cms\/noticias\/primer-capitulo\/#primaryimage\"},\"image\":{\"@id\":\"https:\/\/www.padreydecano.com\/cms\/noticias\/primer-capitulo\/#primaryimage\"},\"thumbnailUrl\":\"https:\/\/www.padreydecano.com\/cms\/wp-content\/uploads\/2019\/09\/457f2b24-a6c6-4da0-a85b-a62c5dadf54e.jpg\",\"datePublished\":\"2019-09-23T16:25:08+00:00\",\"dateModified\":\"2019-09-24T10:29:26+00:00\",\"breadcrumb\":{\"@id\":\"https:\/\/www.padreydecano.com\/cms\/noticias\/primer-capitulo\/#breadcrumb\"},\"inLanguage\":\"es\",\"potentialAction\":[{\"@type\":\"ReadAction\",\"target\":[\"https:\/\/www.padreydecano.com\/cms\/noticias\/primer-capitulo\/\"]}]},{\"@type\":\"ImageObject\",\"inLanguage\":\"es\",\"@id\":\"https:\/\/www.padreydecano.com\/cms\/noticias\/primer-capitulo\/#primaryimage\",\"url\":\"https:\/\/www.padreydecano.com\/cms\/wp-content\/uploads\/2019\/09\/457f2b24-a6c6-4da0-a85b-a62c5dadf54e.jpg\",\"contentUrl\":\"https:\/\/www.padreydecano.com\/cms\/wp-content\/uploads\/2019\/09\/457f2b24-a6c6-4da0-a85b-a62c5dadf54e.jpg\",\"width\":1334,\"height\":889},{\"@type\":\"BreadcrumbList\",\"@id\":\"https:\/\/www.padreydecano.com\/cms\/noticias\/primer-capitulo\/#breadcrumb\",\"itemListElement\":[{\"@type\":\"ListItem\",\"position\":1,\"name\":\"Portada\",\"item\":\"https:\/\/www.padreydecano.com\/cms\/\"},{\"@type\":\"ListItem\",\"position\":2,\"name\":\"Primer capitulo\"}]},{\"@type\":\"WebSite\",\"@id\":\"https:\/\/www.padreydecano.com\/cms\/#website\",\"url\":\"https:\/\/www.padreydecano.com\/cms\/\",\"name\":\"Padre y Decano - El Sitio del Pueblo\",\"description\":\"Club Atl\u00e9tico Pe\u00f1arol\",\"publisher\":{\"@id\":\"https:\/\/www.padreydecano.com\/cms\/#organization\"},\"potentialAction\":[{\"@type\":\"SearchAction\",\"target\":{\"@type\":\"EntryPoint\",\"urlTemplate\":\"https:\/\/www.padreydecano.com\/cms\/?s={search_term_string}\"},\"query-input\":\"required name=search_term_string\"}],\"inLanguage\":\"es\"},{\"@type\":\"Organization\",\"@id\":\"https:\/\/www.padreydecano.com\/cms\/#organization\",\"name\":\"Padre y Decano\",\"url\":\"https:\/\/www.padreydecano.com\/cms\/\",\"logo\":{\"@type\":\"ImageObject\",\"inLanguage\":\"es\",\"@id\":\"https:\/\/www.padreydecano.com\/cms\/#\/schema\/logo\/image\/\",\"url\":\"https:\/\/www.padreydecano.com\/cms\/wp-content\/uploads\/2022\/01\/avatar-square.png\",\"contentUrl\":\"https:\/\/www.padreydecano.com\/cms\/wp-content\/uploads\/2022\/01\/avatar-square.png\",\"width\":1500,\"height\":1500,\"caption\":\"Padre y Decano\"},\"image\":{\"@id\":\"https:\/\/www.padreydecano.com\/cms\/#\/schema\/logo\/image\/\"}},{\"@type\":\"Person\",\"@id\":\"https:\/\/www.padreydecano.com\/cms\/#\/schema\/person\/37aae8f93aa78e4c5385497f056e3246\",\"name\":\"Redactores Padre y Decano\",\"image\":{\"@type\":\"ImageObject\",\"inLanguage\":\"es\",\"@id\":\"https:\/\/www.padreydecano.com\/cms\/#\/schema\/person\/image\/\",\"url\":\"https:\/\/secure.gravatar.com\/avatar\/8810c4b9081192b118b104af54549af8?s=96&d=https%3A%2F%2Fpadreydecano.com%2Fcms%2Fwp-content%2Fthemes%2Fpyd-theme%2Fimg%2Fdefault-avatar.png&r=g\",\"contentUrl\":\"https:\/\/secure.gravatar.com\/avatar\/8810c4b9081192b118b104af54549af8?s=96&d=https%3A%2F%2Fpadreydecano.com%2Fcms%2Fwp-content%2Fthemes%2Fpyd-theme%2Fimg%2Fdefault-avatar.png&r=g\",\"caption\":\"Redactores Padre y Decano\"},\"sameAs\":[\"http:\/\/www.padreydecano.com\"]}]}<\/script>\n<!-- \/ Yoast SEO plugin. -->","yoast_head_json":{"title":"Primer capitulo - Padre y Decano - El Sitio del Pueblo","robots":{"index":"index","follow":"follow","max-snippet":"max-snippet:-1","max-image-preview":"max-image-preview:large","max-video-preview":"max-video-preview:-1"},"canonical":"https:\/\/www.padreydecano.com\/cms\/noticias\/primer-capitulo\/","og_locale":"es_ES","og_type":"article","og_title":"Primer capitulo - Padre y Decano - El Sitio del Pueblo","og_description":"Esta noche desde las 20:15, Pe\u00f1arol visitar\u00e1 a Cord\u00f3n por la primera final en busca del segundo ascenso. Al mejor de tres juegos se definir\u00e1 quien jugar\u00e1 la Liga Uruguaya 2020\/2021. Ninguno de los equipos llega con su mejor versi\u00f3n pero s\u00ed con una mochila muy pesada: solo importa el ascenso. Habr\u00e1 que ver cu\u00e1nto [&hellip;]","og_url":"https:\/\/www.padreydecano.com\/cms\/noticias\/primer-capitulo\/","og_site_name":"Padre y Decano - El Sitio del Pueblo","article_published_time":"2019-09-23T16:25:08+00:00","article_modified_time":"2019-09-24T10:29:26+00:00","og_image":[{"width":1334,"height":889,"url":"https:\/\/www.padreydecano.com\/cms\/wp-content\/uploads\/2019\/09\/457f2b24-a6c6-4da0-a85b-a62c5dadf54e.jpg","type":"image\/jpeg"}],"author":"Redactores Padre y Decano","twitter_card":"summary_large_image","twitter_misc":{"Escrito por":"Redactores Padre y Decano","Tiempo de lectura":"1 minuto"},"schema":{"@context":"https:\/\/schema.org","@graph":[{"@type":"Article","@id":"https:\/\/www.padreydecano.com\/cms\/noticias\/primer-capitulo\/#article","isPartOf":{"@id":"https:\/\/www.padreydecano.com\/cms\/noticias\/primer-capitulo\/"},"author":{"name":"Redactores Padre y Decano","@id":"https:\/\/www.padreydecano.com\/cms\/#\/schema\/person\/37aae8f93aa78e4c5385497f056e3246"},"headline":"Primer capitulo","datePublished":"2019-09-23T16:25:08+00:00","dateModified":"2019-09-24T10:29:26+00:00","mainEntityOfPage":{"@id":"https:\/\/www.padreydecano.com\/cms\/noticias\/primer-capitulo\/"},"wordCount":152,"commentCount":8,"publisher":{"@id":"https:\/\/www.padreydecano.com\/cms\/#organization"},"image":{"@id":"https:\/\/www.padreydecano.com\/cms\/noticias\/primer-capitulo\/#primaryimage"},"thumbnailUrl":"https:\/\/www.padreydecano.com\/cms\/wp-content\/uploads\/2019\/09\/457f2b24-a6c6-4da0-a85b-a62c5dadf54e.jpg","keywords":["Metro 2019","Venta de entradas"],"articleSection":["Basket","Noticias"],"inLanguage":"es","potentialAction":[{"@type":"CommentAction","name":"Comment","target":["https:\/\/www.padreydecano.com\/cms\/noticias\/primer-capitulo\/#respond"]}]},{"@type":"WebPage","@id":"https:\/\/www.padreydecano.com\/cms\/noticias\/primer-capitulo\/","url":"https:\/\/www.padreydecano.com\/cms\/noticias\/primer-capitulo\/","name":"Primer capitulo - Padre y Decano - El Sitio del Pueblo","isPartOf":{"@id":"https:\/\/www.padreydecano.com\/cms\/#website"},"primaryImageOfPage":{"@id":"https:\/\/www.padreydecano.com\/cms\/noticias\/primer-capitulo\/#primaryimage"},"image":{"@id":"https:\/\/www.padreydecano.com\/cms\/noticias\/primer-capitulo\/#primaryimage"},"thumbnailUrl":"https:\/\/www.padreydecano.com\/cms\/wp-content\/uploads\/2019\/09\/457f2b24-a6c6-4da0-a85b-a62c5dadf54e.jpg","datePublished":"2019-09-23T16:25:08+00:00","dateModified":"2019-09-24T10:29:26+00:00","breadcrumb":{"@id":"https:\/\/www.padreydecano.com\/cms\/noticias\/primer-capitulo\/#breadcrumb"},"inLanguage":"es","potentialAction":[{"@type":"ReadAction","target":["https:\/\/www.padreydecano.com\/cms\/noticias\/primer-capitulo\/"]}]},{"@type":"ImageObject","inLanguage":"es","@id":"https:\/\/www.padreydecano.com\/cms\/noticias\/primer-capitulo\/#primaryimage","url":"https:\/\/www.padreydecano.com\/cms\/wp-content\/uploads\/2019\/09\/457f2b24-a6c6-4da0-a85b-a62c5dadf54e.jpg","contentUrl":"https:\/\/www.padreydecano.com\/cms\/wp-content\/uploads\/2019\/09\/457f2b24-a6c6-4da0-a85b-a62c5dadf54e.jpg","width":1334,"height":889},{"@type":"BreadcrumbList","@id":"https:\/\/www.padreydecano.com\/cms\/noticias\/primer-capitulo\/#breadcrumb","itemListElement":[{"@type":"ListItem","position":1,"name":"Portada","item":"https:\/\/www.padreydecano.com\/cms\/"},{"@type":"ListItem","position":2,"name":"Primer capitulo"}]},{"@type":"WebSite","@id":"https:\/\/www.padreydecano.com\/cms\/#website","url":"https:\/\/www.padreydecano.com\/cms\/","name":"Padre y Decano - El Sitio del Pueblo","description":"Club Atl\u00e9tico Pe\u00f1arol","publisher":{"@id":"https:\/\/www.padreydecano.com\/cms\/#organization"},"potentialAction":[{"@type":"SearchAction","target":{"@type":"EntryPoint","urlTemplate":"https:\/\/www.padreydecano.com\/cms\/?s={search_term_string}"},"query-input":"required name=search_term_string"}],"inLanguage":"es"},{"@type":"Organization","@id":"https:\/\/www.padreydecano.com\/cms\/#organization","name":"Padre y Decano","url":"https:\/\/www.padreydecano.com\/cms\/","logo":{"@type":"ImageObject","inLanguage":"es","@id":"https:\/\/www.padreydecano.com\/cms\/#\/schema\/logo\/image\/","url":"https:\/\/www.padreydecano.com\/cms\/wp-content\/uploads\/2022\/01\/avatar-square.png","contentUrl":"https:\/\/www.padreydecano.com\/cms\/wp-content\/uploads\/2022\/01\/avatar-square.png","width":1500,"height":1500,"caption":"Padre y Decano"},"image":{"@id":"https:\/\/www.padreydecano.com\/cms\/#\/schema\/logo\/image\/"}},{"@type":"Person","@id":"https:\/\/www.padreydecano.com\/cms\/#\/schema\/person\/37aae8f93aa78e4c5385497f056e3246","name":"Redactores Padre y Decano","image":{"@type":"ImageObject","inLanguage":"es","@id":"https:\/\/www.padreydecano.com\/cms\/#\/schema\/person\/image\/","url":"https:\/\/secure.gravatar.com\/avatar\/8810c4b9081192b118b104af54549af8?s=96&d=https%3A%2F%2Fpadreydecano.com%2Fcms%2Fwp-content%2Fthemes%2Fpyd-theme%2Fimg%2Fdefault-avatar.png&r=g","contentUrl":"https:\/\/secure.gravatar.com\/avatar\/8810c4b9081192b118b104af54549af8?s=96&d=https%3A%2F%2Fpadreydecano.com%2Fcms%2Fwp-content%2Fthemes%2Fpyd-theme%2Fimg%2Fdefault-avatar.png&r=g","caption":"Redactores Padre y Decano"},"sameAs":["http:\/\/www.padreydecano.com"]}]}},"_links":{"self":[{"href":"https:\/\/www.padreydecano.com\/cms\/wp-json\/wp\/v2\/posts\/71889"}],"collection":[{"href":"https:\/\/www.padreydecano.com\/cms\/wp-json\/wp\/v2\/posts"}],"about":[{"href":"https:\/\/www.padreydecano.com\/cms\/wp-json\/wp\/v2\/types\/post"}],"author":[{"embeddable":true,"href":"https:\/\/www.padreydecano.com\/cms\/wp-json\/wp\/v2\/users\/27"}],"replies":[{"embeddable":true,"href":"https:\/\/www.padreydecano.com\/cms\/wp-json\/wp\/v2\/comments?post=71889"}],"version-history":[{"count":0,"href":"https:\/\/www.padreydecano.com\/cms\/wp-json\/wp\/v2\/posts\/71889\/revisions"}],"wp:featuredmedia":[{"embeddable":true,"href":"https:\/\/www.padreydecano.com\/cms\/wp-json\/wp\/v2\/media\/71890"}],"wp:attachment":[{"href":"https:\/\/www.padreydecano.com\/cms\/wp-json\/wp\/v2\/media?parent=71889"}],"wp:term":[{"taxonomy":"category","embeddable":true,"href":"https:\/\/www.padreydecano.com\/cms\/wp-json\/wp\/v2\/categories?post=71889"},{"taxonomy":"post_tag","embeddable":true,"href":"https:\/\/www.padreydecano.com\/cms\/wp-json\/wp\/v2\/tags?post=71889"}],"curies":[{"name":"wp","href":"https:\/\/api.w.org\/{rel}","templated":true}]}}