{"id":71798,"date":"2019-09-17T19:38:44","date_gmt":"2019-09-17T22:38:44","guid":{"rendered":"http:\/\/www.padreydecano.com\/cms\/?p=71798"},"modified":"2019-09-17T19:38:44","modified_gmt":"2019-09-17T22:38:44","slug":"formativas-puntos-repartidos","status":"publish","type":"post","link":"https:\/\/www.padreydecano.com\/cms\/partidos\/formativas-puntos-repartidos\/","title":{"rendered":"Formativas: Puntos repartidos"},"content":{"rendered":"<p><a href=\"https:\/\/www.padreydecano.com\/cms\/wp-content\/uploads\/2019\/09\/52EBED6D-3727-4EF7-B52D-F851B7883977.jpeg\" rel=\"shadowbox[sbpost-71798];player=img;\">\u200f<img loading=\"lazy\" decoding=\"async\" class=\"aligncenter size-full wp-image-71799\" src=\"https:\/\/www.padreydecano.com\/cms\/wp-content\/uploads\/2019\/09\/52EBED6D-3727-4EF7-B52D-F851B7883977.jpeg\" alt=\"\" width=\"1600\" height=\"900\" srcset=\"https:\/\/www.padreydecano.com\/cms\/wp-content\/uploads\/2019\/09\/52EBED6D-3727-4EF7-B52D-F851B7883977.jpeg 1600w, https:\/\/www.padreydecano.com\/cms\/wp-content\/uploads\/2019\/09\/52EBED6D-3727-4EF7-B52D-F851B7883977-600x338.jpeg 600w, https:\/\/www.padreydecano.com\/cms\/wp-content\/uploads\/2019\/09\/52EBED6D-3727-4EF7-B52D-F851B7883977-768x432.jpeg 768w, https:\/\/www.padreydecano.com\/cms\/wp-content\/uploads\/2019\/09\/52EBED6D-3727-4EF7-B52D-F851B7883977-1024x576.jpeg 1024w\" sizes=\"(max-width: 1600px) 100vw, 1600px\" \/><\/a><\/p>\n<p class=\"p1\" style=\"text-align: justify;\"><strong><span class=\"s1\">En el comienzo del Torneo Clausura Pe\u00f1arol recibi\u00f3 a Defensor Sporting el s\u00e1bado por la ma\u00f1ana en Las Acacias, en lo que signific\u00f3 adem\u00e1s el debut del nuevo t\u00e9cnico de la Sub 19, Alex Garc\u00eda.<\/span><\/strong><\/p>\n<p class=\"p1\" style=\"text-align: justify;\"><strong><span class=\"s1\" style=\"color: #ffcc00;\">Sub 19: Victoria siempre importante<\/span><\/strong><\/p>\n<p style=\"text-align: justify;\"><a href=\"https:\/\/www.padreydecano.com\/cms\/wp-content\/uploads\/2019\/09\/F426113F-85AC-4F6C-91A4-823592029526.jpeg\" rel=\"shadowbox[sbpost-71798];player=img;\"><img loading=\"lazy\" decoding=\"async\" class=\"size-full wp-image-71800\" src=\"https:\/\/www.padreydecano.com\/cms\/wp-content\/uploads\/2019\/09\/F426113F-85AC-4F6C-91A4-823592029526.jpeg\" alt=\"\" width=\"1322\" height=\"991\" srcset=\"https:\/\/www.padreydecano.com\/cms\/wp-content\/uploads\/2019\/09\/F426113F-85AC-4F6C-91A4-823592029526.jpeg 1322w, https:\/\/www.padreydecano.com\/cms\/wp-content\/uploads\/2019\/09\/F426113F-85AC-4F6C-91A4-823592029526-600x450.jpeg 600w, https:\/\/www.padreydecano.com\/cms\/wp-content\/uploads\/2019\/09\/F426113F-85AC-4F6C-91A4-823592029526-768x576.jpeg 768w, https:\/\/www.padreydecano.com\/cms\/wp-content\/uploads\/2019\/09\/F426113F-85AC-4F6C-91A4-823592029526-1024x768.jpeg 1024w\" sizes=\"(max-width: 1322px) 100vw, 1322px\" \/><\/a><\/p>\n<p>Foto: Formativas CAP<\/p>\n<p class=\"p1\" style=\"text-align: justify;\"><span class=\"s1\">El primer encuentro de la ma\u00f1ana del s\u00e1bado comenz\u00f3 con el bal\u00f3n siendo dominado por la visita. Por su parte, Pe\u00f1arol busc\u00f3 salir siempre con pelotas limpias desde el fondo, que le permitieran generar superioridades en ataque.<\/span><\/p>\n<p class=\"p1\" style=\"text-align: justify;\"><span class=\"s1\">Sin embargo las llegadas claras eran para la visita, buenos cierres defensivos y una excelente tapada de Correa manten\u00edan el cero en el marcador hasta el momento. Segu\u00eda el dominio violeta y Correa con el pasar de los minutos se iba convirtiendo en figura.<\/span><\/p>\n<p class=\"p1\" style=\"text-align: justify;\"><span class=\"s1\">Lo mejor de Pe\u00f1arol llegaba desde las bandas generando desbordes con peligro para la defensa contraria. \u00c1lvarez complicaba a los defensas con buenas diagonales y ganaba en el juego a\u00e9reo donde consigui\u00f3 la chance m\u00e1s clara de la primera parte. <\/span><\/p>\n<p class=\"p1\" style=\"text-align: justify;\"><span class=\"s1\">Con el correr de los minutos el partido se entrever\u00f3 y se volvi\u00f3 muy friccionado en la mitad de la cancha.<\/span><\/p>\n<p class=\"p1\" style=\"text-align: justify;\"><span class=\"s1\">Para el comienzo de la segunda mitad Pe\u00f1arol no realizaba variantes, pero s\u00ed rotaba a sus extremos de banda, buscando generar mayor peligro.<\/span><\/p>\n<p class=\"p1\" style=\"text-align: justify;\"><span class=\"s1\">En esos primeros minutos, algunas desconcentraciones defensivas hicieron que tuviera que aparecer nuevamente la figura de Mart\u00edn Correa en oportunidades consecutivas, para salvar el arco carbonero.<\/span><\/p>\n<p class=\"p1\" style=\"text-align: justify;\"><span class=\"s1\">A los 10\u2019 de la segunda parte comenzar\u00edan los cambios, que dieron sus frutos, en el primero de ellos sale Cristian \u00c1lvez y entr\u00f3 Sergio N\u00fa\u00f1ez quedando en punta y retrasando m\u00e1s a Agust\u00edn \u00c1lvarez. Posteriormente en el minuto 60\u2019 ingresa Enzo Lemos por Brandon Caraballo.<\/span><\/p>\n<p class=\"p1\" style=\"text-align: justify;\"><span class=\"s1\">Defensor por el momento ten\u00eda mayor control de bal\u00f3n, pero el partido era muy parejo como reflejaba el resultado.<\/span><\/p>\n<p class=\"p1\" style=\"text-align: justify;\"><span class=\"s1\">Faltando 15\u2019 minutos sale Rodrigo Saravia y entr\u00f3 Diego Tab\u00e1rez.<\/span><\/p>\n<p class=\"p1\" style=\"text-align: justify;\"><span class=\"s1\">Cinco minutos m\u00e1s tarde y tras una pelota a la espalda de los zagueros gan\u00f3 la posici\u00f3n Sergio N\u00fa\u00f1ez, que con mucha potencia f\u00edsica y una muy buena definici\u00f3n al primer palo abri\u00f3 el marcador.<\/span><\/p>\n<p class=\"p1\" style=\"text-align: justify;\"><span class=\"s1\">Despu\u00e9s de la apertura del tanteador se abri\u00f3 tambi\u00e9n el partido, que se volvi\u00f3 de ida y vuelta con las chances m\u00e1s claras para Pe\u00f1arol<\/span><\/p>\n<p class=\"p1\" style=\"text-align: justify;\"><span class=\"s1\">Los cambios fueron determinantes y explotando la velocidad de Lemos, sumados a la potencia de N\u00fa\u00f1ez, Pe\u00f1arol gener\u00f3 contras interesantes que pudieron ampliar el resultado. <\/span><\/p>\n<p class=\"p1\" style=\"text-align: justify;\"><span class=\"s1\">En los descuentos ingres\u00f3 Fabi\u00e1n Borges por Jairo O\u2019neill que se retir\u00f3 con una molestia.<\/span><\/p>\n<p class=\"p1\" style=\"text-align: justify;\"><span class=\"s1\">PE\u00d1AROL: Mart\u00edn Correa; Sebasti\u00e1n Hohl, Nicol\u00e1s Rodr\u00edguez, Mateo Vista, Jairo O\u2019neill (90\u2019 Fabi\u00e1n Borges); Rodrigo Saravia (75\u2019 Diego Tab\u00e1rez); Brandon Caraballo (60\u2019 Enzo Lemos), Cristian \u00c1lvez (55\u2019 Sergio N\u00fa\u00f1ez), Facundo Torres, Valent\u00edn Rodr\u00edguez; Agust\u00edn \u00c1lvarez.<\/span><\/p>\n<p class=\"p1\" style=\"text-align: justify;\"><span class=\"s1\">Suplentes<\/span><\/p>\n<p class=\"p1\" style=\"text-align: justify;\"><span class=\"s1\">Gonzalo Silva, Gast\u00f3n S\u00e1nchez y Maximiliano Andrada.<\/span><\/p>\n<p class=\"p1\" style=\"text-align: justify;\"><span class=\"s1\">DT: Alex Garc\u00eda.<\/span><\/p>\n<p class=\"p1\" style=\"text-align: justify;\"><span class=\"s1\" style=\"color: #ffcc00;\">Sub 17: Empate ag\u00f3nico<\/span><\/p>\n<p><a href=\"https:\/\/www.padreydecano.com\/cms\/wp-content\/uploads\/2019\/09\/2E94FF71-629E-488A-8E56-CE8390B87339.jpeg\" rel=\"shadowbox[sbpost-71798];player=img;\"><img loading=\"lazy\" decoding=\"async\" class=\"aligncenter size-full wp-image-71801\" src=\"https:\/\/www.padreydecano.com\/cms\/wp-content\/uploads\/2019\/09\/2E94FF71-629E-488A-8E56-CE8390B87339.jpeg\" alt=\"\" width=\"1315\" height=\"996\" srcset=\"https:\/\/www.padreydecano.com\/cms\/wp-content\/uploads\/2019\/09\/2E94FF71-629E-488A-8E56-CE8390B87339.jpeg 1315w, https:\/\/www.padreydecano.com\/cms\/wp-content\/uploads\/2019\/09\/2E94FF71-629E-488A-8E56-CE8390B87339-600x454.jpeg 600w, https:\/\/www.padreydecano.com\/cms\/wp-content\/uploads\/2019\/09\/2E94FF71-629E-488A-8E56-CE8390B87339-768x582.jpeg 768w, https:\/\/www.padreydecano.com\/cms\/wp-content\/uploads\/2019\/09\/2E94FF71-629E-488A-8E56-CE8390B87339-1024x776.jpeg 1024w\" sizes=\"(max-width: 1315px) 100vw, 1315px\" \/><\/a><\/p>\n<p class=\"p1\" style=\"text-align: justify;\"><span class=\"s1\">El encuentro comenz\u00f3 con unos primeros minutos en los que Pe\u00f1arol parec\u00eda poco enchufado y Defensor se perdi\u00f3 chances incre\u00edbles.<\/span><\/p>\n<p class=\"p1\" style=\"text-align: justify;\"><span class=\"s1\">El conjunto carbonero fue mejorando con el transcurso de los minutos, a pesar de continuar impreciso. Pe\u00f1arol gener\u00f3 sus primeras chances de gol y en el minuto 15\u2019 tuvo un claro penal no sancionado a favor, que pudo haber cambiado el rumbo del encuentro.<\/span><\/p>\n<p class=\"p1\" style=\"text-align: justify;\"><span class=\"s1\">El partido se hac\u00eda de ida y vuelta y Pe\u00f1arol aprovechaba el juego por las bandas para generar superioridad.<\/span><\/p>\n<p class=\"p1\" style=\"text-align: justify;\"><span class=\"s1\">Mientras tanto Defensor, que ten\u00eda la posesion del bal\u00f3n, encontr\u00f3 en un remate desde afuera del \u00e1rea un gol de otro partido, que no dej\u00f3 nada para hacer al arquero aurinegro ya que el tiro de larga distancia se meti\u00f3 al \u00e1ngulo superior izquierdo, faltando 5 minutos para finalizar la primera parte.<\/span><\/p>\n<p class=\"p1\" style=\"text-align: justify;\"><span class=\"s1\">El equipo violeta segu\u00eda desperdiciando chances muy claras de ampliar la ventaja.<\/span><\/p>\n<p class=\"p1\" style=\"text-align: justify;\"><span class=\"s1\">La segunda mitad arranc\u00f3 con la misma t\u00f3nica de la primera, la visita con llegadas claras al arco defendido por Randall Rodr\u00edguez.<\/span><\/p>\n<p class=\"p1\" style=\"text-align: justify;\"><span class=\"s1\">El mejor momento de Pe\u00f1arol en el encuentro, se dio a partir de los 60\u2019, con llegadas consecutivas explotando la velocidad de los extremos.<\/span><\/p>\n<p class=\"p1\" style=\"text-align: justify;\"><span class=\"s1\">A pesar de esto y tras una equivocaci\u00f3n en la salida Defensor tendr\u00eda una nueva chance clara abajo del arco con el golero ya vencido que nuevamente desperdici\u00f3 de manera incre\u00edble. Seguido a esto, Pe\u00f1arol tuvo dos chances claras de gol, el partido se volv\u00eda de un ida y vuelta constante con llegadas para ambos lados. <\/span><\/p>\n<p class=\"p1\" style=\"text-align: justify;\"><span class=\"s1\">En este tramo del encuentro el carbonero manejaba el bal\u00f3n pero equivocaba el \u00faltimo pase.<\/span><\/p>\n<p class=\"p1\" style=\"text-align: justify;\"><span class=\"s1\">En el minuto 75\u2019 tras un desborde llegar\u00eda el 2-0 del conjunto violeta, luego de que Randall Rodr\u00edguez tapara la primera y en el rebote no tuvo nada para hacer.<\/span><\/p>\n<p class=\"p1\" style=\"text-align: justify;\"><span class=\"s1\">Pe\u00f1arol posterior al gol, tuvo un peque\u00f1o baj\u00f3n futbol\u00edstico y no mantuvo esos buenos minutos que ven\u00eda mostrando.<\/span><\/p>\n<p class=\"p1\" style=\"text-align: justify;\"><span class=\"s1\">Con el equipo ya partido se fue al ataque Pe\u00f1arol en busca del descuento que llegar\u00eda en los \u00faltimos minutos, tras una muy buena incursi\u00f3n de Luciano Fern\u00e1ndez por la banda derecha luego de encarar a dos jugadores contrarios, meti\u00f3 un centro con cara externa que encontr\u00f3 la cabeza de Alfano que la mand\u00f3 a guardar.<\/span><\/p>\n<p class=\"p1\" style=\"text-align: justify;\"><span class=\"s1\">Con mucha actitud el equipo meti\u00f3 adentro de su arco a Defensor y nuevamente con un buen desborde por la punta derecha y tras un centro rastrero, estaba ah\u00ed Mat\u00edas Ferreira para empujarla en el minuto 90\u2019. <\/span><\/p>\n<p class=\"p1\" style=\"text-align: justify;\"><span class=\"s1\">Los descuentos tuvieron a Pe\u00f1arol en busca de darlo vuelta. Randall tuvo una enorme tapada en la \u00faltima en un electrizante encuentro que finaliz\u00f3 con un justo empate. Gran demostraci\u00f3n de car\u00e1cter del conjunto aurinegro ante un rival siempre dif\u00edcil. <\/span><\/p>\n<p class=\"p1\" style=\"text-align: justify;\"><span class=\"s1\">PE\u00d1AROL: Randall Rodr\u00edguez; Luciano Fern\u00e1ndez, Mat\u00edas Gonz\u00e1lez, Pablo L\u00f3pez, Kevin Aguiar; Braulio Guisolfo (75\u2019 Ezequiel Alfano), Mat\u00edas Ferreira, Brian Mansilla (85\u2019 Agust\u00edn Alaniz); Diego M\u00e9ndez, M\u00e1ximo Alonso (70\u2019 Lucas Acosta) y \u00d3scar Cruz (90\u2019 \u00c1ngel Lorenzo).<\/span><\/p>\n<p class=\"p1\" style=\"text-align: justify;\"><span class=\"s1\">Suplentes <\/span><\/p>\n<p class=\"p1\" style=\"text-align: justify;\"><span class=\"s1\">Mariano Mendoza, Maximiliano Perdomo, Nicol\u00e1s Castro y Nicol\u00e1s Rossi.<\/span><\/p>\n<p class=\"p1\" style=\"text-align: justify;\"><span class=\"s1\">DT: Adri\u00e1n Colombo.<\/span><\/p>\n<p class=\"p1\" style=\"text-align: justify;\"><strong><span class=\"s1\">Terminado el fin de semana de formativas frente a un rival siempre complicado como lo es Defensor Sporting, Pe\u00f1arol cosech\u00f3 7 puntos sobre 15 disputados. Los resultados fueron:<\/span><\/strong><\/p>\n<p class=\"p1\" style=\"text-align: justify;\"><span class=\"s1\">Sub 19: 1-0<\/span><\/p>\n<p class=\"p1\" style=\"text-align: justify;\"><span class=\"s1\">Sub 17: 2-2 <\/span><\/p>\n<p class=\"p1\" style=\"text-align: justify;\"><span class=\"s1\">Sub 16: 0-2<\/span><\/p>\n<p class=\"p1\" style=\"text-align: justify;\"><span class=\"s1\">Sub 15: 0-1<\/span><\/p>\n<p class=\"p1\" style=\"text-align: justify;\"><span class=\"s1\">Sub 14: 1-0<\/span><\/p>\n<p class=\"p1\" style=\"text-align: justify;\"><span class=\"s1\"><div class=\"user-wrapper\"><a class=\"userlink\" href=\"https:\/\/twitter.com\/agustin_oronoz\" target=\"_blank\"><figure><img decoding=\"async\" src=\"http:\/\/www.padreydecano.com\/cms\/wp-users-files\/postfirmas\/agustin_oronoz.jpg\" \/><\/figure><p class=\"user\"><strong>Agust&iacute;n Oronoz<\/strong><br \/>@agustin_oronoz<\/p><\/a><\/div><\/span><\/p>\n","protected":false},"excerpt":{"rendered":"<p>\u200f En el comienzo del Torneo Clausura Pe\u00f1arol recibi\u00f3 a Defensor Sporting el s\u00e1bado por la ma\u00f1ana en Las Acacias, en lo que signific\u00f3 adem\u00e1s el debut del nuevo t\u00e9cnico de la Sub 19, Alex Garc\u00eda. Sub 19: Victoria siempre importante Foto: Formativas CAP El primer encuentro de la ma\u00f1ana del s\u00e1bado comenz\u00f3 con el [&hellip;]<\/p>\n","protected":false},"author":30,"featured_media":71799,"comment_status":"open","ping_status":"closed","sticky":false,"template":"","format":"standard","meta":{"footnotes":""},"categories":[40,13],"tags":[],"yoast_head":"<!-- This site is optimized with the Yoast SEO plugin v23.2 - https:\/\/yoast.com\/wordpress\/plugins\/seo\/ -->\n<title>Formativas: Puntos repartidos - Padre y Decano - El Sitio del Pueblo<\/title>\n<meta name=\"robots\" content=\"index, follow, max-snippet:-1, max-image-preview:large, max-video-preview:-1\" \/>\n<link rel=\"canonical\" href=\"https:\/\/www.padreydecano.com\/cms\/partidos\/formativas-puntos-repartidos\/\" \/>\n<meta property=\"og:locale\" content=\"es_ES\" \/>\n<meta property=\"og:type\" content=\"article\" \/>\n<meta property=\"og:title\" content=\"Formativas: Puntos repartidos - Padre y Decano - El Sitio del Pueblo\" \/>\n<meta property=\"og:description\" content=\"\u200f En el comienzo del Torneo Clausura Pe\u00f1arol recibi\u00f3 a Defensor Sporting el s\u00e1bado por la ma\u00f1ana en Las Acacias, en lo que signific\u00f3 adem\u00e1s el debut del nuevo t\u00e9cnico de la Sub 19, Alex Garc\u00eda. Sub 19: Victoria siempre importante Foto: Formativas CAP El primer encuentro de la ma\u00f1ana del s\u00e1bado comenz\u00f3 con el [&hellip;]\" \/>\n<meta property=\"og:url\" content=\"https:\/\/www.padreydecano.com\/cms\/partidos\/formativas-puntos-repartidos\/\" \/>\n<meta property=\"og:site_name\" content=\"Padre y Decano - El Sitio del Pueblo\" \/>\n<meta property=\"article:published_time\" content=\"2019-09-17T22:38:44+00:00\" \/>\n<meta property=\"og:image\" content=\"https:\/\/www.padreydecano.com\/cms\/wp-content\/uploads\/2019\/09\/52EBED6D-3727-4EF7-B52D-F851B7883977.jpeg\" \/>\n\t<meta property=\"og:image:width\" content=\"1600\" \/>\n\t<meta property=\"og:image:height\" content=\"900\" \/>\n\t<meta property=\"og:image:type\" content=\"image\/jpeg\" \/>\n<meta name=\"author\" content=\"Udelar\" \/>\n<meta name=\"twitter:card\" content=\"summary_large_image\" \/>\n<meta name=\"twitter:label1\" content=\"Escrito por\" \/>\n\t<meta name=\"twitter:data1\" content=\"Udelar\" \/>\n\t<meta name=\"twitter:label2\" content=\"Tiempo de lectura\" \/>\n\t<meta name=\"twitter:data2\" content=\"5 minutos\" \/>\n<script type=\"application\/ld+json\" class=\"yoast-schema-graph\">{\"@context\":\"https:\/\/schema.org\",\"@graph\":[{\"@type\":\"Article\",\"@id\":\"https:\/\/www.padreydecano.com\/cms\/partidos\/formativas-puntos-repartidos\/#article\",\"isPartOf\":{\"@id\":\"https:\/\/www.padreydecano.com\/cms\/partidos\/formativas-puntos-repartidos\/\"},\"author\":{\"name\":\"Udelar\",\"@id\":\"https:\/\/www.padreydecano.com\/cms\/#\/schema\/person\/b22191326be6d1c7fa55c2ad137a9a32\"},\"headline\":\"Formativas: Puntos repartidos\",\"datePublished\":\"2019-09-17T22:38:44+00:00\",\"dateModified\":\"2019-09-17T22:38:44+00:00\",\"mainEntityOfPage\":{\"@id\":\"https:\/\/www.padreydecano.com\/cms\/partidos\/formativas-puntos-repartidos\/\"},\"wordCount\":1075,\"commentCount\":3,\"publisher\":{\"@id\":\"https:\/\/www.padreydecano.com\/cms\/#organization\"},\"image\":{\"@id\":\"https:\/\/www.padreydecano.com\/cms\/partidos\/formativas-puntos-repartidos\/#primaryimage\"},\"thumbnailUrl\":\"https:\/\/www.padreydecano.com\/cms\/wp-content\/uploads\/2019\/09\/52EBED6D-3727-4EF7-B52D-F851B7883977.jpeg\",\"articleSection\":[\"Formativas\",\"Partidos\"],\"inLanguage\":\"es\",\"potentialAction\":[{\"@type\":\"CommentAction\",\"name\":\"Comment\",\"target\":[\"https:\/\/www.padreydecano.com\/cms\/partidos\/formativas-puntos-repartidos\/#respond\"]}]},{\"@type\":\"WebPage\",\"@id\":\"https:\/\/www.padreydecano.com\/cms\/partidos\/formativas-puntos-repartidos\/\",\"url\":\"https:\/\/www.padreydecano.com\/cms\/partidos\/formativas-puntos-repartidos\/\",\"name\":\"Formativas: Puntos repartidos - Padre y Decano - El Sitio del Pueblo\",\"isPartOf\":{\"@id\":\"https:\/\/www.padreydecano.com\/cms\/#website\"},\"primaryImageOfPage\":{\"@id\":\"https:\/\/www.padreydecano.com\/cms\/partidos\/formativas-puntos-repartidos\/#primaryimage\"},\"image\":{\"@id\":\"https:\/\/www.padreydecano.com\/cms\/partidos\/formativas-puntos-repartidos\/#primaryimage\"},\"thumbnailUrl\":\"https:\/\/www.padreydecano.com\/cms\/wp-content\/uploads\/2019\/09\/52EBED6D-3727-4EF7-B52D-F851B7883977.jpeg\",\"datePublished\":\"2019-09-17T22:38:44+00:00\",\"dateModified\":\"2019-09-17T22:38:44+00:00\",\"breadcrumb\":{\"@id\":\"https:\/\/www.padreydecano.com\/cms\/partidos\/formativas-puntos-repartidos\/#breadcrumb\"},\"inLanguage\":\"es\",\"potentialAction\":[{\"@type\":\"ReadAction\",\"target\":[\"https:\/\/www.padreydecano.com\/cms\/partidos\/formativas-puntos-repartidos\/\"]}]},{\"@type\":\"ImageObject\",\"inLanguage\":\"es\",\"@id\":\"https:\/\/www.padreydecano.com\/cms\/partidos\/formativas-puntos-repartidos\/#primaryimage\",\"url\":\"https:\/\/www.padreydecano.com\/cms\/wp-content\/uploads\/2019\/09\/52EBED6D-3727-4EF7-B52D-F851B7883977.jpeg\",\"contentUrl\":\"https:\/\/www.padreydecano.com\/cms\/wp-content\/uploads\/2019\/09\/52EBED6D-3727-4EF7-B52D-F851B7883977.jpeg\",\"width\":1600,\"height\":900},{\"@type\":\"BreadcrumbList\",\"@id\":\"https:\/\/www.padreydecano.com\/cms\/partidos\/formativas-puntos-repartidos\/#breadcrumb\",\"itemListElement\":[{\"@type\":\"ListItem\",\"position\":1,\"name\":\"Portada\",\"item\":\"https:\/\/www.padreydecano.com\/cms\/\"},{\"@type\":\"ListItem\",\"position\":2,\"name\":\"Formativas: Puntos repartidos\"}]},{\"@type\":\"WebSite\",\"@id\":\"https:\/\/www.padreydecano.com\/cms\/#website\",\"url\":\"https:\/\/www.padreydecano.com\/cms\/\",\"name\":\"Padre y Decano - El Sitio del Pueblo\",\"description\":\"Club Atl\u00e9tico Pe\u00f1arol\",\"publisher\":{\"@id\":\"https:\/\/www.padreydecano.com\/cms\/#organization\"},\"potentialAction\":[{\"@type\":\"SearchAction\",\"target\":{\"@type\":\"EntryPoint\",\"urlTemplate\":\"https:\/\/www.padreydecano.com\/cms\/?s={search_term_string}\"},\"query-input\":\"required name=search_term_string\"}],\"inLanguage\":\"es\"},{\"@type\":\"Organization\",\"@id\":\"https:\/\/www.padreydecano.com\/cms\/#organization\",\"name\":\"Padre y Decano\",\"url\":\"https:\/\/www.padreydecano.com\/cms\/\",\"logo\":{\"@type\":\"ImageObject\",\"inLanguage\":\"es\",\"@id\":\"https:\/\/www.padreydecano.com\/cms\/#\/schema\/logo\/image\/\",\"url\":\"https:\/\/www.padreydecano.com\/cms\/wp-content\/uploads\/2022\/01\/avatar-square.png\",\"contentUrl\":\"https:\/\/www.padreydecano.com\/cms\/wp-content\/uploads\/2022\/01\/avatar-square.png\",\"width\":1500,\"height\":1500,\"caption\":\"Padre y Decano\"},\"image\":{\"@id\":\"https:\/\/www.padreydecano.com\/cms\/#\/schema\/logo\/image\/\"}},{\"@type\":\"Person\",\"@id\":\"https:\/\/www.padreydecano.com\/cms\/#\/schema\/person\/b22191326be6d1c7fa55c2ad137a9a32\",\"name\":\"Udelar\",\"image\":{\"@type\":\"ImageObject\",\"inLanguage\":\"es\",\"@id\":\"https:\/\/www.padreydecano.com\/cms\/#\/schema\/person\/image\/\",\"url\":\"https:\/\/secure.gravatar.com\/avatar\/611ece663b16897a2cd2f46982281225?s=96&d=https%3A%2F%2Fpadreydecano.com%2Fcms%2Fwp-content%2Fthemes%2Fpyd-theme%2Fimg%2Fdefault-avatar.png&r=g\",\"contentUrl\":\"https:\/\/secure.gravatar.com\/avatar\/611ece663b16897a2cd2f46982281225?s=96&d=https%3A%2F%2Fpadreydecano.com%2Fcms%2Fwp-content%2Fthemes%2Fpyd-theme%2Fimg%2Fdefault-avatar.png&r=g\",\"caption\":\"Udelar\"}}]}<\/script>\n<!-- \/ Yoast SEO plugin. -->","yoast_head_json":{"title":"Formativas: Puntos repartidos - Padre y Decano - El Sitio del Pueblo","robots":{"index":"index","follow":"follow","max-snippet":"max-snippet:-1","max-image-preview":"max-image-preview:large","max-video-preview":"max-video-preview:-1"},"canonical":"https:\/\/www.padreydecano.com\/cms\/partidos\/formativas-puntos-repartidos\/","og_locale":"es_ES","og_type":"article","og_title":"Formativas: Puntos repartidos - Padre y Decano - El Sitio del Pueblo","og_description":"\u200f En el comienzo del Torneo Clausura Pe\u00f1arol recibi\u00f3 a Defensor Sporting el s\u00e1bado por la ma\u00f1ana en Las Acacias, en lo que signific\u00f3 adem\u00e1s el debut del nuevo t\u00e9cnico de la Sub 19, Alex Garc\u00eda. Sub 19: Victoria siempre importante Foto: Formativas CAP El primer encuentro de la ma\u00f1ana del s\u00e1bado comenz\u00f3 con el [&hellip;]","og_url":"https:\/\/www.padreydecano.com\/cms\/partidos\/formativas-puntos-repartidos\/","og_site_name":"Padre y Decano - El Sitio del Pueblo","article_published_time":"2019-09-17T22:38:44+00:00","og_image":[{"width":1600,"height":900,"url":"https:\/\/www.padreydecano.com\/cms\/wp-content\/uploads\/2019\/09\/52EBED6D-3727-4EF7-B52D-F851B7883977.jpeg","type":"image\/jpeg"}],"author":"Udelar","twitter_card":"summary_large_image","twitter_misc":{"Escrito por":"Udelar","Tiempo de lectura":"5 minutos"},"schema":{"@context":"https:\/\/schema.org","@graph":[{"@type":"Article","@id":"https:\/\/www.padreydecano.com\/cms\/partidos\/formativas-puntos-repartidos\/#article","isPartOf":{"@id":"https:\/\/www.padreydecano.com\/cms\/partidos\/formativas-puntos-repartidos\/"},"author":{"name":"Udelar","@id":"https:\/\/www.padreydecano.com\/cms\/#\/schema\/person\/b22191326be6d1c7fa55c2ad137a9a32"},"headline":"Formativas: Puntos repartidos","datePublished":"2019-09-17T22:38:44+00:00","dateModified":"2019-09-17T22:38:44+00:00","mainEntityOfPage":{"@id":"https:\/\/www.padreydecano.com\/cms\/partidos\/formativas-puntos-repartidos\/"},"wordCount":1075,"commentCount":3,"publisher":{"@id":"https:\/\/www.padreydecano.com\/cms\/#organization"},"image":{"@id":"https:\/\/www.padreydecano.com\/cms\/partidos\/formativas-puntos-repartidos\/#primaryimage"},"thumbnailUrl":"https:\/\/www.padreydecano.com\/cms\/wp-content\/uploads\/2019\/09\/52EBED6D-3727-4EF7-B52D-F851B7883977.jpeg","articleSection":["Formativas","Partidos"],"inLanguage":"es","potentialAction":[{"@type":"CommentAction","name":"Comment","target":["https:\/\/www.padreydecano.com\/cms\/partidos\/formativas-puntos-repartidos\/#respond"]}]},{"@type":"WebPage","@id":"https:\/\/www.padreydecano.com\/cms\/partidos\/formativas-puntos-repartidos\/","url":"https:\/\/www.padreydecano.com\/cms\/partidos\/formativas-puntos-repartidos\/","name":"Formativas: Puntos repartidos - Padre y Decano - El Sitio del Pueblo","isPartOf":{"@id":"https:\/\/www.padreydecano.com\/cms\/#website"},"primaryImageOfPage":{"@id":"https:\/\/www.padreydecano.com\/cms\/partidos\/formativas-puntos-repartidos\/#primaryimage"},"image":{"@id":"https:\/\/www.padreydecano.com\/cms\/partidos\/formativas-puntos-repartidos\/#primaryimage"},"thumbnailUrl":"https:\/\/www.padreydecano.com\/cms\/wp-content\/uploads\/2019\/09\/52EBED6D-3727-4EF7-B52D-F851B7883977.jpeg","datePublished":"2019-09-17T22:38:44+00:00","dateModified":"2019-09-17T22:38:44+00:00","breadcrumb":{"@id":"https:\/\/www.padreydecano.com\/cms\/partidos\/formativas-puntos-repartidos\/#breadcrumb"},"inLanguage":"es","potentialAction":[{"@type":"ReadAction","target":["https:\/\/www.padreydecano.com\/cms\/partidos\/formativas-puntos-repartidos\/"]}]},{"@type":"ImageObject","inLanguage":"es","@id":"https:\/\/www.padreydecano.com\/cms\/partidos\/formativas-puntos-repartidos\/#primaryimage","url":"https:\/\/www.padreydecano.com\/cms\/wp-content\/uploads\/2019\/09\/52EBED6D-3727-4EF7-B52D-F851B7883977.jpeg","contentUrl":"https:\/\/www.padreydecano.com\/cms\/wp-content\/uploads\/2019\/09\/52EBED6D-3727-4EF7-B52D-F851B7883977.jpeg","width":1600,"height":900},{"@type":"BreadcrumbList","@id":"https:\/\/www.padreydecano.com\/cms\/partidos\/formativas-puntos-repartidos\/#breadcrumb","itemListElement":[{"@type":"ListItem","position":1,"name":"Portada","item":"https:\/\/www.padreydecano.com\/cms\/"},{"@type":"ListItem","position":2,"name":"Formativas: Puntos repartidos"}]},{"@type":"WebSite","@id":"https:\/\/www.padreydecano.com\/cms\/#website","url":"https:\/\/www.padreydecano.com\/cms\/","name":"Padre y Decano - El Sitio del Pueblo","description":"Club Atl\u00e9tico Pe\u00f1arol","publisher":{"@id":"https:\/\/www.padreydecano.com\/cms\/#organization"},"potentialAction":[{"@type":"SearchAction","target":{"@type":"EntryPoint","urlTemplate":"https:\/\/www.padreydecano.com\/cms\/?s={search_term_string}"},"query-input":"required name=search_term_string"}],"inLanguage":"es"},{"@type":"Organization","@id":"https:\/\/www.padreydecano.com\/cms\/#organization","name":"Padre y Decano","url":"https:\/\/www.padreydecano.com\/cms\/","logo":{"@type":"ImageObject","inLanguage":"es","@id":"https:\/\/www.padreydecano.com\/cms\/#\/schema\/logo\/image\/","url":"https:\/\/www.padreydecano.com\/cms\/wp-content\/uploads\/2022\/01\/avatar-square.png","contentUrl":"https:\/\/www.padreydecano.com\/cms\/wp-content\/uploads\/2022\/01\/avatar-square.png","width":1500,"height":1500,"caption":"Padre y Decano"},"image":{"@id":"https:\/\/www.padreydecano.com\/cms\/#\/schema\/logo\/image\/"}},{"@type":"Person","@id":"https:\/\/www.padreydecano.com\/cms\/#\/schema\/person\/b22191326be6d1c7fa55c2ad137a9a32","name":"Udelar","image":{"@type":"ImageObject","inLanguage":"es","@id":"https:\/\/www.padreydecano.com\/cms\/#\/schema\/person\/image\/","url":"https:\/\/secure.gravatar.com\/avatar\/611ece663b16897a2cd2f46982281225?s=96&d=https%3A%2F%2Fpadreydecano.com%2Fcms%2Fwp-content%2Fthemes%2Fpyd-theme%2Fimg%2Fdefault-avatar.png&r=g","contentUrl":"https:\/\/secure.gravatar.com\/avatar\/611ece663b16897a2cd2f46982281225?s=96&d=https%3A%2F%2Fpadreydecano.com%2Fcms%2Fwp-content%2Fthemes%2Fpyd-theme%2Fimg%2Fdefault-avatar.png&r=g","caption":"Udelar"}}]}},"_links":{"self":[{"href":"https:\/\/www.padreydecano.com\/cms\/wp-json\/wp\/v2\/posts\/71798"}],"collection":[{"href":"https:\/\/www.padreydecano.com\/cms\/wp-json\/wp\/v2\/posts"}],"about":[{"href":"https:\/\/www.padreydecano.com\/cms\/wp-json\/wp\/v2\/types\/post"}],"author":[{"embeddable":true,"href":"https:\/\/www.padreydecano.com\/cms\/wp-json\/wp\/v2\/users\/30"}],"replies":[{"embeddable":true,"href":"https:\/\/www.padreydecano.com\/cms\/wp-json\/wp\/v2\/comments?post=71798"}],"version-history":[{"count":0,"href":"https:\/\/www.padreydecano.com\/cms\/wp-json\/wp\/v2\/posts\/71798\/revisions"}],"wp:featuredmedia":[{"embeddable":true,"href":"https:\/\/www.padreydecano.com\/cms\/wp-json\/wp\/v2\/media\/71799"}],"wp:attachment":[{"href":"https:\/\/www.padreydecano.com\/cms\/wp-json\/wp\/v2\/media?parent=71798"}],"wp:term":[{"taxonomy":"category","embeddable":true,"href":"https:\/\/www.padreydecano.com\/cms\/wp-json\/wp\/v2\/categories?post=71798"},{"taxonomy":"post_tag","embeddable":true,"href":"https:\/\/www.padreydecano.com\/cms\/wp-json\/wp\/v2\/tags?post=71798"}],"curies":[{"name":"wp","href":"https:\/\/api.w.org\/{rel}","templated":true}]}}