{"id":71568,"date":"2019-08-21T18:43:02","date_gmt":"2019-08-21T21:43:02","guid":{"rendered":"http:\/\/www.padreydecano.com\/cms\/?p=71568"},"modified":"2019-08-24T09:18:31","modified_gmt":"2019-08-24T12:18:31","slug":"venta-de-entradas-vs-union-atletica-liguilla","status":"publish","type":"post","link":"https:\/\/www.padreydecano.com\/cms\/noticias\/venta-de-entradas-vs-union-atletica-liguilla\/","title":{"rendered":"Venta de entradas vs Uni\u00f3n Atl\u00e9tica (Liguilla)"},"content":{"rendered":"<p><a href=\"https:\/\/www.padreydecano.com\/cms\/wp-content\/uploads\/2019\/06\/Venta-de-entradas-basket.jpg\" rel=\"shadowbox[sbpost-71568];player=img;\"><img loading=\"lazy\" decoding=\"async\" class=\"aligncenter size-full wp-image-71019\" src=\"https:\/\/www.padreydecano.com\/cms\/wp-content\/uploads\/2019\/06\/Venta-de-entradas-basket.jpg\" alt=\"\" width=\"1280\" height=\"720\" srcset=\"https:\/\/www.padreydecano.com\/cms\/wp-content\/uploads\/2019\/06\/Venta-de-entradas-basket.jpg 1280w, https:\/\/www.padreydecano.com\/cms\/wp-content\/uploads\/2019\/06\/Venta-de-entradas-basket-600x338.jpg 600w, https:\/\/www.padreydecano.com\/cms\/wp-content\/uploads\/2019\/06\/Venta-de-entradas-basket-768x432.jpg 768w, https:\/\/www.padreydecano.com\/cms\/wp-content\/uploads\/2019\/06\/Venta-de-entradas-basket-1024x576.jpg 1024w\" sizes=\"(max-width: 1280px) 100vw, 1280px\" \/><\/a><\/p>\n<p style=\"text-align: justify;\"><strong>El viernes a partir de las 20.15 horas, Pe\u00f1arol recibe a Uni\u00f3n Atl\u00e9tica en Larre Borges, por la sexta fecha de la Liguilla. Ser\u00e1 el pen\u00faltimo partido antes de conocer al campe\u00f3n del Metropolitano 2019.<\/strong><\/p>\n<p style=\"text-align: justify;\">Las entradas ya se encuentran disponibles en RedPagos y a trav\u00e9s de Tickantel.<\/p>\n<p style=\"text-align: justify;\"><span style=\"color: #ffcc00;\"><strong>Precios<\/strong><\/span><\/p>\n<ul>\n<li style=\"text-align: justify;\"><strong>Socio Campe\u00f3n Sudamericano y Socio Campe\u00f3n Federal:<\/strong> Gratis presentando el carnet en la puerta<\/li>\n<li style=\"text-align: justify;\"><strong>Socio Colaborador Basket:<\/strong> $100<\/li>\n<li style=\"text-align: justify;\"><strong>Generales Pe\u00f1arol:<\/strong> $220<\/li>\n<li style=\"text-align: justify;\"><strong>E-Brou:<\/strong> $110<\/li>\n<li style=\"text-align: justify;\"><strong>Los menores de 11 a\u00f1os ingresan gratis acompa\u00f1ados de un adulto.<\/strong><\/li>\n<\/ul>\n<p style=\"text-align: justify;\"><span style=\"color: #ffcc00;\"><strong>Visita<\/strong><\/span><\/p>\n<p style=\"text-align: justify;\">No habr\u00e1 venta de entradas para la parcialidad visitante.<\/p>\n<p style=\"text-align: justify;\"><div class=\"user-wrapper\"><a class=\"userlink\"href=\"https:\/\/twitter.com\/ftrucce18\" target=\"_blank\"><figure><img decoding=\"async\" src=\"http:\/\/www.padreydecano.com\/cms\/wp-users-files\/postfirmas\/ftrucce.jpg\" \/><\/figure><p class=\"user\"><strong>Franco Trucce<\/strong><br \/>@FTrucce18<\/p><\/a><\/div><\/p>\n","protected":false},"excerpt":{"rendered":"<p>El viernes a partir de las 20.15 horas, Pe\u00f1arol recibe a Uni\u00f3n Atl\u00e9tica en Larre Borges, por la sexta fecha de la Liguilla. Ser\u00e1 el pen\u00faltimo partido antes de conocer al campe\u00f3n del Metropolitano 2019. Las entradas ya se encuentran disponibles en RedPagos y a trav\u00e9s de Tickantel. Precios Socio Campe\u00f3n Sudamericano y Socio Campe\u00f3n [&hellip;]<\/p>\n","protected":false},"author":27,"featured_media":71019,"comment_status":"open","ping_status":"closed","sticky":false,"template":"","format":"standard","meta":{"footnotes":""},"categories":[407,1],"tags":[406,32],"yoast_head":"<!-- This site is optimized with the Yoast SEO plugin v23.2 - https:\/\/yoast.com\/wordpress\/plugins\/seo\/ -->\n<title>Venta de entradas vs Uni\u00f3n Atl\u00e9tica (Liguilla) - Padre y Decano - El Sitio del Pueblo<\/title>\n<meta name=\"robots\" content=\"index, follow, max-snippet:-1, max-image-preview:large, max-video-preview:-1\" \/>\n<link rel=\"canonical\" href=\"https:\/\/www.padreydecano.com\/cms\/noticias\/venta-de-entradas-vs-union-atletica-liguilla\/\" \/>\n<meta property=\"og:locale\" content=\"es_ES\" \/>\n<meta property=\"og:type\" content=\"article\" \/>\n<meta property=\"og:title\" content=\"Venta de entradas vs Uni\u00f3n Atl\u00e9tica (Liguilla) - Padre y Decano - El Sitio del Pueblo\" \/>\n<meta property=\"og:description\" content=\"El viernes a partir de las 20.15 horas, Pe\u00f1arol recibe a Uni\u00f3n Atl\u00e9tica en Larre Borges, por la sexta fecha de la Liguilla. Ser\u00e1 el pen\u00faltimo partido antes de conocer al campe\u00f3n del Metropolitano 2019. Las entradas ya se encuentran disponibles en RedPagos y a trav\u00e9s de Tickantel. Precios Socio Campe\u00f3n Sudamericano y Socio Campe\u00f3n [&hellip;]\" \/>\n<meta property=\"og:url\" content=\"https:\/\/www.padreydecano.com\/cms\/noticias\/venta-de-entradas-vs-union-atletica-liguilla\/\" \/>\n<meta property=\"og:site_name\" content=\"Padre y Decano - El Sitio del Pueblo\" \/>\n<meta property=\"article:published_time\" content=\"2019-08-21T21:43:02+00:00\" \/>\n<meta property=\"article:modified_time\" content=\"2019-08-24T12:18:31+00:00\" \/>\n<meta property=\"og:image\" content=\"https:\/\/www.padreydecano.com\/cms\/wp-content\/uploads\/2019\/06\/Venta-de-entradas-basket.jpg\" \/>\n\t<meta property=\"og:image:width\" content=\"1280\" \/>\n\t<meta property=\"og:image:height\" content=\"720\" \/>\n\t<meta property=\"og:image:type\" content=\"image\/jpeg\" \/>\n<meta name=\"author\" content=\"Redactores Padre y Decano\" \/>\n<meta name=\"twitter:card\" content=\"summary_large_image\" \/>\n<meta name=\"twitter:label1\" content=\"Escrito por\" \/>\n\t<meta name=\"twitter:data1\" content=\"Redactores Padre y Decano\" \/>\n<script type=\"application\/ld+json\" class=\"yoast-schema-graph\">{\"@context\":\"https:\/\/schema.org\",\"@graph\":[{\"@type\":\"Article\",\"@id\":\"https:\/\/www.padreydecano.com\/cms\/noticias\/venta-de-entradas-vs-union-atletica-liguilla\/#article\",\"isPartOf\":{\"@id\":\"https:\/\/www.padreydecano.com\/cms\/noticias\/venta-de-entradas-vs-union-atletica-liguilla\/\"},\"author\":{\"name\":\"Redactores Padre y Decano\",\"@id\":\"https:\/\/www.padreydecano.com\/cms\/#\/schema\/person\/37aae8f93aa78e4c5385497f056e3246\"},\"headline\":\"Venta de entradas vs Uni\u00f3n Atl\u00e9tica (Liguilla)\",\"datePublished\":\"2019-08-21T21:43:02+00:00\",\"dateModified\":\"2019-08-24T12:18:31+00:00\",\"mainEntityOfPage\":{\"@id\":\"https:\/\/www.padreydecano.com\/cms\/noticias\/venta-de-entradas-vs-union-atletica-liguilla\/\"},\"wordCount\":108,\"commentCount\":0,\"publisher\":{\"@id\":\"https:\/\/www.padreydecano.com\/cms\/#organization\"},\"image\":{\"@id\":\"https:\/\/www.padreydecano.com\/cms\/noticias\/venta-de-entradas-vs-union-atletica-liguilla\/#primaryimage\"},\"thumbnailUrl\":\"https:\/\/www.padreydecano.com\/cms\/wp-content\/uploads\/2019\/06\/Venta-de-entradas-basket.jpg\",\"keywords\":[\"Metro 2019\",\"Venta de entradas\"],\"articleSection\":[\"Basket\",\"Noticias\"],\"inLanguage\":\"es\",\"potentialAction\":[{\"@type\":\"CommentAction\",\"name\":\"Comment\",\"target\":[\"https:\/\/www.padreydecano.com\/cms\/noticias\/venta-de-entradas-vs-union-atletica-liguilla\/#respond\"]}]},{\"@type\":\"WebPage\",\"@id\":\"https:\/\/www.padreydecano.com\/cms\/noticias\/venta-de-entradas-vs-union-atletica-liguilla\/\",\"url\":\"https:\/\/www.padreydecano.com\/cms\/noticias\/venta-de-entradas-vs-union-atletica-liguilla\/\",\"name\":\"Venta de entradas vs Uni\u00f3n Atl\u00e9tica (Liguilla) - Padre y Decano - El Sitio del Pueblo\",\"isPartOf\":{\"@id\":\"https:\/\/www.padreydecano.com\/cms\/#website\"},\"primaryImageOfPage\":{\"@id\":\"https:\/\/www.padreydecano.com\/cms\/noticias\/venta-de-entradas-vs-union-atletica-liguilla\/#primaryimage\"},\"image\":{\"@id\":\"https:\/\/www.padreydecano.com\/cms\/noticias\/venta-de-entradas-vs-union-atletica-liguilla\/#primaryimage\"},\"thumbnailUrl\":\"https:\/\/www.padreydecano.com\/cms\/wp-content\/uploads\/2019\/06\/Venta-de-entradas-basket.jpg\",\"datePublished\":\"2019-08-21T21:43:02+00:00\",\"dateModified\":\"2019-08-24T12:18:31+00:00\",\"breadcrumb\":{\"@id\":\"https:\/\/www.padreydecano.com\/cms\/noticias\/venta-de-entradas-vs-union-atletica-liguilla\/#breadcrumb\"},\"inLanguage\":\"es\",\"potentialAction\":[{\"@type\":\"ReadAction\",\"target\":[\"https:\/\/www.padreydecano.com\/cms\/noticias\/venta-de-entradas-vs-union-atletica-liguilla\/\"]}]},{\"@type\":\"ImageObject\",\"inLanguage\":\"es\",\"@id\":\"https:\/\/www.padreydecano.com\/cms\/noticias\/venta-de-entradas-vs-union-atletica-liguilla\/#primaryimage\",\"url\":\"https:\/\/www.padreydecano.com\/cms\/wp-content\/uploads\/2019\/06\/Venta-de-entradas-basket.jpg\",\"contentUrl\":\"https:\/\/www.padreydecano.com\/cms\/wp-content\/uploads\/2019\/06\/Venta-de-entradas-basket.jpg\",\"width\":1280,\"height\":720},{\"@type\":\"BreadcrumbList\",\"@id\":\"https:\/\/www.padreydecano.com\/cms\/noticias\/venta-de-entradas-vs-union-atletica-liguilla\/#breadcrumb\",\"itemListElement\":[{\"@type\":\"ListItem\",\"position\":1,\"name\":\"Portada\",\"item\":\"https:\/\/www.padreydecano.com\/cms\/\"},{\"@type\":\"ListItem\",\"position\":2,\"name\":\"Venta de entradas vs Uni\u00f3n Atl\u00e9tica (Liguilla)\"}]},{\"@type\":\"WebSite\",\"@id\":\"https:\/\/www.padreydecano.com\/cms\/#website\",\"url\":\"https:\/\/www.padreydecano.com\/cms\/\",\"name\":\"Padre y Decano - El Sitio del Pueblo\",\"description\":\"Club Atl\u00e9tico Pe\u00f1arol\",\"publisher\":{\"@id\":\"https:\/\/www.padreydecano.com\/cms\/#organization\"},\"potentialAction\":[{\"@type\":\"SearchAction\",\"target\":{\"@type\":\"EntryPoint\",\"urlTemplate\":\"https:\/\/www.padreydecano.com\/cms\/?s={search_term_string}\"},\"query-input\":\"required name=search_term_string\"}],\"inLanguage\":\"es\"},{\"@type\":\"Organization\",\"@id\":\"https:\/\/www.padreydecano.com\/cms\/#organization\",\"name\":\"Padre y Decano\",\"url\":\"https:\/\/www.padreydecano.com\/cms\/\",\"logo\":{\"@type\":\"ImageObject\",\"inLanguage\":\"es\",\"@id\":\"https:\/\/www.padreydecano.com\/cms\/#\/schema\/logo\/image\/\",\"url\":\"https:\/\/www.padreydecano.com\/cms\/wp-content\/uploads\/2022\/01\/avatar-square.png\",\"contentUrl\":\"https:\/\/www.padreydecano.com\/cms\/wp-content\/uploads\/2022\/01\/avatar-square.png\",\"width\":1500,\"height\":1500,\"caption\":\"Padre y Decano\"},\"image\":{\"@id\":\"https:\/\/www.padreydecano.com\/cms\/#\/schema\/logo\/image\/\"}},{\"@type\":\"Person\",\"@id\":\"https:\/\/www.padreydecano.com\/cms\/#\/schema\/person\/37aae8f93aa78e4c5385497f056e3246\",\"name\":\"Redactores Padre y Decano\",\"image\":{\"@type\":\"ImageObject\",\"inLanguage\":\"es\",\"@id\":\"https:\/\/www.padreydecano.com\/cms\/#\/schema\/person\/image\/\",\"url\":\"https:\/\/secure.gravatar.com\/avatar\/8810c4b9081192b118b104af54549af8?s=96&d=https%3A%2F%2Fpadreydecano.com%2Fcms%2Fwp-content%2Fthemes%2Fpyd-theme%2Fimg%2Fdefault-avatar.png&r=g\",\"contentUrl\":\"https:\/\/secure.gravatar.com\/avatar\/8810c4b9081192b118b104af54549af8?s=96&d=https%3A%2F%2Fpadreydecano.com%2Fcms%2Fwp-content%2Fthemes%2Fpyd-theme%2Fimg%2Fdefault-avatar.png&r=g\",\"caption\":\"Redactores Padre y Decano\"},\"sameAs\":[\"http:\/\/www.padreydecano.com\"]}]}<\/script>\n<!-- \/ Yoast SEO plugin. -->","yoast_head_json":{"title":"Venta de entradas vs Uni\u00f3n Atl\u00e9tica (Liguilla) - Padre y Decano - El Sitio del Pueblo","robots":{"index":"index","follow":"follow","max-snippet":"max-snippet:-1","max-image-preview":"max-image-preview:large","max-video-preview":"max-video-preview:-1"},"canonical":"https:\/\/www.padreydecano.com\/cms\/noticias\/venta-de-entradas-vs-union-atletica-liguilla\/","og_locale":"es_ES","og_type":"article","og_title":"Venta de entradas vs Uni\u00f3n Atl\u00e9tica (Liguilla) - Padre y Decano - El Sitio del Pueblo","og_description":"El viernes a partir de las 20.15 horas, Pe\u00f1arol recibe a Uni\u00f3n Atl\u00e9tica en Larre Borges, por la sexta fecha de la Liguilla. Ser\u00e1 el pen\u00faltimo partido antes de conocer al campe\u00f3n del Metropolitano 2019. Las entradas ya se encuentran disponibles en RedPagos y a trav\u00e9s de Tickantel. Precios Socio Campe\u00f3n Sudamericano y Socio Campe\u00f3n [&hellip;]","og_url":"https:\/\/www.padreydecano.com\/cms\/noticias\/venta-de-entradas-vs-union-atletica-liguilla\/","og_site_name":"Padre y Decano - El Sitio del Pueblo","article_published_time":"2019-08-21T21:43:02+00:00","article_modified_time":"2019-08-24T12:18:31+00:00","og_image":[{"width":1280,"height":720,"url":"https:\/\/www.padreydecano.com\/cms\/wp-content\/uploads\/2019\/06\/Venta-de-entradas-basket.jpg","type":"image\/jpeg"}],"author":"Redactores Padre y Decano","twitter_card":"summary_large_image","twitter_misc":{"Escrito por":"Redactores Padre y Decano"},"schema":{"@context":"https:\/\/schema.org","@graph":[{"@type":"Article","@id":"https:\/\/www.padreydecano.com\/cms\/noticias\/venta-de-entradas-vs-union-atletica-liguilla\/#article","isPartOf":{"@id":"https:\/\/www.padreydecano.com\/cms\/noticias\/venta-de-entradas-vs-union-atletica-liguilla\/"},"author":{"name":"Redactores Padre y Decano","@id":"https:\/\/www.padreydecano.com\/cms\/#\/schema\/person\/37aae8f93aa78e4c5385497f056e3246"},"headline":"Venta de entradas vs Uni\u00f3n Atl\u00e9tica (Liguilla)","datePublished":"2019-08-21T21:43:02+00:00","dateModified":"2019-08-24T12:18:31+00:00","mainEntityOfPage":{"@id":"https:\/\/www.padreydecano.com\/cms\/noticias\/venta-de-entradas-vs-union-atletica-liguilla\/"},"wordCount":108,"commentCount":0,"publisher":{"@id":"https:\/\/www.padreydecano.com\/cms\/#organization"},"image":{"@id":"https:\/\/www.padreydecano.com\/cms\/noticias\/venta-de-entradas-vs-union-atletica-liguilla\/#primaryimage"},"thumbnailUrl":"https:\/\/www.padreydecano.com\/cms\/wp-content\/uploads\/2019\/06\/Venta-de-entradas-basket.jpg","keywords":["Metro 2019","Venta de entradas"],"articleSection":["Basket","Noticias"],"inLanguage":"es","potentialAction":[{"@type":"CommentAction","name":"Comment","target":["https:\/\/www.padreydecano.com\/cms\/noticias\/venta-de-entradas-vs-union-atletica-liguilla\/#respond"]}]},{"@type":"WebPage","@id":"https:\/\/www.padreydecano.com\/cms\/noticias\/venta-de-entradas-vs-union-atletica-liguilla\/","url":"https:\/\/www.padreydecano.com\/cms\/noticias\/venta-de-entradas-vs-union-atletica-liguilla\/","name":"Venta de entradas vs Uni\u00f3n Atl\u00e9tica (Liguilla) - Padre y Decano - El Sitio del Pueblo","isPartOf":{"@id":"https:\/\/www.padreydecano.com\/cms\/#website"},"primaryImageOfPage":{"@id":"https:\/\/www.padreydecano.com\/cms\/noticias\/venta-de-entradas-vs-union-atletica-liguilla\/#primaryimage"},"image":{"@id":"https:\/\/www.padreydecano.com\/cms\/noticias\/venta-de-entradas-vs-union-atletica-liguilla\/#primaryimage"},"thumbnailUrl":"https:\/\/www.padreydecano.com\/cms\/wp-content\/uploads\/2019\/06\/Venta-de-entradas-basket.jpg","datePublished":"2019-08-21T21:43:02+00:00","dateModified":"2019-08-24T12:18:31+00:00","breadcrumb":{"@id":"https:\/\/www.padreydecano.com\/cms\/noticias\/venta-de-entradas-vs-union-atletica-liguilla\/#breadcrumb"},"inLanguage":"es","potentialAction":[{"@type":"ReadAction","target":["https:\/\/www.padreydecano.com\/cms\/noticias\/venta-de-entradas-vs-union-atletica-liguilla\/"]}]},{"@type":"ImageObject","inLanguage":"es","@id":"https:\/\/www.padreydecano.com\/cms\/noticias\/venta-de-entradas-vs-union-atletica-liguilla\/#primaryimage","url":"https:\/\/www.padreydecano.com\/cms\/wp-content\/uploads\/2019\/06\/Venta-de-entradas-basket.jpg","contentUrl":"https:\/\/www.padreydecano.com\/cms\/wp-content\/uploads\/2019\/06\/Venta-de-entradas-basket.jpg","width":1280,"height":720},{"@type":"BreadcrumbList","@id":"https:\/\/www.padreydecano.com\/cms\/noticias\/venta-de-entradas-vs-union-atletica-liguilla\/#breadcrumb","itemListElement":[{"@type":"ListItem","position":1,"name":"Portada","item":"https:\/\/www.padreydecano.com\/cms\/"},{"@type":"ListItem","position":2,"name":"Venta de entradas vs Uni\u00f3n Atl\u00e9tica (Liguilla)"}]},{"@type":"WebSite","@id":"https:\/\/www.padreydecano.com\/cms\/#website","url":"https:\/\/www.padreydecano.com\/cms\/","name":"Padre y Decano - El Sitio del Pueblo","description":"Club Atl\u00e9tico Pe\u00f1arol","publisher":{"@id":"https:\/\/www.padreydecano.com\/cms\/#organization"},"potentialAction":[{"@type":"SearchAction","target":{"@type":"EntryPoint","urlTemplate":"https:\/\/www.padreydecano.com\/cms\/?s={search_term_string}"},"query-input":"required name=search_term_string"}],"inLanguage":"es"},{"@type":"Organization","@id":"https:\/\/www.padreydecano.com\/cms\/#organization","name":"Padre y Decano","url":"https:\/\/www.padreydecano.com\/cms\/","logo":{"@type":"ImageObject","inLanguage":"es","@id":"https:\/\/www.padreydecano.com\/cms\/#\/schema\/logo\/image\/","url":"https:\/\/www.padreydecano.com\/cms\/wp-content\/uploads\/2022\/01\/avatar-square.png","contentUrl":"https:\/\/www.padreydecano.com\/cms\/wp-content\/uploads\/2022\/01\/avatar-square.png","width":1500,"height":1500,"caption":"Padre y Decano"},"image":{"@id":"https:\/\/www.padreydecano.com\/cms\/#\/schema\/logo\/image\/"}},{"@type":"Person","@id":"https:\/\/www.padreydecano.com\/cms\/#\/schema\/person\/37aae8f93aa78e4c5385497f056e3246","name":"Redactores Padre y Decano","image":{"@type":"ImageObject","inLanguage":"es","@id":"https:\/\/www.padreydecano.com\/cms\/#\/schema\/person\/image\/","url":"https:\/\/secure.gravatar.com\/avatar\/8810c4b9081192b118b104af54549af8?s=96&d=https%3A%2F%2Fpadreydecano.com%2Fcms%2Fwp-content%2Fthemes%2Fpyd-theme%2Fimg%2Fdefault-avatar.png&r=g","contentUrl":"https:\/\/secure.gravatar.com\/avatar\/8810c4b9081192b118b104af54549af8?s=96&d=https%3A%2F%2Fpadreydecano.com%2Fcms%2Fwp-content%2Fthemes%2Fpyd-theme%2Fimg%2Fdefault-avatar.png&r=g","caption":"Redactores Padre y Decano"},"sameAs":["http:\/\/www.padreydecano.com"]}]}},"_links":{"self":[{"href":"https:\/\/www.padreydecano.com\/cms\/wp-json\/wp\/v2\/posts\/71568"}],"collection":[{"href":"https:\/\/www.padreydecano.com\/cms\/wp-json\/wp\/v2\/posts"}],"about":[{"href":"https:\/\/www.padreydecano.com\/cms\/wp-json\/wp\/v2\/types\/post"}],"author":[{"embeddable":true,"href":"https:\/\/www.padreydecano.com\/cms\/wp-json\/wp\/v2\/users\/27"}],"replies":[{"embeddable":true,"href":"https:\/\/www.padreydecano.com\/cms\/wp-json\/wp\/v2\/comments?post=71568"}],"version-history":[{"count":0,"href":"https:\/\/www.padreydecano.com\/cms\/wp-json\/wp\/v2\/posts\/71568\/revisions"}],"wp:featuredmedia":[{"embeddable":true,"href":"https:\/\/www.padreydecano.com\/cms\/wp-json\/wp\/v2\/media\/71019"}],"wp:attachment":[{"href":"https:\/\/www.padreydecano.com\/cms\/wp-json\/wp\/v2\/media?parent=71568"}],"wp:term":[{"taxonomy":"category","embeddable":true,"href":"https:\/\/www.padreydecano.com\/cms\/wp-json\/wp\/v2\/categories?post=71568"},{"taxonomy":"post_tag","embeddable":true,"href":"https:\/\/www.padreydecano.com\/cms\/wp-json\/wp\/v2\/tags?post=71568"}],"curies":[{"name":"wp","href":"https:\/\/api.w.org\/{rel}","templated":true}]}}