{"id":71400,"date":"2019-08-07T11:41:21","date_gmt":"2019-08-07T14:41:21","guid":{"rendered":"http:\/\/www.padreydecano.com\/cms\/?p=71400"},"modified":"2019-08-08T11:31:46","modified_gmt":"2019-08-08T14:31:46","slug":"una-parada-menos","status":"publish","type":"post","link":"https:\/\/www.padreydecano.com\/cms\/noticias\/una-parada-menos\/","title":{"rendered":"Una parada menos"},"content":{"rendered":"<p><img loading=\"lazy\" decoding=\"async\" class=\"aligncenter wp-image-71403 size-full\" src=\"https:\/\/www.padreydecano.com\/cms\/wp-content\/uploads\/2019\/08\/Bruno-Tasende-0221.jpg\" alt=\"\" width=\"5432\" height=\"3621\" srcset=\"https:\/\/www.padreydecano.com\/cms\/wp-content\/uploads\/2019\/08\/Bruno-Tasende-0221.jpg 5432w, https:\/\/www.padreydecano.com\/cms\/wp-content\/uploads\/2019\/08\/Bruno-Tasende-0221-600x400.jpg 600w, https:\/\/www.padreydecano.com\/cms\/wp-content\/uploads\/2019\/08\/Bruno-Tasende-0221-768x512.jpg 768w, https:\/\/www.padreydecano.com\/cms\/wp-content\/uploads\/2019\/08\/Bruno-Tasende-0221-1024x683.jpg 1024w\" sizes=\"(max-width: 5432px) 100vw, 5432px\" \/><\/p>\n<p style=\"text-align: justify;\"><strong>Pe\u00f1arol derrot\u00f3 a Col\u00f3n en cifras de 92-66 y comienza con el pie derecho. El carbonero tuvo un segundo tiempo arrollador y lo cerr\u00f3 r\u00e1pido.<\/strong><\/p>\n<p style=\"text-align: justify;\">En Pe\u00f1arol comenzaron <strong>\u00c1lvarez, Zanotta, Blazina, Alston y P\u00e9rez.<\/strong> Por Col\u00f3n iniciaron \u00c1lvarez, Pomoli, Ferreira, Girbau y Shields.<\/p>\n<p style=\"text-align: justify;\">El juego comenz\u00f3 muy entretenido y parejo en el Palacio Pe\u00f1arol, los dos claros, muy efectivos en el arranque y con jugadores en llamas. Zanotta y Shield con dos triples cada uno dejaron el marcador igualado en 13 en poco tiempo de juego. Col\u00f3n estuvo muy claro en la generaci\u00f3n desde el per\u00edmetro y encontr\u00f3 buenas situaciones de gol que lo mandaron arriba en el marcador con un parcial de 19-13. Pe\u00f1arol emparej\u00f3 en el final con el tiro exterior de P\u00e9rez y un triple de Blazina. Sin embargo Col\u00f3n siempre estuvo un poco mejor y por eso gan\u00f3 el primero 24-20.<\/p>\n<p style=\"text-align: justify;\">En el segundo los dos arrancaron en zona 2\/3 en defensa y estuvieron muy cerrados. El local estuvo m\u00e1s inteligente en el comienzo y encontr\u00f3 gol. Tuvo buen ingreso de Wenzel, inteligente y con buenas decisiones, tuvo un triple y tambi\u00e9n corri\u00f3 la cancha. Alston creci\u00f3 en la pintura y tambi\u00e9n aport\u00f3 seguido. <strong>El carbonero no brill\u00f3 pero de a poco abri\u00f3 una leve diferencia<\/strong>. La visita sigui\u00f3 fiel a su plan de juego, pese a que por momentos se qued\u00f3 sin gol siempre estuvo en juego y lo sigui\u00f3 de cerca. Tuvo dos triples de Pomoli y descont\u00f3 a poco del final. Se fueron al descanso largo ganando el local 45-43.<\/p>\n<p style=\"text-align: justify;\">El tercero volvi\u00f3 con con toda la explosi\u00f3n del carbonero, con Alston figura en la pintada y se volvi\u00f3 inmarcable y anot\u00f3 seguido. Asaravicius tuvo buen ingreso y P\u00e9rez con lanzamientos de media fue el goleador del equipo. Garc\u00eda Morandi desde la banca tambi\u00e9n fue soluci\u00f3n en ofensiva con triples y buenas lecturas. El equipo de Castrill\u00f3n sigui\u00f3 de largo en el marcador y sac\u00f3 la m\u00e1xima de 17 en un abrir y cerrar de ojos. Col\u00f3n perdi\u00f3 la l\u00ednea y se qued\u00f3 sin ideas en ataque, tampoco se hizo fuerte en defensa y el juego se le hizo cuesta arriba. El tercer cuarto lo gan\u00f3 Pe\u00f1arol por 72-48.<\/p>\n<p style=\"text-align: justify;\">El cuarto final estuvo de m\u00e1s y al juego le sobraron 10 minutos. Pe\u00f1arol sigui\u00f3 muy firme y nunca afloj\u00f3 el acelerador. Col\u00f3n fue equipo totalmente diferente en la segunda mitad, no repiti\u00f3 todo lo bueno que hizo la primera mitad y se le fue el partido en pocos minutos. Alston encamin\u00f3 otra victoria del carbonero, volvi\u00f3 a ser decisivo y muy efectivo en la zona pintada. Ahora Pe\u00f1arol tiene que visitar a Larre Borges y luego a Miramar, dos juegos claves que pueden definir su futuro en el torneo.<\/p>\n<p style=\"text-align: justify;\"><strong>El goleador del juego fue Alston con 23 unidades y 14 rebotes, seguido de &#8216;pepusa&#8217; P\u00e9rez con 21 puntos. En Col\u00f3n se destac\u00f3 Shields con 20 puntos.<\/strong><\/p>\n\n\t\t<style type=\"text\/css\">\n\t\t\t#gallery-1 {\n\t\t\t\tmargin: auto;\n\t\t\t}\n\t\t\t#gallery-1 .gallery-item {\n\t\t\t\tfloat: left;\n\t\t\t\tmargin-top: 10px;\n\t\t\t\ttext-align: center;\n\t\t\t\twidth: 33%;\n\t\t\t}\n\t\t\t#gallery-1 img {\n\t\t\t\tborder: 2px solid #cfcfcf;\n\t\t\t}\n\t\t\t#gallery-1 .gallery-caption {\n\t\t\t\tmargin-left: 0;\n\t\t\t}\n\t\t\t\/* see gallery_shortcode() in wp-includes\/media.php *\/\n\t\t<\/style>\n\t\t<div id='gallery-1' class='gallery galleryid-71400 gallery-columns-3 gallery-size-thumbnail'><dl class='gallery-item'>\n\t\t\t<dt class='gallery-icon landscape'>\n\t\t\t\t<a href='https:\/\/www.padreydecano.com\/cms\/wp-content\/uploads\/2019\/08\/Bruno-Tasende-2.jpg' rel='shadowbox[sbalbum-71400];player=img;'><img loading=\"lazy\" decoding=\"async\" width=\"150\" height=\"150\" src=\"https:\/\/www.padreydecano.com\/cms\/wp-content\/uploads\/2019\/08\/Bruno-Tasende-2-150x150.jpg\" class=\"attachment-thumbnail size-thumbnail\" alt=\"\" srcset=\"https:\/\/www.padreydecano.com\/cms\/wp-content\/uploads\/2019\/08\/Bruno-Tasende-2-150x150.jpg 150w, https:\/\/www.padreydecano.com\/cms\/wp-content\/uploads\/2019\/08\/Bruno-Tasende-2-36x36.jpg 36w\" sizes=\"(max-width: 150px) 100vw, 150px\" \/><\/a>\n\t\t\t<\/dt><\/dl><dl class='gallery-item'>\n\t\t\t<dt class='gallery-icon landscape'>\n\t\t\t\t<a href='https:\/\/www.padreydecano.com\/cms\/wp-content\/uploads\/2019\/08\/Bruno-Tasende-0046.jpg' rel='shadowbox[sbalbum-71400];player=img;'><img loading=\"lazy\" decoding=\"async\" width=\"150\" height=\"150\" src=\"https:\/\/www.padreydecano.com\/cms\/wp-content\/uploads\/2019\/08\/Bruno-Tasende-0046-150x150.jpg\" class=\"attachment-thumbnail size-thumbnail\" alt=\"\" srcset=\"https:\/\/www.padreydecano.com\/cms\/wp-content\/uploads\/2019\/08\/Bruno-Tasende-0046-150x150.jpg 150w, https:\/\/www.padreydecano.com\/cms\/wp-content\/uploads\/2019\/08\/Bruno-Tasende-0046-36x36.jpg 36w\" sizes=\"(max-width: 150px) 100vw, 150px\" \/><\/a>\n\t\t\t<\/dt><\/dl><dl class='gallery-item'>\n\t\t\t<dt class='gallery-icon landscape'>\n\t\t\t\t<a href='https:\/\/www.padreydecano.com\/cms\/wp-content\/uploads\/2019\/08\/Bruno-Tasende-0121.jpg' rel='shadowbox[sbalbum-71400];player=img;'><img loading=\"lazy\" decoding=\"async\" width=\"150\" height=\"150\" src=\"https:\/\/www.padreydecano.com\/cms\/wp-content\/uploads\/2019\/08\/Bruno-Tasende-0121-150x150.jpg\" class=\"attachment-thumbnail size-thumbnail\" alt=\"\" srcset=\"https:\/\/www.padreydecano.com\/cms\/wp-content\/uploads\/2019\/08\/Bruno-Tasende-0121-150x150.jpg 150w, https:\/\/www.padreydecano.com\/cms\/wp-content\/uploads\/2019\/08\/Bruno-Tasende-0121-36x36.jpg 36w\" sizes=\"(max-width: 150px) 100vw, 150px\" \/><\/a>\n\t\t\t<\/dt><\/dl><br style=\"clear: both\" \/><dl class='gallery-item'>\n\t\t\t<dt class='gallery-icon landscape'>\n\t\t\t\t<a href='https:\/\/www.padreydecano.com\/cms\/wp-content\/uploads\/2019\/08\/Bruno-Tasende-0147.jpg' rel='shadowbox[sbalbum-71400];player=img;'><img loading=\"lazy\" decoding=\"async\" width=\"150\" height=\"150\" src=\"https:\/\/www.padreydecano.com\/cms\/wp-content\/uploads\/2019\/08\/Bruno-Tasende-0147-150x150.jpg\" class=\"attachment-thumbnail size-thumbnail\" alt=\"\" srcset=\"https:\/\/www.padreydecano.com\/cms\/wp-content\/uploads\/2019\/08\/Bruno-Tasende-0147-150x150.jpg 150w, https:\/\/www.padreydecano.com\/cms\/wp-content\/uploads\/2019\/08\/Bruno-Tasende-0147-36x36.jpg 36w\" sizes=\"(max-width: 150px) 100vw, 150px\" \/><\/a>\n\t\t\t<\/dt><\/dl><dl class='gallery-item'>\n\t\t\t<dt class='gallery-icon landscape'>\n\t\t\t\t<a href='https:\/\/www.padreydecano.com\/cms\/wp-content\/uploads\/2019\/08\/Bruno-Tasende-0279.jpg' rel='shadowbox[sbalbum-71400];player=img;'><img loading=\"lazy\" decoding=\"async\" width=\"150\" height=\"150\" src=\"https:\/\/www.padreydecano.com\/cms\/wp-content\/uploads\/2019\/08\/Bruno-Tasende-0279-150x150.jpg\" class=\"attachment-thumbnail size-thumbnail\" alt=\"\" srcset=\"https:\/\/www.padreydecano.com\/cms\/wp-content\/uploads\/2019\/08\/Bruno-Tasende-0279-150x150.jpg 150w, https:\/\/www.padreydecano.com\/cms\/wp-content\/uploads\/2019\/08\/Bruno-Tasende-0279-36x36.jpg 36w\" sizes=\"(max-width: 150px) 100vw, 150px\" \/><\/a>\n\t\t\t<\/dt><\/dl><dl class='gallery-item'>\n\t\t\t<dt class='gallery-icon landscape'>\n\t\t\t\t<a href='https:\/\/www.padreydecano.com\/cms\/wp-content\/uploads\/2019\/08\/Bruno-Tasende-0331.jpg' rel='shadowbox[sbalbum-71400];player=img;'><img loading=\"lazy\" decoding=\"async\" width=\"150\" height=\"150\" src=\"https:\/\/www.padreydecano.com\/cms\/wp-content\/uploads\/2019\/08\/Bruno-Tasende-0331-150x150.jpg\" class=\"attachment-thumbnail size-thumbnail\" alt=\"\" srcset=\"https:\/\/www.padreydecano.com\/cms\/wp-content\/uploads\/2019\/08\/Bruno-Tasende-0331-150x150.jpg 150w, https:\/\/www.padreydecano.com\/cms\/wp-content\/uploads\/2019\/08\/Bruno-Tasende-0331-36x36.jpg 36w\" sizes=\"(max-width: 150px) 100vw, 150px\" \/><\/a>\n\t\t\t<\/dt><\/dl><br style=\"clear: both\" \/><dl class='gallery-item'>\n\t\t\t<dt class='gallery-icon landscape'>\n\t\t\t\t<a href='https:\/\/www.padreydecano.com\/cms\/wp-content\/uploads\/2019\/08\/Bruno-Tasende-0350.jpg' rel='shadowbox[sbalbum-71400];player=img;'><img loading=\"lazy\" decoding=\"async\" width=\"150\" height=\"150\" src=\"https:\/\/www.padreydecano.com\/cms\/wp-content\/uploads\/2019\/08\/Bruno-Tasende-0350-150x150.jpg\" class=\"attachment-thumbnail size-thumbnail\" alt=\"\" srcset=\"https:\/\/www.padreydecano.com\/cms\/wp-content\/uploads\/2019\/08\/Bruno-Tasende-0350-150x150.jpg 150w, https:\/\/www.padreydecano.com\/cms\/wp-content\/uploads\/2019\/08\/Bruno-Tasende-0350-36x36.jpg 36w\" sizes=\"(max-width: 150px) 100vw, 150px\" \/><\/a>\n\t\t\t<\/dt><\/dl><dl class='gallery-item'>\n\t\t\t<dt class='gallery-icon landscape'>\n\t\t\t\t<a href='https:\/\/www.padreydecano.com\/cms\/wp-content\/uploads\/2019\/08\/Bruno-Tasende-0385.jpg' rel='shadowbox[sbalbum-71400];player=img;'><img loading=\"lazy\" decoding=\"async\" width=\"150\" height=\"150\" src=\"https:\/\/www.padreydecano.com\/cms\/wp-content\/uploads\/2019\/08\/Bruno-Tasende-0385-150x150.jpg\" class=\"attachment-thumbnail size-thumbnail\" alt=\"\" srcset=\"https:\/\/www.padreydecano.com\/cms\/wp-content\/uploads\/2019\/08\/Bruno-Tasende-0385-150x150.jpg 150w, https:\/\/www.padreydecano.com\/cms\/wp-content\/uploads\/2019\/08\/Bruno-Tasende-0385-36x36.jpg 36w\" sizes=\"(max-width: 150px) 100vw, 150px\" \/><\/a>\n\t\t\t<\/dt><\/dl><dl class='gallery-item'>\n\t\t\t<dt class='gallery-icon landscape'>\n\t\t\t\t<a href='https:\/\/www.padreydecano.com\/cms\/wp-content\/uploads\/2019\/08\/Bruno-Tasende-0431.jpg' rel='shadowbox[sbalbum-71400];player=img;'><img loading=\"lazy\" decoding=\"async\" width=\"150\" height=\"150\" src=\"https:\/\/www.padreydecano.com\/cms\/wp-content\/uploads\/2019\/08\/Bruno-Tasende-0431-150x150.jpg\" class=\"attachment-thumbnail size-thumbnail\" alt=\"\" srcset=\"https:\/\/www.padreydecano.com\/cms\/wp-content\/uploads\/2019\/08\/Bruno-Tasende-0431-150x150.jpg 150w, https:\/\/www.padreydecano.com\/cms\/wp-content\/uploads\/2019\/08\/Bruno-Tasende-0431-36x36.jpg 36w\" sizes=\"(max-width: 150px) 100vw, 150px\" \/><\/a>\n\t\t\t<\/dt><\/dl><br style=\"clear: both\" \/><dl class='gallery-item'>\n\t\t\t<dt class='gallery-icon landscape'>\n\t\t\t\t<a href='https:\/\/www.padreydecano.com\/cms\/wp-content\/uploads\/2019\/08\/Bruno-Tasende-0461.jpg' rel='shadowbox[sbalbum-71400];player=img;'><img loading=\"lazy\" decoding=\"async\" width=\"150\" height=\"150\" src=\"https:\/\/www.padreydecano.com\/cms\/wp-content\/uploads\/2019\/08\/Bruno-Tasende-0461-150x150.jpg\" class=\"attachment-thumbnail size-thumbnail\" alt=\"\" srcset=\"https:\/\/www.padreydecano.com\/cms\/wp-content\/uploads\/2019\/08\/Bruno-Tasende-0461-150x150.jpg 150w, https:\/\/www.padreydecano.com\/cms\/wp-content\/uploads\/2019\/08\/Bruno-Tasende-0461-36x36.jpg 36w\" sizes=\"(max-width: 150px) 100vw, 150px\" \/><\/a>\n\t\t\t<\/dt><\/dl><dl class='gallery-item'>\n\t\t\t<dt class='gallery-icon landscape'>\n\t\t\t\t<a href='https:\/\/www.padreydecano.com\/cms\/wp-content\/uploads\/2019\/08\/Bruno-Tasende-0464.jpg' rel='shadowbox[sbalbum-71400];player=img;'><img loading=\"lazy\" decoding=\"async\" width=\"150\" height=\"150\" src=\"https:\/\/www.padreydecano.com\/cms\/wp-content\/uploads\/2019\/08\/Bruno-Tasende-0464-150x150.jpg\" class=\"attachment-thumbnail size-thumbnail\" alt=\"\" srcset=\"https:\/\/www.padreydecano.com\/cms\/wp-content\/uploads\/2019\/08\/Bruno-Tasende-0464-150x150.jpg 150w, https:\/\/www.padreydecano.com\/cms\/wp-content\/uploads\/2019\/08\/Bruno-Tasende-0464-36x36.jpg 36w\" sizes=\"(max-width: 150px) 100vw, 150px\" \/><\/a>\n\t\t\t<\/dt><\/dl><dl class='gallery-item'>\n\t\t\t<dt class='gallery-icon landscape'>\n\t\t\t\t<a href='https:\/\/www.padreydecano.com\/cms\/wp-content\/uploads\/2019\/08\/Bruno-Tasende-0492.jpg' rel='shadowbox[sbalbum-71400];player=img;'><img loading=\"lazy\" decoding=\"async\" width=\"150\" height=\"150\" src=\"https:\/\/www.padreydecano.com\/cms\/wp-content\/uploads\/2019\/08\/Bruno-Tasende-0492-150x150.jpg\" class=\"attachment-thumbnail size-thumbnail\" alt=\"\" srcset=\"https:\/\/www.padreydecano.com\/cms\/wp-content\/uploads\/2019\/08\/Bruno-Tasende-0492-150x150.jpg 150w, https:\/\/www.padreydecano.com\/cms\/wp-content\/uploads\/2019\/08\/Bruno-Tasende-0492-36x36.jpg 36w\" sizes=\"(max-width: 150px) 100vw, 150px\" \/><\/a>\n\t\t\t<\/dt><\/dl><br style=\"clear: both\" \/>\n\t\t<\/div>\n\n<div class=\"user-wrapper\"><a class=\"userlink\" href=\"https:\/\/twitter.com\/griegosebas\" target=\"_blank\"><figure><img decoding=\"async\" src=\"http:\/\/www.padreydecano.com\/cms\/wp-users-files\/postfirmas\/sebagriego.jpg\" \/><\/figure><p class=\"user\"><strong>Sebasti&aacute;n Griego<\/strong><br \/>@SebaGriego<\/p><\/a><\/div>\n","protected":false},"excerpt":{"rendered":"<p>Pe\u00f1arol derrot\u00f3 a Col\u00f3n en cifras de 92-66 y comienza con el pie derecho. El carbonero tuvo un segundo tiempo arrollador y lo cerr\u00f3 r\u00e1pido. En Pe\u00f1arol comenzaron \u00c1lvarez, Zanotta, Blazina, Alston y P\u00e9rez. Por Col\u00f3n iniciaron \u00c1lvarez, Pomoli, Ferreira, Girbau y Shields. El juego comenz\u00f3 muy entretenido y parejo en el Palacio Pe\u00f1arol, los [&hellip;]<\/p>\n","protected":false},"author":27,"featured_media":71403,"comment_status":"open","ping_status":"closed","sticky":false,"template":"","format":"standard","meta":{"footnotes":""},"categories":[407,1],"tags":[],"yoast_head":"<!-- This site is optimized with the Yoast SEO plugin v23.2 - https:\/\/yoast.com\/wordpress\/plugins\/seo\/ -->\n<title>Una parada menos - Padre y Decano - El Sitio del Pueblo<\/title>\n<meta name=\"robots\" content=\"index, follow, max-snippet:-1, max-image-preview:large, max-video-preview:-1\" \/>\n<link rel=\"canonical\" href=\"https:\/\/www.padreydecano.com\/cms\/noticias\/una-parada-menos\/\" \/>\n<meta property=\"og:locale\" content=\"es_ES\" \/>\n<meta property=\"og:type\" content=\"article\" \/>\n<meta property=\"og:title\" content=\"Una parada menos - Padre y Decano - El Sitio del Pueblo\" \/>\n<meta property=\"og:description\" content=\"Pe\u00f1arol derrot\u00f3 a Col\u00f3n en cifras de 92-66 y comienza con el pie derecho. El carbonero tuvo un segundo tiempo arrollador y lo cerr\u00f3 r\u00e1pido. En Pe\u00f1arol comenzaron \u00c1lvarez, Zanotta, Blazina, Alston y P\u00e9rez. Por Col\u00f3n iniciaron \u00c1lvarez, Pomoli, Ferreira, Girbau y Shields. El juego comenz\u00f3 muy entretenido y parejo en el Palacio Pe\u00f1arol, los [&hellip;]\" \/>\n<meta property=\"og:url\" content=\"https:\/\/www.padreydecano.com\/cms\/noticias\/una-parada-menos\/\" \/>\n<meta property=\"og:site_name\" content=\"Padre y Decano - El Sitio del Pueblo\" \/>\n<meta property=\"article:published_time\" content=\"2019-08-07T14:41:21+00:00\" \/>\n<meta property=\"article:modified_time\" content=\"2019-08-08T14:31:46+00:00\" \/>\n<meta property=\"og:image\" content=\"https:\/\/www.padreydecano.com\/cms\/wp-content\/uploads\/2019\/08\/Bruno-Tasende-0221.jpg\" \/>\n\t<meta property=\"og:image:width\" content=\"5432\" \/>\n\t<meta property=\"og:image:height\" content=\"3621\" \/>\n\t<meta property=\"og:image:type\" content=\"image\/jpeg\" \/>\n<meta name=\"author\" content=\"Redactores Padre y Decano\" \/>\n<meta name=\"twitter:card\" content=\"summary_large_image\" \/>\n<meta name=\"twitter:label1\" content=\"Escrito por\" \/>\n\t<meta name=\"twitter:data1\" content=\"Redactores Padre y Decano\" \/>\n\t<meta name=\"twitter:label2\" content=\"Tiempo de lectura\" \/>\n\t<meta name=\"twitter:data2\" content=\"3 minutos\" \/>\n<script type=\"application\/ld+json\" class=\"yoast-schema-graph\">{\"@context\":\"https:\/\/schema.org\",\"@graph\":[{\"@type\":\"Article\",\"@id\":\"https:\/\/www.padreydecano.com\/cms\/noticias\/una-parada-menos\/#article\",\"isPartOf\":{\"@id\":\"https:\/\/www.padreydecano.com\/cms\/noticias\/una-parada-menos\/\"},\"author\":{\"name\":\"Redactores Padre y Decano\",\"@id\":\"https:\/\/www.padreydecano.com\/cms\/#\/schema\/person\/37aae8f93aa78e4c5385497f056e3246\"},\"headline\":\"Una parada menos\",\"datePublished\":\"2019-08-07T14:41:21+00:00\",\"dateModified\":\"2019-08-08T14:31:46+00:00\",\"mainEntityOfPage\":{\"@id\":\"https:\/\/www.padreydecano.com\/cms\/noticias\/una-parada-menos\/\"},\"wordCount\":513,\"commentCount\":5,\"publisher\":{\"@id\":\"https:\/\/www.padreydecano.com\/cms\/#organization\"},\"image\":{\"@id\":\"https:\/\/www.padreydecano.com\/cms\/noticias\/una-parada-menos\/#primaryimage\"},\"thumbnailUrl\":\"https:\/\/www.padreydecano.com\/cms\/wp-content\/uploads\/2019\/08\/Bruno-Tasende-0221.jpg\",\"articleSection\":[\"Basket\",\"Noticias\"],\"inLanguage\":\"es\",\"potentialAction\":[{\"@type\":\"CommentAction\",\"name\":\"Comment\",\"target\":[\"https:\/\/www.padreydecano.com\/cms\/noticias\/una-parada-menos\/#respond\"]}]},{\"@type\":\"WebPage\",\"@id\":\"https:\/\/www.padreydecano.com\/cms\/noticias\/una-parada-menos\/\",\"url\":\"https:\/\/www.padreydecano.com\/cms\/noticias\/una-parada-menos\/\",\"name\":\"Una parada menos - Padre y Decano - El Sitio del Pueblo\",\"isPartOf\":{\"@id\":\"https:\/\/www.padreydecano.com\/cms\/#website\"},\"primaryImageOfPage\":{\"@id\":\"https:\/\/www.padreydecano.com\/cms\/noticias\/una-parada-menos\/#primaryimage\"},\"image\":{\"@id\":\"https:\/\/www.padreydecano.com\/cms\/noticias\/una-parada-menos\/#primaryimage\"},\"thumbnailUrl\":\"https:\/\/www.padreydecano.com\/cms\/wp-content\/uploads\/2019\/08\/Bruno-Tasende-0221.jpg\",\"datePublished\":\"2019-08-07T14:41:21+00:00\",\"dateModified\":\"2019-08-08T14:31:46+00:00\",\"breadcrumb\":{\"@id\":\"https:\/\/www.padreydecano.com\/cms\/noticias\/una-parada-menos\/#breadcrumb\"},\"inLanguage\":\"es\",\"potentialAction\":[{\"@type\":\"ReadAction\",\"target\":[\"https:\/\/www.padreydecano.com\/cms\/noticias\/una-parada-menos\/\"]}]},{\"@type\":\"ImageObject\",\"inLanguage\":\"es\",\"@id\":\"https:\/\/www.padreydecano.com\/cms\/noticias\/una-parada-menos\/#primaryimage\",\"url\":\"https:\/\/www.padreydecano.com\/cms\/wp-content\/uploads\/2019\/08\/Bruno-Tasende-0221.jpg\",\"contentUrl\":\"https:\/\/www.padreydecano.com\/cms\/wp-content\/uploads\/2019\/08\/Bruno-Tasende-0221.jpg\",\"width\":5432,\"height\":3621},{\"@type\":\"BreadcrumbList\",\"@id\":\"https:\/\/www.padreydecano.com\/cms\/noticias\/una-parada-menos\/#breadcrumb\",\"itemListElement\":[{\"@type\":\"ListItem\",\"position\":1,\"name\":\"Portada\",\"item\":\"https:\/\/www.padreydecano.com\/cms\/\"},{\"@type\":\"ListItem\",\"position\":2,\"name\":\"Una parada menos\"}]},{\"@type\":\"WebSite\",\"@id\":\"https:\/\/www.padreydecano.com\/cms\/#website\",\"url\":\"https:\/\/www.padreydecano.com\/cms\/\",\"name\":\"Padre y Decano - El Sitio del Pueblo\",\"description\":\"Club Atl\u00e9tico Pe\u00f1arol\",\"publisher\":{\"@id\":\"https:\/\/www.padreydecano.com\/cms\/#organization\"},\"potentialAction\":[{\"@type\":\"SearchAction\",\"target\":{\"@type\":\"EntryPoint\",\"urlTemplate\":\"https:\/\/www.padreydecano.com\/cms\/?s={search_term_string}\"},\"query-input\":\"required name=search_term_string\"}],\"inLanguage\":\"es\"},{\"@type\":\"Organization\",\"@id\":\"https:\/\/www.padreydecano.com\/cms\/#organization\",\"name\":\"Padre y Decano\",\"url\":\"https:\/\/www.padreydecano.com\/cms\/\",\"logo\":{\"@type\":\"ImageObject\",\"inLanguage\":\"es\",\"@id\":\"https:\/\/www.padreydecano.com\/cms\/#\/schema\/logo\/image\/\",\"url\":\"https:\/\/www.padreydecano.com\/cms\/wp-content\/uploads\/2022\/01\/avatar-square.png\",\"contentUrl\":\"https:\/\/www.padreydecano.com\/cms\/wp-content\/uploads\/2022\/01\/avatar-square.png\",\"width\":1500,\"height\":1500,\"caption\":\"Padre y Decano\"},\"image\":{\"@id\":\"https:\/\/www.padreydecano.com\/cms\/#\/schema\/logo\/image\/\"}},{\"@type\":\"Person\",\"@id\":\"https:\/\/www.padreydecano.com\/cms\/#\/schema\/person\/37aae8f93aa78e4c5385497f056e3246\",\"name\":\"Redactores Padre y Decano\",\"image\":{\"@type\":\"ImageObject\",\"inLanguage\":\"es\",\"@id\":\"https:\/\/www.padreydecano.com\/cms\/#\/schema\/person\/image\/\",\"url\":\"https:\/\/secure.gravatar.com\/avatar\/8810c4b9081192b118b104af54549af8?s=96&d=https%3A%2F%2Fpadreydecano.com%2Fcms%2Fwp-content%2Fthemes%2Fpyd-theme%2Fimg%2Fdefault-avatar.png&r=g\",\"contentUrl\":\"https:\/\/secure.gravatar.com\/avatar\/8810c4b9081192b118b104af54549af8?s=96&d=https%3A%2F%2Fpadreydecano.com%2Fcms%2Fwp-content%2Fthemes%2Fpyd-theme%2Fimg%2Fdefault-avatar.png&r=g\",\"caption\":\"Redactores Padre y Decano\"},\"sameAs\":[\"http:\/\/www.padreydecano.com\"]}]}<\/script>\n<!-- \/ Yoast SEO plugin. -->","yoast_head_json":{"title":"Una parada menos - Padre y Decano - El Sitio del Pueblo","robots":{"index":"index","follow":"follow","max-snippet":"max-snippet:-1","max-image-preview":"max-image-preview:large","max-video-preview":"max-video-preview:-1"},"canonical":"https:\/\/www.padreydecano.com\/cms\/noticias\/una-parada-menos\/","og_locale":"es_ES","og_type":"article","og_title":"Una parada menos - Padre y Decano - El Sitio del Pueblo","og_description":"Pe\u00f1arol derrot\u00f3 a Col\u00f3n en cifras de 92-66 y comienza con el pie derecho. El carbonero tuvo un segundo tiempo arrollador y lo cerr\u00f3 r\u00e1pido. En Pe\u00f1arol comenzaron \u00c1lvarez, Zanotta, Blazina, Alston y P\u00e9rez. Por Col\u00f3n iniciaron \u00c1lvarez, Pomoli, Ferreira, Girbau y Shields. El juego comenz\u00f3 muy entretenido y parejo en el Palacio Pe\u00f1arol, los [&hellip;]","og_url":"https:\/\/www.padreydecano.com\/cms\/noticias\/una-parada-menos\/","og_site_name":"Padre y Decano - El Sitio del Pueblo","article_published_time":"2019-08-07T14:41:21+00:00","article_modified_time":"2019-08-08T14:31:46+00:00","og_image":[{"width":5432,"height":3621,"url":"https:\/\/www.padreydecano.com\/cms\/wp-content\/uploads\/2019\/08\/Bruno-Tasende-0221.jpg","type":"image\/jpeg"}],"author":"Redactores Padre y Decano","twitter_card":"summary_large_image","twitter_misc":{"Escrito por":"Redactores Padre y Decano","Tiempo de lectura":"3 minutos"},"schema":{"@context":"https:\/\/schema.org","@graph":[{"@type":"Article","@id":"https:\/\/www.padreydecano.com\/cms\/noticias\/una-parada-menos\/#article","isPartOf":{"@id":"https:\/\/www.padreydecano.com\/cms\/noticias\/una-parada-menos\/"},"author":{"name":"Redactores Padre y Decano","@id":"https:\/\/www.padreydecano.com\/cms\/#\/schema\/person\/37aae8f93aa78e4c5385497f056e3246"},"headline":"Una parada menos","datePublished":"2019-08-07T14:41:21+00:00","dateModified":"2019-08-08T14:31:46+00:00","mainEntityOfPage":{"@id":"https:\/\/www.padreydecano.com\/cms\/noticias\/una-parada-menos\/"},"wordCount":513,"commentCount":5,"publisher":{"@id":"https:\/\/www.padreydecano.com\/cms\/#organization"},"image":{"@id":"https:\/\/www.padreydecano.com\/cms\/noticias\/una-parada-menos\/#primaryimage"},"thumbnailUrl":"https:\/\/www.padreydecano.com\/cms\/wp-content\/uploads\/2019\/08\/Bruno-Tasende-0221.jpg","articleSection":["Basket","Noticias"],"inLanguage":"es","potentialAction":[{"@type":"CommentAction","name":"Comment","target":["https:\/\/www.padreydecano.com\/cms\/noticias\/una-parada-menos\/#respond"]}]},{"@type":"WebPage","@id":"https:\/\/www.padreydecano.com\/cms\/noticias\/una-parada-menos\/","url":"https:\/\/www.padreydecano.com\/cms\/noticias\/una-parada-menos\/","name":"Una parada menos - Padre y Decano - El Sitio del Pueblo","isPartOf":{"@id":"https:\/\/www.padreydecano.com\/cms\/#website"},"primaryImageOfPage":{"@id":"https:\/\/www.padreydecano.com\/cms\/noticias\/una-parada-menos\/#primaryimage"},"image":{"@id":"https:\/\/www.padreydecano.com\/cms\/noticias\/una-parada-menos\/#primaryimage"},"thumbnailUrl":"https:\/\/www.padreydecano.com\/cms\/wp-content\/uploads\/2019\/08\/Bruno-Tasende-0221.jpg","datePublished":"2019-08-07T14:41:21+00:00","dateModified":"2019-08-08T14:31:46+00:00","breadcrumb":{"@id":"https:\/\/www.padreydecano.com\/cms\/noticias\/una-parada-menos\/#breadcrumb"},"inLanguage":"es","potentialAction":[{"@type":"ReadAction","target":["https:\/\/www.padreydecano.com\/cms\/noticias\/una-parada-menos\/"]}]},{"@type":"ImageObject","inLanguage":"es","@id":"https:\/\/www.padreydecano.com\/cms\/noticias\/una-parada-menos\/#primaryimage","url":"https:\/\/www.padreydecano.com\/cms\/wp-content\/uploads\/2019\/08\/Bruno-Tasende-0221.jpg","contentUrl":"https:\/\/www.padreydecano.com\/cms\/wp-content\/uploads\/2019\/08\/Bruno-Tasende-0221.jpg","width":5432,"height":3621},{"@type":"BreadcrumbList","@id":"https:\/\/www.padreydecano.com\/cms\/noticias\/una-parada-menos\/#breadcrumb","itemListElement":[{"@type":"ListItem","position":1,"name":"Portada","item":"https:\/\/www.padreydecano.com\/cms\/"},{"@type":"ListItem","position":2,"name":"Una parada menos"}]},{"@type":"WebSite","@id":"https:\/\/www.padreydecano.com\/cms\/#website","url":"https:\/\/www.padreydecano.com\/cms\/","name":"Padre y Decano - El Sitio del Pueblo","description":"Club Atl\u00e9tico Pe\u00f1arol","publisher":{"@id":"https:\/\/www.padreydecano.com\/cms\/#organization"},"potentialAction":[{"@type":"SearchAction","target":{"@type":"EntryPoint","urlTemplate":"https:\/\/www.padreydecano.com\/cms\/?s={search_term_string}"},"query-input":"required name=search_term_string"}],"inLanguage":"es"},{"@type":"Organization","@id":"https:\/\/www.padreydecano.com\/cms\/#organization","name":"Padre y Decano","url":"https:\/\/www.padreydecano.com\/cms\/","logo":{"@type":"ImageObject","inLanguage":"es","@id":"https:\/\/www.padreydecano.com\/cms\/#\/schema\/logo\/image\/","url":"https:\/\/www.padreydecano.com\/cms\/wp-content\/uploads\/2022\/01\/avatar-square.png","contentUrl":"https:\/\/www.padreydecano.com\/cms\/wp-content\/uploads\/2022\/01\/avatar-square.png","width":1500,"height":1500,"caption":"Padre y Decano"},"image":{"@id":"https:\/\/www.padreydecano.com\/cms\/#\/schema\/logo\/image\/"}},{"@type":"Person","@id":"https:\/\/www.padreydecano.com\/cms\/#\/schema\/person\/37aae8f93aa78e4c5385497f056e3246","name":"Redactores Padre y Decano","image":{"@type":"ImageObject","inLanguage":"es","@id":"https:\/\/www.padreydecano.com\/cms\/#\/schema\/person\/image\/","url":"https:\/\/secure.gravatar.com\/avatar\/8810c4b9081192b118b104af54549af8?s=96&d=https%3A%2F%2Fpadreydecano.com%2Fcms%2Fwp-content%2Fthemes%2Fpyd-theme%2Fimg%2Fdefault-avatar.png&r=g","contentUrl":"https:\/\/secure.gravatar.com\/avatar\/8810c4b9081192b118b104af54549af8?s=96&d=https%3A%2F%2Fpadreydecano.com%2Fcms%2Fwp-content%2Fthemes%2Fpyd-theme%2Fimg%2Fdefault-avatar.png&r=g","caption":"Redactores Padre y Decano"},"sameAs":["http:\/\/www.padreydecano.com"]}]}},"_links":{"self":[{"href":"https:\/\/www.padreydecano.com\/cms\/wp-json\/wp\/v2\/posts\/71400"}],"collection":[{"href":"https:\/\/www.padreydecano.com\/cms\/wp-json\/wp\/v2\/posts"}],"about":[{"href":"https:\/\/www.padreydecano.com\/cms\/wp-json\/wp\/v2\/types\/post"}],"author":[{"embeddable":true,"href":"https:\/\/www.padreydecano.com\/cms\/wp-json\/wp\/v2\/users\/27"}],"replies":[{"embeddable":true,"href":"https:\/\/www.padreydecano.com\/cms\/wp-json\/wp\/v2\/comments?post=71400"}],"version-history":[{"count":0,"href":"https:\/\/www.padreydecano.com\/cms\/wp-json\/wp\/v2\/posts\/71400\/revisions"}],"wp:featuredmedia":[{"embeddable":true,"href":"https:\/\/www.padreydecano.com\/cms\/wp-json\/wp\/v2\/media\/71403"}],"wp:attachment":[{"href":"https:\/\/www.padreydecano.com\/cms\/wp-json\/wp\/v2\/media?parent=71400"}],"wp:term":[{"taxonomy":"category","embeddable":true,"href":"https:\/\/www.padreydecano.com\/cms\/wp-json\/wp\/v2\/categories?post=71400"},{"taxonomy":"post_tag","embeddable":true,"href":"https:\/\/www.padreydecano.com\/cms\/wp-json\/wp\/v2\/tags?post=71400"}],"curies":[{"name":"wp","href":"https:\/\/api.w.org\/{rel}","templated":true}]}}