{"id":71313,"date":"2019-07-27T13:50:37","date_gmt":"2019-07-27T16:50:37","guid":{"rendered":"http:\/\/www.padreydecano.com\/cms\/?p=71313"},"modified":"2019-07-28T13:58:38","modified_gmt":"2019-07-28T16:58:38","slug":"cambiar-la-cara","status":"publish","type":"post","link":"https:\/\/www.padreydecano.com\/cms\/noticias\/cambiar-la-cara\/","title":{"rendered":"Cambiar la cara"},"content":{"rendered":"<p><a href=\"https:\/\/www.padreydecano.com\/cms\/wp-content\/uploads\/2019\/07\/WhatsApp-Image-2019-07-23-at-22.49.54.jpeg\" rel=\"shadowbox[sbpost-71313];player=img;\"><img loading=\"lazy\" decoding=\"async\" class=\"aligncenter size-full wp-image-71269\" src=\"https:\/\/www.padreydecano.com\/cms\/wp-content\/uploads\/2019\/07\/WhatsApp-Image-2019-07-23-at-22.49.54.jpeg\" alt=\"\" width=\"1599\" height=\"1066\" srcset=\"https:\/\/www.padreydecano.com\/cms\/wp-content\/uploads\/2019\/07\/WhatsApp-Image-2019-07-23-at-22.49.54.jpeg 1599w, https:\/\/www.padreydecano.com\/cms\/wp-content\/uploads\/2019\/07\/WhatsApp-Image-2019-07-23-at-22.49.54-600x400.jpeg 600w, https:\/\/www.padreydecano.com\/cms\/wp-content\/uploads\/2019\/07\/WhatsApp-Image-2019-07-23-at-22.49.54-768x512.jpeg 768w, https:\/\/www.padreydecano.com\/cms\/wp-content\/uploads\/2019\/07\/WhatsApp-Image-2019-07-23-at-22.49.54-1024x683.jpeg 1024w\" sizes=\"(max-width: 1599px) 100vw, 1599px\" \/><\/a><\/p>\n<p>&nbsp;<\/p>\n<p style=\"text-align: justify;\"><strong>Pe\u00f1arol recibir\u00e1 en el Estadio Campe\u00f3n del Siglo a Danubio por la tercera fecha del Torneo Intermedio. A las 15:00 hs y con su gente, el Decano abrir\u00e1 una nueva fecha del Campeonato Uruguayo. El partido ser\u00e1 televisado por VTV.<\/strong><\/p>\n<p style=\"text-align: justify;\">Luego de la derrota sufrida frente a Fluminense por la Copa Sudamericana, el elenco mirasol buscar\u00e1 una victoria que le permita seguir liderando la Tabla Anual y preparar el partido crucial del martes por la vuelta de los octavos de final.<\/p>\n<p style=\"text-align: justify;\"><span style=\"color: #ffcc00;\"><strong>Equipo probable:<\/strong><\/span><\/p>\n<p>Kevin Dawson; Ezequiel Busquets, Fabricio Formiliano, Juan Izquierdo, Gabriel Rojas; Ignacio Lores, Jes\u00fas Trindade, Mat\u00edas De Los Santos, Brian Rodr\u00edguez; Luis Acevedo y Gast\u00f3n Rodr\u00edguez<\/p>\n<p style=\"text-align: justify;\"><span style=\"color: #ffcc00;\"><strong>\u00bfC\u00f3mo vienen ambos?<\/strong><\/span><\/p>\n<p style=\"text-align: justify;\">Es historia reciente la derrota frente a Fluminense por 2 a 1. El carbonero est\u00e1 obligado a ganarle por 2 goles al conjunto carioca para poder avanzar a una nueva fase del torneo internacional. Por el intermedio, ya se disputaron 2 fechas, con un saldo de una victoria (Boston River) y un empate en condici\u00f3n de visitante (Progreso). Los dirigidos por Diego L\u00f3pez lideran la tabla de posiciones del grupo A con 4 puntos junto a Defensor Sporting. Por la Tabla Anual, Pe\u00f1arol se ubica primero con 35 unidades, escolt\u00e1ndolo Cerro Largo con 2 puntos menos. Vale aclarar que el arach\u00e1n se posiciona en el grupo B.<\/p>\n<p style=\"text-align: justify;\">Por su parte, Danubio, viene de perder de local 2 a 1 frente al tradicional rival. Suma un solo punto en el Torneo Intermedio, producto del empate ag\u00f3nico de la primera fecha frente a Juventud de las Piedras. Entre los referentes del equipo franjeado, se destaca el juvenil Tom\u00e1s Chac\u00f3n y el ex Pe\u00f1arol Carlos Grossmuller.<\/p>\n<p style=\"text-align: justify;\"><span style=\"color: #ffcc00;\"><strong>\u00daltimos antecedentes entre ambos conjuntos:<\/strong><\/span><\/p>\n<p style=\"text-align: justify;\">Apertura 2017: Pe\u00f1arol 1 \u2013 0 Danubio<\/p>\n<p style=\"text-align: justify;\">Clausura 2017: Danubio 0 \u2013 2 Pe\u00f1arol<\/p>\n<p style=\"text-align: justify;\">Apertura 2018: Pe\u00f1arol 1 \u2013 1 Danubio<\/p>\n<p style=\"text-align: justify;\">Clausura 2018: Danubio 0 \u2013 2 Pe\u00f1arol<\/p>\n<p style=\"text-align: justify;\">Apertura 2019: Pe\u00f1arol 1 \u2013 0 Danubio<\/p>\n<p style=\"text-align: justify;\"><span style=\"color: #ffcc00;\"><strong>Jueces:<\/strong><\/span><\/p>\n<p style=\"text-align: justify;\">Leod\u00e1n Gonz\u00e1lez encabezar\u00e1 la terna arbitral entre Pe\u00f1arol y Danubio. Carlos Barreiro y Agust\u00edn Berisso ser\u00e1n los l\u00edneas. El cuarto \u00e1rbitro ser\u00e1 Daniel Rodr\u00edguez.<\/p>\n<p style=\"text-align: justify;\"><span style=\"color: #ffcc00;\"><strong>Entradas:<\/strong><\/span><\/p>\n<p style=\"text-align: justify;\"><a href=\"https:\/\/www.padreydecano.com\/cms\/noticias\/venta-de-entradas-vs-danubio-torneo-intermedio-2019\/\" target=\"_blank\" rel=\"noopener\">Haz click aqu\u00ed<\/a><\/p>\n<p style=\"text-align: justify;\"><span style=\"color: #ffcc00;\"><strong>El dato:<\/strong><\/span><\/p>\n<p style=\"text-align: justify;\">Pe\u00f1arol y Danubio disputaron el primer partido de manera oficial en el Estadio Campe\u00f3n del Siglo.<\/p>\n<p style=\"text-align: justify;\">Brian Rodr\u00edguez, de quien se habl\u00f3 durante toda la semana, hizo su debut frente al equipo franjeado.<\/p>\n<p style=\"text-align: justify;\"><span style=\"color: #ffcc00;\"><strong>Lo que se viene:<\/strong><\/span><\/p>\n<p style=\"text-align: justify;\">Una vez finalizado el encuentro entre ambos, Pe\u00f1arol apuntar\u00e1 de lleno al partido m\u00e1s importante del semestre. Un partido que es crucial para mantenerse con vida en la Copa Sudamericana. En el m\u00edtico Maracan\u00e1, el carbonero deber\u00e1 cosechar un triunfo que le permita ilusionarse con la copa. No es tarea f\u00e1cil, es verdad; pero perm\u00edtannos so\u00f1ar&#8230;<\/p>\n<p style=\"text-align: right;\"><a href=\"https:\/\/twitter.com\/mathiaastilve\" target=\"_blank\" rel=\"noopener\">Mathias Tilve<\/a><\/p>\n","protected":false},"excerpt":{"rendered":"<p>&nbsp; Pe\u00f1arol recibir\u00e1 en el Estadio Campe\u00f3n del Siglo a Danubio por la tercera fecha del Torneo Intermedio. A las 15:00 hs y con su gente, el Decano abrir\u00e1 una nueva fecha del Campeonato Uruguayo. El partido ser\u00e1 televisado por VTV. Luego de la derrota sufrida frente a Fluminense por la Copa Sudamericana, el elenco [&hellip;]<\/p>\n","protected":false},"author":30,"featured_media":71269,"comment_status":"open","ping_status":"closed","sticky":false,"template":"","format":"standard","meta":{"footnotes":""},"categories":[1],"tags":[447],"yoast_head":"<!-- This site is optimized with the Yoast SEO plugin v23.2 - https:\/\/yoast.com\/wordpress\/plugins\/seo\/ -->\n<title>Cambiar la cara - Padre y Decano - El Sitio del Pueblo<\/title>\n<meta name=\"robots\" content=\"index, follow, max-snippet:-1, max-image-preview:large, max-video-preview:-1\" \/>\n<link rel=\"canonical\" href=\"https:\/\/www.padreydecano.com\/cms\/noticias\/cambiar-la-cara\/\" \/>\n<meta property=\"og:locale\" content=\"es_ES\" \/>\n<meta property=\"og:type\" content=\"article\" \/>\n<meta property=\"og:title\" content=\"Cambiar la cara - Padre y Decano - El Sitio del Pueblo\" \/>\n<meta property=\"og:description\" content=\"&nbsp; Pe\u00f1arol recibir\u00e1 en el Estadio Campe\u00f3n del Siglo a Danubio por la tercera fecha del Torneo Intermedio. A las 15:00 hs y con su gente, el Decano abrir\u00e1 una nueva fecha del Campeonato Uruguayo. El partido ser\u00e1 televisado por VTV. Luego de la derrota sufrida frente a Fluminense por la Copa Sudamericana, el elenco [&hellip;]\" \/>\n<meta property=\"og:url\" content=\"https:\/\/www.padreydecano.com\/cms\/noticias\/cambiar-la-cara\/\" \/>\n<meta property=\"og:site_name\" content=\"Padre y Decano - El Sitio del Pueblo\" \/>\n<meta property=\"article:published_time\" content=\"2019-07-27T16:50:37+00:00\" \/>\n<meta property=\"article:modified_time\" content=\"2019-07-28T16:58:38+00:00\" \/>\n<meta property=\"og:image\" content=\"https:\/\/www.padreydecano.com\/cms\/wp-content\/uploads\/2019\/07\/WhatsApp-Image-2019-07-23-at-22.49.54.jpeg\" \/>\n\t<meta property=\"og:image:width\" content=\"1599\" \/>\n\t<meta property=\"og:image:height\" content=\"1066\" \/>\n\t<meta property=\"og:image:type\" content=\"image\/jpeg\" \/>\n<meta name=\"author\" content=\"Udelar\" \/>\n<meta name=\"twitter:card\" content=\"summary_large_image\" \/>\n<meta name=\"twitter:label1\" content=\"Escrito por\" \/>\n\t<meta name=\"twitter:data1\" content=\"Udelar\" \/>\n\t<meta name=\"twitter:label2\" content=\"Tiempo de lectura\" \/>\n\t<meta name=\"twitter:data2\" content=\"2 minutos\" \/>\n<script type=\"application\/ld+json\" class=\"yoast-schema-graph\">{\"@context\":\"https:\/\/schema.org\",\"@graph\":[{\"@type\":\"Article\",\"@id\":\"https:\/\/www.padreydecano.com\/cms\/noticias\/cambiar-la-cara\/#article\",\"isPartOf\":{\"@id\":\"https:\/\/www.padreydecano.com\/cms\/noticias\/cambiar-la-cara\/\"},\"author\":{\"name\":\"Udelar\",\"@id\":\"https:\/\/www.padreydecano.com\/cms\/#\/schema\/person\/b22191326be6d1c7fa55c2ad137a9a32\"},\"headline\":\"Cambiar la cara\",\"datePublished\":\"2019-07-27T16:50:37+00:00\",\"dateModified\":\"2019-07-28T16:58:38+00:00\",\"mainEntityOfPage\":{\"@id\":\"https:\/\/www.padreydecano.com\/cms\/noticias\/cambiar-la-cara\/\"},\"wordCount\":452,\"commentCount\":1,\"publisher\":{\"@id\":\"https:\/\/www.padreydecano.com\/cms\/#organization\"},\"image\":{\"@id\":\"https:\/\/www.padreydecano.com\/cms\/noticias\/cambiar-la-cara\/#primaryimage\"},\"thumbnailUrl\":\"https:\/\/www.padreydecano.com\/cms\/wp-content\/uploads\/2019\/07\/WhatsApp-Image-2019-07-23-at-22.49.54.jpeg\",\"keywords\":[\"Torneo Intermedio 2019\"],\"articleSection\":[\"Noticias\"],\"inLanguage\":\"es\",\"potentialAction\":[{\"@type\":\"CommentAction\",\"name\":\"Comment\",\"target\":[\"https:\/\/www.padreydecano.com\/cms\/noticias\/cambiar-la-cara\/#respond\"]}]},{\"@type\":\"WebPage\",\"@id\":\"https:\/\/www.padreydecano.com\/cms\/noticias\/cambiar-la-cara\/\",\"url\":\"https:\/\/www.padreydecano.com\/cms\/noticias\/cambiar-la-cara\/\",\"name\":\"Cambiar la cara - Padre y Decano - El Sitio del Pueblo\",\"isPartOf\":{\"@id\":\"https:\/\/www.padreydecano.com\/cms\/#website\"},\"primaryImageOfPage\":{\"@id\":\"https:\/\/www.padreydecano.com\/cms\/noticias\/cambiar-la-cara\/#primaryimage\"},\"image\":{\"@id\":\"https:\/\/www.padreydecano.com\/cms\/noticias\/cambiar-la-cara\/#primaryimage\"},\"thumbnailUrl\":\"https:\/\/www.padreydecano.com\/cms\/wp-content\/uploads\/2019\/07\/WhatsApp-Image-2019-07-23-at-22.49.54.jpeg\",\"datePublished\":\"2019-07-27T16:50:37+00:00\",\"dateModified\":\"2019-07-28T16:58:38+00:00\",\"breadcrumb\":{\"@id\":\"https:\/\/www.padreydecano.com\/cms\/noticias\/cambiar-la-cara\/#breadcrumb\"},\"inLanguage\":\"es\",\"potentialAction\":[{\"@type\":\"ReadAction\",\"target\":[\"https:\/\/www.padreydecano.com\/cms\/noticias\/cambiar-la-cara\/\"]}]},{\"@type\":\"ImageObject\",\"inLanguage\":\"es\",\"@id\":\"https:\/\/www.padreydecano.com\/cms\/noticias\/cambiar-la-cara\/#primaryimage\",\"url\":\"https:\/\/www.padreydecano.com\/cms\/wp-content\/uploads\/2019\/07\/WhatsApp-Image-2019-07-23-at-22.49.54.jpeg\",\"contentUrl\":\"https:\/\/www.padreydecano.com\/cms\/wp-content\/uploads\/2019\/07\/WhatsApp-Image-2019-07-23-at-22.49.54.jpeg\",\"width\":1599,\"height\":1066},{\"@type\":\"BreadcrumbList\",\"@id\":\"https:\/\/www.padreydecano.com\/cms\/noticias\/cambiar-la-cara\/#breadcrumb\",\"itemListElement\":[{\"@type\":\"ListItem\",\"position\":1,\"name\":\"Portada\",\"item\":\"https:\/\/www.padreydecano.com\/cms\/\"},{\"@type\":\"ListItem\",\"position\":2,\"name\":\"Cambiar la cara\"}]},{\"@type\":\"WebSite\",\"@id\":\"https:\/\/www.padreydecano.com\/cms\/#website\",\"url\":\"https:\/\/www.padreydecano.com\/cms\/\",\"name\":\"Padre y Decano - El Sitio del Pueblo\",\"description\":\"Club Atl\u00e9tico Pe\u00f1arol\",\"publisher\":{\"@id\":\"https:\/\/www.padreydecano.com\/cms\/#organization\"},\"potentialAction\":[{\"@type\":\"SearchAction\",\"target\":{\"@type\":\"EntryPoint\",\"urlTemplate\":\"https:\/\/www.padreydecano.com\/cms\/?s={search_term_string}\"},\"query-input\":\"required name=search_term_string\"}],\"inLanguage\":\"es\"},{\"@type\":\"Organization\",\"@id\":\"https:\/\/www.padreydecano.com\/cms\/#organization\",\"name\":\"Padre y Decano\",\"url\":\"https:\/\/www.padreydecano.com\/cms\/\",\"logo\":{\"@type\":\"ImageObject\",\"inLanguage\":\"es\",\"@id\":\"https:\/\/www.padreydecano.com\/cms\/#\/schema\/logo\/image\/\",\"url\":\"https:\/\/www.padreydecano.com\/cms\/wp-content\/uploads\/2022\/01\/avatar-square.png\",\"contentUrl\":\"https:\/\/www.padreydecano.com\/cms\/wp-content\/uploads\/2022\/01\/avatar-square.png\",\"width\":1500,\"height\":1500,\"caption\":\"Padre y Decano\"},\"image\":{\"@id\":\"https:\/\/www.padreydecano.com\/cms\/#\/schema\/logo\/image\/\"}},{\"@type\":\"Person\",\"@id\":\"https:\/\/www.padreydecano.com\/cms\/#\/schema\/person\/b22191326be6d1c7fa55c2ad137a9a32\",\"name\":\"Udelar\",\"image\":{\"@type\":\"ImageObject\",\"inLanguage\":\"es\",\"@id\":\"https:\/\/www.padreydecano.com\/cms\/#\/schema\/person\/image\/\",\"url\":\"https:\/\/secure.gravatar.com\/avatar\/611ece663b16897a2cd2f46982281225?s=96&d=https%3A%2F%2Fpadreydecano.com%2Fcms%2Fwp-content%2Fthemes%2Fpyd-theme%2Fimg%2Fdefault-avatar.png&r=g\",\"contentUrl\":\"https:\/\/secure.gravatar.com\/avatar\/611ece663b16897a2cd2f46982281225?s=96&d=https%3A%2F%2Fpadreydecano.com%2Fcms%2Fwp-content%2Fthemes%2Fpyd-theme%2Fimg%2Fdefault-avatar.png&r=g\",\"caption\":\"Udelar\"}}]}<\/script>\n<!-- \/ Yoast SEO plugin. -->","yoast_head_json":{"title":"Cambiar la cara - Padre y Decano - El Sitio del Pueblo","robots":{"index":"index","follow":"follow","max-snippet":"max-snippet:-1","max-image-preview":"max-image-preview:large","max-video-preview":"max-video-preview:-1"},"canonical":"https:\/\/www.padreydecano.com\/cms\/noticias\/cambiar-la-cara\/","og_locale":"es_ES","og_type":"article","og_title":"Cambiar la cara - Padre y Decano - El Sitio del Pueblo","og_description":"&nbsp; Pe\u00f1arol recibir\u00e1 en el Estadio Campe\u00f3n del Siglo a Danubio por la tercera fecha del Torneo Intermedio. A las 15:00 hs y con su gente, el Decano abrir\u00e1 una nueva fecha del Campeonato Uruguayo. El partido ser\u00e1 televisado por VTV. Luego de la derrota sufrida frente a Fluminense por la Copa Sudamericana, el elenco [&hellip;]","og_url":"https:\/\/www.padreydecano.com\/cms\/noticias\/cambiar-la-cara\/","og_site_name":"Padre y Decano - El Sitio del Pueblo","article_published_time":"2019-07-27T16:50:37+00:00","article_modified_time":"2019-07-28T16:58:38+00:00","og_image":[{"width":1599,"height":1066,"url":"https:\/\/www.padreydecano.com\/cms\/wp-content\/uploads\/2019\/07\/WhatsApp-Image-2019-07-23-at-22.49.54.jpeg","type":"image\/jpeg"}],"author":"Udelar","twitter_card":"summary_large_image","twitter_misc":{"Escrito por":"Udelar","Tiempo de lectura":"2 minutos"},"schema":{"@context":"https:\/\/schema.org","@graph":[{"@type":"Article","@id":"https:\/\/www.padreydecano.com\/cms\/noticias\/cambiar-la-cara\/#article","isPartOf":{"@id":"https:\/\/www.padreydecano.com\/cms\/noticias\/cambiar-la-cara\/"},"author":{"name":"Udelar","@id":"https:\/\/www.padreydecano.com\/cms\/#\/schema\/person\/b22191326be6d1c7fa55c2ad137a9a32"},"headline":"Cambiar la cara","datePublished":"2019-07-27T16:50:37+00:00","dateModified":"2019-07-28T16:58:38+00:00","mainEntityOfPage":{"@id":"https:\/\/www.padreydecano.com\/cms\/noticias\/cambiar-la-cara\/"},"wordCount":452,"commentCount":1,"publisher":{"@id":"https:\/\/www.padreydecano.com\/cms\/#organization"},"image":{"@id":"https:\/\/www.padreydecano.com\/cms\/noticias\/cambiar-la-cara\/#primaryimage"},"thumbnailUrl":"https:\/\/www.padreydecano.com\/cms\/wp-content\/uploads\/2019\/07\/WhatsApp-Image-2019-07-23-at-22.49.54.jpeg","keywords":["Torneo Intermedio 2019"],"articleSection":["Noticias"],"inLanguage":"es","potentialAction":[{"@type":"CommentAction","name":"Comment","target":["https:\/\/www.padreydecano.com\/cms\/noticias\/cambiar-la-cara\/#respond"]}]},{"@type":"WebPage","@id":"https:\/\/www.padreydecano.com\/cms\/noticias\/cambiar-la-cara\/","url":"https:\/\/www.padreydecano.com\/cms\/noticias\/cambiar-la-cara\/","name":"Cambiar la cara - Padre y Decano - El Sitio del Pueblo","isPartOf":{"@id":"https:\/\/www.padreydecano.com\/cms\/#website"},"primaryImageOfPage":{"@id":"https:\/\/www.padreydecano.com\/cms\/noticias\/cambiar-la-cara\/#primaryimage"},"image":{"@id":"https:\/\/www.padreydecano.com\/cms\/noticias\/cambiar-la-cara\/#primaryimage"},"thumbnailUrl":"https:\/\/www.padreydecano.com\/cms\/wp-content\/uploads\/2019\/07\/WhatsApp-Image-2019-07-23-at-22.49.54.jpeg","datePublished":"2019-07-27T16:50:37+00:00","dateModified":"2019-07-28T16:58:38+00:00","breadcrumb":{"@id":"https:\/\/www.padreydecano.com\/cms\/noticias\/cambiar-la-cara\/#breadcrumb"},"inLanguage":"es","potentialAction":[{"@type":"ReadAction","target":["https:\/\/www.padreydecano.com\/cms\/noticias\/cambiar-la-cara\/"]}]},{"@type":"ImageObject","inLanguage":"es","@id":"https:\/\/www.padreydecano.com\/cms\/noticias\/cambiar-la-cara\/#primaryimage","url":"https:\/\/www.padreydecano.com\/cms\/wp-content\/uploads\/2019\/07\/WhatsApp-Image-2019-07-23-at-22.49.54.jpeg","contentUrl":"https:\/\/www.padreydecano.com\/cms\/wp-content\/uploads\/2019\/07\/WhatsApp-Image-2019-07-23-at-22.49.54.jpeg","width":1599,"height":1066},{"@type":"BreadcrumbList","@id":"https:\/\/www.padreydecano.com\/cms\/noticias\/cambiar-la-cara\/#breadcrumb","itemListElement":[{"@type":"ListItem","position":1,"name":"Portada","item":"https:\/\/www.padreydecano.com\/cms\/"},{"@type":"ListItem","position":2,"name":"Cambiar la cara"}]},{"@type":"WebSite","@id":"https:\/\/www.padreydecano.com\/cms\/#website","url":"https:\/\/www.padreydecano.com\/cms\/","name":"Padre y Decano - El Sitio del Pueblo","description":"Club Atl\u00e9tico Pe\u00f1arol","publisher":{"@id":"https:\/\/www.padreydecano.com\/cms\/#organization"},"potentialAction":[{"@type":"SearchAction","target":{"@type":"EntryPoint","urlTemplate":"https:\/\/www.padreydecano.com\/cms\/?s={search_term_string}"},"query-input":"required name=search_term_string"}],"inLanguage":"es"},{"@type":"Organization","@id":"https:\/\/www.padreydecano.com\/cms\/#organization","name":"Padre y Decano","url":"https:\/\/www.padreydecano.com\/cms\/","logo":{"@type":"ImageObject","inLanguage":"es","@id":"https:\/\/www.padreydecano.com\/cms\/#\/schema\/logo\/image\/","url":"https:\/\/www.padreydecano.com\/cms\/wp-content\/uploads\/2022\/01\/avatar-square.png","contentUrl":"https:\/\/www.padreydecano.com\/cms\/wp-content\/uploads\/2022\/01\/avatar-square.png","width":1500,"height":1500,"caption":"Padre y Decano"},"image":{"@id":"https:\/\/www.padreydecano.com\/cms\/#\/schema\/logo\/image\/"}},{"@type":"Person","@id":"https:\/\/www.padreydecano.com\/cms\/#\/schema\/person\/b22191326be6d1c7fa55c2ad137a9a32","name":"Udelar","image":{"@type":"ImageObject","inLanguage":"es","@id":"https:\/\/www.padreydecano.com\/cms\/#\/schema\/person\/image\/","url":"https:\/\/secure.gravatar.com\/avatar\/611ece663b16897a2cd2f46982281225?s=96&d=https%3A%2F%2Fpadreydecano.com%2Fcms%2Fwp-content%2Fthemes%2Fpyd-theme%2Fimg%2Fdefault-avatar.png&r=g","contentUrl":"https:\/\/secure.gravatar.com\/avatar\/611ece663b16897a2cd2f46982281225?s=96&d=https%3A%2F%2Fpadreydecano.com%2Fcms%2Fwp-content%2Fthemes%2Fpyd-theme%2Fimg%2Fdefault-avatar.png&r=g","caption":"Udelar"}}]}},"_links":{"self":[{"href":"https:\/\/www.padreydecano.com\/cms\/wp-json\/wp\/v2\/posts\/71313"}],"collection":[{"href":"https:\/\/www.padreydecano.com\/cms\/wp-json\/wp\/v2\/posts"}],"about":[{"href":"https:\/\/www.padreydecano.com\/cms\/wp-json\/wp\/v2\/types\/post"}],"author":[{"embeddable":true,"href":"https:\/\/www.padreydecano.com\/cms\/wp-json\/wp\/v2\/users\/30"}],"replies":[{"embeddable":true,"href":"https:\/\/www.padreydecano.com\/cms\/wp-json\/wp\/v2\/comments?post=71313"}],"version-history":[{"count":0,"href":"https:\/\/www.padreydecano.com\/cms\/wp-json\/wp\/v2\/posts\/71313\/revisions"}],"wp:featuredmedia":[{"embeddable":true,"href":"https:\/\/www.padreydecano.com\/cms\/wp-json\/wp\/v2\/media\/71269"}],"wp:attachment":[{"href":"https:\/\/www.padreydecano.com\/cms\/wp-json\/wp\/v2\/media?parent=71313"}],"wp:term":[{"taxonomy":"category","embeddable":true,"href":"https:\/\/www.padreydecano.com\/cms\/wp-json\/wp\/v2\/categories?post=71313"},{"taxonomy":"post_tag","embeddable":true,"href":"https:\/\/www.padreydecano.com\/cms\/wp-json\/wp\/v2\/tags?post=71313"}],"curies":[{"name":"wp","href":"https:\/\/api.w.org\/{rel}","templated":true}]}}