{"id":71264,"date":"2019-07-24T00:31:26","date_gmt":"2019-07-24T03:31:26","guid":{"rendered":"http:\/\/www.padreydecano.com\/cms\/?p=71264"},"modified":"2019-07-31T01:56:47","modified_gmt":"2019-07-31T04:56:47","slug":"serie-cuesta-arriba","status":"publish","type":"post","link":"https:\/\/www.padreydecano.com\/cms\/noticias\/serie-cuesta-arriba\/","title":{"rendered":"Serie cuesta arriba"},"content":{"rendered":"<p><a href=\"https:\/\/www.padreydecano.com\/cms\/wp-content\/uploads\/2019\/07\/WhatsApp-Image-2019-07-23-at-22.48.36.jpeg\" rel=\"shadowbox[sbpost-71264];player=img;\"><img loading=\"lazy\" decoding=\"async\" class=\"aligncenter size-full wp-image-71265\" src=\"https:\/\/www.padreydecano.com\/cms\/wp-content\/uploads\/2019\/07\/WhatsApp-Image-2019-07-23-at-22.48.36.jpeg\" alt=\"\" width=\"1599\" height=\"1066\" srcset=\"https:\/\/www.padreydecano.com\/cms\/wp-content\/uploads\/2019\/07\/WhatsApp-Image-2019-07-23-at-22.48.36.jpeg 1599w, https:\/\/www.padreydecano.com\/cms\/wp-content\/uploads\/2019\/07\/WhatsApp-Image-2019-07-23-at-22.48.36-600x400.jpeg 600w, https:\/\/www.padreydecano.com\/cms\/wp-content\/uploads\/2019\/07\/WhatsApp-Image-2019-07-23-at-22.48.36-768x512.jpeg 768w, https:\/\/www.padreydecano.com\/cms\/wp-content\/uploads\/2019\/07\/WhatsApp-Image-2019-07-23-at-22.48.36-1024x683.jpeg 1024w\" sizes=\"(max-width: 1599px) 100vw, 1599px\" \/><\/a><\/p>\n<p class=\"m_5321580104609471483p1\" style=\"text-align: justify;\"><strong><span class=\"m_5321580104609471483s1\">Pe\u00f1arol cay\u00f3 de local ante Fluminense 2-1 en el Estadio Campe\u00f3n del Siglo por los Octavos de Final de la Copa Conmebol Sudamericana, y deber\u00e1 ir a R\u00edo de Janeiro en busca de la haza\u00f1a.<\/span><\/strong><\/p>\n<p class=\"m_5321580104609471483p1\" style=\"text-align: justify;\"><span class=\"m_5321580104609471483s1\">El equipo de Diego L\u00f3pez mostr\u00f3 su peor versi\u00f3n y le cost\u00f3 desde un principio estar en partido ya que el conjunto brasile\u00f1o manej\u00f3 en gran parte del partido los hilos del mismo.<\/span><\/p>\n<p class=\"m_5321580104609471483p1\" style=\"text-align: justify;\"><span class=\"m_5321580104609471483s1\">A los 16 minutos, tras error compartido entre Dawson, Giovanni Gonz\u00e1lez y Rodrigo Rojo, Fluminense se puso en ventaja por medio de Yony Gonz\u00e1lez.\u00a0<\/span><\/p>\n<p class=\"m_5321580104609471483p1\" style=\"text-align: justify;\"><span class=\"m_5321580104609471483s1\">Ausencias sensibles y lesiones en el transcurso del partido -Guzm\u00e1n Pereira se retir\u00f3 lesionado en el primer tiempo- lo pusieron muy cuesta arriba en una noche que no sali\u00f3 nada. El primer tiempo se cerr\u00f3 con ventaja del visitante por la m\u00ednima.<\/span><\/p>\n<p class=\"m_5321580104609471483p1\" style=\"text-align: justify;\"><span class=\"m_5321580104609471483s1\">En el complemento el tr\u00e1mite no cambi\u00f3 demasiado y a Pe\u00f1arol le cost\u00f3 enormemente generar situaciones de gol. En un momento donde la gente jugaba su partido e intentaba empujar al equipo, lleg\u00f3 el segundo gol de Fluminense que liquidaba el partido, convertido por Yony Gonz\u00e1lez una vez m\u00e1s.<\/span><\/p>\n<p class=\"m_5321580104609471483p1\" style=\"text-align: justify;\"><span class=\"m_5321580104609471483s1\">Antes de que se cerraran los primeros 90 minutos, <strong>Gast\u00f3n Rodr\u00edguez descont\u00f3 y mont\u00f3 una esperanza para lo que va a ser una nueva historia en R\u00edo<\/strong>, en el Maracan\u00e1, donde m\u00ednimo, Pe\u00f1arol deber\u00e1 convertir dos goles para tener aspiraciones de avanzar a cuartos de final.\u00a0<\/span><\/p>\n<div class=\"user-wrapper\"><a class=\"userlink\" href=\"https:\/\/twitter.com\/nacholopez09\" target=\"_blank\"><figure><img decoding=\"async\" src=\"http:\/\/www.padreydecano.com\/cms\/wp-users-files\/postfirmas\/nacholopez09.jpg\" \/><\/figure><p class=\"user\"><strong>Ignacio L&oacute;pez<\/strong><br \/>@nacholopez09<\/p><\/a><\/div>\n\n\t\t<style type=\"text\/css\">\n\t\t\t#gallery-1 {\n\t\t\t\tmargin: auto;\n\t\t\t}\n\t\t\t#gallery-1 .gallery-item {\n\t\t\t\tfloat: left;\n\t\t\t\tmargin-top: 10px;\n\t\t\t\ttext-align: center;\n\t\t\t\twidth: 33%;\n\t\t\t}\n\t\t\t#gallery-1 img {\n\t\t\t\tborder: 2px solid #cfcfcf;\n\t\t\t}\n\t\t\t#gallery-1 .gallery-caption {\n\t\t\t\tmargin-left: 0;\n\t\t\t}\n\t\t\t\/* see gallery_shortcode() in wp-includes\/media.php *\/\n\t\t<\/style>\n\t\t<div id='gallery-1' class='gallery galleryid-71264 gallery-columns-3 gallery-size-thumbnail'><dl class='gallery-item'>\n\t\t\t<dt class='gallery-icon landscape'>\n\t\t\t\t<a href='https:\/\/www.padreydecano.com\/cms\/wp-content\/uploads\/2019\/07\/WhatsApp-Image-2019-07-23-at-22.49.51.jpeg' rel='shadowbox[sbalbum-71264];player=img;'><img loading=\"lazy\" decoding=\"async\" width=\"150\" height=\"150\" src=\"https:\/\/www.padreydecano.com\/cms\/wp-content\/uploads\/2019\/07\/WhatsApp-Image-2019-07-23-at-22.49.51-150x150.jpeg\" class=\"attachment-thumbnail size-thumbnail\" alt=\"\" srcset=\"https:\/\/www.padreydecano.com\/cms\/wp-content\/uploads\/2019\/07\/WhatsApp-Image-2019-07-23-at-22.49.51-150x150.jpeg 150w, https:\/\/www.padreydecano.com\/cms\/wp-content\/uploads\/2019\/07\/WhatsApp-Image-2019-07-23-at-22.49.51-36x36.jpeg 36w\" sizes=\"(max-width: 150px) 100vw, 150px\" \/><\/a>\n\t\t\t<\/dt><\/dl><dl class='gallery-item'>\n\t\t\t<dt class='gallery-icon landscape'>\n\t\t\t\t<a href='https:\/\/www.padreydecano.com\/cms\/wp-content\/uploads\/2019\/07\/WhatsApp-Image-2019-07-23-at-22.49.53.jpeg' rel='shadowbox[sbalbum-71264];player=img;'><img loading=\"lazy\" decoding=\"async\" width=\"150\" height=\"150\" src=\"https:\/\/www.padreydecano.com\/cms\/wp-content\/uploads\/2019\/07\/WhatsApp-Image-2019-07-23-at-22.49.53-150x150.jpeg\" class=\"attachment-thumbnail size-thumbnail\" alt=\"\" srcset=\"https:\/\/www.padreydecano.com\/cms\/wp-content\/uploads\/2019\/07\/WhatsApp-Image-2019-07-23-at-22.49.53-150x150.jpeg 150w, https:\/\/www.padreydecano.com\/cms\/wp-content\/uploads\/2019\/07\/WhatsApp-Image-2019-07-23-at-22.49.53-36x36.jpeg 36w\" sizes=\"(max-width: 150px) 100vw, 150px\" \/><\/a>\n\t\t\t<\/dt><\/dl><dl class='gallery-item'>\n\t\t\t<dt class='gallery-icon landscape'>\n\t\t\t\t<a href='https:\/\/www.padreydecano.com\/cms\/wp-content\/uploads\/2019\/07\/WhatsApp-Image-2019-07-23-at-22.49.54.jpeg' rel='shadowbox[sbalbum-71264];player=img;'><img loading=\"lazy\" decoding=\"async\" width=\"150\" height=\"150\" src=\"https:\/\/www.padreydecano.com\/cms\/wp-content\/uploads\/2019\/07\/WhatsApp-Image-2019-07-23-at-22.49.54-150x150.jpeg\" class=\"attachment-thumbnail size-thumbnail\" alt=\"\" srcset=\"https:\/\/www.padreydecano.com\/cms\/wp-content\/uploads\/2019\/07\/WhatsApp-Image-2019-07-23-at-22.49.54-150x150.jpeg 150w, https:\/\/www.padreydecano.com\/cms\/wp-content\/uploads\/2019\/07\/WhatsApp-Image-2019-07-23-at-22.49.54-36x36.jpeg 36w\" sizes=\"(max-width: 150px) 100vw, 150px\" \/><\/a>\n\t\t\t<\/dt><\/dl><br style=\"clear: both\" \/><dl class='gallery-item'>\n\t\t\t<dt class='gallery-icon landscape'>\n\t\t\t\t<a href='https:\/\/www.padreydecano.com\/cms\/wp-content\/uploads\/2019\/07\/WhatsApp-Image-2019-07-23-at-22.49.55.jpeg' rel='shadowbox[sbalbum-71264];player=img;'><img loading=\"lazy\" decoding=\"async\" width=\"150\" height=\"150\" src=\"https:\/\/www.padreydecano.com\/cms\/wp-content\/uploads\/2019\/07\/WhatsApp-Image-2019-07-23-at-22.49.55-150x150.jpeg\" class=\"attachment-thumbnail size-thumbnail\" alt=\"\" srcset=\"https:\/\/www.padreydecano.com\/cms\/wp-content\/uploads\/2019\/07\/WhatsApp-Image-2019-07-23-at-22.49.55-150x150.jpeg 150w, https:\/\/www.padreydecano.com\/cms\/wp-content\/uploads\/2019\/07\/WhatsApp-Image-2019-07-23-at-22.49.55-36x36.jpeg 36w\" sizes=\"(max-width: 150px) 100vw, 150px\" \/><\/a>\n\t\t\t<\/dt><\/dl><dl class='gallery-item'>\n\t\t\t<dt class='gallery-icon landscape'>\n\t\t\t\t<a href='https:\/\/www.padreydecano.com\/cms\/wp-content\/uploads\/2019\/07\/WhatsApp-Image-2019-07-23-at-22.49.56-1.jpeg' rel='shadowbox[sbalbum-71264];player=img;'><img loading=\"lazy\" decoding=\"async\" width=\"150\" height=\"150\" src=\"https:\/\/www.padreydecano.com\/cms\/wp-content\/uploads\/2019\/07\/WhatsApp-Image-2019-07-23-at-22.49.56-1-150x150.jpeg\" class=\"attachment-thumbnail size-thumbnail\" alt=\"\" srcset=\"https:\/\/www.padreydecano.com\/cms\/wp-content\/uploads\/2019\/07\/WhatsApp-Image-2019-07-23-at-22.49.56-1-150x150.jpeg 150w, https:\/\/www.padreydecano.com\/cms\/wp-content\/uploads\/2019\/07\/WhatsApp-Image-2019-07-23-at-22.49.56-1-36x36.jpeg 36w\" sizes=\"(max-width: 150px) 100vw, 150px\" \/><\/a>\n\t\t\t<\/dt><\/dl><dl class='gallery-item'>\n\t\t\t<dt class='gallery-icon landscape'>\n\t\t\t\t<a href='https:\/\/www.padreydecano.com\/cms\/wp-content\/uploads\/2019\/07\/WhatsApp-Image-2019-07-23-at-22.49.56-2.jpeg' rel='shadowbox[sbalbum-71264];player=img;'><img loading=\"lazy\" decoding=\"async\" width=\"150\" height=\"150\" src=\"https:\/\/www.padreydecano.com\/cms\/wp-content\/uploads\/2019\/07\/WhatsApp-Image-2019-07-23-at-22.49.56-2-150x150.jpeg\" class=\"attachment-thumbnail size-thumbnail\" alt=\"\" srcset=\"https:\/\/www.padreydecano.com\/cms\/wp-content\/uploads\/2019\/07\/WhatsApp-Image-2019-07-23-at-22.49.56-2-150x150.jpeg 150w, https:\/\/www.padreydecano.com\/cms\/wp-content\/uploads\/2019\/07\/WhatsApp-Image-2019-07-23-at-22.49.56-2-36x36.jpeg 36w\" sizes=\"(max-width: 150px) 100vw, 150px\" \/><\/a>\n\t\t\t<\/dt><\/dl><br style=\"clear: both\" \/><dl class='gallery-item'>\n\t\t\t<dt class='gallery-icon landscape'>\n\t\t\t\t<a href='https:\/\/www.padreydecano.com\/cms\/wp-content\/uploads\/2019\/07\/WhatsApp-Image-2019-07-23-at-22.49.57-1.jpeg' rel='shadowbox[sbalbum-71264];player=img;'><img loading=\"lazy\" decoding=\"async\" width=\"150\" height=\"150\" src=\"https:\/\/www.padreydecano.com\/cms\/wp-content\/uploads\/2019\/07\/WhatsApp-Image-2019-07-23-at-22.49.57-1-150x150.jpeg\" class=\"attachment-thumbnail size-thumbnail\" alt=\"\" srcset=\"https:\/\/www.padreydecano.com\/cms\/wp-content\/uploads\/2019\/07\/WhatsApp-Image-2019-07-23-at-22.49.57-1-150x150.jpeg 150w, https:\/\/www.padreydecano.com\/cms\/wp-content\/uploads\/2019\/07\/WhatsApp-Image-2019-07-23-at-22.49.57-1-36x36.jpeg 36w\" sizes=\"(max-width: 150px) 100vw, 150px\" \/><\/a>\n\t\t\t<\/dt><\/dl><dl class='gallery-item'>\n\t\t\t<dt class='gallery-icon landscape'>\n\t\t\t\t<a href='https:\/\/www.padreydecano.com\/cms\/wp-content\/uploads\/2019\/07\/WhatsApp-Image-2019-07-23-at-22.49.57.jpeg' rel='shadowbox[sbalbum-71264];player=img;'><img loading=\"lazy\" decoding=\"async\" width=\"150\" height=\"150\" src=\"https:\/\/www.padreydecano.com\/cms\/wp-content\/uploads\/2019\/07\/WhatsApp-Image-2019-07-23-at-22.49.57-150x150.jpeg\" class=\"attachment-thumbnail size-thumbnail\" alt=\"\" srcset=\"https:\/\/www.padreydecano.com\/cms\/wp-content\/uploads\/2019\/07\/WhatsApp-Image-2019-07-23-at-22.49.57-150x150.jpeg 150w, https:\/\/www.padreydecano.com\/cms\/wp-content\/uploads\/2019\/07\/WhatsApp-Image-2019-07-23-at-22.49.57-36x36.jpeg 36w\" sizes=\"(max-width: 150px) 100vw, 150px\" \/><\/a>\n\t\t\t<\/dt><\/dl><dl class='gallery-item'>\n\t\t\t<dt class='gallery-icon landscape'>\n\t\t\t\t<a href='https:\/\/www.padreydecano.com\/cms\/wp-content\/uploads\/2019\/07\/WhatsApp-Image-2019-07-23-at-22.49.58-1.jpeg' rel='shadowbox[sbalbum-71264];player=img;'><img loading=\"lazy\" decoding=\"async\" width=\"150\" height=\"150\" src=\"https:\/\/www.padreydecano.com\/cms\/wp-content\/uploads\/2019\/07\/WhatsApp-Image-2019-07-23-at-22.49.58-1-150x150.jpeg\" class=\"attachment-thumbnail size-thumbnail\" alt=\"\" srcset=\"https:\/\/www.padreydecano.com\/cms\/wp-content\/uploads\/2019\/07\/WhatsApp-Image-2019-07-23-at-22.49.58-1-150x150.jpeg 150w, https:\/\/www.padreydecano.com\/cms\/wp-content\/uploads\/2019\/07\/WhatsApp-Image-2019-07-23-at-22.49.58-1-36x36.jpeg 36w\" sizes=\"(max-width: 150px) 100vw, 150px\" \/><\/a>\n\t\t\t<\/dt><\/dl><br style=\"clear: both\" \/><dl class='gallery-item'>\n\t\t\t<dt class='gallery-icon landscape'>\n\t\t\t\t<a href='https:\/\/www.padreydecano.com\/cms\/wp-content\/uploads\/2019\/07\/WhatsApp-Image-2019-07-23-at-22.49.58-2.jpeg' rel='shadowbox[sbalbum-71264];player=img;'><img loading=\"lazy\" decoding=\"async\" width=\"150\" height=\"150\" src=\"https:\/\/www.padreydecano.com\/cms\/wp-content\/uploads\/2019\/07\/WhatsApp-Image-2019-07-23-at-22.49.58-2-150x150.jpeg\" class=\"attachment-thumbnail size-thumbnail\" alt=\"\" srcset=\"https:\/\/www.padreydecano.com\/cms\/wp-content\/uploads\/2019\/07\/WhatsApp-Image-2019-07-23-at-22.49.58-2-150x150.jpeg 150w, https:\/\/www.padreydecano.com\/cms\/wp-content\/uploads\/2019\/07\/WhatsApp-Image-2019-07-23-at-22.49.58-2-36x36.jpeg 36w\" sizes=\"(max-width: 150px) 100vw, 150px\" \/><\/a>\n\t\t\t<\/dt><\/dl><dl class='gallery-item'>\n\t\t\t<dt class='gallery-icon landscape'>\n\t\t\t\t<a href='https:\/\/www.padreydecano.com\/cms\/wp-content\/uploads\/2019\/07\/WhatsApp-Image-2019-07-23-at-22.49.58.jpeg' rel='shadowbox[sbalbum-71264];player=img;'><img loading=\"lazy\" decoding=\"async\" width=\"150\" height=\"150\" src=\"https:\/\/www.padreydecano.com\/cms\/wp-content\/uploads\/2019\/07\/WhatsApp-Image-2019-07-23-at-22.49.58-150x150.jpeg\" class=\"attachment-thumbnail size-thumbnail\" alt=\"\" srcset=\"https:\/\/www.padreydecano.com\/cms\/wp-content\/uploads\/2019\/07\/WhatsApp-Image-2019-07-23-at-22.49.58-150x150.jpeg 150w, https:\/\/www.padreydecano.com\/cms\/wp-content\/uploads\/2019\/07\/WhatsApp-Image-2019-07-23-at-22.49.58-36x36.jpeg 36w\" sizes=\"(max-width: 150px) 100vw, 150px\" \/><\/a>\n\t\t\t<\/dt><\/dl>\n\t\t\t<br style='clear: both' \/>\n\t\t<\/div>\n\n","protected":false},"excerpt":{"rendered":"<p>Pe\u00f1arol cay\u00f3 de local ante Fluminense 2-1 en el Estadio Campe\u00f3n del Siglo por los Octavos de Final de la Copa Conmebol Sudamericana, y deber\u00e1 ir a R\u00edo de Janeiro en busca de la haza\u00f1a. El equipo de Diego L\u00f3pez mostr\u00f3 su peor versi\u00f3n y le cost\u00f3 desde un principio estar en partido ya que [&hellip;]<\/p>\n","protected":false},"author":5,"featured_media":71265,"comment_status":"open","ping_status":"closed","sticky":false,"template":"","format":"standard","meta":{"footnotes":""},"categories":[1,13],"tags":[],"yoast_head":"<!-- This site is optimized with the Yoast SEO plugin v23.2 - https:\/\/yoast.com\/wordpress\/plugins\/seo\/ -->\n<title>Serie cuesta arriba - Padre y Decano - El Sitio del Pueblo<\/title>\n<meta name=\"robots\" content=\"index, follow, max-snippet:-1, max-image-preview:large, max-video-preview:-1\" \/>\n<link rel=\"canonical\" href=\"https:\/\/www.padreydecano.com\/cms\/noticias\/serie-cuesta-arriba\/\" \/>\n<meta property=\"og:locale\" content=\"es_ES\" \/>\n<meta property=\"og:type\" content=\"article\" \/>\n<meta property=\"og:title\" content=\"Serie cuesta arriba - Padre y Decano - El Sitio del Pueblo\" \/>\n<meta property=\"og:description\" content=\"Pe\u00f1arol cay\u00f3 de local ante Fluminense 2-1 en el Estadio Campe\u00f3n del Siglo por los Octavos de Final de la Copa Conmebol Sudamericana, y deber\u00e1 ir a R\u00edo de Janeiro en busca de la haza\u00f1a. El equipo de Diego L\u00f3pez mostr\u00f3 su peor versi\u00f3n y le cost\u00f3 desde un principio estar en partido ya que [&hellip;]\" \/>\n<meta property=\"og:url\" content=\"https:\/\/www.padreydecano.com\/cms\/noticias\/serie-cuesta-arriba\/\" \/>\n<meta property=\"og:site_name\" content=\"Padre y Decano - El Sitio del Pueblo\" \/>\n<meta property=\"article:published_time\" content=\"2019-07-24T03:31:26+00:00\" \/>\n<meta property=\"article:modified_time\" content=\"2019-07-31T04:56:47+00:00\" \/>\n<meta property=\"og:image\" content=\"https:\/\/www.padreydecano.com\/cms\/wp-content\/uploads\/2019\/07\/WhatsApp-Image-2019-07-23-at-22.48.36.jpeg\" \/>\n\t<meta property=\"og:image:width\" content=\"1599\" \/>\n\t<meta property=\"og:image:height\" content=\"1066\" \/>\n\t<meta property=\"og:image:type\" content=\"image\/jpeg\" \/>\n<meta name=\"author\" content=\"Emirona07\" \/>\n<meta name=\"twitter:card\" content=\"summary_large_image\" \/>\n<meta name=\"twitter:label1\" content=\"Escrito por\" \/>\n\t<meta name=\"twitter:data1\" content=\"Emirona07\" \/>\n\t<meta name=\"twitter:label2\" content=\"Tiempo de lectura\" \/>\n\t<meta name=\"twitter:data2\" content=\"1 minuto\" \/>\n<script type=\"application\/ld+json\" class=\"yoast-schema-graph\">{\"@context\":\"https:\/\/schema.org\",\"@graph\":[{\"@type\":\"Article\",\"@id\":\"https:\/\/www.padreydecano.com\/cms\/noticias\/serie-cuesta-arriba\/#article\",\"isPartOf\":{\"@id\":\"https:\/\/www.padreydecano.com\/cms\/noticias\/serie-cuesta-arriba\/\"},\"author\":{\"name\":\"Emirona07\",\"@id\":\"https:\/\/www.padreydecano.com\/cms\/#\/schema\/person\/51e0214db654d9624824b37c2838bb65\"},\"headline\":\"Serie cuesta arriba\",\"datePublished\":\"2019-07-24T03:31:26+00:00\",\"dateModified\":\"2019-07-31T04:56:47+00:00\",\"mainEntityOfPage\":{\"@id\":\"https:\/\/www.padreydecano.com\/cms\/noticias\/serie-cuesta-arriba\/\"},\"wordCount\":253,\"commentCount\":167,\"publisher\":{\"@id\":\"https:\/\/www.padreydecano.com\/cms\/#organization\"},\"image\":{\"@id\":\"https:\/\/www.padreydecano.com\/cms\/noticias\/serie-cuesta-arriba\/#primaryimage\"},\"thumbnailUrl\":\"https:\/\/www.padreydecano.com\/cms\/wp-content\/uploads\/2019\/07\/WhatsApp-Image-2019-07-23-at-22.48.36.jpeg\",\"articleSection\":[\"Noticias\",\"Partidos\"],\"inLanguage\":\"es\",\"potentialAction\":[{\"@type\":\"CommentAction\",\"name\":\"Comment\",\"target\":[\"https:\/\/www.padreydecano.com\/cms\/noticias\/serie-cuesta-arriba\/#respond\"]}]},{\"@type\":\"WebPage\",\"@id\":\"https:\/\/www.padreydecano.com\/cms\/noticias\/serie-cuesta-arriba\/\",\"url\":\"https:\/\/www.padreydecano.com\/cms\/noticias\/serie-cuesta-arriba\/\",\"name\":\"Serie cuesta arriba - Padre y Decano - El Sitio del Pueblo\",\"isPartOf\":{\"@id\":\"https:\/\/www.padreydecano.com\/cms\/#website\"},\"primaryImageOfPage\":{\"@id\":\"https:\/\/www.padreydecano.com\/cms\/noticias\/serie-cuesta-arriba\/#primaryimage\"},\"image\":{\"@id\":\"https:\/\/www.padreydecano.com\/cms\/noticias\/serie-cuesta-arriba\/#primaryimage\"},\"thumbnailUrl\":\"https:\/\/www.padreydecano.com\/cms\/wp-content\/uploads\/2019\/07\/WhatsApp-Image-2019-07-23-at-22.48.36.jpeg\",\"datePublished\":\"2019-07-24T03:31:26+00:00\",\"dateModified\":\"2019-07-31T04:56:47+00:00\",\"breadcrumb\":{\"@id\":\"https:\/\/www.padreydecano.com\/cms\/noticias\/serie-cuesta-arriba\/#breadcrumb\"},\"inLanguage\":\"es\",\"potentialAction\":[{\"@type\":\"ReadAction\",\"target\":[\"https:\/\/www.padreydecano.com\/cms\/noticias\/serie-cuesta-arriba\/\"]}]},{\"@type\":\"ImageObject\",\"inLanguage\":\"es\",\"@id\":\"https:\/\/www.padreydecano.com\/cms\/noticias\/serie-cuesta-arriba\/#primaryimage\",\"url\":\"https:\/\/www.padreydecano.com\/cms\/wp-content\/uploads\/2019\/07\/WhatsApp-Image-2019-07-23-at-22.48.36.jpeg\",\"contentUrl\":\"https:\/\/www.padreydecano.com\/cms\/wp-content\/uploads\/2019\/07\/WhatsApp-Image-2019-07-23-at-22.48.36.jpeg\",\"width\":1599,\"height\":1066},{\"@type\":\"BreadcrumbList\",\"@id\":\"https:\/\/www.padreydecano.com\/cms\/noticias\/serie-cuesta-arriba\/#breadcrumb\",\"itemListElement\":[{\"@type\":\"ListItem\",\"position\":1,\"name\":\"Portada\",\"item\":\"https:\/\/www.padreydecano.com\/cms\/\"},{\"@type\":\"ListItem\",\"position\":2,\"name\":\"Serie cuesta arriba\"}]},{\"@type\":\"WebSite\",\"@id\":\"https:\/\/www.padreydecano.com\/cms\/#website\",\"url\":\"https:\/\/www.padreydecano.com\/cms\/\",\"name\":\"Padre y Decano - El Sitio del Pueblo\",\"description\":\"Club Atl\u00e9tico Pe\u00f1arol\",\"publisher\":{\"@id\":\"https:\/\/www.padreydecano.com\/cms\/#organization\"},\"potentialAction\":[{\"@type\":\"SearchAction\",\"target\":{\"@type\":\"EntryPoint\",\"urlTemplate\":\"https:\/\/www.padreydecano.com\/cms\/?s={search_term_string}\"},\"query-input\":\"required name=search_term_string\"}],\"inLanguage\":\"es\"},{\"@type\":\"Organization\",\"@id\":\"https:\/\/www.padreydecano.com\/cms\/#organization\",\"name\":\"Padre y Decano\",\"url\":\"https:\/\/www.padreydecano.com\/cms\/\",\"logo\":{\"@type\":\"ImageObject\",\"inLanguage\":\"es\",\"@id\":\"https:\/\/www.padreydecano.com\/cms\/#\/schema\/logo\/image\/\",\"url\":\"https:\/\/www.padreydecano.com\/cms\/wp-content\/uploads\/2022\/01\/avatar-square.png\",\"contentUrl\":\"https:\/\/www.padreydecano.com\/cms\/wp-content\/uploads\/2022\/01\/avatar-square.png\",\"width\":1500,\"height\":1500,\"caption\":\"Padre y Decano\"},\"image\":{\"@id\":\"https:\/\/www.padreydecano.com\/cms\/#\/schema\/logo\/image\/\"}},{\"@type\":\"Person\",\"@id\":\"https:\/\/www.padreydecano.com\/cms\/#\/schema\/person\/51e0214db654d9624824b37c2838bb65\",\"name\":\"Emirona07\",\"image\":{\"@type\":\"ImageObject\",\"inLanguage\":\"es\",\"@id\":\"https:\/\/www.padreydecano.com\/cms\/#\/schema\/person\/image\/\",\"url\":\"https:\/\/secure.gravatar.com\/avatar\/93c9118dbd5373a8a065bb5cdddde6bf?s=96&d=https%3A%2F%2Fpadreydecano.com%2Fcms%2Fwp-content%2Fthemes%2Fpyd-theme%2Fimg%2Fdefault-avatar.png&r=g\",\"contentUrl\":\"https:\/\/secure.gravatar.com\/avatar\/93c9118dbd5373a8a065bb5cdddde6bf?s=96&d=https%3A%2F%2Fpadreydecano.com%2Fcms%2Fwp-content%2Fthemes%2Fpyd-theme%2Fimg%2Fdefault-avatar.png&r=g\",\"caption\":\"Emirona07\"}}]}<\/script>\n<!-- \/ Yoast SEO plugin. -->","yoast_head_json":{"title":"Serie cuesta arriba - Padre y Decano - El Sitio del Pueblo","robots":{"index":"index","follow":"follow","max-snippet":"max-snippet:-1","max-image-preview":"max-image-preview:large","max-video-preview":"max-video-preview:-1"},"canonical":"https:\/\/www.padreydecano.com\/cms\/noticias\/serie-cuesta-arriba\/","og_locale":"es_ES","og_type":"article","og_title":"Serie cuesta arriba - Padre y Decano - El Sitio del Pueblo","og_description":"Pe\u00f1arol cay\u00f3 de local ante Fluminense 2-1 en el Estadio Campe\u00f3n del Siglo por los Octavos de Final de la Copa Conmebol Sudamericana, y deber\u00e1 ir a R\u00edo de Janeiro en busca de la haza\u00f1a. El equipo de Diego L\u00f3pez mostr\u00f3 su peor versi\u00f3n y le cost\u00f3 desde un principio estar en partido ya que [&hellip;]","og_url":"https:\/\/www.padreydecano.com\/cms\/noticias\/serie-cuesta-arriba\/","og_site_name":"Padre y Decano - El Sitio del Pueblo","article_published_time":"2019-07-24T03:31:26+00:00","article_modified_time":"2019-07-31T04:56:47+00:00","og_image":[{"width":1599,"height":1066,"url":"https:\/\/www.padreydecano.com\/cms\/wp-content\/uploads\/2019\/07\/WhatsApp-Image-2019-07-23-at-22.48.36.jpeg","type":"image\/jpeg"}],"author":"Emirona07","twitter_card":"summary_large_image","twitter_misc":{"Escrito por":"Emirona07","Tiempo de lectura":"1 minuto"},"schema":{"@context":"https:\/\/schema.org","@graph":[{"@type":"Article","@id":"https:\/\/www.padreydecano.com\/cms\/noticias\/serie-cuesta-arriba\/#article","isPartOf":{"@id":"https:\/\/www.padreydecano.com\/cms\/noticias\/serie-cuesta-arriba\/"},"author":{"name":"Emirona07","@id":"https:\/\/www.padreydecano.com\/cms\/#\/schema\/person\/51e0214db654d9624824b37c2838bb65"},"headline":"Serie cuesta arriba","datePublished":"2019-07-24T03:31:26+00:00","dateModified":"2019-07-31T04:56:47+00:00","mainEntityOfPage":{"@id":"https:\/\/www.padreydecano.com\/cms\/noticias\/serie-cuesta-arriba\/"},"wordCount":253,"commentCount":167,"publisher":{"@id":"https:\/\/www.padreydecano.com\/cms\/#organization"},"image":{"@id":"https:\/\/www.padreydecano.com\/cms\/noticias\/serie-cuesta-arriba\/#primaryimage"},"thumbnailUrl":"https:\/\/www.padreydecano.com\/cms\/wp-content\/uploads\/2019\/07\/WhatsApp-Image-2019-07-23-at-22.48.36.jpeg","articleSection":["Noticias","Partidos"],"inLanguage":"es","potentialAction":[{"@type":"CommentAction","name":"Comment","target":["https:\/\/www.padreydecano.com\/cms\/noticias\/serie-cuesta-arriba\/#respond"]}]},{"@type":"WebPage","@id":"https:\/\/www.padreydecano.com\/cms\/noticias\/serie-cuesta-arriba\/","url":"https:\/\/www.padreydecano.com\/cms\/noticias\/serie-cuesta-arriba\/","name":"Serie cuesta arriba - Padre y Decano - El Sitio del Pueblo","isPartOf":{"@id":"https:\/\/www.padreydecano.com\/cms\/#website"},"primaryImageOfPage":{"@id":"https:\/\/www.padreydecano.com\/cms\/noticias\/serie-cuesta-arriba\/#primaryimage"},"image":{"@id":"https:\/\/www.padreydecano.com\/cms\/noticias\/serie-cuesta-arriba\/#primaryimage"},"thumbnailUrl":"https:\/\/www.padreydecano.com\/cms\/wp-content\/uploads\/2019\/07\/WhatsApp-Image-2019-07-23-at-22.48.36.jpeg","datePublished":"2019-07-24T03:31:26+00:00","dateModified":"2019-07-31T04:56:47+00:00","breadcrumb":{"@id":"https:\/\/www.padreydecano.com\/cms\/noticias\/serie-cuesta-arriba\/#breadcrumb"},"inLanguage":"es","potentialAction":[{"@type":"ReadAction","target":["https:\/\/www.padreydecano.com\/cms\/noticias\/serie-cuesta-arriba\/"]}]},{"@type":"ImageObject","inLanguage":"es","@id":"https:\/\/www.padreydecano.com\/cms\/noticias\/serie-cuesta-arriba\/#primaryimage","url":"https:\/\/www.padreydecano.com\/cms\/wp-content\/uploads\/2019\/07\/WhatsApp-Image-2019-07-23-at-22.48.36.jpeg","contentUrl":"https:\/\/www.padreydecano.com\/cms\/wp-content\/uploads\/2019\/07\/WhatsApp-Image-2019-07-23-at-22.48.36.jpeg","width":1599,"height":1066},{"@type":"BreadcrumbList","@id":"https:\/\/www.padreydecano.com\/cms\/noticias\/serie-cuesta-arriba\/#breadcrumb","itemListElement":[{"@type":"ListItem","position":1,"name":"Portada","item":"https:\/\/www.padreydecano.com\/cms\/"},{"@type":"ListItem","position":2,"name":"Serie cuesta arriba"}]},{"@type":"WebSite","@id":"https:\/\/www.padreydecano.com\/cms\/#website","url":"https:\/\/www.padreydecano.com\/cms\/","name":"Padre y Decano - El Sitio del Pueblo","description":"Club Atl\u00e9tico Pe\u00f1arol","publisher":{"@id":"https:\/\/www.padreydecano.com\/cms\/#organization"},"potentialAction":[{"@type":"SearchAction","target":{"@type":"EntryPoint","urlTemplate":"https:\/\/www.padreydecano.com\/cms\/?s={search_term_string}"},"query-input":"required name=search_term_string"}],"inLanguage":"es"},{"@type":"Organization","@id":"https:\/\/www.padreydecano.com\/cms\/#organization","name":"Padre y Decano","url":"https:\/\/www.padreydecano.com\/cms\/","logo":{"@type":"ImageObject","inLanguage":"es","@id":"https:\/\/www.padreydecano.com\/cms\/#\/schema\/logo\/image\/","url":"https:\/\/www.padreydecano.com\/cms\/wp-content\/uploads\/2022\/01\/avatar-square.png","contentUrl":"https:\/\/www.padreydecano.com\/cms\/wp-content\/uploads\/2022\/01\/avatar-square.png","width":1500,"height":1500,"caption":"Padre y Decano"},"image":{"@id":"https:\/\/www.padreydecano.com\/cms\/#\/schema\/logo\/image\/"}},{"@type":"Person","@id":"https:\/\/www.padreydecano.com\/cms\/#\/schema\/person\/51e0214db654d9624824b37c2838bb65","name":"Emirona07","image":{"@type":"ImageObject","inLanguage":"es","@id":"https:\/\/www.padreydecano.com\/cms\/#\/schema\/person\/image\/","url":"https:\/\/secure.gravatar.com\/avatar\/93c9118dbd5373a8a065bb5cdddde6bf?s=96&d=https%3A%2F%2Fpadreydecano.com%2Fcms%2Fwp-content%2Fthemes%2Fpyd-theme%2Fimg%2Fdefault-avatar.png&r=g","contentUrl":"https:\/\/secure.gravatar.com\/avatar\/93c9118dbd5373a8a065bb5cdddde6bf?s=96&d=https%3A%2F%2Fpadreydecano.com%2Fcms%2Fwp-content%2Fthemes%2Fpyd-theme%2Fimg%2Fdefault-avatar.png&r=g","caption":"Emirona07"}}]}},"_links":{"self":[{"href":"https:\/\/www.padreydecano.com\/cms\/wp-json\/wp\/v2\/posts\/71264"}],"collection":[{"href":"https:\/\/www.padreydecano.com\/cms\/wp-json\/wp\/v2\/posts"}],"about":[{"href":"https:\/\/www.padreydecano.com\/cms\/wp-json\/wp\/v2\/types\/post"}],"author":[{"embeddable":true,"href":"https:\/\/www.padreydecano.com\/cms\/wp-json\/wp\/v2\/users\/5"}],"replies":[{"embeddable":true,"href":"https:\/\/www.padreydecano.com\/cms\/wp-json\/wp\/v2\/comments?post=71264"}],"version-history":[{"count":0,"href":"https:\/\/www.padreydecano.com\/cms\/wp-json\/wp\/v2\/posts\/71264\/revisions"}],"wp:featuredmedia":[{"embeddable":true,"href":"https:\/\/www.padreydecano.com\/cms\/wp-json\/wp\/v2\/media\/71265"}],"wp:attachment":[{"href":"https:\/\/www.padreydecano.com\/cms\/wp-json\/wp\/v2\/media?parent=71264"}],"wp:term":[{"taxonomy":"category","embeddable":true,"href":"https:\/\/www.padreydecano.com\/cms\/wp-json\/wp\/v2\/categories?post=71264"},{"taxonomy":"post_tag","embeddable":true,"href":"https:\/\/www.padreydecano.com\/cms\/wp-json\/wp\/v2\/tags?post=71264"}],"curies":[{"name":"wp","href":"https:\/\/api.w.org\/{rel}","templated":true}]}}