{"id":71242,"date":"2019-07-22T16:02:08","date_gmt":"2019-07-22T19:02:08","guid":{"rendered":"http:\/\/www.padreydecano.com\/cms\/?p=71242"},"modified":"2019-07-22T16:02:08","modified_gmt":"2019-07-22T19:02:08","slug":"derrota-en-la-union","status":"publish","type":"post","link":"https:\/\/www.padreydecano.com\/cms\/noticias\/derrota-en-la-union\/","title":{"rendered":"Derrota en La Uni\u00f3n"},"content":{"rendered":"<p><img loading=\"lazy\" decoding=\"async\" class=\"aligncenter wp-image-71246 size-full\" src=\"https:\/\/www.padreydecano.com\/cms\/wp-content\/uploads\/2019\/07\/WhatsApp-Image-2019-07-22-at-11.28.52.jpeg\" alt=\"\" width=\"1334\" height=\"890\" srcset=\"https:\/\/www.padreydecano.com\/cms\/wp-content\/uploads\/2019\/07\/WhatsApp-Image-2019-07-22-at-11.28.52.jpeg 1334w, https:\/\/www.padreydecano.com\/cms\/wp-content\/uploads\/2019\/07\/WhatsApp-Image-2019-07-22-at-11.28.52-600x400.jpeg 600w, https:\/\/www.padreydecano.com\/cms\/wp-content\/uploads\/2019\/07\/WhatsApp-Image-2019-07-22-at-11.28.52-768x512.jpeg 768w, https:\/\/www.padreydecano.com\/cms\/wp-content\/uploads\/2019\/07\/WhatsApp-Image-2019-07-22-at-11.28.52-1024x683.jpeg 1024w\" sizes=\"(max-width: 1334px) 100vw, 1334px\" \/><\/p>\n<p style=\"text-align: justify;\"><b>En su visita por La Uni\u00f3n el carbonero cay\u00f3 con Larre Borges en cifras de 110-101. A pesar de remontar y forzar el alargue el equipo fue muy superado en el tiempo extra.<\/b><\/p>\n<p style=\"text-align: justify;\">En Larre Borges comenzaron De Le\u00f3n, Bascou, Jones, Rojas y Harrison. Por Pe\u00f1arol iniciaron \u00c1lvarez, Zanotta, Blazina, P\u00e9rez y Alston<\/p>\n<p style=\"text-align: justify;\">El primer cuarto fue muy parejo y no hubo diferencias en el marcador. Larre tuvo la gran figura fue Harrison, activo en el juego interno y hasta encontr\u00f3 un triple. El for\u00e1neo termin\u00f3 con 10 puntos en los primeros &#8217;10 de juego. Pe\u00f1arol estuvo muy claro en ataque, movi\u00f3 bien y tuvo triples de Blazina y \u00c1lvarez y rompimientos de Zanotta. Alston tuvo un gran cierre y por eso le dio la ventaja por m\u00ednima a su equipo. El primer cuarto lo gan\u00f3 Pe\u00f1arol por 21-20.<\/p>\n<p style=\"text-align: justify;\">El segundo comenz\u00f3 a favor del due\u00f1o de casa, encontr\u00f3 gol interno con Rojas y un triple donde consigui\u00f3 un 6-0 de arranque. Larre Borge fue m\u00e1s din\u00e1mico desde el per\u00edmetro y muy efectivo en triples, tuvo dos de Bascou y otro de Da Costa. Consigui\u00f3 un parcial de 20-8 y sac\u00f3 la m\u00e1xima de 13 en el marcador. El equipo de Castrill\u00f3nestuvo muy perdido en ataque, sin ideas y muy falto de gol. Tuvo un ingreso vital de Asaravicius que despert\u00f3 al equipo en ofensiva y lleg\u00f3 al gol. Sin embargo estuvo lejos desde lo colectivo y qued\u00f3 lejos. El segundo lo gan\u00f3 Larre por 48-35.<\/p>\n<p style=\"text-align: justify;\">El tercero comenz\u00f3 a pura bomba de los dos lados. El local comenz\u00f3 muy metido pero Pe\u00f1arol contest\u00f3 con los triples de Alvarez, Zanotta y Asaravicius, dejaron al carbonero de nuevo en juego. Tambi\u00e9n crecieron Alston y P\u00e9rez en el juego intern\u00f3 y la producci\u00f3n ofensiva subi\u00f3. En Larre hubo figuras individuales que asumieron en el peor momento de los de la Uni\u00f3n y anotaron, pero el local ya no segu\u00eda firmes en defensa y le cost\u00f3. Pese a todo le alcanz\u00f3 y se fue al \u00faltimo ganando por 69-66.<\/p>\n<p style=\"text-align: justify;\">El \u00faltimo comenz\u00f3 con Larre letal en la zona pintada, anot\u00f3 continuamente y retom\u00f3 la m\u00e1xima en el marcador. El equipo de Castrill\u00f3n rem\u00f3 poco a poco con un Alston intratable en la pintura, asumi\u00f3 cada vez que le lleg\u00f3 en la pintura y fue clave para el descuento. Asaravicius tambi\u00e9n aport\u00f3 lo suyo en la zona pintada y tambi\u00e9n anot\u00f3 seguido. El local cometi\u00f3 muchos errores en el final y se le dio vuelva el partido. Pe\u00f1arol se agrand\u00f3 en el final y encontr\u00f3 dos triples de Blazina en momentos claves. Igual\u00f3 el juego y forz\u00f3 el alargue en 90.<\/p>\n<p style=\"text-align: justify;\">El alargue fue todo el due\u00f1o de casa, tuvo a la figura de Bascou que manej\u00f3 al equipo desde el per\u00edmetro, gol exterior y tambi\u00e9n con rompimientos. Rojas y Harrison hicieron estragos en la zona pintada los 45 minutos de juego y fueron las otras claves del local. Larre Borges abri\u00f3 9 de renta en el alargue y cerr\u00f3 el juego en su favor.<\/p>\n<p style=\"text-align: justify;\">El goleador del juego fue Bascou con 30 unidades y 4 rebotes, seguido de Harrison con 27 puntos y 9 rebotes.<strong> En Pe\u00f1arol se destac\u00f3 Alston con 27 puntos y 13 rebotes.<\/strong><\/p>\n","protected":false},"excerpt":{"rendered":"<p>En su visita por La Uni\u00f3n el carbonero cay\u00f3 con Larre Borges en cifras de 110-101. A pesar de remontar y forzar el alargue el equipo fue muy superado en el tiempo extra. En Larre Borges comenzaron De Le\u00f3n, Bascou, Jones, Rojas y Harrison. Por Pe\u00f1arol iniciaron \u00c1lvarez, Zanotta, Blazina, P\u00e9rez y Alston El primer [&hellip;]<\/p>\n","protected":false},"author":27,"featured_media":71246,"comment_status":"open","ping_status":"closed","sticky":false,"template":"","format":"standard","meta":{"footnotes":""},"categories":[407,1],"tags":[406],"yoast_head":"<!-- This site is optimized with the Yoast SEO plugin v23.2 - https:\/\/yoast.com\/wordpress\/plugins\/seo\/ -->\n<title>Derrota en La Uni\u00f3n - Padre y Decano - El Sitio del Pueblo<\/title>\n<meta name=\"robots\" content=\"index, follow, max-snippet:-1, max-image-preview:large, max-video-preview:-1\" \/>\n<link rel=\"canonical\" href=\"https:\/\/www.padreydecano.com\/cms\/noticias\/derrota-en-la-union\/\" \/>\n<meta property=\"og:locale\" content=\"es_ES\" \/>\n<meta property=\"og:type\" content=\"article\" \/>\n<meta property=\"og:title\" content=\"Derrota en La Uni\u00f3n - Padre y Decano - El Sitio del Pueblo\" \/>\n<meta property=\"og:description\" content=\"En su visita por La Uni\u00f3n el carbonero cay\u00f3 con Larre Borges en cifras de 110-101. A pesar de remontar y forzar el alargue el equipo fue muy superado en el tiempo extra. En Larre Borges comenzaron De Le\u00f3n, Bascou, Jones, Rojas y Harrison. Por Pe\u00f1arol iniciaron \u00c1lvarez, Zanotta, Blazina, P\u00e9rez y Alston El primer [&hellip;]\" \/>\n<meta property=\"og:url\" content=\"https:\/\/www.padreydecano.com\/cms\/noticias\/derrota-en-la-union\/\" \/>\n<meta property=\"og:site_name\" content=\"Padre y Decano - El Sitio del Pueblo\" \/>\n<meta property=\"article:published_time\" content=\"2019-07-22T19:02:08+00:00\" \/>\n<meta property=\"og:image\" content=\"https:\/\/www.padreydecano.com\/cms\/wp-content\/uploads\/2019\/07\/WhatsApp-Image-2019-07-22-at-11.28.52.jpeg\" \/>\n\t<meta property=\"og:image:width\" content=\"1334\" \/>\n\t<meta property=\"og:image:height\" content=\"890\" \/>\n\t<meta property=\"og:image:type\" content=\"image\/jpeg\" \/>\n<meta name=\"author\" content=\"Redactores Padre y Decano\" \/>\n<meta name=\"twitter:card\" content=\"summary_large_image\" \/>\n<meta name=\"twitter:label1\" content=\"Escrito por\" \/>\n\t<meta name=\"twitter:data1\" content=\"Redactores Padre y Decano\" \/>\n\t<meta name=\"twitter:label2\" content=\"Tiempo de lectura\" \/>\n\t<meta name=\"twitter:data2\" content=\"3 minutos\" \/>\n<script type=\"application\/ld+json\" class=\"yoast-schema-graph\">{\"@context\":\"https:\/\/schema.org\",\"@graph\":[{\"@type\":\"Article\",\"@id\":\"https:\/\/www.padreydecano.com\/cms\/noticias\/derrota-en-la-union\/#article\",\"isPartOf\":{\"@id\":\"https:\/\/www.padreydecano.com\/cms\/noticias\/derrota-en-la-union\/\"},\"author\":{\"name\":\"Redactores Padre y Decano\",\"@id\":\"https:\/\/www.padreydecano.com\/cms\/#\/schema\/person\/37aae8f93aa78e4c5385497f056e3246\"},\"headline\":\"Derrota en La Uni\u00f3n\",\"datePublished\":\"2019-07-22T19:02:08+00:00\",\"dateModified\":\"2019-07-22T19:02:08+00:00\",\"mainEntityOfPage\":{\"@id\":\"https:\/\/www.padreydecano.com\/cms\/noticias\/derrota-en-la-union\/\"},\"wordCount\":555,\"commentCount\":3,\"publisher\":{\"@id\":\"https:\/\/www.padreydecano.com\/cms\/#organization\"},\"image\":{\"@id\":\"https:\/\/www.padreydecano.com\/cms\/noticias\/derrota-en-la-union\/#primaryimage\"},\"thumbnailUrl\":\"https:\/\/www.padreydecano.com\/cms\/wp-content\/uploads\/2019\/07\/WhatsApp-Image-2019-07-22-at-11.28.52.jpeg\",\"keywords\":[\"Metro 2019\"],\"articleSection\":[\"Basket\",\"Noticias\"],\"inLanguage\":\"es\",\"potentialAction\":[{\"@type\":\"CommentAction\",\"name\":\"Comment\",\"target\":[\"https:\/\/www.padreydecano.com\/cms\/noticias\/derrota-en-la-union\/#respond\"]}]},{\"@type\":\"WebPage\",\"@id\":\"https:\/\/www.padreydecano.com\/cms\/noticias\/derrota-en-la-union\/\",\"url\":\"https:\/\/www.padreydecano.com\/cms\/noticias\/derrota-en-la-union\/\",\"name\":\"Derrota en La Uni\u00f3n - Padre y Decano - El Sitio del Pueblo\",\"isPartOf\":{\"@id\":\"https:\/\/www.padreydecano.com\/cms\/#website\"},\"primaryImageOfPage\":{\"@id\":\"https:\/\/www.padreydecano.com\/cms\/noticias\/derrota-en-la-union\/#primaryimage\"},\"image\":{\"@id\":\"https:\/\/www.padreydecano.com\/cms\/noticias\/derrota-en-la-union\/#primaryimage\"},\"thumbnailUrl\":\"https:\/\/www.padreydecano.com\/cms\/wp-content\/uploads\/2019\/07\/WhatsApp-Image-2019-07-22-at-11.28.52.jpeg\",\"datePublished\":\"2019-07-22T19:02:08+00:00\",\"dateModified\":\"2019-07-22T19:02:08+00:00\",\"breadcrumb\":{\"@id\":\"https:\/\/www.padreydecano.com\/cms\/noticias\/derrota-en-la-union\/#breadcrumb\"},\"inLanguage\":\"es\",\"potentialAction\":[{\"@type\":\"ReadAction\",\"target\":[\"https:\/\/www.padreydecano.com\/cms\/noticias\/derrota-en-la-union\/\"]}]},{\"@type\":\"ImageObject\",\"inLanguage\":\"es\",\"@id\":\"https:\/\/www.padreydecano.com\/cms\/noticias\/derrota-en-la-union\/#primaryimage\",\"url\":\"https:\/\/www.padreydecano.com\/cms\/wp-content\/uploads\/2019\/07\/WhatsApp-Image-2019-07-22-at-11.28.52.jpeg\",\"contentUrl\":\"https:\/\/www.padreydecano.com\/cms\/wp-content\/uploads\/2019\/07\/WhatsApp-Image-2019-07-22-at-11.28.52.jpeg\",\"width\":1334,\"height\":890},{\"@type\":\"BreadcrumbList\",\"@id\":\"https:\/\/www.padreydecano.com\/cms\/noticias\/derrota-en-la-union\/#breadcrumb\",\"itemListElement\":[{\"@type\":\"ListItem\",\"position\":1,\"name\":\"Portada\",\"item\":\"https:\/\/www.padreydecano.com\/cms\/\"},{\"@type\":\"ListItem\",\"position\":2,\"name\":\"Derrota en La Uni\u00f3n\"}]},{\"@type\":\"WebSite\",\"@id\":\"https:\/\/www.padreydecano.com\/cms\/#website\",\"url\":\"https:\/\/www.padreydecano.com\/cms\/\",\"name\":\"Padre y Decano - El Sitio del Pueblo\",\"description\":\"Club Atl\u00e9tico Pe\u00f1arol\",\"publisher\":{\"@id\":\"https:\/\/www.padreydecano.com\/cms\/#organization\"},\"potentialAction\":[{\"@type\":\"SearchAction\",\"target\":{\"@type\":\"EntryPoint\",\"urlTemplate\":\"https:\/\/www.padreydecano.com\/cms\/?s={search_term_string}\"},\"query-input\":\"required name=search_term_string\"}],\"inLanguage\":\"es\"},{\"@type\":\"Organization\",\"@id\":\"https:\/\/www.padreydecano.com\/cms\/#organization\",\"name\":\"Padre y Decano\",\"url\":\"https:\/\/www.padreydecano.com\/cms\/\",\"logo\":{\"@type\":\"ImageObject\",\"inLanguage\":\"es\",\"@id\":\"https:\/\/www.padreydecano.com\/cms\/#\/schema\/logo\/image\/\",\"url\":\"https:\/\/www.padreydecano.com\/cms\/wp-content\/uploads\/2022\/01\/avatar-square.png\",\"contentUrl\":\"https:\/\/www.padreydecano.com\/cms\/wp-content\/uploads\/2022\/01\/avatar-square.png\",\"width\":1500,\"height\":1500,\"caption\":\"Padre y Decano\"},\"image\":{\"@id\":\"https:\/\/www.padreydecano.com\/cms\/#\/schema\/logo\/image\/\"}},{\"@type\":\"Person\",\"@id\":\"https:\/\/www.padreydecano.com\/cms\/#\/schema\/person\/37aae8f93aa78e4c5385497f056e3246\",\"name\":\"Redactores Padre y Decano\",\"image\":{\"@type\":\"ImageObject\",\"inLanguage\":\"es\",\"@id\":\"https:\/\/www.padreydecano.com\/cms\/#\/schema\/person\/image\/\",\"url\":\"https:\/\/secure.gravatar.com\/avatar\/8810c4b9081192b118b104af54549af8?s=96&d=https%3A%2F%2Fpadreydecano.com%2Fcms%2Fwp-content%2Fthemes%2Fpyd-theme%2Fimg%2Fdefault-avatar.png&r=g\",\"contentUrl\":\"https:\/\/secure.gravatar.com\/avatar\/8810c4b9081192b118b104af54549af8?s=96&d=https%3A%2F%2Fpadreydecano.com%2Fcms%2Fwp-content%2Fthemes%2Fpyd-theme%2Fimg%2Fdefault-avatar.png&r=g\",\"caption\":\"Redactores Padre y Decano\"},\"sameAs\":[\"http:\/\/www.padreydecano.com\"]}]}<\/script>\n<!-- \/ Yoast SEO plugin. -->","yoast_head_json":{"title":"Derrota en La Uni\u00f3n - Padre y Decano - El Sitio del Pueblo","robots":{"index":"index","follow":"follow","max-snippet":"max-snippet:-1","max-image-preview":"max-image-preview:large","max-video-preview":"max-video-preview:-1"},"canonical":"https:\/\/www.padreydecano.com\/cms\/noticias\/derrota-en-la-union\/","og_locale":"es_ES","og_type":"article","og_title":"Derrota en La Uni\u00f3n - Padre y Decano - El Sitio del Pueblo","og_description":"En su visita por La Uni\u00f3n el carbonero cay\u00f3 con Larre Borges en cifras de 110-101. A pesar de remontar y forzar el alargue el equipo fue muy superado en el tiempo extra. En Larre Borges comenzaron De Le\u00f3n, Bascou, Jones, Rojas y Harrison. Por Pe\u00f1arol iniciaron \u00c1lvarez, Zanotta, Blazina, P\u00e9rez y Alston El primer [&hellip;]","og_url":"https:\/\/www.padreydecano.com\/cms\/noticias\/derrota-en-la-union\/","og_site_name":"Padre y Decano - El Sitio del Pueblo","article_published_time":"2019-07-22T19:02:08+00:00","og_image":[{"width":1334,"height":890,"url":"https:\/\/www.padreydecano.com\/cms\/wp-content\/uploads\/2019\/07\/WhatsApp-Image-2019-07-22-at-11.28.52.jpeg","type":"image\/jpeg"}],"author":"Redactores Padre y Decano","twitter_card":"summary_large_image","twitter_misc":{"Escrito por":"Redactores Padre y Decano","Tiempo de lectura":"3 minutos"},"schema":{"@context":"https:\/\/schema.org","@graph":[{"@type":"Article","@id":"https:\/\/www.padreydecano.com\/cms\/noticias\/derrota-en-la-union\/#article","isPartOf":{"@id":"https:\/\/www.padreydecano.com\/cms\/noticias\/derrota-en-la-union\/"},"author":{"name":"Redactores Padre y Decano","@id":"https:\/\/www.padreydecano.com\/cms\/#\/schema\/person\/37aae8f93aa78e4c5385497f056e3246"},"headline":"Derrota en La Uni\u00f3n","datePublished":"2019-07-22T19:02:08+00:00","dateModified":"2019-07-22T19:02:08+00:00","mainEntityOfPage":{"@id":"https:\/\/www.padreydecano.com\/cms\/noticias\/derrota-en-la-union\/"},"wordCount":555,"commentCount":3,"publisher":{"@id":"https:\/\/www.padreydecano.com\/cms\/#organization"},"image":{"@id":"https:\/\/www.padreydecano.com\/cms\/noticias\/derrota-en-la-union\/#primaryimage"},"thumbnailUrl":"https:\/\/www.padreydecano.com\/cms\/wp-content\/uploads\/2019\/07\/WhatsApp-Image-2019-07-22-at-11.28.52.jpeg","keywords":["Metro 2019"],"articleSection":["Basket","Noticias"],"inLanguage":"es","potentialAction":[{"@type":"CommentAction","name":"Comment","target":["https:\/\/www.padreydecano.com\/cms\/noticias\/derrota-en-la-union\/#respond"]}]},{"@type":"WebPage","@id":"https:\/\/www.padreydecano.com\/cms\/noticias\/derrota-en-la-union\/","url":"https:\/\/www.padreydecano.com\/cms\/noticias\/derrota-en-la-union\/","name":"Derrota en La Uni\u00f3n - Padre y Decano - El Sitio del Pueblo","isPartOf":{"@id":"https:\/\/www.padreydecano.com\/cms\/#website"},"primaryImageOfPage":{"@id":"https:\/\/www.padreydecano.com\/cms\/noticias\/derrota-en-la-union\/#primaryimage"},"image":{"@id":"https:\/\/www.padreydecano.com\/cms\/noticias\/derrota-en-la-union\/#primaryimage"},"thumbnailUrl":"https:\/\/www.padreydecano.com\/cms\/wp-content\/uploads\/2019\/07\/WhatsApp-Image-2019-07-22-at-11.28.52.jpeg","datePublished":"2019-07-22T19:02:08+00:00","dateModified":"2019-07-22T19:02:08+00:00","breadcrumb":{"@id":"https:\/\/www.padreydecano.com\/cms\/noticias\/derrota-en-la-union\/#breadcrumb"},"inLanguage":"es","potentialAction":[{"@type":"ReadAction","target":["https:\/\/www.padreydecano.com\/cms\/noticias\/derrota-en-la-union\/"]}]},{"@type":"ImageObject","inLanguage":"es","@id":"https:\/\/www.padreydecano.com\/cms\/noticias\/derrota-en-la-union\/#primaryimage","url":"https:\/\/www.padreydecano.com\/cms\/wp-content\/uploads\/2019\/07\/WhatsApp-Image-2019-07-22-at-11.28.52.jpeg","contentUrl":"https:\/\/www.padreydecano.com\/cms\/wp-content\/uploads\/2019\/07\/WhatsApp-Image-2019-07-22-at-11.28.52.jpeg","width":1334,"height":890},{"@type":"BreadcrumbList","@id":"https:\/\/www.padreydecano.com\/cms\/noticias\/derrota-en-la-union\/#breadcrumb","itemListElement":[{"@type":"ListItem","position":1,"name":"Portada","item":"https:\/\/www.padreydecano.com\/cms\/"},{"@type":"ListItem","position":2,"name":"Derrota en La Uni\u00f3n"}]},{"@type":"WebSite","@id":"https:\/\/www.padreydecano.com\/cms\/#website","url":"https:\/\/www.padreydecano.com\/cms\/","name":"Padre y Decano - El Sitio del Pueblo","description":"Club Atl\u00e9tico Pe\u00f1arol","publisher":{"@id":"https:\/\/www.padreydecano.com\/cms\/#organization"},"potentialAction":[{"@type":"SearchAction","target":{"@type":"EntryPoint","urlTemplate":"https:\/\/www.padreydecano.com\/cms\/?s={search_term_string}"},"query-input":"required name=search_term_string"}],"inLanguage":"es"},{"@type":"Organization","@id":"https:\/\/www.padreydecano.com\/cms\/#organization","name":"Padre y Decano","url":"https:\/\/www.padreydecano.com\/cms\/","logo":{"@type":"ImageObject","inLanguage":"es","@id":"https:\/\/www.padreydecano.com\/cms\/#\/schema\/logo\/image\/","url":"https:\/\/www.padreydecano.com\/cms\/wp-content\/uploads\/2022\/01\/avatar-square.png","contentUrl":"https:\/\/www.padreydecano.com\/cms\/wp-content\/uploads\/2022\/01\/avatar-square.png","width":1500,"height":1500,"caption":"Padre y Decano"},"image":{"@id":"https:\/\/www.padreydecano.com\/cms\/#\/schema\/logo\/image\/"}},{"@type":"Person","@id":"https:\/\/www.padreydecano.com\/cms\/#\/schema\/person\/37aae8f93aa78e4c5385497f056e3246","name":"Redactores Padre y Decano","image":{"@type":"ImageObject","inLanguage":"es","@id":"https:\/\/www.padreydecano.com\/cms\/#\/schema\/person\/image\/","url":"https:\/\/secure.gravatar.com\/avatar\/8810c4b9081192b118b104af54549af8?s=96&d=https%3A%2F%2Fpadreydecano.com%2Fcms%2Fwp-content%2Fthemes%2Fpyd-theme%2Fimg%2Fdefault-avatar.png&r=g","contentUrl":"https:\/\/secure.gravatar.com\/avatar\/8810c4b9081192b118b104af54549af8?s=96&d=https%3A%2F%2Fpadreydecano.com%2Fcms%2Fwp-content%2Fthemes%2Fpyd-theme%2Fimg%2Fdefault-avatar.png&r=g","caption":"Redactores Padre y Decano"},"sameAs":["http:\/\/www.padreydecano.com"]}]}},"_links":{"self":[{"href":"https:\/\/www.padreydecano.com\/cms\/wp-json\/wp\/v2\/posts\/71242"}],"collection":[{"href":"https:\/\/www.padreydecano.com\/cms\/wp-json\/wp\/v2\/posts"}],"about":[{"href":"https:\/\/www.padreydecano.com\/cms\/wp-json\/wp\/v2\/types\/post"}],"author":[{"embeddable":true,"href":"https:\/\/www.padreydecano.com\/cms\/wp-json\/wp\/v2\/users\/27"}],"replies":[{"embeddable":true,"href":"https:\/\/www.padreydecano.com\/cms\/wp-json\/wp\/v2\/comments?post=71242"}],"version-history":[{"count":0,"href":"https:\/\/www.padreydecano.com\/cms\/wp-json\/wp\/v2\/posts\/71242\/revisions"}],"wp:featuredmedia":[{"embeddable":true,"href":"https:\/\/www.padreydecano.com\/cms\/wp-json\/wp\/v2\/media\/71246"}],"wp:attachment":[{"href":"https:\/\/www.padreydecano.com\/cms\/wp-json\/wp\/v2\/media?parent=71242"}],"wp:term":[{"taxonomy":"category","embeddable":true,"href":"https:\/\/www.padreydecano.com\/cms\/wp-json\/wp\/v2\/categories?post=71242"},{"taxonomy":"post_tag","embeddable":true,"href":"https:\/\/www.padreydecano.com\/cms\/wp-json\/wp\/v2\/tags?post=71242"}],"curies":[{"name":"wp","href":"https:\/\/api.w.org\/{rel}","templated":true}]}}