{"id":71185,"date":"2019-07-16T08:28:11","date_gmt":"2019-07-16T11:28:11","guid":{"rendered":"http:\/\/www.padreydecano.com\/cms\/?p=71185"},"modified":"2019-07-16T17:40:06","modified_gmt":"2019-07-16T20:40:06","slug":"partido-clave","status":"publish","type":"post","link":"https:\/\/www.padreydecano.com\/cms\/noticias\/partido-clave\/","title":{"rendered":"Partido clave"},"content":{"rendered":"<p><a href=\"https:\/\/www.padreydecano.com\/cms\/wp-content\/uploads\/2019\/07\/Diego-Alvarez.png\" rel=\"shadowbox[sbpost-71185];player=img;\"><br \/>\n<img loading=\"lazy\" decoding=\"async\" class=\"aligncenter size-full wp-image-71186\" src=\"https:\/\/www.padreydecano.com\/cms\/wp-content\/uploads\/2019\/07\/Diego-Alvarez.png\" alt=\"\" width=\"1600\" height=\"1066\" srcset=\"https:\/\/www.padreydecano.com\/cms\/wp-content\/uploads\/2019\/07\/Diego-Alvarez.png 1600w, https:\/\/www.padreydecano.com\/cms\/wp-content\/uploads\/2019\/07\/Diego-Alvarez-600x400.png 600w, https:\/\/www.padreydecano.com\/cms\/wp-content\/uploads\/2019\/07\/Diego-Alvarez-768x512.png 768w, https:\/\/www.padreydecano.com\/cms\/wp-content\/uploads\/2019\/07\/Diego-Alvarez-1024x682.png 1024w\" sizes=\"(max-width: 1600px) 100vw, 1600px\" \/><\/a><\/p>\n<p style=\"text-align: justify;\"><strong>El carbonero recibe a Cord\u00f3n esta noche desde las 21 horas, en el Palacio Pe\u00f1arol, por la novena fecha de El Metro 2019. Partido clave para ambos equipos, en busca del ascenso a la m\u00e1xima categor\u00eda del b\u00e1squetbol uruguayo.<\/strong><\/p>\n<p style=\"text-align: justify;\">Pe\u00f1arol viene de derrotar 81-62 a Verdirrojo como visitante, un gran partido del aurinegro, de cara al encuentro ante Cord\u00f3n.<\/p>\n<p style=\"text-align: justify;\">En El Metro, el carbonero se encuentra segundo con 13 puntos, al igual que Larre Borges. El l\u00edder hasta el momento, es justamente Cord\u00f3n, con 15 unidades y un partido m\u00e1s jugado. En la siguiente fecha Pe\u00f1arol visitar\u00e1 a Larre Borges, por lo que esta semana es clave en el camino al ascenso y al t\u00edtulo.<\/p>\n<p style=\"text-align: justify;\"><strong><span style=\"color: #ffcc00;\">El rival<\/span><\/strong><\/p>\n<p style=\"text-align: justify;\">Cord\u00f3n es, sin dudas, unos de los mejores equipos de la presente temporada, por lo que se espera un partido parejo y de gran nivel en el Palacio. Los albicelestes ganaron 7 encuentros y perdieron \u00fanicamente uno, ante Stockolmo, en la octava fecha. Luego de caer derrotado, Cord\u00f3n venci\u00f3 a Miramar en un \u00abpartido pico\u00bb, que se hab\u00eda suspendido por fallas en el reloj.<\/p>\n<p style=\"text-align: justify;\"><strong>Fecha 1:<\/strong> victoria 80-65 vs Welcome.<\/p>\n<p style=\"text-align: justify;\"><strong>Fecha 2:<\/strong> victoria 74-63 vs 25 de Agosto.<\/p>\n<p style=\"text-align: justify;\"><strong>Fecha 3:<\/strong> victoria 94-70 vs Lagomar.<\/p>\n<p style=\"text-align: justify;\"><strong>Fecha 4:<\/strong> victoria 61-58 vs Danubio.<\/p>\n<p style=\"text-align: justify;\"><strong>Fecha 5:<\/strong> victoria 79-70 vs Tabar\u00e9.<\/p>\n<p style=\"text-align: justify;\"><strong>Fecha 6:<\/strong> victoria 67-65 vs Miramar.<\/p>\n<p style=\"text-align: justify;\"><strong>Fecha 7:<\/strong> victoria 70-66 vs Uni\u00f3n Atl\u00e9tica.<\/p>\n<p style=\"text-align: justify;\"><strong>Fecha 8:<\/strong> derrota 89-83 vs Stockolmo.<\/p>\n<p style=\"text-align: justify;\"><span style=\"color: #ffcc00;\"><strong>Entradas<\/strong><\/span><\/p>\n<p style=\"text-align: justify;\">Las entradas se pueden adquirir por los locales de Redpagos o por la web de Tickantel. Los Socio Campe\u00f3n Sudamericano y Socio Campe\u00f3n Federal ingresan gratis presentando su respectiva tarjeta.<\/p>\n<p style=\"text-align: justify;\"><strong>Socios Colaborador:<\/strong> $ 100<\/p>\n<p style=\"text-align: justify;\"><strong>Generales Pe\u00f1arol:<\/strong> $ 220 ($ 110 abonando con tarjeta brou, entradas limitadas)<\/p>\n<p style=\"text-align: justify;\"><strong>Generales Cord\u00f3n:<\/strong> $ 220 ($ 110 abonando con tarjeta brou, entradas limitadas)<\/p>\n<p style=\"text-align: justify;\">Para m\u00e1s informaci\u00f3n click <a href=\"https:\/\/www.padreydecano.com\/cms\/noticias\/venta-de-entradas-vs-cordon-metro-2019\/\">aqu\u00ed<\/a>.<\/p>\n<div class=\"user-wrapper\"><a class=\"userlink\"href=\"https:\/\/twitter.com\/ftrucce18\" target=\"_blank\"><figure><img decoding=\"async\" src=\"http:\/\/www.padreydecano.com\/cms\/wp-users-files\/postfirmas\/ftrucce.jpg\" \/><\/figure><p class=\"user\"><strong>Franco Trucce<\/strong><br \/>@FTrucce18<\/p><\/a><\/div>\n","protected":false},"excerpt":{"rendered":"<p>El carbonero recibe a Cord\u00f3n esta noche desde las 21 horas, en el Palacio Pe\u00f1arol, por la novena fecha de El Metro 2019. Partido clave para ambos equipos, en busca del ascenso a la m\u00e1xima categor\u00eda del b\u00e1squetbol uruguayo. Pe\u00f1arol viene de derrotar 81-62 a Verdirrojo como visitante, un gran partido del aurinegro, de cara [&hellip;]<\/p>\n","protected":false},"author":27,"featured_media":71186,"comment_status":"open","ping_status":"closed","sticky":false,"template":"","format":"standard","meta":{"footnotes":""},"categories":[407,1],"tags":[406,32],"yoast_head":"<!-- This site is optimized with the Yoast SEO plugin v23.2 - https:\/\/yoast.com\/wordpress\/plugins\/seo\/ -->\n<title>Partido clave - Padre y Decano - El Sitio del Pueblo<\/title>\n<meta name=\"robots\" content=\"index, follow, max-snippet:-1, max-image-preview:large, max-video-preview:-1\" \/>\n<link rel=\"canonical\" href=\"https:\/\/www.padreydecano.com\/cms\/noticias\/partido-clave\/\" \/>\n<meta property=\"og:locale\" content=\"es_ES\" \/>\n<meta property=\"og:type\" content=\"article\" \/>\n<meta property=\"og:title\" content=\"Partido clave - Padre y Decano - El Sitio del Pueblo\" \/>\n<meta property=\"og:description\" content=\"El carbonero recibe a Cord\u00f3n esta noche desde las 21 horas, en el Palacio Pe\u00f1arol, por la novena fecha de El Metro 2019. Partido clave para ambos equipos, en busca del ascenso a la m\u00e1xima categor\u00eda del b\u00e1squetbol uruguayo. Pe\u00f1arol viene de derrotar 81-62 a Verdirrojo como visitante, un gran partido del aurinegro, de cara [&hellip;]\" \/>\n<meta property=\"og:url\" content=\"https:\/\/www.padreydecano.com\/cms\/noticias\/partido-clave\/\" \/>\n<meta property=\"og:site_name\" content=\"Padre y Decano - El Sitio del Pueblo\" \/>\n<meta property=\"article:published_time\" content=\"2019-07-16T11:28:11+00:00\" \/>\n<meta property=\"article:modified_time\" content=\"2019-07-16T20:40:06+00:00\" \/>\n<meta property=\"og:image\" content=\"https:\/\/www.padreydecano.com\/cms\/wp-content\/uploads\/2019\/07\/Diego-Alvarez.png\" \/>\n\t<meta property=\"og:image:width\" content=\"1600\" \/>\n\t<meta property=\"og:image:height\" content=\"1066\" \/>\n\t<meta property=\"og:image:type\" content=\"image\/png\" \/>\n<meta name=\"author\" content=\"Redactores Padre y Decano\" \/>\n<meta name=\"twitter:card\" content=\"summary_large_image\" \/>\n<meta name=\"twitter:label1\" content=\"Escrito por\" \/>\n\t<meta name=\"twitter:data1\" content=\"Redactores Padre y Decano\" \/>\n\t<meta name=\"twitter:label2\" content=\"Tiempo de lectura\" \/>\n\t<meta name=\"twitter:data2\" content=\"1 minuto\" \/>\n<script type=\"application\/ld+json\" class=\"yoast-schema-graph\">{\"@context\":\"https:\/\/schema.org\",\"@graph\":[{\"@type\":\"Article\",\"@id\":\"https:\/\/www.padreydecano.com\/cms\/noticias\/partido-clave\/#article\",\"isPartOf\":{\"@id\":\"https:\/\/www.padreydecano.com\/cms\/noticias\/partido-clave\/\"},\"author\":{\"name\":\"Redactores Padre y Decano\",\"@id\":\"https:\/\/www.padreydecano.com\/cms\/#\/schema\/person\/37aae8f93aa78e4c5385497f056e3246\"},\"headline\":\"Partido clave\",\"datePublished\":\"2019-07-16T11:28:11+00:00\",\"dateModified\":\"2019-07-16T20:40:06+00:00\",\"mainEntityOfPage\":{\"@id\":\"https:\/\/www.padreydecano.com\/cms\/noticias\/partido-clave\/\"},\"wordCount\":298,\"commentCount\":4,\"publisher\":{\"@id\":\"https:\/\/www.padreydecano.com\/cms\/#organization\"},\"image\":{\"@id\":\"https:\/\/www.padreydecano.com\/cms\/noticias\/partido-clave\/#primaryimage\"},\"thumbnailUrl\":\"https:\/\/www.padreydecano.com\/cms\/wp-content\/uploads\/2019\/07\/Diego-Alvarez.png\",\"keywords\":[\"Metro 2019\",\"Venta de entradas\"],\"articleSection\":[\"Basket\",\"Noticias\"],\"inLanguage\":\"es\",\"potentialAction\":[{\"@type\":\"CommentAction\",\"name\":\"Comment\",\"target\":[\"https:\/\/www.padreydecano.com\/cms\/noticias\/partido-clave\/#respond\"]}]},{\"@type\":\"WebPage\",\"@id\":\"https:\/\/www.padreydecano.com\/cms\/noticias\/partido-clave\/\",\"url\":\"https:\/\/www.padreydecano.com\/cms\/noticias\/partido-clave\/\",\"name\":\"Partido clave - Padre y Decano - El Sitio del Pueblo\",\"isPartOf\":{\"@id\":\"https:\/\/www.padreydecano.com\/cms\/#website\"},\"primaryImageOfPage\":{\"@id\":\"https:\/\/www.padreydecano.com\/cms\/noticias\/partido-clave\/#primaryimage\"},\"image\":{\"@id\":\"https:\/\/www.padreydecano.com\/cms\/noticias\/partido-clave\/#primaryimage\"},\"thumbnailUrl\":\"https:\/\/www.padreydecano.com\/cms\/wp-content\/uploads\/2019\/07\/Diego-Alvarez.png\",\"datePublished\":\"2019-07-16T11:28:11+00:00\",\"dateModified\":\"2019-07-16T20:40:06+00:00\",\"breadcrumb\":{\"@id\":\"https:\/\/www.padreydecano.com\/cms\/noticias\/partido-clave\/#breadcrumb\"},\"inLanguage\":\"es\",\"potentialAction\":[{\"@type\":\"ReadAction\",\"target\":[\"https:\/\/www.padreydecano.com\/cms\/noticias\/partido-clave\/\"]}]},{\"@type\":\"ImageObject\",\"inLanguage\":\"es\",\"@id\":\"https:\/\/www.padreydecano.com\/cms\/noticias\/partido-clave\/#primaryimage\",\"url\":\"https:\/\/www.padreydecano.com\/cms\/wp-content\/uploads\/2019\/07\/Diego-Alvarez.png\",\"contentUrl\":\"https:\/\/www.padreydecano.com\/cms\/wp-content\/uploads\/2019\/07\/Diego-Alvarez.png\",\"width\":1600,\"height\":1066},{\"@type\":\"BreadcrumbList\",\"@id\":\"https:\/\/www.padreydecano.com\/cms\/noticias\/partido-clave\/#breadcrumb\",\"itemListElement\":[{\"@type\":\"ListItem\",\"position\":1,\"name\":\"Portada\",\"item\":\"https:\/\/www.padreydecano.com\/cms\/\"},{\"@type\":\"ListItem\",\"position\":2,\"name\":\"Partido clave\"}]},{\"@type\":\"WebSite\",\"@id\":\"https:\/\/www.padreydecano.com\/cms\/#website\",\"url\":\"https:\/\/www.padreydecano.com\/cms\/\",\"name\":\"Padre y Decano - El Sitio del Pueblo\",\"description\":\"Club Atl\u00e9tico Pe\u00f1arol\",\"publisher\":{\"@id\":\"https:\/\/www.padreydecano.com\/cms\/#organization\"},\"potentialAction\":[{\"@type\":\"SearchAction\",\"target\":{\"@type\":\"EntryPoint\",\"urlTemplate\":\"https:\/\/www.padreydecano.com\/cms\/?s={search_term_string}\"},\"query-input\":\"required name=search_term_string\"}],\"inLanguage\":\"es\"},{\"@type\":\"Organization\",\"@id\":\"https:\/\/www.padreydecano.com\/cms\/#organization\",\"name\":\"Padre y Decano\",\"url\":\"https:\/\/www.padreydecano.com\/cms\/\",\"logo\":{\"@type\":\"ImageObject\",\"inLanguage\":\"es\",\"@id\":\"https:\/\/www.padreydecano.com\/cms\/#\/schema\/logo\/image\/\",\"url\":\"https:\/\/www.padreydecano.com\/cms\/wp-content\/uploads\/2022\/01\/avatar-square.png\",\"contentUrl\":\"https:\/\/www.padreydecano.com\/cms\/wp-content\/uploads\/2022\/01\/avatar-square.png\",\"width\":1500,\"height\":1500,\"caption\":\"Padre y Decano\"},\"image\":{\"@id\":\"https:\/\/www.padreydecano.com\/cms\/#\/schema\/logo\/image\/\"}},{\"@type\":\"Person\",\"@id\":\"https:\/\/www.padreydecano.com\/cms\/#\/schema\/person\/37aae8f93aa78e4c5385497f056e3246\",\"name\":\"Redactores Padre y Decano\",\"image\":{\"@type\":\"ImageObject\",\"inLanguage\":\"es\",\"@id\":\"https:\/\/www.padreydecano.com\/cms\/#\/schema\/person\/image\/\",\"url\":\"https:\/\/secure.gravatar.com\/avatar\/8810c4b9081192b118b104af54549af8?s=96&d=https%3A%2F%2Fpadreydecano.com%2Fcms%2Fwp-content%2Fthemes%2Fpyd-theme%2Fimg%2Fdefault-avatar.png&r=g\",\"contentUrl\":\"https:\/\/secure.gravatar.com\/avatar\/8810c4b9081192b118b104af54549af8?s=96&d=https%3A%2F%2Fpadreydecano.com%2Fcms%2Fwp-content%2Fthemes%2Fpyd-theme%2Fimg%2Fdefault-avatar.png&r=g\",\"caption\":\"Redactores Padre y Decano\"},\"sameAs\":[\"http:\/\/www.padreydecano.com\"]}]}<\/script>\n<!-- \/ Yoast SEO plugin. -->","yoast_head_json":{"title":"Partido clave - Padre y Decano - El Sitio del Pueblo","robots":{"index":"index","follow":"follow","max-snippet":"max-snippet:-1","max-image-preview":"max-image-preview:large","max-video-preview":"max-video-preview:-1"},"canonical":"https:\/\/www.padreydecano.com\/cms\/noticias\/partido-clave\/","og_locale":"es_ES","og_type":"article","og_title":"Partido clave - Padre y Decano - El Sitio del Pueblo","og_description":"El carbonero recibe a Cord\u00f3n esta noche desde las 21 horas, en el Palacio Pe\u00f1arol, por la novena fecha de El Metro 2019. Partido clave para ambos equipos, en busca del ascenso a la m\u00e1xima categor\u00eda del b\u00e1squetbol uruguayo. Pe\u00f1arol viene de derrotar 81-62 a Verdirrojo como visitante, un gran partido del aurinegro, de cara [&hellip;]","og_url":"https:\/\/www.padreydecano.com\/cms\/noticias\/partido-clave\/","og_site_name":"Padre y Decano - El Sitio del Pueblo","article_published_time":"2019-07-16T11:28:11+00:00","article_modified_time":"2019-07-16T20:40:06+00:00","og_image":[{"width":1600,"height":1066,"url":"https:\/\/www.padreydecano.com\/cms\/wp-content\/uploads\/2019\/07\/Diego-Alvarez.png","type":"image\/png"}],"author":"Redactores Padre y Decano","twitter_card":"summary_large_image","twitter_misc":{"Escrito por":"Redactores Padre y Decano","Tiempo de lectura":"1 minuto"},"schema":{"@context":"https:\/\/schema.org","@graph":[{"@type":"Article","@id":"https:\/\/www.padreydecano.com\/cms\/noticias\/partido-clave\/#article","isPartOf":{"@id":"https:\/\/www.padreydecano.com\/cms\/noticias\/partido-clave\/"},"author":{"name":"Redactores Padre y Decano","@id":"https:\/\/www.padreydecano.com\/cms\/#\/schema\/person\/37aae8f93aa78e4c5385497f056e3246"},"headline":"Partido clave","datePublished":"2019-07-16T11:28:11+00:00","dateModified":"2019-07-16T20:40:06+00:00","mainEntityOfPage":{"@id":"https:\/\/www.padreydecano.com\/cms\/noticias\/partido-clave\/"},"wordCount":298,"commentCount":4,"publisher":{"@id":"https:\/\/www.padreydecano.com\/cms\/#organization"},"image":{"@id":"https:\/\/www.padreydecano.com\/cms\/noticias\/partido-clave\/#primaryimage"},"thumbnailUrl":"https:\/\/www.padreydecano.com\/cms\/wp-content\/uploads\/2019\/07\/Diego-Alvarez.png","keywords":["Metro 2019","Venta de entradas"],"articleSection":["Basket","Noticias"],"inLanguage":"es","potentialAction":[{"@type":"CommentAction","name":"Comment","target":["https:\/\/www.padreydecano.com\/cms\/noticias\/partido-clave\/#respond"]}]},{"@type":"WebPage","@id":"https:\/\/www.padreydecano.com\/cms\/noticias\/partido-clave\/","url":"https:\/\/www.padreydecano.com\/cms\/noticias\/partido-clave\/","name":"Partido clave - Padre y Decano - El Sitio del Pueblo","isPartOf":{"@id":"https:\/\/www.padreydecano.com\/cms\/#website"},"primaryImageOfPage":{"@id":"https:\/\/www.padreydecano.com\/cms\/noticias\/partido-clave\/#primaryimage"},"image":{"@id":"https:\/\/www.padreydecano.com\/cms\/noticias\/partido-clave\/#primaryimage"},"thumbnailUrl":"https:\/\/www.padreydecano.com\/cms\/wp-content\/uploads\/2019\/07\/Diego-Alvarez.png","datePublished":"2019-07-16T11:28:11+00:00","dateModified":"2019-07-16T20:40:06+00:00","breadcrumb":{"@id":"https:\/\/www.padreydecano.com\/cms\/noticias\/partido-clave\/#breadcrumb"},"inLanguage":"es","potentialAction":[{"@type":"ReadAction","target":["https:\/\/www.padreydecano.com\/cms\/noticias\/partido-clave\/"]}]},{"@type":"ImageObject","inLanguage":"es","@id":"https:\/\/www.padreydecano.com\/cms\/noticias\/partido-clave\/#primaryimage","url":"https:\/\/www.padreydecano.com\/cms\/wp-content\/uploads\/2019\/07\/Diego-Alvarez.png","contentUrl":"https:\/\/www.padreydecano.com\/cms\/wp-content\/uploads\/2019\/07\/Diego-Alvarez.png","width":1600,"height":1066},{"@type":"BreadcrumbList","@id":"https:\/\/www.padreydecano.com\/cms\/noticias\/partido-clave\/#breadcrumb","itemListElement":[{"@type":"ListItem","position":1,"name":"Portada","item":"https:\/\/www.padreydecano.com\/cms\/"},{"@type":"ListItem","position":2,"name":"Partido clave"}]},{"@type":"WebSite","@id":"https:\/\/www.padreydecano.com\/cms\/#website","url":"https:\/\/www.padreydecano.com\/cms\/","name":"Padre y Decano - El Sitio del Pueblo","description":"Club Atl\u00e9tico Pe\u00f1arol","publisher":{"@id":"https:\/\/www.padreydecano.com\/cms\/#organization"},"potentialAction":[{"@type":"SearchAction","target":{"@type":"EntryPoint","urlTemplate":"https:\/\/www.padreydecano.com\/cms\/?s={search_term_string}"},"query-input":"required name=search_term_string"}],"inLanguage":"es"},{"@type":"Organization","@id":"https:\/\/www.padreydecano.com\/cms\/#organization","name":"Padre y Decano","url":"https:\/\/www.padreydecano.com\/cms\/","logo":{"@type":"ImageObject","inLanguage":"es","@id":"https:\/\/www.padreydecano.com\/cms\/#\/schema\/logo\/image\/","url":"https:\/\/www.padreydecano.com\/cms\/wp-content\/uploads\/2022\/01\/avatar-square.png","contentUrl":"https:\/\/www.padreydecano.com\/cms\/wp-content\/uploads\/2022\/01\/avatar-square.png","width":1500,"height":1500,"caption":"Padre y Decano"},"image":{"@id":"https:\/\/www.padreydecano.com\/cms\/#\/schema\/logo\/image\/"}},{"@type":"Person","@id":"https:\/\/www.padreydecano.com\/cms\/#\/schema\/person\/37aae8f93aa78e4c5385497f056e3246","name":"Redactores Padre y Decano","image":{"@type":"ImageObject","inLanguage":"es","@id":"https:\/\/www.padreydecano.com\/cms\/#\/schema\/person\/image\/","url":"https:\/\/secure.gravatar.com\/avatar\/8810c4b9081192b118b104af54549af8?s=96&d=https%3A%2F%2Fpadreydecano.com%2Fcms%2Fwp-content%2Fthemes%2Fpyd-theme%2Fimg%2Fdefault-avatar.png&r=g","contentUrl":"https:\/\/secure.gravatar.com\/avatar\/8810c4b9081192b118b104af54549af8?s=96&d=https%3A%2F%2Fpadreydecano.com%2Fcms%2Fwp-content%2Fthemes%2Fpyd-theme%2Fimg%2Fdefault-avatar.png&r=g","caption":"Redactores Padre y Decano"},"sameAs":["http:\/\/www.padreydecano.com"]}]}},"_links":{"self":[{"href":"https:\/\/www.padreydecano.com\/cms\/wp-json\/wp\/v2\/posts\/71185"}],"collection":[{"href":"https:\/\/www.padreydecano.com\/cms\/wp-json\/wp\/v2\/posts"}],"about":[{"href":"https:\/\/www.padreydecano.com\/cms\/wp-json\/wp\/v2\/types\/post"}],"author":[{"embeddable":true,"href":"https:\/\/www.padreydecano.com\/cms\/wp-json\/wp\/v2\/users\/27"}],"replies":[{"embeddable":true,"href":"https:\/\/www.padreydecano.com\/cms\/wp-json\/wp\/v2\/comments?post=71185"}],"version-history":[{"count":0,"href":"https:\/\/www.padreydecano.com\/cms\/wp-json\/wp\/v2\/posts\/71185\/revisions"}],"wp:featuredmedia":[{"embeddable":true,"href":"https:\/\/www.padreydecano.com\/cms\/wp-json\/wp\/v2\/media\/71186"}],"wp:attachment":[{"href":"https:\/\/www.padreydecano.com\/cms\/wp-json\/wp\/v2\/media?parent=71185"}],"wp:term":[{"taxonomy":"category","embeddable":true,"href":"https:\/\/www.padreydecano.com\/cms\/wp-json\/wp\/v2\/categories?post=71185"},{"taxonomy":"post_tag","embeddable":true,"href":"https:\/\/www.padreydecano.com\/cms\/wp-json\/wp\/v2\/tags?post=71185"}],"curies":[{"name":"wp","href":"https:\/\/api.w.org\/{rel}","templated":true}]}}