{"id":71170,"date":"2019-07-12T18:15:55","date_gmt":"2019-07-12T21:15:55","guid":{"rendered":"http:\/\/www.padreydecano.com\/cms\/?p=71170"},"modified":"2019-07-13T16:55:32","modified_gmt":"2019-07-13T19:55:32","slug":"periodo-de-pases-invierno-2019","status":"publish","type":"post","link":"https:\/\/www.padreydecano.com\/cms\/noticias\/periodo-de-pases-invierno-2019\/","title":{"rendered":"Per\u00edodo de pases: Invierno 2019"},"content":{"rendered":"<p style=\"text-align: justify;\"><a href=\"https:\/\/www.padreydecano.com\/cms\/wp-content\/uploads\/2014\/02\/tio-sanchez.jpg\" rel=\"shadowbox[sbpost-71170];player=img;\"><img loading=\"lazy\" decoding=\"async\" class=\"aligncenter size-full wp-image-45054\" src=\"https:\/\/www.padreydecano.com\/cms\/wp-content\/uploads\/2014\/02\/tio-sanchez.jpg\" alt=\"\" width=\"800\" height=\"530\" srcset=\"https:\/\/www.padreydecano.com\/cms\/wp-content\/uploads\/2014\/02\/tio-sanchez.jpg 800w, https:\/\/www.padreydecano.com\/cms\/wp-content\/uploads\/2014\/02\/tio-sanchez-300x198.jpg 300w\" sizes=\"(max-width: 800px) 100vw, 800px\" \/><\/a><\/p>\n<p style=\"text-align: justify;\"><strong>El per\u00edodo para incorporar jugadores cierra en la jornada de hoy, y todo parece indicar que no habr\u00e1 sorpresas de \u00faltima hora.<\/strong><\/p>\n<p style=\"text-align: justify;\">En los \u00faltimos d\u00edas se manejaron los nombres de David Terans (volante de Atl\u00e9tico Mineiro), \u00c1ngelo Henriquez (delantero de Universidad de Chile) y Nicol\u00e1s Blandi (delantero de San Lorenzo), pero fueron descartados por diferentes motivos. Tambi\u00e9n se mencion\u00f3 la posibilidad de Thomas Chac\u00f3n, volante creativo de Danubio, pero parece ser muy lejana la chance.<\/p>\n<p style=\"text-align: justify;\">Los cambios en el plantel que buscar\u00e1 el tricampeonato y la Copa Sudamericana son los siguientes:<\/p>\n<p style=\"text-align: justify;\"><span style=\"color: #ffcc00;\"><strong>Altas<\/strong><\/span><\/p>\n<ul style=\"text-align: justify;\">\n<li>Rodrigo Abascal (F\u00e9nix)<\/li>\n<li>Gabriel Rojas (San Lorenzo de Almagro)<\/li>\n<\/ul>\n<p style=\"text-align: justify;\"><span style=\"color: #ffcc00;\"><strong>Bajas<\/strong><\/span><\/p>\n<ul style=\"text-align: justify;\">\n<li>Cristian Lema (Newell&#8217;s Old Boys)<\/li>\n<li>Lucas Hern\u00e1ndez (Atl. Mineiro)<\/li>\n<li>Gabriel Fern\u00e1ndez (Celta de Vigo)<\/li>\n<li>Maximiliano Rodr\u00edguez<\/li>\n<\/ul>\n<p style=\"text-align: justify;\">Vale la aclaraci\u00f3n de que, aunque ya no se podr\u00e1n incorporar jugadores de ahora en adelante (a menos que se encuentren en condici\u00f3n de libres al d\u00eda de la fecha), <strong>todav\u00eda pueden concretarse algunas bajas, <\/strong>ya\u00a0que los mercados de pases de otras ligas finalizan m\u00e1s adelante, siendo el europeo el m\u00e1s lejano en el tiempo: cierra el 31 de agosto.<\/p>\n<p style=\"text-align: justify;\">Los dos jugadores que est\u00e1n en duda para el segundo semestre en el club, son\u00a0<strong>Giovanni Gonz\u00e1lez y Brian Rodr\u00edguez<\/strong>. Ambos tuvieron una participaci\u00f3n destacada con la selecci\u00f3n uruguaya (el primero en la Copa Am\u00e9rica y el segundo en el Mundial Sub 20), por lo que han llegado numerosos sondeos que pueden tornar complicada la tarea de mantenerlos. Por otra parte, <strong>Gast\u00f3n Rodr\u00edguez<\/strong> cuenta con ofertas que ser\u00e1n analizadas tanto por el club como por el jugador.<\/p>\n<p style=\"text-align: left;\"><div id=\"polls-165\" class=\"wp-polls\">\n\t\t<p style=\"text-align: center; margin-bottom:10px;\"><strong>\u00bfQue te pareci\u00f3 el per\u00edodo de pases?<\/strong><\/p><div id=\"polls-165-ans\" class=\"wp-polls-ans\"><ul class=\"wp-polls-ul\">\n\t\t<li>Muy malo <small>(56%, 669 votos)<\/small><div class=\"pollbar\" style=\"width: 56%;\" title=\"Muy malo (56% | 669 votos)\"><\/div><\/li>\n\t\t<li>Malo <small>(32%, 384 votos)<\/small><div class=\"pollbar\" style=\"width: 32%;\" title=\"Malo (32% | 384 votos)\"><\/div><\/li>\n\t\t<li>Bueno <small>(9%, 106 votos)<\/small><div class=\"pollbar\" style=\"width: 9%;\" title=\"Bueno (9% | 106 votos)\"><\/div><\/li>\n\t\t<li>Muy bueno <small>(2%, 26 votos)<\/small><div class=\"pollbar\" style=\"width: 2%;\" title=\"Muy bueno (2% | 26 votos)\"><\/div><\/li>\n\t\t<\/ul><p style=\"text-align: center;\">Total de votantes: <strong>1.185<\/strong><\/p><\/div>\n\t\t<input type=\"hidden\" id=\"poll_165_nonce\" name=\"wp-polls-nonce\" value=\"383d4016fc\" \/>\n<\/div>\n<\/p>\n<div class=\"user-wrapper\"><a class=\"userlink\" href=\"https:\/\/twitter.com\/brunocurcc\" target=\"_blank\"><figure><img decoding=\"async\" src=\"http:\/\/www.padreydecano.com\/cms\/wp-users-files\/postfirmas\/brunocurcc.jpg\" \/><\/figure><p class=\"user\"><strong>Bruno Mazza<\/strong><br \/>@brunocurcc<\/p><\/a><\/div>\n","protected":false},"excerpt":{"rendered":"<p>El per\u00edodo para incorporar jugadores cierra en la jornada de hoy, y todo parece indicar que no habr\u00e1 sorpresas de \u00faltima hora. En los \u00faltimos d\u00edas se manejaron los nombres de David Terans (volante de Atl\u00e9tico Mineiro), \u00c1ngelo Henriquez (delantero de Universidad de Chile) y Nicol\u00e1s Blandi (delantero de San Lorenzo), pero fueron descartados por [&hellip;]<\/p>\n","protected":false},"author":3,"featured_media":45054,"comment_status":"open","ping_status":"closed","sticky":false,"template":"","format":"standard","meta":{"footnotes":""},"categories":[1],"tags":[439,26,447],"yoast_head":"<!-- This site is optimized with the Yoast SEO plugin v23.2 - https:\/\/yoast.com\/wordpress\/plugins\/seo\/ -->\n<title>Per\u00edodo de pases: Invierno 2019 - Padre y Decano - El Sitio del Pueblo<\/title>\n<meta name=\"robots\" content=\"index, follow, max-snippet:-1, max-image-preview:large, max-video-preview:-1\" \/>\n<link rel=\"canonical\" href=\"https:\/\/www.padreydecano.com\/cms\/noticias\/periodo-de-pases-invierno-2019\/\" \/>\n<meta property=\"og:locale\" content=\"es_ES\" \/>\n<meta property=\"og:type\" content=\"article\" \/>\n<meta property=\"og:title\" content=\"Per\u00edodo de pases: Invierno 2019 - Padre y Decano - El Sitio del Pueblo\" \/>\n<meta property=\"og:description\" content=\"El per\u00edodo para incorporar jugadores cierra en la jornada de hoy, y todo parece indicar que no habr\u00e1 sorpresas de \u00faltima hora. En los \u00faltimos d\u00edas se manejaron los nombres de David Terans (volante de Atl\u00e9tico Mineiro), \u00c1ngelo Henriquez (delantero de Universidad de Chile) y Nicol\u00e1s Blandi (delantero de San Lorenzo), pero fueron descartados por [&hellip;]\" \/>\n<meta property=\"og:url\" content=\"https:\/\/www.padreydecano.com\/cms\/noticias\/periodo-de-pases-invierno-2019\/\" \/>\n<meta property=\"og:site_name\" content=\"Padre y Decano - El Sitio del Pueblo\" \/>\n<meta property=\"article:published_time\" content=\"2019-07-12T21:15:55+00:00\" \/>\n<meta property=\"article:modified_time\" content=\"2019-07-13T19:55:32+00:00\" \/>\n<meta property=\"og:image\" content=\"https:\/\/www.padreydecano.com\/cms\/wp-content\/uploads\/2014\/02\/tio-sanchez.jpg\" \/>\n\t<meta property=\"og:image:width\" content=\"800\" \/>\n\t<meta property=\"og:image:height\" content=\"530\" \/>\n\t<meta property=\"og:image:type\" content=\"image\/jpeg\" \/>\n<meta name=\"author\" content=\"1891\" \/>\n<meta name=\"twitter:card\" content=\"summary_large_image\" \/>\n<meta name=\"twitter:label1\" content=\"Escrito por\" \/>\n\t<meta name=\"twitter:data1\" content=\"1891\" \/>\n\t<meta name=\"twitter:label2\" content=\"Tiempo de lectura\" \/>\n\t<meta name=\"twitter:data2\" content=\"1 minuto\" \/>\n<script type=\"application\/ld+json\" class=\"yoast-schema-graph\">{\"@context\":\"https:\/\/schema.org\",\"@graph\":[{\"@type\":\"Article\",\"@id\":\"https:\/\/www.padreydecano.com\/cms\/noticias\/periodo-de-pases-invierno-2019\/#article\",\"isPartOf\":{\"@id\":\"https:\/\/www.padreydecano.com\/cms\/noticias\/periodo-de-pases-invierno-2019\/\"},\"author\":{\"name\":\"1891\",\"@id\":\"https:\/\/www.padreydecano.com\/cms\/#\/schema\/person\/5607c72c38a1537a151b24d1e67535e0\"},\"headline\":\"Per\u00edodo de pases: Invierno 2019\",\"datePublished\":\"2019-07-12T21:15:55+00:00\",\"dateModified\":\"2019-07-13T19:55:32+00:00\",\"mainEntityOfPage\":{\"@id\":\"https:\/\/www.padreydecano.com\/cms\/noticias\/periodo-de-pases-invierno-2019\/\"},\"wordCount\":290,\"commentCount\":113,\"publisher\":{\"@id\":\"https:\/\/www.padreydecano.com\/cms\/#organization\"},\"image\":{\"@id\":\"https:\/\/www.padreydecano.com\/cms\/noticias\/periodo-de-pases-invierno-2019\/#primaryimage\"},\"thumbnailUrl\":\"https:\/\/www.padreydecano.com\/cms\/wp-content\/uploads\/2014\/02\/tio-sanchez.jpg\",\"keywords\":[\"Copa Sudamericana 2019\",\"Mercado de pases\",\"Torneo Intermedio 2019\"],\"articleSection\":[\"Noticias\"],\"inLanguage\":\"es\",\"potentialAction\":[{\"@type\":\"CommentAction\",\"name\":\"Comment\",\"target\":[\"https:\/\/www.padreydecano.com\/cms\/noticias\/periodo-de-pases-invierno-2019\/#respond\"]}]},{\"@type\":\"WebPage\",\"@id\":\"https:\/\/www.padreydecano.com\/cms\/noticias\/periodo-de-pases-invierno-2019\/\",\"url\":\"https:\/\/www.padreydecano.com\/cms\/noticias\/periodo-de-pases-invierno-2019\/\",\"name\":\"Per\u00edodo de pases: Invierno 2019 - Padre y Decano - El Sitio del Pueblo\",\"isPartOf\":{\"@id\":\"https:\/\/www.padreydecano.com\/cms\/#website\"},\"primaryImageOfPage\":{\"@id\":\"https:\/\/www.padreydecano.com\/cms\/noticias\/periodo-de-pases-invierno-2019\/#primaryimage\"},\"image\":{\"@id\":\"https:\/\/www.padreydecano.com\/cms\/noticias\/periodo-de-pases-invierno-2019\/#primaryimage\"},\"thumbnailUrl\":\"https:\/\/www.padreydecano.com\/cms\/wp-content\/uploads\/2014\/02\/tio-sanchez.jpg\",\"datePublished\":\"2019-07-12T21:15:55+00:00\",\"dateModified\":\"2019-07-13T19:55:32+00:00\",\"breadcrumb\":{\"@id\":\"https:\/\/www.padreydecano.com\/cms\/noticias\/periodo-de-pases-invierno-2019\/#breadcrumb\"},\"inLanguage\":\"es\",\"potentialAction\":[{\"@type\":\"ReadAction\",\"target\":[\"https:\/\/www.padreydecano.com\/cms\/noticias\/periodo-de-pases-invierno-2019\/\"]}]},{\"@type\":\"ImageObject\",\"inLanguage\":\"es\",\"@id\":\"https:\/\/www.padreydecano.com\/cms\/noticias\/periodo-de-pases-invierno-2019\/#primaryimage\",\"url\":\"https:\/\/www.padreydecano.com\/cms\/wp-content\/uploads\/2014\/02\/tio-sanchez.jpg\",\"contentUrl\":\"https:\/\/www.padreydecano.com\/cms\/wp-content\/uploads\/2014\/02\/tio-sanchez.jpg\",\"width\":800,\"height\":530},{\"@type\":\"BreadcrumbList\",\"@id\":\"https:\/\/www.padreydecano.com\/cms\/noticias\/periodo-de-pases-invierno-2019\/#breadcrumb\",\"itemListElement\":[{\"@type\":\"ListItem\",\"position\":1,\"name\":\"Portada\",\"item\":\"https:\/\/www.padreydecano.com\/cms\/\"},{\"@type\":\"ListItem\",\"position\":2,\"name\":\"Per\u00edodo de pases: Invierno 2019\"}]},{\"@type\":\"WebSite\",\"@id\":\"https:\/\/www.padreydecano.com\/cms\/#website\",\"url\":\"https:\/\/www.padreydecano.com\/cms\/\",\"name\":\"Padre y Decano - El Sitio del Pueblo\",\"description\":\"Club Atl\u00e9tico Pe\u00f1arol\",\"publisher\":{\"@id\":\"https:\/\/www.padreydecano.com\/cms\/#organization\"},\"potentialAction\":[{\"@type\":\"SearchAction\",\"target\":{\"@type\":\"EntryPoint\",\"urlTemplate\":\"https:\/\/www.padreydecano.com\/cms\/?s={search_term_string}\"},\"query-input\":\"required name=search_term_string\"}],\"inLanguage\":\"es\"},{\"@type\":\"Organization\",\"@id\":\"https:\/\/www.padreydecano.com\/cms\/#organization\",\"name\":\"Padre y Decano\",\"url\":\"https:\/\/www.padreydecano.com\/cms\/\",\"logo\":{\"@type\":\"ImageObject\",\"inLanguage\":\"es\",\"@id\":\"https:\/\/www.padreydecano.com\/cms\/#\/schema\/logo\/image\/\",\"url\":\"https:\/\/www.padreydecano.com\/cms\/wp-content\/uploads\/2022\/01\/avatar-square.png\",\"contentUrl\":\"https:\/\/www.padreydecano.com\/cms\/wp-content\/uploads\/2022\/01\/avatar-square.png\",\"width\":1500,\"height\":1500,\"caption\":\"Padre y Decano\"},\"image\":{\"@id\":\"https:\/\/www.padreydecano.com\/cms\/#\/schema\/logo\/image\/\"}},{\"@type\":\"Person\",\"@id\":\"https:\/\/www.padreydecano.com\/cms\/#\/schema\/person\/5607c72c38a1537a151b24d1e67535e0\",\"name\":\"1891\",\"image\":{\"@type\":\"ImageObject\",\"inLanguage\":\"es\",\"@id\":\"https:\/\/www.padreydecano.com\/cms\/#\/schema\/person\/image\/\",\"url\":\"https:\/\/secure.gravatar.com\/avatar\/29d4d1b0d523a21898e8cf9585d259d3?s=96&d=https%3A%2F%2Fpadreydecano.com%2Fcms%2Fwp-content%2Fthemes%2Fpyd-theme%2Fimg%2Fdefault-avatar.png&r=g\",\"contentUrl\":\"https:\/\/secure.gravatar.com\/avatar\/29d4d1b0d523a21898e8cf9585d259d3?s=96&d=https%3A%2F%2Fpadreydecano.com%2Fcms%2Fwp-content%2Fthemes%2Fpyd-theme%2Fimg%2Fdefault-avatar.png&r=g\",\"caption\":\"1891\"}}]}<\/script>\n<!-- \/ Yoast SEO plugin. -->","yoast_head_json":{"title":"Per\u00edodo de pases: Invierno 2019 - Padre y Decano - El Sitio del Pueblo","robots":{"index":"index","follow":"follow","max-snippet":"max-snippet:-1","max-image-preview":"max-image-preview:large","max-video-preview":"max-video-preview:-1"},"canonical":"https:\/\/www.padreydecano.com\/cms\/noticias\/periodo-de-pases-invierno-2019\/","og_locale":"es_ES","og_type":"article","og_title":"Per\u00edodo de pases: Invierno 2019 - Padre y Decano - El Sitio del Pueblo","og_description":"El per\u00edodo para incorporar jugadores cierra en la jornada de hoy, y todo parece indicar que no habr\u00e1 sorpresas de \u00faltima hora. En los \u00faltimos d\u00edas se manejaron los nombres de David Terans (volante de Atl\u00e9tico Mineiro), \u00c1ngelo Henriquez (delantero de Universidad de Chile) y Nicol\u00e1s Blandi (delantero de San Lorenzo), pero fueron descartados por [&hellip;]","og_url":"https:\/\/www.padreydecano.com\/cms\/noticias\/periodo-de-pases-invierno-2019\/","og_site_name":"Padre y Decano - El Sitio del Pueblo","article_published_time":"2019-07-12T21:15:55+00:00","article_modified_time":"2019-07-13T19:55:32+00:00","og_image":[{"width":800,"height":530,"url":"https:\/\/www.padreydecano.com\/cms\/wp-content\/uploads\/2014\/02\/tio-sanchez.jpg","type":"image\/jpeg"}],"author":"1891","twitter_card":"summary_large_image","twitter_misc":{"Escrito por":"1891","Tiempo de lectura":"1 minuto"},"schema":{"@context":"https:\/\/schema.org","@graph":[{"@type":"Article","@id":"https:\/\/www.padreydecano.com\/cms\/noticias\/periodo-de-pases-invierno-2019\/#article","isPartOf":{"@id":"https:\/\/www.padreydecano.com\/cms\/noticias\/periodo-de-pases-invierno-2019\/"},"author":{"name":"1891","@id":"https:\/\/www.padreydecano.com\/cms\/#\/schema\/person\/5607c72c38a1537a151b24d1e67535e0"},"headline":"Per\u00edodo de pases: Invierno 2019","datePublished":"2019-07-12T21:15:55+00:00","dateModified":"2019-07-13T19:55:32+00:00","mainEntityOfPage":{"@id":"https:\/\/www.padreydecano.com\/cms\/noticias\/periodo-de-pases-invierno-2019\/"},"wordCount":290,"commentCount":113,"publisher":{"@id":"https:\/\/www.padreydecano.com\/cms\/#organization"},"image":{"@id":"https:\/\/www.padreydecano.com\/cms\/noticias\/periodo-de-pases-invierno-2019\/#primaryimage"},"thumbnailUrl":"https:\/\/www.padreydecano.com\/cms\/wp-content\/uploads\/2014\/02\/tio-sanchez.jpg","keywords":["Copa Sudamericana 2019","Mercado de pases","Torneo Intermedio 2019"],"articleSection":["Noticias"],"inLanguage":"es","potentialAction":[{"@type":"CommentAction","name":"Comment","target":["https:\/\/www.padreydecano.com\/cms\/noticias\/periodo-de-pases-invierno-2019\/#respond"]}]},{"@type":"WebPage","@id":"https:\/\/www.padreydecano.com\/cms\/noticias\/periodo-de-pases-invierno-2019\/","url":"https:\/\/www.padreydecano.com\/cms\/noticias\/periodo-de-pases-invierno-2019\/","name":"Per\u00edodo de pases: Invierno 2019 - Padre y Decano - El Sitio del Pueblo","isPartOf":{"@id":"https:\/\/www.padreydecano.com\/cms\/#website"},"primaryImageOfPage":{"@id":"https:\/\/www.padreydecano.com\/cms\/noticias\/periodo-de-pases-invierno-2019\/#primaryimage"},"image":{"@id":"https:\/\/www.padreydecano.com\/cms\/noticias\/periodo-de-pases-invierno-2019\/#primaryimage"},"thumbnailUrl":"https:\/\/www.padreydecano.com\/cms\/wp-content\/uploads\/2014\/02\/tio-sanchez.jpg","datePublished":"2019-07-12T21:15:55+00:00","dateModified":"2019-07-13T19:55:32+00:00","breadcrumb":{"@id":"https:\/\/www.padreydecano.com\/cms\/noticias\/periodo-de-pases-invierno-2019\/#breadcrumb"},"inLanguage":"es","potentialAction":[{"@type":"ReadAction","target":["https:\/\/www.padreydecano.com\/cms\/noticias\/periodo-de-pases-invierno-2019\/"]}]},{"@type":"ImageObject","inLanguage":"es","@id":"https:\/\/www.padreydecano.com\/cms\/noticias\/periodo-de-pases-invierno-2019\/#primaryimage","url":"https:\/\/www.padreydecano.com\/cms\/wp-content\/uploads\/2014\/02\/tio-sanchez.jpg","contentUrl":"https:\/\/www.padreydecano.com\/cms\/wp-content\/uploads\/2014\/02\/tio-sanchez.jpg","width":800,"height":530},{"@type":"BreadcrumbList","@id":"https:\/\/www.padreydecano.com\/cms\/noticias\/periodo-de-pases-invierno-2019\/#breadcrumb","itemListElement":[{"@type":"ListItem","position":1,"name":"Portada","item":"https:\/\/www.padreydecano.com\/cms\/"},{"@type":"ListItem","position":2,"name":"Per\u00edodo de pases: Invierno 2019"}]},{"@type":"WebSite","@id":"https:\/\/www.padreydecano.com\/cms\/#website","url":"https:\/\/www.padreydecano.com\/cms\/","name":"Padre y Decano - El Sitio del Pueblo","description":"Club Atl\u00e9tico Pe\u00f1arol","publisher":{"@id":"https:\/\/www.padreydecano.com\/cms\/#organization"},"potentialAction":[{"@type":"SearchAction","target":{"@type":"EntryPoint","urlTemplate":"https:\/\/www.padreydecano.com\/cms\/?s={search_term_string}"},"query-input":"required name=search_term_string"}],"inLanguage":"es"},{"@type":"Organization","@id":"https:\/\/www.padreydecano.com\/cms\/#organization","name":"Padre y Decano","url":"https:\/\/www.padreydecano.com\/cms\/","logo":{"@type":"ImageObject","inLanguage":"es","@id":"https:\/\/www.padreydecano.com\/cms\/#\/schema\/logo\/image\/","url":"https:\/\/www.padreydecano.com\/cms\/wp-content\/uploads\/2022\/01\/avatar-square.png","contentUrl":"https:\/\/www.padreydecano.com\/cms\/wp-content\/uploads\/2022\/01\/avatar-square.png","width":1500,"height":1500,"caption":"Padre y Decano"},"image":{"@id":"https:\/\/www.padreydecano.com\/cms\/#\/schema\/logo\/image\/"}},{"@type":"Person","@id":"https:\/\/www.padreydecano.com\/cms\/#\/schema\/person\/5607c72c38a1537a151b24d1e67535e0","name":"1891","image":{"@type":"ImageObject","inLanguage":"es","@id":"https:\/\/www.padreydecano.com\/cms\/#\/schema\/person\/image\/","url":"https:\/\/secure.gravatar.com\/avatar\/29d4d1b0d523a21898e8cf9585d259d3?s=96&d=https%3A%2F%2Fpadreydecano.com%2Fcms%2Fwp-content%2Fthemes%2Fpyd-theme%2Fimg%2Fdefault-avatar.png&r=g","contentUrl":"https:\/\/secure.gravatar.com\/avatar\/29d4d1b0d523a21898e8cf9585d259d3?s=96&d=https%3A%2F%2Fpadreydecano.com%2Fcms%2Fwp-content%2Fthemes%2Fpyd-theme%2Fimg%2Fdefault-avatar.png&r=g","caption":"1891"}}]}},"_links":{"self":[{"href":"https:\/\/www.padreydecano.com\/cms\/wp-json\/wp\/v2\/posts\/71170"}],"collection":[{"href":"https:\/\/www.padreydecano.com\/cms\/wp-json\/wp\/v2\/posts"}],"about":[{"href":"https:\/\/www.padreydecano.com\/cms\/wp-json\/wp\/v2\/types\/post"}],"author":[{"embeddable":true,"href":"https:\/\/www.padreydecano.com\/cms\/wp-json\/wp\/v2\/users\/3"}],"replies":[{"embeddable":true,"href":"https:\/\/www.padreydecano.com\/cms\/wp-json\/wp\/v2\/comments?post=71170"}],"version-history":[{"count":0,"href":"https:\/\/www.padreydecano.com\/cms\/wp-json\/wp\/v2\/posts\/71170\/revisions"}],"wp:featuredmedia":[{"embeddable":true,"href":"https:\/\/www.padreydecano.com\/cms\/wp-json\/wp\/v2\/media\/45054"}],"wp:attachment":[{"href":"https:\/\/www.padreydecano.com\/cms\/wp-json\/wp\/v2\/media?parent=71170"}],"wp:term":[{"taxonomy":"category","embeddable":true,"href":"https:\/\/www.padreydecano.com\/cms\/wp-json\/wp\/v2\/categories?post=71170"},{"taxonomy":"post_tag","embeddable":true,"href":"https:\/\/www.padreydecano.com\/cms\/wp-json\/wp\/v2\/tags?post=71170"}],"curies":[{"name":"wp","href":"https:\/\/api.w.org\/{rel}","templated":true}]}}