{"id":71113,"date":"2019-07-08T19:48:43","date_gmt":"2019-07-08T22:48:43","guid":{"rendered":"http:\/\/www.padreydecano.com\/cms\/?p=71113"},"modified":"2019-07-08T19:50:02","modified_gmt":"2019-07-08T22:50:02","slug":"rodrigo-abascal-es-aurinegro","status":"publish","type":"post","link":"https:\/\/www.padreydecano.com\/cms\/noticias\/rodrigo-abascal-es-aurinegro\/","title":{"rendered":"Rodrigo Abascal es aurinegro"},"content":{"rendered":"<div id=\"attachment_71114\" style=\"width: 1484px\" class=\"wp-caption aligncenter\"><a href=\"https:\/\/www.padreydecano.com\/cms\/wp-content\/uploads\/2019\/07\/Abascal.png\" rel=\"shadowbox[sbpost-71113];player=img;\"><img loading=\"lazy\" decoding=\"async\" aria-describedby=\"caption-attachment-71114\" class=\"wp-image-71114 size-full\" src=\"https:\/\/www.padreydecano.com\/cms\/wp-content\/uploads\/2019\/07\/Abascal.png\" alt=\"\" width=\"1474\" height=\"962\" srcset=\"https:\/\/www.padreydecano.com\/cms\/wp-content\/uploads\/2019\/07\/Abascal.png 1474w, https:\/\/www.padreydecano.com\/cms\/wp-content\/uploads\/2019\/07\/Abascal-600x392.png 600w, https:\/\/www.padreydecano.com\/cms\/wp-content\/uploads\/2019\/07\/Abascal-768x501.png 768w, https:\/\/www.padreydecano.com\/cms\/wp-content\/uploads\/2019\/07\/Abascal-1024x668.png 1024w\" sizes=\"(max-width: 1474px) 100vw, 1474px\" \/><\/a><p id=\"caption-attachment-71114\" class=\"wp-caption-text\">@CAFenix_<\/p><\/div>\n<p style=\"text-align: justify;\"><strong>Adem\u00e1s de <a href=\"https:\/\/www.padreydecano.com\/cms\/noticias\/gabriel-rojas-es-nuevo-jugador-de-penarol\/\">Gabriel Rojas<\/a>, se sumar\u00e1 Rodrigo Abascal al plantel de Diego L\u00f3pez, para enfrentar el segundo semestre del a\u00f1o. El zaguero de 25 a\u00f1os proveniente de F\u00e9nix, firmar\u00e1 contrato por 2 a\u00f1os con la entidad decana. Junto a Fabricio Formiliano, Enzo Mart\u00ednez y Juan Izquierdo, ser\u00e1n los defensas centrales con los que Diego L\u00f3pez podr\u00e1 contar para el segundo semestre del a\u00f1o.<\/strong><\/p>\n<p style=\"text-align: justify;\"><strong><span style=\"color: #ffcc00;\">\u00daltima temporada<\/span><\/strong><\/p>\n<p style=\"text-align: justify;\">En el Torneo Apertura 2019 que obtiene el carbonero, Abascal jug\u00f3 14 partidos (1254&#8242; minutos) en el club de Capurro. Su \u00fanica ausencia fue contra Progreso, ya que en la jornada anterior recibi\u00f3 doble amarilla frente a Cerro Largo. Un jugador fundamental para Juan Ram\u00f3n Carrasco en la defensa del Ave.<\/p>\n<p style=\"text-align: justify;\"><strong><span style=\"color: #ffcc00;\">N\u00fameros<\/span><\/strong><\/p>\n<p style=\"text-align: justify;\">En su carrera disput\u00f3 79 partidos en primera divisi\u00f3n del f\u00fatbol uruguayo, anot\u00f3 2 goles y asisti\u00f3 en 3 oportunidades, pese a ser defensa. Fue amonestado en 26 ocasiones y expulsado en 4. No solo jug\u00f3 en F\u00e9nix, tambi\u00e9n tuvo un breve paso por Juventud de Las Piedras.<\/p>\n<p style=\"text-align: justify;\"><strong><span style=\"color: #ffcc00;\">Copa Sudamericana<\/span><\/strong><\/p>\n<p style=\"text-align: justify;\">El zurdo de casi 1.90 cm de altura est\u00e1 inscripto para disputar la Copa Sudamericana con Pe\u00f1arol, copa que jug\u00f3 en 2016, en la victoria de F\u00e9nix por la m\u00ednima ante Cerro Porte\u00f1o. Sin embargo en la vuelta y sin Abascal, F\u00e9nix perdi\u00f3 2 a 0 y con este resultado, la serie.<\/p>\n<p style=\"text-align: justify;\"><strong><span style=\"color: #ffcc00;\">Posiciones y juego<\/span><\/strong><\/p>\n<p style=\"text-align: justify;\">Abascal adem\u00e1s de ser zaguero, ha jugado de lateral izquierdo, lateral derecho y de volante de marca. Es un jugador con buena marca y buen juego a\u00e9reo, algo importante para sumar al equipo carbonero.<\/p>\n<p style=\"text-align: justify;\"><div class=\"user-wrapper\"><a class=\"userlink\"href=\"https:\/\/twitter.com\/ftrucce18\" target=\"_blank\"><figure><img decoding=\"async\" src=\"http:\/\/www.padreydecano.com\/cms\/wp-users-files\/postfirmas\/ftrucce.jpg\" \/><\/figure><p class=\"user\"><strong>Franco Trucce<\/strong><br \/>@FTrucce18<\/p><\/a><\/div><\/p>\n","protected":false},"excerpt":{"rendered":"<p>Adem\u00e1s de Gabriel Rojas, se sumar\u00e1 Rodrigo Abascal al plantel de Diego L\u00f3pez, para enfrentar el segundo semestre del a\u00f1o. El zaguero de 25 a\u00f1os proveniente de F\u00e9nix, firmar\u00e1 contrato por 2 a\u00f1os con la entidad decana. Junto a Fabricio Formiliano, Enzo Mart\u00ednez y Juan Izquierdo, ser\u00e1n los defensas centrales con los que Diego L\u00f3pez [&hellip;]<\/p>\n","protected":false},"author":27,"featured_media":71114,"comment_status":"open","ping_status":"closed","sticky":false,"template":"","format":"standard","meta":{"footnotes":""},"categories":[1],"tags":[447],"yoast_head":"<!-- This site is optimized with the Yoast SEO plugin v23.2 - https:\/\/yoast.com\/wordpress\/plugins\/seo\/ -->\n<title>Rodrigo Abascal es aurinegro - Padre y Decano - El Sitio del Pueblo<\/title>\n<meta name=\"robots\" content=\"index, follow, max-snippet:-1, max-image-preview:large, max-video-preview:-1\" \/>\n<link rel=\"canonical\" href=\"https:\/\/www.padreydecano.com\/cms\/noticias\/rodrigo-abascal-es-aurinegro\/\" \/>\n<meta property=\"og:locale\" content=\"es_ES\" \/>\n<meta property=\"og:type\" content=\"article\" \/>\n<meta property=\"og:title\" content=\"Rodrigo Abascal es aurinegro - Padre y Decano - El Sitio del Pueblo\" \/>\n<meta property=\"og:description\" content=\"Adem\u00e1s de Gabriel Rojas, se sumar\u00e1 Rodrigo Abascal al plantel de Diego L\u00f3pez, para enfrentar el segundo semestre del a\u00f1o. El zaguero de 25 a\u00f1os proveniente de F\u00e9nix, firmar\u00e1 contrato por 2 a\u00f1os con la entidad decana. Junto a Fabricio Formiliano, Enzo Mart\u00ednez y Juan Izquierdo, ser\u00e1n los defensas centrales con los que Diego L\u00f3pez [&hellip;]\" \/>\n<meta property=\"og:url\" content=\"https:\/\/www.padreydecano.com\/cms\/noticias\/rodrigo-abascal-es-aurinegro\/\" \/>\n<meta property=\"og:site_name\" content=\"Padre y Decano - El Sitio del Pueblo\" \/>\n<meta property=\"article:published_time\" content=\"2019-07-08T22:48:43+00:00\" \/>\n<meta property=\"article:modified_time\" content=\"2019-07-08T22:50:02+00:00\" \/>\n<meta property=\"og:image\" content=\"https:\/\/www.padreydecano.com\/cms\/wp-content\/uploads\/2019\/07\/Abascal.png\" \/>\n\t<meta property=\"og:image:width\" content=\"1474\" \/>\n\t<meta property=\"og:image:height\" content=\"962\" \/>\n\t<meta property=\"og:image:type\" content=\"image\/png\" \/>\n<meta name=\"author\" content=\"Redactores Padre y Decano\" \/>\n<meta name=\"twitter:card\" content=\"summary_large_image\" \/>\n<meta name=\"twitter:label1\" content=\"Escrito por\" \/>\n\t<meta name=\"twitter:data1\" content=\"Redactores Padre y Decano\" \/>\n\t<meta name=\"twitter:label2\" content=\"Tiempo de lectura\" \/>\n\t<meta name=\"twitter:data2\" content=\"1 minuto\" \/>\n<script type=\"application\/ld+json\" class=\"yoast-schema-graph\">{\"@context\":\"https:\/\/schema.org\",\"@graph\":[{\"@type\":\"Article\",\"@id\":\"https:\/\/www.padreydecano.com\/cms\/noticias\/rodrigo-abascal-es-aurinegro\/#article\",\"isPartOf\":{\"@id\":\"https:\/\/www.padreydecano.com\/cms\/noticias\/rodrigo-abascal-es-aurinegro\/\"},\"author\":{\"name\":\"Redactores Padre y Decano\",\"@id\":\"https:\/\/www.padreydecano.com\/cms\/#\/schema\/person\/37aae8f93aa78e4c5385497f056e3246\"},\"headline\":\"Rodrigo Abascal es aurinegro\",\"datePublished\":\"2019-07-08T22:48:43+00:00\",\"dateModified\":\"2019-07-08T22:50:02+00:00\",\"mainEntityOfPage\":{\"@id\":\"https:\/\/www.padreydecano.com\/cms\/noticias\/rodrigo-abascal-es-aurinegro\/\"},\"wordCount\":278,\"commentCount\":17,\"publisher\":{\"@id\":\"https:\/\/www.padreydecano.com\/cms\/#organization\"},\"image\":{\"@id\":\"https:\/\/www.padreydecano.com\/cms\/noticias\/rodrigo-abascal-es-aurinegro\/#primaryimage\"},\"thumbnailUrl\":\"https:\/\/www.padreydecano.com\/cms\/wp-content\/uploads\/2019\/07\/Abascal.png\",\"keywords\":[\"Torneo Intermedio 2019\"],\"articleSection\":[\"Noticias\"],\"inLanguage\":\"es\",\"potentialAction\":[{\"@type\":\"CommentAction\",\"name\":\"Comment\",\"target\":[\"https:\/\/www.padreydecano.com\/cms\/noticias\/rodrigo-abascal-es-aurinegro\/#respond\"]}]},{\"@type\":\"WebPage\",\"@id\":\"https:\/\/www.padreydecano.com\/cms\/noticias\/rodrigo-abascal-es-aurinegro\/\",\"url\":\"https:\/\/www.padreydecano.com\/cms\/noticias\/rodrigo-abascal-es-aurinegro\/\",\"name\":\"Rodrigo Abascal es aurinegro - Padre y Decano - El Sitio del Pueblo\",\"isPartOf\":{\"@id\":\"https:\/\/www.padreydecano.com\/cms\/#website\"},\"primaryImageOfPage\":{\"@id\":\"https:\/\/www.padreydecano.com\/cms\/noticias\/rodrigo-abascal-es-aurinegro\/#primaryimage\"},\"image\":{\"@id\":\"https:\/\/www.padreydecano.com\/cms\/noticias\/rodrigo-abascal-es-aurinegro\/#primaryimage\"},\"thumbnailUrl\":\"https:\/\/www.padreydecano.com\/cms\/wp-content\/uploads\/2019\/07\/Abascal.png\",\"datePublished\":\"2019-07-08T22:48:43+00:00\",\"dateModified\":\"2019-07-08T22:50:02+00:00\",\"breadcrumb\":{\"@id\":\"https:\/\/www.padreydecano.com\/cms\/noticias\/rodrigo-abascal-es-aurinegro\/#breadcrumb\"},\"inLanguage\":\"es\",\"potentialAction\":[{\"@type\":\"ReadAction\",\"target\":[\"https:\/\/www.padreydecano.com\/cms\/noticias\/rodrigo-abascal-es-aurinegro\/\"]}]},{\"@type\":\"ImageObject\",\"inLanguage\":\"es\",\"@id\":\"https:\/\/www.padreydecano.com\/cms\/noticias\/rodrigo-abascal-es-aurinegro\/#primaryimage\",\"url\":\"https:\/\/www.padreydecano.com\/cms\/wp-content\/uploads\/2019\/07\/Abascal.png\",\"contentUrl\":\"https:\/\/www.padreydecano.com\/cms\/wp-content\/uploads\/2019\/07\/Abascal.png\",\"width\":1474,\"height\":962},{\"@type\":\"BreadcrumbList\",\"@id\":\"https:\/\/www.padreydecano.com\/cms\/noticias\/rodrigo-abascal-es-aurinegro\/#breadcrumb\",\"itemListElement\":[{\"@type\":\"ListItem\",\"position\":1,\"name\":\"Portada\",\"item\":\"https:\/\/www.padreydecano.com\/cms\/\"},{\"@type\":\"ListItem\",\"position\":2,\"name\":\"Rodrigo Abascal es aurinegro\"}]},{\"@type\":\"WebSite\",\"@id\":\"https:\/\/www.padreydecano.com\/cms\/#website\",\"url\":\"https:\/\/www.padreydecano.com\/cms\/\",\"name\":\"Padre y Decano - El Sitio del Pueblo\",\"description\":\"Club Atl\u00e9tico Pe\u00f1arol\",\"publisher\":{\"@id\":\"https:\/\/www.padreydecano.com\/cms\/#organization\"},\"potentialAction\":[{\"@type\":\"SearchAction\",\"target\":{\"@type\":\"EntryPoint\",\"urlTemplate\":\"https:\/\/www.padreydecano.com\/cms\/?s={search_term_string}\"},\"query-input\":\"required name=search_term_string\"}],\"inLanguage\":\"es\"},{\"@type\":\"Organization\",\"@id\":\"https:\/\/www.padreydecano.com\/cms\/#organization\",\"name\":\"Padre y Decano\",\"url\":\"https:\/\/www.padreydecano.com\/cms\/\",\"logo\":{\"@type\":\"ImageObject\",\"inLanguage\":\"es\",\"@id\":\"https:\/\/www.padreydecano.com\/cms\/#\/schema\/logo\/image\/\",\"url\":\"https:\/\/www.padreydecano.com\/cms\/wp-content\/uploads\/2022\/01\/avatar-square.png\",\"contentUrl\":\"https:\/\/www.padreydecano.com\/cms\/wp-content\/uploads\/2022\/01\/avatar-square.png\",\"width\":1500,\"height\":1500,\"caption\":\"Padre y Decano\"},\"image\":{\"@id\":\"https:\/\/www.padreydecano.com\/cms\/#\/schema\/logo\/image\/\"}},{\"@type\":\"Person\",\"@id\":\"https:\/\/www.padreydecano.com\/cms\/#\/schema\/person\/37aae8f93aa78e4c5385497f056e3246\",\"name\":\"Redactores Padre y Decano\",\"image\":{\"@type\":\"ImageObject\",\"inLanguage\":\"es\",\"@id\":\"https:\/\/www.padreydecano.com\/cms\/#\/schema\/person\/image\/\",\"url\":\"https:\/\/secure.gravatar.com\/avatar\/8810c4b9081192b118b104af54549af8?s=96&d=https%3A%2F%2Fpadreydecano.com%2Fcms%2Fwp-content%2Fthemes%2Fpyd-theme%2Fimg%2Fdefault-avatar.png&r=g\",\"contentUrl\":\"https:\/\/secure.gravatar.com\/avatar\/8810c4b9081192b118b104af54549af8?s=96&d=https%3A%2F%2Fpadreydecano.com%2Fcms%2Fwp-content%2Fthemes%2Fpyd-theme%2Fimg%2Fdefault-avatar.png&r=g\",\"caption\":\"Redactores Padre y Decano\"},\"sameAs\":[\"http:\/\/www.padreydecano.com\"]}]}<\/script>\n<!-- \/ Yoast SEO plugin. -->","yoast_head_json":{"title":"Rodrigo Abascal es aurinegro - Padre y Decano - El Sitio del Pueblo","robots":{"index":"index","follow":"follow","max-snippet":"max-snippet:-1","max-image-preview":"max-image-preview:large","max-video-preview":"max-video-preview:-1"},"canonical":"https:\/\/www.padreydecano.com\/cms\/noticias\/rodrigo-abascal-es-aurinegro\/","og_locale":"es_ES","og_type":"article","og_title":"Rodrigo Abascal es aurinegro - Padre y Decano - El Sitio del Pueblo","og_description":"Adem\u00e1s de Gabriel Rojas, se sumar\u00e1 Rodrigo Abascal al plantel de Diego L\u00f3pez, para enfrentar el segundo semestre del a\u00f1o. El zaguero de 25 a\u00f1os proveniente de F\u00e9nix, firmar\u00e1 contrato por 2 a\u00f1os con la entidad decana. Junto a Fabricio Formiliano, Enzo Mart\u00ednez y Juan Izquierdo, ser\u00e1n los defensas centrales con los que Diego L\u00f3pez [&hellip;]","og_url":"https:\/\/www.padreydecano.com\/cms\/noticias\/rodrigo-abascal-es-aurinegro\/","og_site_name":"Padre y Decano - El Sitio del Pueblo","article_published_time":"2019-07-08T22:48:43+00:00","article_modified_time":"2019-07-08T22:50:02+00:00","og_image":[{"width":1474,"height":962,"url":"https:\/\/www.padreydecano.com\/cms\/wp-content\/uploads\/2019\/07\/Abascal.png","type":"image\/png"}],"author":"Redactores Padre y Decano","twitter_card":"summary_large_image","twitter_misc":{"Escrito por":"Redactores Padre y Decano","Tiempo de lectura":"1 minuto"},"schema":{"@context":"https:\/\/schema.org","@graph":[{"@type":"Article","@id":"https:\/\/www.padreydecano.com\/cms\/noticias\/rodrigo-abascal-es-aurinegro\/#article","isPartOf":{"@id":"https:\/\/www.padreydecano.com\/cms\/noticias\/rodrigo-abascal-es-aurinegro\/"},"author":{"name":"Redactores Padre y Decano","@id":"https:\/\/www.padreydecano.com\/cms\/#\/schema\/person\/37aae8f93aa78e4c5385497f056e3246"},"headline":"Rodrigo Abascal es aurinegro","datePublished":"2019-07-08T22:48:43+00:00","dateModified":"2019-07-08T22:50:02+00:00","mainEntityOfPage":{"@id":"https:\/\/www.padreydecano.com\/cms\/noticias\/rodrigo-abascal-es-aurinegro\/"},"wordCount":278,"commentCount":17,"publisher":{"@id":"https:\/\/www.padreydecano.com\/cms\/#organization"},"image":{"@id":"https:\/\/www.padreydecano.com\/cms\/noticias\/rodrigo-abascal-es-aurinegro\/#primaryimage"},"thumbnailUrl":"https:\/\/www.padreydecano.com\/cms\/wp-content\/uploads\/2019\/07\/Abascal.png","keywords":["Torneo Intermedio 2019"],"articleSection":["Noticias"],"inLanguage":"es","potentialAction":[{"@type":"CommentAction","name":"Comment","target":["https:\/\/www.padreydecano.com\/cms\/noticias\/rodrigo-abascal-es-aurinegro\/#respond"]}]},{"@type":"WebPage","@id":"https:\/\/www.padreydecano.com\/cms\/noticias\/rodrigo-abascal-es-aurinegro\/","url":"https:\/\/www.padreydecano.com\/cms\/noticias\/rodrigo-abascal-es-aurinegro\/","name":"Rodrigo Abascal es aurinegro - Padre y Decano - El Sitio del Pueblo","isPartOf":{"@id":"https:\/\/www.padreydecano.com\/cms\/#website"},"primaryImageOfPage":{"@id":"https:\/\/www.padreydecano.com\/cms\/noticias\/rodrigo-abascal-es-aurinegro\/#primaryimage"},"image":{"@id":"https:\/\/www.padreydecano.com\/cms\/noticias\/rodrigo-abascal-es-aurinegro\/#primaryimage"},"thumbnailUrl":"https:\/\/www.padreydecano.com\/cms\/wp-content\/uploads\/2019\/07\/Abascal.png","datePublished":"2019-07-08T22:48:43+00:00","dateModified":"2019-07-08T22:50:02+00:00","breadcrumb":{"@id":"https:\/\/www.padreydecano.com\/cms\/noticias\/rodrigo-abascal-es-aurinegro\/#breadcrumb"},"inLanguage":"es","potentialAction":[{"@type":"ReadAction","target":["https:\/\/www.padreydecano.com\/cms\/noticias\/rodrigo-abascal-es-aurinegro\/"]}]},{"@type":"ImageObject","inLanguage":"es","@id":"https:\/\/www.padreydecano.com\/cms\/noticias\/rodrigo-abascal-es-aurinegro\/#primaryimage","url":"https:\/\/www.padreydecano.com\/cms\/wp-content\/uploads\/2019\/07\/Abascal.png","contentUrl":"https:\/\/www.padreydecano.com\/cms\/wp-content\/uploads\/2019\/07\/Abascal.png","width":1474,"height":962},{"@type":"BreadcrumbList","@id":"https:\/\/www.padreydecano.com\/cms\/noticias\/rodrigo-abascal-es-aurinegro\/#breadcrumb","itemListElement":[{"@type":"ListItem","position":1,"name":"Portada","item":"https:\/\/www.padreydecano.com\/cms\/"},{"@type":"ListItem","position":2,"name":"Rodrigo Abascal es aurinegro"}]},{"@type":"WebSite","@id":"https:\/\/www.padreydecano.com\/cms\/#website","url":"https:\/\/www.padreydecano.com\/cms\/","name":"Padre y Decano - El Sitio del Pueblo","description":"Club Atl\u00e9tico Pe\u00f1arol","publisher":{"@id":"https:\/\/www.padreydecano.com\/cms\/#organization"},"potentialAction":[{"@type":"SearchAction","target":{"@type":"EntryPoint","urlTemplate":"https:\/\/www.padreydecano.com\/cms\/?s={search_term_string}"},"query-input":"required name=search_term_string"}],"inLanguage":"es"},{"@type":"Organization","@id":"https:\/\/www.padreydecano.com\/cms\/#organization","name":"Padre y Decano","url":"https:\/\/www.padreydecano.com\/cms\/","logo":{"@type":"ImageObject","inLanguage":"es","@id":"https:\/\/www.padreydecano.com\/cms\/#\/schema\/logo\/image\/","url":"https:\/\/www.padreydecano.com\/cms\/wp-content\/uploads\/2022\/01\/avatar-square.png","contentUrl":"https:\/\/www.padreydecano.com\/cms\/wp-content\/uploads\/2022\/01\/avatar-square.png","width":1500,"height":1500,"caption":"Padre y Decano"},"image":{"@id":"https:\/\/www.padreydecano.com\/cms\/#\/schema\/logo\/image\/"}},{"@type":"Person","@id":"https:\/\/www.padreydecano.com\/cms\/#\/schema\/person\/37aae8f93aa78e4c5385497f056e3246","name":"Redactores Padre y Decano","image":{"@type":"ImageObject","inLanguage":"es","@id":"https:\/\/www.padreydecano.com\/cms\/#\/schema\/person\/image\/","url":"https:\/\/secure.gravatar.com\/avatar\/8810c4b9081192b118b104af54549af8?s=96&d=https%3A%2F%2Fpadreydecano.com%2Fcms%2Fwp-content%2Fthemes%2Fpyd-theme%2Fimg%2Fdefault-avatar.png&r=g","contentUrl":"https:\/\/secure.gravatar.com\/avatar\/8810c4b9081192b118b104af54549af8?s=96&d=https%3A%2F%2Fpadreydecano.com%2Fcms%2Fwp-content%2Fthemes%2Fpyd-theme%2Fimg%2Fdefault-avatar.png&r=g","caption":"Redactores Padre y Decano"},"sameAs":["http:\/\/www.padreydecano.com"]}]}},"_links":{"self":[{"href":"https:\/\/www.padreydecano.com\/cms\/wp-json\/wp\/v2\/posts\/71113"}],"collection":[{"href":"https:\/\/www.padreydecano.com\/cms\/wp-json\/wp\/v2\/posts"}],"about":[{"href":"https:\/\/www.padreydecano.com\/cms\/wp-json\/wp\/v2\/types\/post"}],"author":[{"embeddable":true,"href":"https:\/\/www.padreydecano.com\/cms\/wp-json\/wp\/v2\/users\/27"}],"replies":[{"embeddable":true,"href":"https:\/\/www.padreydecano.com\/cms\/wp-json\/wp\/v2\/comments?post=71113"}],"version-history":[{"count":0,"href":"https:\/\/www.padreydecano.com\/cms\/wp-json\/wp\/v2\/posts\/71113\/revisions"}],"wp:featuredmedia":[{"embeddable":true,"href":"https:\/\/www.padreydecano.com\/cms\/wp-json\/wp\/v2\/media\/71114"}],"wp:attachment":[{"href":"https:\/\/www.padreydecano.com\/cms\/wp-json\/wp\/v2\/media?parent=71113"}],"wp:term":[{"taxonomy":"category","embeddable":true,"href":"https:\/\/www.padreydecano.com\/cms\/wp-json\/wp\/v2\/categories?post=71113"},{"taxonomy":"post_tag","embeddable":true,"href":"https:\/\/www.padreydecano.com\/cms\/wp-json\/wp\/v2\/tags?post=71113"}],"curies":[{"name":"wp","href":"https:\/\/api.w.org\/{rel}","templated":true}]}}