{"id":70954,"date":"2019-06-15T18:43:32","date_gmt":"2019-06-15T21:43:32","guid":{"rendered":"http:\/\/www.padreydecano.com\/cms\/?p=70954"},"modified":"2019-06-26T10:02:12","modified_gmt":"2019-06-26T13:02:12","slug":"basket-penarol-recibe-a-danubio","status":"publish","type":"post","link":"https:\/\/www.padreydecano.com\/cms\/noticias\/basket-penarol-recibe-a-danubio\/","title":{"rendered":"Venta de entradas vs Danubio (Metro 2019)"},"content":{"rendered":"<p><a href=\"https:\/\/www.padreydecano.com\/cms\/wp-content\/uploads\/2019\/06\/IMG-20190605-WA0029.jpg\" rel=\"shadowbox[sbpost-70954];player=img;\"><img loading=\"lazy\" decoding=\"async\" class=\"aligncenter size-full wp-image-70886\" src=\"https:\/\/www.padreydecano.com\/cms\/wp-content\/uploads\/2019\/06\/IMG-20190605-WA0029.jpg\" alt=\"\" width=\"1600\" height=\"1067\" srcset=\"https:\/\/www.padreydecano.com\/cms\/wp-content\/uploads\/2019\/06\/IMG-20190605-WA0029.jpg 1600w, https:\/\/www.padreydecano.com\/cms\/wp-content\/uploads\/2019\/06\/IMG-20190605-WA0029-600x400.jpg 600w, https:\/\/www.padreydecano.com\/cms\/wp-content\/uploads\/2019\/06\/IMG-20190605-WA0029-768x512.jpg 768w, https:\/\/www.padreydecano.com\/cms\/wp-content\/uploads\/2019\/06\/IMG-20190605-WA0029-1024x683.jpg 1024w\" sizes=\"(max-width: 1600px) 100vw, 1600px\" \/><\/a><\/p>\n<p style=\"text-align: justify;\"><strong>Este s\u00e1bado Pe\u00f1arol recibir\u00e1 a Danubio en el Palacio Pe\u00f1arol por la segunda fecha del Metro. El juego comienza 21:15 horas y las entradas ya est\u00e1n en venta.<\/strong><\/p>\n<p style=\"text-align: justify;\">El equipo de Danubio es dirigido por Mart\u00edn Sedes y es su segunda temporada al mando. La primera fecha fue derrotado de local frente a Stockolmo, equipo que fue una revelaci\u00f3n del arranque del torneo. Como sus principales figuras se encuentran Juan Galetto, Mat\u00edas Nicoletti y Santiago Pereira. Su extranjero es Marquis Mathis, un interno que no tuvo un buen juego en su debut.<\/p>\n<p style=\"text-align: justify;\"><span style=\"color: #ffcc00;\"><strong>Venta de entradas:<\/strong><\/span><\/p>\n<ul>\n<li style=\"text-align: justify;\"><strong>Socio Campe\u00f3n Sudamericano y Socio Campe\u00f3n Federal:<\/strong> Gratis.<\/li>\n<li style=\"text-align: justify;\"><strong>Socio Colaborador Basket:<\/strong> $100.<\/li>\n<li style=\"text-align: justify;\"><strong>Generales Pe\u00f1arol:<\/strong> $220.<\/li>\n<\/ul>\n<p style=\"text-align: justify;\">Las entradas ya se encuentran a la venta en Red Pagos o a trav\u00e9s de <a href=\"https:\/\/tickantel.com.uy\/inicio\/espectaculo\/40007044\/espectaculo\/El%20Metro%20-%20Pe%C3%B1arol%20vs%20Danubio?2\" target=\"_blank\" rel=\"noopener\">Tickantel<\/a>.<\/p>\n<div class=\"user-wrapper\"><a class=\"userlink\" href=\"https:\/\/twitter.com\/griegosebas\" target=\"_blank\"><figure><img decoding=\"async\" src=\"http:\/\/www.padreydecano.com\/cms\/wp-users-files\/postfirmas\/sebagriego.jpg\" \/><\/figure><p class=\"user\"><strong>Sebasti&aacute;n Griego<\/strong><br \/>@SebaGriego<\/p><\/a><\/div>\n","protected":false},"excerpt":{"rendered":"<p>Este s\u00e1bado Pe\u00f1arol recibir\u00e1 a Danubio en el Palacio Pe\u00f1arol por la segunda fecha del Metro. El juego comienza 21:15 horas y las entradas ya est\u00e1n en venta. El equipo de Danubio es dirigido por Mart\u00edn Sedes y es su segunda temporada al mando. La primera fecha fue derrotado de local frente a Stockolmo, equipo [&hellip;]<\/p>\n","protected":false},"author":27,"featured_media":70886,"comment_status":"open","ping_status":"closed","sticky":false,"template":"","format":"standard","meta":{"footnotes":""},"categories":[407,1],"tags":[406],"yoast_head":"<!-- This site is optimized with the Yoast SEO plugin v23.2 - https:\/\/yoast.com\/wordpress\/plugins\/seo\/ -->\n<title>Venta de entradas vs Danubio (Metro 2019) - Padre y Decano - El Sitio del Pueblo<\/title>\n<meta name=\"robots\" content=\"index, follow, max-snippet:-1, max-image-preview:large, max-video-preview:-1\" \/>\n<link rel=\"canonical\" href=\"https:\/\/www.padreydecano.com\/cms\/noticias\/basket-penarol-recibe-a-danubio\/\" \/>\n<meta property=\"og:locale\" content=\"es_ES\" \/>\n<meta property=\"og:type\" content=\"article\" \/>\n<meta property=\"og:title\" content=\"Venta de entradas vs Danubio (Metro 2019) - Padre y Decano - El Sitio del Pueblo\" \/>\n<meta property=\"og:description\" content=\"Este s\u00e1bado Pe\u00f1arol recibir\u00e1 a Danubio en el Palacio Pe\u00f1arol por la segunda fecha del Metro. El juego comienza 21:15 horas y las entradas ya est\u00e1n en venta. El equipo de Danubio es dirigido por Mart\u00edn Sedes y es su segunda temporada al mando. La primera fecha fue derrotado de local frente a Stockolmo, equipo [&hellip;]\" \/>\n<meta property=\"og:url\" content=\"https:\/\/www.padreydecano.com\/cms\/noticias\/basket-penarol-recibe-a-danubio\/\" \/>\n<meta property=\"og:site_name\" content=\"Padre y Decano - El Sitio del Pueblo\" \/>\n<meta property=\"article:published_time\" content=\"2019-06-15T21:43:32+00:00\" \/>\n<meta property=\"article:modified_time\" content=\"2019-06-26T13:02:12+00:00\" \/>\n<meta property=\"og:image\" content=\"https:\/\/www.padreydecano.com\/cms\/wp-content\/uploads\/2019\/06\/IMG-20190605-WA0029.jpg\" \/>\n\t<meta property=\"og:image:width\" content=\"1600\" \/>\n\t<meta property=\"og:image:height\" content=\"1067\" \/>\n\t<meta property=\"og:image:type\" content=\"image\/jpeg\" \/>\n<meta name=\"author\" content=\"Redactores Padre y Decano\" \/>\n<meta name=\"twitter:card\" content=\"summary_large_image\" \/>\n<meta name=\"twitter:label1\" content=\"Escrito por\" \/>\n\t<meta name=\"twitter:data1\" content=\"Redactores Padre y Decano\" \/>\n\t<meta name=\"twitter:label2\" content=\"Tiempo de lectura\" \/>\n\t<meta name=\"twitter:data2\" content=\"1 minuto\" \/>\n<script type=\"application\/ld+json\" class=\"yoast-schema-graph\">{\"@context\":\"https:\/\/schema.org\",\"@graph\":[{\"@type\":\"Article\",\"@id\":\"https:\/\/www.padreydecano.com\/cms\/noticias\/basket-penarol-recibe-a-danubio\/#article\",\"isPartOf\":{\"@id\":\"https:\/\/www.padreydecano.com\/cms\/noticias\/basket-penarol-recibe-a-danubio\/\"},\"author\":{\"name\":\"Redactores Padre y Decano\",\"@id\":\"https:\/\/www.padreydecano.com\/cms\/#\/schema\/person\/37aae8f93aa78e4c5385497f056e3246\"},\"headline\":\"Venta de entradas vs Danubio (Metro 2019)\",\"datePublished\":\"2019-06-15T21:43:32+00:00\",\"dateModified\":\"2019-06-26T13:02:12+00:00\",\"mainEntityOfPage\":{\"@id\":\"https:\/\/www.padreydecano.com\/cms\/noticias\/basket-penarol-recibe-a-danubio\/\"},\"wordCount\":141,\"commentCount\":0,\"publisher\":{\"@id\":\"https:\/\/www.padreydecano.com\/cms\/#organization\"},\"image\":{\"@id\":\"https:\/\/www.padreydecano.com\/cms\/noticias\/basket-penarol-recibe-a-danubio\/#primaryimage\"},\"thumbnailUrl\":\"https:\/\/www.padreydecano.com\/cms\/wp-content\/uploads\/2019\/06\/IMG-20190605-WA0029.jpg\",\"keywords\":[\"Metro 2019\"],\"articleSection\":[\"Basket\",\"Noticias\"],\"inLanguage\":\"es\",\"potentialAction\":[{\"@type\":\"CommentAction\",\"name\":\"Comment\",\"target\":[\"https:\/\/www.padreydecano.com\/cms\/noticias\/basket-penarol-recibe-a-danubio\/#respond\"]}]},{\"@type\":\"WebPage\",\"@id\":\"https:\/\/www.padreydecano.com\/cms\/noticias\/basket-penarol-recibe-a-danubio\/\",\"url\":\"https:\/\/www.padreydecano.com\/cms\/noticias\/basket-penarol-recibe-a-danubio\/\",\"name\":\"Venta de entradas vs Danubio (Metro 2019) - Padre y Decano - El Sitio del Pueblo\",\"isPartOf\":{\"@id\":\"https:\/\/www.padreydecano.com\/cms\/#website\"},\"primaryImageOfPage\":{\"@id\":\"https:\/\/www.padreydecano.com\/cms\/noticias\/basket-penarol-recibe-a-danubio\/#primaryimage\"},\"image\":{\"@id\":\"https:\/\/www.padreydecano.com\/cms\/noticias\/basket-penarol-recibe-a-danubio\/#primaryimage\"},\"thumbnailUrl\":\"https:\/\/www.padreydecano.com\/cms\/wp-content\/uploads\/2019\/06\/IMG-20190605-WA0029.jpg\",\"datePublished\":\"2019-06-15T21:43:32+00:00\",\"dateModified\":\"2019-06-26T13:02:12+00:00\",\"breadcrumb\":{\"@id\":\"https:\/\/www.padreydecano.com\/cms\/noticias\/basket-penarol-recibe-a-danubio\/#breadcrumb\"},\"inLanguage\":\"es\",\"potentialAction\":[{\"@type\":\"ReadAction\",\"target\":[\"https:\/\/www.padreydecano.com\/cms\/noticias\/basket-penarol-recibe-a-danubio\/\"]}]},{\"@type\":\"ImageObject\",\"inLanguage\":\"es\",\"@id\":\"https:\/\/www.padreydecano.com\/cms\/noticias\/basket-penarol-recibe-a-danubio\/#primaryimage\",\"url\":\"https:\/\/www.padreydecano.com\/cms\/wp-content\/uploads\/2019\/06\/IMG-20190605-WA0029.jpg\",\"contentUrl\":\"https:\/\/www.padreydecano.com\/cms\/wp-content\/uploads\/2019\/06\/IMG-20190605-WA0029.jpg\",\"width\":1600,\"height\":1067},{\"@type\":\"BreadcrumbList\",\"@id\":\"https:\/\/www.padreydecano.com\/cms\/noticias\/basket-penarol-recibe-a-danubio\/#breadcrumb\",\"itemListElement\":[{\"@type\":\"ListItem\",\"position\":1,\"name\":\"Portada\",\"item\":\"https:\/\/www.padreydecano.com\/cms\/\"},{\"@type\":\"ListItem\",\"position\":2,\"name\":\"Venta de entradas vs Danubio (Metro 2019)\"}]},{\"@type\":\"WebSite\",\"@id\":\"https:\/\/www.padreydecano.com\/cms\/#website\",\"url\":\"https:\/\/www.padreydecano.com\/cms\/\",\"name\":\"Padre y Decano - El Sitio del Pueblo\",\"description\":\"Club Atl\u00e9tico Pe\u00f1arol\",\"publisher\":{\"@id\":\"https:\/\/www.padreydecano.com\/cms\/#organization\"},\"potentialAction\":[{\"@type\":\"SearchAction\",\"target\":{\"@type\":\"EntryPoint\",\"urlTemplate\":\"https:\/\/www.padreydecano.com\/cms\/?s={search_term_string}\"},\"query-input\":\"required name=search_term_string\"}],\"inLanguage\":\"es\"},{\"@type\":\"Organization\",\"@id\":\"https:\/\/www.padreydecano.com\/cms\/#organization\",\"name\":\"Padre y Decano\",\"url\":\"https:\/\/www.padreydecano.com\/cms\/\",\"logo\":{\"@type\":\"ImageObject\",\"inLanguage\":\"es\",\"@id\":\"https:\/\/www.padreydecano.com\/cms\/#\/schema\/logo\/image\/\",\"url\":\"https:\/\/www.padreydecano.com\/cms\/wp-content\/uploads\/2022\/01\/avatar-square.png\",\"contentUrl\":\"https:\/\/www.padreydecano.com\/cms\/wp-content\/uploads\/2022\/01\/avatar-square.png\",\"width\":1500,\"height\":1500,\"caption\":\"Padre y Decano\"},\"image\":{\"@id\":\"https:\/\/www.padreydecano.com\/cms\/#\/schema\/logo\/image\/\"}},{\"@type\":\"Person\",\"@id\":\"https:\/\/www.padreydecano.com\/cms\/#\/schema\/person\/37aae8f93aa78e4c5385497f056e3246\",\"name\":\"Redactores Padre y Decano\",\"image\":{\"@type\":\"ImageObject\",\"inLanguage\":\"es\",\"@id\":\"https:\/\/www.padreydecano.com\/cms\/#\/schema\/person\/image\/\",\"url\":\"https:\/\/secure.gravatar.com\/avatar\/8810c4b9081192b118b104af54549af8?s=96&d=https%3A%2F%2Fpadreydecano.com%2Fcms%2Fwp-content%2Fthemes%2Fpyd-theme%2Fimg%2Fdefault-avatar.png&r=g\",\"contentUrl\":\"https:\/\/secure.gravatar.com\/avatar\/8810c4b9081192b118b104af54549af8?s=96&d=https%3A%2F%2Fpadreydecano.com%2Fcms%2Fwp-content%2Fthemes%2Fpyd-theme%2Fimg%2Fdefault-avatar.png&r=g\",\"caption\":\"Redactores Padre y Decano\"},\"sameAs\":[\"http:\/\/www.padreydecano.com\"]}]}<\/script>\n<!-- \/ Yoast SEO plugin. -->","yoast_head_json":{"title":"Venta de entradas vs Danubio (Metro 2019) - Padre y Decano - El Sitio del Pueblo","robots":{"index":"index","follow":"follow","max-snippet":"max-snippet:-1","max-image-preview":"max-image-preview:large","max-video-preview":"max-video-preview:-1"},"canonical":"https:\/\/www.padreydecano.com\/cms\/noticias\/basket-penarol-recibe-a-danubio\/","og_locale":"es_ES","og_type":"article","og_title":"Venta de entradas vs Danubio (Metro 2019) - Padre y Decano - El Sitio del Pueblo","og_description":"Este s\u00e1bado Pe\u00f1arol recibir\u00e1 a Danubio en el Palacio Pe\u00f1arol por la segunda fecha del Metro. El juego comienza 21:15 horas y las entradas ya est\u00e1n en venta. El equipo de Danubio es dirigido por Mart\u00edn Sedes y es su segunda temporada al mando. La primera fecha fue derrotado de local frente a Stockolmo, equipo [&hellip;]","og_url":"https:\/\/www.padreydecano.com\/cms\/noticias\/basket-penarol-recibe-a-danubio\/","og_site_name":"Padre y Decano - El Sitio del Pueblo","article_published_time":"2019-06-15T21:43:32+00:00","article_modified_time":"2019-06-26T13:02:12+00:00","og_image":[{"width":1600,"height":1067,"url":"https:\/\/www.padreydecano.com\/cms\/wp-content\/uploads\/2019\/06\/IMG-20190605-WA0029.jpg","type":"image\/jpeg"}],"author":"Redactores Padre y Decano","twitter_card":"summary_large_image","twitter_misc":{"Escrito por":"Redactores Padre y Decano","Tiempo de lectura":"1 minuto"},"schema":{"@context":"https:\/\/schema.org","@graph":[{"@type":"Article","@id":"https:\/\/www.padreydecano.com\/cms\/noticias\/basket-penarol-recibe-a-danubio\/#article","isPartOf":{"@id":"https:\/\/www.padreydecano.com\/cms\/noticias\/basket-penarol-recibe-a-danubio\/"},"author":{"name":"Redactores Padre y Decano","@id":"https:\/\/www.padreydecano.com\/cms\/#\/schema\/person\/37aae8f93aa78e4c5385497f056e3246"},"headline":"Venta de entradas vs Danubio (Metro 2019)","datePublished":"2019-06-15T21:43:32+00:00","dateModified":"2019-06-26T13:02:12+00:00","mainEntityOfPage":{"@id":"https:\/\/www.padreydecano.com\/cms\/noticias\/basket-penarol-recibe-a-danubio\/"},"wordCount":141,"commentCount":0,"publisher":{"@id":"https:\/\/www.padreydecano.com\/cms\/#organization"},"image":{"@id":"https:\/\/www.padreydecano.com\/cms\/noticias\/basket-penarol-recibe-a-danubio\/#primaryimage"},"thumbnailUrl":"https:\/\/www.padreydecano.com\/cms\/wp-content\/uploads\/2019\/06\/IMG-20190605-WA0029.jpg","keywords":["Metro 2019"],"articleSection":["Basket","Noticias"],"inLanguage":"es","potentialAction":[{"@type":"CommentAction","name":"Comment","target":["https:\/\/www.padreydecano.com\/cms\/noticias\/basket-penarol-recibe-a-danubio\/#respond"]}]},{"@type":"WebPage","@id":"https:\/\/www.padreydecano.com\/cms\/noticias\/basket-penarol-recibe-a-danubio\/","url":"https:\/\/www.padreydecano.com\/cms\/noticias\/basket-penarol-recibe-a-danubio\/","name":"Venta de entradas vs Danubio (Metro 2019) - Padre y Decano - El Sitio del Pueblo","isPartOf":{"@id":"https:\/\/www.padreydecano.com\/cms\/#website"},"primaryImageOfPage":{"@id":"https:\/\/www.padreydecano.com\/cms\/noticias\/basket-penarol-recibe-a-danubio\/#primaryimage"},"image":{"@id":"https:\/\/www.padreydecano.com\/cms\/noticias\/basket-penarol-recibe-a-danubio\/#primaryimage"},"thumbnailUrl":"https:\/\/www.padreydecano.com\/cms\/wp-content\/uploads\/2019\/06\/IMG-20190605-WA0029.jpg","datePublished":"2019-06-15T21:43:32+00:00","dateModified":"2019-06-26T13:02:12+00:00","breadcrumb":{"@id":"https:\/\/www.padreydecano.com\/cms\/noticias\/basket-penarol-recibe-a-danubio\/#breadcrumb"},"inLanguage":"es","potentialAction":[{"@type":"ReadAction","target":["https:\/\/www.padreydecano.com\/cms\/noticias\/basket-penarol-recibe-a-danubio\/"]}]},{"@type":"ImageObject","inLanguage":"es","@id":"https:\/\/www.padreydecano.com\/cms\/noticias\/basket-penarol-recibe-a-danubio\/#primaryimage","url":"https:\/\/www.padreydecano.com\/cms\/wp-content\/uploads\/2019\/06\/IMG-20190605-WA0029.jpg","contentUrl":"https:\/\/www.padreydecano.com\/cms\/wp-content\/uploads\/2019\/06\/IMG-20190605-WA0029.jpg","width":1600,"height":1067},{"@type":"BreadcrumbList","@id":"https:\/\/www.padreydecano.com\/cms\/noticias\/basket-penarol-recibe-a-danubio\/#breadcrumb","itemListElement":[{"@type":"ListItem","position":1,"name":"Portada","item":"https:\/\/www.padreydecano.com\/cms\/"},{"@type":"ListItem","position":2,"name":"Venta de entradas vs Danubio (Metro 2019)"}]},{"@type":"WebSite","@id":"https:\/\/www.padreydecano.com\/cms\/#website","url":"https:\/\/www.padreydecano.com\/cms\/","name":"Padre y Decano - El Sitio del Pueblo","description":"Club Atl\u00e9tico Pe\u00f1arol","publisher":{"@id":"https:\/\/www.padreydecano.com\/cms\/#organization"},"potentialAction":[{"@type":"SearchAction","target":{"@type":"EntryPoint","urlTemplate":"https:\/\/www.padreydecano.com\/cms\/?s={search_term_string}"},"query-input":"required name=search_term_string"}],"inLanguage":"es"},{"@type":"Organization","@id":"https:\/\/www.padreydecano.com\/cms\/#organization","name":"Padre y Decano","url":"https:\/\/www.padreydecano.com\/cms\/","logo":{"@type":"ImageObject","inLanguage":"es","@id":"https:\/\/www.padreydecano.com\/cms\/#\/schema\/logo\/image\/","url":"https:\/\/www.padreydecano.com\/cms\/wp-content\/uploads\/2022\/01\/avatar-square.png","contentUrl":"https:\/\/www.padreydecano.com\/cms\/wp-content\/uploads\/2022\/01\/avatar-square.png","width":1500,"height":1500,"caption":"Padre y Decano"},"image":{"@id":"https:\/\/www.padreydecano.com\/cms\/#\/schema\/logo\/image\/"}},{"@type":"Person","@id":"https:\/\/www.padreydecano.com\/cms\/#\/schema\/person\/37aae8f93aa78e4c5385497f056e3246","name":"Redactores Padre y Decano","image":{"@type":"ImageObject","inLanguage":"es","@id":"https:\/\/www.padreydecano.com\/cms\/#\/schema\/person\/image\/","url":"https:\/\/secure.gravatar.com\/avatar\/8810c4b9081192b118b104af54549af8?s=96&d=https%3A%2F%2Fpadreydecano.com%2Fcms%2Fwp-content%2Fthemes%2Fpyd-theme%2Fimg%2Fdefault-avatar.png&r=g","contentUrl":"https:\/\/secure.gravatar.com\/avatar\/8810c4b9081192b118b104af54549af8?s=96&d=https%3A%2F%2Fpadreydecano.com%2Fcms%2Fwp-content%2Fthemes%2Fpyd-theme%2Fimg%2Fdefault-avatar.png&r=g","caption":"Redactores Padre y Decano"},"sameAs":["http:\/\/www.padreydecano.com"]}]}},"_links":{"self":[{"href":"https:\/\/www.padreydecano.com\/cms\/wp-json\/wp\/v2\/posts\/70954"}],"collection":[{"href":"https:\/\/www.padreydecano.com\/cms\/wp-json\/wp\/v2\/posts"}],"about":[{"href":"https:\/\/www.padreydecano.com\/cms\/wp-json\/wp\/v2\/types\/post"}],"author":[{"embeddable":true,"href":"https:\/\/www.padreydecano.com\/cms\/wp-json\/wp\/v2\/users\/27"}],"replies":[{"embeddable":true,"href":"https:\/\/www.padreydecano.com\/cms\/wp-json\/wp\/v2\/comments?post=70954"}],"version-history":[{"count":0,"href":"https:\/\/www.padreydecano.com\/cms\/wp-json\/wp\/v2\/posts\/70954\/revisions"}],"wp:featuredmedia":[{"embeddable":true,"href":"https:\/\/www.padreydecano.com\/cms\/wp-json\/wp\/v2\/media\/70886"}],"wp:attachment":[{"href":"https:\/\/www.padreydecano.com\/cms\/wp-json\/wp\/v2\/media?parent=70954"}],"wp:term":[{"taxonomy":"category","embeddable":true,"href":"https:\/\/www.padreydecano.com\/cms\/wp-json\/wp\/v2\/categories?post=70954"},{"taxonomy":"post_tag","embeddable":true,"href":"https:\/\/www.padreydecano.com\/cms\/wp-json\/wp\/v2\/tags?post=70954"}],"curies":[{"name":"wp","href":"https:\/\/api.w.org\/{rel}","templated":true}]}}