{"id":70900,"date":"2019-06-06T09:58:54","date_gmt":"2019-06-06T12:58:54","guid":{"rendered":"http:\/\/www.padreydecano.com\/cms\/?p=70900"},"modified":"2019-06-06T12:11:41","modified_gmt":"2019-06-06T15:11:41","slug":"lo-que-se-viene-2","status":"publish","type":"post","link":"https:\/\/www.padreydecano.com\/cms\/noticias\/lo-que-se-viene-2\/","title":{"rendered":"Lo que se viene"},"content":{"rendered":"<p><a href=\"https:\/\/www.padreydecano.com\/cms\/wp-content\/uploads\/2019\/06\/IFA_0825_resized_20190606_092238107.jpg\" rel=\"shadowbox[sbpost-70900];player=img;\"><img loading=\"lazy\" decoding=\"async\" class=\"aligncenter size-full wp-image-70906\" src=\"https:\/\/www.padreydecano.com\/cms\/wp-content\/uploads\/2019\/06\/IFA_0825_resized_20190606_092238107.jpg\" alt=\"\" width=\"1387\" height=\"925\" srcset=\"https:\/\/www.padreydecano.com\/cms\/wp-content\/uploads\/2019\/06\/IFA_0825_resized_20190606_092238107.jpg 1387w, https:\/\/www.padreydecano.com\/cms\/wp-content\/uploads\/2019\/06\/IFA_0825_resized_20190606_092238107-600x400.jpg 600w, https:\/\/www.padreydecano.com\/cms\/wp-content\/uploads\/2019\/06\/IFA_0825_resized_20190606_092238107-768x512.jpg 768w, https:\/\/www.padreydecano.com\/cms\/wp-content\/uploads\/2019\/06\/IFA_0825_resized_20190606_092238107-1024x683.jpg 1024w\" sizes=\"(max-width: 1387px) 100vw, 1387px\" \/><\/a><\/p>\n<p style=\"text-align: justify;\"><strong>Tras finalizar el Torneo Apertura quedaron confirmadas las dos series para la disputa del Torneo Intermedio. El cl\u00e1sico se disputar\u00e1 en la fecha \u00faltima fecha.<\/strong><\/p>\n<p style=\"text-align: justify;\">En la tarde del mi\u00e9rcoles, con el \u00faltimo partido pendiente del Apertura, quedaron confirmadas las series para el Torneo Intermedio, que comenzar\u00e1 el 13 de julio, luego de la finalizaci\u00f3n de la Copa Am\u00e9rica. Los equipos se dividir\u00e1n entre los que finalizaron en posici\u00f3n par por un lado e impar por el otro.<\/p>\n<table style=\"height: 289px;\" width=\"409\">\n<tbody>\n<tr>\n<td style=\"text-align: center;\" width=\"157\"><span style=\"color: #ffcc00;\"><strong>Serie A<\/strong><\/span><\/td>\n<td style=\"text-align: center;\" width=\"142\"><span style=\"color: #ffcc00;\"><strong>Serie B<\/strong><\/span><\/td>\n<\/tr>\n<tr>\n<td style=\"text-align: center;\">Pe\u00f1arol<\/td>\n<td style=\"text-align: center;\">F\u00e9nix<\/td>\n<\/tr>\n<tr>\n<td style=\"text-align: center;\">Nacional<\/td>\n<td style=\"text-align: center;\">Cerro Largo<\/td>\n<\/tr>\n<tr>\n<td style=\"text-align: center;\">Danubio<\/td>\n<td style=\"text-align: center;\">Wanderers<\/td>\n<\/tr>\n<tr>\n<td style=\"text-align: center;\">Progreso<\/td>\n<td style=\"text-align: center;\">Liverpool<\/td>\n<\/tr>\n<tr>\n<td style=\"text-align: center;\">Boston River<\/td>\n<td style=\"text-align: center;\">Rampla Juniors<\/td>\n<\/tr>\n<tr>\n<td style=\"text-align: center;\">Defensor<\/td>\n<td style=\"text-align: center;\">Racing<\/td>\n<\/tr>\n<tr>\n<td style=\"text-align: center;\">Juventud de Las Piedras<\/td>\n<td style=\"text-align: center;\">Plaza Colonia<\/td>\n<\/tr>\n<tr>\n<td style=\"text-align: center;\">River Plate<\/td>\n<td style=\"text-align: center;\">Cerro<\/td>\n<\/tr>\n<\/tbody>\n<\/table>\n<p>&nbsp;<\/p>\n<p style=\"text-align: justify;\"><span style=\"color: #ffcc00;\"><strong>Fixture<\/strong><\/span><\/p>\n<ul>\n<li>Vs Boston River (Local)<\/li>\n<li style=\"text-align: justify;\">Vs Progreso (Visitante)<\/li>\n<li style=\"text-align: justify;\">Vs Danubio (Local)<\/li>\n<li style=\"text-align: justify;\">Vs Defensor Sporting (Visitante)<\/li>\n<li style=\"text-align: justify;\">Vs Juventud (Local)<\/li>\n<li style=\"text-align: justify;\">Vs River Plate (Visitante)<\/li>\n<li style=\"text-align: justify;\">Vs Nacional (Neutral)<\/li>\n<\/ul>\n<p style=\"text-align: justify;\">El ganador de la Serie A enfrentar\u00e1 al primero de la Serie B, en una final \u00fanica. Recordamos que todo el Torneo acumula puntos para la Tabla Anual, menos la final. Si el ganador no clasific\u00f3 a ninguna copa internacional al finalizar la temporada, tendr\u00e1 un beneficio extra, que ser\u00e1 un lugar en la Sudamericana 2020.<\/p>\n<p style=\"text-align: justify;\">El partido cl\u00e1sico se disputar\u00e1 en el Estadio Centenario y la local\u00eda ser\u00e1 compartida. Por la fijaci\u00f3n hasta el momento, ser\u00eda el 25 de agosto, feriado no laborable, por lo que las fechas est\u00e1n a confirmar.<\/p>\n<p style=\"text-align: justify;\">De esta manera Pe\u00f1arol buscar\u00e1 en la tercera edici\u00f3n de este Torneo, ganarlo por primera vez, pero principalmente seguir manteni\u00e9ndose como puntero de la Tabla Anual, objetivo principal del conjunto aurinegro, en el \u00e1mbito local.<\/p>\n<p style=\"text-align: right;\"><a href=\"https:\/\/twitter.com\/agustin_oronoz\">Agust\u00edn Oronoz<\/a><\/p>\n","protected":false},"excerpt":{"rendered":"<p>Tras finalizar el Torneo Apertura quedaron confirmadas las dos series para la disputa del Torneo Intermedio. El cl\u00e1sico se disputar\u00e1 en la fecha \u00faltima fecha. En la tarde del mi\u00e9rcoles, con el \u00faltimo partido pendiente del Apertura, quedaron confirmadas las series para el Torneo Intermedio, que comenzar\u00e1 el 13 de julio, luego de la finalizaci\u00f3n [&hellip;]<\/p>\n","protected":false},"author":30,"featured_media":70814,"comment_status":"open","ping_status":"closed","sticky":false,"template":"","format":"standard","meta":{"footnotes":""},"categories":[1],"tags":[447],"yoast_head":"<!-- This site is optimized with the Yoast SEO plugin v23.2 - https:\/\/yoast.com\/wordpress\/plugins\/seo\/ -->\n<title>Lo que se viene - Padre y Decano - El Sitio del Pueblo<\/title>\n<meta name=\"robots\" content=\"index, follow, max-snippet:-1, max-image-preview:large, max-video-preview:-1\" \/>\n<link rel=\"canonical\" href=\"https:\/\/www.padreydecano.com\/cms\/noticias\/lo-que-se-viene-2\/\" \/>\n<meta property=\"og:locale\" content=\"es_ES\" \/>\n<meta property=\"og:type\" content=\"article\" \/>\n<meta property=\"og:title\" content=\"Lo que se viene - Padre y Decano - El Sitio del Pueblo\" \/>\n<meta property=\"og:description\" content=\"Tras finalizar el Torneo Apertura quedaron confirmadas las dos series para la disputa del Torneo Intermedio. El cl\u00e1sico se disputar\u00e1 en la fecha \u00faltima fecha. En la tarde del mi\u00e9rcoles, con el \u00faltimo partido pendiente del Apertura, quedaron confirmadas las series para el Torneo Intermedio, que comenzar\u00e1 el 13 de julio, luego de la finalizaci\u00f3n [&hellip;]\" \/>\n<meta property=\"og:url\" content=\"https:\/\/www.padreydecano.com\/cms\/noticias\/lo-que-se-viene-2\/\" \/>\n<meta property=\"og:site_name\" content=\"Padre y Decano - El Sitio del Pueblo\" \/>\n<meta property=\"article:published_time\" content=\"2019-06-06T12:58:54+00:00\" \/>\n<meta property=\"article:modified_time\" content=\"2019-06-06T15:11:41+00:00\" \/>\n<meta property=\"og:image\" content=\"https:\/\/www.padreydecano.com\/cms\/wp-content\/uploads\/2019\/05\/IFA_9832_resized_20190528_033652502.jpg\" \/>\n\t<meta property=\"og:image:width\" content=\"1500\" \/>\n\t<meta property=\"og:image:height\" content=\"1000\" \/>\n\t<meta property=\"og:image:type\" content=\"image\/jpeg\" \/>\n<meta name=\"author\" content=\"Udelar\" \/>\n<meta name=\"twitter:card\" content=\"summary_large_image\" \/>\n<meta name=\"twitter:label1\" content=\"Escrito por\" \/>\n\t<meta name=\"twitter:data1\" content=\"Udelar\" \/>\n\t<meta name=\"twitter:label2\" content=\"Tiempo de lectura\" \/>\n\t<meta name=\"twitter:data2\" content=\"1 minuto\" \/>\n<script type=\"application\/ld+json\" class=\"yoast-schema-graph\">{\"@context\":\"https:\/\/schema.org\",\"@graph\":[{\"@type\":\"Article\",\"@id\":\"https:\/\/www.padreydecano.com\/cms\/noticias\/lo-que-se-viene-2\/#article\",\"isPartOf\":{\"@id\":\"https:\/\/www.padreydecano.com\/cms\/noticias\/lo-que-se-viene-2\/\"},\"author\":{\"name\":\"Udelar\",\"@id\":\"https:\/\/www.padreydecano.com\/cms\/#\/schema\/person\/b22191326be6d1c7fa55c2ad137a9a32\"},\"headline\":\"Lo que se viene\",\"datePublished\":\"2019-06-06T12:58:54+00:00\",\"dateModified\":\"2019-06-06T15:11:41+00:00\",\"mainEntityOfPage\":{\"@id\":\"https:\/\/www.padreydecano.com\/cms\/noticias\/lo-que-se-viene-2\/\"},\"wordCount\":279,\"commentCount\":7,\"publisher\":{\"@id\":\"https:\/\/www.padreydecano.com\/cms\/#organization\"},\"image\":{\"@id\":\"https:\/\/www.padreydecano.com\/cms\/noticias\/lo-que-se-viene-2\/#primaryimage\"},\"thumbnailUrl\":\"https:\/\/www.padreydecano.com\/cms\/wp-content\/uploads\/2019\/05\/IFA_9832_resized_20190528_033652502.jpg\",\"keywords\":[\"Torneo Intermedio 2019\"],\"articleSection\":[\"Noticias\"],\"inLanguage\":\"es\",\"potentialAction\":[{\"@type\":\"CommentAction\",\"name\":\"Comment\",\"target\":[\"https:\/\/www.padreydecano.com\/cms\/noticias\/lo-que-se-viene-2\/#respond\"]}]},{\"@type\":\"WebPage\",\"@id\":\"https:\/\/www.padreydecano.com\/cms\/noticias\/lo-que-se-viene-2\/\",\"url\":\"https:\/\/www.padreydecano.com\/cms\/noticias\/lo-que-se-viene-2\/\",\"name\":\"Lo que se viene - Padre y Decano - El Sitio del Pueblo\",\"isPartOf\":{\"@id\":\"https:\/\/www.padreydecano.com\/cms\/#website\"},\"primaryImageOfPage\":{\"@id\":\"https:\/\/www.padreydecano.com\/cms\/noticias\/lo-que-se-viene-2\/#primaryimage\"},\"image\":{\"@id\":\"https:\/\/www.padreydecano.com\/cms\/noticias\/lo-que-se-viene-2\/#primaryimage\"},\"thumbnailUrl\":\"https:\/\/www.padreydecano.com\/cms\/wp-content\/uploads\/2019\/05\/IFA_9832_resized_20190528_033652502.jpg\",\"datePublished\":\"2019-06-06T12:58:54+00:00\",\"dateModified\":\"2019-06-06T15:11:41+00:00\",\"breadcrumb\":{\"@id\":\"https:\/\/www.padreydecano.com\/cms\/noticias\/lo-que-se-viene-2\/#breadcrumb\"},\"inLanguage\":\"es\",\"potentialAction\":[{\"@type\":\"ReadAction\",\"target\":[\"https:\/\/www.padreydecano.com\/cms\/noticias\/lo-que-se-viene-2\/\"]}]},{\"@type\":\"ImageObject\",\"inLanguage\":\"es\",\"@id\":\"https:\/\/www.padreydecano.com\/cms\/noticias\/lo-que-se-viene-2\/#primaryimage\",\"url\":\"https:\/\/www.padreydecano.com\/cms\/wp-content\/uploads\/2019\/05\/IFA_9832_resized_20190528_033652502.jpg\",\"contentUrl\":\"https:\/\/www.padreydecano.com\/cms\/wp-content\/uploads\/2019\/05\/IFA_9832_resized_20190528_033652502.jpg\",\"width\":1500,\"height\":1000},{\"@type\":\"BreadcrumbList\",\"@id\":\"https:\/\/www.padreydecano.com\/cms\/noticias\/lo-que-se-viene-2\/#breadcrumb\",\"itemListElement\":[{\"@type\":\"ListItem\",\"position\":1,\"name\":\"Portada\",\"item\":\"https:\/\/www.padreydecano.com\/cms\/\"},{\"@type\":\"ListItem\",\"position\":2,\"name\":\"Lo que se viene\"}]},{\"@type\":\"WebSite\",\"@id\":\"https:\/\/www.padreydecano.com\/cms\/#website\",\"url\":\"https:\/\/www.padreydecano.com\/cms\/\",\"name\":\"Padre y Decano - El Sitio del Pueblo\",\"description\":\"Club Atl\u00e9tico Pe\u00f1arol\",\"publisher\":{\"@id\":\"https:\/\/www.padreydecano.com\/cms\/#organization\"},\"potentialAction\":[{\"@type\":\"SearchAction\",\"target\":{\"@type\":\"EntryPoint\",\"urlTemplate\":\"https:\/\/www.padreydecano.com\/cms\/?s={search_term_string}\"},\"query-input\":\"required name=search_term_string\"}],\"inLanguage\":\"es\"},{\"@type\":\"Organization\",\"@id\":\"https:\/\/www.padreydecano.com\/cms\/#organization\",\"name\":\"Padre y Decano\",\"url\":\"https:\/\/www.padreydecano.com\/cms\/\",\"logo\":{\"@type\":\"ImageObject\",\"inLanguage\":\"es\",\"@id\":\"https:\/\/www.padreydecano.com\/cms\/#\/schema\/logo\/image\/\",\"url\":\"https:\/\/www.padreydecano.com\/cms\/wp-content\/uploads\/2022\/01\/avatar-square.png\",\"contentUrl\":\"https:\/\/www.padreydecano.com\/cms\/wp-content\/uploads\/2022\/01\/avatar-square.png\",\"width\":1500,\"height\":1500,\"caption\":\"Padre y Decano\"},\"image\":{\"@id\":\"https:\/\/www.padreydecano.com\/cms\/#\/schema\/logo\/image\/\"}},{\"@type\":\"Person\",\"@id\":\"https:\/\/www.padreydecano.com\/cms\/#\/schema\/person\/b22191326be6d1c7fa55c2ad137a9a32\",\"name\":\"Udelar\",\"image\":{\"@type\":\"ImageObject\",\"inLanguage\":\"es\",\"@id\":\"https:\/\/www.padreydecano.com\/cms\/#\/schema\/person\/image\/\",\"url\":\"https:\/\/secure.gravatar.com\/avatar\/611ece663b16897a2cd2f46982281225?s=96&d=https%3A%2F%2Fpadreydecano.com%2Fcms%2Fwp-content%2Fthemes%2Fpyd-theme%2Fimg%2Fdefault-avatar.png&r=g\",\"contentUrl\":\"https:\/\/secure.gravatar.com\/avatar\/611ece663b16897a2cd2f46982281225?s=96&d=https%3A%2F%2Fpadreydecano.com%2Fcms%2Fwp-content%2Fthemes%2Fpyd-theme%2Fimg%2Fdefault-avatar.png&r=g\",\"caption\":\"Udelar\"}}]}<\/script>\n<!-- \/ Yoast SEO plugin. -->","yoast_head_json":{"title":"Lo que se viene - Padre y Decano - El Sitio del Pueblo","robots":{"index":"index","follow":"follow","max-snippet":"max-snippet:-1","max-image-preview":"max-image-preview:large","max-video-preview":"max-video-preview:-1"},"canonical":"https:\/\/www.padreydecano.com\/cms\/noticias\/lo-que-se-viene-2\/","og_locale":"es_ES","og_type":"article","og_title":"Lo que se viene - Padre y Decano - El Sitio del Pueblo","og_description":"Tras finalizar el Torneo Apertura quedaron confirmadas las dos series para la disputa del Torneo Intermedio. El cl\u00e1sico se disputar\u00e1 en la fecha \u00faltima fecha. En la tarde del mi\u00e9rcoles, con el \u00faltimo partido pendiente del Apertura, quedaron confirmadas las series para el Torneo Intermedio, que comenzar\u00e1 el 13 de julio, luego de la finalizaci\u00f3n [&hellip;]","og_url":"https:\/\/www.padreydecano.com\/cms\/noticias\/lo-que-se-viene-2\/","og_site_name":"Padre y Decano - El Sitio del Pueblo","article_published_time":"2019-06-06T12:58:54+00:00","article_modified_time":"2019-06-06T15:11:41+00:00","og_image":[{"width":1500,"height":1000,"url":"https:\/\/www.padreydecano.com\/cms\/wp-content\/uploads\/2019\/05\/IFA_9832_resized_20190528_033652502.jpg","type":"image\/jpeg"}],"author":"Udelar","twitter_card":"summary_large_image","twitter_misc":{"Escrito por":"Udelar","Tiempo de lectura":"1 minuto"},"schema":{"@context":"https:\/\/schema.org","@graph":[{"@type":"Article","@id":"https:\/\/www.padreydecano.com\/cms\/noticias\/lo-que-se-viene-2\/#article","isPartOf":{"@id":"https:\/\/www.padreydecano.com\/cms\/noticias\/lo-que-se-viene-2\/"},"author":{"name":"Udelar","@id":"https:\/\/www.padreydecano.com\/cms\/#\/schema\/person\/b22191326be6d1c7fa55c2ad137a9a32"},"headline":"Lo que se viene","datePublished":"2019-06-06T12:58:54+00:00","dateModified":"2019-06-06T15:11:41+00:00","mainEntityOfPage":{"@id":"https:\/\/www.padreydecano.com\/cms\/noticias\/lo-que-se-viene-2\/"},"wordCount":279,"commentCount":7,"publisher":{"@id":"https:\/\/www.padreydecano.com\/cms\/#organization"},"image":{"@id":"https:\/\/www.padreydecano.com\/cms\/noticias\/lo-que-se-viene-2\/#primaryimage"},"thumbnailUrl":"https:\/\/www.padreydecano.com\/cms\/wp-content\/uploads\/2019\/05\/IFA_9832_resized_20190528_033652502.jpg","keywords":["Torneo Intermedio 2019"],"articleSection":["Noticias"],"inLanguage":"es","potentialAction":[{"@type":"CommentAction","name":"Comment","target":["https:\/\/www.padreydecano.com\/cms\/noticias\/lo-que-se-viene-2\/#respond"]}]},{"@type":"WebPage","@id":"https:\/\/www.padreydecano.com\/cms\/noticias\/lo-que-se-viene-2\/","url":"https:\/\/www.padreydecano.com\/cms\/noticias\/lo-que-se-viene-2\/","name":"Lo que se viene - Padre y Decano - El Sitio del Pueblo","isPartOf":{"@id":"https:\/\/www.padreydecano.com\/cms\/#website"},"primaryImageOfPage":{"@id":"https:\/\/www.padreydecano.com\/cms\/noticias\/lo-que-se-viene-2\/#primaryimage"},"image":{"@id":"https:\/\/www.padreydecano.com\/cms\/noticias\/lo-que-se-viene-2\/#primaryimage"},"thumbnailUrl":"https:\/\/www.padreydecano.com\/cms\/wp-content\/uploads\/2019\/05\/IFA_9832_resized_20190528_033652502.jpg","datePublished":"2019-06-06T12:58:54+00:00","dateModified":"2019-06-06T15:11:41+00:00","breadcrumb":{"@id":"https:\/\/www.padreydecano.com\/cms\/noticias\/lo-que-se-viene-2\/#breadcrumb"},"inLanguage":"es","potentialAction":[{"@type":"ReadAction","target":["https:\/\/www.padreydecano.com\/cms\/noticias\/lo-que-se-viene-2\/"]}]},{"@type":"ImageObject","inLanguage":"es","@id":"https:\/\/www.padreydecano.com\/cms\/noticias\/lo-que-se-viene-2\/#primaryimage","url":"https:\/\/www.padreydecano.com\/cms\/wp-content\/uploads\/2019\/05\/IFA_9832_resized_20190528_033652502.jpg","contentUrl":"https:\/\/www.padreydecano.com\/cms\/wp-content\/uploads\/2019\/05\/IFA_9832_resized_20190528_033652502.jpg","width":1500,"height":1000},{"@type":"BreadcrumbList","@id":"https:\/\/www.padreydecano.com\/cms\/noticias\/lo-que-se-viene-2\/#breadcrumb","itemListElement":[{"@type":"ListItem","position":1,"name":"Portada","item":"https:\/\/www.padreydecano.com\/cms\/"},{"@type":"ListItem","position":2,"name":"Lo que se viene"}]},{"@type":"WebSite","@id":"https:\/\/www.padreydecano.com\/cms\/#website","url":"https:\/\/www.padreydecano.com\/cms\/","name":"Padre y Decano - El Sitio del Pueblo","description":"Club Atl\u00e9tico Pe\u00f1arol","publisher":{"@id":"https:\/\/www.padreydecano.com\/cms\/#organization"},"potentialAction":[{"@type":"SearchAction","target":{"@type":"EntryPoint","urlTemplate":"https:\/\/www.padreydecano.com\/cms\/?s={search_term_string}"},"query-input":"required name=search_term_string"}],"inLanguage":"es"},{"@type":"Organization","@id":"https:\/\/www.padreydecano.com\/cms\/#organization","name":"Padre y Decano","url":"https:\/\/www.padreydecano.com\/cms\/","logo":{"@type":"ImageObject","inLanguage":"es","@id":"https:\/\/www.padreydecano.com\/cms\/#\/schema\/logo\/image\/","url":"https:\/\/www.padreydecano.com\/cms\/wp-content\/uploads\/2022\/01\/avatar-square.png","contentUrl":"https:\/\/www.padreydecano.com\/cms\/wp-content\/uploads\/2022\/01\/avatar-square.png","width":1500,"height":1500,"caption":"Padre y Decano"},"image":{"@id":"https:\/\/www.padreydecano.com\/cms\/#\/schema\/logo\/image\/"}},{"@type":"Person","@id":"https:\/\/www.padreydecano.com\/cms\/#\/schema\/person\/b22191326be6d1c7fa55c2ad137a9a32","name":"Udelar","image":{"@type":"ImageObject","inLanguage":"es","@id":"https:\/\/www.padreydecano.com\/cms\/#\/schema\/person\/image\/","url":"https:\/\/secure.gravatar.com\/avatar\/611ece663b16897a2cd2f46982281225?s=96&d=https%3A%2F%2Fpadreydecano.com%2Fcms%2Fwp-content%2Fthemes%2Fpyd-theme%2Fimg%2Fdefault-avatar.png&r=g","contentUrl":"https:\/\/secure.gravatar.com\/avatar\/611ece663b16897a2cd2f46982281225?s=96&d=https%3A%2F%2Fpadreydecano.com%2Fcms%2Fwp-content%2Fthemes%2Fpyd-theme%2Fimg%2Fdefault-avatar.png&r=g","caption":"Udelar"}}]}},"_links":{"self":[{"href":"https:\/\/www.padreydecano.com\/cms\/wp-json\/wp\/v2\/posts\/70900"}],"collection":[{"href":"https:\/\/www.padreydecano.com\/cms\/wp-json\/wp\/v2\/posts"}],"about":[{"href":"https:\/\/www.padreydecano.com\/cms\/wp-json\/wp\/v2\/types\/post"}],"author":[{"embeddable":true,"href":"https:\/\/www.padreydecano.com\/cms\/wp-json\/wp\/v2\/users\/30"}],"replies":[{"embeddable":true,"href":"https:\/\/www.padreydecano.com\/cms\/wp-json\/wp\/v2\/comments?post=70900"}],"version-history":[{"count":0,"href":"https:\/\/www.padreydecano.com\/cms\/wp-json\/wp\/v2\/posts\/70900\/revisions"}],"wp:featuredmedia":[{"embeddable":true,"href":"https:\/\/www.padreydecano.com\/cms\/wp-json\/wp\/v2\/media\/70814"}],"wp:attachment":[{"href":"https:\/\/www.padreydecano.com\/cms\/wp-json\/wp\/v2\/media?parent=70900"}],"wp:term":[{"taxonomy":"category","embeddable":true,"href":"https:\/\/www.padreydecano.com\/cms\/wp-json\/wp\/v2\/categories?post=70900"},{"taxonomy":"post_tag","embeddable":true,"href":"https:\/\/www.padreydecano.com\/cms\/wp-json\/wp\/v2\/tags?post=70900"}],"curies":[{"name":"wp","href":"https:\/\/api.w.org\/{rel}","templated":true}]}}