{"id":70880,"date":"2019-06-05T16:17:54","date_gmt":"2019-06-05T19:17:54","guid":{"rendered":"http:\/\/www.padreydecano.com\/cms\/?p=70880"},"modified":"2019-06-05T17:01:01","modified_gmt":"2019-06-05T20:01:01","slug":"diego-alvarez-esta-lindo-debutar-en-otra-ciudad","status":"publish","type":"post","link":"https:\/\/www.padreydecano.com\/cms\/noticias\/diego-alvarez-esta-lindo-debutar-en-otra-ciudad\/","title":{"rendered":"Diego \u00c1lvarez \u00abEst\u00e1 lindo debutar en otra ciudad\u00bb"},"content":{"rendered":"<p style=\"text-align: justify;\"><a href=\"https:\/\/www.padreydecano.com\/cms\/wp-content\/uploads\/2019\/06\/IMG-20190605-WA0029.jpg\" rel=\"shadowbox[sbpost-70880];player=img;\"><img loading=\"lazy\" decoding=\"async\" class=\"size-full wp-image-70886\" src=\"https:\/\/www.padreydecano.com\/cms\/wp-content\/uploads\/2019\/06\/IMG-20190605-WA0029.jpg\" alt=\"\" width=\"1600\" height=\"1067\" srcset=\"https:\/\/www.padreydecano.com\/cms\/wp-content\/uploads\/2019\/06\/IMG-20190605-WA0029.jpg 1600w, https:\/\/www.padreydecano.com\/cms\/wp-content\/uploads\/2019\/06\/IMG-20190605-WA0029-600x400.jpg 600w, https:\/\/www.padreydecano.com\/cms\/wp-content\/uploads\/2019\/06\/IMG-20190605-WA0029-768x512.jpg 768w, https:\/\/www.padreydecano.com\/cms\/wp-content\/uploads\/2019\/06\/IMG-20190605-WA0029-1024x683.jpg 1024w\" sizes=\"(max-width: 1600px) 100vw, 1600px\" \/><\/a><\/p>\n<p style=\"text-align: justify;\"><strong>Luego del juego de presentaci\u00f3n frente a Tabar\u00e9 conversamos con Diego \u00c1lvarez, un referente del plantel que ya piensa en el comienzo del Metro.\u00a0<\/strong><\/p>\n<p style=\"text-align: justify;\"><span style=\"color: #ffcc00;\"><strong>Amistoso:\u00a0<\/strong><\/span>\u00abReci\u00e9n estamos saliendo de la pre-temporada, que fue muy dura. Este fue el primer amistoso oficial con nuestra hinchada. Si bien muchos ya est\u00e1bamos el a\u00f1o pasado, est\u00e1bamos ansiosos de reencontrarnos con la gente. Esa ansiedad por momentos nos jug\u00f3 en contra, pero por suerte lo pudimos cerrar en la \u00faltima para la alegr\u00eda de todos\u00bb.<\/p>\n<p style=\"text-align: justify;\"><span style=\"color: #ffcc00;\"><strong>Rendimiento colectivo:\u00a0<\/strong><\/span>\u00abEn lo colectivo nos est\u00e1 faltando volumen de juego y flu\u00edr m\u00e1s. Estamos un poco lentos, lo que es normal porque estamos saliendo de una pre-temporada exigente. Igualmente creo que vamos a llegar bien. Est\u00e1 lindo debutar en otra ciudad y nos va a apoyar mucha gente. En lo que queda de la semana vamos a tratar de afinar los detalles\u00bb.<\/p>\n<p style=\"text-align: justify;\"><span style=\"color: #ffcc00;\"><strong>Variantes del equipo:\u00a0<\/strong><\/span>\u00abTenemos un plantel muy exigente y con dos jugadores por puesto, cualquiera puede jugar y tener sus minutos. El tema est\u00e1 en c\u00f3mo aprovecharlo y ver para qui\u00e9n est\u00e1 el juego en ese momento. Nosotros nos vamos a adaptar a los rivales, pero tenemos muchas variante y ellos se tendr\u00e1n que adaptar a nosotros\u00bb.<\/p>\n<p style=\"text-align: justify;\"><span style=\"color: #ffcc00;\"><strong>Lagomar:\u00a0<\/strong><\/span>\u00abSabemos que son un equipo que hace a\u00f1os viene jugando junto. Ahora trajeron un jugador nuevo que es muy interesante y aumentar\u00e1 al equipo. Nosotros vamos a ir a jugar nuestro partido y, si bien nos tenemos que preocupar en ellos, queremos que ellos se preocupen de nosotros\u00bb.<\/p>\n<p style=\"text-align: right;\"><div class=\"user-wrapper\"><a class=\"userlink\" href=\"https:\/\/twitter.com\/griegosebas\" target=\"_blank\"><figure><img decoding=\"async\" src=\"http:\/\/www.padreydecano.com\/cms\/wp-users-files\/postfirmas\/sebagriego.jpg\" \/><\/figure><p class=\"user\"><strong>Sebasti&aacute;n Griego<\/strong><br \/>@SebaGriego<\/p><\/a><\/div><\/p>\n","protected":false},"excerpt":{"rendered":"<p>Luego del juego de presentaci\u00f3n frente a Tabar\u00e9 conversamos con Diego \u00c1lvarez, un referente del plantel que ya piensa en el comienzo del Metro.\u00a0 Amistoso:\u00a0\u00abReci\u00e9n estamos saliendo de la pre-temporada, que fue muy dura. Este fue el primer amistoso oficial con nuestra hinchada. Si bien muchos ya est\u00e1bamos el a\u00f1o pasado, est\u00e1bamos ansiosos de reencontrarnos [&hellip;]<\/p>\n","protected":false},"author":27,"featured_media":70881,"comment_status":"open","ping_status":"closed","sticky":false,"template":"","format":"standard","meta":{"footnotes":""},"categories":[407,1],"tags":[401,406],"yoast_head":"<!-- This site is optimized with the Yoast SEO plugin v23.2 - https:\/\/yoast.com\/wordpress\/plugins\/seo\/ -->\n<title>Diego \u00c1lvarez &quot;Est\u00e1 lindo debutar en otra ciudad&quot; - Padre y Decano - El Sitio del Pueblo<\/title>\n<meta name=\"robots\" content=\"index, follow, max-snippet:-1, max-image-preview:large, max-video-preview:-1\" \/>\n<link rel=\"canonical\" href=\"https:\/\/www.padreydecano.com\/cms\/noticias\/diego-alvarez-esta-lindo-debutar-en-otra-ciudad\/\" \/>\n<meta property=\"og:locale\" content=\"es_ES\" \/>\n<meta property=\"og:type\" content=\"article\" \/>\n<meta property=\"og:title\" content=\"Diego \u00c1lvarez &quot;Est\u00e1 lindo debutar en otra ciudad&quot; - Padre y Decano - El Sitio del Pueblo\" \/>\n<meta property=\"og:description\" content=\"Luego del juego de presentaci\u00f3n frente a Tabar\u00e9 conversamos con Diego \u00c1lvarez, un referente del plantel que ya piensa en el comienzo del Metro.\u00a0 Amistoso:\u00a0\u00abReci\u00e9n estamos saliendo de la pre-temporada, que fue muy dura. Este fue el primer amistoso oficial con nuestra hinchada. Si bien muchos ya est\u00e1bamos el a\u00f1o pasado, est\u00e1bamos ansiosos de reencontrarnos [&hellip;]\" \/>\n<meta property=\"og:url\" content=\"https:\/\/www.padreydecano.com\/cms\/noticias\/diego-alvarez-esta-lindo-debutar-en-otra-ciudad\/\" \/>\n<meta property=\"og:site_name\" content=\"Padre y Decano - El Sitio del Pueblo\" \/>\n<meta property=\"article:published_time\" content=\"2019-06-05T19:17:54+00:00\" \/>\n<meta property=\"article:modified_time\" content=\"2019-06-05T20:01:01+00:00\" \/>\n<meta property=\"og:image\" content=\"https:\/\/www.padreydecano.com\/cms\/wp-content\/uploads\/2019\/06\/ef653e38-09ae-497b-afe2-449307ab605e.jpg\" \/>\n\t<meta property=\"og:image:width\" content=\"1600\" \/>\n\t<meta property=\"og:image:height\" content=\"1067\" \/>\n\t<meta property=\"og:image:type\" content=\"image\/jpeg\" \/>\n<meta name=\"author\" content=\"Redactores Padre y Decano\" \/>\n<meta name=\"twitter:card\" content=\"summary_large_image\" \/>\n<meta name=\"twitter:label1\" content=\"Escrito por\" \/>\n\t<meta name=\"twitter:data1\" content=\"Redactores Padre y Decano\" \/>\n\t<meta name=\"twitter:label2\" content=\"Tiempo de lectura\" \/>\n\t<meta name=\"twitter:data2\" content=\"1 minuto\" \/>\n<script type=\"application\/ld+json\" class=\"yoast-schema-graph\">{\"@context\":\"https:\/\/schema.org\",\"@graph\":[{\"@type\":\"Article\",\"@id\":\"https:\/\/www.padreydecano.com\/cms\/noticias\/diego-alvarez-esta-lindo-debutar-en-otra-ciudad\/#article\",\"isPartOf\":{\"@id\":\"https:\/\/www.padreydecano.com\/cms\/noticias\/diego-alvarez-esta-lindo-debutar-en-otra-ciudad\/\"},\"author\":{\"name\":\"Redactores Padre y Decano\",\"@id\":\"https:\/\/www.padreydecano.com\/cms\/#\/schema\/person\/37aae8f93aa78e4c5385497f056e3246\"},\"headline\":\"Diego \u00c1lvarez \u00abEst\u00e1 lindo debutar en otra ciudad\u00bb\",\"datePublished\":\"2019-06-05T19:17:54+00:00\",\"dateModified\":\"2019-06-05T20:01:01+00:00\",\"mainEntityOfPage\":{\"@id\":\"https:\/\/www.padreydecano.com\/cms\/noticias\/diego-alvarez-esta-lindo-debutar-en-otra-ciudad\/\"},\"wordCount\":271,\"commentCount\":3,\"publisher\":{\"@id\":\"https:\/\/www.padreydecano.com\/cms\/#organization\"},\"image\":{\"@id\":\"https:\/\/www.padreydecano.com\/cms\/noticias\/diego-alvarez-esta-lindo-debutar-en-otra-ciudad\/#primaryimage\"},\"thumbnailUrl\":\"https:\/\/www.padreydecano.com\/cms\/wp-content\/uploads\/2019\/06\/ef653e38-09ae-497b-afe2-449307ab605e.jpg\",\"keywords\":[\"Basket Pe\u00f1arol\",\"Metro 2019\"],\"articleSection\":[\"Basket\",\"Noticias\"],\"inLanguage\":\"es\",\"potentialAction\":[{\"@type\":\"CommentAction\",\"name\":\"Comment\",\"target\":[\"https:\/\/www.padreydecano.com\/cms\/noticias\/diego-alvarez-esta-lindo-debutar-en-otra-ciudad\/#respond\"]}]},{\"@type\":\"WebPage\",\"@id\":\"https:\/\/www.padreydecano.com\/cms\/noticias\/diego-alvarez-esta-lindo-debutar-en-otra-ciudad\/\",\"url\":\"https:\/\/www.padreydecano.com\/cms\/noticias\/diego-alvarez-esta-lindo-debutar-en-otra-ciudad\/\",\"name\":\"Diego \u00c1lvarez \\\"Est\u00e1 lindo debutar en otra ciudad\\\" - Padre y Decano - El Sitio del Pueblo\",\"isPartOf\":{\"@id\":\"https:\/\/www.padreydecano.com\/cms\/#website\"},\"primaryImageOfPage\":{\"@id\":\"https:\/\/www.padreydecano.com\/cms\/noticias\/diego-alvarez-esta-lindo-debutar-en-otra-ciudad\/#primaryimage\"},\"image\":{\"@id\":\"https:\/\/www.padreydecano.com\/cms\/noticias\/diego-alvarez-esta-lindo-debutar-en-otra-ciudad\/#primaryimage\"},\"thumbnailUrl\":\"https:\/\/www.padreydecano.com\/cms\/wp-content\/uploads\/2019\/06\/ef653e38-09ae-497b-afe2-449307ab605e.jpg\",\"datePublished\":\"2019-06-05T19:17:54+00:00\",\"dateModified\":\"2019-06-05T20:01:01+00:00\",\"breadcrumb\":{\"@id\":\"https:\/\/www.padreydecano.com\/cms\/noticias\/diego-alvarez-esta-lindo-debutar-en-otra-ciudad\/#breadcrumb\"},\"inLanguage\":\"es\",\"potentialAction\":[{\"@type\":\"ReadAction\",\"target\":[\"https:\/\/www.padreydecano.com\/cms\/noticias\/diego-alvarez-esta-lindo-debutar-en-otra-ciudad\/\"]}]},{\"@type\":\"ImageObject\",\"inLanguage\":\"es\",\"@id\":\"https:\/\/www.padreydecano.com\/cms\/noticias\/diego-alvarez-esta-lindo-debutar-en-otra-ciudad\/#primaryimage\",\"url\":\"https:\/\/www.padreydecano.com\/cms\/wp-content\/uploads\/2019\/06\/ef653e38-09ae-497b-afe2-449307ab605e.jpg\",\"contentUrl\":\"https:\/\/www.padreydecano.com\/cms\/wp-content\/uploads\/2019\/06\/ef653e38-09ae-497b-afe2-449307ab605e.jpg\",\"width\":1600,\"height\":1067},{\"@type\":\"BreadcrumbList\",\"@id\":\"https:\/\/www.padreydecano.com\/cms\/noticias\/diego-alvarez-esta-lindo-debutar-en-otra-ciudad\/#breadcrumb\",\"itemListElement\":[{\"@type\":\"ListItem\",\"position\":1,\"name\":\"Portada\",\"item\":\"https:\/\/www.padreydecano.com\/cms\/\"},{\"@type\":\"ListItem\",\"position\":2,\"name\":\"Diego \u00c1lvarez \u00abEst\u00e1 lindo debutar en otra ciudad\u00bb\"}]},{\"@type\":\"WebSite\",\"@id\":\"https:\/\/www.padreydecano.com\/cms\/#website\",\"url\":\"https:\/\/www.padreydecano.com\/cms\/\",\"name\":\"Padre y Decano - El Sitio del Pueblo\",\"description\":\"Club Atl\u00e9tico Pe\u00f1arol\",\"publisher\":{\"@id\":\"https:\/\/www.padreydecano.com\/cms\/#organization\"},\"potentialAction\":[{\"@type\":\"SearchAction\",\"target\":{\"@type\":\"EntryPoint\",\"urlTemplate\":\"https:\/\/www.padreydecano.com\/cms\/?s={search_term_string}\"},\"query-input\":\"required name=search_term_string\"}],\"inLanguage\":\"es\"},{\"@type\":\"Organization\",\"@id\":\"https:\/\/www.padreydecano.com\/cms\/#organization\",\"name\":\"Padre y Decano\",\"url\":\"https:\/\/www.padreydecano.com\/cms\/\",\"logo\":{\"@type\":\"ImageObject\",\"inLanguage\":\"es\",\"@id\":\"https:\/\/www.padreydecano.com\/cms\/#\/schema\/logo\/image\/\",\"url\":\"https:\/\/www.padreydecano.com\/cms\/wp-content\/uploads\/2022\/01\/avatar-square.png\",\"contentUrl\":\"https:\/\/www.padreydecano.com\/cms\/wp-content\/uploads\/2022\/01\/avatar-square.png\",\"width\":1500,\"height\":1500,\"caption\":\"Padre y Decano\"},\"image\":{\"@id\":\"https:\/\/www.padreydecano.com\/cms\/#\/schema\/logo\/image\/\"}},{\"@type\":\"Person\",\"@id\":\"https:\/\/www.padreydecano.com\/cms\/#\/schema\/person\/37aae8f93aa78e4c5385497f056e3246\",\"name\":\"Redactores Padre y Decano\",\"image\":{\"@type\":\"ImageObject\",\"inLanguage\":\"es\",\"@id\":\"https:\/\/www.padreydecano.com\/cms\/#\/schema\/person\/image\/\",\"url\":\"https:\/\/secure.gravatar.com\/avatar\/8810c4b9081192b118b104af54549af8?s=96&d=https%3A%2F%2Fpadreydecano.com%2Fcms%2Fwp-content%2Fthemes%2Fpyd-theme%2Fimg%2Fdefault-avatar.png&r=g\",\"contentUrl\":\"https:\/\/secure.gravatar.com\/avatar\/8810c4b9081192b118b104af54549af8?s=96&d=https%3A%2F%2Fpadreydecano.com%2Fcms%2Fwp-content%2Fthemes%2Fpyd-theme%2Fimg%2Fdefault-avatar.png&r=g\",\"caption\":\"Redactores Padre y Decano\"},\"sameAs\":[\"http:\/\/www.padreydecano.com\"]}]}<\/script>\n<!-- \/ Yoast SEO plugin. -->","yoast_head_json":{"title":"Diego \u00c1lvarez \"Est\u00e1 lindo debutar en otra ciudad\" - Padre y Decano - El Sitio del Pueblo","robots":{"index":"index","follow":"follow","max-snippet":"max-snippet:-1","max-image-preview":"max-image-preview:large","max-video-preview":"max-video-preview:-1"},"canonical":"https:\/\/www.padreydecano.com\/cms\/noticias\/diego-alvarez-esta-lindo-debutar-en-otra-ciudad\/","og_locale":"es_ES","og_type":"article","og_title":"Diego \u00c1lvarez \"Est\u00e1 lindo debutar en otra ciudad\" - Padre y Decano - El Sitio del Pueblo","og_description":"Luego del juego de presentaci\u00f3n frente a Tabar\u00e9 conversamos con Diego \u00c1lvarez, un referente del plantel que ya piensa en el comienzo del Metro.\u00a0 Amistoso:\u00a0\u00abReci\u00e9n estamos saliendo de la pre-temporada, que fue muy dura. Este fue el primer amistoso oficial con nuestra hinchada. Si bien muchos ya est\u00e1bamos el a\u00f1o pasado, est\u00e1bamos ansiosos de reencontrarnos [&hellip;]","og_url":"https:\/\/www.padreydecano.com\/cms\/noticias\/diego-alvarez-esta-lindo-debutar-en-otra-ciudad\/","og_site_name":"Padre y Decano - El Sitio del Pueblo","article_published_time":"2019-06-05T19:17:54+00:00","article_modified_time":"2019-06-05T20:01:01+00:00","og_image":[{"width":1600,"height":1067,"url":"https:\/\/www.padreydecano.com\/cms\/wp-content\/uploads\/2019\/06\/ef653e38-09ae-497b-afe2-449307ab605e.jpg","type":"image\/jpeg"}],"author":"Redactores Padre y Decano","twitter_card":"summary_large_image","twitter_misc":{"Escrito por":"Redactores Padre y Decano","Tiempo de lectura":"1 minuto"},"schema":{"@context":"https:\/\/schema.org","@graph":[{"@type":"Article","@id":"https:\/\/www.padreydecano.com\/cms\/noticias\/diego-alvarez-esta-lindo-debutar-en-otra-ciudad\/#article","isPartOf":{"@id":"https:\/\/www.padreydecano.com\/cms\/noticias\/diego-alvarez-esta-lindo-debutar-en-otra-ciudad\/"},"author":{"name":"Redactores Padre y Decano","@id":"https:\/\/www.padreydecano.com\/cms\/#\/schema\/person\/37aae8f93aa78e4c5385497f056e3246"},"headline":"Diego \u00c1lvarez \u00abEst\u00e1 lindo debutar en otra ciudad\u00bb","datePublished":"2019-06-05T19:17:54+00:00","dateModified":"2019-06-05T20:01:01+00:00","mainEntityOfPage":{"@id":"https:\/\/www.padreydecano.com\/cms\/noticias\/diego-alvarez-esta-lindo-debutar-en-otra-ciudad\/"},"wordCount":271,"commentCount":3,"publisher":{"@id":"https:\/\/www.padreydecano.com\/cms\/#organization"},"image":{"@id":"https:\/\/www.padreydecano.com\/cms\/noticias\/diego-alvarez-esta-lindo-debutar-en-otra-ciudad\/#primaryimage"},"thumbnailUrl":"https:\/\/www.padreydecano.com\/cms\/wp-content\/uploads\/2019\/06\/ef653e38-09ae-497b-afe2-449307ab605e.jpg","keywords":["Basket Pe\u00f1arol","Metro 2019"],"articleSection":["Basket","Noticias"],"inLanguage":"es","potentialAction":[{"@type":"CommentAction","name":"Comment","target":["https:\/\/www.padreydecano.com\/cms\/noticias\/diego-alvarez-esta-lindo-debutar-en-otra-ciudad\/#respond"]}]},{"@type":"WebPage","@id":"https:\/\/www.padreydecano.com\/cms\/noticias\/diego-alvarez-esta-lindo-debutar-en-otra-ciudad\/","url":"https:\/\/www.padreydecano.com\/cms\/noticias\/diego-alvarez-esta-lindo-debutar-en-otra-ciudad\/","name":"Diego \u00c1lvarez \"Est\u00e1 lindo debutar en otra ciudad\" - Padre y Decano - El Sitio del Pueblo","isPartOf":{"@id":"https:\/\/www.padreydecano.com\/cms\/#website"},"primaryImageOfPage":{"@id":"https:\/\/www.padreydecano.com\/cms\/noticias\/diego-alvarez-esta-lindo-debutar-en-otra-ciudad\/#primaryimage"},"image":{"@id":"https:\/\/www.padreydecano.com\/cms\/noticias\/diego-alvarez-esta-lindo-debutar-en-otra-ciudad\/#primaryimage"},"thumbnailUrl":"https:\/\/www.padreydecano.com\/cms\/wp-content\/uploads\/2019\/06\/ef653e38-09ae-497b-afe2-449307ab605e.jpg","datePublished":"2019-06-05T19:17:54+00:00","dateModified":"2019-06-05T20:01:01+00:00","breadcrumb":{"@id":"https:\/\/www.padreydecano.com\/cms\/noticias\/diego-alvarez-esta-lindo-debutar-en-otra-ciudad\/#breadcrumb"},"inLanguage":"es","potentialAction":[{"@type":"ReadAction","target":["https:\/\/www.padreydecano.com\/cms\/noticias\/diego-alvarez-esta-lindo-debutar-en-otra-ciudad\/"]}]},{"@type":"ImageObject","inLanguage":"es","@id":"https:\/\/www.padreydecano.com\/cms\/noticias\/diego-alvarez-esta-lindo-debutar-en-otra-ciudad\/#primaryimage","url":"https:\/\/www.padreydecano.com\/cms\/wp-content\/uploads\/2019\/06\/ef653e38-09ae-497b-afe2-449307ab605e.jpg","contentUrl":"https:\/\/www.padreydecano.com\/cms\/wp-content\/uploads\/2019\/06\/ef653e38-09ae-497b-afe2-449307ab605e.jpg","width":1600,"height":1067},{"@type":"BreadcrumbList","@id":"https:\/\/www.padreydecano.com\/cms\/noticias\/diego-alvarez-esta-lindo-debutar-en-otra-ciudad\/#breadcrumb","itemListElement":[{"@type":"ListItem","position":1,"name":"Portada","item":"https:\/\/www.padreydecano.com\/cms\/"},{"@type":"ListItem","position":2,"name":"Diego \u00c1lvarez \u00abEst\u00e1 lindo debutar en otra ciudad\u00bb"}]},{"@type":"WebSite","@id":"https:\/\/www.padreydecano.com\/cms\/#website","url":"https:\/\/www.padreydecano.com\/cms\/","name":"Padre y Decano - El Sitio del Pueblo","description":"Club Atl\u00e9tico Pe\u00f1arol","publisher":{"@id":"https:\/\/www.padreydecano.com\/cms\/#organization"},"potentialAction":[{"@type":"SearchAction","target":{"@type":"EntryPoint","urlTemplate":"https:\/\/www.padreydecano.com\/cms\/?s={search_term_string}"},"query-input":"required name=search_term_string"}],"inLanguage":"es"},{"@type":"Organization","@id":"https:\/\/www.padreydecano.com\/cms\/#organization","name":"Padre y Decano","url":"https:\/\/www.padreydecano.com\/cms\/","logo":{"@type":"ImageObject","inLanguage":"es","@id":"https:\/\/www.padreydecano.com\/cms\/#\/schema\/logo\/image\/","url":"https:\/\/www.padreydecano.com\/cms\/wp-content\/uploads\/2022\/01\/avatar-square.png","contentUrl":"https:\/\/www.padreydecano.com\/cms\/wp-content\/uploads\/2022\/01\/avatar-square.png","width":1500,"height":1500,"caption":"Padre y Decano"},"image":{"@id":"https:\/\/www.padreydecano.com\/cms\/#\/schema\/logo\/image\/"}},{"@type":"Person","@id":"https:\/\/www.padreydecano.com\/cms\/#\/schema\/person\/37aae8f93aa78e4c5385497f056e3246","name":"Redactores Padre y Decano","image":{"@type":"ImageObject","inLanguage":"es","@id":"https:\/\/www.padreydecano.com\/cms\/#\/schema\/person\/image\/","url":"https:\/\/secure.gravatar.com\/avatar\/8810c4b9081192b118b104af54549af8?s=96&d=https%3A%2F%2Fpadreydecano.com%2Fcms%2Fwp-content%2Fthemes%2Fpyd-theme%2Fimg%2Fdefault-avatar.png&r=g","contentUrl":"https:\/\/secure.gravatar.com\/avatar\/8810c4b9081192b118b104af54549af8?s=96&d=https%3A%2F%2Fpadreydecano.com%2Fcms%2Fwp-content%2Fthemes%2Fpyd-theme%2Fimg%2Fdefault-avatar.png&r=g","caption":"Redactores Padre y Decano"},"sameAs":["http:\/\/www.padreydecano.com"]}]}},"_links":{"self":[{"href":"https:\/\/www.padreydecano.com\/cms\/wp-json\/wp\/v2\/posts\/70880"}],"collection":[{"href":"https:\/\/www.padreydecano.com\/cms\/wp-json\/wp\/v2\/posts"}],"about":[{"href":"https:\/\/www.padreydecano.com\/cms\/wp-json\/wp\/v2\/types\/post"}],"author":[{"embeddable":true,"href":"https:\/\/www.padreydecano.com\/cms\/wp-json\/wp\/v2\/users\/27"}],"replies":[{"embeddable":true,"href":"https:\/\/www.padreydecano.com\/cms\/wp-json\/wp\/v2\/comments?post=70880"}],"version-history":[{"count":0,"href":"https:\/\/www.padreydecano.com\/cms\/wp-json\/wp\/v2\/posts\/70880\/revisions"}],"wp:featuredmedia":[{"embeddable":true,"href":"https:\/\/www.padreydecano.com\/cms\/wp-json\/wp\/v2\/media\/70881"}],"wp:attachment":[{"href":"https:\/\/www.padreydecano.com\/cms\/wp-json\/wp\/v2\/media?parent=70880"}],"wp:term":[{"taxonomy":"category","embeddable":true,"href":"https:\/\/www.padreydecano.com\/cms\/wp-json\/wp\/v2\/categories?post=70880"},{"taxonomy":"post_tag","embeddable":true,"href":"https:\/\/www.padreydecano.com\/cms\/wp-json\/wp\/v2\/tags?post=70880"}],"curies":[{"name":"wp","href":"https:\/\/api.w.org\/{rel}","templated":true}]}}