{"id":70836,"date":"2019-05-30T09:00:00","date_gmt":"2019-05-30T12:00:00","guid":{"rendered":"http:\/\/www.padreydecano.com\/cms\/?p=70836"},"modified":"2019-05-30T09:00:00","modified_gmt":"2019-05-30T12:00:00","slug":"cristian-lema-me-quiero-quedar-en-penarol","status":"publish","type":"post","link":"https:\/\/www.padreydecano.com\/cms\/noticias\/cristian-lema-me-quiero-quedar-en-penarol\/","title":{"rendered":"Cristian Lema: \u00abMe quiero quedar en Pe\u00f1arol\u00bb"},"content":{"rendered":"<p style=\"text-align: justify;\"><a href=\"https:\/\/www.padreydecano.com\/cms\/wp-content\/uploads\/2019\/05\/IFA_0781_resized_20190530_085233337-2.jpg\" rel=\"shadowbox[sbpost-70836];player=img;\"><img loading=\"lazy\" decoding=\"async\" class=\"size-full wp-image-70839\" src=\"https:\/\/www.padreydecano.com\/cms\/wp-content\/uploads\/2019\/05\/IFA_0781_resized_20190530_085233337-2.jpg\" alt=\"\" width=\"776\" height=\"518\" srcset=\"https:\/\/www.padreydecano.com\/cms\/wp-content\/uploads\/2019\/05\/IFA_0781_resized_20190530_085233337-2.jpg 776w, https:\/\/www.padreydecano.com\/cms\/wp-content\/uploads\/2019\/05\/IFA_0781_resized_20190530_085233337-2-600x401.jpg 600w, https:\/\/www.padreydecano.com\/cms\/wp-content\/uploads\/2019\/05\/IFA_0781_resized_20190530_085233337-2-768x513.jpg 768w\" sizes=\"(max-width: 776px) 100vw, 776px\" \/><\/a><\/p>\n<p style=\"text-align: justify;\"><strong>Cristian Lema habl\u00f3 luego del partido en que Pe\u00f1arol venci\u00f3 2 a 0 aDeportivo Cali, y clasific\u00f3 a la siguiente fase de la Copa Sudamericana. El jugador manifest\u00f3 que quiere seguir en el conjunto que orienta Diego L\u00f3pez, pero que su situaci\u00f3n contractual es complicada.<\/strong><\/p>\n<p style=\"text-align: justify;\"><span style=\"color: #ffcc00;\"><strong>Pendientes internacionales<\/strong><\/span><\/p>\n<p style=\"text-align: justify;\">\u201cS\u00ed, por ah\u00ed era una deuda, pero creo que la Copa Libertadores se jug\u00f3 bien. Quedar as\u00ed afuera pareci\u00f3 injusto, pero bueno el f\u00fatbol es as\u00ed y creo que pasar de fase era importante para nosotros, para la gente. En el Apertura salimos campeones varias fechas antes pero sabemos que tenemos que terminar el fin de semana con un triunfo por la Tabla Anual\u201d.<\/p>\n<p style=\"text-align: justify;\"><span style=\"color: #ffcc00;\"><strong>Identificado con la hinchada<\/strong><\/span><\/p>\n<p style=\"text-align: justify;\">\u201cPrimero agradecerle a toda la gente por el cari\u00f1o desde que llegu\u00e9 al club. A uno eso lo llena ya que son muchas cosas por las que se hacen sacrificios y cuando se lo reconoce as\u00ed, es algo bueno\u201d.<\/p>\n<p style=\"text-align: justify;\"><span style=\"color: #ffcc00;\"><strong>Los clubes deben ponerse de acuerdo<\/strong><\/span><\/p>\n<p style=\"text-align: justify;\">\u201cNo tengo idea de mi futuro porque no depende de una decisi\u00f3n m\u00eda, sino de lo que se pueda arreglar con el club (Benfica), que tiene mi pase. As\u00ed que bueno, a ver a qu\u00e9 acuerdo puede llegar Pe\u00f1arol con ellos (los portugueses), y ver qu\u00e9 ser\u00eda lo mejor para todos. Despu\u00e9s es dif\u00edcil, uno por ah\u00ed queda en el medio; me sent\u00ed muy c\u00f3modo ac\u00e1. Trate de jugar todos los partidos como si fueran el \u00faltimo, porque no se qu\u00e9 va a pasar. Trato de brindarme al club y a mis compa\u00f1eros\u201d.<\/p>\n<p style=\"text-align: justify;\"><span style=\"color: #ffcc00;\"><strong>\u00bfSe quiere quedar?<\/strong><\/span><\/p>\n<p style=\"text-align: justify;\">\u201cSi fuese mi decisi\u00f3n seguramente s\u00ed. Yo desde un primer momento, cu\u00e1ndo me lleg\u00f3 el contacto del club, vi el tiempo de contrato y me parec\u00eda muy poco porque uno se tiene que adaptar. Yo ven\u00eda sin f\u00fatbol y sab\u00eda que me iban a costar los primeros partidos. Despu\u00e9s pude mejorar pero los seis meses no fueron una decisi\u00f3n m\u00eda, fue un acuerdo entre ellos. Ahora tratar de esperar y estar tranquilo, quiero ver a mi familia\u201d.<\/p>\n<p style=\"text-align: justify;\"><span style=\"color: #ffcc00;\"><strong>Nacido para jugar en Pe\u00f1aro<\/strong>l<\/span><\/p>\n<p style=\"text-align: justify;\">\u201cPuede ser s\u00ed, me lo han dicho. En todos los clubes por los que pas\u00e9 me pas\u00f3 lo mismo. Trato de entrar a la cancha y jugar cada pelota como si fuera la \u00faltima. No s\u00e9 qu\u00e9 va a pasar, estoy como todos, esperando\u201d.<\/p>\n<p style=\"text-align: justify;\"><span style=\"color: #ffcc00;\"><strong>Benfica contrata muchos jugadores<\/strong><\/span><\/p>\n<p style=\"text-align: justify;\">\u201cEs un club con muchas llegadas de jugadores y mi representante ver\u00e1 si me tienen negociado. No s\u00e9 porque no tengo relaci\u00f3n, lo \u00fanico que hable es de que no quer\u00eda volver. A esperar\u00bb.<\/p>\n<p style=\"text-align: justify;\">\n<p style=\"text-align: right;\"><div class=\"user-wrapper\"><a class=\"userlink\" href=\"https:\/\/twitter.com\/wilsonmendez86\" target=\"_blank\"><figure><img decoding=\"async\" src=\"http:\/\/www.padreydecano.com\/cms\/wp-users-files\/postfirmas\/wilsonmendez86.jpg\" \/><\/figure><p class=\"user\"><strong>Wilson M&eacute;ndez<\/strong><br \/>@wilsonmendez86<\/p><\/a><\/div><\/p>\n","protected":false},"excerpt":{"rendered":"<p>Cristian Lema habl\u00f3 luego del partido en que Pe\u00f1arol venci\u00f3 2 a 0 aDeportivo Cali, y clasific\u00f3 a la siguiente fase de la Copa Sudamericana. El jugador manifest\u00f3 que quiere seguir en el conjunto que orienta Diego L\u00f3pez, pero que su situaci\u00f3n contractual es complicada. Pendientes internacionales \u201cS\u00ed, por ah\u00ed era una deuda, pero creo [&hellip;]<\/p>\n","protected":false},"author":27,"featured_media":70839,"comment_status":"open","ping_status":"closed","sticky":false,"template":"","format":"standard","meta":{"footnotes":""},"categories":[1],"tags":[439],"yoast_head":"<!-- This site is optimized with the Yoast SEO plugin v23.2 - https:\/\/yoast.com\/wordpress\/plugins\/seo\/ -->\n<title>Cristian Lema: &quot;Me quiero quedar en Pe\u00f1arol&quot; - Padre y Decano - El Sitio del Pueblo<\/title>\n<meta name=\"robots\" content=\"index, follow, max-snippet:-1, max-image-preview:large, max-video-preview:-1\" \/>\n<link rel=\"canonical\" href=\"https:\/\/www.padreydecano.com\/cms\/noticias\/cristian-lema-me-quiero-quedar-en-penarol\/\" \/>\n<meta property=\"og:locale\" content=\"es_ES\" \/>\n<meta property=\"og:type\" content=\"article\" \/>\n<meta property=\"og:title\" content=\"Cristian Lema: &quot;Me quiero quedar en Pe\u00f1arol&quot; - Padre y Decano - El Sitio del Pueblo\" \/>\n<meta property=\"og:description\" content=\"Cristian Lema habl\u00f3 luego del partido en que Pe\u00f1arol venci\u00f3 2 a 0 aDeportivo Cali, y clasific\u00f3 a la siguiente fase de la Copa Sudamericana. El jugador manifest\u00f3 que quiere seguir en el conjunto que orienta Diego L\u00f3pez, pero que su situaci\u00f3n contractual es complicada. Pendientes internacionales \u201cS\u00ed, por ah\u00ed era una deuda, pero creo [&hellip;]\" \/>\n<meta property=\"og:url\" content=\"https:\/\/www.padreydecano.com\/cms\/noticias\/cristian-lema-me-quiero-quedar-en-penarol\/\" \/>\n<meta property=\"og:site_name\" content=\"Padre y Decano - El Sitio del Pueblo\" \/>\n<meta property=\"article:published_time\" content=\"2019-05-30T12:00:00+00:00\" \/>\n<meta property=\"og:image\" content=\"https:\/\/www.padreydecano.com\/cms\/wp-content\/uploads\/2019\/05\/IFA_0781_resized_20190530_085233337-2.jpg\" \/>\n\t<meta property=\"og:image:width\" content=\"776\" \/>\n\t<meta property=\"og:image:height\" content=\"518\" \/>\n\t<meta property=\"og:image:type\" content=\"image\/jpeg\" \/>\n<meta name=\"author\" content=\"Redactores Padre y Decano\" \/>\n<meta name=\"twitter:card\" content=\"summary_large_image\" \/>\n<meta name=\"twitter:label1\" content=\"Escrito por\" \/>\n\t<meta name=\"twitter:data1\" content=\"Redactores Padre y Decano\" \/>\n\t<meta name=\"twitter:label2\" content=\"Tiempo de lectura\" \/>\n\t<meta name=\"twitter:data2\" content=\"2 minutos\" \/>\n<script type=\"application\/ld+json\" class=\"yoast-schema-graph\">{\"@context\":\"https:\/\/schema.org\",\"@graph\":[{\"@type\":\"Article\",\"@id\":\"https:\/\/www.padreydecano.com\/cms\/noticias\/cristian-lema-me-quiero-quedar-en-penarol\/#article\",\"isPartOf\":{\"@id\":\"https:\/\/www.padreydecano.com\/cms\/noticias\/cristian-lema-me-quiero-quedar-en-penarol\/\"},\"author\":{\"name\":\"Redactores Padre y Decano\",\"@id\":\"https:\/\/www.padreydecano.com\/cms\/#\/schema\/person\/37aae8f93aa78e4c5385497f056e3246\"},\"headline\":\"Cristian Lema: \u00abMe quiero quedar en Pe\u00f1arol\u00bb\",\"datePublished\":\"2019-05-30T12:00:00+00:00\",\"dateModified\":\"2019-05-30T12:00:00+00:00\",\"mainEntityOfPage\":{\"@id\":\"https:\/\/www.padreydecano.com\/cms\/noticias\/cristian-lema-me-quiero-quedar-en-penarol\/\"},\"wordCount\":452,\"commentCount\":30,\"publisher\":{\"@id\":\"https:\/\/www.padreydecano.com\/cms\/#organization\"},\"image\":{\"@id\":\"https:\/\/www.padreydecano.com\/cms\/noticias\/cristian-lema-me-quiero-quedar-en-penarol\/#primaryimage\"},\"thumbnailUrl\":\"https:\/\/www.padreydecano.com\/cms\/wp-content\/uploads\/2019\/05\/IFA_0781_resized_20190530_085233337-2.jpg\",\"keywords\":[\"Copa Sudamericana 2019\"],\"articleSection\":[\"Noticias\"],\"inLanguage\":\"es\",\"potentialAction\":[{\"@type\":\"CommentAction\",\"name\":\"Comment\",\"target\":[\"https:\/\/www.padreydecano.com\/cms\/noticias\/cristian-lema-me-quiero-quedar-en-penarol\/#respond\"]}]},{\"@type\":\"WebPage\",\"@id\":\"https:\/\/www.padreydecano.com\/cms\/noticias\/cristian-lema-me-quiero-quedar-en-penarol\/\",\"url\":\"https:\/\/www.padreydecano.com\/cms\/noticias\/cristian-lema-me-quiero-quedar-en-penarol\/\",\"name\":\"Cristian Lema: \\\"Me quiero quedar en Pe\u00f1arol\\\" - Padre y Decano - El Sitio del Pueblo\",\"isPartOf\":{\"@id\":\"https:\/\/www.padreydecano.com\/cms\/#website\"},\"primaryImageOfPage\":{\"@id\":\"https:\/\/www.padreydecano.com\/cms\/noticias\/cristian-lema-me-quiero-quedar-en-penarol\/#primaryimage\"},\"image\":{\"@id\":\"https:\/\/www.padreydecano.com\/cms\/noticias\/cristian-lema-me-quiero-quedar-en-penarol\/#primaryimage\"},\"thumbnailUrl\":\"https:\/\/www.padreydecano.com\/cms\/wp-content\/uploads\/2019\/05\/IFA_0781_resized_20190530_085233337-2.jpg\",\"datePublished\":\"2019-05-30T12:00:00+00:00\",\"dateModified\":\"2019-05-30T12:00:00+00:00\",\"breadcrumb\":{\"@id\":\"https:\/\/www.padreydecano.com\/cms\/noticias\/cristian-lema-me-quiero-quedar-en-penarol\/#breadcrumb\"},\"inLanguage\":\"es\",\"potentialAction\":[{\"@type\":\"ReadAction\",\"target\":[\"https:\/\/www.padreydecano.com\/cms\/noticias\/cristian-lema-me-quiero-quedar-en-penarol\/\"]}]},{\"@type\":\"ImageObject\",\"inLanguage\":\"es\",\"@id\":\"https:\/\/www.padreydecano.com\/cms\/noticias\/cristian-lema-me-quiero-quedar-en-penarol\/#primaryimage\",\"url\":\"https:\/\/www.padreydecano.com\/cms\/wp-content\/uploads\/2019\/05\/IFA_0781_resized_20190530_085233337-2.jpg\",\"contentUrl\":\"https:\/\/www.padreydecano.com\/cms\/wp-content\/uploads\/2019\/05\/IFA_0781_resized_20190530_085233337-2.jpg\",\"width\":776,\"height\":518},{\"@type\":\"BreadcrumbList\",\"@id\":\"https:\/\/www.padreydecano.com\/cms\/noticias\/cristian-lema-me-quiero-quedar-en-penarol\/#breadcrumb\",\"itemListElement\":[{\"@type\":\"ListItem\",\"position\":1,\"name\":\"Portada\",\"item\":\"https:\/\/www.padreydecano.com\/cms\/\"},{\"@type\":\"ListItem\",\"position\":2,\"name\":\"Cristian Lema: \u00abMe quiero quedar en Pe\u00f1arol\u00bb\"}]},{\"@type\":\"WebSite\",\"@id\":\"https:\/\/www.padreydecano.com\/cms\/#website\",\"url\":\"https:\/\/www.padreydecano.com\/cms\/\",\"name\":\"Padre y Decano - El Sitio del Pueblo\",\"description\":\"Club Atl\u00e9tico Pe\u00f1arol\",\"publisher\":{\"@id\":\"https:\/\/www.padreydecano.com\/cms\/#organization\"},\"potentialAction\":[{\"@type\":\"SearchAction\",\"target\":{\"@type\":\"EntryPoint\",\"urlTemplate\":\"https:\/\/www.padreydecano.com\/cms\/?s={search_term_string}\"},\"query-input\":\"required name=search_term_string\"}],\"inLanguage\":\"es\"},{\"@type\":\"Organization\",\"@id\":\"https:\/\/www.padreydecano.com\/cms\/#organization\",\"name\":\"Padre y Decano\",\"url\":\"https:\/\/www.padreydecano.com\/cms\/\",\"logo\":{\"@type\":\"ImageObject\",\"inLanguage\":\"es\",\"@id\":\"https:\/\/www.padreydecano.com\/cms\/#\/schema\/logo\/image\/\",\"url\":\"https:\/\/www.padreydecano.com\/cms\/wp-content\/uploads\/2022\/01\/avatar-square.png\",\"contentUrl\":\"https:\/\/www.padreydecano.com\/cms\/wp-content\/uploads\/2022\/01\/avatar-square.png\",\"width\":1500,\"height\":1500,\"caption\":\"Padre y Decano\"},\"image\":{\"@id\":\"https:\/\/www.padreydecano.com\/cms\/#\/schema\/logo\/image\/\"}},{\"@type\":\"Person\",\"@id\":\"https:\/\/www.padreydecano.com\/cms\/#\/schema\/person\/37aae8f93aa78e4c5385497f056e3246\",\"name\":\"Redactores Padre y Decano\",\"image\":{\"@type\":\"ImageObject\",\"inLanguage\":\"es\",\"@id\":\"https:\/\/www.padreydecano.com\/cms\/#\/schema\/person\/image\/\",\"url\":\"https:\/\/secure.gravatar.com\/avatar\/8810c4b9081192b118b104af54549af8?s=96&d=https%3A%2F%2Fpadreydecano.com%2Fcms%2Fwp-content%2Fthemes%2Fpyd-theme%2Fimg%2Fdefault-avatar.png&r=g\",\"contentUrl\":\"https:\/\/secure.gravatar.com\/avatar\/8810c4b9081192b118b104af54549af8?s=96&d=https%3A%2F%2Fpadreydecano.com%2Fcms%2Fwp-content%2Fthemes%2Fpyd-theme%2Fimg%2Fdefault-avatar.png&r=g\",\"caption\":\"Redactores Padre y Decano\"},\"sameAs\":[\"http:\/\/www.padreydecano.com\"]}]}<\/script>\n<!-- \/ Yoast SEO plugin. -->","yoast_head_json":{"title":"Cristian Lema: \"Me quiero quedar en Pe\u00f1arol\" - Padre y Decano - El Sitio del Pueblo","robots":{"index":"index","follow":"follow","max-snippet":"max-snippet:-1","max-image-preview":"max-image-preview:large","max-video-preview":"max-video-preview:-1"},"canonical":"https:\/\/www.padreydecano.com\/cms\/noticias\/cristian-lema-me-quiero-quedar-en-penarol\/","og_locale":"es_ES","og_type":"article","og_title":"Cristian Lema: \"Me quiero quedar en Pe\u00f1arol\" - Padre y Decano - El Sitio del Pueblo","og_description":"Cristian Lema habl\u00f3 luego del partido en que Pe\u00f1arol venci\u00f3 2 a 0 aDeportivo Cali, y clasific\u00f3 a la siguiente fase de la Copa Sudamericana. El jugador manifest\u00f3 que quiere seguir en el conjunto que orienta Diego L\u00f3pez, pero que su situaci\u00f3n contractual es complicada. Pendientes internacionales \u201cS\u00ed, por ah\u00ed era una deuda, pero creo [&hellip;]","og_url":"https:\/\/www.padreydecano.com\/cms\/noticias\/cristian-lema-me-quiero-quedar-en-penarol\/","og_site_name":"Padre y Decano - El Sitio del Pueblo","article_published_time":"2019-05-30T12:00:00+00:00","og_image":[{"width":776,"height":518,"url":"https:\/\/www.padreydecano.com\/cms\/wp-content\/uploads\/2019\/05\/IFA_0781_resized_20190530_085233337-2.jpg","type":"image\/jpeg"}],"author":"Redactores Padre y Decano","twitter_card":"summary_large_image","twitter_misc":{"Escrito por":"Redactores Padre y Decano","Tiempo de lectura":"2 minutos"},"schema":{"@context":"https:\/\/schema.org","@graph":[{"@type":"Article","@id":"https:\/\/www.padreydecano.com\/cms\/noticias\/cristian-lema-me-quiero-quedar-en-penarol\/#article","isPartOf":{"@id":"https:\/\/www.padreydecano.com\/cms\/noticias\/cristian-lema-me-quiero-quedar-en-penarol\/"},"author":{"name":"Redactores Padre y Decano","@id":"https:\/\/www.padreydecano.com\/cms\/#\/schema\/person\/37aae8f93aa78e4c5385497f056e3246"},"headline":"Cristian Lema: \u00abMe quiero quedar en Pe\u00f1arol\u00bb","datePublished":"2019-05-30T12:00:00+00:00","dateModified":"2019-05-30T12:00:00+00:00","mainEntityOfPage":{"@id":"https:\/\/www.padreydecano.com\/cms\/noticias\/cristian-lema-me-quiero-quedar-en-penarol\/"},"wordCount":452,"commentCount":30,"publisher":{"@id":"https:\/\/www.padreydecano.com\/cms\/#organization"},"image":{"@id":"https:\/\/www.padreydecano.com\/cms\/noticias\/cristian-lema-me-quiero-quedar-en-penarol\/#primaryimage"},"thumbnailUrl":"https:\/\/www.padreydecano.com\/cms\/wp-content\/uploads\/2019\/05\/IFA_0781_resized_20190530_085233337-2.jpg","keywords":["Copa Sudamericana 2019"],"articleSection":["Noticias"],"inLanguage":"es","potentialAction":[{"@type":"CommentAction","name":"Comment","target":["https:\/\/www.padreydecano.com\/cms\/noticias\/cristian-lema-me-quiero-quedar-en-penarol\/#respond"]}]},{"@type":"WebPage","@id":"https:\/\/www.padreydecano.com\/cms\/noticias\/cristian-lema-me-quiero-quedar-en-penarol\/","url":"https:\/\/www.padreydecano.com\/cms\/noticias\/cristian-lema-me-quiero-quedar-en-penarol\/","name":"Cristian Lema: \"Me quiero quedar en Pe\u00f1arol\" - Padre y Decano - El Sitio del Pueblo","isPartOf":{"@id":"https:\/\/www.padreydecano.com\/cms\/#website"},"primaryImageOfPage":{"@id":"https:\/\/www.padreydecano.com\/cms\/noticias\/cristian-lema-me-quiero-quedar-en-penarol\/#primaryimage"},"image":{"@id":"https:\/\/www.padreydecano.com\/cms\/noticias\/cristian-lema-me-quiero-quedar-en-penarol\/#primaryimage"},"thumbnailUrl":"https:\/\/www.padreydecano.com\/cms\/wp-content\/uploads\/2019\/05\/IFA_0781_resized_20190530_085233337-2.jpg","datePublished":"2019-05-30T12:00:00+00:00","dateModified":"2019-05-30T12:00:00+00:00","breadcrumb":{"@id":"https:\/\/www.padreydecano.com\/cms\/noticias\/cristian-lema-me-quiero-quedar-en-penarol\/#breadcrumb"},"inLanguage":"es","potentialAction":[{"@type":"ReadAction","target":["https:\/\/www.padreydecano.com\/cms\/noticias\/cristian-lema-me-quiero-quedar-en-penarol\/"]}]},{"@type":"ImageObject","inLanguage":"es","@id":"https:\/\/www.padreydecano.com\/cms\/noticias\/cristian-lema-me-quiero-quedar-en-penarol\/#primaryimage","url":"https:\/\/www.padreydecano.com\/cms\/wp-content\/uploads\/2019\/05\/IFA_0781_resized_20190530_085233337-2.jpg","contentUrl":"https:\/\/www.padreydecano.com\/cms\/wp-content\/uploads\/2019\/05\/IFA_0781_resized_20190530_085233337-2.jpg","width":776,"height":518},{"@type":"BreadcrumbList","@id":"https:\/\/www.padreydecano.com\/cms\/noticias\/cristian-lema-me-quiero-quedar-en-penarol\/#breadcrumb","itemListElement":[{"@type":"ListItem","position":1,"name":"Portada","item":"https:\/\/www.padreydecano.com\/cms\/"},{"@type":"ListItem","position":2,"name":"Cristian Lema: \u00abMe quiero quedar en Pe\u00f1arol\u00bb"}]},{"@type":"WebSite","@id":"https:\/\/www.padreydecano.com\/cms\/#website","url":"https:\/\/www.padreydecano.com\/cms\/","name":"Padre y Decano - El Sitio del Pueblo","description":"Club Atl\u00e9tico Pe\u00f1arol","publisher":{"@id":"https:\/\/www.padreydecano.com\/cms\/#organization"},"potentialAction":[{"@type":"SearchAction","target":{"@type":"EntryPoint","urlTemplate":"https:\/\/www.padreydecano.com\/cms\/?s={search_term_string}"},"query-input":"required name=search_term_string"}],"inLanguage":"es"},{"@type":"Organization","@id":"https:\/\/www.padreydecano.com\/cms\/#organization","name":"Padre y Decano","url":"https:\/\/www.padreydecano.com\/cms\/","logo":{"@type":"ImageObject","inLanguage":"es","@id":"https:\/\/www.padreydecano.com\/cms\/#\/schema\/logo\/image\/","url":"https:\/\/www.padreydecano.com\/cms\/wp-content\/uploads\/2022\/01\/avatar-square.png","contentUrl":"https:\/\/www.padreydecano.com\/cms\/wp-content\/uploads\/2022\/01\/avatar-square.png","width":1500,"height":1500,"caption":"Padre y Decano"},"image":{"@id":"https:\/\/www.padreydecano.com\/cms\/#\/schema\/logo\/image\/"}},{"@type":"Person","@id":"https:\/\/www.padreydecano.com\/cms\/#\/schema\/person\/37aae8f93aa78e4c5385497f056e3246","name":"Redactores Padre y Decano","image":{"@type":"ImageObject","inLanguage":"es","@id":"https:\/\/www.padreydecano.com\/cms\/#\/schema\/person\/image\/","url":"https:\/\/secure.gravatar.com\/avatar\/8810c4b9081192b118b104af54549af8?s=96&d=https%3A%2F%2Fpadreydecano.com%2Fcms%2Fwp-content%2Fthemes%2Fpyd-theme%2Fimg%2Fdefault-avatar.png&r=g","contentUrl":"https:\/\/secure.gravatar.com\/avatar\/8810c4b9081192b118b104af54549af8?s=96&d=https%3A%2F%2Fpadreydecano.com%2Fcms%2Fwp-content%2Fthemes%2Fpyd-theme%2Fimg%2Fdefault-avatar.png&r=g","caption":"Redactores Padre y Decano"},"sameAs":["http:\/\/www.padreydecano.com"]}]}},"_links":{"self":[{"href":"https:\/\/www.padreydecano.com\/cms\/wp-json\/wp\/v2\/posts\/70836"}],"collection":[{"href":"https:\/\/www.padreydecano.com\/cms\/wp-json\/wp\/v2\/posts"}],"about":[{"href":"https:\/\/www.padreydecano.com\/cms\/wp-json\/wp\/v2\/types\/post"}],"author":[{"embeddable":true,"href":"https:\/\/www.padreydecano.com\/cms\/wp-json\/wp\/v2\/users\/27"}],"replies":[{"embeddable":true,"href":"https:\/\/www.padreydecano.com\/cms\/wp-json\/wp\/v2\/comments?post=70836"}],"version-history":[{"count":0,"href":"https:\/\/www.padreydecano.com\/cms\/wp-json\/wp\/v2\/posts\/70836\/revisions"}],"wp:featuredmedia":[{"embeddable":true,"href":"https:\/\/www.padreydecano.com\/cms\/wp-json\/wp\/v2\/media\/70839"}],"wp:attachment":[{"href":"https:\/\/www.padreydecano.com\/cms\/wp-json\/wp\/v2\/media?parent=70836"}],"wp:term":[{"taxonomy":"category","embeddable":true,"href":"https:\/\/www.padreydecano.com\/cms\/wp-json\/wp\/v2\/categories?post=70836"},{"taxonomy":"post_tag","embeddable":true,"href":"https:\/\/www.padreydecano.com\/cms\/wp-json\/wp\/v2\/tags?post=70836"}],"curies":[{"name":"wp","href":"https:\/\/api.w.org\/{rel}","templated":true}]}}