{"id":70776,"date":"2019-05-25T18:24:24","date_gmt":"2019-05-25T21:24:24","guid":{"rendered":"http:\/\/www.padreydecano.com\/cms\/?p=70776"},"modified":"2019-05-29T22:04:37","modified_gmt":"2019-05-30T01:04:37","slug":"copa-sudamericana-2019-venta-de-entradas-vs-deportivo-cali","status":"publish","type":"post","link":"https:\/\/www.padreydecano.com\/cms\/partidos\/copa-sudamericana-2019-venta-de-entradas-vs-deportivo-cali\/","title":{"rendered":"Copa Sudamericana 2019: Venta de entradas vs Deportivo Cali"},"content":{"rendered":"<p style=\"text-align: justify;\"><img loading=\"lazy\" decoding=\"async\" class=\"aligncenter wp-image-67856 size-full\" src=\"https:\/\/www.padreydecano.com\/cms\/wp-content\/uploads\/2018\/08\/ventaparanaense.jpg\" alt=\"\" width=\"1920\" height=\"1080\" srcset=\"https:\/\/www.padreydecano.com\/cms\/wp-content\/uploads\/2018\/08\/ventaparanaense.jpg 1920w, https:\/\/www.padreydecano.com\/cms\/wp-content\/uploads\/2018\/08\/ventaparanaense-600x338.jpg 600w, https:\/\/www.padreydecano.com\/cms\/wp-content\/uploads\/2018\/08\/ventaparanaense-768x432.jpg 768w, https:\/\/www.padreydecano.com\/cms\/wp-content\/uploads\/2018\/08\/ventaparanaense-1024x576.jpg 1024w\" sizes=\"(max-width: 1920px) 100vw, 1920px\" \/><\/p>\n<p style=\"text-align: justify;\"><b>Pe\u00f1arol se trajo un empate de Colombia por Copa Sudamericana, que a priori no es un mal resultado, pero por como se dio el partido, dej\u00f3 un sabor amargo. Ahora toca la vuelta en el Estadio Campe\u00f3n del Siglo, este mi\u00e9rcoles 29 de mayo a las 19:15 horas. El pase a Octavos de Final est\u00e1 muy cerca y el equipo necesita de vos, \u00a1no faltes! #TodosJuntos.<\/b><\/p>\n<p style=\"text-align: justify;\"><span style=\"color: #ffcc02;\"><b>PRECIOS<\/b><\/span><\/p>\n<p style=\"text-align: justify;\"><span style=\"color: #ffcc02;\"><b>Tribuna Damiani<\/b><\/span><\/p>\n<ul style=\"text-align: justify;\">\n<li style=\"list-style-type: none;\">\n<ul>\n<li style=\"font-weight: 400;\"><span style=\"font-weight: 400;\">Socio pleno: $ 300<\/span><\/li>\n<li style=\"font-weight: 400;\"><span style=\"font-weight: 400;\">Socio bonificado: $ 650 <\/span><\/li>\n<li style=\"font-weight: 400;\"><span style=\"font-weight: 400;\">Socio Cadete: $ 150<\/span><\/li>\n<li style=\"font-weight: 400;\"><span style=\"font-weight: 400;\">Generales: $ 900 <\/span><\/li>\n<\/ul>\n<\/li>\n<\/ul>\n<p><span style=\"color: #ffcc02;\"><b>Tribuna Cataldi<\/b><\/span><\/p>\n<ul style=\"text-align: justify;\">\n<li style=\"list-style-type: none;\">\n<ul>\n<li style=\"font-weight: 400;\"><span style=\"font-weight: 400;\">Socio pleno: $ 220 <\/span><\/li>\n<li style=\"font-weight: 400;\"><span style=\"font-weight: 400;\">Socio bonificado: $ 500<\/span><\/li>\n<li style=\"font-weight: 400;\"><span style=\"font-weight: 400;\">Socios cadete: $ 150<\/span><\/li>\n<li style=\"font-weight: 400;\"><span style=\"font-weight: 400;\">Generales: $ 680<\/span><\/li>\n<\/ul>\n<\/li>\n<\/ul>\n<p><span style=\"color: #ffcc02;\"><b>Tribuna Guelfi<\/b><\/span><\/p>\n<ul style=\"text-align: justify;\">\n<li style=\"list-style-type: none;\">\n<ul>\n<li style=\"font-weight: 400;\"><span style=\"font-weight: 400;\">Socio pleno: $ 150<\/span><\/li>\n<li style=\"font-weight: 400;\"><span style=\"font-weight: 400;\">Socio bonificado: $ 350<\/span><\/li>\n<li style=\"font-weight: 400;\"><span style=\"font-weight: 400;\">Socio cadete: $ 100<\/span><\/li>\n<li style=\"font-weight: 400;\"><span style=\"font-weight: 400;\">Generales: $ 550<\/span><\/li>\n<\/ul>\n<\/li>\n<\/ul>\n<p><span style=\"color: #ffcc02;\"><b>Tribuna Henderson<\/b><\/span><\/p>\n<ul style=\"text-align: justify;\">\n<li style=\"list-style-type: none;\">\n<ul>\n<li style=\"font-weight: 400;\"><span style=\"font-weight: 400;\">Socio pleno: $ 500<\/span><\/li>\n<li style=\"font-weight: 400;\"><span style=\"font-weight: 400;\">Socio bonificado: $ 1000<\/span><\/li>\n<li style=\"font-weight: 400;\"><span style=\"font-weight: 400;\">Socios cadetes: $ 400<\/span><\/li>\n<li style=\"font-weight: 400;\"><span style=\"font-weight: 400;\">Generales: $ 1350<\/span><\/li>\n<\/ul>\n<\/li>\n<\/ul>\n<p style=\"text-align: justify;\"><b>Los palquistas y butaquistas podr\u00e1n canjear su localidad el lunes 27 de mayo a trav\u00e9s de la App.<\/b><\/p>\n<p style=\"text-align: justify;\"><b>A partir del s\u00e1bado 25 de mayo comenzar\u00e1 la venta de entradas generales. Las localidades se pueden adquirir por Tickantel o en locales de Redpagos.<\/b><\/p>\n<p>&nbsp;<\/p>\n<p style=\"text-align: right;\">Marcos Arlotto<\/p>\n","protected":false},"excerpt":{"rendered":"<p>Pe\u00f1arol se trajo un empate de Colombia por Copa Sudamericana, que a priori no es un mal resultado, pero por como se dio el partido, dej\u00f3 un sabor amargo. Ahora toca la vuelta en el Estadio Campe\u00f3n del Siglo, este mi\u00e9rcoles 29 de mayo a las 19:15 horas. El pase a Octavos de Final est\u00e1 [&hellip;]<\/p>\n","protected":false},"author":30,"featured_media":67856,"comment_status":"open","ping_status":"closed","sticky":false,"template":"","format":"standard","meta":{"footnotes":""},"categories":[13],"tags":[439,32],"yoast_head":"<!-- This site is optimized with the Yoast SEO plugin v23.2 - https:\/\/yoast.com\/wordpress\/plugins\/seo\/ -->\n<title>Copa Sudamericana 2019: Venta de entradas vs Deportivo Cali - Padre y Decano - El Sitio del Pueblo<\/title>\n<meta name=\"robots\" content=\"index, follow, max-snippet:-1, max-image-preview:large, max-video-preview:-1\" \/>\n<link rel=\"canonical\" href=\"https:\/\/www.padreydecano.com\/cms\/partidos\/copa-sudamericana-2019-venta-de-entradas-vs-deportivo-cali\/\" \/>\n<meta property=\"og:locale\" content=\"es_ES\" \/>\n<meta property=\"og:type\" content=\"article\" \/>\n<meta property=\"og:title\" content=\"Copa Sudamericana 2019: Venta de entradas vs Deportivo Cali - Padre y Decano - El Sitio del Pueblo\" \/>\n<meta property=\"og:description\" content=\"Pe\u00f1arol se trajo un empate de Colombia por Copa Sudamericana, que a priori no es un mal resultado, pero por como se dio el partido, dej\u00f3 un sabor amargo. Ahora toca la vuelta en el Estadio Campe\u00f3n del Siglo, este mi\u00e9rcoles 29 de mayo a las 19:15 horas. El pase a Octavos de Final est\u00e1 [&hellip;]\" \/>\n<meta property=\"og:url\" content=\"https:\/\/www.padreydecano.com\/cms\/partidos\/copa-sudamericana-2019-venta-de-entradas-vs-deportivo-cali\/\" \/>\n<meta property=\"og:site_name\" content=\"Padre y Decano - El Sitio del Pueblo\" \/>\n<meta property=\"article:published_time\" content=\"2019-05-25T21:24:24+00:00\" \/>\n<meta property=\"article:modified_time\" content=\"2019-05-30T01:04:37+00:00\" \/>\n<meta property=\"og:image\" content=\"https:\/\/www.padreydecano.com\/cms\/wp-content\/uploads\/2018\/08\/ventaparanaense.jpg\" \/>\n\t<meta property=\"og:image:width\" content=\"1920\" \/>\n\t<meta property=\"og:image:height\" content=\"1080\" \/>\n\t<meta property=\"og:image:type\" content=\"image\/jpeg\" \/>\n<meta name=\"author\" content=\"Udelar\" \/>\n<meta name=\"twitter:card\" content=\"summary_large_image\" \/>\n<meta name=\"twitter:label1\" content=\"Escrito por\" \/>\n\t<meta name=\"twitter:data1\" content=\"Udelar\" \/>\n\t<meta name=\"twitter:label2\" content=\"Tiempo de lectura\" \/>\n\t<meta name=\"twitter:data2\" content=\"1 minuto\" \/>\n<script type=\"application\/ld+json\" class=\"yoast-schema-graph\">{\"@context\":\"https:\/\/schema.org\",\"@graph\":[{\"@type\":\"Article\",\"@id\":\"https:\/\/www.padreydecano.com\/cms\/partidos\/copa-sudamericana-2019-venta-de-entradas-vs-deportivo-cali\/#article\",\"isPartOf\":{\"@id\":\"https:\/\/www.padreydecano.com\/cms\/partidos\/copa-sudamericana-2019-venta-de-entradas-vs-deportivo-cali\/\"},\"author\":{\"name\":\"Udelar\",\"@id\":\"https:\/\/www.padreydecano.com\/cms\/#\/schema\/person\/b22191326be6d1c7fa55c2ad137a9a32\"},\"headline\":\"Copa Sudamericana 2019: Venta de entradas vs Deportivo Cali\",\"datePublished\":\"2019-05-25T21:24:24+00:00\",\"dateModified\":\"2019-05-30T01:04:37+00:00\",\"mainEntityOfPage\":{\"@id\":\"https:\/\/www.padreydecano.com\/cms\/partidos\/copa-sudamericana-2019-venta-de-entradas-vs-deportivo-cali\/\"},\"wordCount\":159,\"commentCount\":24,\"publisher\":{\"@id\":\"https:\/\/www.padreydecano.com\/cms\/#organization\"},\"image\":{\"@id\":\"https:\/\/www.padreydecano.com\/cms\/partidos\/copa-sudamericana-2019-venta-de-entradas-vs-deportivo-cali\/#primaryimage\"},\"thumbnailUrl\":\"https:\/\/www.padreydecano.com\/cms\/wp-content\/uploads\/2018\/08\/ventaparanaense.jpg\",\"keywords\":[\"Copa Sudamericana 2019\",\"Venta de entradas\"],\"articleSection\":[\"Partidos\"],\"inLanguage\":\"es\",\"potentialAction\":[{\"@type\":\"CommentAction\",\"name\":\"Comment\",\"target\":[\"https:\/\/www.padreydecano.com\/cms\/partidos\/copa-sudamericana-2019-venta-de-entradas-vs-deportivo-cali\/#respond\"]}]},{\"@type\":\"WebPage\",\"@id\":\"https:\/\/www.padreydecano.com\/cms\/partidos\/copa-sudamericana-2019-venta-de-entradas-vs-deportivo-cali\/\",\"url\":\"https:\/\/www.padreydecano.com\/cms\/partidos\/copa-sudamericana-2019-venta-de-entradas-vs-deportivo-cali\/\",\"name\":\"Copa Sudamericana 2019: Venta de entradas vs Deportivo Cali - Padre y Decano - El Sitio del Pueblo\",\"isPartOf\":{\"@id\":\"https:\/\/www.padreydecano.com\/cms\/#website\"},\"primaryImageOfPage\":{\"@id\":\"https:\/\/www.padreydecano.com\/cms\/partidos\/copa-sudamericana-2019-venta-de-entradas-vs-deportivo-cali\/#primaryimage\"},\"image\":{\"@id\":\"https:\/\/www.padreydecano.com\/cms\/partidos\/copa-sudamericana-2019-venta-de-entradas-vs-deportivo-cali\/#primaryimage\"},\"thumbnailUrl\":\"https:\/\/www.padreydecano.com\/cms\/wp-content\/uploads\/2018\/08\/ventaparanaense.jpg\",\"datePublished\":\"2019-05-25T21:24:24+00:00\",\"dateModified\":\"2019-05-30T01:04:37+00:00\",\"breadcrumb\":{\"@id\":\"https:\/\/www.padreydecano.com\/cms\/partidos\/copa-sudamericana-2019-venta-de-entradas-vs-deportivo-cali\/#breadcrumb\"},\"inLanguage\":\"es\",\"potentialAction\":[{\"@type\":\"ReadAction\",\"target\":[\"https:\/\/www.padreydecano.com\/cms\/partidos\/copa-sudamericana-2019-venta-de-entradas-vs-deportivo-cali\/\"]}]},{\"@type\":\"ImageObject\",\"inLanguage\":\"es\",\"@id\":\"https:\/\/www.padreydecano.com\/cms\/partidos\/copa-sudamericana-2019-venta-de-entradas-vs-deportivo-cali\/#primaryimage\",\"url\":\"https:\/\/www.padreydecano.com\/cms\/wp-content\/uploads\/2018\/08\/ventaparanaense.jpg\",\"contentUrl\":\"https:\/\/www.padreydecano.com\/cms\/wp-content\/uploads\/2018\/08\/ventaparanaense.jpg\",\"width\":1920,\"height\":1080},{\"@type\":\"BreadcrumbList\",\"@id\":\"https:\/\/www.padreydecano.com\/cms\/partidos\/copa-sudamericana-2019-venta-de-entradas-vs-deportivo-cali\/#breadcrumb\",\"itemListElement\":[{\"@type\":\"ListItem\",\"position\":1,\"name\":\"Portada\",\"item\":\"https:\/\/www.padreydecano.com\/cms\/\"},{\"@type\":\"ListItem\",\"position\":2,\"name\":\"Copa Sudamericana 2019: Venta de entradas vs Deportivo Cali\"}]},{\"@type\":\"WebSite\",\"@id\":\"https:\/\/www.padreydecano.com\/cms\/#website\",\"url\":\"https:\/\/www.padreydecano.com\/cms\/\",\"name\":\"Padre y Decano - El Sitio del Pueblo\",\"description\":\"Club Atl\u00e9tico Pe\u00f1arol\",\"publisher\":{\"@id\":\"https:\/\/www.padreydecano.com\/cms\/#organization\"},\"potentialAction\":[{\"@type\":\"SearchAction\",\"target\":{\"@type\":\"EntryPoint\",\"urlTemplate\":\"https:\/\/www.padreydecano.com\/cms\/?s={search_term_string}\"},\"query-input\":\"required name=search_term_string\"}],\"inLanguage\":\"es\"},{\"@type\":\"Organization\",\"@id\":\"https:\/\/www.padreydecano.com\/cms\/#organization\",\"name\":\"Padre y Decano\",\"url\":\"https:\/\/www.padreydecano.com\/cms\/\",\"logo\":{\"@type\":\"ImageObject\",\"inLanguage\":\"es\",\"@id\":\"https:\/\/www.padreydecano.com\/cms\/#\/schema\/logo\/image\/\",\"url\":\"https:\/\/www.padreydecano.com\/cms\/wp-content\/uploads\/2022\/01\/avatar-square.png\",\"contentUrl\":\"https:\/\/www.padreydecano.com\/cms\/wp-content\/uploads\/2022\/01\/avatar-square.png\",\"width\":1500,\"height\":1500,\"caption\":\"Padre y Decano\"},\"image\":{\"@id\":\"https:\/\/www.padreydecano.com\/cms\/#\/schema\/logo\/image\/\"}},{\"@type\":\"Person\",\"@id\":\"https:\/\/www.padreydecano.com\/cms\/#\/schema\/person\/b22191326be6d1c7fa55c2ad137a9a32\",\"name\":\"Udelar\",\"image\":{\"@type\":\"ImageObject\",\"inLanguage\":\"es\",\"@id\":\"https:\/\/www.padreydecano.com\/cms\/#\/schema\/person\/image\/\",\"url\":\"https:\/\/secure.gravatar.com\/avatar\/611ece663b16897a2cd2f46982281225?s=96&d=https%3A%2F%2Fpadreydecano.com%2Fcms%2Fwp-content%2Fthemes%2Fpyd-theme%2Fimg%2Fdefault-avatar.png&r=g\",\"contentUrl\":\"https:\/\/secure.gravatar.com\/avatar\/611ece663b16897a2cd2f46982281225?s=96&d=https%3A%2F%2Fpadreydecano.com%2Fcms%2Fwp-content%2Fthemes%2Fpyd-theme%2Fimg%2Fdefault-avatar.png&r=g\",\"caption\":\"Udelar\"}}]}<\/script>\n<!-- \/ Yoast SEO plugin. -->","yoast_head_json":{"title":"Copa Sudamericana 2019: Venta de entradas vs Deportivo Cali - Padre y Decano - El Sitio del Pueblo","robots":{"index":"index","follow":"follow","max-snippet":"max-snippet:-1","max-image-preview":"max-image-preview:large","max-video-preview":"max-video-preview:-1"},"canonical":"https:\/\/www.padreydecano.com\/cms\/partidos\/copa-sudamericana-2019-venta-de-entradas-vs-deportivo-cali\/","og_locale":"es_ES","og_type":"article","og_title":"Copa Sudamericana 2019: Venta de entradas vs Deportivo Cali - Padre y Decano - El Sitio del Pueblo","og_description":"Pe\u00f1arol se trajo un empate de Colombia por Copa Sudamericana, que a priori no es un mal resultado, pero por como se dio el partido, dej\u00f3 un sabor amargo. Ahora toca la vuelta en el Estadio Campe\u00f3n del Siglo, este mi\u00e9rcoles 29 de mayo a las 19:15 horas. El pase a Octavos de Final est\u00e1 [&hellip;]","og_url":"https:\/\/www.padreydecano.com\/cms\/partidos\/copa-sudamericana-2019-venta-de-entradas-vs-deportivo-cali\/","og_site_name":"Padre y Decano - El Sitio del Pueblo","article_published_time":"2019-05-25T21:24:24+00:00","article_modified_time":"2019-05-30T01:04:37+00:00","og_image":[{"width":1920,"height":1080,"url":"https:\/\/www.padreydecano.com\/cms\/wp-content\/uploads\/2018\/08\/ventaparanaense.jpg","type":"image\/jpeg"}],"author":"Udelar","twitter_card":"summary_large_image","twitter_misc":{"Escrito por":"Udelar","Tiempo de lectura":"1 minuto"},"schema":{"@context":"https:\/\/schema.org","@graph":[{"@type":"Article","@id":"https:\/\/www.padreydecano.com\/cms\/partidos\/copa-sudamericana-2019-venta-de-entradas-vs-deportivo-cali\/#article","isPartOf":{"@id":"https:\/\/www.padreydecano.com\/cms\/partidos\/copa-sudamericana-2019-venta-de-entradas-vs-deportivo-cali\/"},"author":{"name":"Udelar","@id":"https:\/\/www.padreydecano.com\/cms\/#\/schema\/person\/b22191326be6d1c7fa55c2ad137a9a32"},"headline":"Copa Sudamericana 2019: Venta de entradas vs Deportivo Cali","datePublished":"2019-05-25T21:24:24+00:00","dateModified":"2019-05-30T01:04:37+00:00","mainEntityOfPage":{"@id":"https:\/\/www.padreydecano.com\/cms\/partidos\/copa-sudamericana-2019-venta-de-entradas-vs-deportivo-cali\/"},"wordCount":159,"commentCount":24,"publisher":{"@id":"https:\/\/www.padreydecano.com\/cms\/#organization"},"image":{"@id":"https:\/\/www.padreydecano.com\/cms\/partidos\/copa-sudamericana-2019-venta-de-entradas-vs-deportivo-cali\/#primaryimage"},"thumbnailUrl":"https:\/\/www.padreydecano.com\/cms\/wp-content\/uploads\/2018\/08\/ventaparanaense.jpg","keywords":["Copa Sudamericana 2019","Venta de entradas"],"articleSection":["Partidos"],"inLanguage":"es","potentialAction":[{"@type":"CommentAction","name":"Comment","target":["https:\/\/www.padreydecano.com\/cms\/partidos\/copa-sudamericana-2019-venta-de-entradas-vs-deportivo-cali\/#respond"]}]},{"@type":"WebPage","@id":"https:\/\/www.padreydecano.com\/cms\/partidos\/copa-sudamericana-2019-venta-de-entradas-vs-deportivo-cali\/","url":"https:\/\/www.padreydecano.com\/cms\/partidos\/copa-sudamericana-2019-venta-de-entradas-vs-deportivo-cali\/","name":"Copa Sudamericana 2019: Venta de entradas vs Deportivo Cali - Padre y Decano - El Sitio del Pueblo","isPartOf":{"@id":"https:\/\/www.padreydecano.com\/cms\/#website"},"primaryImageOfPage":{"@id":"https:\/\/www.padreydecano.com\/cms\/partidos\/copa-sudamericana-2019-venta-de-entradas-vs-deportivo-cali\/#primaryimage"},"image":{"@id":"https:\/\/www.padreydecano.com\/cms\/partidos\/copa-sudamericana-2019-venta-de-entradas-vs-deportivo-cali\/#primaryimage"},"thumbnailUrl":"https:\/\/www.padreydecano.com\/cms\/wp-content\/uploads\/2018\/08\/ventaparanaense.jpg","datePublished":"2019-05-25T21:24:24+00:00","dateModified":"2019-05-30T01:04:37+00:00","breadcrumb":{"@id":"https:\/\/www.padreydecano.com\/cms\/partidos\/copa-sudamericana-2019-venta-de-entradas-vs-deportivo-cali\/#breadcrumb"},"inLanguage":"es","potentialAction":[{"@type":"ReadAction","target":["https:\/\/www.padreydecano.com\/cms\/partidos\/copa-sudamericana-2019-venta-de-entradas-vs-deportivo-cali\/"]}]},{"@type":"ImageObject","inLanguage":"es","@id":"https:\/\/www.padreydecano.com\/cms\/partidos\/copa-sudamericana-2019-venta-de-entradas-vs-deportivo-cali\/#primaryimage","url":"https:\/\/www.padreydecano.com\/cms\/wp-content\/uploads\/2018\/08\/ventaparanaense.jpg","contentUrl":"https:\/\/www.padreydecano.com\/cms\/wp-content\/uploads\/2018\/08\/ventaparanaense.jpg","width":1920,"height":1080},{"@type":"BreadcrumbList","@id":"https:\/\/www.padreydecano.com\/cms\/partidos\/copa-sudamericana-2019-venta-de-entradas-vs-deportivo-cali\/#breadcrumb","itemListElement":[{"@type":"ListItem","position":1,"name":"Portada","item":"https:\/\/www.padreydecano.com\/cms\/"},{"@type":"ListItem","position":2,"name":"Copa Sudamericana 2019: Venta de entradas vs Deportivo Cali"}]},{"@type":"WebSite","@id":"https:\/\/www.padreydecano.com\/cms\/#website","url":"https:\/\/www.padreydecano.com\/cms\/","name":"Padre y Decano - El Sitio del Pueblo","description":"Club Atl\u00e9tico Pe\u00f1arol","publisher":{"@id":"https:\/\/www.padreydecano.com\/cms\/#organization"},"potentialAction":[{"@type":"SearchAction","target":{"@type":"EntryPoint","urlTemplate":"https:\/\/www.padreydecano.com\/cms\/?s={search_term_string}"},"query-input":"required name=search_term_string"}],"inLanguage":"es"},{"@type":"Organization","@id":"https:\/\/www.padreydecano.com\/cms\/#organization","name":"Padre y Decano","url":"https:\/\/www.padreydecano.com\/cms\/","logo":{"@type":"ImageObject","inLanguage":"es","@id":"https:\/\/www.padreydecano.com\/cms\/#\/schema\/logo\/image\/","url":"https:\/\/www.padreydecano.com\/cms\/wp-content\/uploads\/2022\/01\/avatar-square.png","contentUrl":"https:\/\/www.padreydecano.com\/cms\/wp-content\/uploads\/2022\/01\/avatar-square.png","width":1500,"height":1500,"caption":"Padre y Decano"},"image":{"@id":"https:\/\/www.padreydecano.com\/cms\/#\/schema\/logo\/image\/"}},{"@type":"Person","@id":"https:\/\/www.padreydecano.com\/cms\/#\/schema\/person\/b22191326be6d1c7fa55c2ad137a9a32","name":"Udelar","image":{"@type":"ImageObject","inLanguage":"es","@id":"https:\/\/www.padreydecano.com\/cms\/#\/schema\/person\/image\/","url":"https:\/\/secure.gravatar.com\/avatar\/611ece663b16897a2cd2f46982281225?s=96&d=https%3A%2F%2Fpadreydecano.com%2Fcms%2Fwp-content%2Fthemes%2Fpyd-theme%2Fimg%2Fdefault-avatar.png&r=g","contentUrl":"https:\/\/secure.gravatar.com\/avatar\/611ece663b16897a2cd2f46982281225?s=96&d=https%3A%2F%2Fpadreydecano.com%2Fcms%2Fwp-content%2Fthemes%2Fpyd-theme%2Fimg%2Fdefault-avatar.png&r=g","caption":"Udelar"}}]}},"_links":{"self":[{"href":"https:\/\/www.padreydecano.com\/cms\/wp-json\/wp\/v2\/posts\/70776"}],"collection":[{"href":"https:\/\/www.padreydecano.com\/cms\/wp-json\/wp\/v2\/posts"}],"about":[{"href":"https:\/\/www.padreydecano.com\/cms\/wp-json\/wp\/v2\/types\/post"}],"author":[{"embeddable":true,"href":"https:\/\/www.padreydecano.com\/cms\/wp-json\/wp\/v2\/users\/30"}],"replies":[{"embeddable":true,"href":"https:\/\/www.padreydecano.com\/cms\/wp-json\/wp\/v2\/comments?post=70776"}],"version-history":[{"count":0,"href":"https:\/\/www.padreydecano.com\/cms\/wp-json\/wp\/v2\/posts\/70776\/revisions"}],"wp:featuredmedia":[{"embeddable":true,"href":"https:\/\/www.padreydecano.com\/cms\/wp-json\/wp\/v2\/media\/67856"}],"wp:attachment":[{"href":"https:\/\/www.padreydecano.com\/cms\/wp-json\/wp\/v2\/media?parent=70776"}],"wp:term":[{"taxonomy":"category","embeddable":true,"href":"https:\/\/www.padreydecano.com\/cms\/wp-json\/wp\/v2\/categories?post=70776"},{"taxonomy":"post_tag","embeddable":true,"href":"https:\/\/www.padreydecano.com\/cms\/wp-json\/wp\/v2\/tags?post=70776"}],"curies":[{"name":"wp","href":"https:\/\/api.w.org\/{rel}","templated":true}]}}