{"id":70743,"date":"2019-05-20T21:22:55","date_gmt":"2019-05-21T00:22:55","guid":{"rendered":"http:\/\/www.padreydecano.com\/cms\/?p=70743"},"modified":"2019-05-20T21:27:30","modified_gmt":"2019-05-21T00:27:30","slug":"antecedentes-por-copa-sudamericana","status":"publish","type":"post","link":"https:\/\/www.padreydecano.com\/cms\/noticias\/antecedentes-por-copa-sudamericana\/","title":{"rendered":"Antecedentes por Copa Sudamericana"},"content":{"rendered":"<p><img loading=\"lazy\" decoding=\"async\" class=\"aligncenter wp-image-70751 size-full\" src=\"https:\/\/www.padreydecano.com\/cms\/wp-content\/uploads\/2019\/05\/5cd44b413e3e5.jpeg\" alt=\"\" width=\"620\" height=\"356\" srcset=\"https:\/\/www.padreydecano.com\/cms\/wp-content\/uploads\/2019\/05\/5cd44b413e3e5.jpeg 620w, https:\/\/www.padreydecano.com\/cms\/wp-content\/uploads\/2019\/05\/5cd44b413e3e5-600x345.jpeg 600w\" sizes=\"(max-width: 620px) 100vw, 620px\" \/><\/p>\n<p style=\"text-align: justify;\"><strong>Un nuevo desaf\u00edo internacional pone a prueba al conjunto de Pe\u00f1arol, cuando el pr\u00f3ximo mi\u00e9rcoles 22 de mayo enfrente a Deportivo Cali por la segunda fase de la Copa Sudamericana. El carbonero ha tenido 6 participaciones en el Torneo desde la creaci\u00f3n del mismo en el a\u00f1o 2002. A continuaci\u00f3n, repasaremos los antesedentes.<\/strong><\/p>\n<p style=\"text-align: justify;\"><strong style=\"color: #ffcc00;\">Copa Sudamericana 2004<\/strong><\/p>\n<p style=\"text-align: justify;\">La Copa Sudamericana 2004 fue la tercera edici\u00f3n del torneo. La misma se dividi\u00f3 por zonas, estableciendo al Decano en la Zona Paraguay\/Uruguay. El mirasol fue eliminado en segunda fase por medio de Cerro Porte\u00f1o.<\/p>\n<p style=\"text-align: justify;\"><strong>Zona Paraguay\/Uruguay<\/strong><\/p>\n<p style=\"text-align: justify;\"><strong>Vs Danubio<\/strong> &#8211; Victoria por 2 a 1 de visitante y fue empate en la vuelta por 1 a 1.<\/p>\n<p style=\"text-align: justify;\"><strong>Vs Cerro Porte\u00f1o<\/strong> &#8211; La ida fue derrota por 3 a 1, mientras que la vuelta fue victoria por 2 a 1.<\/p>\n<p style=\"text-align: justify;\"><span style=\"color: #ffcc00;\"><strong>Copa Sudamericana\u00a0 2010<\/strong><\/span><\/p>\n<p style=\"text-align: justify;\">Ya con otro formato, Pe\u00f1arol qued\u00f3 eliminado en octavos de final frente a Goias de Brasil.<\/p>\n<p style=\"text-align: justify;\"><strong>Vs Barcelona<\/strong>\u00a0&#8211; Fue victoria 1 a 0 en Ecuador con gol del \u201cVasquito\u201d Aguirregaray y 2 a 1 en Montevideo con goles de Ramis y Pacheco.<\/p>\n<p style=\"text-align: justify;\"><strong>Vs Goias\u00a0<\/strong>&#8211;<strong>\u00a0<\/strong>En la ida fue derrota por 1 a 0. En el partido de vuelta fue victoria del aurinegro 3 a 2, aunque por goles de visitante clasific\u00f3 el elenco brasilero.<\/p>\n<p style=\"text-align: justify;\"><span style=\"color: #ffcc00;\"><strong>Copa Sudamericana 2013<\/strong><\/span><\/p>\n<p style=\"text-align: justify;\">Tal vez, una de las peores llaves que ha tenido el aurinegro. Eliminados en primera fase frente a Cobreloa.<\/p>\n<p style=\"text-align: justify;\"><strong>Vs Cobreloa\u00a0<\/strong>&#8211; Luego de igualar 0 a 0 en Chile, Pe\u00f1arol perdi\u00f3 2 a 0 en el Estadio Centenario quedando eliminado del torneo internacional.<\/p>\n<p style=\"text-align: justify;\"><span style=\"color: #ffcc00;\"><strong>Copa Sudamericana 2014<\/strong><\/span><\/p>\n<p style=\"text-align: justify;\">La m\u00e1s recordada por muchos. Eliminados en octavos de final, de local y por penales frente a Estudiantes de la Plata.<\/p>\n<p style=\"text-align: justify;\"><strong>Vs Jorge Wilstermann <\/strong>&#8211; Pe\u00f1arol gan\u00f3 tanto de visita como de local, siendo un global de 6 a 0 para el Decano, tras ganar 2 a 0 y 4 a 0 con gran categor\u00eda.<\/p>\n<p style=\"text-align: justify;\"><strong>Vs Deportivo Cali\u00a0<\/strong>&#8211;<strong>\u00a0<\/strong>Por la segunda fase, Pe\u00f1arol igual\u00f3 en la ida 2 a 2, ganando de visitante por 1 a 0 en lo que fue una noche so\u00f1ada de Pablo Migliore.<\/p>\n<p style=\"text-align: justify;\"><strong>Vs Estudiantes <\/strong>&#8211; Recordada noche en el Estadio \u00danico de la Plata, donde fue derrota por 2 a 1. Un gol convertido a los 95\u00b4 dej\u00f3 una sensaci\u00f3n amarga. La vuelta se disput\u00f3 en el Estadio Centenario, donde el carbonero consigui\u00f3 la victoria en los 90\u00b4 por el mismo tanteador que el partido de ida. La suerte\/verdad de los penales, decidi\u00f3 que el equipo argentino pasara a la siguiente ronda.<\/p>\n<p style=\"text-align: justify;\"><span style=\"color: #ffcc00;\"><strong>Copa sudamericana 2016<\/strong><\/span><\/p>\n<p style=\"text-align: justify;\">Dif\u00edcil trago en nuestra casa. Eliminados en primera fase frente al equipo paraguayo.<\/p>\n<p style=\"text-align: justify;\"><strong>Vs Sportivo Luque\u00f1o <\/strong>&#8211; Luego de un 0 a 0, Pe\u00f1arol ten\u00eda la oportunidad de pasar a una nueva ronda, pero una mala noche complic\u00f3 al equipo que conduc\u00eda Jorge \u201cPolilla\u201d Da Silva. 1 a 1 y adi\u00f3s Sudamericana.<\/p>\n<p style=\"text-align: justify;\"><span style=\"color: #ffcc00;\"><strong>Copa sudamericana 2018<\/strong><\/span><\/p>\n<p style=\"text-align: justify;\">La m\u00e1s reciente y dolorosa derrota a nivel internacional se dio en 2018. Eliminados en segunda fase.<\/p>\n<p style=\"text-align: justify;\"><strong>Vs Athletico Paranaense\u00a0<\/strong>&#8211; La ida en Brasil, y un partido preocupante de Pe\u00f1arol en todas las l\u00edneas perdiendo 2 a 0. La vuelta, en el Estadio Campe\u00f3n del Siglo fue peor. Fue derrota por 4 a 1, quedando fuera del plano internacional.<\/p>\n<p>&nbsp;<\/p>\n<p>&nbsp;<\/p>\n<p style=\"text-align: right;\"><a href=\"https:\/\/twitter.com\/mathiaastilve\" target=\"_blank\" rel=\"noopener\">Mathias Tilve<\/a><\/p>\n","protected":false},"excerpt":{"rendered":"<p>Un nuevo desaf\u00edo internacional pone a prueba al conjunto de Pe\u00f1arol, cuando el pr\u00f3ximo mi\u00e9rcoles 22 de mayo enfrente a Deportivo Cali por la segunda fase de la Copa Sudamericana. El carbonero ha tenido 6 participaciones en el Torneo desde la creaci\u00f3n del mismo en el a\u00f1o 2002. A continuaci\u00f3n, repasaremos los antesedentes. Copa Sudamericana [&hellip;]<\/p>\n","protected":false},"author":30,"featured_media":70751,"comment_status":"open","ping_status":"closed","sticky":false,"template":"","format":"standard","meta":{"footnotes":""},"categories":[1],"tags":[439],"yoast_head":"<!-- This site is optimized with the Yoast SEO plugin v23.2 - https:\/\/yoast.com\/wordpress\/plugins\/seo\/ -->\n<title>Antecedentes por Copa Sudamericana - Padre y Decano - El Sitio del Pueblo<\/title>\n<meta name=\"robots\" content=\"index, follow, max-snippet:-1, max-image-preview:large, max-video-preview:-1\" \/>\n<link rel=\"canonical\" href=\"https:\/\/www.padreydecano.com\/cms\/noticias\/antecedentes-por-copa-sudamericana\/\" \/>\n<meta property=\"og:locale\" content=\"es_ES\" \/>\n<meta property=\"og:type\" content=\"article\" \/>\n<meta property=\"og:title\" content=\"Antecedentes por Copa Sudamericana - Padre y Decano - El Sitio del Pueblo\" \/>\n<meta property=\"og:description\" content=\"Un nuevo desaf\u00edo internacional pone a prueba al conjunto de Pe\u00f1arol, cuando el pr\u00f3ximo mi\u00e9rcoles 22 de mayo enfrente a Deportivo Cali por la segunda fase de la Copa Sudamericana. El carbonero ha tenido 6 participaciones en el Torneo desde la creaci\u00f3n del mismo en el a\u00f1o 2002. A continuaci\u00f3n, repasaremos los antesedentes. Copa Sudamericana [&hellip;]\" \/>\n<meta property=\"og:url\" content=\"https:\/\/www.padreydecano.com\/cms\/noticias\/antecedentes-por-copa-sudamericana\/\" \/>\n<meta property=\"og:site_name\" content=\"Padre y Decano - El Sitio del Pueblo\" \/>\n<meta property=\"article:published_time\" content=\"2019-05-21T00:22:55+00:00\" \/>\n<meta property=\"article:modified_time\" content=\"2019-05-21T00:27:30+00:00\" \/>\n<meta property=\"og:image\" content=\"https:\/\/www.padreydecano.com\/cms\/wp-content\/uploads\/2019\/05\/5cd44b413e3e5.jpeg\" \/>\n\t<meta property=\"og:image:width\" content=\"620\" \/>\n\t<meta property=\"og:image:height\" content=\"356\" \/>\n\t<meta property=\"og:image:type\" content=\"image\/jpeg\" \/>\n<meta name=\"author\" content=\"Udelar\" \/>\n<meta name=\"twitter:card\" content=\"summary_large_image\" \/>\n<meta name=\"twitter:label1\" content=\"Escrito por\" \/>\n\t<meta name=\"twitter:data1\" content=\"Udelar\" \/>\n\t<meta name=\"twitter:label2\" content=\"Tiempo de lectura\" \/>\n\t<meta name=\"twitter:data2\" content=\"3 minutos\" \/>\n<script type=\"application\/ld+json\" class=\"yoast-schema-graph\">{\"@context\":\"https:\/\/schema.org\",\"@graph\":[{\"@type\":\"Article\",\"@id\":\"https:\/\/www.padreydecano.com\/cms\/noticias\/antecedentes-por-copa-sudamericana\/#article\",\"isPartOf\":{\"@id\":\"https:\/\/www.padreydecano.com\/cms\/noticias\/antecedentes-por-copa-sudamericana\/\"},\"author\":{\"name\":\"Udelar\",\"@id\":\"https:\/\/www.padreydecano.com\/cms\/#\/schema\/person\/b22191326be6d1c7fa55c2ad137a9a32\"},\"headline\":\"Antecedentes por Copa Sudamericana\",\"datePublished\":\"2019-05-21T00:22:55+00:00\",\"dateModified\":\"2019-05-21T00:27:30+00:00\",\"mainEntityOfPage\":{\"@id\":\"https:\/\/www.padreydecano.com\/cms\/noticias\/antecedentes-por-copa-sudamericana\/\"},\"wordCount\":526,\"commentCount\":2,\"publisher\":{\"@id\":\"https:\/\/www.padreydecano.com\/cms\/#organization\"},\"image\":{\"@id\":\"https:\/\/www.padreydecano.com\/cms\/noticias\/antecedentes-por-copa-sudamericana\/#primaryimage\"},\"thumbnailUrl\":\"https:\/\/www.padreydecano.com\/cms\/wp-content\/uploads\/2019\/05\/5cd44b413e3e5.jpeg\",\"keywords\":[\"Copa Sudamericana 2019\"],\"articleSection\":[\"Noticias\"],\"inLanguage\":\"es\",\"potentialAction\":[{\"@type\":\"CommentAction\",\"name\":\"Comment\",\"target\":[\"https:\/\/www.padreydecano.com\/cms\/noticias\/antecedentes-por-copa-sudamericana\/#respond\"]}]},{\"@type\":\"WebPage\",\"@id\":\"https:\/\/www.padreydecano.com\/cms\/noticias\/antecedentes-por-copa-sudamericana\/\",\"url\":\"https:\/\/www.padreydecano.com\/cms\/noticias\/antecedentes-por-copa-sudamericana\/\",\"name\":\"Antecedentes por Copa Sudamericana - Padre y Decano - El Sitio del Pueblo\",\"isPartOf\":{\"@id\":\"https:\/\/www.padreydecano.com\/cms\/#website\"},\"primaryImageOfPage\":{\"@id\":\"https:\/\/www.padreydecano.com\/cms\/noticias\/antecedentes-por-copa-sudamericana\/#primaryimage\"},\"image\":{\"@id\":\"https:\/\/www.padreydecano.com\/cms\/noticias\/antecedentes-por-copa-sudamericana\/#primaryimage\"},\"thumbnailUrl\":\"https:\/\/www.padreydecano.com\/cms\/wp-content\/uploads\/2019\/05\/5cd44b413e3e5.jpeg\",\"datePublished\":\"2019-05-21T00:22:55+00:00\",\"dateModified\":\"2019-05-21T00:27:30+00:00\",\"breadcrumb\":{\"@id\":\"https:\/\/www.padreydecano.com\/cms\/noticias\/antecedentes-por-copa-sudamericana\/#breadcrumb\"},\"inLanguage\":\"es\",\"potentialAction\":[{\"@type\":\"ReadAction\",\"target\":[\"https:\/\/www.padreydecano.com\/cms\/noticias\/antecedentes-por-copa-sudamericana\/\"]}]},{\"@type\":\"ImageObject\",\"inLanguage\":\"es\",\"@id\":\"https:\/\/www.padreydecano.com\/cms\/noticias\/antecedentes-por-copa-sudamericana\/#primaryimage\",\"url\":\"https:\/\/www.padreydecano.com\/cms\/wp-content\/uploads\/2019\/05\/5cd44b413e3e5.jpeg\",\"contentUrl\":\"https:\/\/www.padreydecano.com\/cms\/wp-content\/uploads\/2019\/05\/5cd44b413e3e5.jpeg\",\"width\":620,\"height\":356},{\"@type\":\"BreadcrumbList\",\"@id\":\"https:\/\/www.padreydecano.com\/cms\/noticias\/antecedentes-por-copa-sudamericana\/#breadcrumb\",\"itemListElement\":[{\"@type\":\"ListItem\",\"position\":1,\"name\":\"Portada\",\"item\":\"https:\/\/www.padreydecano.com\/cms\/\"},{\"@type\":\"ListItem\",\"position\":2,\"name\":\"Antecedentes por Copa Sudamericana\"}]},{\"@type\":\"WebSite\",\"@id\":\"https:\/\/www.padreydecano.com\/cms\/#website\",\"url\":\"https:\/\/www.padreydecano.com\/cms\/\",\"name\":\"Padre y Decano - El Sitio del Pueblo\",\"description\":\"Club Atl\u00e9tico Pe\u00f1arol\",\"publisher\":{\"@id\":\"https:\/\/www.padreydecano.com\/cms\/#organization\"},\"potentialAction\":[{\"@type\":\"SearchAction\",\"target\":{\"@type\":\"EntryPoint\",\"urlTemplate\":\"https:\/\/www.padreydecano.com\/cms\/?s={search_term_string}\"},\"query-input\":\"required name=search_term_string\"}],\"inLanguage\":\"es\"},{\"@type\":\"Organization\",\"@id\":\"https:\/\/www.padreydecano.com\/cms\/#organization\",\"name\":\"Padre y Decano\",\"url\":\"https:\/\/www.padreydecano.com\/cms\/\",\"logo\":{\"@type\":\"ImageObject\",\"inLanguage\":\"es\",\"@id\":\"https:\/\/www.padreydecano.com\/cms\/#\/schema\/logo\/image\/\",\"url\":\"https:\/\/www.padreydecano.com\/cms\/wp-content\/uploads\/2022\/01\/avatar-square.png\",\"contentUrl\":\"https:\/\/www.padreydecano.com\/cms\/wp-content\/uploads\/2022\/01\/avatar-square.png\",\"width\":1500,\"height\":1500,\"caption\":\"Padre y Decano\"},\"image\":{\"@id\":\"https:\/\/www.padreydecano.com\/cms\/#\/schema\/logo\/image\/\"}},{\"@type\":\"Person\",\"@id\":\"https:\/\/www.padreydecano.com\/cms\/#\/schema\/person\/b22191326be6d1c7fa55c2ad137a9a32\",\"name\":\"Udelar\",\"image\":{\"@type\":\"ImageObject\",\"inLanguage\":\"es\",\"@id\":\"https:\/\/www.padreydecano.com\/cms\/#\/schema\/person\/image\/\",\"url\":\"https:\/\/secure.gravatar.com\/avatar\/611ece663b16897a2cd2f46982281225?s=96&d=https%3A%2F%2Fpadreydecano.com%2Fcms%2Fwp-content%2Fthemes%2Fpyd-theme%2Fimg%2Fdefault-avatar.png&r=g\",\"contentUrl\":\"https:\/\/secure.gravatar.com\/avatar\/611ece663b16897a2cd2f46982281225?s=96&d=https%3A%2F%2Fpadreydecano.com%2Fcms%2Fwp-content%2Fthemes%2Fpyd-theme%2Fimg%2Fdefault-avatar.png&r=g\",\"caption\":\"Udelar\"}}]}<\/script>\n<!-- \/ Yoast SEO plugin. -->","yoast_head_json":{"title":"Antecedentes por Copa Sudamericana - Padre y Decano - El Sitio del Pueblo","robots":{"index":"index","follow":"follow","max-snippet":"max-snippet:-1","max-image-preview":"max-image-preview:large","max-video-preview":"max-video-preview:-1"},"canonical":"https:\/\/www.padreydecano.com\/cms\/noticias\/antecedentes-por-copa-sudamericana\/","og_locale":"es_ES","og_type":"article","og_title":"Antecedentes por Copa Sudamericana - Padre y Decano - El Sitio del Pueblo","og_description":"Un nuevo desaf\u00edo internacional pone a prueba al conjunto de Pe\u00f1arol, cuando el pr\u00f3ximo mi\u00e9rcoles 22 de mayo enfrente a Deportivo Cali por la segunda fase de la Copa Sudamericana. El carbonero ha tenido 6 participaciones en el Torneo desde la creaci\u00f3n del mismo en el a\u00f1o 2002. A continuaci\u00f3n, repasaremos los antesedentes. Copa Sudamericana [&hellip;]","og_url":"https:\/\/www.padreydecano.com\/cms\/noticias\/antecedentes-por-copa-sudamericana\/","og_site_name":"Padre y Decano - El Sitio del Pueblo","article_published_time":"2019-05-21T00:22:55+00:00","article_modified_time":"2019-05-21T00:27:30+00:00","og_image":[{"width":620,"height":356,"url":"https:\/\/www.padreydecano.com\/cms\/wp-content\/uploads\/2019\/05\/5cd44b413e3e5.jpeg","type":"image\/jpeg"}],"author":"Udelar","twitter_card":"summary_large_image","twitter_misc":{"Escrito por":"Udelar","Tiempo de lectura":"3 minutos"},"schema":{"@context":"https:\/\/schema.org","@graph":[{"@type":"Article","@id":"https:\/\/www.padreydecano.com\/cms\/noticias\/antecedentes-por-copa-sudamericana\/#article","isPartOf":{"@id":"https:\/\/www.padreydecano.com\/cms\/noticias\/antecedentes-por-copa-sudamericana\/"},"author":{"name":"Udelar","@id":"https:\/\/www.padreydecano.com\/cms\/#\/schema\/person\/b22191326be6d1c7fa55c2ad137a9a32"},"headline":"Antecedentes por Copa Sudamericana","datePublished":"2019-05-21T00:22:55+00:00","dateModified":"2019-05-21T00:27:30+00:00","mainEntityOfPage":{"@id":"https:\/\/www.padreydecano.com\/cms\/noticias\/antecedentes-por-copa-sudamericana\/"},"wordCount":526,"commentCount":2,"publisher":{"@id":"https:\/\/www.padreydecano.com\/cms\/#organization"},"image":{"@id":"https:\/\/www.padreydecano.com\/cms\/noticias\/antecedentes-por-copa-sudamericana\/#primaryimage"},"thumbnailUrl":"https:\/\/www.padreydecano.com\/cms\/wp-content\/uploads\/2019\/05\/5cd44b413e3e5.jpeg","keywords":["Copa Sudamericana 2019"],"articleSection":["Noticias"],"inLanguage":"es","potentialAction":[{"@type":"CommentAction","name":"Comment","target":["https:\/\/www.padreydecano.com\/cms\/noticias\/antecedentes-por-copa-sudamericana\/#respond"]}]},{"@type":"WebPage","@id":"https:\/\/www.padreydecano.com\/cms\/noticias\/antecedentes-por-copa-sudamericana\/","url":"https:\/\/www.padreydecano.com\/cms\/noticias\/antecedentes-por-copa-sudamericana\/","name":"Antecedentes por Copa Sudamericana - Padre y Decano - El Sitio del Pueblo","isPartOf":{"@id":"https:\/\/www.padreydecano.com\/cms\/#website"},"primaryImageOfPage":{"@id":"https:\/\/www.padreydecano.com\/cms\/noticias\/antecedentes-por-copa-sudamericana\/#primaryimage"},"image":{"@id":"https:\/\/www.padreydecano.com\/cms\/noticias\/antecedentes-por-copa-sudamericana\/#primaryimage"},"thumbnailUrl":"https:\/\/www.padreydecano.com\/cms\/wp-content\/uploads\/2019\/05\/5cd44b413e3e5.jpeg","datePublished":"2019-05-21T00:22:55+00:00","dateModified":"2019-05-21T00:27:30+00:00","breadcrumb":{"@id":"https:\/\/www.padreydecano.com\/cms\/noticias\/antecedentes-por-copa-sudamericana\/#breadcrumb"},"inLanguage":"es","potentialAction":[{"@type":"ReadAction","target":["https:\/\/www.padreydecano.com\/cms\/noticias\/antecedentes-por-copa-sudamericana\/"]}]},{"@type":"ImageObject","inLanguage":"es","@id":"https:\/\/www.padreydecano.com\/cms\/noticias\/antecedentes-por-copa-sudamericana\/#primaryimage","url":"https:\/\/www.padreydecano.com\/cms\/wp-content\/uploads\/2019\/05\/5cd44b413e3e5.jpeg","contentUrl":"https:\/\/www.padreydecano.com\/cms\/wp-content\/uploads\/2019\/05\/5cd44b413e3e5.jpeg","width":620,"height":356},{"@type":"BreadcrumbList","@id":"https:\/\/www.padreydecano.com\/cms\/noticias\/antecedentes-por-copa-sudamericana\/#breadcrumb","itemListElement":[{"@type":"ListItem","position":1,"name":"Portada","item":"https:\/\/www.padreydecano.com\/cms\/"},{"@type":"ListItem","position":2,"name":"Antecedentes por Copa Sudamericana"}]},{"@type":"WebSite","@id":"https:\/\/www.padreydecano.com\/cms\/#website","url":"https:\/\/www.padreydecano.com\/cms\/","name":"Padre y Decano - El Sitio del Pueblo","description":"Club Atl\u00e9tico Pe\u00f1arol","publisher":{"@id":"https:\/\/www.padreydecano.com\/cms\/#organization"},"potentialAction":[{"@type":"SearchAction","target":{"@type":"EntryPoint","urlTemplate":"https:\/\/www.padreydecano.com\/cms\/?s={search_term_string}"},"query-input":"required name=search_term_string"}],"inLanguage":"es"},{"@type":"Organization","@id":"https:\/\/www.padreydecano.com\/cms\/#organization","name":"Padre y Decano","url":"https:\/\/www.padreydecano.com\/cms\/","logo":{"@type":"ImageObject","inLanguage":"es","@id":"https:\/\/www.padreydecano.com\/cms\/#\/schema\/logo\/image\/","url":"https:\/\/www.padreydecano.com\/cms\/wp-content\/uploads\/2022\/01\/avatar-square.png","contentUrl":"https:\/\/www.padreydecano.com\/cms\/wp-content\/uploads\/2022\/01\/avatar-square.png","width":1500,"height":1500,"caption":"Padre y Decano"},"image":{"@id":"https:\/\/www.padreydecano.com\/cms\/#\/schema\/logo\/image\/"}},{"@type":"Person","@id":"https:\/\/www.padreydecano.com\/cms\/#\/schema\/person\/b22191326be6d1c7fa55c2ad137a9a32","name":"Udelar","image":{"@type":"ImageObject","inLanguage":"es","@id":"https:\/\/www.padreydecano.com\/cms\/#\/schema\/person\/image\/","url":"https:\/\/secure.gravatar.com\/avatar\/611ece663b16897a2cd2f46982281225?s=96&d=https%3A%2F%2Fpadreydecano.com%2Fcms%2Fwp-content%2Fthemes%2Fpyd-theme%2Fimg%2Fdefault-avatar.png&r=g","contentUrl":"https:\/\/secure.gravatar.com\/avatar\/611ece663b16897a2cd2f46982281225?s=96&d=https%3A%2F%2Fpadreydecano.com%2Fcms%2Fwp-content%2Fthemes%2Fpyd-theme%2Fimg%2Fdefault-avatar.png&r=g","caption":"Udelar"}}]}},"_links":{"self":[{"href":"https:\/\/www.padreydecano.com\/cms\/wp-json\/wp\/v2\/posts\/70743"}],"collection":[{"href":"https:\/\/www.padreydecano.com\/cms\/wp-json\/wp\/v2\/posts"}],"about":[{"href":"https:\/\/www.padreydecano.com\/cms\/wp-json\/wp\/v2\/types\/post"}],"author":[{"embeddable":true,"href":"https:\/\/www.padreydecano.com\/cms\/wp-json\/wp\/v2\/users\/30"}],"replies":[{"embeddable":true,"href":"https:\/\/www.padreydecano.com\/cms\/wp-json\/wp\/v2\/comments?post=70743"}],"version-history":[{"count":0,"href":"https:\/\/www.padreydecano.com\/cms\/wp-json\/wp\/v2\/posts\/70743\/revisions"}],"wp:featuredmedia":[{"embeddable":true,"href":"https:\/\/www.padreydecano.com\/cms\/wp-json\/wp\/v2\/media\/70751"}],"wp:attachment":[{"href":"https:\/\/www.padreydecano.com\/cms\/wp-json\/wp\/v2\/media?parent=70743"}],"wp:term":[{"taxonomy":"category","embeddable":true,"href":"https:\/\/www.padreydecano.com\/cms\/wp-json\/wp\/v2\/categories?post=70743"},{"taxonomy":"post_tag","embeddable":true,"href":"https:\/\/www.padreydecano.com\/cms\/wp-json\/wp\/v2\/tags?post=70743"}],"curies":[{"name":"wp","href":"https:\/\/api.w.org\/{rel}","templated":true}]}}