{"id":70599,"date":"2019-05-09T15:00:22","date_gmt":"2019-05-09T18:00:22","guid":{"rendered":"http:\/\/www.padreydecano.com\/cms\/?p=70599"},"modified":"2019-05-08T11:19:42","modified_gmt":"2019-05-08T14:19:42","slug":"pena-canelones-en-nombre-de-penarol-ayudando-a-una-ciudad","status":"publish","type":"post","link":"https:\/\/www.padreydecano.com\/cms\/penas\/pena-canelones-en-nombre-de-penarol-ayudando-a-una-ciudad\/","title":{"rendered":"Pe\u00f1a Canelones: En nombre de Pe\u00f1arol ayudando a una ciudad"},"content":{"rendered":"<p style=\"text-align: justify;\"><img loading=\"lazy\" decoding=\"async\" class=\"aligncenter wp-image-70600 size-full\" src=\"https:\/\/www.padreydecano.com\/cms\/wp-content\/uploads\/2019\/05\/53588167_2340101106268966_4938085549895319552_n.jpg\" alt=\"\" width=\"960\" height=\"720\" srcset=\"https:\/\/www.padreydecano.com\/cms\/wp-content\/uploads\/2019\/05\/53588167_2340101106268966_4938085549895319552_n.jpg 960w, https:\/\/www.padreydecano.com\/cms\/wp-content\/uploads\/2019\/05\/53588167_2340101106268966_4938085549895319552_n-600x450.jpg 600w, https:\/\/www.padreydecano.com\/cms\/wp-content\/uploads\/2019\/05\/53588167_2340101106268966_4938085549895319552_n-768x576.jpg 768w\" sizes=\"(max-width: 960px) 100vw, 960px\" \/><\/p>\n<h6 style=\"text-align: center;\">Foto extra\u00edda del perfil de Facebook<\/h6>\n<p style=\"text-align: justify;\"><span style=\"font-weight: 400;\"><strong>La Pe\u00f1a Canelones \u00ab<\/strong><\/span><strong>Luis &#8216;Garotinho&#8217; Nunes\u00bb<\/strong><strong>\u00a0festej\u00f3 su quinto aniversario con una causa mucho mas noble que su propio feetejo.\u00a0<\/strong><\/p>\n<p style=\"text-align: justify;\"><span style=\"font-weight: 400;\">Cuando cumplieron cinco a\u00f1os como agrupaci\u00f3n decidieron festejarlo antes porque una causa era mucho m\u00e1s urgente. Organizaron una fiesta con varios invitados, comida entre otros para colaborar con Franco, un ni\u00f1o que padece un tumor facial por el cual deb\u00eda operarse con urgencia en el Sanatorio Americano de Montevideo. La madre no pod\u00eda solventar los gastos de los altos costos de la operaci\u00f3n, entonces la agrupaci\u00f3n decidi\u00f3 aportar su granito de arena para la causa. Vale aclarar que no solo fue la fiesta, sino tambi\u00e9n de distintas maneras siguieron colaborando por la causa.<\/span><\/p>\n<p style=\"text-align: justify;\"><span style=\"font-weight: 400;\">Tambi\u00e9n supieron sumarse a la movida que organiz\u00f3 el club sobre la \u201cVuelta a clases\u201d. La escuela beneficiada de toda la colaboraci\u00f3n de la Pe\u00f1a y la gente fue la Escuela Dionisio Diaz N\u00famero 34. <\/span><\/p>\n<p style=\"text-align: justify;\"><strong>Esta Pe\u00f1a tiene un compromiso completo con la ciudad. Actualmente se encuentran recolectando productos de limpieza para ayudar a los damnificados por las inundaciones.<\/strong><\/p>\n<p style=\"text-align: justify;\"><span style=\"font-weight: 400;\">Inicialmente, comenzaron siendo 28 personas pero luego de un parate en el tiempo, pasaron a ser menos. Actualmente, son entre 8 y 10 personas que conforman el equipo. Est\u00e1n buscando ser un grupo mayor, pero eso no les quita fuerza para seguir ayudando en nombre de Pe\u00f1arol.<\/span><\/p>\n<p style=\"text-align: justify;\"><strong>Si quer\u00e9s colaborar con esta Pe\u00f1a o participar en sus movidas, detallamos a continuacion sus redes:<\/strong><\/p>\n<p style=\"text-align: justify;\"><span style=\"font-weight: 400;\"><strong>Facebook<\/strong>: Pe\u00f1a Canelones PorPe\u00f1arol<\/span><\/p>\n<p style=\"text-align: justify;\"><span style=\"font-weight: 400;\"><strong>Twitter<\/strong>: @caneporcap<\/span><\/p>\n<p style=\"text-align: right;\"><strong><a href=\"https:\/\/twitter.com\/MarcosArlotto\">Marcos Arlotto<\/a> \u2013 UdelaR<\/strong><\/p>\n","protected":false},"excerpt":{"rendered":"<p>Foto extra\u00edda del perfil de Facebook La Pe\u00f1a Canelones \u00abLuis &#8216;Garotinho&#8217; Nunes\u00bb\u00a0festej\u00f3 su quinto aniversario con una causa mucho mas noble que su propio feetejo.\u00a0 Cuando cumplieron cinco a\u00f1os como agrupaci\u00f3n decidieron festejarlo antes porque una causa era mucho m\u00e1s urgente. Organizaron una fiesta con varios invitados, comida entre otros para colaborar con Franco, un [&hellip;]<\/p>\n","protected":false},"author":30,"featured_media":70600,"comment_status":"open","ping_status":"closed","sticky":false,"template":"","format":"standard","meta":{"footnotes":""},"categories":[42],"tags":[199],"yoast_head":"<!-- This site is optimized with the Yoast SEO plugin v23.2 - https:\/\/yoast.com\/wordpress\/plugins\/seo\/ -->\n<title>Pe\u00f1a Canelones: En nombre de Pe\u00f1arol ayudando a una ciudad - Padre y Decano - El Sitio del Pueblo<\/title>\n<meta name=\"robots\" content=\"index, follow, max-snippet:-1, max-image-preview:large, max-video-preview:-1\" \/>\n<link rel=\"canonical\" href=\"https:\/\/www.padreydecano.com\/cms\/penas\/pena-canelones-en-nombre-de-penarol-ayudando-a-una-ciudad\/\" \/>\n<meta property=\"og:locale\" content=\"es_ES\" \/>\n<meta property=\"og:type\" content=\"article\" \/>\n<meta property=\"og:title\" content=\"Pe\u00f1a Canelones: En nombre de Pe\u00f1arol ayudando a una ciudad - Padre y Decano - El Sitio del Pueblo\" \/>\n<meta property=\"og:description\" content=\"Foto extra\u00edda del perfil de Facebook La Pe\u00f1a Canelones \u00abLuis &#8216;Garotinho&#8217; Nunes\u00bb\u00a0festej\u00f3 su quinto aniversario con una causa mucho mas noble que su propio feetejo.\u00a0 Cuando cumplieron cinco a\u00f1os como agrupaci\u00f3n decidieron festejarlo antes porque una causa era mucho m\u00e1s urgente. Organizaron una fiesta con varios invitados, comida entre otros para colaborar con Franco, un [&hellip;]\" \/>\n<meta property=\"og:url\" content=\"https:\/\/www.padreydecano.com\/cms\/penas\/pena-canelones-en-nombre-de-penarol-ayudando-a-una-ciudad\/\" \/>\n<meta property=\"og:site_name\" content=\"Padre y Decano - El Sitio del Pueblo\" \/>\n<meta property=\"article:published_time\" content=\"2019-05-09T18:00:22+00:00\" \/>\n<meta property=\"article:modified_time\" content=\"2019-05-08T14:19:42+00:00\" \/>\n<meta property=\"og:image\" content=\"https:\/\/www.padreydecano.com\/cms\/wp-content\/uploads\/2019\/05\/53588167_2340101106268966_4938085549895319552_n.jpg\" \/>\n\t<meta property=\"og:image:width\" content=\"960\" \/>\n\t<meta property=\"og:image:height\" content=\"720\" \/>\n\t<meta property=\"og:image:type\" content=\"image\/jpeg\" \/>\n<meta name=\"author\" content=\"Udelar\" \/>\n<meta name=\"twitter:card\" content=\"summary_large_image\" \/>\n<meta name=\"twitter:label1\" content=\"Escrito por\" \/>\n\t<meta name=\"twitter:data1\" content=\"Udelar\" \/>\n\t<meta name=\"twitter:label2\" content=\"Tiempo de lectura\" \/>\n\t<meta name=\"twitter:data2\" content=\"1 minuto\" \/>\n<script type=\"application\/ld+json\" class=\"yoast-schema-graph\">{\"@context\":\"https:\/\/schema.org\",\"@graph\":[{\"@type\":\"Article\",\"@id\":\"https:\/\/www.padreydecano.com\/cms\/penas\/pena-canelones-en-nombre-de-penarol-ayudando-a-una-ciudad\/#article\",\"isPartOf\":{\"@id\":\"https:\/\/www.padreydecano.com\/cms\/penas\/pena-canelones-en-nombre-de-penarol-ayudando-a-una-ciudad\/\"},\"author\":{\"name\":\"Udelar\",\"@id\":\"https:\/\/www.padreydecano.com\/cms\/#\/schema\/person\/b22191326be6d1c7fa55c2ad137a9a32\"},\"headline\":\"Pe\u00f1a Canelones: En nombre de Pe\u00f1arol ayudando a una ciudad\",\"datePublished\":\"2019-05-09T18:00:22+00:00\",\"dateModified\":\"2019-05-08T14:19:42+00:00\",\"mainEntityOfPage\":{\"@id\":\"https:\/\/www.padreydecano.com\/cms\/penas\/pena-canelones-en-nombre-de-penarol-ayudando-a-una-ciudad\/\"},\"wordCount\":280,\"commentCount\":2,\"publisher\":{\"@id\":\"https:\/\/www.padreydecano.com\/cms\/#organization\"},\"image\":{\"@id\":\"https:\/\/www.padreydecano.com\/cms\/penas\/pena-canelones-en-nombre-de-penarol-ayudando-a-una-ciudad\/#primaryimage\"},\"thumbnailUrl\":\"https:\/\/www.padreydecano.com\/cms\/wp-content\/uploads\/2019\/05\/53588167_2340101106268966_4938085549895319552_n.jpg\",\"keywords\":[\"Pe\u00f1as Barriales\"],\"articleSection\":[\"Pe\u00f1as\"],\"inLanguage\":\"es\",\"potentialAction\":[{\"@type\":\"CommentAction\",\"name\":\"Comment\",\"target\":[\"https:\/\/www.padreydecano.com\/cms\/penas\/pena-canelones-en-nombre-de-penarol-ayudando-a-una-ciudad\/#respond\"]}]},{\"@type\":\"WebPage\",\"@id\":\"https:\/\/www.padreydecano.com\/cms\/penas\/pena-canelones-en-nombre-de-penarol-ayudando-a-una-ciudad\/\",\"url\":\"https:\/\/www.padreydecano.com\/cms\/penas\/pena-canelones-en-nombre-de-penarol-ayudando-a-una-ciudad\/\",\"name\":\"Pe\u00f1a Canelones: En nombre de Pe\u00f1arol ayudando a una ciudad - Padre y Decano - El Sitio del Pueblo\",\"isPartOf\":{\"@id\":\"https:\/\/www.padreydecano.com\/cms\/#website\"},\"primaryImageOfPage\":{\"@id\":\"https:\/\/www.padreydecano.com\/cms\/penas\/pena-canelones-en-nombre-de-penarol-ayudando-a-una-ciudad\/#primaryimage\"},\"image\":{\"@id\":\"https:\/\/www.padreydecano.com\/cms\/penas\/pena-canelones-en-nombre-de-penarol-ayudando-a-una-ciudad\/#primaryimage\"},\"thumbnailUrl\":\"https:\/\/www.padreydecano.com\/cms\/wp-content\/uploads\/2019\/05\/53588167_2340101106268966_4938085549895319552_n.jpg\",\"datePublished\":\"2019-05-09T18:00:22+00:00\",\"dateModified\":\"2019-05-08T14:19:42+00:00\",\"breadcrumb\":{\"@id\":\"https:\/\/www.padreydecano.com\/cms\/penas\/pena-canelones-en-nombre-de-penarol-ayudando-a-una-ciudad\/#breadcrumb\"},\"inLanguage\":\"es\",\"potentialAction\":[{\"@type\":\"ReadAction\",\"target\":[\"https:\/\/www.padreydecano.com\/cms\/penas\/pena-canelones-en-nombre-de-penarol-ayudando-a-una-ciudad\/\"]}]},{\"@type\":\"ImageObject\",\"inLanguage\":\"es\",\"@id\":\"https:\/\/www.padreydecano.com\/cms\/penas\/pena-canelones-en-nombre-de-penarol-ayudando-a-una-ciudad\/#primaryimage\",\"url\":\"https:\/\/www.padreydecano.com\/cms\/wp-content\/uploads\/2019\/05\/53588167_2340101106268966_4938085549895319552_n.jpg\",\"contentUrl\":\"https:\/\/www.padreydecano.com\/cms\/wp-content\/uploads\/2019\/05\/53588167_2340101106268966_4938085549895319552_n.jpg\",\"width\":960,\"height\":720},{\"@type\":\"BreadcrumbList\",\"@id\":\"https:\/\/www.padreydecano.com\/cms\/penas\/pena-canelones-en-nombre-de-penarol-ayudando-a-una-ciudad\/#breadcrumb\",\"itemListElement\":[{\"@type\":\"ListItem\",\"position\":1,\"name\":\"Portada\",\"item\":\"https:\/\/www.padreydecano.com\/cms\/\"},{\"@type\":\"ListItem\",\"position\":2,\"name\":\"Pe\u00f1a Canelones: En nombre de Pe\u00f1arol ayudando a una ciudad\"}]},{\"@type\":\"WebSite\",\"@id\":\"https:\/\/www.padreydecano.com\/cms\/#website\",\"url\":\"https:\/\/www.padreydecano.com\/cms\/\",\"name\":\"Padre y Decano - El Sitio del Pueblo\",\"description\":\"Club Atl\u00e9tico Pe\u00f1arol\",\"publisher\":{\"@id\":\"https:\/\/www.padreydecano.com\/cms\/#organization\"},\"potentialAction\":[{\"@type\":\"SearchAction\",\"target\":{\"@type\":\"EntryPoint\",\"urlTemplate\":\"https:\/\/www.padreydecano.com\/cms\/?s={search_term_string}\"},\"query-input\":\"required name=search_term_string\"}],\"inLanguage\":\"es\"},{\"@type\":\"Organization\",\"@id\":\"https:\/\/www.padreydecano.com\/cms\/#organization\",\"name\":\"Padre y Decano\",\"url\":\"https:\/\/www.padreydecano.com\/cms\/\",\"logo\":{\"@type\":\"ImageObject\",\"inLanguage\":\"es\",\"@id\":\"https:\/\/www.padreydecano.com\/cms\/#\/schema\/logo\/image\/\",\"url\":\"https:\/\/www.padreydecano.com\/cms\/wp-content\/uploads\/2022\/01\/avatar-square.png\",\"contentUrl\":\"https:\/\/www.padreydecano.com\/cms\/wp-content\/uploads\/2022\/01\/avatar-square.png\",\"width\":1500,\"height\":1500,\"caption\":\"Padre y Decano\"},\"image\":{\"@id\":\"https:\/\/www.padreydecano.com\/cms\/#\/schema\/logo\/image\/\"}},{\"@type\":\"Person\",\"@id\":\"https:\/\/www.padreydecano.com\/cms\/#\/schema\/person\/b22191326be6d1c7fa55c2ad137a9a32\",\"name\":\"Udelar\",\"image\":{\"@type\":\"ImageObject\",\"inLanguage\":\"es\",\"@id\":\"https:\/\/www.padreydecano.com\/cms\/#\/schema\/person\/image\/\",\"url\":\"https:\/\/secure.gravatar.com\/avatar\/611ece663b16897a2cd2f46982281225?s=96&d=https%3A%2F%2Fpadreydecano.com%2Fcms%2Fwp-content%2Fthemes%2Fpyd-theme%2Fimg%2Fdefault-avatar.png&r=g\",\"contentUrl\":\"https:\/\/secure.gravatar.com\/avatar\/611ece663b16897a2cd2f46982281225?s=96&d=https%3A%2F%2Fpadreydecano.com%2Fcms%2Fwp-content%2Fthemes%2Fpyd-theme%2Fimg%2Fdefault-avatar.png&r=g\",\"caption\":\"Udelar\"}}]}<\/script>\n<!-- \/ Yoast SEO plugin. -->","yoast_head_json":{"title":"Pe\u00f1a Canelones: En nombre de Pe\u00f1arol ayudando a una ciudad - Padre y Decano - El Sitio del Pueblo","robots":{"index":"index","follow":"follow","max-snippet":"max-snippet:-1","max-image-preview":"max-image-preview:large","max-video-preview":"max-video-preview:-1"},"canonical":"https:\/\/www.padreydecano.com\/cms\/penas\/pena-canelones-en-nombre-de-penarol-ayudando-a-una-ciudad\/","og_locale":"es_ES","og_type":"article","og_title":"Pe\u00f1a Canelones: En nombre de Pe\u00f1arol ayudando a una ciudad - Padre y Decano - El Sitio del Pueblo","og_description":"Foto extra\u00edda del perfil de Facebook La Pe\u00f1a Canelones \u00abLuis &#8216;Garotinho&#8217; Nunes\u00bb\u00a0festej\u00f3 su quinto aniversario con una causa mucho mas noble que su propio feetejo.\u00a0 Cuando cumplieron cinco a\u00f1os como agrupaci\u00f3n decidieron festejarlo antes porque una causa era mucho m\u00e1s urgente. Organizaron una fiesta con varios invitados, comida entre otros para colaborar con Franco, un [&hellip;]","og_url":"https:\/\/www.padreydecano.com\/cms\/penas\/pena-canelones-en-nombre-de-penarol-ayudando-a-una-ciudad\/","og_site_name":"Padre y Decano - El Sitio del Pueblo","article_published_time":"2019-05-09T18:00:22+00:00","article_modified_time":"2019-05-08T14:19:42+00:00","og_image":[{"width":960,"height":720,"url":"https:\/\/www.padreydecano.com\/cms\/wp-content\/uploads\/2019\/05\/53588167_2340101106268966_4938085549895319552_n.jpg","type":"image\/jpeg"}],"author":"Udelar","twitter_card":"summary_large_image","twitter_misc":{"Escrito por":"Udelar","Tiempo de lectura":"1 minuto"},"schema":{"@context":"https:\/\/schema.org","@graph":[{"@type":"Article","@id":"https:\/\/www.padreydecano.com\/cms\/penas\/pena-canelones-en-nombre-de-penarol-ayudando-a-una-ciudad\/#article","isPartOf":{"@id":"https:\/\/www.padreydecano.com\/cms\/penas\/pena-canelones-en-nombre-de-penarol-ayudando-a-una-ciudad\/"},"author":{"name":"Udelar","@id":"https:\/\/www.padreydecano.com\/cms\/#\/schema\/person\/b22191326be6d1c7fa55c2ad137a9a32"},"headline":"Pe\u00f1a Canelones: En nombre de Pe\u00f1arol ayudando a una ciudad","datePublished":"2019-05-09T18:00:22+00:00","dateModified":"2019-05-08T14:19:42+00:00","mainEntityOfPage":{"@id":"https:\/\/www.padreydecano.com\/cms\/penas\/pena-canelones-en-nombre-de-penarol-ayudando-a-una-ciudad\/"},"wordCount":280,"commentCount":2,"publisher":{"@id":"https:\/\/www.padreydecano.com\/cms\/#organization"},"image":{"@id":"https:\/\/www.padreydecano.com\/cms\/penas\/pena-canelones-en-nombre-de-penarol-ayudando-a-una-ciudad\/#primaryimage"},"thumbnailUrl":"https:\/\/www.padreydecano.com\/cms\/wp-content\/uploads\/2019\/05\/53588167_2340101106268966_4938085549895319552_n.jpg","keywords":["Pe\u00f1as Barriales"],"articleSection":["Pe\u00f1as"],"inLanguage":"es","potentialAction":[{"@type":"CommentAction","name":"Comment","target":["https:\/\/www.padreydecano.com\/cms\/penas\/pena-canelones-en-nombre-de-penarol-ayudando-a-una-ciudad\/#respond"]}]},{"@type":"WebPage","@id":"https:\/\/www.padreydecano.com\/cms\/penas\/pena-canelones-en-nombre-de-penarol-ayudando-a-una-ciudad\/","url":"https:\/\/www.padreydecano.com\/cms\/penas\/pena-canelones-en-nombre-de-penarol-ayudando-a-una-ciudad\/","name":"Pe\u00f1a Canelones: En nombre de Pe\u00f1arol ayudando a una ciudad - Padre y Decano - El Sitio del Pueblo","isPartOf":{"@id":"https:\/\/www.padreydecano.com\/cms\/#website"},"primaryImageOfPage":{"@id":"https:\/\/www.padreydecano.com\/cms\/penas\/pena-canelones-en-nombre-de-penarol-ayudando-a-una-ciudad\/#primaryimage"},"image":{"@id":"https:\/\/www.padreydecano.com\/cms\/penas\/pena-canelones-en-nombre-de-penarol-ayudando-a-una-ciudad\/#primaryimage"},"thumbnailUrl":"https:\/\/www.padreydecano.com\/cms\/wp-content\/uploads\/2019\/05\/53588167_2340101106268966_4938085549895319552_n.jpg","datePublished":"2019-05-09T18:00:22+00:00","dateModified":"2019-05-08T14:19:42+00:00","breadcrumb":{"@id":"https:\/\/www.padreydecano.com\/cms\/penas\/pena-canelones-en-nombre-de-penarol-ayudando-a-una-ciudad\/#breadcrumb"},"inLanguage":"es","potentialAction":[{"@type":"ReadAction","target":["https:\/\/www.padreydecano.com\/cms\/penas\/pena-canelones-en-nombre-de-penarol-ayudando-a-una-ciudad\/"]}]},{"@type":"ImageObject","inLanguage":"es","@id":"https:\/\/www.padreydecano.com\/cms\/penas\/pena-canelones-en-nombre-de-penarol-ayudando-a-una-ciudad\/#primaryimage","url":"https:\/\/www.padreydecano.com\/cms\/wp-content\/uploads\/2019\/05\/53588167_2340101106268966_4938085549895319552_n.jpg","contentUrl":"https:\/\/www.padreydecano.com\/cms\/wp-content\/uploads\/2019\/05\/53588167_2340101106268966_4938085549895319552_n.jpg","width":960,"height":720},{"@type":"BreadcrumbList","@id":"https:\/\/www.padreydecano.com\/cms\/penas\/pena-canelones-en-nombre-de-penarol-ayudando-a-una-ciudad\/#breadcrumb","itemListElement":[{"@type":"ListItem","position":1,"name":"Portada","item":"https:\/\/www.padreydecano.com\/cms\/"},{"@type":"ListItem","position":2,"name":"Pe\u00f1a Canelones: En nombre de Pe\u00f1arol ayudando a una ciudad"}]},{"@type":"WebSite","@id":"https:\/\/www.padreydecano.com\/cms\/#website","url":"https:\/\/www.padreydecano.com\/cms\/","name":"Padre y Decano - El Sitio del Pueblo","description":"Club Atl\u00e9tico Pe\u00f1arol","publisher":{"@id":"https:\/\/www.padreydecano.com\/cms\/#organization"},"potentialAction":[{"@type":"SearchAction","target":{"@type":"EntryPoint","urlTemplate":"https:\/\/www.padreydecano.com\/cms\/?s={search_term_string}"},"query-input":"required name=search_term_string"}],"inLanguage":"es"},{"@type":"Organization","@id":"https:\/\/www.padreydecano.com\/cms\/#organization","name":"Padre y Decano","url":"https:\/\/www.padreydecano.com\/cms\/","logo":{"@type":"ImageObject","inLanguage":"es","@id":"https:\/\/www.padreydecano.com\/cms\/#\/schema\/logo\/image\/","url":"https:\/\/www.padreydecano.com\/cms\/wp-content\/uploads\/2022\/01\/avatar-square.png","contentUrl":"https:\/\/www.padreydecano.com\/cms\/wp-content\/uploads\/2022\/01\/avatar-square.png","width":1500,"height":1500,"caption":"Padre y Decano"},"image":{"@id":"https:\/\/www.padreydecano.com\/cms\/#\/schema\/logo\/image\/"}},{"@type":"Person","@id":"https:\/\/www.padreydecano.com\/cms\/#\/schema\/person\/b22191326be6d1c7fa55c2ad137a9a32","name":"Udelar","image":{"@type":"ImageObject","inLanguage":"es","@id":"https:\/\/www.padreydecano.com\/cms\/#\/schema\/person\/image\/","url":"https:\/\/secure.gravatar.com\/avatar\/611ece663b16897a2cd2f46982281225?s=96&d=https%3A%2F%2Fpadreydecano.com%2Fcms%2Fwp-content%2Fthemes%2Fpyd-theme%2Fimg%2Fdefault-avatar.png&r=g","contentUrl":"https:\/\/secure.gravatar.com\/avatar\/611ece663b16897a2cd2f46982281225?s=96&d=https%3A%2F%2Fpadreydecano.com%2Fcms%2Fwp-content%2Fthemes%2Fpyd-theme%2Fimg%2Fdefault-avatar.png&r=g","caption":"Udelar"}}]}},"_links":{"self":[{"href":"https:\/\/www.padreydecano.com\/cms\/wp-json\/wp\/v2\/posts\/70599"}],"collection":[{"href":"https:\/\/www.padreydecano.com\/cms\/wp-json\/wp\/v2\/posts"}],"about":[{"href":"https:\/\/www.padreydecano.com\/cms\/wp-json\/wp\/v2\/types\/post"}],"author":[{"embeddable":true,"href":"https:\/\/www.padreydecano.com\/cms\/wp-json\/wp\/v2\/users\/30"}],"replies":[{"embeddable":true,"href":"https:\/\/www.padreydecano.com\/cms\/wp-json\/wp\/v2\/comments?post=70599"}],"version-history":[{"count":0,"href":"https:\/\/www.padreydecano.com\/cms\/wp-json\/wp\/v2\/posts\/70599\/revisions"}],"wp:featuredmedia":[{"embeddable":true,"href":"https:\/\/www.padreydecano.com\/cms\/wp-json\/wp\/v2\/media\/70600"}],"wp:attachment":[{"href":"https:\/\/www.padreydecano.com\/cms\/wp-json\/wp\/v2\/media?parent=70599"}],"wp:term":[{"taxonomy":"category","embeddable":true,"href":"https:\/\/www.padreydecano.com\/cms\/wp-json\/wp\/v2\/categories?post=70599"},{"taxonomy":"post_tag","embeddable":true,"href":"https:\/\/www.padreydecano.com\/cms\/wp-json\/wp\/v2\/tags?post=70599"}],"curies":[{"name":"wp","href":"https:\/\/api.w.org\/{rel}","templated":true}]}}