{"id":70132,"date":"2019-03-24T09:00:14","date_gmt":"2019-03-24T12:00:14","guid":{"rendered":"http:\/\/www.padreydecano.com\/cms\/?p=70132"},"modified":"2019-03-23T22:54:55","modified_gmt":"2019-03-24T01:54:55","slug":"campana-de-socios-para-futbol-sala","status":"publish","type":"post","link":"https:\/\/www.padreydecano.com\/cms\/noticias\/campana-de-socios-para-futbol-sala\/","title":{"rendered":"Campa\u00f1a de socios para F\u00fatbol Sala"},"content":{"rendered":"<p><a href=\"https:\/\/www.padreydecano.com\/cms\/wp-content\/uploads\/2019\/03\/D2IuR3LXcAEpYh5.jpg\" rel=\"shadowbox[sbpost-70132];player=img;\"><img loading=\"lazy\" decoding=\"async\" class=\"aligncenter size-full wp-image-70133\" src=\"https:\/\/www.padreydecano.com\/cms\/wp-content\/uploads\/2019\/03\/D2IuR3LXcAEpYh5.jpg\" alt=\"\" width=\"1200\" height=\"1200\" srcset=\"https:\/\/www.padreydecano.com\/cms\/wp-content\/uploads\/2019\/03\/D2IuR3LXcAEpYh5.jpg 1200w, https:\/\/www.padreydecano.com\/cms\/wp-content\/uploads\/2019\/03\/D2IuR3LXcAEpYh5-150x150.jpg 150w, https:\/\/www.padreydecano.com\/cms\/wp-content\/uploads\/2019\/03\/D2IuR3LXcAEpYh5-600x600.jpg 600w, https:\/\/www.padreydecano.com\/cms\/wp-content\/uploads\/2019\/03\/D2IuR3LXcAEpYh5-768x768.jpg 768w, https:\/\/www.padreydecano.com\/cms\/wp-content\/uploads\/2019\/03\/D2IuR3LXcAEpYh5-1024x1024.jpg 1024w, https:\/\/www.padreydecano.com\/cms\/wp-content\/uploads\/2019\/03\/D2IuR3LXcAEpYh5-36x36.jpg 36w\" sizes=\"(max-width: 1200px) 100vw, 1200px\" \/><\/a><\/p>\n<p style=\"text-align: justify;\"><strong>Los mismos colores, la misma pasi\u00f3n y la misma ansiedad por una nueva iniciativa. Con una gran repercusi\u00f3n, Pe\u00f1arol F\u00fatbol Sala present\u00f3 la campa\u00f1a de socios para este a\u00f1o.<\/strong><\/p>\n<p style=\"text-align: justify;\">Pe\u00f1arol F\u00fatbol Sala lanz\u00f3 la campa\u00f1a de socios colaboradores. Para hacer a un Pe\u00f1arol m\u00e1s atl\u00e9tico que nunca, y por tan solo $ 990 al a\u00f1o, ten\u00e9s libre acceso para toda la temporada 2019.<\/p>\n<p style=\"text-align: justify;\">Adem\u00e1s, como si fuera poco, te llev\u00e1s la remera de entrenamiento del Decano. Porque Pe\u00f1arol va m\u00e1s all\u00e1 del f\u00fatbol profesional. Un Pe\u00f1arol que crece en todas sus \u00e1reas, y donde el hincha es la columna vertebral de una gloriosa instituci\u00f3n, y es el principal responsable para agigantar el nombre del cuadro m\u00e1s popular de Uruguay.<\/p>\n<p style=\"text-align: justify;\"><strong>Por m\u00e1s informaci\u00f3n, podes comunicarte al 098 973 855 o f\u00fatbolsala@cape\u00f1arol.com.uy.<\/strong><\/p>\n<p style=\"text-align: right;\"><strong>Math\u00edas Tilve &#8211; Udelar.<\/strong><\/p>\n","protected":false},"excerpt":{"rendered":"<p>Los mismos colores, la misma pasi\u00f3n y la misma ansiedad por una nueva iniciativa. Con una gran repercusi\u00f3n, Pe\u00f1arol F\u00fatbol Sala present\u00f3 la campa\u00f1a de socios para este a\u00f1o. Pe\u00f1arol F\u00fatbol Sala lanz\u00f3 la campa\u00f1a de socios colaboradores. Para hacer a un Pe\u00f1arol m\u00e1s atl\u00e9tico que nunca, y por tan solo $ 990 al a\u00f1o, [&hellip;]<\/p>\n","protected":false},"author":5,"featured_media":70133,"comment_status":"open","ping_status":"closed","sticky":false,"template":"","format":"standard","meta":{"footnotes":""},"categories":[1,27],"tags":[34],"yoast_head":"<!-- This site is optimized with the Yoast SEO plugin v23.2 - https:\/\/yoast.com\/wordpress\/plugins\/seo\/ -->\n<title>Campa\u00f1a de socios para F\u00fatbol Sala - Padre y Decano - El Sitio del Pueblo<\/title>\n<meta name=\"robots\" content=\"index, follow, max-snippet:-1, max-image-preview:large, max-video-preview:-1\" \/>\n<link rel=\"canonical\" href=\"https:\/\/www.padreydecano.com\/cms\/noticias\/campana-de-socios-para-futbol-sala\/\" \/>\n<meta property=\"og:locale\" content=\"es_ES\" \/>\n<meta property=\"og:type\" content=\"article\" \/>\n<meta property=\"og:title\" content=\"Campa\u00f1a de socios para F\u00fatbol Sala - Padre y Decano - El Sitio del Pueblo\" \/>\n<meta property=\"og:description\" content=\"Los mismos colores, la misma pasi\u00f3n y la misma ansiedad por una nueva iniciativa. Con una gran repercusi\u00f3n, Pe\u00f1arol F\u00fatbol Sala present\u00f3 la campa\u00f1a de socios para este a\u00f1o. Pe\u00f1arol F\u00fatbol Sala lanz\u00f3 la campa\u00f1a de socios colaboradores. Para hacer a un Pe\u00f1arol m\u00e1s atl\u00e9tico que nunca, y por tan solo $ 990 al a\u00f1o, [&hellip;]\" \/>\n<meta property=\"og:url\" content=\"https:\/\/www.padreydecano.com\/cms\/noticias\/campana-de-socios-para-futbol-sala\/\" \/>\n<meta property=\"og:site_name\" content=\"Padre y Decano - El Sitio del Pueblo\" \/>\n<meta property=\"article:published_time\" content=\"2019-03-24T12:00:14+00:00\" \/>\n<meta property=\"article:modified_time\" content=\"2019-03-24T01:54:55+00:00\" \/>\n<meta property=\"og:image\" content=\"https:\/\/www.padreydecano.com\/cms\/wp-content\/uploads\/2019\/03\/D2IuR3LXcAEpYh5.jpg\" \/>\n\t<meta property=\"og:image:width\" content=\"1200\" \/>\n\t<meta property=\"og:image:height\" content=\"1200\" \/>\n\t<meta property=\"og:image:type\" content=\"image\/jpeg\" \/>\n<meta name=\"author\" content=\"Emirona07\" \/>\n<meta name=\"twitter:card\" content=\"summary_large_image\" \/>\n<meta name=\"twitter:label1\" content=\"Escrito por\" \/>\n\t<meta name=\"twitter:data1\" content=\"Emirona07\" \/>\n\t<meta name=\"twitter:label2\" content=\"Tiempo de lectura\" \/>\n\t<meta name=\"twitter:data2\" content=\"1 minuto\" \/>\n<script type=\"application\/ld+json\" class=\"yoast-schema-graph\">{\"@context\":\"https:\/\/schema.org\",\"@graph\":[{\"@type\":\"Article\",\"@id\":\"https:\/\/www.padreydecano.com\/cms\/noticias\/campana-de-socios-para-futbol-sala\/#article\",\"isPartOf\":{\"@id\":\"https:\/\/www.padreydecano.com\/cms\/noticias\/campana-de-socios-para-futbol-sala\/\"},\"author\":{\"name\":\"Emirona07\",\"@id\":\"https:\/\/www.padreydecano.com\/cms\/#\/schema\/person\/51e0214db654d9624824b37c2838bb65\"},\"headline\":\"Campa\u00f1a de socios para F\u00fatbol Sala\",\"datePublished\":\"2019-03-24T12:00:14+00:00\",\"dateModified\":\"2019-03-24T01:54:55+00:00\",\"mainEntityOfPage\":{\"@id\":\"https:\/\/www.padreydecano.com\/cms\/noticias\/campana-de-socios-para-futbol-sala\/\"},\"wordCount\":166,\"commentCount\":2,\"publisher\":{\"@id\":\"https:\/\/www.padreydecano.com\/cms\/#organization\"},\"image\":{\"@id\":\"https:\/\/www.padreydecano.com\/cms\/noticias\/campana-de-socios-para-futbol-sala\/#primaryimage\"},\"thumbnailUrl\":\"https:\/\/www.padreydecano.com\/cms\/wp-content\/uploads\/2019\/03\/D2IuR3LXcAEpYh5.jpg\",\"keywords\":[\"Futsal\"],\"articleSection\":[\"Noticias\",\"Otras disciplinas\"],\"inLanguage\":\"es\",\"potentialAction\":[{\"@type\":\"CommentAction\",\"name\":\"Comment\",\"target\":[\"https:\/\/www.padreydecano.com\/cms\/noticias\/campana-de-socios-para-futbol-sala\/#respond\"]}]},{\"@type\":\"WebPage\",\"@id\":\"https:\/\/www.padreydecano.com\/cms\/noticias\/campana-de-socios-para-futbol-sala\/\",\"url\":\"https:\/\/www.padreydecano.com\/cms\/noticias\/campana-de-socios-para-futbol-sala\/\",\"name\":\"Campa\u00f1a de socios para F\u00fatbol Sala - Padre y Decano - El Sitio del Pueblo\",\"isPartOf\":{\"@id\":\"https:\/\/www.padreydecano.com\/cms\/#website\"},\"primaryImageOfPage\":{\"@id\":\"https:\/\/www.padreydecano.com\/cms\/noticias\/campana-de-socios-para-futbol-sala\/#primaryimage\"},\"image\":{\"@id\":\"https:\/\/www.padreydecano.com\/cms\/noticias\/campana-de-socios-para-futbol-sala\/#primaryimage\"},\"thumbnailUrl\":\"https:\/\/www.padreydecano.com\/cms\/wp-content\/uploads\/2019\/03\/D2IuR3LXcAEpYh5.jpg\",\"datePublished\":\"2019-03-24T12:00:14+00:00\",\"dateModified\":\"2019-03-24T01:54:55+00:00\",\"breadcrumb\":{\"@id\":\"https:\/\/www.padreydecano.com\/cms\/noticias\/campana-de-socios-para-futbol-sala\/#breadcrumb\"},\"inLanguage\":\"es\",\"potentialAction\":[{\"@type\":\"ReadAction\",\"target\":[\"https:\/\/www.padreydecano.com\/cms\/noticias\/campana-de-socios-para-futbol-sala\/\"]}]},{\"@type\":\"ImageObject\",\"inLanguage\":\"es\",\"@id\":\"https:\/\/www.padreydecano.com\/cms\/noticias\/campana-de-socios-para-futbol-sala\/#primaryimage\",\"url\":\"https:\/\/www.padreydecano.com\/cms\/wp-content\/uploads\/2019\/03\/D2IuR3LXcAEpYh5.jpg\",\"contentUrl\":\"https:\/\/www.padreydecano.com\/cms\/wp-content\/uploads\/2019\/03\/D2IuR3LXcAEpYh5.jpg\",\"width\":1200,\"height\":1200},{\"@type\":\"BreadcrumbList\",\"@id\":\"https:\/\/www.padreydecano.com\/cms\/noticias\/campana-de-socios-para-futbol-sala\/#breadcrumb\",\"itemListElement\":[{\"@type\":\"ListItem\",\"position\":1,\"name\":\"Portada\",\"item\":\"https:\/\/www.padreydecano.com\/cms\/\"},{\"@type\":\"ListItem\",\"position\":2,\"name\":\"Campa\u00f1a de socios para F\u00fatbol Sala\"}]},{\"@type\":\"WebSite\",\"@id\":\"https:\/\/www.padreydecano.com\/cms\/#website\",\"url\":\"https:\/\/www.padreydecano.com\/cms\/\",\"name\":\"Padre y Decano - El Sitio del Pueblo\",\"description\":\"Club Atl\u00e9tico Pe\u00f1arol\",\"publisher\":{\"@id\":\"https:\/\/www.padreydecano.com\/cms\/#organization\"},\"potentialAction\":[{\"@type\":\"SearchAction\",\"target\":{\"@type\":\"EntryPoint\",\"urlTemplate\":\"https:\/\/www.padreydecano.com\/cms\/?s={search_term_string}\"},\"query-input\":\"required name=search_term_string\"}],\"inLanguage\":\"es\"},{\"@type\":\"Organization\",\"@id\":\"https:\/\/www.padreydecano.com\/cms\/#organization\",\"name\":\"Padre y Decano\",\"url\":\"https:\/\/www.padreydecano.com\/cms\/\",\"logo\":{\"@type\":\"ImageObject\",\"inLanguage\":\"es\",\"@id\":\"https:\/\/www.padreydecano.com\/cms\/#\/schema\/logo\/image\/\",\"url\":\"https:\/\/www.padreydecano.com\/cms\/wp-content\/uploads\/2022\/01\/avatar-square.png\",\"contentUrl\":\"https:\/\/www.padreydecano.com\/cms\/wp-content\/uploads\/2022\/01\/avatar-square.png\",\"width\":1500,\"height\":1500,\"caption\":\"Padre y Decano\"},\"image\":{\"@id\":\"https:\/\/www.padreydecano.com\/cms\/#\/schema\/logo\/image\/\"}},{\"@type\":\"Person\",\"@id\":\"https:\/\/www.padreydecano.com\/cms\/#\/schema\/person\/51e0214db654d9624824b37c2838bb65\",\"name\":\"Emirona07\",\"image\":{\"@type\":\"ImageObject\",\"inLanguage\":\"es\",\"@id\":\"https:\/\/www.padreydecano.com\/cms\/#\/schema\/person\/image\/\",\"url\":\"https:\/\/secure.gravatar.com\/avatar\/93c9118dbd5373a8a065bb5cdddde6bf?s=96&d=https%3A%2F%2Fpadreydecano.com%2Fcms%2Fwp-content%2Fthemes%2Fpyd-theme%2Fimg%2Fdefault-avatar.png&r=g\",\"contentUrl\":\"https:\/\/secure.gravatar.com\/avatar\/93c9118dbd5373a8a065bb5cdddde6bf?s=96&d=https%3A%2F%2Fpadreydecano.com%2Fcms%2Fwp-content%2Fthemes%2Fpyd-theme%2Fimg%2Fdefault-avatar.png&r=g\",\"caption\":\"Emirona07\"}}]}<\/script>\n<!-- \/ Yoast SEO plugin. -->","yoast_head_json":{"title":"Campa\u00f1a de socios para F\u00fatbol Sala - Padre y Decano - El Sitio del Pueblo","robots":{"index":"index","follow":"follow","max-snippet":"max-snippet:-1","max-image-preview":"max-image-preview:large","max-video-preview":"max-video-preview:-1"},"canonical":"https:\/\/www.padreydecano.com\/cms\/noticias\/campana-de-socios-para-futbol-sala\/","og_locale":"es_ES","og_type":"article","og_title":"Campa\u00f1a de socios para F\u00fatbol Sala - Padre y Decano - El Sitio del Pueblo","og_description":"Los mismos colores, la misma pasi\u00f3n y la misma ansiedad por una nueva iniciativa. Con una gran repercusi\u00f3n, Pe\u00f1arol F\u00fatbol Sala present\u00f3 la campa\u00f1a de socios para este a\u00f1o. Pe\u00f1arol F\u00fatbol Sala lanz\u00f3 la campa\u00f1a de socios colaboradores. Para hacer a un Pe\u00f1arol m\u00e1s atl\u00e9tico que nunca, y por tan solo $ 990 al a\u00f1o, [&hellip;]","og_url":"https:\/\/www.padreydecano.com\/cms\/noticias\/campana-de-socios-para-futbol-sala\/","og_site_name":"Padre y Decano - El Sitio del Pueblo","article_published_time":"2019-03-24T12:00:14+00:00","article_modified_time":"2019-03-24T01:54:55+00:00","og_image":[{"width":1200,"height":1200,"url":"https:\/\/www.padreydecano.com\/cms\/wp-content\/uploads\/2019\/03\/D2IuR3LXcAEpYh5.jpg","type":"image\/jpeg"}],"author":"Emirona07","twitter_card":"summary_large_image","twitter_misc":{"Escrito por":"Emirona07","Tiempo de lectura":"1 minuto"},"schema":{"@context":"https:\/\/schema.org","@graph":[{"@type":"Article","@id":"https:\/\/www.padreydecano.com\/cms\/noticias\/campana-de-socios-para-futbol-sala\/#article","isPartOf":{"@id":"https:\/\/www.padreydecano.com\/cms\/noticias\/campana-de-socios-para-futbol-sala\/"},"author":{"name":"Emirona07","@id":"https:\/\/www.padreydecano.com\/cms\/#\/schema\/person\/51e0214db654d9624824b37c2838bb65"},"headline":"Campa\u00f1a de socios para F\u00fatbol Sala","datePublished":"2019-03-24T12:00:14+00:00","dateModified":"2019-03-24T01:54:55+00:00","mainEntityOfPage":{"@id":"https:\/\/www.padreydecano.com\/cms\/noticias\/campana-de-socios-para-futbol-sala\/"},"wordCount":166,"commentCount":2,"publisher":{"@id":"https:\/\/www.padreydecano.com\/cms\/#organization"},"image":{"@id":"https:\/\/www.padreydecano.com\/cms\/noticias\/campana-de-socios-para-futbol-sala\/#primaryimage"},"thumbnailUrl":"https:\/\/www.padreydecano.com\/cms\/wp-content\/uploads\/2019\/03\/D2IuR3LXcAEpYh5.jpg","keywords":["Futsal"],"articleSection":["Noticias","Otras disciplinas"],"inLanguage":"es","potentialAction":[{"@type":"CommentAction","name":"Comment","target":["https:\/\/www.padreydecano.com\/cms\/noticias\/campana-de-socios-para-futbol-sala\/#respond"]}]},{"@type":"WebPage","@id":"https:\/\/www.padreydecano.com\/cms\/noticias\/campana-de-socios-para-futbol-sala\/","url":"https:\/\/www.padreydecano.com\/cms\/noticias\/campana-de-socios-para-futbol-sala\/","name":"Campa\u00f1a de socios para F\u00fatbol Sala - Padre y Decano - El Sitio del Pueblo","isPartOf":{"@id":"https:\/\/www.padreydecano.com\/cms\/#website"},"primaryImageOfPage":{"@id":"https:\/\/www.padreydecano.com\/cms\/noticias\/campana-de-socios-para-futbol-sala\/#primaryimage"},"image":{"@id":"https:\/\/www.padreydecano.com\/cms\/noticias\/campana-de-socios-para-futbol-sala\/#primaryimage"},"thumbnailUrl":"https:\/\/www.padreydecano.com\/cms\/wp-content\/uploads\/2019\/03\/D2IuR3LXcAEpYh5.jpg","datePublished":"2019-03-24T12:00:14+00:00","dateModified":"2019-03-24T01:54:55+00:00","breadcrumb":{"@id":"https:\/\/www.padreydecano.com\/cms\/noticias\/campana-de-socios-para-futbol-sala\/#breadcrumb"},"inLanguage":"es","potentialAction":[{"@type":"ReadAction","target":["https:\/\/www.padreydecano.com\/cms\/noticias\/campana-de-socios-para-futbol-sala\/"]}]},{"@type":"ImageObject","inLanguage":"es","@id":"https:\/\/www.padreydecano.com\/cms\/noticias\/campana-de-socios-para-futbol-sala\/#primaryimage","url":"https:\/\/www.padreydecano.com\/cms\/wp-content\/uploads\/2019\/03\/D2IuR3LXcAEpYh5.jpg","contentUrl":"https:\/\/www.padreydecano.com\/cms\/wp-content\/uploads\/2019\/03\/D2IuR3LXcAEpYh5.jpg","width":1200,"height":1200},{"@type":"BreadcrumbList","@id":"https:\/\/www.padreydecano.com\/cms\/noticias\/campana-de-socios-para-futbol-sala\/#breadcrumb","itemListElement":[{"@type":"ListItem","position":1,"name":"Portada","item":"https:\/\/www.padreydecano.com\/cms\/"},{"@type":"ListItem","position":2,"name":"Campa\u00f1a de socios para F\u00fatbol Sala"}]},{"@type":"WebSite","@id":"https:\/\/www.padreydecano.com\/cms\/#website","url":"https:\/\/www.padreydecano.com\/cms\/","name":"Padre y Decano - El Sitio del Pueblo","description":"Club Atl\u00e9tico Pe\u00f1arol","publisher":{"@id":"https:\/\/www.padreydecano.com\/cms\/#organization"},"potentialAction":[{"@type":"SearchAction","target":{"@type":"EntryPoint","urlTemplate":"https:\/\/www.padreydecano.com\/cms\/?s={search_term_string}"},"query-input":"required name=search_term_string"}],"inLanguage":"es"},{"@type":"Organization","@id":"https:\/\/www.padreydecano.com\/cms\/#organization","name":"Padre y Decano","url":"https:\/\/www.padreydecano.com\/cms\/","logo":{"@type":"ImageObject","inLanguage":"es","@id":"https:\/\/www.padreydecano.com\/cms\/#\/schema\/logo\/image\/","url":"https:\/\/www.padreydecano.com\/cms\/wp-content\/uploads\/2022\/01\/avatar-square.png","contentUrl":"https:\/\/www.padreydecano.com\/cms\/wp-content\/uploads\/2022\/01\/avatar-square.png","width":1500,"height":1500,"caption":"Padre y Decano"},"image":{"@id":"https:\/\/www.padreydecano.com\/cms\/#\/schema\/logo\/image\/"}},{"@type":"Person","@id":"https:\/\/www.padreydecano.com\/cms\/#\/schema\/person\/51e0214db654d9624824b37c2838bb65","name":"Emirona07","image":{"@type":"ImageObject","inLanguage":"es","@id":"https:\/\/www.padreydecano.com\/cms\/#\/schema\/person\/image\/","url":"https:\/\/secure.gravatar.com\/avatar\/93c9118dbd5373a8a065bb5cdddde6bf?s=96&d=https%3A%2F%2Fpadreydecano.com%2Fcms%2Fwp-content%2Fthemes%2Fpyd-theme%2Fimg%2Fdefault-avatar.png&r=g","contentUrl":"https:\/\/secure.gravatar.com\/avatar\/93c9118dbd5373a8a065bb5cdddde6bf?s=96&d=https%3A%2F%2Fpadreydecano.com%2Fcms%2Fwp-content%2Fthemes%2Fpyd-theme%2Fimg%2Fdefault-avatar.png&r=g","caption":"Emirona07"}}]}},"_links":{"self":[{"href":"https:\/\/www.padreydecano.com\/cms\/wp-json\/wp\/v2\/posts\/70132"}],"collection":[{"href":"https:\/\/www.padreydecano.com\/cms\/wp-json\/wp\/v2\/posts"}],"about":[{"href":"https:\/\/www.padreydecano.com\/cms\/wp-json\/wp\/v2\/types\/post"}],"author":[{"embeddable":true,"href":"https:\/\/www.padreydecano.com\/cms\/wp-json\/wp\/v2\/users\/5"}],"replies":[{"embeddable":true,"href":"https:\/\/www.padreydecano.com\/cms\/wp-json\/wp\/v2\/comments?post=70132"}],"version-history":[{"count":0,"href":"https:\/\/www.padreydecano.com\/cms\/wp-json\/wp\/v2\/posts\/70132\/revisions"}],"wp:featuredmedia":[{"embeddable":true,"href":"https:\/\/www.padreydecano.com\/cms\/wp-json\/wp\/v2\/media\/70133"}],"wp:attachment":[{"href":"https:\/\/www.padreydecano.com\/cms\/wp-json\/wp\/v2\/media?parent=70132"}],"wp:term":[{"taxonomy":"category","embeddable":true,"href":"https:\/\/www.padreydecano.com\/cms\/wp-json\/wp\/v2\/categories?post=70132"},{"taxonomy":"post_tag","embeddable":true,"href":"https:\/\/www.padreydecano.com\/cms\/wp-json\/wp\/v2\/tags?post=70132"}],"curies":[{"name":"wp","href":"https:\/\/api.w.org\/{rel}","templated":true}]}}