{"id":70037,"date":"2019-03-14T12:01:33","date_gmt":"2019-03-14T15:01:33","guid":{"rendered":"http:\/\/www.padreydecano.com\/cms\/?p=70037"},"modified":"2019-03-14T12:01:33","modified_gmt":"2019-03-14T15:01:33","slug":"nuevos-terrenos-para-el-cds","status":"publish","type":"post","link":"https:\/\/www.padreydecano.com\/cms\/noticias\/nuevos-terrenos-para-el-cds\/","title":{"rendered":"Nuevos terrenos para el CDS"},"content":{"rendered":"<p style=\"text-align: justify;\"><a href=\"https:\/\/www.padreydecano.com\/cms\/wp-content\/uploads\/2016\/03\/Campe\u00f3n-del-Siglo-Ignacio-Fern\u00e1ndez-Ant\u00eda-8.jpg\" rel=\"shadowbox[sbpost-70037];player=img;\"><img loading=\"lazy\" decoding=\"async\" class=\"size-full wp-image-57944\" src=\"https:\/\/www.padreydecano.com\/cms\/wp-content\/uploads\/2016\/03\/Campe\u00f3n-del-Siglo-Ignacio-Fern\u00e1ndez-Ant\u00eda-8.jpg\" alt=\"\" width=\"800\" height=\"600\" srcset=\"https:\/\/www.padreydecano.com\/cms\/wp-content\/uploads\/2016\/03\/Campe\u00f3n-del-Siglo-Ignacio-Fern\u00e1ndez-Ant\u00eda-8.jpg 800w, https:\/\/www.padreydecano.com\/cms\/wp-content\/uploads\/2016\/03\/Campe\u00f3n-del-Siglo-Ignacio-Fern\u00e1ndez-Ant\u00eda-8-300x225.jpg 300w, https:\/\/www.padreydecano.com\/cms\/wp-content\/uploads\/2016\/03\/Campe\u00f3n-del-Siglo-Ignacio-Fern\u00e1ndez-Ant\u00eda-8-768x576.jpg 768w\" sizes=\"(max-width: 800px) 100vw, 800px\" \/><\/a><\/p>\n<p style=\"text-align: justify;\"><strong>Pe\u00f1arol adquiri\u00f3 nuevos espacios en las inmediaciones del Estadio Campe\u00f3n Del Siglo. Con esta compra se ampliar\u00e1 la zona de estacionamientos y se construir\u00e1 un nuevo alojamiento para juveniles.<\/strong><\/p>\n<p>En la jornada de ayer y tras ocho meses de negociaciones secretas, la dirigencia de la entidad decana firm\u00f3 la compra de terrenos existente detr\u00e1s de las tribunas Henderson y Cataldi. El lugar permitir\u00e1 que se realicen nuevos estacionamientos (quiz\u00e1s lleguen a cuadruplicar el espacio para veh\u00edculos), necesarios para la mejora de la accesibilidad al recinto carbonero.<\/p>\n<p>Adem\u00e1s, ser\u00e1n acondicionadas las instalaciones ya existentes, para un nuevo alojamiento para las formativas aurinegras. Se espera comenzar las obras antes de que termine el a\u00f1o 2019.<\/p>\n<p style=\"text-align: right;\"><span class=\"placeholder_end\"><div class=\"user-wrapper\"><a class=\"userlink\" href=\"https:\/\/twitter.com\/wilsonmendez86\" target=\"_blank\"><figure><img decoding=\"async\" src=\"http:\/\/www.padreydecano.com\/cms\/wp-users-files\/postfirmas\/wilsonmendez86.jpg\" \/><\/figure><p class=\"user\"><strong>Wilson M&eacute;ndez<\/strong><br \/>@wilsonmendez86<\/p><\/a><\/div><\/span><\/p>\n","protected":false},"excerpt":{"rendered":"<p>Pe\u00f1arol adquiri\u00f3 nuevos espacios en las inmediaciones del Estadio Campe\u00f3n Del Siglo. Con esta compra se ampliar\u00e1 la zona de estacionamientos y se construir\u00e1 un nuevo alojamiento para juveniles. En la jornada de ayer y tras ocho meses de negociaciones secretas, la dirigencia de la entidad decana firm\u00f3 la compra de terrenos existente detr\u00e1s de [&hellip;]<\/p>\n","protected":false},"author":27,"featured_media":57944,"comment_status":"open","ping_status":"closed","sticky":false,"template":"","format":"standard","meta":{"footnotes":""},"categories":[1],"tags":[],"yoast_head":"<!-- This site is optimized with the Yoast SEO plugin v23.2 - https:\/\/yoast.com\/wordpress\/plugins\/seo\/ -->\n<title>Nuevos terrenos para el CDS - Padre y Decano - El Sitio del Pueblo<\/title>\n<meta name=\"robots\" content=\"index, follow, max-snippet:-1, max-image-preview:large, max-video-preview:-1\" \/>\n<link rel=\"canonical\" href=\"https:\/\/www.padreydecano.com\/cms\/noticias\/nuevos-terrenos-para-el-cds\/\" \/>\n<meta property=\"og:locale\" content=\"es_ES\" \/>\n<meta property=\"og:type\" content=\"article\" \/>\n<meta property=\"og:title\" content=\"Nuevos terrenos para el CDS - Padre y Decano - El Sitio del Pueblo\" \/>\n<meta property=\"og:description\" content=\"Pe\u00f1arol adquiri\u00f3 nuevos espacios en las inmediaciones del Estadio Campe\u00f3n Del Siglo. Con esta compra se ampliar\u00e1 la zona de estacionamientos y se construir\u00e1 un nuevo alojamiento para juveniles. En la jornada de ayer y tras ocho meses de negociaciones secretas, la dirigencia de la entidad decana firm\u00f3 la compra de terrenos existente detr\u00e1s de [&hellip;]\" \/>\n<meta property=\"og:url\" content=\"https:\/\/www.padreydecano.com\/cms\/noticias\/nuevos-terrenos-para-el-cds\/\" \/>\n<meta property=\"og:site_name\" content=\"Padre y Decano - El Sitio del Pueblo\" \/>\n<meta property=\"article:published_time\" content=\"2019-03-14T15:01:33+00:00\" \/>\n<meta property=\"og:image\" content=\"https:\/\/www.padreydecano.com\/cms\/wp-content\/uploads\/2016\/03\/Campe\u00f3n-del-Siglo-Ignacio-Fern\u00e1ndez-Ant\u00eda-8.jpg\" \/>\n\t<meta property=\"og:image:width\" content=\"800\" \/>\n\t<meta property=\"og:image:height\" content=\"600\" \/>\n\t<meta property=\"og:image:type\" content=\"image\/jpeg\" \/>\n<meta name=\"author\" content=\"Redactores Padre y Decano\" \/>\n<meta name=\"twitter:card\" content=\"summary_large_image\" \/>\n<meta name=\"twitter:label1\" content=\"Escrito por\" \/>\n\t<meta name=\"twitter:data1\" content=\"Redactores Padre y Decano\" \/>\n\t<meta name=\"twitter:label2\" content=\"Tiempo de lectura\" \/>\n\t<meta name=\"twitter:data2\" content=\"1 minuto\" \/>\n<script type=\"application\/ld+json\" class=\"yoast-schema-graph\">{\"@context\":\"https:\/\/schema.org\",\"@graph\":[{\"@type\":\"Article\",\"@id\":\"https:\/\/www.padreydecano.com\/cms\/noticias\/nuevos-terrenos-para-el-cds\/#article\",\"isPartOf\":{\"@id\":\"https:\/\/www.padreydecano.com\/cms\/noticias\/nuevos-terrenos-para-el-cds\/\"},\"author\":{\"name\":\"Redactores Padre y Decano\",\"@id\":\"https:\/\/www.padreydecano.com\/cms\/#\/schema\/person\/37aae8f93aa78e4c5385497f056e3246\"},\"headline\":\"Nuevos terrenos para el CDS\",\"datePublished\":\"2019-03-14T15:01:33+00:00\",\"dateModified\":\"2019-03-14T15:01:33+00:00\",\"mainEntityOfPage\":{\"@id\":\"https:\/\/www.padreydecano.com\/cms\/noticias\/nuevos-terrenos-para-el-cds\/\"},\"wordCount\":126,\"commentCount\":29,\"publisher\":{\"@id\":\"https:\/\/www.padreydecano.com\/cms\/#organization\"},\"image\":{\"@id\":\"https:\/\/www.padreydecano.com\/cms\/noticias\/nuevos-terrenos-para-el-cds\/#primaryimage\"},\"thumbnailUrl\":\"https:\/\/www.padreydecano.com\/cms\/wp-content\/uploads\/2016\/03\/Campe\u00f3n-del-Siglo-Ignacio-Fern\u00e1ndez-Ant\u00eda-8.jpg\",\"articleSection\":[\"Noticias\"],\"inLanguage\":\"es\",\"potentialAction\":[{\"@type\":\"CommentAction\",\"name\":\"Comment\",\"target\":[\"https:\/\/www.padreydecano.com\/cms\/noticias\/nuevos-terrenos-para-el-cds\/#respond\"]}]},{\"@type\":\"WebPage\",\"@id\":\"https:\/\/www.padreydecano.com\/cms\/noticias\/nuevos-terrenos-para-el-cds\/\",\"url\":\"https:\/\/www.padreydecano.com\/cms\/noticias\/nuevos-terrenos-para-el-cds\/\",\"name\":\"Nuevos terrenos para el CDS - Padre y Decano - El Sitio del Pueblo\",\"isPartOf\":{\"@id\":\"https:\/\/www.padreydecano.com\/cms\/#website\"},\"primaryImageOfPage\":{\"@id\":\"https:\/\/www.padreydecano.com\/cms\/noticias\/nuevos-terrenos-para-el-cds\/#primaryimage\"},\"image\":{\"@id\":\"https:\/\/www.padreydecano.com\/cms\/noticias\/nuevos-terrenos-para-el-cds\/#primaryimage\"},\"thumbnailUrl\":\"https:\/\/www.padreydecano.com\/cms\/wp-content\/uploads\/2016\/03\/Campe\u00f3n-del-Siglo-Ignacio-Fern\u00e1ndez-Ant\u00eda-8.jpg\",\"datePublished\":\"2019-03-14T15:01:33+00:00\",\"dateModified\":\"2019-03-14T15:01:33+00:00\",\"breadcrumb\":{\"@id\":\"https:\/\/www.padreydecano.com\/cms\/noticias\/nuevos-terrenos-para-el-cds\/#breadcrumb\"},\"inLanguage\":\"es\",\"potentialAction\":[{\"@type\":\"ReadAction\",\"target\":[\"https:\/\/www.padreydecano.com\/cms\/noticias\/nuevos-terrenos-para-el-cds\/\"]}]},{\"@type\":\"ImageObject\",\"inLanguage\":\"es\",\"@id\":\"https:\/\/www.padreydecano.com\/cms\/noticias\/nuevos-terrenos-para-el-cds\/#primaryimage\",\"url\":\"https:\/\/www.padreydecano.com\/cms\/wp-content\/uploads\/2016\/03\/Campe\u00f3n-del-Siglo-Ignacio-Fern\u00e1ndez-Ant\u00eda-8.jpg\",\"contentUrl\":\"https:\/\/www.padreydecano.com\/cms\/wp-content\/uploads\/2016\/03\/Campe\u00f3n-del-Siglo-Ignacio-Fern\u00e1ndez-Ant\u00eda-8.jpg\",\"width\":800,\"height\":600},{\"@type\":\"BreadcrumbList\",\"@id\":\"https:\/\/www.padreydecano.com\/cms\/noticias\/nuevos-terrenos-para-el-cds\/#breadcrumb\",\"itemListElement\":[{\"@type\":\"ListItem\",\"position\":1,\"name\":\"Portada\",\"item\":\"https:\/\/www.padreydecano.com\/cms\/\"},{\"@type\":\"ListItem\",\"position\":2,\"name\":\"Nuevos terrenos para el CDS\"}]},{\"@type\":\"WebSite\",\"@id\":\"https:\/\/www.padreydecano.com\/cms\/#website\",\"url\":\"https:\/\/www.padreydecano.com\/cms\/\",\"name\":\"Padre y Decano - El Sitio del Pueblo\",\"description\":\"Club Atl\u00e9tico Pe\u00f1arol\",\"publisher\":{\"@id\":\"https:\/\/www.padreydecano.com\/cms\/#organization\"},\"potentialAction\":[{\"@type\":\"SearchAction\",\"target\":{\"@type\":\"EntryPoint\",\"urlTemplate\":\"https:\/\/www.padreydecano.com\/cms\/?s={search_term_string}\"},\"query-input\":\"required name=search_term_string\"}],\"inLanguage\":\"es\"},{\"@type\":\"Organization\",\"@id\":\"https:\/\/www.padreydecano.com\/cms\/#organization\",\"name\":\"Padre y Decano\",\"url\":\"https:\/\/www.padreydecano.com\/cms\/\",\"logo\":{\"@type\":\"ImageObject\",\"inLanguage\":\"es\",\"@id\":\"https:\/\/www.padreydecano.com\/cms\/#\/schema\/logo\/image\/\",\"url\":\"https:\/\/www.padreydecano.com\/cms\/wp-content\/uploads\/2022\/01\/avatar-square.png\",\"contentUrl\":\"https:\/\/www.padreydecano.com\/cms\/wp-content\/uploads\/2022\/01\/avatar-square.png\",\"width\":1500,\"height\":1500,\"caption\":\"Padre y Decano\"},\"image\":{\"@id\":\"https:\/\/www.padreydecano.com\/cms\/#\/schema\/logo\/image\/\"}},{\"@type\":\"Person\",\"@id\":\"https:\/\/www.padreydecano.com\/cms\/#\/schema\/person\/37aae8f93aa78e4c5385497f056e3246\",\"name\":\"Redactores Padre y Decano\",\"image\":{\"@type\":\"ImageObject\",\"inLanguage\":\"es\",\"@id\":\"https:\/\/www.padreydecano.com\/cms\/#\/schema\/person\/image\/\",\"url\":\"https:\/\/secure.gravatar.com\/avatar\/8810c4b9081192b118b104af54549af8?s=96&d=https%3A%2F%2Fpadreydecano.com%2Fcms%2Fwp-content%2Fthemes%2Fpyd-theme%2Fimg%2Fdefault-avatar.png&r=g\",\"contentUrl\":\"https:\/\/secure.gravatar.com\/avatar\/8810c4b9081192b118b104af54549af8?s=96&d=https%3A%2F%2Fpadreydecano.com%2Fcms%2Fwp-content%2Fthemes%2Fpyd-theme%2Fimg%2Fdefault-avatar.png&r=g\",\"caption\":\"Redactores Padre y Decano\"},\"sameAs\":[\"http:\/\/www.padreydecano.com\"]}]}<\/script>\n<!-- \/ Yoast SEO plugin. -->","yoast_head_json":{"title":"Nuevos terrenos para el CDS - Padre y Decano - El Sitio del Pueblo","robots":{"index":"index","follow":"follow","max-snippet":"max-snippet:-1","max-image-preview":"max-image-preview:large","max-video-preview":"max-video-preview:-1"},"canonical":"https:\/\/www.padreydecano.com\/cms\/noticias\/nuevos-terrenos-para-el-cds\/","og_locale":"es_ES","og_type":"article","og_title":"Nuevos terrenos para el CDS - Padre y Decano - El Sitio del Pueblo","og_description":"Pe\u00f1arol adquiri\u00f3 nuevos espacios en las inmediaciones del Estadio Campe\u00f3n Del Siglo. Con esta compra se ampliar\u00e1 la zona de estacionamientos y se construir\u00e1 un nuevo alojamiento para juveniles. En la jornada de ayer y tras ocho meses de negociaciones secretas, la dirigencia de la entidad decana firm\u00f3 la compra de terrenos existente detr\u00e1s de [&hellip;]","og_url":"https:\/\/www.padreydecano.com\/cms\/noticias\/nuevos-terrenos-para-el-cds\/","og_site_name":"Padre y Decano - El Sitio del Pueblo","article_published_time":"2019-03-14T15:01:33+00:00","og_image":[{"width":800,"height":600,"url":"https:\/\/www.padreydecano.com\/cms\/wp-content\/uploads\/2016\/03\/Campe\u00f3n-del-Siglo-Ignacio-Fern\u00e1ndez-Ant\u00eda-8.jpg","type":"image\/jpeg"}],"author":"Redactores Padre y Decano","twitter_card":"summary_large_image","twitter_misc":{"Escrito por":"Redactores Padre y Decano","Tiempo de lectura":"1 minuto"},"schema":{"@context":"https:\/\/schema.org","@graph":[{"@type":"Article","@id":"https:\/\/www.padreydecano.com\/cms\/noticias\/nuevos-terrenos-para-el-cds\/#article","isPartOf":{"@id":"https:\/\/www.padreydecano.com\/cms\/noticias\/nuevos-terrenos-para-el-cds\/"},"author":{"name":"Redactores Padre y Decano","@id":"https:\/\/www.padreydecano.com\/cms\/#\/schema\/person\/37aae8f93aa78e4c5385497f056e3246"},"headline":"Nuevos terrenos para el CDS","datePublished":"2019-03-14T15:01:33+00:00","dateModified":"2019-03-14T15:01:33+00:00","mainEntityOfPage":{"@id":"https:\/\/www.padreydecano.com\/cms\/noticias\/nuevos-terrenos-para-el-cds\/"},"wordCount":126,"commentCount":29,"publisher":{"@id":"https:\/\/www.padreydecano.com\/cms\/#organization"},"image":{"@id":"https:\/\/www.padreydecano.com\/cms\/noticias\/nuevos-terrenos-para-el-cds\/#primaryimage"},"thumbnailUrl":"https:\/\/www.padreydecano.com\/cms\/wp-content\/uploads\/2016\/03\/Campe\u00f3n-del-Siglo-Ignacio-Fern\u00e1ndez-Ant\u00eda-8.jpg","articleSection":["Noticias"],"inLanguage":"es","potentialAction":[{"@type":"CommentAction","name":"Comment","target":["https:\/\/www.padreydecano.com\/cms\/noticias\/nuevos-terrenos-para-el-cds\/#respond"]}]},{"@type":"WebPage","@id":"https:\/\/www.padreydecano.com\/cms\/noticias\/nuevos-terrenos-para-el-cds\/","url":"https:\/\/www.padreydecano.com\/cms\/noticias\/nuevos-terrenos-para-el-cds\/","name":"Nuevos terrenos para el CDS - Padre y Decano - El Sitio del Pueblo","isPartOf":{"@id":"https:\/\/www.padreydecano.com\/cms\/#website"},"primaryImageOfPage":{"@id":"https:\/\/www.padreydecano.com\/cms\/noticias\/nuevos-terrenos-para-el-cds\/#primaryimage"},"image":{"@id":"https:\/\/www.padreydecano.com\/cms\/noticias\/nuevos-terrenos-para-el-cds\/#primaryimage"},"thumbnailUrl":"https:\/\/www.padreydecano.com\/cms\/wp-content\/uploads\/2016\/03\/Campe\u00f3n-del-Siglo-Ignacio-Fern\u00e1ndez-Ant\u00eda-8.jpg","datePublished":"2019-03-14T15:01:33+00:00","dateModified":"2019-03-14T15:01:33+00:00","breadcrumb":{"@id":"https:\/\/www.padreydecano.com\/cms\/noticias\/nuevos-terrenos-para-el-cds\/#breadcrumb"},"inLanguage":"es","potentialAction":[{"@type":"ReadAction","target":["https:\/\/www.padreydecano.com\/cms\/noticias\/nuevos-terrenos-para-el-cds\/"]}]},{"@type":"ImageObject","inLanguage":"es","@id":"https:\/\/www.padreydecano.com\/cms\/noticias\/nuevos-terrenos-para-el-cds\/#primaryimage","url":"https:\/\/www.padreydecano.com\/cms\/wp-content\/uploads\/2016\/03\/Campe\u00f3n-del-Siglo-Ignacio-Fern\u00e1ndez-Ant\u00eda-8.jpg","contentUrl":"https:\/\/www.padreydecano.com\/cms\/wp-content\/uploads\/2016\/03\/Campe\u00f3n-del-Siglo-Ignacio-Fern\u00e1ndez-Ant\u00eda-8.jpg","width":800,"height":600},{"@type":"BreadcrumbList","@id":"https:\/\/www.padreydecano.com\/cms\/noticias\/nuevos-terrenos-para-el-cds\/#breadcrumb","itemListElement":[{"@type":"ListItem","position":1,"name":"Portada","item":"https:\/\/www.padreydecano.com\/cms\/"},{"@type":"ListItem","position":2,"name":"Nuevos terrenos para el CDS"}]},{"@type":"WebSite","@id":"https:\/\/www.padreydecano.com\/cms\/#website","url":"https:\/\/www.padreydecano.com\/cms\/","name":"Padre y Decano - El Sitio del Pueblo","description":"Club Atl\u00e9tico Pe\u00f1arol","publisher":{"@id":"https:\/\/www.padreydecano.com\/cms\/#organization"},"potentialAction":[{"@type":"SearchAction","target":{"@type":"EntryPoint","urlTemplate":"https:\/\/www.padreydecano.com\/cms\/?s={search_term_string}"},"query-input":"required name=search_term_string"}],"inLanguage":"es"},{"@type":"Organization","@id":"https:\/\/www.padreydecano.com\/cms\/#organization","name":"Padre y Decano","url":"https:\/\/www.padreydecano.com\/cms\/","logo":{"@type":"ImageObject","inLanguage":"es","@id":"https:\/\/www.padreydecano.com\/cms\/#\/schema\/logo\/image\/","url":"https:\/\/www.padreydecano.com\/cms\/wp-content\/uploads\/2022\/01\/avatar-square.png","contentUrl":"https:\/\/www.padreydecano.com\/cms\/wp-content\/uploads\/2022\/01\/avatar-square.png","width":1500,"height":1500,"caption":"Padre y Decano"},"image":{"@id":"https:\/\/www.padreydecano.com\/cms\/#\/schema\/logo\/image\/"}},{"@type":"Person","@id":"https:\/\/www.padreydecano.com\/cms\/#\/schema\/person\/37aae8f93aa78e4c5385497f056e3246","name":"Redactores Padre y Decano","image":{"@type":"ImageObject","inLanguage":"es","@id":"https:\/\/www.padreydecano.com\/cms\/#\/schema\/person\/image\/","url":"https:\/\/secure.gravatar.com\/avatar\/8810c4b9081192b118b104af54549af8?s=96&d=https%3A%2F%2Fpadreydecano.com%2Fcms%2Fwp-content%2Fthemes%2Fpyd-theme%2Fimg%2Fdefault-avatar.png&r=g","contentUrl":"https:\/\/secure.gravatar.com\/avatar\/8810c4b9081192b118b104af54549af8?s=96&d=https%3A%2F%2Fpadreydecano.com%2Fcms%2Fwp-content%2Fthemes%2Fpyd-theme%2Fimg%2Fdefault-avatar.png&r=g","caption":"Redactores Padre y Decano"},"sameAs":["http:\/\/www.padreydecano.com"]}]}},"_links":{"self":[{"href":"https:\/\/www.padreydecano.com\/cms\/wp-json\/wp\/v2\/posts\/70037"}],"collection":[{"href":"https:\/\/www.padreydecano.com\/cms\/wp-json\/wp\/v2\/posts"}],"about":[{"href":"https:\/\/www.padreydecano.com\/cms\/wp-json\/wp\/v2\/types\/post"}],"author":[{"embeddable":true,"href":"https:\/\/www.padreydecano.com\/cms\/wp-json\/wp\/v2\/users\/27"}],"replies":[{"embeddable":true,"href":"https:\/\/www.padreydecano.com\/cms\/wp-json\/wp\/v2\/comments?post=70037"}],"version-history":[{"count":0,"href":"https:\/\/www.padreydecano.com\/cms\/wp-json\/wp\/v2\/posts\/70037\/revisions"}],"wp:featuredmedia":[{"embeddable":true,"href":"https:\/\/www.padreydecano.com\/cms\/wp-json\/wp\/v2\/media\/57944"}],"wp:attachment":[{"href":"https:\/\/www.padreydecano.com\/cms\/wp-json\/wp\/v2\/media?parent=70037"}],"wp:term":[{"taxonomy":"category","embeddable":true,"href":"https:\/\/www.padreydecano.com\/cms\/wp-json\/wp\/v2\/categories?post=70037"},{"taxonomy":"post_tag","embeddable":true,"href":"https:\/\/www.padreydecano.com\/cms\/wp-json\/wp\/v2\/tags?post=70037"}],"curies":[{"name":"wp","href":"https:\/\/api.w.org\/{rel}","templated":true}]}}