{"id":69994,"date":"2019-03-11T11:55:31","date_gmt":"2019-03-11T14:55:31","guid":{"rendered":"http:\/\/www.padreydecano.com\/cms\/?p=69994"},"modified":"2019-03-14T02:28:20","modified_gmt":"2019-03-14T05:28:20","slug":"pena-cordon-penarol-como-institucion-social","status":"publish","type":"post","link":"https:\/\/www.padreydecano.com\/cms\/penas\/pena-cordon-penarol-como-institucion-social\/","title":{"rendered":"Pe\u00f1a Cord\u00f3n: Pe\u00f1arol como instituci\u00f3n social"},"content":{"rendered":"<p style=\"text-align: justify;\"><a href=\"https:\/\/www.padreydecano.com\/cms\/wp-content\/uploads\/2019\/03\/IMG_20190311_114759.jpg\" rel=\"shadowbox[sbpost-69994];player=img;\"><img loading=\"lazy\" decoding=\"async\" class=\"size-full wp-image-69996\" src=\"https:\/\/www.padreydecano.com\/cms\/wp-content\/uploads\/2019\/03\/IMG_20190311_114759.jpg\" alt=\"\" width=\"1024\" height=\"768\" srcset=\"https:\/\/www.padreydecano.com\/cms\/wp-content\/uploads\/2019\/03\/IMG_20190311_114759.jpg 1024w, https:\/\/www.padreydecano.com\/cms\/wp-content\/uploads\/2019\/03\/IMG_20190311_114759-600x450.jpg 600w, https:\/\/www.padreydecano.com\/cms\/wp-content\/uploads\/2019\/03\/IMG_20190311_114759-768x576.jpg 768w\" sizes=\"(max-width: 1024px) 100vw, 1024px\" \/><\/a><\/p>\n<p style=\"text-align: justify;\"><strong>De Montevideo a Artigas. De Uruguay al mundo. Pe\u00f1arol tiene una gran cantidad de agrupaciones de hinchas que se han creado para unir carboneros de diferentes rincones del pa\u00eds, como tambi\u00e9n, agrandar el nombre de Pe\u00f1arol como instituci\u00f3n social.<\/strong><\/p>\n<p style=\"text-align: justify;\">La Pe\u00f1a Cord\u00f3n, o mejor llamada Gast\u00f3n G\u00fcelfi (en honor al ex presidente de Pe\u00f1arol, qui\u00e9n ejerci\u00f3 su mandato entre 1958 \u2013 1973) surgi\u00f3 el 15 de octubre de 2013, en base a un grupo de amigos que decidieron formar un espacio que fuera m\u00e1s all\u00e1 de ir a la tribuna. Adem\u00e1s del amor por el club que une a los integrantes, la pe\u00f1a realiza semana tras semana diversas actividades y movidas solidarias para alzar el nombre de la instituci\u00f3n en un terreno social.<\/p>\n<p>Marcelo Garcias, el presidente de la pe\u00f1a, nos cont\u00f3 lo siguiente.<\/p>\n<p style=\"text-align: justify;\"><strong>\u00bfC\u00f3mo surge la pe\u00f1a?<\/strong><\/p>\n<p style=\"text-align: justify;\"><em>La pe\u00f1a surge como un grupo de amigos y socios del club, que d\u00eda a d\u00eda crece de gran manera. Ese es el secreto: empez\u00e1s con gente amiga, y a lo largo del tiempo se va sumando gente nueva, compa\u00f1eros de cancha, y eso es lo que hace que las pe\u00f1as sean tan unidas. Cuando quer\u00e9s acordar estas participando en cumplea\u00f1os y fiestas que son extra-Pe\u00f1arol. <\/em><\/p>\n<p style=\"text-align: justify;\"><strong>\u00bfPor qu\u00e9 el nombre de Gast\u00f3n G\u00fcelfi?<\/strong><\/p>\n<p style=\"text-align: justify;\"><em>El nombre de la pe\u00f1a es en homenaje al expresidente Gast\u00f3n Guelfi. El presidente m\u00e1s laureado del club; el m\u00e1s ganador. Quer\u00edamos hacer honor a su nombre, y hoy por hoy, contamos con la presencia de su nieto Fernando G\u00fcelfi: un gran valor que hoy en d\u00eda tiene la pe\u00f1a.<\/em><\/p>\n<p style=\"text-align: justify;\"><strong>\u00bfQu\u00e9 objetivos\/ideales tiene la Pe\u00f1a de Cord\u00f3n?<\/strong><\/p>\n<p style=\"text-align: justify;\"><em>En principio, los objetivos de la pe\u00f1a son los valores. Es mucho el terreno social, es decir, acercar al club a lugares d\u00f3nde normalmente no llega. Entendemos que a nivel social es un club muy grande, donde cada pe\u00f1a hace lo suyo. El objetivo en si es mostrar la verdadera imagen del club, a partir del gigante trabajo social que hacen las pe\u00f1as. Cord\u00f3n particularmente no pierde el foco de lo social, manteniendo la misma l\u00ednea y el grupo unido para aportar a la sociedad. Nos manejamos con la estructura de una comisi\u00f3n solidaria que es la que lleva adelante todas las actividades. Hoy por hoy, somos m\u00e1s de 90 integrantes que participamos de la pe\u00f1a. El a\u00f1o pasado (2018) pudimos hacer el d\u00eda del ni\u00f1o en el Palacio Pe\u00f1arol que se hab\u00eda dejado de hacer. Volvimos a tener esa iniciativa y fue un \u00e9xito. A su vez, tuvimos la iniciativa de realizar un plan piloto de festejar la navidad en el Palacio, d\u00f3nde esperamos repetir las actividades y tambi\u00e9n sumar alguna otra, para que tomen conocimiento p\u00fablico.<\/em><\/p>\n<p style=\"text-align: justify;\"><strong>\u00bfCu\u00e1les son las futuras actividades para realizar?<\/strong><\/p>\n<p style=\"text-align: justify;\"><em>En la actualidad, estamos con la <span style=\"color: #ffcc00;\">\u201c<\/span><strong><span style=\"color: #ffcc00;\">Vuelta a clases\u201d<\/span>,<\/strong> que es una actividad fija como lo es la \u201c<span style=\"color: #ffcc00;\"><strong>Campa\u00f1a de abrigo\u201d<\/strong><\/span> que tenemos dentro de la pe\u00f1a. Contamos con actividades que surgen en el momento. Surge que una familia perdi\u00f3 todo en un incendio, y all\u00e1 vamos. Vemos en que podemos ayudar. El a\u00f1o pasado fuimos a una casa en el barrio Cerro y el ni\u00f1o que viv\u00eda cumpl\u00eda un a\u00f1o. Fuimos el mismo d\u00eda del cumplea\u00f1os a festejarle y que no pase desapercibido. Queremos estar, queremos llegar a todos los lugares y llevar a Pe\u00f1arol a todos lados, y para eso trabaja este grupo.<\/em><\/p>\n<p style=\"text-align: right;\"><strong><a href=\"https:\/\/twitter.com\/mathiaastilve?lang=es\">Mathias Tilve <\/a>\u00a0&#8211; UdelaR<\/strong><\/p>\n","protected":false},"excerpt":{"rendered":"<p>De Montevideo a Artigas. De Uruguay al mundo. Pe\u00f1arol tiene una gran cantidad de agrupaciones de hinchas que se han creado para unir carboneros de diferentes rincones del pa\u00eds, como tambi\u00e9n, agrandar el nombre de Pe\u00f1arol como instituci\u00f3n social. La Pe\u00f1a Cord\u00f3n, o mejor llamada Gast\u00f3n G\u00fcelfi (en honor al ex presidente de Pe\u00f1arol, qui\u00e9n [&hellip;]<\/p>\n","protected":false},"author":27,"featured_media":69996,"comment_status":"open","ping_status":"closed","sticky":false,"template":"","format":"standard","meta":{"footnotes":""},"categories":[42],"tags":[199],"yoast_head":"<!-- This site is optimized with the Yoast SEO plugin v23.2 - https:\/\/yoast.com\/wordpress\/plugins\/seo\/ -->\n<title>Pe\u00f1a Cord\u00f3n: Pe\u00f1arol como instituci\u00f3n social - Padre y Decano - El Sitio del Pueblo<\/title>\n<meta name=\"robots\" content=\"index, follow, max-snippet:-1, max-image-preview:large, max-video-preview:-1\" \/>\n<link rel=\"canonical\" href=\"https:\/\/www.padreydecano.com\/cms\/penas\/pena-cordon-penarol-como-institucion-social\/\" \/>\n<meta property=\"og:locale\" content=\"es_ES\" \/>\n<meta property=\"og:type\" content=\"article\" \/>\n<meta property=\"og:title\" content=\"Pe\u00f1a Cord\u00f3n: Pe\u00f1arol como instituci\u00f3n social - Padre y Decano - El Sitio del Pueblo\" \/>\n<meta property=\"og:description\" content=\"De Montevideo a Artigas. De Uruguay al mundo. Pe\u00f1arol tiene una gran cantidad de agrupaciones de hinchas que se han creado para unir carboneros de diferentes rincones del pa\u00eds, como tambi\u00e9n, agrandar el nombre de Pe\u00f1arol como instituci\u00f3n social. La Pe\u00f1a Cord\u00f3n, o mejor llamada Gast\u00f3n G\u00fcelfi (en honor al ex presidente de Pe\u00f1arol, qui\u00e9n [&hellip;]\" \/>\n<meta property=\"og:url\" content=\"https:\/\/www.padreydecano.com\/cms\/penas\/pena-cordon-penarol-como-institucion-social\/\" \/>\n<meta property=\"og:site_name\" content=\"Padre y Decano - El Sitio del Pueblo\" \/>\n<meta property=\"article:published_time\" content=\"2019-03-11T14:55:31+00:00\" \/>\n<meta property=\"article:modified_time\" content=\"2019-03-14T05:28:20+00:00\" \/>\n<meta property=\"og:image\" content=\"https:\/\/www.padreydecano.com\/cms\/wp-content\/uploads\/2019\/03\/IMG_20190311_114759.jpg\" \/>\n\t<meta property=\"og:image:width\" content=\"1024\" \/>\n\t<meta property=\"og:image:height\" content=\"768\" \/>\n\t<meta property=\"og:image:type\" content=\"image\/jpeg\" \/>\n<meta name=\"author\" content=\"Redactores Padre y Decano\" \/>\n<meta name=\"twitter:card\" content=\"summary_large_image\" \/>\n<meta name=\"twitter:label1\" content=\"Escrito por\" \/>\n\t<meta name=\"twitter:data1\" content=\"Redactores Padre y Decano\" \/>\n\t<meta name=\"twitter:label2\" content=\"Tiempo de lectura\" \/>\n\t<meta name=\"twitter:data2\" content=\"3 minutos\" \/>\n<script type=\"application\/ld+json\" class=\"yoast-schema-graph\">{\"@context\":\"https:\/\/schema.org\",\"@graph\":[{\"@type\":\"Article\",\"@id\":\"https:\/\/www.padreydecano.com\/cms\/penas\/pena-cordon-penarol-como-institucion-social\/#article\",\"isPartOf\":{\"@id\":\"https:\/\/www.padreydecano.com\/cms\/penas\/pena-cordon-penarol-como-institucion-social\/\"},\"author\":{\"name\":\"Redactores Padre y Decano\",\"@id\":\"https:\/\/www.padreydecano.com\/cms\/#\/schema\/person\/37aae8f93aa78e4c5385497f056e3246\"},\"headline\":\"Pe\u00f1a Cord\u00f3n: Pe\u00f1arol como instituci\u00f3n social\",\"datePublished\":\"2019-03-11T14:55:31+00:00\",\"dateModified\":\"2019-03-14T05:28:20+00:00\",\"mainEntityOfPage\":{\"@id\":\"https:\/\/www.padreydecano.com\/cms\/penas\/pena-cordon-penarol-como-institucion-social\/\"},\"wordCount\":633,\"commentCount\":5,\"publisher\":{\"@id\":\"https:\/\/www.padreydecano.com\/cms\/#organization\"},\"image\":{\"@id\":\"https:\/\/www.padreydecano.com\/cms\/penas\/pena-cordon-penarol-como-institucion-social\/#primaryimage\"},\"thumbnailUrl\":\"https:\/\/www.padreydecano.com\/cms\/wp-content\/uploads\/2019\/03\/IMG_20190311_114759.jpg\",\"keywords\":[\"Pe\u00f1as Barriales\"],\"articleSection\":[\"Pe\u00f1as\"],\"inLanguage\":\"es\",\"potentialAction\":[{\"@type\":\"CommentAction\",\"name\":\"Comment\",\"target\":[\"https:\/\/www.padreydecano.com\/cms\/penas\/pena-cordon-penarol-como-institucion-social\/#respond\"]}]},{\"@type\":\"WebPage\",\"@id\":\"https:\/\/www.padreydecano.com\/cms\/penas\/pena-cordon-penarol-como-institucion-social\/\",\"url\":\"https:\/\/www.padreydecano.com\/cms\/penas\/pena-cordon-penarol-como-institucion-social\/\",\"name\":\"Pe\u00f1a Cord\u00f3n: Pe\u00f1arol como instituci\u00f3n social - Padre y Decano - El Sitio del Pueblo\",\"isPartOf\":{\"@id\":\"https:\/\/www.padreydecano.com\/cms\/#website\"},\"primaryImageOfPage\":{\"@id\":\"https:\/\/www.padreydecano.com\/cms\/penas\/pena-cordon-penarol-como-institucion-social\/#primaryimage\"},\"image\":{\"@id\":\"https:\/\/www.padreydecano.com\/cms\/penas\/pena-cordon-penarol-como-institucion-social\/#primaryimage\"},\"thumbnailUrl\":\"https:\/\/www.padreydecano.com\/cms\/wp-content\/uploads\/2019\/03\/IMG_20190311_114759.jpg\",\"datePublished\":\"2019-03-11T14:55:31+00:00\",\"dateModified\":\"2019-03-14T05:28:20+00:00\",\"breadcrumb\":{\"@id\":\"https:\/\/www.padreydecano.com\/cms\/penas\/pena-cordon-penarol-como-institucion-social\/#breadcrumb\"},\"inLanguage\":\"es\",\"potentialAction\":[{\"@type\":\"ReadAction\",\"target\":[\"https:\/\/www.padreydecano.com\/cms\/penas\/pena-cordon-penarol-como-institucion-social\/\"]}]},{\"@type\":\"ImageObject\",\"inLanguage\":\"es\",\"@id\":\"https:\/\/www.padreydecano.com\/cms\/penas\/pena-cordon-penarol-como-institucion-social\/#primaryimage\",\"url\":\"https:\/\/www.padreydecano.com\/cms\/wp-content\/uploads\/2019\/03\/IMG_20190311_114759.jpg\",\"contentUrl\":\"https:\/\/www.padreydecano.com\/cms\/wp-content\/uploads\/2019\/03\/IMG_20190311_114759.jpg\",\"width\":1024,\"height\":768},{\"@type\":\"BreadcrumbList\",\"@id\":\"https:\/\/www.padreydecano.com\/cms\/penas\/pena-cordon-penarol-como-institucion-social\/#breadcrumb\",\"itemListElement\":[{\"@type\":\"ListItem\",\"position\":1,\"name\":\"Portada\",\"item\":\"https:\/\/www.padreydecano.com\/cms\/\"},{\"@type\":\"ListItem\",\"position\":2,\"name\":\"Pe\u00f1a Cord\u00f3n: Pe\u00f1arol como instituci\u00f3n social\"}]},{\"@type\":\"WebSite\",\"@id\":\"https:\/\/www.padreydecano.com\/cms\/#website\",\"url\":\"https:\/\/www.padreydecano.com\/cms\/\",\"name\":\"Padre y Decano - El Sitio del Pueblo\",\"description\":\"Club Atl\u00e9tico Pe\u00f1arol\",\"publisher\":{\"@id\":\"https:\/\/www.padreydecano.com\/cms\/#organization\"},\"potentialAction\":[{\"@type\":\"SearchAction\",\"target\":{\"@type\":\"EntryPoint\",\"urlTemplate\":\"https:\/\/www.padreydecano.com\/cms\/?s={search_term_string}\"},\"query-input\":\"required name=search_term_string\"}],\"inLanguage\":\"es\"},{\"@type\":\"Organization\",\"@id\":\"https:\/\/www.padreydecano.com\/cms\/#organization\",\"name\":\"Padre y Decano\",\"url\":\"https:\/\/www.padreydecano.com\/cms\/\",\"logo\":{\"@type\":\"ImageObject\",\"inLanguage\":\"es\",\"@id\":\"https:\/\/www.padreydecano.com\/cms\/#\/schema\/logo\/image\/\",\"url\":\"https:\/\/www.padreydecano.com\/cms\/wp-content\/uploads\/2022\/01\/avatar-square.png\",\"contentUrl\":\"https:\/\/www.padreydecano.com\/cms\/wp-content\/uploads\/2022\/01\/avatar-square.png\",\"width\":1500,\"height\":1500,\"caption\":\"Padre y Decano\"},\"image\":{\"@id\":\"https:\/\/www.padreydecano.com\/cms\/#\/schema\/logo\/image\/\"}},{\"@type\":\"Person\",\"@id\":\"https:\/\/www.padreydecano.com\/cms\/#\/schema\/person\/37aae8f93aa78e4c5385497f056e3246\",\"name\":\"Redactores Padre y Decano\",\"image\":{\"@type\":\"ImageObject\",\"inLanguage\":\"es\",\"@id\":\"https:\/\/www.padreydecano.com\/cms\/#\/schema\/person\/image\/\",\"url\":\"https:\/\/secure.gravatar.com\/avatar\/8810c4b9081192b118b104af54549af8?s=96&d=https%3A%2F%2Fpadreydecano.com%2Fcms%2Fwp-content%2Fthemes%2Fpyd-theme%2Fimg%2Fdefault-avatar.png&r=g\",\"contentUrl\":\"https:\/\/secure.gravatar.com\/avatar\/8810c4b9081192b118b104af54549af8?s=96&d=https%3A%2F%2Fpadreydecano.com%2Fcms%2Fwp-content%2Fthemes%2Fpyd-theme%2Fimg%2Fdefault-avatar.png&r=g\",\"caption\":\"Redactores Padre y Decano\"},\"sameAs\":[\"http:\/\/www.padreydecano.com\"]}]}<\/script>\n<!-- \/ Yoast SEO plugin. -->","yoast_head_json":{"title":"Pe\u00f1a Cord\u00f3n: Pe\u00f1arol como instituci\u00f3n social - Padre y Decano - El Sitio del Pueblo","robots":{"index":"index","follow":"follow","max-snippet":"max-snippet:-1","max-image-preview":"max-image-preview:large","max-video-preview":"max-video-preview:-1"},"canonical":"https:\/\/www.padreydecano.com\/cms\/penas\/pena-cordon-penarol-como-institucion-social\/","og_locale":"es_ES","og_type":"article","og_title":"Pe\u00f1a Cord\u00f3n: Pe\u00f1arol como instituci\u00f3n social - Padre y Decano - El Sitio del Pueblo","og_description":"De Montevideo a Artigas. De Uruguay al mundo. Pe\u00f1arol tiene una gran cantidad de agrupaciones de hinchas que se han creado para unir carboneros de diferentes rincones del pa\u00eds, como tambi\u00e9n, agrandar el nombre de Pe\u00f1arol como instituci\u00f3n social. La Pe\u00f1a Cord\u00f3n, o mejor llamada Gast\u00f3n G\u00fcelfi (en honor al ex presidente de Pe\u00f1arol, qui\u00e9n [&hellip;]","og_url":"https:\/\/www.padreydecano.com\/cms\/penas\/pena-cordon-penarol-como-institucion-social\/","og_site_name":"Padre y Decano - El Sitio del Pueblo","article_published_time":"2019-03-11T14:55:31+00:00","article_modified_time":"2019-03-14T05:28:20+00:00","og_image":[{"width":1024,"height":768,"url":"https:\/\/www.padreydecano.com\/cms\/wp-content\/uploads\/2019\/03\/IMG_20190311_114759.jpg","type":"image\/jpeg"}],"author":"Redactores Padre y Decano","twitter_card":"summary_large_image","twitter_misc":{"Escrito por":"Redactores Padre y Decano","Tiempo de lectura":"3 minutos"},"schema":{"@context":"https:\/\/schema.org","@graph":[{"@type":"Article","@id":"https:\/\/www.padreydecano.com\/cms\/penas\/pena-cordon-penarol-como-institucion-social\/#article","isPartOf":{"@id":"https:\/\/www.padreydecano.com\/cms\/penas\/pena-cordon-penarol-como-institucion-social\/"},"author":{"name":"Redactores Padre y Decano","@id":"https:\/\/www.padreydecano.com\/cms\/#\/schema\/person\/37aae8f93aa78e4c5385497f056e3246"},"headline":"Pe\u00f1a Cord\u00f3n: Pe\u00f1arol como instituci\u00f3n social","datePublished":"2019-03-11T14:55:31+00:00","dateModified":"2019-03-14T05:28:20+00:00","mainEntityOfPage":{"@id":"https:\/\/www.padreydecano.com\/cms\/penas\/pena-cordon-penarol-como-institucion-social\/"},"wordCount":633,"commentCount":5,"publisher":{"@id":"https:\/\/www.padreydecano.com\/cms\/#organization"},"image":{"@id":"https:\/\/www.padreydecano.com\/cms\/penas\/pena-cordon-penarol-como-institucion-social\/#primaryimage"},"thumbnailUrl":"https:\/\/www.padreydecano.com\/cms\/wp-content\/uploads\/2019\/03\/IMG_20190311_114759.jpg","keywords":["Pe\u00f1as Barriales"],"articleSection":["Pe\u00f1as"],"inLanguage":"es","potentialAction":[{"@type":"CommentAction","name":"Comment","target":["https:\/\/www.padreydecano.com\/cms\/penas\/pena-cordon-penarol-como-institucion-social\/#respond"]}]},{"@type":"WebPage","@id":"https:\/\/www.padreydecano.com\/cms\/penas\/pena-cordon-penarol-como-institucion-social\/","url":"https:\/\/www.padreydecano.com\/cms\/penas\/pena-cordon-penarol-como-institucion-social\/","name":"Pe\u00f1a Cord\u00f3n: Pe\u00f1arol como instituci\u00f3n social - Padre y Decano - El Sitio del Pueblo","isPartOf":{"@id":"https:\/\/www.padreydecano.com\/cms\/#website"},"primaryImageOfPage":{"@id":"https:\/\/www.padreydecano.com\/cms\/penas\/pena-cordon-penarol-como-institucion-social\/#primaryimage"},"image":{"@id":"https:\/\/www.padreydecano.com\/cms\/penas\/pena-cordon-penarol-como-institucion-social\/#primaryimage"},"thumbnailUrl":"https:\/\/www.padreydecano.com\/cms\/wp-content\/uploads\/2019\/03\/IMG_20190311_114759.jpg","datePublished":"2019-03-11T14:55:31+00:00","dateModified":"2019-03-14T05:28:20+00:00","breadcrumb":{"@id":"https:\/\/www.padreydecano.com\/cms\/penas\/pena-cordon-penarol-como-institucion-social\/#breadcrumb"},"inLanguage":"es","potentialAction":[{"@type":"ReadAction","target":["https:\/\/www.padreydecano.com\/cms\/penas\/pena-cordon-penarol-como-institucion-social\/"]}]},{"@type":"ImageObject","inLanguage":"es","@id":"https:\/\/www.padreydecano.com\/cms\/penas\/pena-cordon-penarol-como-institucion-social\/#primaryimage","url":"https:\/\/www.padreydecano.com\/cms\/wp-content\/uploads\/2019\/03\/IMG_20190311_114759.jpg","contentUrl":"https:\/\/www.padreydecano.com\/cms\/wp-content\/uploads\/2019\/03\/IMG_20190311_114759.jpg","width":1024,"height":768},{"@type":"BreadcrumbList","@id":"https:\/\/www.padreydecano.com\/cms\/penas\/pena-cordon-penarol-como-institucion-social\/#breadcrumb","itemListElement":[{"@type":"ListItem","position":1,"name":"Portada","item":"https:\/\/www.padreydecano.com\/cms\/"},{"@type":"ListItem","position":2,"name":"Pe\u00f1a Cord\u00f3n: Pe\u00f1arol como instituci\u00f3n social"}]},{"@type":"WebSite","@id":"https:\/\/www.padreydecano.com\/cms\/#website","url":"https:\/\/www.padreydecano.com\/cms\/","name":"Padre y Decano - El Sitio del Pueblo","description":"Club Atl\u00e9tico Pe\u00f1arol","publisher":{"@id":"https:\/\/www.padreydecano.com\/cms\/#organization"},"potentialAction":[{"@type":"SearchAction","target":{"@type":"EntryPoint","urlTemplate":"https:\/\/www.padreydecano.com\/cms\/?s={search_term_string}"},"query-input":"required name=search_term_string"}],"inLanguage":"es"},{"@type":"Organization","@id":"https:\/\/www.padreydecano.com\/cms\/#organization","name":"Padre y Decano","url":"https:\/\/www.padreydecano.com\/cms\/","logo":{"@type":"ImageObject","inLanguage":"es","@id":"https:\/\/www.padreydecano.com\/cms\/#\/schema\/logo\/image\/","url":"https:\/\/www.padreydecano.com\/cms\/wp-content\/uploads\/2022\/01\/avatar-square.png","contentUrl":"https:\/\/www.padreydecano.com\/cms\/wp-content\/uploads\/2022\/01\/avatar-square.png","width":1500,"height":1500,"caption":"Padre y Decano"},"image":{"@id":"https:\/\/www.padreydecano.com\/cms\/#\/schema\/logo\/image\/"}},{"@type":"Person","@id":"https:\/\/www.padreydecano.com\/cms\/#\/schema\/person\/37aae8f93aa78e4c5385497f056e3246","name":"Redactores Padre y Decano","image":{"@type":"ImageObject","inLanguage":"es","@id":"https:\/\/www.padreydecano.com\/cms\/#\/schema\/person\/image\/","url":"https:\/\/secure.gravatar.com\/avatar\/8810c4b9081192b118b104af54549af8?s=96&d=https%3A%2F%2Fpadreydecano.com%2Fcms%2Fwp-content%2Fthemes%2Fpyd-theme%2Fimg%2Fdefault-avatar.png&r=g","contentUrl":"https:\/\/secure.gravatar.com\/avatar\/8810c4b9081192b118b104af54549af8?s=96&d=https%3A%2F%2Fpadreydecano.com%2Fcms%2Fwp-content%2Fthemes%2Fpyd-theme%2Fimg%2Fdefault-avatar.png&r=g","caption":"Redactores Padre y Decano"},"sameAs":["http:\/\/www.padreydecano.com"]}]}},"_links":{"self":[{"href":"https:\/\/www.padreydecano.com\/cms\/wp-json\/wp\/v2\/posts\/69994"}],"collection":[{"href":"https:\/\/www.padreydecano.com\/cms\/wp-json\/wp\/v2\/posts"}],"about":[{"href":"https:\/\/www.padreydecano.com\/cms\/wp-json\/wp\/v2\/types\/post"}],"author":[{"embeddable":true,"href":"https:\/\/www.padreydecano.com\/cms\/wp-json\/wp\/v2\/users\/27"}],"replies":[{"embeddable":true,"href":"https:\/\/www.padreydecano.com\/cms\/wp-json\/wp\/v2\/comments?post=69994"}],"version-history":[{"count":0,"href":"https:\/\/www.padreydecano.com\/cms\/wp-json\/wp\/v2\/posts\/69994\/revisions"}],"wp:featuredmedia":[{"embeddable":true,"href":"https:\/\/www.padreydecano.com\/cms\/wp-json\/wp\/v2\/media\/69996"}],"wp:attachment":[{"href":"https:\/\/www.padreydecano.com\/cms\/wp-json\/wp\/v2\/media?parent=69994"}],"wp:term":[{"taxonomy":"category","embeddable":true,"href":"https:\/\/www.padreydecano.com\/cms\/wp-json\/wp\/v2\/categories?post=69994"},{"taxonomy":"post_tag","embeddable":true,"href":"https:\/\/www.padreydecano.com\/cms\/wp-json\/wp\/v2\/tags?post=69994"}],"curies":[{"name":"wp","href":"https:\/\/api.w.org\/{rel}","templated":true}]}}