{"id":69993,"date":"2019-03-11T13:27:04","date_gmt":"2019-03-11T16:27:04","guid":{"rendered":"http:\/\/www.padreydecano.com\/cms\/?p=69993"},"modified":"2019-03-11T13:27:04","modified_gmt":"2019-03-11T16:27:04","slug":"penarol-solidario","status":"publish","type":"post","link":"https:\/\/www.padreydecano.com\/cms\/penas\/penarol-solidario\/","title":{"rendered":"Pe\u00f1arol solidario"},"content":{"rendered":"<p style=\"text-align: justify;\"><a href=\"https:\/\/www.padreydecano.com\/cms\/wp-content\/uploads\/2019\/03\/IMG-20190311-WA0048.jpg\" rel=\"shadowbox[sbpost-69993];player=img;\"><img loading=\"lazy\" decoding=\"async\" class=\"size-full wp-image-69998\" src=\"https:\/\/www.padreydecano.com\/cms\/wp-content\/uploads\/2019\/03\/IMG-20190311-WA0048.jpg\" alt=\"\" width=\"1024\" height=\"768\" srcset=\"https:\/\/www.padreydecano.com\/cms\/wp-content\/uploads\/2019\/03\/IMG-20190311-WA0048.jpg 1024w, https:\/\/www.padreydecano.com\/cms\/wp-content\/uploads\/2019\/03\/IMG-20190311-WA0048-600x450.jpg 600w, https:\/\/www.padreydecano.com\/cms\/wp-content\/uploads\/2019\/03\/IMG-20190311-WA0048-768x576.jpg 768w\" sizes=\"(max-width: 1024px) 100vw, 1024px\" \/><\/a><\/p>\n<p style=\"text-align: justify;\"><strong>Bajo la consigna \u201cAyudar nos hace m\u00e1s grandes\u201d empezaron las actividades solidarias oficiales, para este 2019.<\/strong><\/p>\n<p style=\"text-align: justify;\">Estas movidas tuvieron su origen en el a\u00f1o 2013, por parte de las Pe\u00f1as del interior, y en 2014 se sumaron las Pe\u00f1as barriales de Montevideo. Su alcance sigue creciendo a\u00f1o a a\u00f1o, y son una linda manera de involucrar al hincha aurinegro con el objetivo de ayudar a quienes m\u00e1s lo necesitan.<\/p>\n<p style=\"text-align: justify;\">La primera jornada ben\u00e9fica del a\u00f1o fue, como es costumbre, la recolecci\u00f3n de \u00fatiles por el comienzo de clases. Integrantes de varias Pe\u00f1as se encargaron de ello en el debut del cricket en Las Acacias, y luego en el encuentro ante Juventud, disputado en el Campe\u00f3n del Siglo.<\/p>\n<p style=\"text-align: justify;\">Durante el a\u00f1o se puede colaborar con las distintas movidas que va proponiendo el club de manera oficial y, dependiendo de cada momento. Dentro de dichas actividades est\u00e1 la donaci\u00f3n de \u00fatiles escolares, el apoyo econ\u00f3mico a la Telet\u00f3n, la campa\u00f1a del abrigo durante la que se pueden aportar colchas y ropa de invierno, el d\u00eda del ni\u00f1o que tambi\u00e9n incluye la recolecci\u00f3n de juguetes, y la m\u00e1s reciente, que empez\u00f3 el a\u00f1o pasado, e implica la donaci\u00f3n de sangre.\u00a0Todas estas acciones solidarias, son informadas con anticipaci\u00f3n a trav\u00e9s las redes sociales de Pe\u00f1arol y su cumplimiento es \u00abobligatorio\u00bb, seg\u00fan el reglamento. Las donaciones son realizadas mayormente, a centros CAIF, centros educativos, familias en espec\u00edfico, etc.<\/p>\n<p style=\"text-align: justify;\">M\u00e1s all\u00e1 de las campa\u00f1as oficiales, se puede colaborar con las distintas agrupaciones barriales y sus actividades espec\u00edficas en el correr del a\u00f1o. La informaci\u00f3n de contacto de cada una puede ser encontrada en la <a href=\"https:\/\/www.xn--pearol-xwa.org\/uc_2255_1.html\">p\u00e1gina oficial del club<\/a>.<\/p>\n<p style=\"text-align: right;\"><a href=\"https:\/\/twitter.com\/agustin_oronoz\">Agust\u00edn Oronoz<\/a> &#8211; UdelaR<\/p>\n<p>&nbsp;<\/p>\n","protected":false},"excerpt":{"rendered":"<p>Bajo la consigna \u201cAyudar nos hace m\u00e1s grandes\u201d empezaron las actividades solidarias oficiales, para este 2019. Estas movidas tuvieron su origen en el a\u00f1o 2013, por parte de las Pe\u00f1as del interior, y en 2014 se sumaron las Pe\u00f1as barriales de Montevideo. Su alcance sigue creciendo a\u00f1o a a\u00f1o, y son una linda manera de [&hellip;]<\/p>\n","protected":false},"author":27,"featured_media":69998,"comment_status":"open","ping_status":"closed","sticky":false,"template":"","format":"standard","meta":{"footnotes":""},"categories":[42],"tags":[199],"yoast_head":"<!-- This site is optimized with the Yoast SEO plugin v23.2 - https:\/\/yoast.com\/wordpress\/plugins\/seo\/ -->\n<title>Pe\u00f1arol solidario - Padre y Decano - El Sitio del Pueblo<\/title>\n<meta name=\"robots\" content=\"index, follow, max-snippet:-1, max-image-preview:large, max-video-preview:-1\" \/>\n<link rel=\"canonical\" href=\"https:\/\/www.padreydecano.com\/cms\/penas\/penarol-solidario\/\" \/>\n<meta property=\"og:locale\" content=\"es_ES\" \/>\n<meta property=\"og:type\" content=\"article\" \/>\n<meta property=\"og:title\" content=\"Pe\u00f1arol solidario - Padre y Decano - El Sitio del Pueblo\" \/>\n<meta property=\"og:description\" content=\"Bajo la consigna \u201cAyudar nos hace m\u00e1s grandes\u201d empezaron las actividades solidarias oficiales, para este 2019. Estas movidas tuvieron su origen en el a\u00f1o 2013, por parte de las Pe\u00f1as del interior, y en 2014 se sumaron las Pe\u00f1as barriales de Montevideo. Su alcance sigue creciendo a\u00f1o a a\u00f1o, y son una linda manera de [&hellip;]\" \/>\n<meta property=\"og:url\" content=\"https:\/\/www.padreydecano.com\/cms\/penas\/penarol-solidario\/\" \/>\n<meta property=\"og:site_name\" content=\"Padre y Decano - El Sitio del Pueblo\" \/>\n<meta property=\"article:published_time\" content=\"2019-03-11T16:27:04+00:00\" \/>\n<meta property=\"og:image\" content=\"https:\/\/www.padreydecano.com\/cms\/wp-content\/uploads\/2019\/03\/IMG-20190311-WA0048.jpg\" \/>\n\t<meta property=\"og:image:width\" content=\"1024\" \/>\n\t<meta property=\"og:image:height\" content=\"768\" \/>\n\t<meta property=\"og:image:type\" content=\"image\/jpeg\" \/>\n<meta name=\"author\" content=\"Redactores Padre y Decano\" \/>\n<meta name=\"twitter:card\" content=\"summary_large_image\" \/>\n<meta name=\"twitter:label1\" content=\"Escrito por\" \/>\n\t<meta name=\"twitter:data1\" content=\"Redactores Padre y Decano\" \/>\n\t<meta name=\"twitter:label2\" content=\"Tiempo de lectura\" \/>\n\t<meta name=\"twitter:data2\" content=\"2 minutos\" \/>\n<script type=\"application\/ld+json\" class=\"yoast-schema-graph\">{\"@context\":\"https:\/\/schema.org\",\"@graph\":[{\"@type\":\"Article\",\"@id\":\"https:\/\/www.padreydecano.com\/cms\/penas\/penarol-solidario\/#article\",\"isPartOf\":{\"@id\":\"https:\/\/www.padreydecano.com\/cms\/penas\/penarol-solidario\/\"},\"author\":{\"name\":\"Redactores Padre y Decano\",\"@id\":\"https:\/\/www.padreydecano.com\/cms\/#\/schema\/person\/37aae8f93aa78e4c5385497f056e3246\"},\"headline\":\"Pe\u00f1arol solidario\",\"datePublished\":\"2019-03-11T16:27:04+00:00\",\"dateModified\":\"2019-03-11T16:27:04+00:00\",\"mainEntityOfPage\":{\"@id\":\"https:\/\/www.padreydecano.com\/cms\/penas\/penarol-solidario\/\"},\"wordCount\":314,\"commentCount\":0,\"publisher\":{\"@id\":\"https:\/\/www.padreydecano.com\/cms\/#organization\"},\"image\":{\"@id\":\"https:\/\/www.padreydecano.com\/cms\/penas\/penarol-solidario\/#primaryimage\"},\"thumbnailUrl\":\"https:\/\/www.padreydecano.com\/cms\/wp-content\/uploads\/2019\/03\/IMG-20190311-WA0048.jpg\",\"keywords\":[\"Pe\u00f1as Barriales\"],\"articleSection\":[\"Pe\u00f1as\"],\"inLanguage\":\"es\",\"potentialAction\":[{\"@type\":\"CommentAction\",\"name\":\"Comment\",\"target\":[\"https:\/\/www.padreydecano.com\/cms\/penas\/penarol-solidario\/#respond\"]}]},{\"@type\":\"WebPage\",\"@id\":\"https:\/\/www.padreydecano.com\/cms\/penas\/penarol-solidario\/\",\"url\":\"https:\/\/www.padreydecano.com\/cms\/penas\/penarol-solidario\/\",\"name\":\"Pe\u00f1arol solidario - Padre y Decano - El Sitio del Pueblo\",\"isPartOf\":{\"@id\":\"https:\/\/www.padreydecano.com\/cms\/#website\"},\"primaryImageOfPage\":{\"@id\":\"https:\/\/www.padreydecano.com\/cms\/penas\/penarol-solidario\/#primaryimage\"},\"image\":{\"@id\":\"https:\/\/www.padreydecano.com\/cms\/penas\/penarol-solidario\/#primaryimage\"},\"thumbnailUrl\":\"https:\/\/www.padreydecano.com\/cms\/wp-content\/uploads\/2019\/03\/IMG-20190311-WA0048.jpg\",\"datePublished\":\"2019-03-11T16:27:04+00:00\",\"dateModified\":\"2019-03-11T16:27:04+00:00\",\"breadcrumb\":{\"@id\":\"https:\/\/www.padreydecano.com\/cms\/penas\/penarol-solidario\/#breadcrumb\"},\"inLanguage\":\"es\",\"potentialAction\":[{\"@type\":\"ReadAction\",\"target\":[\"https:\/\/www.padreydecano.com\/cms\/penas\/penarol-solidario\/\"]}]},{\"@type\":\"ImageObject\",\"inLanguage\":\"es\",\"@id\":\"https:\/\/www.padreydecano.com\/cms\/penas\/penarol-solidario\/#primaryimage\",\"url\":\"https:\/\/www.padreydecano.com\/cms\/wp-content\/uploads\/2019\/03\/IMG-20190311-WA0048.jpg\",\"contentUrl\":\"https:\/\/www.padreydecano.com\/cms\/wp-content\/uploads\/2019\/03\/IMG-20190311-WA0048.jpg\",\"width\":1024,\"height\":768},{\"@type\":\"BreadcrumbList\",\"@id\":\"https:\/\/www.padreydecano.com\/cms\/penas\/penarol-solidario\/#breadcrumb\",\"itemListElement\":[{\"@type\":\"ListItem\",\"position\":1,\"name\":\"Portada\",\"item\":\"https:\/\/www.padreydecano.com\/cms\/\"},{\"@type\":\"ListItem\",\"position\":2,\"name\":\"Pe\u00f1arol solidario\"}]},{\"@type\":\"WebSite\",\"@id\":\"https:\/\/www.padreydecano.com\/cms\/#website\",\"url\":\"https:\/\/www.padreydecano.com\/cms\/\",\"name\":\"Padre y Decano - El Sitio del Pueblo\",\"description\":\"Club Atl\u00e9tico Pe\u00f1arol\",\"publisher\":{\"@id\":\"https:\/\/www.padreydecano.com\/cms\/#organization\"},\"potentialAction\":[{\"@type\":\"SearchAction\",\"target\":{\"@type\":\"EntryPoint\",\"urlTemplate\":\"https:\/\/www.padreydecano.com\/cms\/?s={search_term_string}\"},\"query-input\":\"required name=search_term_string\"}],\"inLanguage\":\"es\"},{\"@type\":\"Organization\",\"@id\":\"https:\/\/www.padreydecano.com\/cms\/#organization\",\"name\":\"Padre y Decano\",\"url\":\"https:\/\/www.padreydecano.com\/cms\/\",\"logo\":{\"@type\":\"ImageObject\",\"inLanguage\":\"es\",\"@id\":\"https:\/\/www.padreydecano.com\/cms\/#\/schema\/logo\/image\/\",\"url\":\"https:\/\/www.padreydecano.com\/cms\/wp-content\/uploads\/2022\/01\/avatar-square.png\",\"contentUrl\":\"https:\/\/www.padreydecano.com\/cms\/wp-content\/uploads\/2022\/01\/avatar-square.png\",\"width\":1500,\"height\":1500,\"caption\":\"Padre y Decano\"},\"image\":{\"@id\":\"https:\/\/www.padreydecano.com\/cms\/#\/schema\/logo\/image\/\"}},{\"@type\":\"Person\",\"@id\":\"https:\/\/www.padreydecano.com\/cms\/#\/schema\/person\/37aae8f93aa78e4c5385497f056e3246\",\"name\":\"Redactores Padre y Decano\",\"image\":{\"@type\":\"ImageObject\",\"inLanguage\":\"es\",\"@id\":\"https:\/\/www.padreydecano.com\/cms\/#\/schema\/person\/image\/\",\"url\":\"https:\/\/secure.gravatar.com\/avatar\/8810c4b9081192b118b104af54549af8?s=96&d=https%3A%2F%2Fpadreydecano.com%2Fcms%2Fwp-content%2Fthemes%2Fpyd-theme%2Fimg%2Fdefault-avatar.png&r=g\",\"contentUrl\":\"https:\/\/secure.gravatar.com\/avatar\/8810c4b9081192b118b104af54549af8?s=96&d=https%3A%2F%2Fpadreydecano.com%2Fcms%2Fwp-content%2Fthemes%2Fpyd-theme%2Fimg%2Fdefault-avatar.png&r=g\",\"caption\":\"Redactores Padre y Decano\"},\"sameAs\":[\"http:\/\/www.padreydecano.com\"]}]}<\/script>\n<!-- \/ Yoast SEO plugin. -->","yoast_head_json":{"title":"Pe\u00f1arol solidario - Padre y Decano - El Sitio del Pueblo","robots":{"index":"index","follow":"follow","max-snippet":"max-snippet:-1","max-image-preview":"max-image-preview:large","max-video-preview":"max-video-preview:-1"},"canonical":"https:\/\/www.padreydecano.com\/cms\/penas\/penarol-solidario\/","og_locale":"es_ES","og_type":"article","og_title":"Pe\u00f1arol solidario - Padre y Decano - El Sitio del Pueblo","og_description":"Bajo la consigna \u201cAyudar nos hace m\u00e1s grandes\u201d empezaron las actividades solidarias oficiales, para este 2019. Estas movidas tuvieron su origen en el a\u00f1o 2013, por parte de las Pe\u00f1as del interior, y en 2014 se sumaron las Pe\u00f1as barriales de Montevideo. Su alcance sigue creciendo a\u00f1o a a\u00f1o, y son una linda manera de [&hellip;]","og_url":"https:\/\/www.padreydecano.com\/cms\/penas\/penarol-solidario\/","og_site_name":"Padre y Decano - El Sitio del Pueblo","article_published_time":"2019-03-11T16:27:04+00:00","og_image":[{"width":1024,"height":768,"url":"https:\/\/www.padreydecano.com\/cms\/wp-content\/uploads\/2019\/03\/IMG-20190311-WA0048.jpg","type":"image\/jpeg"}],"author":"Redactores Padre y Decano","twitter_card":"summary_large_image","twitter_misc":{"Escrito por":"Redactores Padre y Decano","Tiempo de lectura":"2 minutos"},"schema":{"@context":"https:\/\/schema.org","@graph":[{"@type":"Article","@id":"https:\/\/www.padreydecano.com\/cms\/penas\/penarol-solidario\/#article","isPartOf":{"@id":"https:\/\/www.padreydecano.com\/cms\/penas\/penarol-solidario\/"},"author":{"name":"Redactores Padre y Decano","@id":"https:\/\/www.padreydecano.com\/cms\/#\/schema\/person\/37aae8f93aa78e4c5385497f056e3246"},"headline":"Pe\u00f1arol solidario","datePublished":"2019-03-11T16:27:04+00:00","dateModified":"2019-03-11T16:27:04+00:00","mainEntityOfPage":{"@id":"https:\/\/www.padreydecano.com\/cms\/penas\/penarol-solidario\/"},"wordCount":314,"commentCount":0,"publisher":{"@id":"https:\/\/www.padreydecano.com\/cms\/#organization"},"image":{"@id":"https:\/\/www.padreydecano.com\/cms\/penas\/penarol-solidario\/#primaryimage"},"thumbnailUrl":"https:\/\/www.padreydecano.com\/cms\/wp-content\/uploads\/2019\/03\/IMG-20190311-WA0048.jpg","keywords":["Pe\u00f1as Barriales"],"articleSection":["Pe\u00f1as"],"inLanguage":"es","potentialAction":[{"@type":"CommentAction","name":"Comment","target":["https:\/\/www.padreydecano.com\/cms\/penas\/penarol-solidario\/#respond"]}]},{"@type":"WebPage","@id":"https:\/\/www.padreydecano.com\/cms\/penas\/penarol-solidario\/","url":"https:\/\/www.padreydecano.com\/cms\/penas\/penarol-solidario\/","name":"Pe\u00f1arol solidario - Padre y Decano - El Sitio del Pueblo","isPartOf":{"@id":"https:\/\/www.padreydecano.com\/cms\/#website"},"primaryImageOfPage":{"@id":"https:\/\/www.padreydecano.com\/cms\/penas\/penarol-solidario\/#primaryimage"},"image":{"@id":"https:\/\/www.padreydecano.com\/cms\/penas\/penarol-solidario\/#primaryimage"},"thumbnailUrl":"https:\/\/www.padreydecano.com\/cms\/wp-content\/uploads\/2019\/03\/IMG-20190311-WA0048.jpg","datePublished":"2019-03-11T16:27:04+00:00","dateModified":"2019-03-11T16:27:04+00:00","breadcrumb":{"@id":"https:\/\/www.padreydecano.com\/cms\/penas\/penarol-solidario\/#breadcrumb"},"inLanguage":"es","potentialAction":[{"@type":"ReadAction","target":["https:\/\/www.padreydecano.com\/cms\/penas\/penarol-solidario\/"]}]},{"@type":"ImageObject","inLanguage":"es","@id":"https:\/\/www.padreydecano.com\/cms\/penas\/penarol-solidario\/#primaryimage","url":"https:\/\/www.padreydecano.com\/cms\/wp-content\/uploads\/2019\/03\/IMG-20190311-WA0048.jpg","contentUrl":"https:\/\/www.padreydecano.com\/cms\/wp-content\/uploads\/2019\/03\/IMG-20190311-WA0048.jpg","width":1024,"height":768},{"@type":"BreadcrumbList","@id":"https:\/\/www.padreydecano.com\/cms\/penas\/penarol-solidario\/#breadcrumb","itemListElement":[{"@type":"ListItem","position":1,"name":"Portada","item":"https:\/\/www.padreydecano.com\/cms\/"},{"@type":"ListItem","position":2,"name":"Pe\u00f1arol solidario"}]},{"@type":"WebSite","@id":"https:\/\/www.padreydecano.com\/cms\/#website","url":"https:\/\/www.padreydecano.com\/cms\/","name":"Padre y Decano - El Sitio del Pueblo","description":"Club Atl\u00e9tico Pe\u00f1arol","publisher":{"@id":"https:\/\/www.padreydecano.com\/cms\/#organization"},"potentialAction":[{"@type":"SearchAction","target":{"@type":"EntryPoint","urlTemplate":"https:\/\/www.padreydecano.com\/cms\/?s={search_term_string}"},"query-input":"required name=search_term_string"}],"inLanguage":"es"},{"@type":"Organization","@id":"https:\/\/www.padreydecano.com\/cms\/#organization","name":"Padre y Decano","url":"https:\/\/www.padreydecano.com\/cms\/","logo":{"@type":"ImageObject","inLanguage":"es","@id":"https:\/\/www.padreydecano.com\/cms\/#\/schema\/logo\/image\/","url":"https:\/\/www.padreydecano.com\/cms\/wp-content\/uploads\/2022\/01\/avatar-square.png","contentUrl":"https:\/\/www.padreydecano.com\/cms\/wp-content\/uploads\/2022\/01\/avatar-square.png","width":1500,"height":1500,"caption":"Padre y Decano"},"image":{"@id":"https:\/\/www.padreydecano.com\/cms\/#\/schema\/logo\/image\/"}},{"@type":"Person","@id":"https:\/\/www.padreydecano.com\/cms\/#\/schema\/person\/37aae8f93aa78e4c5385497f056e3246","name":"Redactores Padre y Decano","image":{"@type":"ImageObject","inLanguage":"es","@id":"https:\/\/www.padreydecano.com\/cms\/#\/schema\/person\/image\/","url":"https:\/\/secure.gravatar.com\/avatar\/8810c4b9081192b118b104af54549af8?s=96&d=https%3A%2F%2Fpadreydecano.com%2Fcms%2Fwp-content%2Fthemes%2Fpyd-theme%2Fimg%2Fdefault-avatar.png&r=g","contentUrl":"https:\/\/secure.gravatar.com\/avatar\/8810c4b9081192b118b104af54549af8?s=96&d=https%3A%2F%2Fpadreydecano.com%2Fcms%2Fwp-content%2Fthemes%2Fpyd-theme%2Fimg%2Fdefault-avatar.png&r=g","caption":"Redactores Padre y Decano"},"sameAs":["http:\/\/www.padreydecano.com"]}]}},"_links":{"self":[{"href":"https:\/\/www.padreydecano.com\/cms\/wp-json\/wp\/v2\/posts\/69993"}],"collection":[{"href":"https:\/\/www.padreydecano.com\/cms\/wp-json\/wp\/v2\/posts"}],"about":[{"href":"https:\/\/www.padreydecano.com\/cms\/wp-json\/wp\/v2\/types\/post"}],"author":[{"embeddable":true,"href":"https:\/\/www.padreydecano.com\/cms\/wp-json\/wp\/v2\/users\/27"}],"replies":[{"embeddable":true,"href":"https:\/\/www.padreydecano.com\/cms\/wp-json\/wp\/v2\/comments?post=69993"}],"version-history":[{"count":0,"href":"https:\/\/www.padreydecano.com\/cms\/wp-json\/wp\/v2\/posts\/69993\/revisions"}],"wp:featuredmedia":[{"embeddable":true,"href":"https:\/\/www.padreydecano.com\/cms\/wp-json\/wp\/v2\/media\/69998"}],"wp:attachment":[{"href":"https:\/\/www.padreydecano.com\/cms\/wp-json\/wp\/v2\/media?parent=69993"}],"wp:term":[{"taxonomy":"category","embeddable":true,"href":"https:\/\/www.padreydecano.com\/cms\/wp-json\/wp\/v2\/categories?post=69993"},{"taxonomy":"post_tag","embeddable":true,"href":"https:\/\/www.padreydecano.com\/cms\/wp-json\/wp\/v2\/tags?post=69993"}],"curies":[{"name":"wp","href":"https:\/\/api.w.org\/{rel}","templated":true}]}}