{"id":69901,"date":"2019-03-05T11:52:43","date_gmt":"2019-03-05T14:52:43","guid":{"rendered":"http:\/\/www.padreydecano.com\/cms\/?p=69901"},"modified":"2019-03-05T12:19:35","modified_gmt":"2019-03-05T15:19:35","slug":"venta-de-entradas-en-quito-copa-libertadores","status":"publish","type":"post","link":"https:\/\/www.padreydecano.com\/cms\/tribuna\/venta-de-entradas-en-quito-copa-libertadores\/","title":{"rendered":"Venta de entradas en Quito (Copa Libertadores)"},"content":{"rendered":"<p style=\"text-align: justify;\"><a href=\"https:\/\/www.padreydecano.com\/cms\/wp-content\/uploads\/2019\/03\/Estadio-Liga-de-Quito.jpg\" rel=\"shadowbox[sbpost-69901];player=img;\"><img loading=\"lazy\" decoding=\"async\" class=\"aligncenter wp-image-69902 size-large\" src=\"https:\/\/www.padreydecano.com\/cms\/wp-content\/uploads\/2019\/03\/Estadio-Liga-de-Quito-1024x576.jpg\" alt=\"\" width=\"620\" height=\"349\" srcset=\"https:\/\/www.padreydecano.com\/cms\/wp-content\/uploads\/2019\/03\/Estadio-Liga-de-Quito-1024x576.jpg 1024w, https:\/\/www.padreydecano.com\/cms\/wp-content\/uploads\/2019\/03\/Estadio-Liga-de-Quito-600x338.jpg 600w, https:\/\/www.padreydecano.com\/cms\/wp-content\/uploads\/2019\/03\/Estadio-Liga-de-Quito-768x432.jpg 768w, https:\/\/www.padreydecano.com\/cms\/wp-content\/uploads\/2019\/03\/Estadio-Liga-de-Quito.jpg 1600w\" sizes=\"(max-width: 620px) 100vw, 620px\" \/><\/a><\/p>\n<p style=\"text-align: justify;\">Muchos son los carboneros que ya est\u00e1n emprendiendo viaje a Ecuador para presenciar el primer partido de Pe\u00f1arol por Copa Libertadores,\u00a0 a jugarse el jueves 7 de marzo, en la ciudad de Quito (Ecuador). Se espera que alrededor de 100 hinchas del Decano est\u00e9n presentes alentando al equipo.<\/p>\n<p style=\"text-align: justify;\">Los hinchas de Pe\u00f1arol ir\u00e1n al sector visitante que se denomina <span style=\"color: #ffcc00;\"><strong>General sur alta: Jorge Cacique Tapia<\/strong><\/span> y el costo de las entradas ser\u00e1 de<span style=\"color: #ffcc00;\"><strong> U$S 10<\/strong><\/span>.<\/p>\n<p style=\"text-align: justify;\">Las entradas para los hinchas de Pe\u00f1arol, <strong><span style=\"color: #ffcc00;\">se vender\u00e1n en el Estadio Ol\u00edmpico Atahualpa de la ciudad de Quito, el mi\u00e9rcoles 6\u00a0en el horario de 10 a 17:00 y el jueves 7 de 12 a 16:00<\/span>.<\/strong> Nos informaron que <u>no se vender\u00e1n entradas en el Estadio Rodrigo Paz Delgado<\/u>, d\u00f3nde se jugar\u00e1 el partido.<\/p>\n<p style=\"text-align: justify;\">Padre y Decano estar\u00e1 presente una vez m\u00e1s, como hace 7 a\u00f1os, para realizar una cobertura \u00fanica, juegue donde juegue el Decano del F\u00fatbol Uruguayo.<\/p>\n","protected":false},"excerpt":{"rendered":"<p>Muchos son los carboneros que ya est\u00e1n emprendiendo viaje a Ecuador para presenciar el primer partido de Pe\u00f1arol por Copa Libertadores,\u00a0 a jugarse el jueves 7 de marzo, en la ciudad de Quito (Ecuador). Se espera que alrededor de 100 hinchas del Decano est\u00e9n presentes alentando al equipo. Los hinchas de Pe\u00f1arol ir\u00e1n al sector [&hellip;]<\/p>\n","protected":false},"author":2,"featured_media":69902,"comment_status":"open","ping_status":"closed","sticky":false,"template":"","format":"standard","meta":{"footnotes":""},"categories":[31],"tags":[32],"yoast_head":"<!-- This site is optimized with the Yoast SEO plugin v23.2 - https:\/\/yoast.com\/wordpress\/plugins\/seo\/ -->\n<title>Venta de entradas en Quito (Copa Libertadores) - Padre y Decano - El Sitio del Pueblo<\/title>\n<meta name=\"robots\" content=\"index, follow, max-snippet:-1, max-image-preview:large, max-video-preview:-1\" \/>\n<link rel=\"canonical\" href=\"https:\/\/www.padreydecano.com\/cms\/tribuna\/venta-de-entradas-en-quito-copa-libertadores\/\" \/>\n<meta property=\"og:locale\" content=\"es_ES\" \/>\n<meta property=\"og:type\" content=\"article\" \/>\n<meta property=\"og:title\" content=\"Venta de entradas en Quito (Copa Libertadores) - Padre y Decano - El Sitio del Pueblo\" \/>\n<meta property=\"og:description\" content=\"Muchos son los carboneros que ya est\u00e1n emprendiendo viaje a Ecuador para presenciar el primer partido de Pe\u00f1arol por Copa Libertadores,\u00a0 a jugarse el jueves 7 de marzo, en la ciudad de Quito (Ecuador). Se espera que alrededor de 100 hinchas del Decano est\u00e9n presentes alentando al equipo. Los hinchas de Pe\u00f1arol ir\u00e1n al sector [&hellip;]\" \/>\n<meta property=\"og:url\" content=\"https:\/\/www.padreydecano.com\/cms\/tribuna\/venta-de-entradas-en-quito-copa-libertadores\/\" \/>\n<meta property=\"og:site_name\" content=\"Padre y Decano - El Sitio del Pueblo\" \/>\n<meta property=\"article:published_time\" content=\"2019-03-05T14:52:43+00:00\" \/>\n<meta property=\"article:modified_time\" content=\"2019-03-05T15:19:35+00:00\" \/>\n<meta property=\"og:image\" content=\"https:\/\/www.padreydecano.com\/cms\/wp-content\/uploads\/2019\/03\/Estadio-Liga-de-Quito.jpg\" \/>\n\t<meta property=\"og:image:width\" content=\"1600\" \/>\n\t<meta property=\"og:image:height\" content=\"900\" \/>\n\t<meta property=\"og:image:type\" content=\"image\/jpeg\" \/>\n<meta name=\"author\" content=\"Gonzalo16\" \/>\n<meta name=\"twitter:card\" content=\"summary_large_image\" \/>\n<meta name=\"twitter:label1\" content=\"Escrito por\" \/>\n\t<meta name=\"twitter:data1\" content=\"Gonzalo16\" \/>\n\t<meta name=\"twitter:label2\" content=\"Tiempo de lectura\" \/>\n\t<meta name=\"twitter:data2\" content=\"1 minuto\" \/>\n<script type=\"application\/ld+json\" class=\"yoast-schema-graph\">{\"@context\":\"https:\/\/schema.org\",\"@graph\":[{\"@type\":\"Article\",\"@id\":\"https:\/\/www.padreydecano.com\/cms\/tribuna\/venta-de-entradas-en-quito-copa-libertadores\/#article\",\"isPartOf\":{\"@id\":\"https:\/\/www.padreydecano.com\/cms\/tribuna\/venta-de-entradas-en-quito-copa-libertadores\/\"},\"author\":{\"name\":\"Gonzalo16\",\"@id\":\"https:\/\/www.padreydecano.com\/cms\/#\/schema\/person\/7fe41e3e335700ebd387196df2f9a8d4\"},\"headline\":\"Venta de entradas en Quito (Copa Libertadores)\",\"datePublished\":\"2019-03-05T14:52:43+00:00\",\"dateModified\":\"2019-03-05T15:19:35+00:00\",\"mainEntityOfPage\":{\"@id\":\"https:\/\/www.padreydecano.com\/cms\/tribuna\/venta-de-entradas-en-quito-copa-libertadores\/\"},\"wordCount\":167,\"commentCount\":8,\"publisher\":{\"@id\":\"https:\/\/www.padreydecano.com\/cms\/#organization\"},\"image\":{\"@id\":\"https:\/\/www.padreydecano.com\/cms\/tribuna\/venta-de-entradas-en-quito-copa-libertadores\/#primaryimage\"},\"thumbnailUrl\":\"https:\/\/www.padreydecano.com\/cms\/wp-content\/uploads\/2019\/03\/Estadio-Liga-de-Quito.jpg\",\"keywords\":[\"Venta de entradas\"],\"articleSection\":[\"Tribuna\"],\"inLanguage\":\"es\",\"potentialAction\":[{\"@type\":\"CommentAction\",\"name\":\"Comment\",\"target\":[\"https:\/\/www.padreydecano.com\/cms\/tribuna\/venta-de-entradas-en-quito-copa-libertadores\/#respond\"]}]},{\"@type\":\"WebPage\",\"@id\":\"https:\/\/www.padreydecano.com\/cms\/tribuna\/venta-de-entradas-en-quito-copa-libertadores\/\",\"url\":\"https:\/\/www.padreydecano.com\/cms\/tribuna\/venta-de-entradas-en-quito-copa-libertadores\/\",\"name\":\"Venta de entradas en Quito (Copa Libertadores) - Padre y Decano - El Sitio del Pueblo\",\"isPartOf\":{\"@id\":\"https:\/\/www.padreydecano.com\/cms\/#website\"},\"primaryImageOfPage\":{\"@id\":\"https:\/\/www.padreydecano.com\/cms\/tribuna\/venta-de-entradas-en-quito-copa-libertadores\/#primaryimage\"},\"image\":{\"@id\":\"https:\/\/www.padreydecano.com\/cms\/tribuna\/venta-de-entradas-en-quito-copa-libertadores\/#primaryimage\"},\"thumbnailUrl\":\"https:\/\/www.padreydecano.com\/cms\/wp-content\/uploads\/2019\/03\/Estadio-Liga-de-Quito.jpg\",\"datePublished\":\"2019-03-05T14:52:43+00:00\",\"dateModified\":\"2019-03-05T15:19:35+00:00\",\"breadcrumb\":{\"@id\":\"https:\/\/www.padreydecano.com\/cms\/tribuna\/venta-de-entradas-en-quito-copa-libertadores\/#breadcrumb\"},\"inLanguage\":\"es\",\"potentialAction\":[{\"@type\":\"ReadAction\",\"target\":[\"https:\/\/www.padreydecano.com\/cms\/tribuna\/venta-de-entradas-en-quito-copa-libertadores\/\"]}]},{\"@type\":\"ImageObject\",\"inLanguage\":\"es\",\"@id\":\"https:\/\/www.padreydecano.com\/cms\/tribuna\/venta-de-entradas-en-quito-copa-libertadores\/#primaryimage\",\"url\":\"https:\/\/www.padreydecano.com\/cms\/wp-content\/uploads\/2019\/03\/Estadio-Liga-de-Quito.jpg\",\"contentUrl\":\"https:\/\/www.padreydecano.com\/cms\/wp-content\/uploads\/2019\/03\/Estadio-Liga-de-Quito.jpg\",\"width\":1600,\"height\":900},{\"@type\":\"BreadcrumbList\",\"@id\":\"https:\/\/www.padreydecano.com\/cms\/tribuna\/venta-de-entradas-en-quito-copa-libertadores\/#breadcrumb\",\"itemListElement\":[{\"@type\":\"ListItem\",\"position\":1,\"name\":\"Portada\",\"item\":\"https:\/\/www.padreydecano.com\/cms\/\"},{\"@type\":\"ListItem\",\"position\":2,\"name\":\"Venta de entradas en Quito (Copa Libertadores)\"}]},{\"@type\":\"WebSite\",\"@id\":\"https:\/\/www.padreydecano.com\/cms\/#website\",\"url\":\"https:\/\/www.padreydecano.com\/cms\/\",\"name\":\"Padre y Decano - El Sitio del Pueblo\",\"description\":\"Club Atl\u00e9tico Pe\u00f1arol\",\"publisher\":{\"@id\":\"https:\/\/www.padreydecano.com\/cms\/#organization\"},\"potentialAction\":[{\"@type\":\"SearchAction\",\"target\":{\"@type\":\"EntryPoint\",\"urlTemplate\":\"https:\/\/www.padreydecano.com\/cms\/?s={search_term_string}\"},\"query-input\":\"required name=search_term_string\"}],\"inLanguage\":\"es\"},{\"@type\":\"Organization\",\"@id\":\"https:\/\/www.padreydecano.com\/cms\/#organization\",\"name\":\"Padre y Decano\",\"url\":\"https:\/\/www.padreydecano.com\/cms\/\",\"logo\":{\"@type\":\"ImageObject\",\"inLanguage\":\"es\",\"@id\":\"https:\/\/www.padreydecano.com\/cms\/#\/schema\/logo\/image\/\",\"url\":\"https:\/\/www.padreydecano.com\/cms\/wp-content\/uploads\/2022\/01\/avatar-square.png\",\"contentUrl\":\"https:\/\/www.padreydecano.com\/cms\/wp-content\/uploads\/2022\/01\/avatar-square.png\",\"width\":1500,\"height\":1500,\"caption\":\"Padre y Decano\"},\"image\":{\"@id\":\"https:\/\/www.padreydecano.com\/cms\/#\/schema\/logo\/image\/\"}},{\"@type\":\"Person\",\"@id\":\"https:\/\/www.padreydecano.com\/cms\/#\/schema\/person\/7fe41e3e335700ebd387196df2f9a8d4\",\"name\":\"Gonzalo16\",\"image\":{\"@type\":\"ImageObject\",\"inLanguage\":\"es\",\"@id\":\"https:\/\/www.padreydecano.com\/cms\/#\/schema\/person\/image\/\",\"url\":\"https:\/\/secure.gravatar.com\/avatar\/4d5cdd49803a2313c01f77e3dfc05d81?s=96&d=https%3A%2F%2Fpadreydecano.com%2Fcms%2Fwp-content%2Fthemes%2Fpyd-theme%2Fimg%2Fdefault-avatar.png&r=g\",\"contentUrl\":\"https:\/\/secure.gravatar.com\/avatar\/4d5cdd49803a2313c01f77e3dfc05d81?s=96&d=https%3A%2F%2Fpadreydecano.com%2Fcms%2Fwp-content%2Fthemes%2Fpyd-theme%2Fimg%2Fdefault-avatar.png&r=g\",\"caption\":\"Gonzalo16\"}}]}<\/script>\n<!-- \/ Yoast SEO plugin. -->","yoast_head_json":{"title":"Venta de entradas en Quito (Copa Libertadores) - Padre y Decano - El Sitio del Pueblo","robots":{"index":"index","follow":"follow","max-snippet":"max-snippet:-1","max-image-preview":"max-image-preview:large","max-video-preview":"max-video-preview:-1"},"canonical":"https:\/\/www.padreydecano.com\/cms\/tribuna\/venta-de-entradas-en-quito-copa-libertadores\/","og_locale":"es_ES","og_type":"article","og_title":"Venta de entradas en Quito (Copa Libertadores) - Padre y Decano - El Sitio del Pueblo","og_description":"Muchos son los carboneros que ya est\u00e1n emprendiendo viaje a Ecuador para presenciar el primer partido de Pe\u00f1arol por Copa Libertadores,\u00a0 a jugarse el jueves 7 de marzo, en la ciudad de Quito (Ecuador). Se espera que alrededor de 100 hinchas del Decano est\u00e9n presentes alentando al equipo. Los hinchas de Pe\u00f1arol ir\u00e1n al sector [&hellip;]","og_url":"https:\/\/www.padreydecano.com\/cms\/tribuna\/venta-de-entradas-en-quito-copa-libertadores\/","og_site_name":"Padre y Decano - El Sitio del Pueblo","article_published_time":"2019-03-05T14:52:43+00:00","article_modified_time":"2019-03-05T15:19:35+00:00","og_image":[{"width":1600,"height":900,"url":"https:\/\/www.padreydecano.com\/cms\/wp-content\/uploads\/2019\/03\/Estadio-Liga-de-Quito.jpg","type":"image\/jpeg"}],"author":"Gonzalo16","twitter_card":"summary_large_image","twitter_misc":{"Escrito por":"Gonzalo16","Tiempo de lectura":"1 minuto"},"schema":{"@context":"https:\/\/schema.org","@graph":[{"@type":"Article","@id":"https:\/\/www.padreydecano.com\/cms\/tribuna\/venta-de-entradas-en-quito-copa-libertadores\/#article","isPartOf":{"@id":"https:\/\/www.padreydecano.com\/cms\/tribuna\/venta-de-entradas-en-quito-copa-libertadores\/"},"author":{"name":"Gonzalo16","@id":"https:\/\/www.padreydecano.com\/cms\/#\/schema\/person\/7fe41e3e335700ebd387196df2f9a8d4"},"headline":"Venta de entradas en Quito (Copa Libertadores)","datePublished":"2019-03-05T14:52:43+00:00","dateModified":"2019-03-05T15:19:35+00:00","mainEntityOfPage":{"@id":"https:\/\/www.padreydecano.com\/cms\/tribuna\/venta-de-entradas-en-quito-copa-libertadores\/"},"wordCount":167,"commentCount":8,"publisher":{"@id":"https:\/\/www.padreydecano.com\/cms\/#organization"},"image":{"@id":"https:\/\/www.padreydecano.com\/cms\/tribuna\/venta-de-entradas-en-quito-copa-libertadores\/#primaryimage"},"thumbnailUrl":"https:\/\/www.padreydecano.com\/cms\/wp-content\/uploads\/2019\/03\/Estadio-Liga-de-Quito.jpg","keywords":["Venta de entradas"],"articleSection":["Tribuna"],"inLanguage":"es","potentialAction":[{"@type":"CommentAction","name":"Comment","target":["https:\/\/www.padreydecano.com\/cms\/tribuna\/venta-de-entradas-en-quito-copa-libertadores\/#respond"]}]},{"@type":"WebPage","@id":"https:\/\/www.padreydecano.com\/cms\/tribuna\/venta-de-entradas-en-quito-copa-libertadores\/","url":"https:\/\/www.padreydecano.com\/cms\/tribuna\/venta-de-entradas-en-quito-copa-libertadores\/","name":"Venta de entradas en Quito (Copa Libertadores) - Padre y Decano - El Sitio del Pueblo","isPartOf":{"@id":"https:\/\/www.padreydecano.com\/cms\/#website"},"primaryImageOfPage":{"@id":"https:\/\/www.padreydecano.com\/cms\/tribuna\/venta-de-entradas-en-quito-copa-libertadores\/#primaryimage"},"image":{"@id":"https:\/\/www.padreydecano.com\/cms\/tribuna\/venta-de-entradas-en-quito-copa-libertadores\/#primaryimage"},"thumbnailUrl":"https:\/\/www.padreydecano.com\/cms\/wp-content\/uploads\/2019\/03\/Estadio-Liga-de-Quito.jpg","datePublished":"2019-03-05T14:52:43+00:00","dateModified":"2019-03-05T15:19:35+00:00","breadcrumb":{"@id":"https:\/\/www.padreydecano.com\/cms\/tribuna\/venta-de-entradas-en-quito-copa-libertadores\/#breadcrumb"},"inLanguage":"es","potentialAction":[{"@type":"ReadAction","target":["https:\/\/www.padreydecano.com\/cms\/tribuna\/venta-de-entradas-en-quito-copa-libertadores\/"]}]},{"@type":"ImageObject","inLanguage":"es","@id":"https:\/\/www.padreydecano.com\/cms\/tribuna\/venta-de-entradas-en-quito-copa-libertadores\/#primaryimage","url":"https:\/\/www.padreydecano.com\/cms\/wp-content\/uploads\/2019\/03\/Estadio-Liga-de-Quito.jpg","contentUrl":"https:\/\/www.padreydecano.com\/cms\/wp-content\/uploads\/2019\/03\/Estadio-Liga-de-Quito.jpg","width":1600,"height":900},{"@type":"BreadcrumbList","@id":"https:\/\/www.padreydecano.com\/cms\/tribuna\/venta-de-entradas-en-quito-copa-libertadores\/#breadcrumb","itemListElement":[{"@type":"ListItem","position":1,"name":"Portada","item":"https:\/\/www.padreydecano.com\/cms\/"},{"@type":"ListItem","position":2,"name":"Venta de entradas en Quito (Copa Libertadores)"}]},{"@type":"WebSite","@id":"https:\/\/www.padreydecano.com\/cms\/#website","url":"https:\/\/www.padreydecano.com\/cms\/","name":"Padre y Decano - El Sitio del Pueblo","description":"Club Atl\u00e9tico Pe\u00f1arol","publisher":{"@id":"https:\/\/www.padreydecano.com\/cms\/#organization"},"potentialAction":[{"@type":"SearchAction","target":{"@type":"EntryPoint","urlTemplate":"https:\/\/www.padreydecano.com\/cms\/?s={search_term_string}"},"query-input":"required name=search_term_string"}],"inLanguage":"es"},{"@type":"Organization","@id":"https:\/\/www.padreydecano.com\/cms\/#organization","name":"Padre y Decano","url":"https:\/\/www.padreydecano.com\/cms\/","logo":{"@type":"ImageObject","inLanguage":"es","@id":"https:\/\/www.padreydecano.com\/cms\/#\/schema\/logo\/image\/","url":"https:\/\/www.padreydecano.com\/cms\/wp-content\/uploads\/2022\/01\/avatar-square.png","contentUrl":"https:\/\/www.padreydecano.com\/cms\/wp-content\/uploads\/2022\/01\/avatar-square.png","width":1500,"height":1500,"caption":"Padre y Decano"},"image":{"@id":"https:\/\/www.padreydecano.com\/cms\/#\/schema\/logo\/image\/"}},{"@type":"Person","@id":"https:\/\/www.padreydecano.com\/cms\/#\/schema\/person\/7fe41e3e335700ebd387196df2f9a8d4","name":"Gonzalo16","image":{"@type":"ImageObject","inLanguage":"es","@id":"https:\/\/www.padreydecano.com\/cms\/#\/schema\/person\/image\/","url":"https:\/\/secure.gravatar.com\/avatar\/4d5cdd49803a2313c01f77e3dfc05d81?s=96&d=https%3A%2F%2Fpadreydecano.com%2Fcms%2Fwp-content%2Fthemes%2Fpyd-theme%2Fimg%2Fdefault-avatar.png&r=g","contentUrl":"https:\/\/secure.gravatar.com\/avatar\/4d5cdd49803a2313c01f77e3dfc05d81?s=96&d=https%3A%2F%2Fpadreydecano.com%2Fcms%2Fwp-content%2Fthemes%2Fpyd-theme%2Fimg%2Fdefault-avatar.png&r=g","caption":"Gonzalo16"}}]}},"_links":{"self":[{"href":"https:\/\/www.padreydecano.com\/cms\/wp-json\/wp\/v2\/posts\/69901"}],"collection":[{"href":"https:\/\/www.padreydecano.com\/cms\/wp-json\/wp\/v2\/posts"}],"about":[{"href":"https:\/\/www.padreydecano.com\/cms\/wp-json\/wp\/v2\/types\/post"}],"author":[{"embeddable":true,"href":"https:\/\/www.padreydecano.com\/cms\/wp-json\/wp\/v2\/users\/2"}],"replies":[{"embeddable":true,"href":"https:\/\/www.padreydecano.com\/cms\/wp-json\/wp\/v2\/comments?post=69901"}],"version-history":[{"count":0,"href":"https:\/\/www.padreydecano.com\/cms\/wp-json\/wp\/v2\/posts\/69901\/revisions"}],"wp:featuredmedia":[{"embeddable":true,"href":"https:\/\/www.padreydecano.com\/cms\/wp-json\/wp\/v2\/media\/69902"}],"wp:attachment":[{"href":"https:\/\/www.padreydecano.com\/cms\/wp-json\/wp\/v2\/media?parent=69901"}],"wp:term":[{"taxonomy":"category","embeddable":true,"href":"https:\/\/www.padreydecano.com\/cms\/wp-json\/wp\/v2\/categories?post=69901"},{"taxonomy":"post_tag","embeddable":true,"href":"https:\/\/www.padreydecano.com\/cms\/wp-json\/wp\/v2\/tags?post=69901"}],"curies":[{"name":"wp","href":"https:\/\/api.w.org\/{rel}","templated":true}]}}