{"id":69781,"date":"2019-02-21T20:58:04","date_gmt":"2019-02-21T23:58:04","guid":{"rendered":"http:\/\/www.padreydecano.com\/cms\/?p=69781"},"modified":"2019-02-21T20:58:04","modified_gmt":"2019-02-21T23:58:04","slug":"manyas-por-el-mundo-volvio-nahitan-nandez","status":"publish","type":"post","link":"https:\/\/www.padreydecano.com\/cms\/noticias\/manyas-por-el-mundo-volvio-nahitan-nandez\/","title":{"rendered":"Manyas por el mundo: volvi\u00f3 Nahitan N\u00e1ndez"},"content":{"rendered":"<p style=\"text-align: justify;\"><span style=\"font-weight: 400;\">En esta secci\u00f3n de \u2018<\/span><b>Manyas por el Mundo<\/b><span style=\"font-weight: 400;\">\u2019 utilizamos el criterio de repasar la actividad de los jugadores que pertenecieron a las formativas de Pe\u00f1arol y hayan logrado el Campeonato Uruguayo con el Decano. Tambi\u00e9n podemos citar algunos jugadores que no cumplan con uno de estos requisitos pero que se hayan destacado en el fin de semana.<\/span><\/p>\n<p style=\"text-align: justify;\"><span style=\"color: #ffcc00;\"><strong>Diego Rossi (Los \u00c1ngeles Football Club, Estados Unidos) \u2013 Campe\u00f3n Uruguayo 2015\/16 y 2017<\/strong><\/span><\/p>\n<ul style=\"text-align: justify;\">\n<li style=\"font-weight: 400;\"><span style=\"font-weight: 400;\">A\u00fan no comenz\u00f3 a disputarse la MLS.<\/span><\/li>\n<\/ul>\n<p style=\"text-align: justify;\"><span style=\"color: #ffcc00;\"><strong>Jonathan Ramis (V\u00e9lez Sarsfield, Argentina) \u2013 Campe\u00f3n Uruguayo 2009\/10<\/strong><\/span><\/p>\n<ul style=\"text-align: justify;\">\n<li style=\"font-weight: 400;\"><span style=\"font-weight: 400;\">Ramis no viene teniendo muchos minutos en este 2019. Solo sum\u00f3 9\u2019 en el partido que River le gan\u00f3 a 2 a 1 a V\u00e9lez. <\/span><\/li>\n<li style=\"font-weight: 400;\"><span style=\"font-weight: 400;\">V\u00e9lez se encuentra s\u00e9ptimo en la \u2018Superliga Argentina\u2019.<\/span><\/li>\n<\/ul>\n<p style=\"text-align: justify;\"><span style=\"color: #ffcc00;\"><strong>Gullermo Varela (FC Copenhague) &#8211; Campe\u00f3n Uruguayo 2017<\/strong><\/span><\/p>\n<ul style=\"text-align: justify;\">\n<li style=\"font-weight: 400;\"><span style=\"font-weight: 400;\">Guillermo fue titular en la reserva de FC Copenhague frente a Ac Horsens.<\/span><\/li>\n<li style=\"font-weight: 400;\"><span style=\"font-weight: 400;\">Minutos: 45\u2019. <\/span><\/li>\n<\/ul>\n<p style=\"text-align: justify;\"><span style=\"color: #ffcc00;\"><strong>Nahitan N\u00e1ndez (Boca Juniors, Argentina) \u2013 Campe\u00f3n Uruguayo 2015\/16 y 2017<\/strong><\/span><\/p>\n<div id=\"attachment_69782\" style=\"width: 1043px\" class=\"wp-caption aligncenter\"><a href=\"https:\/\/www.padreydecano.com\/cms\/wp-content\/uploads\/2019\/02\/2876594w1033.jpg\" rel=\"shadowbox[sbpost-69781];player=img;\"><img loading=\"lazy\" decoding=\"async\" aria-describedby=\"caption-attachment-69782\" class=\"size-full wp-image-69782\" src=\"https:\/\/www.padreydecano.com\/cms\/wp-content\/uploads\/2019\/02\/2876594w1033.jpg\" alt=\"\" width=\"1033\" height=\"690\" srcset=\"https:\/\/www.padreydecano.com\/cms\/wp-content\/uploads\/2019\/02\/2876594w1033.jpg 1033w, https:\/\/www.padreydecano.com\/cms\/wp-content\/uploads\/2019\/02\/2876594w1033-600x401.jpg 600w, https:\/\/www.padreydecano.com\/cms\/wp-content\/uploads\/2019\/02\/2876594w1033-768x513.jpg 768w, https:\/\/www.padreydecano.com\/cms\/wp-content\/uploads\/2019\/02\/2876594w1033-1024x684.jpg 1024w\" sizes=\"(max-width: 1033px) 100vw, 1033px\" \/><\/a><p id=\"caption-attachment-69782\" class=\"wp-caption-text\">Foto: LA NACION<\/p><\/div>\n<ul style=\"text-align: justify;\">\n<li style=\"font-weight: 400;\"><span style=\"font-weight: 400;\">Nahitan retorn\u00f3 luego de una lesi\u00f3n e ingres\u00f3 en el complemento de lo que fue la victoria de Boca 2 a 1 frente a Lanus. <\/span><\/li>\n<li style=\"font-weight: 400;\"><span style=\"font-weight: 400;\">Minutos: 27\u2032.<\/span><\/li>\n<li style=\"font-weight: 400;\"><span style=\"font-weight: 400;\">Boca se encuentra tercero en la \u201cSuperliga Argentina\u201d.<\/span><\/li>\n<\/ul>\n<p style=\"text-align: justify;\"><span style=\"color: #ffcc00;\"><strong>Sebasti\u00e1n Sosa (Monarcas Morelia, M\u00e9xico) \u2013 Campe\u00f3n Uruguayo 2009\/10<\/strong><\/span><\/p>\n<ul style=\"text-align: justify;\">\n<li style=\"font-weight: 400;\"><span style=\"font-weight: 400;\">Morelia perdi\u00f3 3 a 2 con Monterrey a Puebla, Sosa fue titular.<\/span><\/li>\n<li style=\"font-weight: 400;\"><span style=\"font-weight: 400;\">Minutos: 90\u2032<\/span><\/li>\n<\/ul>\n<p style=\"text-align: justify;\"><span style=\"color: #ffcc00;\"><strong>Alejandro Gonz\u00e1lez (Palestino, Chile) \u2013 Campe\u00f3n Uruguayo 2009\/10 y 2012\/13<\/strong><\/span><\/p>\n<p style=\"text-align: justify;\"><a href=\"https:\/\/www.padreydecano.com\/cms\/wp-content\/uploads\/2019\/02\/683441.jpg\" rel=\"shadowbox[sbpost-69781];player=img;\"><img loading=\"lazy\" decoding=\"async\" class=\"aligncenter size-full wp-image-69783\" src=\"https:\/\/www.padreydecano.com\/cms\/wp-content\/uploads\/2019\/02\/683441.jpg\" alt=\"\" width=\"800\" height=\"533\" srcset=\"https:\/\/www.padreydecano.com\/cms\/wp-content\/uploads\/2019\/02\/683441.jpg 800w, https:\/\/www.padreydecano.com\/cms\/wp-content\/uploads\/2019\/02\/683441-600x400.jpg 600w, https:\/\/www.padreydecano.com\/cms\/wp-content\/uploads\/2019\/02\/683441-768x512.jpg 768w\" sizes=\"(max-width: 800px) 100vw, 800px\" \/><\/a><\/p>\n<ul style=\"text-align: justify;\">\n<li style=\"font-weight: 400;\"><span style=\"font-weight: 400;\">Ale fue titular en los dos partidos de Copa Libertadores que disput\u00f3 su equipo donde obtuvo la clasificaci\u00f3n frente a Independiente de Medell\u00edn. <\/span><\/li>\n<li style=\"font-weight: 400;\"><span style=\"font-weight: 400;\">Minutos: 210\u2032.<\/span><\/li>\n<\/ul>\n<p style=\"text-align: justify;\"><span style=\"color: #ffcc00;\"><strong>Federico Valverde (Real Madrid, Espa\u00f1a) \u2013 Campe\u00f3n Uruguayo 2015\/16<\/strong><\/span><\/p>\n<ul style=\"text-align: justify;\">\n<li style=\"font-weight: 400;\"><span style=\"font-weight: 400;\">El Pajarito no estuvo convocado en el \u00faltimo partido del Real Madrid.<\/span><\/li>\n<\/ul>\n<p style=\"text-align: justify;\"><span style=\"color: #ffcc00;\"><strong>Cristian Palacios (Sporting Cristal, Per\u00fa) \u2013 Campe\u00f3n Uruguayo 2009\/10, 2015\/16 y 2017<\/strong><\/span><\/p>\n<ul style=\"text-align: justify;\">\n<li style=\"font-weight: 400;\"><span style=\"font-weight: 400;\">Palacios recientemente incorporado al equipo peruano, disput\u00f3 su primer partido en el que ingres\u00f3 como suplente 24 minutos.<\/span><\/li>\n<li style=\"font-weight: 400;\"><span style=\"font-weight: 400;\">Sporting Cristal se ubica en la 3\u00b0 posici\u00f3n.<\/span><\/li>\n<\/ul>\n<p style=\"text-align: justify;\"><span style=\"color: #ffcc00;\"><strong>Sebasti\u00e1n Crist\u00f3foro (Getafe, Espa\u00f1a) \u2013 Campe\u00f3n Uruguayo 2012\/13<\/strong><\/span><\/p>\n<ul style=\"text-align: justify;\">\n<li style=\"font-weight: 400;\"><span style=\"font-weight: 400;\">Getafe empat\u00f3 2 a 2 con el Eibar. Crist\u00f3foro ingres\u00f3 en el segundo tiempo, jugando 7 minutos. .<\/span><\/li>\n<li style=\"font-weight: 400;\"><span style=\"font-weight: 400;\">En \u2018LaLiga\u2019 el Getafe se encuentra quinto.<\/span><\/li>\n<\/ul>\n<p style=\"text-align: justify;\"><span style=\"color: #ffcc00;\"><strong>Emiliano Alb\u00edn (San Mart\u00edn de Tucum\u00e1n, Argentina) \u2013 Campe\u00f3n Uruguayo 2009\/10<\/strong><\/span><\/p>\n<ul style=\"text-align: justify;\">\n<li style=\"font-weight: 400;\"><span style=\"font-weight: 400;\">Luego de no contar con muchos minutos en San Mart\u00edn de Tucum\u00e1n, Alb\u00edn se incorpor\u00f3 al Santan\u00ed de Paraguay que se encuentra en la \u00faltima posici\u00f3n de la liga paraguaya.<\/span><\/li>\n<li>Su \u00faltimo partido fue el 11 de febrero ante Nacional de Paraguay, donde fue titular.<\/li>\n<\/ul>\n<p style=\"text-align: justify;\"><b>Bonus track: <\/b><span style=\"font-weight: 400;\">Aqu\u00ed se encuentran los \u2018Ex Pe\u00f1arol\u2019 que se destacaron en el fin de semana pero que no cumplen con los requisitos anteriores.<\/span><\/p>\n<p style=\"text-align: justify;\"><strong><span style=\"color: #ffcc00;\">Mauricio Affonso (Alianza Lima, Per\u00fa) \u2013 Campe\u00f3n Uruguayo 2015\/16 y 2017<\/span><\/strong><\/p>\n<div id=\"attachment_69784\" style=\"width: 614px\" class=\"wp-caption aligncenter\"><a href=\"https:\/\/www.padreydecano.com\/cms\/wp-content\/uploads\/2019\/02\/493449_753599.jpg\" rel=\"shadowbox[sbpost-69781];player=img;\"><img loading=\"lazy\" decoding=\"async\" aria-describedby=\"caption-attachment-69784\" class=\"size-full wp-image-69784\" src=\"https:\/\/www.padreydecano.com\/cms\/wp-content\/uploads\/2019\/02\/493449_753599.jpg\" alt=\"\" width=\"604\" height=\"340\" srcset=\"https:\/\/www.padreydecano.com\/cms\/wp-content\/uploads\/2019\/02\/493449_753599.jpg 604w, https:\/\/www.padreydecano.com\/cms\/wp-content\/uploads\/2019\/02\/493449_753599-600x338.jpg 600w\" sizes=\"(max-width: 604px) 100vw, 604px\" \/><\/a><p id=\"caption-attachment-69784\" class=\"wp-caption-text\">Foto: RPP Noticias<\/p><\/div>\n<ul>\n<li style=\"font-weight: 400; text-align: justify;\"><span style=\"font-weight: 400;\">El equipo que era dirigido por Pablo Javier Bengoechea derrot\u00f3 por 3 a 0 a Sport Boys. Affonso convirti\u00f3 un gol y dio una asistencia. <\/span><\/li>\n<li style=\"font-weight: 400; text-align: justify;\"><span style=\"font-weight: 400;\">Alianza se encuentra primero en el \u2018Campeonato Descentralizado\u2019.<\/span><\/li>\n<li style=\"font-weight: 400; text-align: justify;\"><span style=\"font-weight: 400;\">Minutos: 90\u2032<\/span><span style=\"font-weight: 400;\"><br \/>\n<\/span><span style=\"font-weight: 400;\">Goles: 1.<\/span><\/li>\n<\/ul>\n<p style=\"text-align: right;\"><strong>Marcos Arlotto &#8211; Udelar.<\/strong><\/p>\n","protected":false},"excerpt":{"rendered":"<p>En esta secci\u00f3n de \u2018Manyas por el Mundo\u2019 utilizamos el criterio de repasar la actividad de los jugadores que pertenecieron a las formativas de Pe\u00f1arol y hayan logrado el Campeonato Uruguayo con el Decano. Tambi\u00e9n podemos citar algunos jugadores que no cumplan con uno de estos requisitos pero que se hayan destacado en el fin [&hellip;]<\/p>\n","protected":false},"author":5,"featured_media":69782,"comment_status":"open","ping_status":"closed","sticky":false,"template":"","format":"standard","meta":{"footnotes":""},"categories":[1],"tags":[326],"yoast_head":"<!-- This site is optimized with the Yoast SEO plugin v23.2 - https:\/\/yoast.com\/wordpress\/plugins\/seo\/ -->\n<title>Manyas por el mundo: volvi\u00f3 Nahitan N\u00e1ndez - Padre y Decano - El Sitio del Pueblo<\/title>\n<meta name=\"robots\" content=\"index, follow, max-snippet:-1, max-image-preview:large, max-video-preview:-1\" \/>\n<link rel=\"canonical\" href=\"https:\/\/www.padreydecano.com\/cms\/noticias\/manyas-por-el-mundo-volvio-nahitan-nandez\/\" \/>\n<meta property=\"og:locale\" content=\"es_ES\" \/>\n<meta property=\"og:type\" content=\"article\" \/>\n<meta property=\"og:title\" content=\"Manyas por el mundo: volvi\u00f3 Nahitan N\u00e1ndez - Padre y Decano - El Sitio del Pueblo\" \/>\n<meta property=\"og:description\" content=\"En esta secci\u00f3n de \u2018Manyas por el Mundo\u2019 utilizamos el criterio de repasar la actividad de los jugadores que pertenecieron a las formativas de Pe\u00f1arol y hayan logrado el Campeonato Uruguayo con el Decano. Tambi\u00e9n podemos citar algunos jugadores que no cumplan con uno de estos requisitos pero que se hayan destacado en el fin [&hellip;]\" \/>\n<meta property=\"og:url\" content=\"https:\/\/www.padreydecano.com\/cms\/noticias\/manyas-por-el-mundo-volvio-nahitan-nandez\/\" \/>\n<meta property=\"og:site_name\" content=\"Padre y Decano - El Sitio del Pueblo\" \/>\n<meta property=\"article:published_time\" content=\"2019-02-21T23:58:04+00:00\" \/>\n<meta property=\"og:image\" content=\"https:\/\/www.padreydecano.com\/cms\/wp-content\/uploads\/2019\/02\/2876594w1033.jpg\" \/>\n\t<meta property=\"og:image:width\" content=\"1033\" \/>\n\t<meta property=\"og:image:height\" content=\"690\" \/>\n\t<meta property=\"og:image:type\" content=\"image\/jpeg\" \/>\n<meta name=\"author\" content=\"Emirona07\" \/>\n<meta name=\"twitter:card\" content=\"summary_large_image\" \/>\n<meta name=\"twitter:label1\" content=\"Escrito por\" \/>\n\t<meta name=\"twitter:data1\" content=\"Emirona07\" \/>\n\t<meta name=\"twitter:label2\" content=\"Tiempo de lectura\" \/>\n\t<meta name=\"twitter:data2\" content=\"2 minutos\" \/>\n<script type=\"application\/ld+json\" class=\"yoast-schema-graph\">{\"@context\":\"https:\/\/schema.org\",\"@graph\":[{\"@type\":\"Article\",\"@id\":\"https:\/\/www.padreydecano.com\/cms\/noticias\/manyas-por-el-mundo-volvio-nahitan-nandez\/#article\",\"isPartOf\":{\"@id\":\"https:\/\/www.padreydecano.com\/cms\/noticias\/manyas-por-el-mundo-volvio-nahitan-nandez\/\"},\"author\":{\"name\":\"Emirona07\",\"@id\":\"https:\/\/www.padreydecano.com\/cms\/#\/schema\/person\/51e0214db654d9624824b37c2838bb65\"},\"headline\":\"Manyas por el mundo: volvi\u00f3 Nahitan N\u00e1ndez\",\"datePublished\":\"2019-02-21T23:58:04+00:00\",\"dateModified\":\"2019-02-21T23:58:04+00:00\",\"mainEntityOfPage\":{\"@id\":\"https:\/\/www.padreydecano.com\/cms\/noticias\/manyas-por-el-mundo-volvio-nahitan-nandez\/\"},\"wordCount\":489,\"commentCount\":7,\"publisher\":{\"@id\":\"https:\/\/www.padreydecano.com\/cms\/#organization\"},\"image\":{\"@id\":\"https:\/\/www.padreydecano.com\/cms\/noticias\/manyas-por-el-mundo-volvio-nahitan-nandez\/#primaryimage\"},\"thumbnailUrl\":\"https:\/\/www.padreydecano.com\/cms\/wp-content\/uploads\/2019\/02\/2876594w1033.jpg\",\"keywords\":[\"Manyas por el Mundo\"],\"articleSection\":[\"Noticias\"],\"inLanguage\":\"es\",\"potentialAction\":[{\"@type\":\"CommentAction\",\"name\":\"Comment\",\"target\":[\"https:\/\/www.padreydecano.com\/cms\/noticias\/manyas-por-el-mundo-volvio-nahitan-nandez\/#respond\"]}]},{\"@type\":\"WebPage\",\"@id\":\"https:\/\/www.padreydecano.com\/cms\/noticias\/manyas-por-el-mundo-volvio-nahitan-nandez\/\",\"url\":\"https:\/\/www.padreydecano.com\/cms\/noticias\/manyas-por-el-mundo-volvio-nahitan-nandez\/\",\"name\":\"Manyas por el mundo: volvi\u00f3 Nahitan N\u00e1ndez - Padre y Decano - El Sitio del Pueblo\",\"isPartOf\":{\"@id\":\"https:\/\/www.padreydecano.com\/cms\/#website\"},\"primaryImageOfPage\":{\"@id\":\"https:\/\/www.padreydecano.com\/cms\/noticias\/manyas-por-el-mundo-volvio-nahitan-nandez\/#primaryimage\"},\"image\":{\"@id\":\"https:\/\/www.padreydecano.com\/cms\/noticias\/manyas-por-el-mundo-volvio-nahitan-nandez\/#primaryimage\"},\"thumbnailUrl\":\"https:\/\/www.padreydecano.com\/cms\/wp-content\/uploads\/2019\/02\/2876594w1033.jpg\",\"datePublished\":\"2019-02-21T23:58:04+00:00\",\"dateModified\":\"2019-02-21T23:58:04+00:00\",\"breadcrumb\":{\"@id\":\"https:\/\/www.padreydecano.com\/cms\/noticias\/manyas-por-el-mundo-volvio-nahitan-nandez\/#breadcrumb\"},\"inLanguage\":\"es\",\"potentialAction\":[{\"@type\":\"ReadAction\",\"target\":[\"https:\/\/www.padreydecano.com\/cms\/noticias\/manyas-por-el-mundo-volvio-nahitan-nandez\/\"]}]},{\"@type\":\"ImageObject\",\"inLanguage\":\"es\",\"@id\":\"https:\/\/www.padreydecano.com\/cms\/noticias\/manyas-por-el-mundo-volvio-nahitan-nandez\/#primaryimage\",\"url\":\"https:\/\/www.padreydecano.com\/cms\/wp-content\/uploads\/2019\/02\/2876594w1033.jpg\",\"contentUrl\":\"https:\/\/www.padreydecano.com\/cms\/wp-content\/uploads\/2019\/02\/2876594w1033.jpg\",\"width\":1033,\"height\":690,\"caption\":\"Foto: LA NACION\"},{\"@type\":\"BreadcrumbList\",\"@id\":\"https:\/\/www.padreydecano.com\/cms\/noticias\/manyas-por-el-mundo-volvio-nahitan-nandez\/#breadcrumb\",\"itemListElement\":[{\"@type\":\"ListItem\",\"position\":1,\"name\":\"Portada\",\"item\":\"https:\/\/www.padreydecano.com\/cms\/\"},{\"@type\":\"ListItem\",\"position\":2,\"name\":\"Manyas por el mundo: volvi\u00f3 Nahitan N\u00e1ndez\"}]},{\"@type\":\"WebSite\",\"@id\":\"https:\/\/www.padreydecano.com\/cms\/#website\",\"url\":\"https:\/\/www.padreydecano.com\/cms\/\",\"name\":\"Padre y Decano - El Sitio del Pueblo\",\"description\":\"Club Atl\u00e9tico Pe\u00f1arol\",\"publisher\":{\"@id\":\"https:\/\/www.padreydecano.com\/cms\/#organization\"},\"potentialAction\":[{\"@type\":\"SearchAction\",\"target\":{\"@type\":\"EntryPoint\",\"urlTemplate\":\"https:\/\/www.padreydecano.com\/cms\/?s={search_term_string}\"},\"query-input\":\"required name=search_term_string\"}],\"inLanguage\":\"es\"},{\"@type\":\"Organization\",\"@id\":\"https:\/\/www.padreydecano.com\/cms\/#organization\",\"name\":\"Padre y Decano\",\"url\":\"https:\/\/www.padreydecano.com\/cms\/\",\"logo\":{\"@type\":\"ImageObject\",\"inLanguage\":\"es\",\"@id\":\"https:\/\/www.padreydecano.com\/cms\/#\/schema\/logo\/image\/\",\"url\":\"https:\/\/www.padreydecano.com\/cms\/wp-content\/uploads\/2022\/01\/avatar-square.png\",\"contentUrl\":\"https:\/\/www.padreydecano.com\/cms\/wp-content\/uploads\/2022\/01\/avatar-square.png\",\"width\":1500,\"height\":1500,\"caption\":\"Padre y Decano\"},\"image\":{\"@id\":\"https:\/\/www.padreydecano.com\/cms\/#\/schema\/logo\/image\/\"}},{\"@type\":\"Person\",\"@id\":\"https:\/\/www.padreydecano.com\/cms\/#\/schema\/person\/51e0214db654d9624824b37c2838bb65\",\"name\":\"Emirona07\",\"image\":{\"@type\":\"ImageObject\",\"inLanguage\":\"es\",\"@id\":\"https:\/\/www.padreydecano.com\/cms\/#\/schema\/person\/image\/\",\"url\":\"https:\/\/secure.gravatar.com\/avatar\/93c9118dbd5373a8a065bb5cdddde6bf?s=96&d=https%3A%2F%2Fpadreydecano.com%2Fcms%2Fwp-content%2Fthemes%2Fpyd-theme%2Fimg%2Fdefault-avatar.png&r=g\",\"contentUrl\":\"https:\/\/secure.gravatar.com\/avatar\/93c9118dbd5373a8a065bb5cdddde6bf?s=96&d=https%3A%2F%2Fpadreydecano.com%2Fcms%2Fwp-content%2Fthemes%2Fpyd-theme%2Fimg%2Fdefault-avatar.png&r=g\",\"caption\":\"Emirona07\"}}]}<\/script>\n<!-- \/ Yoast SEO plugin. -->","yoast_head_json":{"title":"Manyas por el mundo: volvi\u00f3 Nahitan N\u00e1ndez - Padre y Decano - El Sitio del Pueblo","robots":{"index":"index","follow":"follow","max-snippet":"max-snippet:-1","max-image-preview":"max-image-preview:large","max-video-preview":"max-video-preview:-1"},"canonical":"https:\/\/www.padreydecano.com\/cms\/noticias\/manyas-por-el-mundo-volvio-nahitan-nandez\/","og_locale":"es_ES","og_type":"article","og_title":"Manyas por el mundo: volvi\u00f3 Nahitan N\u00e1ndez - Padre y Decano - El Sitio del Pueblo","og_description":"En esta secci\u00f3n de \u2018Manyas por el Mundo\u2019 utilizamos el criterio de repasar la actividad de los jugadores que pertenecieron a las formativas de Pe\u00f1arol y hayan logrado el Campeonato Uruguayo con el Decano. Tambi\u00e9n podemos citar algunos jugadores que no cumplan con uno de estos requisitos pero que se hayan destacado en el fin [&hellip;]","og_url":"https:\/\/www.padreydecano.com\/cms\/noticias\/manyas-por-el-mundo-volvio-nahitan-nandez\/","og_site_name":"Padre y Decano - El Sitio del Pueblo","article_published_time":"2019-02-21T23:58:04+00:00","og_image":[{"width":1033,"height":690,"url":"https:\/\/www.padreydecano.com\/cms\/wp-content\/uploads\/2019\/02\/2876594w1033.jpg","type":"image\/jpeg"}],"author":"Emirona07","twitter_card":"summary_large_image","twitter_misc":{"Escrito por":"Emirona07","Tiempo de lectura":"2 minutos"},"schema":{"@context":"https:\/\/schema.org","@graph":[{"@type":"Article","@id":"https:\/\/www.padreydecano.com\/cms\/noticias\/manyas-por-el-mundo-volvio-nahitan-nandez\/#article","isPartOf":{"@id":"https:\/\/www.padreydecano.com\/cms\/noticias\/manyas-por-el-mundo-volvio-nahitan-nandez\/"},"author":{"name":"Emirona07","@id":"https:\/\/www.padreydecano.com\/cms\/#\/schema\/person\/51e0214db654d9624824b37c2838bb65"},"headline":"Manyas por el mundo: volvi\u00f3 Nahitan N\u00e1ndez","datePublished":"2019-02-21T23:58:04+00:00","dateModified":"2019-02-21T23:58:04+00:00","mainEntityOfPage":{"@id":"https:\/\/www.padreydecano.com\/cms\/noticias\/manyas-por-el-mundo-volvio-nahitan-nandez\/"},"wordCount":489,"commentCount":7,"publisher":{"@id":"https:\/\/www.padreydecano.com\/cms\/#organization"},"image":{"@id":"https:\/\/www.padreydecano.com\/cms\/noticias\/manyas-por-el-mundo-volvio-nahitan-nandez\/#primaryimage"},"thumbnailUrl":"https:\/\/www.padreydecano.com\/cms\/wp-content\/uploads\/2019\/02\/2876594w1033.jpg","keywords":["Manyas por el Mundo"],"articleSection":["Noticias"],"inLanguage":"es","potentialAction":[{"@type":"CommentAction","name":"Comment","target":["https:\/\/www.padreydecano.com\/cms\/noticias\/manyas-por-el-mundo-volvio-nahitan-nandez\/#respond"]}]},{"@type":"WebPage","@id":"https:\/\/www.padreydecano.com\/cms\/noticias\/manyas-por-el-mundo-volvio-nahitan-nandez\/","url":"https:\/\/www.padreydecano.com\/cms\/noticias\/manyas-por-el-mundo-volvio-nahitan-nandez\/","name":"Manyas por el mundo: volvi\u00f3 Nahitan N\u00e1ndez - Padre y Decano - El Sitio del Pueblo","isPartOf":{"@id":"https:\/\/www.padreydecano.com\/cms\/#website"},"primaryImageOfPage":{"@id":"https:\/\/www.padreydecano.com\/cms\/noticias\/manyas-por-el-mundo-volvio-nahitan-nandez\/#primaryimage"},"image":{"@id":"https:\/\/www.padreydecano.com\/cms\/noticias\/manyas-por-el-mundo-volvio-nahitan-nandez\/#primaryimage"},"thumbnailUrl":"https:\/\/www.padreydecano.com\/cms\/wp-content\/uploads\/2019\/02\/2876594w1033.jpg","datePublished":"2019-02-21T23:58:04+00:00","dateModified":"2019-02-21T23:58:04+00:00","breadcrumb":{"@id":"https:\/\/www.padreydecano.com\/cms\/noticias\/manyas-por-el-mundo-volvio-nahitan-nandez\/#breadcrumb"},"inLanguage":"es","potentialAction":[{"@type":"ReadAction","target":["https:\/\/www.padreydecano.com\/cms\/noticias\/manyas-por-el-mundo-volvio-nahitan-nandez\/"]}]},{"@type":"ImageObject","inLanguage":"es","@id":"https:\/\/www.padreydecano.com\/cms\/noticias\/manyas-por-el-mundo-volvio-nahitan-nandez\/#primaryimage","url":"https:\/\/www.padreydecano.com\/cms\/wp-content\/uploads\/2019\/02\/2876594w1033.jpg","contentUrl":"https:\/\/www.padreydecano.com\/cms\/wp-content\/uploads\/2019\/02\/2876594w1033.jpg","width":1033,"height":690,"caption":"Foto: LA NACION"},{"@type":"BreadcrumbList","@id":"https:\/\/www.padreydecano.com\/cms\/noticias\/manyas-por-el-mundo-volvio-nahitan-nandez\/#breadcrumb","itemListElement":[{"@type":"ListItem","position":1,"name":"Portada","item":"https:\/\/www.padreydecano.com\/cms\/"},{"@type":"ListItem","position":2,"name":"Manyas por el mundo: volvi\u00f3 Nahitan N\u00e1ndez"}]},{"@type":"WebSite","@id":"https:\/\/www.padreydecano.com\/cms\/#website","url":"https:\/\/www.padreydecano.com\/cms\/","name":"Padre y Decano - El Sitio del Pueblo","description":"Club Atl\u00e9tico Pe\u00f1arol","publisher":{"@id":"https:\/\/www.padreydecano.com\/cms\/#organization"},"potentialAction":[{"@type":"SearchAction","target":{"@type":"EntryPoint","urlTemplate":"https:\/\/www.padreydecano.com\/cms\/?s={search_term_string}"},"query-input":"required name=search_term_string"}],"inLanguage":"es"},{"@type":"Organization","@id":"https:\/\/www.padreydecano.com\/cms\/#organization","name":"Padre y Decano","url":"https:\/\/www.padreydecano.com\/cms\/","logo":{"@type":"ImageObject","inLanguage":"es","@id":"https:\/\/www.padreydecano.com\/cms\/#\/schema\/logo\/image\/","url":"https:\/\/www.padreydecano.com\/cms\/wp-content\/uploads\/2022\/01\/avatar-square.png","contentUrl":"https:\/\/www.padreydecano.com\/cms\/wp-content\/uploads\/2022\/01\/avatar-square.png","width":1500,"height":1500,"caption":"Padre y Decano"},"image":{"@id":"https:\/\/www.padreydecano.com\/cms\/#\/schema\/logo\/image\/"}},{"@type":"Person","@id":"https:\/\/www.padreydecano.com\/cms\/#\/schema\/person\/51e0214db654d9624824b37c2838bb65","name":"Emirona07","image":{"@type":"ImageObject","inLanguage":"es","@id":"https:\/\/www.padreydecano.com\/cms\/#\/schema\/person\/image\/","url":"https:\/\/secure.gravatar.com\/avatar\/93c9118dbd5373a8a065bb5cdddde6bf?s=96&d=https%3A%2F%2Fpadreydecano.com%2Fcms%2Fwp-content%2Fthemes%2Fpyd-theme%2Fimg%2Fdefault-avatar.png&r=g","contentUrl":"https:\/\/secure.gravatar.com\/avatar\/93c9118dbd5373a8a065bb5cdddde6bf?s=96&d=https%3A%2F%2Fpadreydecano.com%2Fcms%2Fwp-content%2Fthemes%2Fpyd-theme%2Fimg%2Fdefault-avatar.png&r=g","caption":"Emirona07"}}]}},"_links":{"self":[{"href":"https:\/\/www.padreydecano.com\/cms\/wp-json\/wp\/v2\/posts\/69781"}],"collection":[{"href":"https:\/\/www.padreydecano.com\/cms\/wp-json\/wp\/v2\/posts"}],"about":[{"href":"https:\/\/www.padreydecano.com\/cms\/wp-json\/wp\/v2\/types\/post"}],"author":[{"embeddable":true,"href":"https:\/\/www.padreydecano.com\/cms\/wp-json\/wp\/v2\/users\/5"}],"replies":[{"embeddable":true,"href":"https:\/\/www.padreydecano.com\/cms\/wp-json\/wp\/v2\/comments?post=69781"}],"version-history":[{"count":0,"href":"https:\/\/www.padreydecano.com\/cms\/wp-json\/wp\/v2\/posts\/69781\/revisions"}],"wp:featuredmedia":[{"embeddable":true,"href":"https:\/\/www.padreydecano.com\/cms\/wp-json\/wp\/v2\/media\/69782"}],"wp:attachment":[{"href":"https:\/\/www.padreydecano.com\/cms\/wp-json\/wp\/v2\/media?parent=69781"}],"wp:term":[{"taxonomy":"category","embeddable":true,"href":"https:\/\/www.padreydecano.com\/cms\/wp-json\/wp\/v2\/categories?post=69781"},{"taxonomy":"post_tag","embeddable":true,"href":"https:\/\/www.padreydecano.com\/cms\/wp-json\/wp\/v2\/tags?post=69781"}],"curies":[{"name":"wp","href":"https:\/\/api.w.org\/{rel}","templated":true}]}}