{"id":69707,"date":"2019-02-08T09:00:27","date_gmt":"2019-02-08T12:00:27","guid":{"rendered":"http:\/\/www.padreydecano.com\/cms\/?p=69707"},"modified":"2019-02-08T01:03:06","modified_gmt":"2019-02-08T04:03:06","slug":"69707","status":"publish","type":"post","link":"https:\/\/www.padreydecano.com\/cms\/noticias\/69707\/","title":{"rendered":"Transferencias y negociaciones"},"content":{"rendered":"<p><a href=\"https:\/\/www.padreydecano.com\/cms\/wp-content\/uploads\/2019\/02\/Dy0dTepWkAAM86J.jpg\" rel=\"shadowbox[sbpost-69707];player=img;\"><img loading=\"lazy\" decoding=\"async\" class=\"aligncenter size-full wp-image-69708\" src=\"https:\/\/www.padreydecano.com\/cms\/wp-content\/uploads\/2019\/02\/Dy0dTepWkAAM86J.jpg\" alt=\"\" width=\"986\" height=\"653\" srcset=\"https:\/\/www.padreydecano.com\/cms\/wp-content\/uploads\/2019\/02\/Dy0dTepWkAAM86J.jpg 986w, https:\/\/www.padreydecano.com\/cms\/wp-content\/uploads\/2019\/02\/Dy0dTepWkAAM86J-600x397.jpg 600w, https:\/\/www.padreydecano.com\/cms\/wp-content\/uploads\/2019\/02\/Dy0dTepWkAAM86J-768x509.jpg 768w\" sizes=\"(max-width: 986px) 100vw, 986px\" \/><\/a><\/p>\n<p style=\"text-align: justify;\"><strong>Pe\u00f1arol cuenta tres nuevas incorporaciones, que cerrar\u00edan el per\u00edodo de pases a menos que surja la posibilidad de una contrataci\u00f3n que desnivele dentro del plantel mirasol: Cristian Lema, Juan Izquierdo y Luis Acevedo se sumaron a Jes\u00fas Trindade.<\/strong><\/p>\n<p style=\"text-align: justify;\">Al culminar el Campeonato Uruguayo 2018, el 11 de noviembre, hab\u00eda tiempo para trabajar en el plantel principal 2019. El entrenador Diego L\u00f3pez pidi\u00f3 la renovaci\u00f3n de los jugadores que venc\u00edan contrato: Carlos Rodr\u00edguez, Rodrigo Rojo, Agust\u00edn Canobbio, Maximiliano Rodr\u00edguez, Fabi\u00e1n Estoyanoff, Marcel Novick y Lucas Viatri.<\/p>\n<p style=\"text-align: justify;\">En un momento se pens\u00f3 en no renovar con Agust\u00edn Canobbio y Rodrigo Rojo, luego se cambi\u00f3 la postura, ambos futbolistas siguen en el mirasol. Los apoderados de Carlos Rodr\u00edguez pidieron un aumento considerable y una prima de 130.000 USD. Justo es decir que el salario inicial del central no era oneroso. Pero una serie de desacuerdos entre Carlos Manta y la dirigencia aurinegra deriv\u00f3 en que Rodr\u00edguez pasara a Liga de Quito (rival del carbonero en la Copa Libertadores).<\/p>\n<p style=\"text-align: justify;\">Fabi\u00e1n Estoyanoff y Marcel Novick renovaron su v\u00ednculo por cifras muy por debajo de la media, mostrando querer quedarse en el club.<br \/>\nAntes del partido entre Pe\u00f1arol y Progreso por el Torneo Clausura, colegas uruguayos informaron que Maximiliano Rodr\u00edguez volver\u00eda a Newell&#8217;s. El jugador desminti\u00f3 la informaci\u00f3n pero incluso luego de acordar su renovaci\u00f3n con el presiente Dr. Jorge Barrera, eligi\u00f3 irse al club que lo form\u00f3 en Rosario.<\/p>\n<p style=\"text-align: justify;\">El caso de Lucas Viatri tuvo muchas idas y vueltas, algunos desacuerdos con su empresario (pidi\u00f3 que se comprara parte de la ficha del atacante en una cifra millonaria, argumentando un acuerdo de palabra con Juan Pedro Damiani y Walter Pereyra). Luego el vicepresidente de Pe\u00f1arol lleg\u00f3 a un acuerdo, respaldado por el presidente, pero la mayor\u00eda de la dirigencia de Pe\u00f1arol no aceptaba el pacto. Finalmente se firm\u00f3 la renovaci\u00f3n con declaraciones fuertes del centrodelantero.<\/p>\n<p style=\"text-align: justify;\">Por Kevin Dawson Pe\u00f1arol har\u00e1 uso de la opci\u00f3n de compra, algo l\u00f3gico debido a las actuaciones del mejor jugador de 2018. Hubo reuniones (es un adelanto), entre consejeros y representantes del arquero pero todav\u00eda no se firm\u00f3. Debi\u00f3 ser el primer jugador en mejorar su v\u00ednculo y merece el aumento.<\/p>\n<p style=\"text-align: justify;\">Desde el 22 de diciembre cuando Carlos Rodr\u00edguez pas\u00f3 al f\u00fatbol ecuatoriano, se volcaron las bater\u00edas en contratar un defensa central. Se lleg\u00f3 a un acuerdo con Frickson Erazo pero en la revisi\u00f3n m\u00e9dica se detect\u00f3 un problema en su rodilla, lo que hizo caer su fichaje. El jugador expres\u00f3 que no padece tal lesi\u00f3n, vale aclarar que hubo un desacuerdo entre un poder que firmaron dirigentes de Pe\u00f1arol a un empresario para hacer la transacci\u00f3n y el representante del futbolista.<\/p>\n<p style=\"text-align: justify;\">M\u00e1s adelante se negoci\u00f3 por Gary Kagelmacher, hubo un acercamiento pero no se lleg\u00f3 a un acuerdo con el club belga para la llegada del jugador. Adem\u00e1s de otros ofrecimientos, se opt\u00f3 por la llegada de Cristian Lema, zaguero argentino (para m\u00ed de grandes condiciones), a pr\u00e9stamo de Benfica por seis meses. Fue una buena b\u00fasqueda de la comisi\u00f3n de f\u00fatbol (tambi\u00e9n embistieron para que Gast\u00f3n Rodr\u00edguez fuera incluido en la pretemporada en Miami), y negociaci\u00f3n de la comisi\u00f3n de contrataciones.<\/p>\n<p style=\"text-align: justify;\">Casos diferentes son los de Juan Izquierdo y Luis Acevedo. El caso del defensa, fue uno de los mejores del f\u00fatbol local en 2018, Acevedo fue bien recomendado. El \u00e1rea deportiva dio el OK por ambos futbolistas. Pero hay que mencionar que luego de que Pe\u00f1arol no apoyara la posici\u00f3n de Tenfield el a\u00f1o pasado en la votaci\u00f3n del nuevo estatuto de FIFA, la relaci\u00f3n con la empresa que tiene los derechos del f\u00fatbol uruguayo, el Grupo Casal y Pe\u00f1arol, qued\u00f3 fracturada.<\/p>\n<p style=\"text-align: justify;\">Ambos futbolistas (quedaron libres de Cerro), son representados por el grupo. La empresa adelantaba al club aurinegro cerca de 700.000 USD y hubo presiones para que se aceptara la llegada de ambos jugadores. Ambos jugadores tendr\u00e1n sueldos bajos y Pe\u00f1arol se quedar\u00e1 con el 25 % de la ficha en los dos casos. La realidad es que la operaci\u00f3n no fue prolija, los jugadores no tienen la culpa y quieren triunfar, seg\u00fan el grupo, uno de ellos ser\u00e1 transferido al exterior a mitad de a\u00f1o.<\/p>\n<p style=\"text-align: justify;\">La pregunta es, \u00bfqu\u00e9 pasar\u00e1 con los juveniles? Facundo Torres, Brian Rodr\u00edguez, Rodrigo Pi\u00f1eiro (Pe\u00f1arol tiene parte de la ficha), Yeferson Quintana, \u00bfjugar\u00e1n? Algunos se ir\u00e1n cedidos, se vendi\u00f3 el 50 % de la ficha de Miguel Merentiel a Godoy Cruz entre 200.00 o 250.000 USD. Tiene 22 a\u00f1os, es atacante, la misma posici\u00f3n y edad que Acevedo. \u00bfCu\u00e1ndo jugar\u00e1n los futbolistas del club?<\/p>\n<p style=\"text-align: justify;\">La primera incorporaci\u00f3n de la instituci\u00f3n decana fue Jes\u00fas Trindade, lateral izquierdo o derecho. Los mirasoles tienen el 50 % de la ficha del ex Racing. Se logr\u00f3 la desvinculaci\u00f3n de Carlos Matheu (no se quer\u00eda ir del club), y se cedi\u00f3 sin costo a Gonzalo Freitas por el cual se est\u00e1 pagando 460.000 USD por el 60 % de la ficha.<\/p>\n<p style=\"text-align: justify;\">Una de las negociaciones frustradas fue la de Yony \u201cSpeedy\u201d Gonz\u00e1lez, extremo colombiano de gran productividad que finalmente recal\u00f3 en Fluminense. De todas formas Pe\u00f1arol no cerr\u00f3 el per\u00edodo de pases y puede llegar un jugador de muy buenas condiciones en los pr\u00f3ximos d\u00edas.<\/p>\n<div class=\"user-wrapper\"><a class=\"userlink\" href=\"https:\/\/twitter.com\/wilsonmendez86\" target=\"_blank\"><figure><img decoding=\"async\" src=\"http:\/\/www.padreydecano.com\/cms\/wp-users-files\/postfirmas\/wilsonmendez86.jpg\" \/><\/figure><p class=\"user\"><strong>Wilson M&eacute;ndez<\/strong><br \/>@wilsonmendez86<\/p><\/a><\/div>\n","protected":false},"excerpt":{"rendered":"<p>Pe\u00f1arol cuenta tres nuevas incorporaciones, que cerrar\u00edan el per\u00edodo de pases a menos que surja la posibilidad de una contrataci\u00f3n que desnivele dentro del plantel mirasol: Cristian Lema, Juan Izquierdo y Luis Acevedo se sumaron a Jes\u00fas Trindade. Al culminar el Campeonato Uruguayo 2018, el 11 de noviembre, hab\u00eda tiempo para trabajar en el plantel [&hellip;]<\/p>\n","protected":false},"author":5,"featured_media":69708,"comment_status":"open","ping_status":"closed","sticky":false,"template":"","format":"standard","meta":{"footnotes":""},"categories":[1],"tags":[],"yoast_head":"<!-- This site is optimized with the Yoast SEO plugin v23.2 - https:\/\/yoast.com\/wordpress\/plugins\/seo\/ -->\n<title>Transferencias y negociaciones - Padre y Decano - El Sitio del Pueblo<\/title>\n<meta name=\"robots\" content=\"index, follow, max-snippet:-1, max-image-preview:large, max-video-preview:-1\" \/>\n<link rel=\"canonical\" href=\"https:\/\/www.padreydecano.com\/cms\/noticias\/69707\/\" \/>\n<meta property=\"og:locale\" content=\"es_ES\" \/>\n<meta property=\"og:type\" content=\"article\" \/>\n<meta property=\"og:title\" content=\"Transferencias y negociaciones - Padre y Decano - El Sitio del Pueblo\" \/>\n<meta property=\"og:description\" content=\"Pe\u00f1arol cuenta tres nuevas incorporaciones, que cerrar\u00edan el per\u00edodo de pases a menos que surja la posibilidad de una contrataci\u00f3n que desnivele dentro del plantel mirasol: Cristian Lema, Juan Izquierdo y Luis Acevedo se sumaron a Jes\u00fas Trindade. Al culminar el Campeonato Uruguayo 2018, el 11 de noviembre, hab\u00eda tiempo para trabajar en el plantel [&hellip;]\" \/>\n<meta property=\"og:url\" content=\"https:\/\/www.padreydecano.com\/cms\/noticias\/69707\/\" \/>\n<meta property=\"og:site_name\" content=\"Padre y Decano - El Sitio del Pueblo\" \/>\n<meta property=\"article:published_time\" content=\"2019-02-08T12:00:27+00:00\" \/>\n<meta property=\"article:modified_time\" content=\"2019-02-08T04:03:06+00:00\" \/>\n<meta property=\"og:image\" content=\"https:\/\/www.padreydecano.com\/cms\/wp-content\/uploads\/2019\/02\/Dy0dTepWkAAM86J.jpg\" \/>\n\t<meta property=\"og:image:width\" content=\"986\" \/>\n\t<meta property=\"og:image:height\" content=\"653\" \/>\n\t<meta property=\"og:image:type\" content=\"image\/jpeg\" \/>\n<meta name=\"author\" content=\"Emirona07\" \/>\n<meta name=\"twitter:card\" content=\"summary_large_image\" \/>\n<meta name=\"twitter:label1\" content=\"Escrito por\" \/>\n\t<meta name=\"twitter:data1\" content=\"Emirona07\" \/>\n\t<meta name=\"twitter:label2\" content=\"Tiempo de lectura\" \/>\n\t<meta name=\"twitter:data2\" content=\"5 minutos\" \/>\n<script type=\"application\/ld+json\" class=\"yoast-schema-graph\">{\"@context\":\"https:\/\/schema.org\",\"@graph\":[{\"@type\":\"Article\",\"@id\":\"https:\/\/www.padreydecano.com\/cms\/noticias\/69707\/#article\",\"isPartOf\":{\"@id\":\"https:\/\/www.padreydecano.com\/cms\/noticias\/69707\/\"},\"author\":{\"name\":\"Emirona07\",\"@id\":\"https:\/\/www.padreydecano.com\/cms\/#\/schema\/person\/51e0214db654d9624824b37c2838bb65\"},\"headline\":\"Transferencias y negociaciones\",\"datePublished\":\"2019-02-08T12:00:27+00:00\",\"dateModified\":\"2019-02-08T04:03:06+00:00\",\"mainEntityOfPage\":{\"@id\":\"https:\/\/www.padreydecano.com\/cms\/noticias\/69707\/\"},\"wordCount\":928,\"commentCount\":70,\"publisher\":{\"@id\":\"https:\/\/www.padreydecano.com\/cms\/#organization\"},\"image\":{\"@id\":\"https:\/\/www.padreydecano.com\/cms\/noticias\/69707\/#primaryimage\"},\"thumbnailUrl\":\"https:\/\/www.padreydecano.com\/cms\/wp-content\/uploads\/2019\/02\/Dy0dTepWkAAM86J.jpg\",\"articleSection\":[\"Noticias\"],\"inLanguage\":\"es\",\"potentialAction\":[{\"@type\":\"CommentAction\",\"name\":\"Comment\",\"target\":[\"https:\/\/www.padreydecano.com\/cms\/noticias\/69707\/#respond\"]}]},{\"@type\":\"WebPage\",\"@id\":\"https:\/\/www.padreydecano.com\/cms\/noticias\/69707\/\",\"url\":\"https:\/\/www.padreydecano.com\/cms\/noticias\/69707\/\",\"name\":\"Transferencias y negociaciones - Padre y Decano - El Sitio del Pueblo\",\"isPartOf\":{\"@id\":\"https:\/\/www.padreydecano.com\/cms\/#website\"},\"primaryImageOfPage\":{\"@id\":\"https:\/\/www.padreydecano.com\/cms\/noticias\/69707\/#primaryimage\"},\"image\":{\"@id\":\"https:\/\/www.padreydecano.com\/cms\/noticias\/69707\/#primaryimage\"},\"thumbnailUrl\":\"https:\/\/www.padreydecano.com\/cms\/wp-content\/uploads\/2019\/02\/Dy0dTepWkAAM86J.jpg\",\"datePublished\":\"2019-02-08T12:00:27+00:00\",\"dateModified\":\"2019-02-08T04:03:06+00:00\",\"breadcrumb\":{\"@id\":\"https:\/\/www.padreydecano.com\/cms\/noticias\/69707\/#breadcrumb\"},\"inLanguage\":\"es\",\"potentialAction\":[{\"@type\":\"ReadAction\",\"target\":[\"https:\/\/www.padreydecano.com\/cms\/noticias\/69707\/\"]}]},{\"@type\":\"ImageObject\",\"inLanguage\":\"es\",\"@id\":\"https:\/\/www.padreydecano.com\/cms\/noticias\/69707\/#primaryimage\",\"url\":\"https:\/\/www.padreydecano.com\/cms\/wp-content\/uploads\/2019\/02\/Dy0dTepWkAAM86J.jpg\",\"contentUrl\":\"https:\/\/www.padreydecano.com\/cms\/wp-content\/uploads\/2019\/02\/Dy0dTepWkAAM86J.jpg\",\"width\":986,\"height\":653},{\"@type\":\"BreadcrumbList\",\"@id\":\"https:\/\/www.padreydecano.com\/cms\/noticias\/69707\/#breadcrumb\",\"itemListElement\":[{\"@type\":\"ListItem\",\"position\":1,\"name\":\"Portada\",\"item\":\"https:\/\/www.padreydecano.com\/cms\/\"},{\"@type\":\"ListItem\",\"position\":2,\"name\":\"Transferencias y negociaciones\"}]},{\"@type\":\"WebSite\",\"@id\":\"https:\/\/www.padreydecano.com\/cms\/#website\",\"url\":\"https:\/\/www.padreydecano.com\/cms\/\",\"name\":\"Padre y Decano - El Sitio del Pueblo\",\"description\":\"Club Atl\u00e9tico Pe\u00f1arol\",\"publisher\":{\"@id\":\"https:\/\/www.padreydecano.com\/cms\/#organization\"},\"potentialAction\":[{\"@type\":\"SearchAction\",\"target\":{\"@type\":\"EntryPoint\",\"urlTemplate\":\"https:\/\/www.padreydecano.com\/cms\/?s={search_term_string}\"},\"query-input\":\"required name=search_term_string\"}],\"inLanguage\":\"es\"},{\"@type\":\"Organization\",\"@id\":\"https:\/\/www.padreydecano.com\/cms\/#organization\",\"name\":\"Padre y Decano\",\"url\":\"https:\/\/www.padreydecano.com\/cms\/\",\"logo\":{\"@type\":\"ImageObject\",\"inLanguage\":\"es\",\"@id\":\"https:\/\/www.padreydecano.com\/cms\/#\/schema\/logo\/image\/\",\"url\":\"https:\/\/www.padreydecano.com\/cms\/wp-content\/uploads\/2022\/01\/avatar-square.png\",\"contentUrl\":\"https:\/\/www.padreydecano.com\/cms\/wp-content\/uploads\/2022\/01\/avatar-square.png\",\"width\":1500,\"height\":1500,\"caption\":\"Padre y Decano\"},\"image\":{\"@id\":\"https:\/\/www.padreydecano.com\/cms\/#\/schema\/logo\/image\/\"}},{\"@type\":\"Person\",\"@id\":\"https:\/\/www.padreydecano.com\/cms\/#\/schema\/person\/51e0214db654d9624824b37c2838bb65\",\"name\":\"Emirona07\",\"image\":{\"@type\":\"ImageObject\",\"inLanguage\":\"es\",\"@id\":\"https:\/\/www.padreydecano.com\/cms\/#\/schema\/person\/image\/\",\"url\":\"https:\/\/secure.gravatar.com\/avatar\/93c9118dbd5373a8a065bb5cdddde6bf?s=96&d=https%3A%2F%2Fpadreydecano.com%2Fcms%2Fwp-content%2Fthemes%2Fpyd-theme%2Fimg%2Fdefault-avatar.png&r=g\",\"contentUrl\":\"https:\/\/secure.gravatar.com\/avatar\/93c9118dbd5373a8a065bb5cdddde6bf?s=96&d=https%3A%2F%2Fpadreydecano.com%2Fcms%2Fwp-content%2Fthemes%2Fpyd-theme%2Fimg%2Fdefault-avatar.png&r=g\",\"caption\":\"Emirona07\"}}]}<\/script>\n<!-- \/ Yoast SEO plugin. -->","yoast_head_json":{"title":"Transferencias y negociaciones - Padre y Decano - El Sitio del Pueblo","robots":{"index":"index","follow":"follow","max-snippet":"max-snippet:-1","max-image-preview":"max-image-preview:large","max-video-preview":"max-video-preview:-1"},"canonical":"https:\/\/www.padreydecano.com\/cms\/noticias\/69707\/","og_locale":"es_ES","og_type":"article","og_title":"Transferencias y negociaciones - Padre y Decano - El Sitio del Pueblo","og_description":"Pe\u00f1arol cuenta tres nuevas incorporaciones, que cerrar\u00edan el per\u00edodo de pases a menos que surja la posibilidad de una contrataci\u00f3n que desnivele dentro del plantel mirasol: Cristian Lema, Juan Izquierdo y Luis Acevedo se sumaron a Jes\u00fas Trindade. Al culminar el Campeonato Uruguayo 2018, el 11 de noviembre, hab\u00eda tiempo para trabajar en el plantel [&hellip;]","og_url":"https:\/\/www.padreydecano.com\/cms\/noticias\/69707\/","og_site_name":"Padre y Decano - El Sitio del Pueblo","article_published_time":"2019-02-08T12:00:27+00:00","article_modified_time":"2019-02-08T04:03:06+00:00","og_image":[{"width":986,"height":653,"url":"https:\/\/www.padreydecano.com\/cms\/wp-content\/uploads\/2019\/02\/Dy0dTepWkAAM86J.jpg","type":"image\/jpeg"}],"author":"Emirona07","twitter_card":"summary_large_image","twitter_misc":{"Escrito por":"Emirona07","Tiempo de lectura":"5 minutos"},"schema":{"@context":"https:\/\/schema.org","@graph":[{"@type":"Article","@id":"https:\/\/www.padreydecano.com\/cms\/noticias\/69707\/#article","isPartOf":{"@id":"https:\/\/www.padreydecano.com\/cms\/noticias\/69707\/"},"author":{"name":"Emirona07","@id":"https:\/\/www.padreydecano.com\/cms\/#\/schema\/person\/51e0214db654d9624824b37c2838bb65"},"headline":"Transferencias y negociaciones","datePublished":"2019-02-08T12:00:27+00:00","dateModified":"2019-02-08T04:03:06+00:00","mainEntityOfPage":{"@id":"https:\/\/www.padreydecano.com\/cms\/noticias\/69707\/"},"wordCount":928,"commentCount":70,"publisher":{"@id":"https:\/\/www.padreydecano.com\/cms\/#organization"},"image":{"@id":"https:\/\/www.padreydecano.com\/cms\/noticias\/69707\/#primaryimage"},"thumbnailUrl":"https:\/\/www.padreydecano.com\/cms\/wp-content\/uploads\/2019\/02\/Dy0dTepWkAAM86J.jpg","articleSection":["Noticias"],"inLanguage":"es","potentialAction":[{"@type":"CommentAction","name":"Comment","target":["https:\/\/www.padreydecano.com\/cms\/noticias\/69707\/#respond"]}]},{"@type":"WebPage","@id":"https:\/\/www.padreydecano.com\/cms\/noticias\/69707\/","url":"https:\/\/www.padreydecano.com\/cms\/noticias\/69707\/","name":"Transferencias y negociaciones - Padre y Decano - El Sitio del Pueblo","isPartOf":{"@id":"https:\/\/www.padreydecano.com\/cms\/#website"},"primaryImageOfPage":{"@id":"https:\/\/www.padreydecano.com\/cms\/noticias\/69707\/#primaryimage"},"image":{"@id":"https:\/\/www.padreydecano.com\/cms\/noticias\/69707\/#primaryimage"},"thumbnailUrl":"https:\/\/www.padreydecano.com\/cms\/wp-content\/uploads\/2019\/02\/Dy0dTepWkAAM86J.jpg","datePublished":"2019-02-08T12:00:27+00:00","dateModified":"2019-02-08T04:03:06+00:00","breadcrumb":{"@id":"https:\/\/www.padreydecano.com\/cms\/noticias\/69707\/#breadcrumb"},"inLanguage":"es","potentialAction":[{"@type":"ReadAction","target":["https:\/\/www.padreydecano.com\/cms\/noticias\/69707\/"]}]},{"@type":"ImageObject","inLanguage":"es","@id":"https:\/\/www.padreydecano.com\/cms\/noticias\/69707\/#primaryimage","url":"https:\/\/www.padreydecano.com\/cms\/wp-content\/uploads\/2019\/02\/Dy0dTepWkAAM86J.jpg","contentUrl":"https:\/\/www.padreydecano.com\/cms\/wp-content\/uploads\/2019\/02\/Dy0dTepWkAAM86J.jpg","width":986,"height":653},{"@type":"BreadcrumbList","@id":"https:\/\/www.padreydecano.com\/cms\/noticias\/69707\/#breadcrumb","itemListElement":[{"@type":"ListItem","position":1,"name":"Portada","item":"https:\/\/www.padreydecano.com\/cms\/"},{"@type":"ListItem","position":2,"name":"Transferencias y negociaciones"}]},{"@type":"WebSite","@id":"https:\/\/www.padreydecano.com\/cms\/#website","url":"https:\/\/www.padreydecano.com\/cms\/","name":"Padre y Decano - El Sitio del Pueblo","description":"Club Atl\u00e9tico Pe\u00f1arol","publisher":{"@id":"https:\/\/www.padreydecano.com\/cms\/#organization"},"potentialAction":[{"@type":"SearchAction","target":{"@type":"EntryPoint","urlTemplate":"https:\/\/www.padreydecano.com\/cms\/?s={search_term_string}"},"query-input":"required name=search_term_string"}],"inLanguage":"es"},{"@type":"Organization","@id":"https:\/\/www.padreydecano.com\/cms\/#organization","name":"Padre y Decano","url":"https:\/\/www.padreydecano.com\/cms\/","logo":{"@type":"ImageObject","inLanguage":"es","@id":"https:\/\/www.padreydecano.com\/cms\/#\/schema\/logo\/image\/","url":"https:\/\/www.padreydecano.com\/cms\/wp-content\/uploads\/2022\/01\/avatar-square.png","contentUrl":"https:\/\/www.padreydecano.com\/cms\/wp-content\/uploads\/2022\/01\/avatar-square.png","width":1500,"height":1500,"caption":"Padre y Decano"},"image":{"@id":"https:\/\/www.padreydecano.com\/cms\/#\/schema\/logo\/image\/"}},{"@type":"Person","@id":"https:\/\/www.padreydecano.com\/cms\/#\/schema\/person\/51e0214db654d9624824b37c2838bb65","name":"Emirona07","image":{"@type":"ImageObject","inLanguage":"es","@id":"https:\/\/www.padreydecano.com\/cms\/#\/schema\/person\/image\/","url":"https:\/\/secure.gravatar.com\/avatar\/93c9118dbd5373a8a065bb5cdddde6bf?s=96&d=https%3A%2F%2Fpadreydecano.com%2Fcms%2Fwp-content%2Fthemes%2Fpyd-theme%2Fimg%2Fdefault-avatar.png&r=g","contentUrl":"https:\/\/secure.gravatar.com\/avatar\/93c9118dbd5373a8a065bb5cdddde6bf?s=96&d=https%3A%2F%2Fpadreydecano.com%2Fcms%2Fwp-content%2Fthemes%2Fpyd-theme%2Fimg%2Fdefault-avatar.png&r=g","caption":"Emirona07"}}]}},"_links":{"self":[{"href":"https:\/\/www.padreydecano.com\/cms\/wp-json\/wp\/v2\/posts\/69707"}],"collection":[{"href":"https:\/\/www.padreydecano.com\/cms\/wp-json\/wp\/v2\/posts"}],"about":[{"href":"https:\/\/www.padreydecano.com\/cms\/wp-json\/wp\/v2\/types\/post"}],"author":[{"embeddable":true,"href":"https:\/\/www.padreydecano.com\/cms\/wp-json\/wp\/v2\/users\/5"}],"replies":[{"embeddable":true,"href":"https:\/\/www.padreydecano.com\/cms\/wp-json\/wp\/v2\/comments?post=69707"}],"version-history":[{"count":0,"href":"https:\/\/www.padreydecano.com\/cms\/wp-json\/wp\/v2\/posts\/69707\/revisions"}],"wp:featuredmedia":[{"embeddable":true,"href":"https:\/\/www.padreydecano.com\/cms\/wp-json\/wp\/v2\/media\/69708"}],"wp:attachment":[{"href":"https:\/\/www.padreydecano.com\/cms\/wp-json\/wp\/v2\/media?parent=69707"}],"wp:term":[{"taxonomy":"category","embeddable":true,"href":"https:\/\/www.padreydecano.com\/cms\/wp-json\/wp\/v2\/categories?post=69707"},{"taxonomy":"post_tag","embeddable":true,"href":"https:\/\/www.padreydecano.com\/cms\/wp-json\/wp\/v2\/tags?post=69707"}],"curies":[{"name":"wp","href":"https:\/\/api.w.org\/{rel}","templated":true}]}}