{"id":69660,"date":"2019-01-31T09:00:29","date_gmt":"2019-01-31T12:00:29","guid":{"rendered":"http:\/\/www.padreydecano.com\/cms\/?p=69660"},"modified":"2019-02-14T11:05:54","modified_gmt":"2019-02-14T14:05:54","slug":"metro-2019-llega-un-salvador","status":"publish","type":"post","link":"https:\/\/www.padreydecano.com\/cms\/noticias\/metro-2019-llega-un-salvador\/","title":{"rendered":"Metro 2019: Llega un Salvador"},"content":{"rendered":"<p><a href=\"https:\/\/www.padreydecano.com\/cms\/wp-content\/uploads\/2019\/01\/unnamed.jpg\" rel=\"shadowbox[sbpost-69660];player=img;\"><img loading=\"lazy\" decoding=\"async\" class=\"aligncenter size-full wp-image-69668\" src=\"https:\/\/www.padreydecano.com\/cms\/wp-content\/uploads\/2019\/01\/unnamed.jpg\" alt=\"\" width=\"1626\" height=\"2436\" srcset=\"https:\/\/www.padreydecano.com\/cms\/wp-content\/uploads\/2019\/01\/unnamed.jpg 1626w, https:\/\/www.padreydecano.com\/cms\/wp-content\/uploads\/2019\/01\/unnamed-400x600.jpg 400w, https:\/\/www.padreydecano.com\/cms\/wp-content\/uploads\/2019\/01\/unnamed-768x1151.jpg 768w, https:\/\/www.padreydecano.com\/cms\/wp-content\/uploads\/2019\/01\/unnamed-684x1024.jpg 684w\" sizes=\"(max-width: 1626px) 100vw, 1626px\" \/><\/a><\/p>\n<p style=\"text-align: justify;\"><strong>Salvador Zanotta se convirti\u00f3 en la nueva incorporaci\u00f3n de Pe\u00f1arol para el Metro que se acerca. Luego de su paso por Leones de Quilpu\u00e9 de Chile, el base bicampe\u00f3n con Hebraica Macabi se suma al equipo de Diego Castrill\u00f3n.<\/strong><\/p>\n<p style=\"text-align: justify;\">El jugador nacido en Salto disput\u00f3 el Metro 2018 con Uni\u00f3n Atl\u00e9tica. En dicho torneo promedi\u00f3 38 minutos, 12 puntos y 7 asistencias por juego, no consigui\u00f3 el ascenso pero fue una de las figuras del equipo.<\/p>\n<p style=\"text-align: justify;\">Posteriormente tuvo su primer experiencia internacional, se fue a jugar a Chile al Club Deportivo Colegio Los Leones de Chile. Jug\u00f3 la Liga Nacional y promedi\u00f3 28 minutos, 9 puntos y 5 asistencias por juego.<\/p>\n<p style=\"text-align: justify;\">Jugador joven pero con mucha experiencia, a su corta edad (tiene 23 a\u00f1os) ya supo ser bicampe\u00f3n de Liga, jug\u00f3 con la selecci\u00f3n nacional y tambi\u00e9n tuvo un pasaje internacional. Es la segunda incorporaci\u00f3n luego de Agust\u00edn Zuvich, ambos jugaron juntos en Hebraica y Macabi.<\/p>\n<div class=\"user-wrapper\"><a class=\"userlink\" href=\"https:\/\/twitter.com\/griegosebas\" target=\"_blank\"><figure><img decoding=\"async\" src=\"http:\/\/www.padreydecano.com\/cms\/wp-users-files\/postfirmas\/sebagriego.jpg\" \/><\/figure><p class=\"user\"><strong>Sebasti&aacute;n Griego<\/strong><br \/>@SebaGriego<\/p><\/a><\/div>\n","protected":false},"excerpt":{"rendered":"<p>Salvador Zanotta se convirti\u00f3 en la nueva incorporaci\u00f3n de Pe\u00f1arol para el Metro que se acerca. Luego de su paso por Leones de Quilpu\u00e9 de Chile, el base bicampe\u00f3n con Hebraica Macabi se suma al equipo de Diego Castrill\u00f3n. El jugador nacido en Salto disput\u00f3 el Metro 2018 con Uni\u00f3n Atl\u00e9tica. En dicho torneo promedi\u00f3 [&hellip;]<\/p>\n","protected":false},"author":27,"featured_media":69669,"comment_status":"open","ping_status":"closed","sticky":false,"template":"","format":"standard","meta":{"footnotes":""},"categories":[407,1],"tags":[406],"yoast_head":"<!-- This site is optimized with the Yoast SEO plugin v23.2 - https:\/\/yoast.com\/wordpress\/plugins\/seo\/ -->\n<title>Metro 2019: Llega un Salvador - Padre y Decano - El Sitio del Pueblo<\/title>\n<meta name=\"robots\" content=\"index, follow, max-snippet:-1, max-image-preview:large, max-video-preview:-1\" \/>\n<link rel=\"canonical\" href=\"https:\/\/www.padreydecano.com\/cms\/noticias\/metro-2019-llega-un-salvador\/\" \/>\n<meta property=\"og:locale\" content=\"es_ES\" \/>\n<meta property=\"og:type\" content=\"article\" \/>\n<meta property=\"og:title\" content=\"Metro 2019: Llega un Salvador - Padre y Decano - El Sitio del Pueblo\" \/>\n<meta property=\"og:description\" content=\"Salvador Zanotta se convirti\u00f3 en la nueva incorporaci\u00f3n de Pe\u00f1arol para el Metro que se acerca. Luego de su paso por Leones de Quilpu\u00e9 de Chile, el base bicampe\u00f3n con Hebraica Macabi se suma al equipo de Diego Castrill\u00f3n. El jugador nacido en Salto disput\u00f3 el Metro 2018 con Uni\u00f3n Atl\u00e9tica. En dicho torneo promedi\u00f3 [&hellip;]\" \/>\n<meta property=\"og:url\" content=\"https:\/\/www.padreydecano.com\/cms\/noticias\/metro-2019-llega-un-salvador\/\" \/>\n<meta property=\"og:site_name\" content=\"Padre y Decano - El Sitio del Pueblo\" \/>\n<meta property=\"article:published_time\" content=\"2019-01-31T12:00:29+00:00\" \/>\n<meta property=\"article:modified_time\" content=\"2019-02-14T14:05:54+00:00\" \/>\n<meta property=\"og:image\" content=\"https:\/\/www.padreydecano.com\/cms\/wp-content\/uploads\/2019\/01\/unnamed-1.jpg\" \/>\n\t<meta property=\"og:image:width\" content=\"2436\" \/>\n\t<meta property=\"og:image:height\" content=\"1625\" \/>\n\t<meta property=\"og:image:type\" content=\"image\/jpeg\" \/>\n<meta name=\"author\" content=\"Redactores Padre y Decano\" \/>\n<meta name=\"twitter:card\" content=\"summary_large_image\" \/>\n<meta name=\"twitter:label1\" content=\"Escrito por\" \/>\n\t<meta name=\"twitter:data1\" content=\"Redactores Padre y Decano\" \/>\n\t<meta name=\"twitter:label2\" content=\"Tiempo de lectura\" \/>\n\t<meta name=\"twitter:data2\" content=\"1 minuto\" \/>\n<script type=\"application\/ld+json\" class=\"yoast-schema-graph\">{\"@context\":\"https:\/\/schema.org\",\"@graph\":[{\"@type\":\"Article\",\"@id\":\"https:\/\/www.padreydecano.com\/cms\/noticias\/metro-2019-llega-un-salvador\/#article\",\"isPartOf\":{\"@id\":\"https:\/\/www.padreydecano.com\/cms\/noticias\/metro-2019-llega-un-salvador\/\"},\"author\":{\"name\":\"Redactores Padre y Decano\",\"@id\":\"https:\/\/www.padreydecano.com\/cms\/#\/schema\/person\/37aae8f93aa78e4c5385497f056e3246\"},\"headline\":\"Metro 2019: Llega un Salvador\",\"datePublished\":\"2019-01-31T12:00:29+00:00\",\"dateModified\":\"2019-02-14T14:05:54+00:00\",\"mainEntityOfPage\":{\"@id\":\"https:\/\/www.padreydecano.com\/cms\/noticias\/metro-2019-llega-un-salvador\/\"},\"wordCount\":165,\"commentCount\":4,\"publisher\":{\"@id\":\"https:\/\/www.padreydecano.com\/cms\/#organization\"},\"image\":{\"@id\":\"https:\/\/www.padreydecano.com\/cms\/noticias\/metro-2019-llega-un-salvador\/#primaryimage\"},\"thumbnailUrl\":\"https:\/\/www.padreydecano.com\/cms\/wp-content\/uploads\/2019\/01\/unnamed-1.jpg\",\"keywords\":[\"Metro 2019\"],\"articleSection\":[\"Basket\",\"Noticias\"],\"inLanguage\":\"es\",\"potentialAction\":[{\"@type\":\"CommentAction\",\"name\":\"Comment\",\"target\":[\"https:\/\/www.padreydecano.com\/cms\/noticias\/metro-2019-llega-un-salvador\/#respond\"]}]},{\"@type\":\"WebPage\",\"@id\":\"https:\/\/www.padreydecano.com\/cms\/noticias\/metro-2019-llega-un-salvador\/\",\"url\":\"https:\/\/www.padreydecano.com\/cms\/noticias\/metro-2019-llega-un-salvador\/\",\"name\":\"Metro 2019: Llega un Salvador - Padre y Decano - El Sitio del Pueblo\",\"isPartOf\":{\"@id\":\"https:\/\/www.padreydecano.com\/cms\/#website\"},\"primaryImageOfPage\":{\"@id\":\"https:\/\/www.padreydecano.com\/cms\/noticias\/metro-2019-llega-un-salvador\/#primaryimage\"},\"image\":{\"@id\":\"https:\/\/www.padreydecano.com\/cms\/noticias\/metro-2019-llega-un-salvador\/#primaryimage\"},\"thumbnailUrl\":\"https:\/\/www.padreydecano.com\/cms\/wp-content\/uploads\/2019\/01\/unnamed-1.jpg\",\"datePublished\":\"2019-01-31T12:00:29+00:00\",\"dateModified\":\"2019-02-14T14:05:54+00:00\",\"breadcrumb\":{\"@id\":\"https:\/\/www.padreydecano.com\/cms\/noticias\/metro-2019-llega-un-salvador\/#breadcrumb\"},\"inLanguage\":\"es\",\"potentialAction\":[{\"@type\":\"ReadAction\",\"target\":[\"https:\/\/www.padreydecano.com\/cms\/noticias\/metro-2019-llega-un-salvador\/\"]}]},{\"@type\":\"ImageObject\",\"inLanguage\":\"es\",\"@id\":\"https:\/\/www.padreydecano.com\/cms\/noticias\/metro-2019-llega-un-salvador\/#primaryimage\",\"url\":\"https:\/\/www.padreydecano.com\/cms\/wp-content\/uploads\/2019\/01\/unnamed-1.jpg\",\"contentUrl\":\"https:\/\/www.padreydecano.com\/cms\/wp-content\/uploads\/2019\/01\/unnamed-1.jpg\",\"width\":2436,\"height\":1625},{\"@type\":\"BreadcrumbList\",\"@id\":\"https:\/\/www.padreydecano.com\/cms\/noticias\/metro-2019-llega-un-salvador\/#breadcrumb\",\"itemListElement\":[{\"@type\":\"ListItem\",\"position\":1,\"name\":\"Portada\",\"item\":\"https:\/\/www.padreydecano.com\/cms\/\"},{\"@type\":\"ListItem\",\"position\":2,\"name\":\"Metro 2019: Llega un Salvador\"}]},{\"@type\":\"WebSite\",\"@id\":\"https:\/\/www.padreydecano.com\/cms\/#website\",\"url\":\"https:\/\/www.padreydecano.com\/cms\/\",\"name\":\"Padre y Decano - El Sitio del Pueblo\",\"description\":\"Club Atl\u00e9tico Pe\u00f1arol\",\"publisher\":{\"@id\":\"https:\/\/www.padreydecano.com\/cms\/#organization\"},\"potentialAction\":[{\"@type\":\"SearchAction\",\"target\":{\"@type\":\"EntryPoint\",\"urlTemplate\":\"https:\/\/www.padreydecano.com\/cms\/?s={search_term_string}\"},\"query-input\":\"required name=search_term_string\"}],\"inLanguage\":\"es\"},{\"@type\":\"Organization\",\"@id\":\"https:\/\/www.padreydecano.com\/cms\/#organization\",\"name\":\"Padre y Decano\",\"url\":\"https:\/\/www.padreydecano.com\/cms\/\",\"logo\":{\"@type\":\"ImageObject\",\"inLanguage\":\"es\",\"@id\":\"https:\/\/www.padreydecano.com\/cms\/#\/schema\/logo\/image\/\",\"url\":\"https:\/\/www.padreydecano.com\/cms\/wp-content\/uploads\/2022\/01\/avatar-square.png\",\"contentUrl\":\"https:\/\/www.padreydecano.com\/cms\/wp-content\/uploads\/2022\/01\/avatar-square.png\",\"width\":1500,\"height\":1500,\"caption\":\"Padre y Decano\"},\"image\":{\"@id\":\"https:\/\/www.padreydecano.com\/cms\/#\/schema\/logo\/image\/\"}},{\"@type\":\"Person\",\"@id\":\"https:\/\/www.padreydecano.com\/cms\/#\/schema\/person\/37aae8f93aa78e4c5385497f056e3246\",\"name\":\"Redactores Padre y Decano\",\"image\":{\"@type\":\"ImageObject\",\"inLanguage\":\"es\",\"@id\":\"https:\/\/www.padreydecano.com\/cms\/#\/schema\/person\/image\/\",\"url\":\"https:\/\/secure.gravatar.com\/avatar\/8810c4b9081192b118b104af54549af8?s=96&d=https%3A%2F%2Fpadreydecano.com%2Fcms%2Fwp-content%2Fthemes%2Fpyd-theme%2Fimg%2Fdefault-avatar.png&r=g\",\"contentUrl\":\"https:\/\/secure.gravatar.com\/avatar\/8810c4b9081192b118b104af54549af8?s=96&d=https%3A%2F%2Fpadreydecano.com%2Fcms%2Fwp-content%2Fthemes%2Fpyd-theme%2Fimg%2Fdefault-avatar.png&r=g\",\"caption\":\"Redactores Padre y Decano\"},\"sameAs\":[\"http:\/\/www.padreydecano.com\"]}]}<\/script>\n<!-- \/ Yoast SEO plugin. -->","yoast_head_json":{"title":"Metro 2019: Llega un Salvador - Padre y Decano - El Sitio del Pueblo","robots":{"index":"index","follow":"follow","max-snippet":"max-snippet:-1","max-image-preview":"max-image-preview:large","max-video-preview":"max-video-preview:-1"},"canonical":"https:\/\/www.padreydecano.com\/cms\/noticias\/metro-2019-llega-un-salvador\/","og_locale":"es_ES","og_type":"article","og_title":"Metro 2019: Llega un Salvador - Padre y Decano - El Sitio del Pueblo","og_description":"Salvador Zanotta se convirti\u00f3 en la nueva incorporaci\u00f3n de Pe\u00f1arol para el Metro que se acerca. Luego de su paso por Leones de Quilpu\u00e9 de Chile, el base bicampe\u00f3n con Hebraica Macabi se suma al equipo de Diego Castrill\u00f3n. El jugador nacido en Salto disput\u00f3 el Metro 2018 con Uni\u00f3n Atl\u00e9tica. En dicho torneo promedi\u00f3 [&hellip;]","og_url":"https:\/\/www.padreydecano.com\/cms\/noticias\/metro-2019-llega-un-salvador\/","og_site_name":"Padre y Decano - El Sitio del Pueblo","article_published_time":"2019-01-31T12:00:29+00:00","article_modified_time":"2019-02-14T14:05:54+00:00","og_image":[{"width":2436,"height":1625,"url":"https:\/\/www.padreydecano.com\/cms\/wp-content\/uploads\/2019\/01\/unnamed-1.jpg","type":"image\/jpeg"}],"author":"Redactores Padre y Decano","twitter_card":"summary_large_image","twitter_misc":{"Escrito por":"Redactores Padre y Decano","Tiempo de lectura":"1 minuto"},"schema":{"@context":"https:\/\/schema.org","@graph":[{"@type":"Article","@id":"https:\/\/www.padreydecano.com\/cms\/noticias\/metro-2019-llega-un-salvador\/#article","isPartOf":{"@id":"https:\/\/www.padreydecano.com\/cms\/noticias\/metro-2019-llega-un-salvador\/"},"author":{"name":"Redactores Padre y Decano","@id":"https:\/\/www.padreydecano.com\/cms\/#\/schema\/person\/37aae8f93aa78e4c5385497f056e3246"},"headline":"Metro 2019: Llega un Salvador","datePublished":"2019-01-31T12:00:29+00:00","dateModified":"2019-02-14T14:05:54+00:00","mainEntityOfPage":{"@id":"https:\/\/www.padreydecano.com\/cms\/noticias\/metro-2019-llega-un-salvador\/"},"wordCount":165,"commentCount":4,"publisher":{"@id":"https:\/\/www.padreydecano.com\/cms\/#organization"},"image":{"@id":"https:\/\/www.padreydecano.com\/cms\/noticias\/metro-2019-llega-un-salvador\/#primaryimage"},"thumbnailUrl":"https:\/\/www.padreydecano.com\/cms\/wp-content\/uploads\/2019\/01\/unnamed-1.jpg","keywords":["Metro 2019"],"articleSection":["Basket","Noticias"],"inLanguage":"es","potentialAction":[{"@type":"CommentAction","name":"Comment","target":["https:\/\/www.padreydecano.com\/cms\/noticias\/metro-2019-llega-un-salvador\/#respond"]}]},{"@type":"WebPage","@id":"https:\/\/www.padreydecano.com\/cms\/noticias\/metro-2019-llega-un-salvador\/","url":"https:\/\/www.padreydecano.com\/cms\/noticias\/metro-2019-llega-un-salvador\/","name":"Metro 2019: Llega un Salvador - Padre y Decano - El Sitio del Pueblo","isPartOf":{"@id":"https:\/\/www.padreydecano.com\/cms\/#website"},"primaryImageOfPage":{"@id":"https:\/\/www.padreydecano.com\/cms\/noticias\/metro-2019-llega-un-salvador\/#primaryimage"},"image":{"@id":"https:\/\/www.padreydecano.com\/cms\/noticias\/metro-2019-llega-un-salvador\/#primaryimage"},"thumbnailUrl":"https:\/\/www.padreydecano.com\/cms\/wp-content\/uploads\/2019\/01\/unnamed-1.jpg","datePublished":"2019-01-31T12:00:29+00:00","dateModified":"2019-02-14T14:05:54+00:00","breadcrumb":{"@id":"https:\/\/www.padreydecano.com\/cms\/noticias\/metro-2019-llega-un-salvador\/#breadcrumb"},"inLanguage":"es","potentialAction":[{"@type":"ReadAction","target":["https:\/\/www.padreydecano.com\/cms\/noticias\/metro-2019-llega-un-salvador\/"]}]},{"@type":"ImageObject","inLanguage":"es","@id":"https:\/\/www.padreydecano.com\/cms\/noticias\/metro-2019-llega-un-salvador\/#primaryimage","url":"https:\/\/www.padreydecano.com\/cms\/wp-content\/uploads\/2019\/01\/unnamed-1.jpg","contentUrl":"https:\/\/www.padreydecano.com\/cms\/wp-content\/uploads\/2019\/01\/unnamed-1.jpg","width":2436,"height":1625},{"@type":"BreadcrumbList","@id":"https:\/\/www.padreydecano.com\/cms\/noticias\/metro-2019-llega-un-salvador\/#breadcrumb","itemListElement":[{"@type":"ListItem","position":1,"name":"Portada","item":"https:\/\/www.padreydecano.com\/cms\/"},{"@type":"ListItem","position":2,"name":"Metro 2019: Llega un Salvador"}]},{"@type":"WebSite","@id":"https:\/\/www.padreydecano.com\/cms\/#website","url":"https:\/\/www.padreydecano.com\/cms\/","name":"Padre y Decano - El Sitio del Pueblo","description":"Club Atl\u00e9tico Pe\u00f1arol","publisher":{"@id":"https:\/\/www.padreydecano.com\/cms\/#organization"},"potentialAction":[{"@type":"SearchAction","target":{"@type":"EntryPoint","urlTemplate":"https:\/\/www.padreydecano.com\/cms\/?s={search_term_string}"},"query-input":"required name=search_term_string"}],"inLanguage":"es"},{"@type":"Organization","@id":"https:\/\/www.padreydecano.com\/cms\/#organization","name":"Padre y Decano","url":"https:\/\/www.padreydecano.com\/cms\/","logo":{"@type":"ImageObject","inLanguage":"es","@id":"https:\/\/www.padreydecano.com\/cms\/#\/schema\/logo\/image\/","url":"https:\/\/www.padreydecano.com\/cms\/wp-content\/uploads\/2022\/01\/avatar-square.png","contentUrl":"https:\/\/www.padreydecano.com\/cms\/wp-content\/uploads\/2022\/01\/avatar-square.png","width":1500,"height":1500,"caption":"Padre y Decano"},"image":{"@id":"https:\/\/www.padreydecano.com\/cms\/#\/schema\/logo\/image\/"}},{"@type":"Person","@id":"https:\/\/www.padreydecano.com\/cms\/#\/schema\/person\/37aae8f93aa78e4c5385497f056e3246","name":"Redactores Padre y Decano","image":{"@type":"ImageObject","inLanguage":"es","@id":"https:\/\/www.padreydecano.com\/cms\/#\/schema\/person\/image\/","url":"https:\/\/secure.gravatar.com\/avatar\/8810c4b9081192b118b104af54549af8?s=96&d=https%3A%2F%2Fpadreydecano.com%2Fcms%2Fwp-content%2Fthemes%2Fpyd-theme%2Fimg%2Fdefault-avatar.png&r=g","contentUrl":"https:\/\/secure.gravatar.com\/avatar\/8810c4b9081192b118b104af54549af8?s=96&d=https%3A%2F%2Fpadreydecano.com%2Fcms%2Fwp-content%2Fthemes%2Fpyd-theme%2Fimg%2Fdefault-avatar.png&r=g","caption":"Redactores Padre y Decano"},"sameAs":["http:\/\/www.padreydecano.com"]}]}},"_links":{"self":[{"href":"https:\/\/www.padreydecano.com\/cms\/wp-json\/wp\/v2\/posts\/69660"}],"collection":[{"href":"https:\/\/www.padreydecano.com\/cms\/wp-json\/wp\/v2\/posts"}],"about":[{"href":"https:\/\/www.padreydecano.com\/cms\/wp-json\/wp\/v2\/types\/post"}],"author":[{"embeddable":true,"href":"https:\/\/www.padreydecano.com\/cms\/wp-json\/wp\/v2\/users\/27"}],"replies":[{"embeddable":true,"href":"https:\/\/www.padreydecano.com\/cms\/wp-json\/wp\/v2\/comments?post=69660"}],"version-history":[{"count":0,"href":"https:\/\/www.padreydecano.com\/cms\/wp-json\/wp\/v2\/posts\/69660\/revisions"}],"wp:featuredmedia":[{"embeddable":true,"href":"https:\/\/www.padreydecano.com\/cms\/wp-json\/wp\/v2\/media\/69669"}],"wp:attachment":[{"href":"https:\/\/www.padreydecano.com\/cms\/wp-json\/wp\/v2\/media?parent=69660"}],"wp:term":[{"taxonomy":"category","embeddable":true,"href":"https:\/\/www.padreydecano.com\/cms\/wp-json\/wp\/v2\/categories?post=69660"},{"taxonomy":"post_tag","embeddable":true,"href":"https:\/\/www.padreydecano.com\/cms\/wp-json\/wp\/v2\/tags?post=69660"}],"curies":[{"name":"wp","href":"https:\/\/api.w.org\/{rel}","templated":true}]}}