{"id":69533,"date":"2019-01-07T09:00:31","date_gmt":"2019-01-07T12:00:31","guid":{"rendered":"http:\/\/www.padreydecano.com\/cms\/?p=69533"},"modified":"2019-01-09T11:40:35","modified_gmt":"2019-01-09T14:40:35","slug":"victor-bedrossian-buscamos-pensar-en-el-largo-plazo","status":"publish","type":"post","link":"https:\/\/www.padreydecano.com\/cms\/noticias\/victor-bedrossian-buscamos-pensar-en-el-largo-plazo\/","title":{"rendered":"V\u00edctor Bedrossian: \u00abBuscamos pensar en el largo plazo\u00bb"},"content":{"rendered":"<p><a href=\"https:\/\/www.padreydecano.com\/cms\/wp-content\/uploads\/2019\/01\/2018-05-27-futsal-Pe\u00f1arol-vs-Elbio-Fern\u00e1ndez-Juan-Manuel-Albor\u00e9s-08.jpg\" rel=\"shadowbox[sbpost-69533];player=img;\"><img loading=\"lazy\" decoding=\"async\" class=\"aligncenter size-full wp-image-69541\" src=\"https:\/\/www.padreydecano.com\/cms\/wp-content\/uploads\/2019\/01\/2018-05-27-futsal-Pe\u00f1arol-vs-Elbio-Fern\u00e1ndez-Juan-Manuel-Albor\u00e9s-08.jpg\" alt=\"\" width=\"1100\" height=\"676\" srcset=\"https:\/\/www.padreydecano.com\/cms\/wp-content\/uploads\/2019\/01\/2018-05-27-futsal-Pe\u00f1arol-vs-Elbio-Fern\u00e1ndez-Juan-Manuel-Albor\u00e9s-08.jpg 1100w, https:\/\/www.padreydecano.com\/cms\/wp-content\/uploads\/2019\/01\/2018-05-27-futsal-Pe\u00f1arol-vs-Elbio-Fern\u00e1ndez-Juan-Manuel-Albor\u00e9s-08-600x369.jpg 600w, https:\/\/www.padreydecano.com\/cms\/wp-content\/uploads\/2019\/01\/2018-05-27-futsal-Pe\u00f1arol-vs-Elbio-Fern\u00e1ndez-Juan-Manuel-Albor\u00e9s-08-768x472.jpg 768w, https:\/\/www.padreydecano.com\/cms\/wp-content\/uploads\/2019\/01\/2018-05-27-futsal-Pe\u00f1arol-vs-Elbio-Fern\u00e1ndez-Juan-Manuel-Albor\u00e9s-08-1024x629.jpg 1024w\" sizes=\"(max-width: 1100px) 100vw, 1100px\" \/><\/a><\/p>\n<p style=\"text-align: justify;\"><b>Padre y Decano dialog\u00f3 con V\u00edctor Bedrossian, actual presidente del F\u00fatbol Sala del Club Atl\u00e9tico Pe\u00f1arol. All\u00ed cont\u00f3 los detalles del nuevo entrenador, un balance del 2018 y futuros proyectos a llevar a cabo en los pr\u00f3ximos meses.<\/b><\/p>\n<p style=\"text-align: justify;\"><span style=\"color: #ffcc02;\"><strong>Gustavo S\u00e1nchez, el nuevo entrenador del Futsal masculino de primera divisi\u00f3n:\u00a0<\/strong><\/span>\u00abGustavo busca mucha intensidad en sus equipos. Para eso est\u00e1 conformando el plantel con las caracter\u00edsticas que necesita. Probablemente tenga dos cuartetas de juego, una un poco m\u00e1s t\u00e9cnica y otra quiz\u00e1s m\u00e1s \u00e1gil y r\u00e1pida. Siempre va a depender del rival que estemos enfrentando, \u00e9l va a tomar las mejores decisiones en cuanto a lo que piensa que puede da\u00f1ar al equipo rival\u00bb.<\/p>\n<p style=\"text-align: justify;\">\u00abGustavo ha trabajado en el F\u00fatbol Sala durante muchos a\u00f1os, inclusive tiene experiencia en f\u00fatbol 11. Lo que buscamos es pensar un poco m\u00e1s en el largo plazo y que traiga toda su experiencia que tiene de todos estos a\u00f1os y poder plasmar no solo en resultados sino tambi\u00e9n en juego\u00bb.<\/p>\n<p style=\"text-align: justify;\"><span style=\"color: #ffcc02;\"><strong>Cambios en el plantel de cara al pr\u00f3ximo a\u00f1o: <\/strong><\/span>\u00abLa base se va a mantener. Hay jugadores que no van a estar y hay otros nuevos que van a llegar, en funci\u00f3n de c\u00f3mo van pasando estos d\u00edas vamos a tener un poco m\u00e1s claro el panorama de jugadores nuevos que puedan llegar a venir, hemos hablado con varios de ellos, no solo jugadores que est\u00e1n en Uruguay sino que tambi\u00e9n de otros pa\u00edses\u00bb.<\/p>\n<p style=\"text-align: justify;\"><span style=\"color: #ffcc02;\"><strong>El crecimiento institucional del F\u00fatbol Sala:\u00a0<\/strong><\/span>\u00abEs la primera vez que Pe\u00f1arol compite en cinco categor\u00edas diferentes, ese fue el gran paso que dimos este a\u00f1o y adem\u00e1s la gran novedad fue la categor\u00eda del femenino que si bien Pe\u00f1arol ya hab\u00eda participado una vez en 2011 fue solamente para ese a\u00f1o y despu\u00e9s se desmantel\u00f3 el plantel y no volvi\u00f3 a participar. Este a\u00f1o despu\u00e9s de una propuesta que tuvimos logramos presentar el plantel y ser campe\u00f3n\u00bb.<\/p>\n<p style=\"text-align: justify;\">\u00abSab\u00edamos que en las categor\u00edas m\u00e1s chicas \u00edbamos a estar en desventaja porque hay equipos que hace muchos a\u00f1os vienen trabajando esas categor\u00edas y obviamente sin trabajo es muy dif\u00edcil obtener el \u00e9xito. Esto es un proceso, en alg\u00fan momento Pe\u00f1arol ten\u00eda que dar el paso de trabajar en sus categor\u00edas m\u00e1s chicas (Sub 16 y Sub 18) y lo hicimos. Sabemos que va a llevar tiempo, pero el objetivo para el 2019 es lograr alg\u00fan campeonato con alguna de las categor\u00edas por m\u00e1s que la l\u00f3gica dice que los equipos que vienen trabajando hace m\u00e1s a\u00f1os van a tener m\u00e1s chance\u00bb.<\/p>\n<p style=\"text-align: justify;\">\u00abCon la sub 20 qued\u00e9 muy contento, fue algo que merecimos el a\u00f1o pasado porque hab\u00edamos ganado la tabla general, pero como se hab\u00eda dado el campeonato, antes de comenzar la tabla general no contaba, solo se le daba importancia al Apertura y Clausura y quedamos fuera de la definici\u00f3n. Este a\u00f1o se pudo consolidar esa categor\u00eda, es una generaci\u00f3n muy buena y la idea es que siga en el club y que sigan los \u00e9xitos en lo que respecta al F\u00fatbol Sala\u00bb.<\/p>\n<p style=\"text-align: justify;\"><span style=\"color: #ffcc02;\"><strong>Proyectos institucionales a futuro:\u00a0<\/strong><\/span>\u00abPara los proyectos institucionales se necesita m\u00e1s apoyo, ya mantener cinco categor\u00edas es un presupuesto grande que es trabajo nuestro generar recursos para que se pueda solventar. M\u00e1s que nada a lo que apostamos este a\u00f1o, m\u00e1s all\u00e1 de lo deportivo, queremos dar a conocer m\u00e1s el deporte, tenemos algunos proyectos en cuanto a lo que es el uso de redes, todo lo que va a ser el marketing de Pe\u00f1arol F\u00fatbol Sala. Queremos empezar a televisar los partidos a trav\u00e9s de una web propia. Eso es parte del proyecto extradeportivo al que vamos a apuntar este a\u00f1o\u00bb.<\/p>\n<p style=\"text-align: justify;\">\u00abObviamente en alg\u00fan momento Pe\u00f1arol va a tener que apuntar a tener un polideportivo, no solamente para el F\u00fatbol Sala, sino que todos los deportes anexos. As\u00ed pueden entrenar en esa cancha y realizar los partidos que le corresponda\u00bb.<\/p>\n<p style=\"text-align: justify;\"><span style=\"color: #ffcc02;\"><strong>Ciudad deportiva y el F\u00fatbol Sala:\u00a0<\/strong><\/span>\u00abLa ciudad deportiva es un proyecto que va a ser m\u00e1s a largo plazo. Quiz\u00e1s s\u00ed est\u00e9 previsto un gimnasio en el cual se pueda llevar a cabo las actividades que el F\u00fatbol Sala necesite, pero en realidad el primer objetivo con la ciudad deportiva es generar dos o tres canchas de f\u00fatbol 11 y a medida que se recaude para seguir creciendo en la ciudad deportiva, luego se har\u00e1 el gimnasio o no. En un principio el concepto de la ciudad deportiva es centralizar todos tus deportes en un solo lugar para generar el sentido de pertenencia, para poder entrenar siempre en la misma cancha. Ojal\u00e1 en el corto o mediano plazo se pueda cumplir\u00bb.<\/p>\n<p style=\"text-align: justify;\"><strong style=\"color: #ffcc02;\">Campeonato de hinchas &#8216;N\u00e9stor Gon<b>\u00e7alves&#8217;<\/b>:\u00a0<\/strong>\u00abUno de los objetivos que nos trazamos cuando asumimos en febrero fue generar recursos para poder solventar el proyecto del F\u00fatbol Sala. El presupuesto est\u00e1 dado por un 20% apoyo econ\u00f3mico del club y el otro 80% se genera mediante sponsors, acciones como este torneo y aportes que hace la gente. Es un 80% el que nosotros como dirigentes del F\u00fatbol Sala tenemos que generar para financiar este deporte. El torneo fue una idea que estuvimos trabajando todo el a\u00f1o y reci\u00e9n al final se pudo llevar adelante y fue muy positivo. No solo se pudo recaudar para el F\u00fatbol Sala, que quedaron alrededor de 9.500 d\u00f3lares que ayudaron a bajar la deuda que se gener\u00f3 este a\u00f1o, sino que tambi\u00e9n sirvi\u00f3 para abrir las puertas del club a aquellos socios que quiz\u00e1s su sue\u00f1o siempre fue jugar en las instalaciones de su club y por motivos varios no lo pudieron hacer. La final y el tercer y cuarto puesto se jug\u00f3 en el Campe\u00f3n del Siglo. Estuvo espectacular y ojal\u00e1 este torneo sea el primero de muchos y el a\u00f1o que viene en vez de ocho equipos participen 16 o 24 y que el torneo sea una marca de Pe\u00f1arol y que pueda solventar los deportes anexos\u00bb.<\/p>\n<div class=\"user-wrapper\"><a class=\"userlink\" href=\"https:\/\/twitter.com\/joaquingrana94\" target=\"_blank\"><figure><img decoding=\"async\" src=\"http:\/\/www.padreydecano.com\/cms\/wp-users-files\/postfirmas\/joaquingrana94.jpg\" \/><\/figure><p class=\"user\"><strong>Joaqu&iacute;n Gra&ntilde;a<\/strong><br \/>@joaquingrana94<\/p><\/a><\/div>\n","protected":false},"excerpt":{"rendered":"<p>Padre y Decano dialog\u00f3 con V\u00edctor Bedrossian, actual presidente del F\u00fatbol Sala del Club Atl\u00e9tico Pe\u00f1arol. All\u00ed cont\u00f3 los detalles del nuevo entrenador, un balance del 2018 y futuros proyectos a llevar a cabo en los pr\u00f3ximos meses. Gustavo S\u00e1nchez, el nuevo entrenador del Futsal masculino de primera divisi\u00f3n:\u00a0\u00abGustavo busca mucha intensidad en sus equipos. [&hellip;]<\/p>\n","protected":false},"author":27,"featured_media":69541,"comment_status":"open","ping_status":"closed","sticky":false,"template":"","format":"standard","meta":{"footnotes":""},"categories":[30,1,27],"tags":[34],"yoast_head":"<!-- This site is optimized with the Yoast SEO plugin v23.2 - https:\/\/yoast.com\/wordpress\/plugins\/seo\/ -->\n<title>V\u00edctor Bedrossian: &quot;Buscamos pensar en el largo plazo&quot; - Padre y Decano - El Sitio del Pueblo<\/title>\n<meta name=\"robots\" content=\"index, follow, max-snippet:-1, max-image-preview:large, max-video-preview:-1\" \/>\n<link rel=\"canonical\" href=\"https:\/\/www.padreydecano.com\/cms\/noticias\/victor-bedrossian-buscamos-pensar-en-el-largo-plazo\/\" \/>\n<meta property=\"og:locale\" content=\"es_ES\" \/>\n<meta property=\"og:type\" content=\"article\" \/>\n<meta property=\"og:title\" content=\"V\u00edctor Bedrossian: &quot;Buscamos pensar en el largo plazo&quot; - Padre y Decano - El Sitio del Pueblo\" \/>\n<meta property=\"og:description\" content=\"Padre y Decano dialog\u00f3 con V\u00edctor Bedrossian, actual presidente del F\u00fatbol Sala del Club Atl\u00e9tico Pe\u00f1arol. All\u00ed cont\u00f3 los detalles del nuevo entrenador, un balance del 2018 y futuros proyectos a llevar a cabo en los pr\u00f3ximos meses. Gustavo S\u00e1nchez, el nuevo entrenador del Futsal masculino de primera divisi\u00f3n:\u00a0\u00abGustavo busca mucha intensidad en sus equipos. [&hellip;]\" \/>\n<meta property=\"og:url\" content=\"https:\/\/www.padreydecano.com\/cms\/noticias\/victor-bedrossian-buscamos-pensar-en-el-largo-plazo\/\" \/>\n<meta property=\"og:site_name\" content=\"Padre y Decano - El Sitio del Pueblo\" \/>\n<meta property=\"article:published_time\" content=\"2019-01-07T12:00:31+00:00\" \/>\n<meta property=\"article:modified_time\" content=\"2019-01-09T14:40:35+00:00\" \/>\n<meta property=\"og:image\" content=\"https:\/\/www.padreydecano.com\/cms\/wp-content\/uploads\/2019\/01\/2018-05-27-futsal-Pe\u00f1arol-vs-Elbio-Fern\u00e1ndez-Juan-Manuel-Albor\u00e9s-08.jpg\" \/>\n\t<meta property=\"og:image:width\" content=\"1100\" \/>\n\t<meta property=\"og:image:height\" content=\"676\" \/>\n\t<meta property=\"og:image:type\" content=\"image\/jpeg\" \/>\n<meta name=\"author\" content=\"Redactores Padre y Decano\" \/>\n<meta name=\"twitter:card\" content=\"summary_large_image\" \/>\n<meta name=\"twitter:label1\" content=\"Escrito por\" \/>\n\t<meta name=\"twitter:data1\" content=\"Redactores Padre y Decano\" \/>\n\t<meta name=\"twitter:label2\" content=\"Tiempo de lectura\" \/>\n\t<meta name=\"twitter:data2\" content=\"5 minutos\" \/>\n<script type=\"application\/ld+json\" class=\"yoast-schema-graph\">{\"@context\":\"https:\/\/schema.org\",\"@graph\":[{\"@type\":\"Article\",\"@id\":\"https:\/\/www.padreydecano.com\/cms\/noticias\/victor-bedrossian-buscamos-pensar-en-el-largo-plazo\/#article\",\"isPartOf\":{\"@id\":\"https:\/\/www.padreydecano.com\/cms\/noticias\/victor-bedrossian-buscamos-pensar-en-el-largo-plazo\/\"},\"author\":{\"name\":\"Redactores Padre y Decano\",\"@id\":\"https:\/\/www.padreydecano.com\/cms\/#\/schema\/person\/37aae8f93aa78e4c5385497f056e3246\"},\"headline\":\"V\u00edctor Bedrossian: \u00abBuscamos pensar en el largo plazo\u00bb\",\"datePublished\":\"2019-01-07T12:00:31+00:00\",\"dateModified\":\"2019-01-09T14:40:35+00:00\",\"mainEntityOfPage\":{\"@id\":\"https:\/\/www.padreydecano.com\/cms\/noticias\/victor-bedrossian-buscamos-pensar-en-el-largo-plazo\/\"},\"wordCount\":1075,\"commentCount\":4,\"publisher\":{\"@id\":\"https:\/\/www.padreydecano.com\/cms\/#organization\"},\"image\":{\"@id\":\"https:\/\/www.padreydecano.com\/cms\/noticias\/victor-bedrossian-buscamos-pensar-en-el-largo-plazo\/#primaryimage\"},\"thumbnailUrl\":\"https:\/\/www.padreydecano.com\/cms\/wp-content\/uploads\/2019\/01\/2018-05-27-futsal-Pe\u00f1arol-vs-Elbio-Fern\u00e1ndez-Juan-Manuel-Albor\u00e9s-08.jpg\",\"keywords\":[\"Futsal\"],\"articleSection\":[\"Entrevistas\",\"Noticias\",\"Otras disciplinas\"],\"inLanguage\":\"es\",\"potentialAction\":[{\"@type\":\"CommentAction\",\"name\":\"Comment\",\"target\":[\"https:\/\/www.padreydecano.com\/cms\/noticias\/victor-bedrossian-buscamos-pensar-en-el-largo-plazo\/#respond\"]}]},{\"@type\":\"WebPage\",\"@id\":\"https:\/\/www.padreydecano.com\/cms\/noticias\/victor-bedrossian-buscamos-pensar-en-el-largo-plazo\/\",\"url\":\"https:\/\/www.padreydecano.com\/cms\/noticias\/victor-bedrossian-buscamos-pensar-en-el-largo-plazo\/\",\"name\":\"V\u00edctor Bedrossian: \\\"Buscamos pensar en el largo plazo\\\" - Padre y Decano - El Sitio del Pueblo\",\"isPartOf\":{\"@id\":\"https:\/\/www.padreydecano.com\/cms\/#website\"},\"primaryImageOfPage\":{\"@id\":\"https:\/\/www.padreydecano.com\/cms\/noticias\/victor-bedrossian-buscamos-pensar-en-el-largo-plazo\/#primaryimage\"},\"image\":{\"@id\":\"https:\/\/www.padreydecano.com\/cms\/noticias\/victor-bedrossian-buscamos-pensar-en-el-largo-plazo\/#primaryimage\"},\"thumbnailUrl\":\"https:\/\/www.padreydecano.com\/cms\/wp-content\/uploads\/2019\/01\/2018-05-27-futsal-Pe\u00f1arol-vs-Elbio-Fern\u00e1ndez-Juan-Manuel-Albor\u00e9s-08.jpg\",\"datePublished\":\"2019-01-07T12:00:31+00:00\",\"dateModified\":\"2019-01-09T14:40:35+00:00\",\"breadcrumb\":{\"@id\":\"https:\/\/www.padreydecano.com\/cms\/noticias\/victor-bedrossian-buscamos-pensar-en-el-largo-plazo\/#breadcrumb\"},\"inLanguage\":\"es\",\"potentialAction\":[{\"@type\":\"ReadAction\",\"target\":[\"https:\/\/www.padreydecano.com\/cms\/noticias\/victor-bedrossian-buscamos-pensar-en-el-largo-plazo\/\"]}]},{\"@type\":\"ImageObject\",\"inLanguage\":\"es\",\"@id\":\"https:\/\/www.padreydecano.com\/cms\/noticias\/victor-bedrossian-buscamos-pensar-en-el-largo-plazo\/#primaryimage\",\"url\":\"https:\/\/www.padreydecano.com\/cms\/wp-content\/uploads\/2019\/01\/2018-05-27-futsal-Pe\u00f1arol-vs-Elbio-Fern\u00e1ndez-Juan-Manuel-Albor\u00e9s-08.jpg\",\"contentUrl\":\"https:\/\/www.padreydecano.com\/cms\/wp-content\/uploads\/2019\/01\/2018-05-27-futsal-Pe\u00f1arol-vs-Elbio-Fern\u00e1ndez-Juan-Manuel-Albor\u00e9s-08.jpg\",\"width\":1100,\"height\":676},{\"@type\":\"BreadcrumbList\",\"@id\":\"https:\/\/www.padreydecano.com\/cms\/noticias\/victor-bedrossian-buscamos-pensar-en-el-largo-plazo\/#breadcrumb\",\"itemListElement\":[{\"@type\":\"ListItem\",\"position\":1,\"name\":\"Portada\",\"item\":\"https:\/\/www.padreydecano.com\/cms\/\"},{\"@type\":\"ListItem\",\"position\":2,\"name\":\"V\u00edctor Bedrossian: \u00abBuscamos pensar en el largo plazo\u00bb\"}]},{\"@type\":\"WebSite\",\"@id\":\"https:\/\/www.padreydecano.com\/cms\/#website\",\"url\":\"https:\/\/www.padreydecano.com\/cms\/\",\"name\":\"Padre y Decano - El Sitio del Pueblo\",\"description\":\"Club Atl\u00e9tico Pe\u00f1arol\",\"publisher\":{\"@id\":\"https:\/\/www.padreydecano.com\/cms\/#organization\"},\"potentialAction\":[{\"@type\":\"SearchAction\",\"target\":{\"@type\":\"EntryPoint\",\"urlTemplate\":\"https:\/\/www.padreydecano.com\/cms\/?s={search_term_string}\"},\"query-input\":\"required name=search_term_string\"}],\"inLanguage\":\"es\"},{\"@type\":\"Organization\",\"@id\":\"https:\/\/www.padreydecano.com\/cms\/#organization\",\"name\":\"Padre y Decano\",\"url\":\"https:\/\/www.padreydecano.com\/cms\/\",\"logo\":{\"@type\":\"ImageObject\",\"inLanguage\":\"es\",\"@id\":\"https:\/\/www.padreydecano.com\/cms\/#\/schema\/logo\/image\/\",\"url\":\"https:\/\/www.padreydecano.com\/cms\/wp-content\/uploads\/2022\/01\/avatar-square.png\",\"contentUrl\":\"https:\/\/www.padreydecano.com\/cms\/wp-content\/uploads\/2022\/01\/avatar-square.png\",\"width\":1500,\"height\":1500,\"caption\":\"Padre y Decano\"},\"image\":{\"@id\":\"https:\/\/www.padreydecano.com\/cms\/#\/schema\/logo\/image\/\"}},{\"@type\":\"Person\",\"@id\":\"https:\/\/www.padreydecano.com\/cms\/#\/schema\/person\/37aae8f93aa78e4c5385497f056e3246\",\"name\":\"Redactores Padre y Decano\",\"image\":{\"@type\":\"ImageObject\",\"inLanguage\":\"es\",\"@id\":\"https:\/\/www.padreydecano.com\/cms\/#\/schema\/person\/image\/\",\"url\":\"https:\/\/secure.gravatar.com\/avatar\/8810c4b9081192b118b104af54549af8?s=96&d=https%3A%2F%2Fpadreydecano.com%2Fcms%2Fwp-content%2Fthemes%2Fpyd-theme%2Fimg%2Fdefault-avatar.png&r=g\",\"contentUrl\":\"https:\/\/secure.gravatar.com\/avatar\/8810c4b9081192b118b104af54549af8?s=96&d=https%3A%2F%2Fpadreydecano.com%2Fcms%2Fwp-content%2Fthemes%2Fpyd-theme%2Fimg%2Fdefault-avatar.png&r=g\",\"caption\":\"Redactores Padre y Decano\"},\"sameAs\":[\"http:\/\/www.padreydecano.com\"]}]}<\/script>\n<!-- \/ Yoast SEO plugin. -->","yoast_head_json":{"title":"V\u00edctor Bedrossian: \"Buscamos pensar en el largo plazo\" - Padre y Decano - El Sitio del Pueblo","robots":{"index":"index","follow":"follow","max-snippet":"max-snippet:-1","max-image-preview":"max-image-preview:large","max-video-preview":"max-video-preview:-1"},"canonical":"https:\/\/www.padreydecano.com\/cms\/noticias\/victor-bedrossian-buscamos-pensar-en-el-largo-plazo\/","og_locale":"es_ES","og_type":"article","og_title":"V\u00edctor Bedrossian: \"Buscamos pensar en el largo plazo\" - Padre y Decano - El Sitio del Pueblo","og_description":"Padre y Decano dialog\u00f3 con V\u00edctor Bedrossian, actual presidente del F\u00fatbol Sala del Club Atl\u00e9tico Pe\u00f1arol. All\u00ed cont\u00f3 los detalles del nuevo entrenador, un balance del 2018 y futuros proyectos a llevar a cabo en los pr\u00f3ximos meses. Gustavo S\u00e1nchez, el nuevo entrenador del Futsal masculino de primera divisi\u00f3n:\u00a0\u00abGustavo busca mucha intensidad en sus equipos. [&hellip;]","og_url":"https:\/\/www.padreydecano.com\/cms\/noticias\/victor-bedrossian-buscamos-pensar-en-el-largo-plazo\/","og_site_name":"Padre y Decano - El Sitio del Pueblo","article_published_time":"2019-01-07T12:00:31+00:00","article_modified_time":"2019-01-09T14:40:35+00:00","og_image":[{"width":1100,"height":676,"url":"https:\/\/www.padreydecano.com\/cms\/wp-content\/uploads\/2019\/01\/2018-05-27-futsal-Pe\u00f1arol-vs-Elbio-Fern\u00e1ndez-Juan-Manuel-Albor\u00e9s-08.jpg","type":"image\/jpeg"}],"author":"Redactores Padre y Decano","twitter_card":"summary_large_image","twitter_misc":{"Escrito por":"Redactores Padre y Decano","Tiempo de lectura":"5 minutos"},"schema":{"@context":"https:\/\/schema.org","@graph":[{"@type":"Article","@id":"https:\/\/www.padreydecano.com\/cms\/noticias\/victor-bedrossian-buscamos-pensar-en-el-largo-plazo\/#article","isPartOf":{"@id":"https:\/\/www.padreydecano.com\/cms\/noticias\/victor-bedrossian-buscamos-pensar-en-el-largo-plazo\/"},"author":{"name":"Redactores Padre y Decano","@id":"https:\/\/www.padreydecano.com\/cms\/#\/schema\/person\/37aae8f93aa78e4c5385497f056e3246"},"headline":"V\u00edctor Bedrossian: \u00abBuscamos pensar en el largo plazo\u00bb","datePublished":"2019-01-07T12:00:31+00:00","dateModified":"2019-01-09T14:40:35+00:00","mainEntityOfPage":{"@id":"https:\/\/www.padreydecano.com\/cms\/noticias\/victor-bedrossian-buscamos-pensar-en-el-largo-plazo\/"},"wordCount":1075,"commentCount":4,"publisher":{"@id":"https:\/\/www.padreydecano.com\/cms\/#organization"},"image":{"@id":"https:\/\/www.padreydecano.com\/cms\/noticias\/victor-bedrossian-buscamos-pensar-en-el-largo-plazo\/#primaryimage"},"thumbnailUrl":"https:\/\/www.padreydecano.com\/cms\/wp-content\/uploads\/2019\/01\/2018-05-27-futsal-Pe\u00f1arol-vs-Elbio-Fern\u00e1ndez-Juan-Manuel-Albor\u00e9s-08.jpg","keywords":["Futsal"],"articleSection":["Entrevistas","Noticias","Otras disciplinas"],"inLanguage":"es","potentialAction":[{"@type":"CommentAction","name":"Comment","target":["https:\/\/www.padreydecano.com\/cms\/noticias\/victor-bedrossian-buscamos-pensar-en-el-largo-plazo\/#respond"]}]},{"@type":"WebPage","@id":"https:\/\/www.padreydecano.com\/cms\/noticias\/victor-bedrossian-buscamos-pensar-en-el-largo-plazo\/","url":"https:\/\/www.padreydecano.com\/cms\/noticias\/victor-bedrossian-buscamos-pensar-en-el-largo-plazo\/","name":"V\u00edctor Bedrossian: \"Buscamos pensar en el largo plazo\" - Padre y Decano - El Sitio del Pueblo","isPartOf":{"@id":"https:\/\/www.padreydecano.com\/cms\/#website"},"primaryImageOfPage":{"@id":"https:\/\/www.padreydecano.com\/cms\/noticias\/victor-bedrossian-buscamos-pensar-en-el-largo-plazo\/#primaryimage"},"image":{"@id":"https:\/\/www.padreydecano.com\/cms\/noticias\/victor-bedrossian-buscamos-pensar-en-el-largo-plazo\/#primaryimage"},"thumbnailUrl":"https:\/\/www.padreydecano.com\/cms\/wp-content\/uploads\/2019\/01\/2018-05-27-futsal-Pe\u00f1arol-vs-Elbio-Fern\u00e1ndez-Juan-Manuel-Albor\u00e9s-08.jpg","datePublished":"2019-01-07T12:00:31+00:00","dateModified":"2019-01-09T14:40:35+00:00","breadcrumb":{"@id":"https:\/\/www.padreydecano.com\/cms\/noticias\/victor-bedrossian-buscamos-pensar-en-el-largo-plazo\/#breadcrumb"},"inLanguage":"es","potentialAction":[{"@type":"ReadAction","target":["https:\/\/www.padreydecano.com\/cms\/noticias\/victor-bedrossian-buscamos-pensar-en-el-largo-plazo\/"]}]},{"@type":"ImageObject","inLanguage":"es","@id":"https:\/\/www.padreydecano.com\/cms\/noticias\/victor-bedrossian-buscamos-pensar-en-el-largo-plazo\/#primaryimage","url":"https:\/\/www.padreydecano.com\/cms\/wp-content\/uploads\/2019\/01\/2018-05-27-futsal-Pe\u00f1arol-vs-Elbio-Fern\u00e1ndez-Juan-Manuel-Albor\u00e9s-08.jpg","contentUrl":"https:\/\/www.padreydecano.com\/cms\/wp-content\/uploads\/2019\/01\/2018-05-27-futsal-Pe\u00f1arol-vs-Elbio-Fern\u00e1ndez-Juan-Manuel-Albor\u00e9s-08.jpg","width":1100,"height":676},{"@type":"BreadcrumbList","@id":"https:\/\/www.padreydecano.com\/cms\/noticias\/victor-bedrossian-buscamos-pensar-en-el-largo-plazo\/#breadcrumb","itemListElement":[{"@type":"ListItem","position":1,"name":"Portada","item":"https:\/\/www.padreydecano.com\/cms\/"},{"@type":"ListItem","position":2,"name":"V\u00edctor Bedrossian: \u00abBuscamos pensar en el largo plazo\u00bb"}]},{"@type":"WebSite","@id":"https:\/\/www.padreydecano.com\/cms\/#website","url":"https:\/\/www.padreydecano.com\/cms\/","name":"Padre y Decano - El Sitio del Pueblo","description":"Club Atl\u00e9tico Pe\u00f1arol","publisher":{"@id":"https:\/\/www.padreydecano.com\/cms\/#organization"},"potentialAction":[{"@type":"SearchAction","target":{"@type":"EntryPoint","urlTemplate":"https:\/\/www.padreydecano.com\/cms\/?s={search_term_string}"},"query-input":"required name=search_term_string"}],"inLanguage":"es"},{"@type":"Organization","@id":"https:\/\/www.padreydecano.com\/cms\/#organization","name":"Padre y Decano","url":"https:\/\/www.padreydecano.com\/cms\/","logo":{"@type":"ImageObject","inLanguage":"es","@id":"https:\/\/www.padreydecano.com\/cms\/#\/schema\/logo\/image\/","url":"https:\/\/www.padreydecano.com\/cms\/wp-content\/uploads\/2022\/01\/avatar-square.png","contentUrl":"https:\/\/www.padreydecano.com\/cms\/wp-content\/uploads\/2022\/01\/avatar-square.png","width":1500,"height":1500,"caption":"Padre y Decano"},"image":{"@id":"https:\/\/www.padreydecano.com\/cms\/#\/schema\/logo\/image\/"}},{"@type":"Person","@id":"https:\/\/www.padreydecano.com\/cms\/#\/schema\/person\/37aae8f93aa78e4c5385497f056e3246","name":"Redactores Padre y Decano","image":{"@type":"ImageObject","inLanguage":"es","@id":"https:\/\/www.padreydecano.com\/cms\/#\/schema\/person\/image\/","url":"https:\/\/secure.gravatar.com\/avatar\/8810c4b9081192b118b104af54549af8?s=96&d=https%3A%2F%2Fpadreydecano.com%2Fcms%2Fwp-content%2Fthemes%2Fpyd-theme%2Fimg%2Fdefault-avatar.png&r=g","contentUrl":"https:\/\/secure.gravatar.com\/avatar\/8810c4b9081192b118b104af54549af8?s=96&d=https%3A%2F%2Fpadreydecano.com%2Fcms%2Fwp-content%2Fthemes%2Fpyd-theme%2Fimg%2Fdefault-avatar.png&r=g","caption":"Redactores Padre y Decano"},"sameAs":["http:\/\/www.padreydecano.com"]}]}},"_links":{"self":[{"href":"https:\/\/www.padreydecano.com\/cms\/wp-json\/wp\/v2\/posts\/69533"}],"collection":[{"href":"https:\/\/www.padreydecano.com\/cms\/wp-json\/wp\/v2\/posts"}],"about":[{"href":"https:\/\/www.padreydecano.com\/cms\/wp-json\/wp\/v2\/types\/post"}],"author":[{"embeddable":true,"href":"https:\/\/www.padreydecano.com\/cms\/wp-json\/wp\/v2\/users\/27"}],"replies":[{"embeddable":true,"href":"https:\/\/www.padreydecano.com\/cms\/wp-json\/wp\/v2\/comments?post=69533"}],"version-history":[{"count":0,"href":"https:\/\/www.padreydecano.com\/cms\/wp-json\/wp\/v2\/posts\/69533\/revisions"}],"wp:featuredmedia":[{"embeddable":true,"href":"https:\/\/www.padreydecano.com\/cms\/wp-json\/wp\/v2\/media\/69541"}],"wp:attachment":[{"href":"https:\/\/www.padreydecano.com\/cms\/wp-json\/wp\/v2\/media?parent=69533"}],"wp:term":[{"taxonomy":"category","embeddable":true,"href":"https:\/\/www.padreydecano.com\/cms\/wp-json\/wp\/v2\/categories?post=69533"},{"taxonomy":"post_tag","embeddable":true,"href":"https:\/\/www.padreydecano.com\/cms\/wp-json\/wp\/v2\/tags?post=69533"}],"curies":[{"name":"wp","href":"https:\/\/api.w.org\/{rel}","templated":true}]}}