{"id":69470,"date":"2018-12-28T14:31:28","date_gmt":"2018-12-28T17:31:28","guid":{"rendered":"http:\/\/www.padreydecano.com\/cms\/?p=69470"},"modified":"2018-12-30T16:57:19","modified_gmt":"2018-12-30T19:57:19","slug":"la-salida-de-maxi","status":"publish","type":"post","link":"https:\/\/www.padreydecano.com\/cms\/noticias\/la-salida-de-maxi\/","title":{"rendered":"La salida de Maxi"},"content":{"rendered":"<p><img loading=\"lazy\" decoding=\"async\" class=\"alignnone wp-image-69459 size-full\" src=\"https:\/\/www.padreydecano.com\/cms\/wp-content\/uploads\/2018\/12\/maxi-presentacion-.png\" alt=\"\" width=\"1275\" height=\"850\" srcset=\"https:\/\/www.padreydecano.com\/cms\/wp-content\/uploads\/2018\/12\/maxi-presentacion-.png 1275w, https:\/\/www.padreydecano.com\/cms\/wp-content\/uploads\/2018\/12\/maxi-presentacion--600x400.png 600w, https:\/\/www.padreydecano.com\/cms\/wp-content\/uploads\/2018\/12\/maxi-presentacion--768x512.png 768w, https:\/\/www.padreydecano.com\/cms\/wp-content\/uploads\/2018\/12\/maxi-presentacion--1024x683.png 1024w\" sizes=\"(max-width: 1275px) 100vw, 1275px\" \/><\/p>\n<p style=\"text-align: justify;\"><strong>Maximiliano Rodr\u00edguez dej\u00f3 Pe\u00f1arol luego de conversar con el presidente aurinegro. La mayor\u00eda de la dirigencia mantuvo la postura de que el rosarino se quedar\u00eda en el club decano, pese a las pistas de su retorno a Newells.<\/strong><\/p>\n<p style=\"text-align: justify;\">La historia de la vuelta de \u201cLa Fiera\u201d al club leproso comenz\u00f3 en la previa del encuentro entre los carboneros y Progreso por la pen\u00faltima fecha del Torneo Clausura 2018, cuando varios periodistas publicaron que el futbolista volver\u00eda a la entidad que lo vio nacer.<\/p>\n<p style=\"text-align: justify;\">Luego de su importante anotaci\u00f3n ante los gauchos del Pantanoso en el Estadio Campe\u00f3n Del Siglo, que permiti\u00f3 que los mirasoles lograran el certamen, el jugador fue consultado por las versiones period\u00edsticas que lo alejaban de Pe\u00f1arol. Su respuesta fue clara: \u201cno hable con nadie\u201d.<\/p>\n<p style=\"text-align: justify;\">Hace un mes, el periodista Julio R\u00edos en Las Voces Del F\u00fatbol, Radio 1010 AM dijo, \u201cel dato que me dieron fue que la esposa de Maxi Rodr\u00edguez se despidi\u00f3 de su grupo de amigas en Montevideo\u201d. <strong>La versi\u00f3n que tienen los dirigentes aurinegros es que la decisi\u00f3n la tom\u00f3 luego de una charla con el entrenador Diego L\u00f3pez, donde el rosarino manifest\u00f3 querer tener m\u00e1s minutos en cancha en la temporada 2019. Algo que el entrenador no puede asegurarle a ning\u00fan jugador.<\/strong><\/p>\n<p style=\"text-align: justify;\">Un ex jugador de Pe\u00f1arol manifest\u00f3 que no es habitual que un futbolista le pida al t\u00e9cnico m\u00e1s minutos en cancha. La \u00fanica realidad es que Maximiliano Rodr\u00edguez no jugar\u00e1 m\u00e1s en Pe\u00f1arol, donde obtuvo dos Campeonatos Uruguayos y una Supercopa y no perdi\u00f3 cl\u00e1sicos oficiales.<br \/>\n<div class=\"user-wrapper\"><a class=\"userlink\" href=\"https:\/\/twitter.com\/wilsonmendez86\" target=\"_blank\"><figure><img decoding=\"async\" src=\"http:\/\/www.padreydecano.com\/cms\/wp-users-files\/postfirmas\/wilsonmendez86.jpg\" \/><\/figure><p class=\"user\"><strong>Wilson M&eacute;ndez<\/strong><br \/>@wilsonmendez86<\/p><\/a><\/div><\/p>\n","protected":false},"excerpt":{"rendered":"<p>Maximiliano Rodr\u00edguez dej\u00f3 Pe\u00f1arol luego de conversar con el presidente aurinegro. La mayor\u00eda de la dirigencia mantuvo la postura de que el rosarino se quedar\u00eda en el club decano, pese a las pistas de su retorno a Newells. La historia de la vuelta de \u201cLa Fiera\u201d al club leproso comenz\u00f3 en la previa del encuentro [&hellip;]<\/p>\n","protected":false},"author":29,"featured_media":69459,"comment_status":"open","ping_status":"closed","sticky":false,"template":"","format":"standard","meta":{"footnotes":""},"categories":[1],"tags":[],"yoast_head":"<!-- This site is optimized with the Yoast SEO plugin v23.2 - https:\/\/yoast.com\/wordpress\/plugins\/seo\/ -->\n<title>La salida de Maxi - Padre y Decano - El Sitio del Pueblo<\/title>\n<meta name=\"robots\" content=\"index, follow, max-snippet:-1, max-image-preview:large, max-video-preview:-1\" \/>\n<link rel=\"canonical\" href=\"https:\/\/www.padreydecano.com\/cms\/noticias\/la-salida-de-maxi\/\" \/>\n<meta property=\"og:locale\" content=\"es_ES\" \/>\n<meta property=\"og:type\" content=\"article\" \/>\n<meta property=\"og:title\" content=\"La salida de Maxi - Padre y Decano - El Sitio del Pueblo\" \/>\n<meta property=\"og:description\" content=\"Maximiliano Rodr\u00edguez dej\u00f3 Pe\u00f1arol luego de conversar con el presidente aurinegro. La mayor\u00eda de la dirigencia mantuvo la postura de que el rosarino se quedar\u00eda en el club decano, pese a las pistas de su retorno a Newells. La historia de la vuelta de \u201cLa Fiera\u201d al club leproso comenz\u00f3 en la previa del encuentro [&hellip;]\" \/>\n<meta property=\"og:url\" content=\"https:\/\/www.padreydecano.com\/cms\/noticias\/la-salida-de-maxi\/\" \/>\n<meta property=\"og:site_name\" content=\"Padre y Decano - El Sitio del Pueblo\" \/>\n<meta property=\"article:published_time\" content=\"2018-12-28T17:31:28+00:00\" \/>\n<meta property=\"article:modified_time\" content=\"2018-12-30T19:57:19+00:00\" \/>\n<meta property=\"og:image\" content=\"https:\/\/www.padreydecano.com\/cms\/wp-content\/uploads\/2018\/12\/maxi-presentacion-.png\" \/>\n\t<meta property=\"og:image:width\" content=\"1275\" \/>\n\t<meta property=\"og:image:height\" content=\"850\" \/>\n\t<meta property=\"og:image:type\" content=\"image\/png\" \/>\n<meta name=\"author\" content=\"Dominique Lazogue\" \/>\n<meta name=\"twitter:card\" content=\"summary_large_image\" \/>\n<meta name=\"twitter:label1\" content=\"Escrito por\" \/>\n\t<meta name=\"twitter:data1\" content=\"Dominique Lazogue\" \/>\n\t<meta name=\"twitter:label2\" content=\"Tiempo de lectura\" \/>\n\t<meta name=\"twitter:data2\" content=\"1 minuto\" \/>\n<script type=\"application\/ld+json\" class=\"yoast-schema-graph\">{\"@context\":\"https:\/\/schema.org\",\"@graph\":[{\"@type\":\"Article\",\"@id\":\"https:\/\/www.padreydecano.com\/cms\/noticias\/la-salida-de-maxi\/#article\",\"isPartOf\":{\"@id\":\"https:\/\/www.padreydecano.com\/cms\/noticias\/la-salida-de-maxi\/\"},\"author\":{\"name\":\"Dominique Lazogue\",\"@id\":\"https:\/\/www.padreydecano.com\/cms\/#\/schema\/person\/78bbcf157d3baa2da873a0ccb82b197a\"},\"headline\":\"La salida de Maxi\",\"datePublished\":\"2018-12-28T17:31:28+00:00\",\"dateModified\":\"2018-12-30T19:57:19+00:00\",\"mainEntityOfPage\":{\"@id\":\"https:\/\/www.padreydecano.com\/cms\/noticias\/la-salida-de-maxi\/\"},\"wordCount\":284,\"commentCount\":47,\"publisher\":{\"@id\":\"https:\/\/www.padreydecano.com\/cms\/#organization\"},\"image\":{\"@id\":\"https:\/\/www.padreydecano.com\/cms\/noticias\/la-salida-de-maxi\/#primaryimage\"},\"thumbnailUrl\":\"https:\/\/www.padreydecano.com\/cms\/wp-content\/uploads\/2018\/12\/maxi-presentacion-.png\",\"articleSection\":[\"Noticias\"],\"inLanguage\":\"es\",\"potentialAction\":[{\"@type\":\"CommentAction\",\"name\":\"Comment\",\"target\":[\"https:\/\/www.padreydecano.com\/cms\/noticias\/la-salida-de-maxi\/#respond\"]}]},{\"@type\":\"WebPage\",\"@id\":\"https:\/\/www.padreydecano.com\/cms\/noticias\/la-salida-de-maxi\/\",\"url\":\"https:\/\/www.padreydecano.com\/cms\/noticias\/la-salida-de-maxi\/\",\"name\":\"La salida de Maxi - Padre y Decano - El Sitio del Pueblo\",\"isPartOf\":{\"@id\":\"https:\/\/www.padreydecano.com\/cms\/#website\"},\"primaryImageOfPage\":{\"@id\":\"https:\/\/www.padreydecano.com\/cms\/noticias\/la-salida-de-maxi\/#primaryimage\"},\"image\":{\"@id\":\"https:\/\/www.padreydecano.com\/cms\/noticias\/la-salida-de-maxi\/#primaryimage\"},\"thumbnailUrl\":\"https:\/\/www.padreydecano.com\/cms\/wp-content\/uploads\/2018\/12\/maxi-presentacion-.png\",\"datePublished\":\"2018-12-28T17:31:28+00:00\",\"dateModified\":\"2018-12-30T19:57:19+00:00\",\"breadcrumb\":{\"@id\":\"https:\/\/www.padreydecano.com\/cms\/noticias\/la-salida-de-maxi\/#breadcrumb\"},\"inLanguage\":\"es\",\"potentialAction\":[{\"@type\":\"ReadAction\",\"target\":[\"https:\/\/www.padreydecano.com\/cms\/noticias\/la-salida-de-maxi\/\"]}]},{\"@type\":\"ImageObject\",\"inLanguage\":\"es\",\"@id\":\"https:\/\/www.padreydecano.com\/cms\/noticias\/la-salida-de-maxi\/#primaryimage\",\"url\":\"https:\/\/www.padreydecano.com\/cms\/wp-content\/uploads\/2018\/12\/maxi-presentacion-.png\",\"contentUrl\":\"https:\/\/www.padreydecano.com\/cms\/wp-content\/uploads\/2018\/12\/maxi-presentacion-.png\",\"width\":1275,\"height\":850},{\"@type\":\"BreadcrumbList\",\"@id\":\"https:\/\/www.padreydecano.com\/cms\/noticias\/la-salida-de-maxi\/#breadcrumb\",\"itemListElement\":[{\"@type\":\"ListItem\",\"position\":1,\"name\":\"Portada\",\"item\":\"https:\/\/www.padreydecano.com\/cms\/\"},{\"@type\":\"ListItem\",\"position\":2,\"name\":\"La salida de Maxi\"}]},{\"@type\":\"WebSite\",\"@id\":\"https:\/\/www.padreydecano.com\/cms\/#website\",\"url\":\"https:\/\/www.padreydecano.com\/cms\/\",\"name\":\"Padre y Decano - El Sitio del Pueblo\",\"description\":\"Club Atl\u00e9tico Pe\u00f1arol\",\"publisher\":{\"@id\":\"https:\/\/www.padreydecano.com\/cms\/#organization\"},\"potentialAction\":[{\"@type\":\"SearchAction\",\"target\":{\"@type\":\"EntryPoint\",\"urlTemplate\":\"https:\/\/www.padreydecano.com\/cms\/?s={search_term_string}\"},\"query-input\":\"required name=search_term_string\"}],\"inLanguage\":\"es\"},{\"@type\":\"Organization\",\"@id\":\"https:\/\/www.padreydecano.com\/cms\/#organization\",\"name\":\"Padre y Decano\",\"url\":\"https:\/\/www.padreydecano.com\/cms\/\",\"logo\":{\"@type\":\"ImageObject\",\"inLanguage\":\"es\",\"@id\":\"https:\/\/www.padreydecano.com\/cms\/#\/schema\/logo\/image\/\",\"url\":\"https:\/\/www.padreydecano.com\/cms\/wp-content\/uploads\/2022\/01\/avatar-square.png\",\"contentUrl\":\"https:\/\/www.padreydecano.com\/cms\/wp-content\/uploads\/2022\/01\/avatar-square.png\",\"width\":1500,\"height\":1500,\"caption\":\"Padre y Decano\"},\"image\":{\"@id\":\"https:\/\/www.padreydecano.com\/cms\/#\/schema\/logo\/image\/\"}},{\"@type\":\"Person\",\"@id\":\"https:\/\/www.padreydecano.com\/cms\/#\/schema\/person\/78bbcf157d3baa2da873a0ccb82b197a\",\"name\":\"Dominique Lazogue\",\"image\":{\"@type\":\"ImageObject\",\"inLanguage\":\"es\",\"@id\":\"https:\/\/www.padreydecano.com\/cms\/#\/schema\/person\/image\/\",\"url\":\"https:\/\/secure.gravatar.com\/avatar\/ade9d04e941b808d29f0ba7153300a4b?s=96&d=https%3A%2F%2Fpadreydecano.com%2Fcms%2Fwp-content%2Fthemes%2Fpyd-theme%2Fimg%2Fdefault-avatar.png&r=g\",\"contentUrl\":\"https:\/\/secure.gravatar.com\/avatar\/ade9d04e941b808d29f0ba7153300a4b?s=96&d=https%3A%2F%2Fpadreydecano.com%2Fcms%2Fwp-content%2Fthemes%2Fpyd-theme%2Fimg%2Fdefault-avatar.png&r=g\",\"caption\":\"Dominique Lazogue\"}}]}<\/script>\n<!-- \/ Yoast SEO plugin. -->","yoast_head_json":{"title":"La salida de Maxi - Padre y Decano - El Sitio del Pueblo","robots":{"index":"index","follow":"follow","max-snippet":"max-snippet:-1","max-image-preview":"max-image-preview:large","max-video-preview":"max-video-preview:-1"},"canonical":"https:\/\/www.padreydecano.com\/cms\/noticias\/la-salida-de-maxi\/","og_locale":"es_ES","og_type":"article","og_title":"La salida de Maxi - Padre y Decano - El Sitio del Pueblo","og_description":"Maximiliano Rodr\u00edguez dej\u00f3 Pe\u00f1arol luego de conversar con el presidente aurinegro. La mayor\u00eda de la dirigencia mantuvo la postura de que el rosarino se quedar\u00eda en el club decano, pese a las pistas de su retorno a Newells. La historia de la vuelta de \u201cLa Fiera\u201d al club leproso comenz\u00f3 en la previa del encuentro [&hellip;]","og_url":"https:\/\/www.padreydecano.com\/cms\/noticias\/la-salida-de-maxi\/","og_site_name":"Padre y Decano - El Sitio del Pueblo","article_published_time":"2018-12-28T17:31:28+00:00","article_modified_time":"2018-12-30T19:57:19+00:00","og_image":[{"width":1275,"height":850,"url":"https:\/\/www.padreydecano.com\/cms\/wp-content\/uploads\/2018\/12\/maxi-presentacion-.png","type":"image\/png"}],"author":"Dominique Lazogue","twitter_card":"summary_large_image","twitter_misc":{"Escrito por":"Dominique Lazogue","Tiempo de lectura":"1 minuto"},"schema":{"@context":"https:\/\/schema.org","@graph":[{"@type":"Article","@id":"https:\/\/www.padreydecano.com\/cms\/noticias\/la-salida-de-maxi\/#article","isPartOf":{"@id":"https:\/\/www.padreydecano.com\/cms\/noticias\/la-salida-de-maxi\/"},"author":{"name":"Dominique Lazogue","@id":"https:\/\/www.padreydecano.com\/cms\/#\/schema\/person\/78bbcf157d3baa2da873a0ccb82b197a"},"headline":"La salida de Maxi","datePublished":"2018-12-28T17:31:28+00:00","dateModified":"2018-12-30T19:57:19+00:00","mainEntityOfPage":{"@id":"https:\/\/www.padreydecano.com\/cms\/noticias\/la-salida-de-maxi\/"},"wordCount":284,"commentCount":47,"publisher":{"@id":"https:\/\/www.padreydecano.com\/cms\/#organization"},"image":{"@id":"https:\/\/www.padreydecano.com\/cms\/noticias\/la-salida-de-maxi\/#primaryimage"},"thumbnailUrl":"https:\/\/www.padreydecano.com\/cms\/wp-content\/uploads\/2018\/12\/maxi-presentacion-.png","articleSection":["Noticias"],"inLanguage":"es","potentialAction":[{"@type":"CommentAction","name":"Comment","target":["https:\/\/www.padreydecano.com\/cms\/noticias\/la-salida-de-maxi\/#respond"]}]},{"@type":"WebPage","@id":"https:\/\/www.padreydecano.com\/cms\/noticias\/la-salida-de-maxi\/","url":"https:\/\/www.padreydecano.com\/cms\/noticias\/la-salida-de-maxi\/","name":"La salida de Maxi - Padre y Decano - El Sitio del Pueblo","isPartOf":{"@id":"https:\/\/www.padreydecano.com\/cms\/#website"},"primaryImageOfPage":{"@id":"https:\/\/www.padreydecano.com\/cms\/noticias\/la-salida-de-maxi\/#primaryimage"},"image":{"@id":"https:\/\/www.padreydecano.com\/cms\/noticias\/la-salida-de-maxi\/#primaryimage"},"thumbnailUrl":"https:\/\/www.padreydecano.com\/cms\/wp-content\/uploads\/2018\/12\/maxi-presentacion-.png","datePublished":"2018-12-28T17:31:28+00:00","dateModified":"2018-12-30T19:57:19+00:00","breadcrumb":{"@id":"https:\/\/www.padreydecano.com\/cms\/noticias\/la-salida-de-maxi\/#breadcrumb"},"inLanguage":"es","potentialAction":[{"@type":"ReadAction","target":["https:\/\/www.padreydecano.com\/cms\/noticias\/la-salida-de-maxi\/"]}]},{"@type":"ImageObject","inLanguage":"es","@id":"https:\/\/www.padreydecano.com\/cms\/noticias\/la-salida-de-maxi\/#primaryimage","url":"https:\/\/www.padreydecano.com\/cms\/wp-content\/uploads\/2018\/12\/maxi-presentacion-.png","contentUrl":"https:\/\/www.padreydecano.com\/cms\/wp-content\/uploads\/2018\/12\/maxi-presentacion-.png","width":1275,"height":850},{"@type":"BreadcrumbList","@id":"https:\/\/www.padreydecano.com\/cms\/noticias\/la-salida-de-maxi\/#breadcrumb","itemListElement":[{"@type":"ListItem","position":1,"name":"Portada","item":"https:\/\/www.padreydecano.com\/cms\/"},{"@type":"ListItem","position":2,"name":"La salida de Maxi"}]},{"@type":"WebSite","@id":"https:\/\/www.padreydecano.com\/cms\/#website","url":"https:\/\/www.padreydecano.com\/cms\/","name":"Padre y Decano - El Sitio del Pueblo","description":"Club Atl\u00e9tico Pe\u00f1arol","publisher":{"@id":"https:\/\/www.padreydecano.com\/cms\/#organization"},"potentialAction":[{"@type":"SearchAction","target":{"@type":"EntryPoint","urlTemplate":"https:\/\/www.padreydecano.com\/cms\/?s={search_term_string}"},"query-input":"required name=search_term_string"}],"inLanguage":"es"},{"@type":"Organization","@id":"https:\/\/www.padreydecano.com\/cms\/#organization","name":"Padre y Decano","url":"https:\/\/www.padreydecano.com\/cms\/","logo":{"@type":"ImageObject","inLanguage":"es","@id":"https:\/\/www.padreydecano.com\/cms\/#\/schema\/logo\/image\/","url":"https:\/\/www.padreydecano.com\/cms\/wp-content\/uploads\/2022\/01\/avatar-square.png","contentUrl":"https:\/\/www.padreydecano.com\/cms\/wp-content\/uploads\/2022\/01\/avatar-square.png","width":1500,"height":1500,"caption":"Padre y Decano"},"image":{"@id":"https:\/\/www.padreydecano.com\/cms\/#\/schema\/logo\/image\/"}},{"@type":"Person","@id":"https:\/\/www.padreydecano.com\/cms\/#\/schema\/person\/78bbcf157d3baa2da873a0ccb82b197a","name":"Dominique Lazogue","image":{"@type":"ImageObject","inLanguage":"es","@id":"https:\/\/www.padreydecano.com\/cms\/#\/schema\/person\/image\/","url":"https:\/\/secure.gravatar.com\/avatar\/ade9d04e941b808d29f0ba7153300a4b?s=96&d=https%3A%2F%2Fpadreydecano.com%2Fcms%2Fwp-content%2Fthemes%2Fpyd-theme%2Fimg%2Fdefault-avatar.png&r=g","contentUrl":"https:\/\/secure.gravatar.com\/avatar\/ade9d04e941b808d29f0ba7153300a4b?s=96&d=https%3A%2F%2Fpadreydecano.com%2Fcms%2Fwp-content%2Fthemes%2Fpyd-theme%2Fimg%2Fdefault-avatar.png&r=g","caption":"Dominique Lazogue"}}]}},"_links":{"self":[{"href":"https:\/\/www.padreydecano.com\/cms\/wp-json\/wp\/v2\/posts\/69470"}],"collection":[{"href":"https:\/\/www.padreydecano.com\/cms\/wp-json\/wp\/v2\/posts"}],"about":[{"href":"https:\/\/www.padreydecano.com\/cms\/wp-json\/wp\/v2\/types\/post"}],"author":[{"embeddable":true,"href":"https:\/\/www.padreydecano.com\/cms\/wp-json\/wp\/v2\/users\/29"}],"replies":[{"embeddable":true,"href":"https:\/\/www.padreydecano.com\/cms\/wp-json\/wp\/v2\/comments?post=69470"}],"version-history":[{"count":0,"href":"https:\/\/www.padreydecano.com\/cms\/wp-json\/wp\/v2\/posts\/69470\/revisions"}],"wp:featuredmedia":[{"embeddable":true,"href":"https:\/\/www.padreydecano.com\/cms\/wp-json\/wp\/v2\/media\/69459"}],"wp:attachment":[{"href":"https:\/\/www.padreydecano.com\/cms\/wp-json\/wp\/v2\/media?parent=69470"}],"wp:term":[{"taxonomy":"category","embeddable":true,"href":"https:\/\/www.padreydecano.com\/cms\/wp-json\/wp\/v2\/categories?post=69470"},{"taxonomy":"post_tag","embeddable":true,"href":"https:\/\/www.padreydecano.com\/cms\/wp-json\/wp\/v2\/tags?post=69470"}],"curies":[{"name":"wp","href":"https:\/\/api.w.org\/{rel}","templated":true}]}}