{"id":69445,"date":"2018-12-21T19:55:43","date_gmt":"2018-12-21T22:55:43","guid":{"rendered":"http:\/\/www.padreydecano.com\/cms\/?p=69445"},"modified":"2018-12-21T19:55:43","modified_gmt":"2018-12-21T22:55:43","slug":"la-pena-mario-saralegui-despidio-el-ano-junto-al-idolo","status":"publish","type":"post","link":"https:\/\/www.padreydecano.com\/cms\/penas\/la-pena-mario-saralegui-despidio-el-ano-junto-al-idolo\/","title":{"rendered":"La Pe\u00f1a \u00abMario Saralegui\u00bb despidi\u00f3 el a\u00f1o junto al \u00eddolo"},"content":{"rendered":"<p style=\"text-align: justify;\"><a href=\"https:\/\/www.padreydecano.com\/cms\/wp-content\/uploads\/2018\/12\/IMG-20181221-WA0018.jpg\" rel=\"shadowbox[sbpost-69445];player=img;\"><img loading=\"lazy\" decoding=\"async\" class=\"aligncenter size-full wp-image-69446\" src=\"https:\/\/www.padreydecano.com\/cms\/wp-content\/uploads\/2018\/12\/IMG-20181221-WA0018.jpg\" alt=\"\" width=\"1600\" height=\"1200\" srcset=\"https:\/\/www.padreydecano.com\/cms\/wp-content\/uploads\/2018\/12\/IMG-20181221-WA0018.jpg 1600w, https:\/\/www.padreydecano.com\/cms\/wp-content\/uploads\/2018\/12\/IMG-20181221-WA0018-600x450.jpg 600w, https:\/\/www.padreydecano.com\/cms\/wp-content\/uploads\/2018\/12\/IMG-20181221-WA0018-768x576.jpg 768w, https:\/\/www.padreydecano.com\/cms\/wp-content\/uploads\/2018\/12\/IMG-20181221-WA0018-1024x768.jpg 1024w\" sizes=\"(max-width: 1600px) 100vw, 1600px\" \/><\/a><\/p>\n<p style=\"text-align: justify;\"><strong>El pasado jueves en &#8216;La casa del exjugador&#8217;, la Pe\u00f1a \u00abMario Saralegui\u00bb (Belvedere y La Teja) despidi\u00f3 el a\u00f1o junto a su s\u00edmbolo. Tambi\u00e9n asistieron el vicepresidente aurinegro Rodolfo Catino, el integrante de la comisi\u00f3n de contrataciones Diego Shaw y el ex jugador mirasol Nelson Marcenaro.<\/strong><\/p>\n<p style=\"text-align: justify;\">Para despedir el a\u00f1o la agrupaci\u00f3n carbonera de Belvedere y La Teja invit\u00f3 a Mario Saralegui, para celebrar dicha ceremonia junto a \u00e9l, quien no solo acept\u00f3 la invitaci\u00f3n sino que tambi\u00e9n invit\u00f3 a la Pe\u00f1a con alimentos.<\/p>\n<p style=\"text-align: justify;\">El festej\u00f3 se llev\u00f3 a cabo en &#8216;La casa del exjugador&#8217;, la Pe\u00f1a se encontr\u00f3 con &#8216;Marito&#8217;, el vicepresidente Rodolfo Catino, Diego Shaw y Nelson Marcenaro. Con ellos los integrantes de la Pe\u00f1a compartieron un momento charlando sobre el club y jugando a los &#8216;dardos&#8217; y al &#8216;futbolito&#8217;. Esta es la segunda importante jornada que se realiz\u00f3 en La Casa.<\/p>\n<p style=\"text-align: justify;\">Anteriormente cuando la Pe\u00f1a festej\u00f3 su primer aniversario se invit\u00f3 a Saralegui pero como se encontraba dirigiendo en Ecuador no pudo asistir, por lo que para esta celebraci\u00f3n se mostr\u00f3 un gran aporte del ex jugador y entrenador carbonero.<\/p>\n<div class=\"user-wrapper\"><a class=\"userlink\"href=\"https:\/\/twitter.com\/ftrucce18\" target=\"_blank\"><figure><img decoding=\"async\" src=\"http:\/\/www.padreydecano.com\/cms\/wp-users-files\/postfirmas\/ftrucce.jpg\" \/><\/figure><p class=\"user\"><strong>Franco Trucce<\/strong><br \/>@FTrucce18<\/p><\/a><\/div>\n","protected":false},"excerpt":{"rendered":"<p>El pasado jueves en &#8216;La casa del exjugador&#8217;, la Pe\u00f1a \u00abMario Saralegui\u00bb (Belvedere y La Teja) despidi\u00f3 el a\u00f1o junto a su s\u00edmbolo. Tambi\u00e9n asistieron el vicepresidente aurinegro Rodolfo Catino, el integrante de la comisi\u00f3n de contrataciones Diego Shaw y el ex jugador mirasol Nelson Marcenaro. Para despedir el a\u00f1o la agrupaci\u00f3n carbonera de Belvedere [&hellip;]<\/p>\n","protected":false},"author":28,"featured_media":69446,"comment_status":"open","ping_status":"closed","sticky":false,"template":"","format":"standard","meta":{"footnotes":""},"categories":[42],"tags":[199],"yoast_head":"<!-- This site is optimized with the Yoast SEO plugin v23.2 - https:\/\/yoast.com\/wordpress\/plugins\/seo\/ -->\n<title>La Pe\u00f1a &quot;Mario Saralegui&quot; despidi\u00f3 el a\u00f1o junto al \u00eddolo - Padre y Decano - El Sitio del Pueblo<\/title>\n<meta name=\"robots\" content=\"index, follow, max-snippet:-1, max-image-preview:large, max-video-preview:-1\" \/>\n<link rel=\"canonical\" href=\"https:\/\/www.padreydecano.com\/cms\/penas\/la-pena-mario-saralegui-despidio-el-ano-junto-al-idolo\/\" \/>\n<meta property=\"og:locale\" content=\"es_ES\" \/>\n<meta property=\"og:type\" content=\"article\" \/>\n<meta property=\"og:title\" content=\"La Pe\u00f1a &quot;Mario Saralegui&quot; despidi\u00f3 el a\u00f1o junto al \u00eddolo - Padre y Decano - El Sitio del Pueblo\" \/>\n<meta property=\"og:description\" content=\"El pasado jueves en &#8216;La casa del exjugador&#8217;, la Pe\u00f1a \u00abMario Saralegui\u00bb (Belvedere y La Teja) despidi\u00f3 el a\u00f1o junto a su s\u00edmbolo. Tambi\u00e9n asistieron el vicepresidente aurinegro Rodolfo Catino, el integrante de la comisi\u00f3n de contrataciones Diego Shaw y el ex jugador mirasol Nelson Marcenaro. Para despedir el a\u00f1o la agrupaci\u00f3n carbonera de Belvedere [&hellip;]\" \/>\n<meta property=\"og:url\" content=\"https:\/\/www.padreydecano.com\/cms\/penas\/la-pena-mario-saralegui-despidio-el-ano-junto-al-idolo\/\" \/>\n<meta property=\"og:site_name\" content=\"Padre y Decano - El Sitio del Pueblo\" \/>\n<meta property=\"article:published_time\" content=\"2018-12-21T22:55:43+00:00\" \/>\n<meta property=\"og:image\" content=\"https:\/\/www.padreydecano.com\/cms\/wp-content\/uploads\/2018\/12\/IMG-20181221-WA0018.jpg\" \/>\n\t<meta property=\"og:image:width\" content=\"1600\" \/>\n\t<meta property=\"og:image:height\" content=\"1200\" \/>\n\t<meta property=\"og:image:type\" content=\"image\/jpeg\" \/>\n<meta name=\"author\" content=\"Gonzalo\" \/>\n<meta name=\"twitter:card\" content=\"summary_large_image\" \/>\n<meta name=\"twitter:label1\" content=\"Escrito por\" \/>\n\t<meta name=\"twitter:data1\" content=\"Gonzalo\" \/>\n\t<meta name=\"twitter:label2\" content=\"Tiempo de lectura\" \/>\n\t<meta name=\"twitter:data2\" content=\"1 minuto\" \/>\n<script type=\"application\/ld+json\" class=\"yoast-schema-graph\">{\"@context\":\"https:\/\/schema.org\",\"@graph\":[{\"@type\":\"Article\",\"@id\":\"https:\/\/www.padreydecano.com\/cms\/penas\/la-pena-mario-saralegui-despidio-el-ano-junto-al-idolo\/#article\",\"isPartOf\":{\"@id\":\"https:\/\/www.padreydecano.com\/cms\/penas\/la-pena-mario-saralegui-despidio-el-ano-junto-al-idolo\/\"},\"author\":{\"name\":\"Gonzalo\",\"@id\":\"https:\/\/www.padreydecano.com\/cms\/#\/schema\/person\/3e2a4cfe3d316ff79509ec21362b322b\"},\"headline\":\"La Pe\u00f1a \u00abMario Saralegui\u00bb despidi\u00f3 el a\u00f1o junto al \u00eddolo\",\"datePublished\":\"2018-12-21T22:55:43+00:00\",\"dateModified\":\"2018-12-21T22:55:43+00:00\",\"mainEntityOfPage\":{\"@id\":\"https:\/\/www.padreydecano.com\/cms\/penas\/la-pena-mario-saralegui-despidio-el-ano-junto-al-idolo\/\"},\"wordCount\":210,\"commentCount\":7,\"publisher\":{\"@id\":\"https:\/\/www.padreydecano.com\/cms\/#organization\"},\"image\":{\"@id\":\"https:\/\/www.padreydecano.com\/cms\/penas\/la-pena-mario-saralegui-despidio-el-ano-junto-al-idolo\/#primaryimage\"},\"thumbnailUrl\":\"https:\/\/www.padreydecano.com\/cms\/wp-content\/uploads\/2018\/12\/IMG-20181221-WA0018.jpg\",\"keywords\":[\"Pe\u00f1as Barriales\"],\"articleSection\":[\"Pe\u00f1as\"],\"inLanguage\":\"es\",\"potentialAction\":[{\"@type\":\"CommentAction\",\"name\":\"Comment\",\"target\":[\"https:\/\/www.padreydecano.com\/cms\/penas\/la-pena-mario-saralegui-despidio-el-ano-junto-al-idolo\/#respond\"]}]},{\"@type\":\"WebPage\",\"@id\":\"https:\/\/www.padreydecano.com\/cms\/penas\/la-pena-mario-saralegui-despidio-el-ano-junto-al-idolo\/\",\"url\":\"https:\/\/www.padreydecano.com\/cms\/penas\/la-pena-mario-saralegui-despidio-el-ano-junto-al-idolo\/\",\"name\":\"La Pe\u00f1a \\\"Mario Saralegui\\\" despidi\u00f3 el a\u00f1o junto al \u00eddolo - Padre y Decano - El Sitio del Pueblo\",\"isPartOf\":{\"@id\":\"https:\/\/www.padreydecano.com\/cms\/#website\"},\"primaryImageOfPage\":{\"@id\":\"https:\/\/www.padreydecano.com\/cms\/penas\/la-pena-mario-saralegui-despidio-el-ano-junto-al-idolo\/#primaryimage\"},\"image\":{\"@id\":\"https:\/\/www.padreydecano.com\/cms\/penas\/la-pena-mario-saralegui-despidio-el-ano-junto-al-idolo\/#primaryimage\"},\"thumbnailUrl\":\"https:\/\/www.padreydecano.com\/cms\/wp-content\/uploads\/2018\/12\/IMG-20181221-WA0018.jpg\",\"datePublished\":\"2018-12-21T22:55:43+00:00\",\"dateModified\":\"2018-12-21T22:55:43+00:00\",\"breadcrumb\":{\"@id\":\"https:\/\/www.padreydecano.com\/cms\/penas\/la-pena-mario-saralegui-despidio-el-ano-junto-al-idolo\/#breadcrumb\"},\"inLanguage\":\"es\",\"potentialAction\":[{\"@type\":\"ReadAction\",\"target\":[\"https:\/\/www.padreydecano.com\/cms\/penas\/la-pena-mario-saralegui-despidio-el-ano-junto-al-idolo\/\"]}]},{\"@type\":\"ImageObject\",\"inLanguage\":\"es\",\"@id\":\"https:\/\/www.padreydecano.com\/cms\/penas\/la-pena-mario-saralegui-despidio-el-ano-junto-al-idolo\/#primaryimage\",\"url\":\"https:\/\/www.padreydecano.com\/cms\/wp-content\/uploads\/2018\/12\/IMG-20181221-WA0018.jpg\",\"contentUrl\":\"https:\/\/www.padreydecano.com\/cms\/wp-content\/uploads\/2018\/12\/IMG-20181221-WA0018.jpg\",\"width\":1600,\"height\":1200},{\"@type\":\"BreadcrumbList\",\"@id\":\"https:\/\/www.padreydecano.com\/cms\/penas\/la-pena-mario-saralegui-despidio-el-ano-junto-al-idolo\/#breadcrumb\",\"itemListElement\":[{\"@type\":\"ListItem\",\"position\":1,\"name\":\"Portada\",\"item\":\"https:\/\/www.padreydecano.com\/cms\/\"},{\"@type\":\"ListItem\",\"position\":2,\"name\":\"La Pe\u00f1a \u00abMario Saralegui\u00bb despidi\u00f3 el a\u00f1o junto al \u00eddolo\"}]},{\"@type\":\"WebSite\",\"@id\":\"https:\/\/www.padreydecano.com\/cms\/#website\",\"url\":\"https:\/\/www.padreydecano.com\/cms\/\",\"name\":\"Padre y Decano - El Sitio del Pueblo\",\"description\":\"Club Atl\u00e9tico Pe\u00f1arol\",\"publisher\":{\"@id\":\"https:\/\/www.padreydecano.com\/cms\/#organization\"},\"potentialAction\":[{\"@type\":\"SearchAction\",\"target\":{\"@type\":\"EntryPoint\",\"urlTemplate\":\"https:\/\/www.padreydecano.com\/cms\/?s={search_term_string}\"},\"query-input\":\"required name=search_term_string\"}],\"inLanguage\":\"es\"},{\"@type\":\"Organization\",\"@id\":\"https:\/\/www.padreydecano.com\/cms\/#organization\",\"name\":\"Padre y Decano\",\"url\":\"https:\/\/www.padreydecano.com\/cms\/\",\"logo\":{\"@type\":\"ImageObject\",\"inLanguage\":\"es\",\"@id\":\"https:\/\/www.padreydecano.com\/cms\/#\/schema\/logo\/image\/\",\"url\":\"https:\/\/www.padreydecano.com\/cms\/wp-content\/uploads\/2022\/01\/avatar-square.png\",\"contentUrl\":\"https:\/\/www.padreydecano.com\/cms\/wp-content\/uploads\/2022\/01\/avatar-square.png\",\"width\":1500,\"height\":1500,\"caption\":\"Padre y Decano\"},\"image\":{\"@id\":\"https:\/\/www.padreydecano.com\/cms\/#\/schema\/logo\/image\/\"}},{\"@type\":\"Person\",\"@id\":\"https:\/\/www.padreydecano.com\/cms\/#\/schema\/person\/3e2a4cfe3d316ff79509ec21362b322b\",\"name\":\"Gonzalo\",\"image\":{\"@type\":\"ImageObject\",\"inLanguage\":\"es\",\"@id\":\"https:\/\/www.padreydecano.com\/cms\/#\/schema\/person\/image\/\",\"url\":\"https:\/\/www.padreydecano.com\/cms\/wp-content\/uploads\/2022\/12\/escudo1997.jpg\",\"contentUrl\":\"https:\/\/www.padreydecano.com\/cms\/wp-content\/uploads\/2022\/12\/escudo1997.jpg\",\"caption\":\"Gonzalo\"}}]}<\/script>\n<!-- \/ Yoast SEO plugin. -->","yoast_head_json":{"title":"La Pe\u00f1a \"Mario Saralegui\" despidi\u00f3 el a\u00f1o junto al \u00eddolo - Padre y Decano - El Sitio del Pueblo","robots":{"index":"index","follow":"follow","max-snippet":"max-snippet:-1","max-image-preview":"max-image-preview:large","max-video-preview":"max-video-preview:-1"},"canonical":"https:\/\/www.padreydecano.com\/cms\/penas\/la-pena-mario-saralegui-despidio-el-ano-junto-al-idolo\/","og_locale":"es_ES","og_type":"article","og_title":"La Pe\u00f1a \"Mario Saralegui\" despidi\u00f3 el a\u00f1o junto al \u00eddolo - Padre y Decano - El Sitio del Pueblo","og_description":"El pasado jueves en &#8216;La casa del exjugador&#8217;, la Pe\u00f1a \u00abMario Saralegui\u00bb (Belvedere y La Teja) despidi\u00f3 el a\u00f1o junto a su s\u00edmbolo. Tambi\u00e9n asistieron el vicepresidente aurinegro Rodolfo Catino, el integrante de la comisi\u00f3n de contrataciones Diego Shaw y el ex jugador mirasol Nelson Marcenaro. Para despedir el a\u00f1o la agrupaci\u00f3n carbonera de Belvedere [&hellip;]","og_url":"https:\/\/www.padreydecano.com\/cms\/penas\/la-pena-mario-saralegui-despidio-el-ano-junto-al-idolo\/","og_site_name":"Padre y Decano - El Sitio del Pueblo","article_published_time":"2018-12-21T22:55:43+00:00","og_image":[{"width":1600,"height":1200,"url":"https:\/\/www.padreydecano.com\/cms\/wp-content\/uploads\/2018\/12\/IMG-20181221-WA0018.jpg","type":"image\/jpeg"}],"author":"Gonzalo","twitter_card":"summary_large_image","twitter_misc":{"Escrito por":"Gonzalo","Tiempo de lectura":"1 minuto"},"schema":{"@context":"https:\/\/schema.org","@graph":[{"@type":"Article","@id":"https:\/\/www.padreydecano.com\/cms\/penas\/la-pena-mario-saralegui-despidio-el-ano-junto-al-idolo\/#article","isPartOf":{"@id":"https:\/\/www.padreydecano.com\/cms\/penas\/la-pena-mario-saralegui-despidio-el-ano-junto-al-idolo\/"},"author":{"name":"Gonzalo","@id":"https:\/\/www.padreydecano.com\/cms\/#\/schema\/person\/3e2a4cfe3d316ff79509ec21362b322b"},"headline":"La Pe\u00f1a \u00abMario Saralegui\u00bb despidi\u00f3 el a\u00f1o junto al \u00eddolo","datePublished":"2018-12-21T22:55:43+00:00","dateModified":"2018-12-21T22:55:43+00:00","mainEntityOfPage":{"@id":"https:\/\/www.padreydecano.com\/cms\/penas\/la-pena-mario-saralegui-despidio-el-ano-junto-al-idolo\/"},"wordCount":210,"commentCount":7,"publisher":{"@id":"https:\/\/www.padreydecano.com\/cms\/#organization"},"image":{"@id":"https:\/\/www.padreydecano.com\/cms\/penas\/la-pena-mario-saralegui-despidio-el-ano-junto-al-idolo\/#primaryimage"},"thumbnailUrl":"https:\/\/www.padreydecano.com\/cms\/wp-content\/uploads\/2018\/12\/IMG-20181221-WA0018.jpg","keywords":["Pe\u00f1as Barriales"],"articleSection":["Pe\u00f1as"],"inLanguage":"es","potentialAction":[{"@type":"CommentAction","name":"Comment","target":["https:\/\/www.padreydecano.com\/cms\/penas\/la-pena-mario-saralegui-despidio-el-ano-junto-al-idolo\/#respond"]}]},{"@type":"WebPage","@id":"https:\/\/www.padreydecano.com\/cms\/penas\/la-pena-mario-saralegui-despidio-el-ano-junto-al-idolo\/","url":"https:\/\/www.padreydecano.com\/cms\/penas\/la-pena-mario-saralegui-despidio-el-ano-junto-al-idolo\/","name":"La Pe\u00f1a \"Mario Saralegui\" despidi\u00f3 el a\u00f1o junto al \u00eddolo - Padre y Decano - El Sitio del Pueblo","isPartOf":{"@id":"https:\/\/www.padreydecano.com\/cms\/#website"},"primaryImageOfPage":{"@id":"https:\/\/www.padreydecano.com\/cms\/penas\/la-pena-mario-saralegui-despidio-el-ano-junto-al-idolo\/#primaryimage"},"image":{"@id":"https:\/\/www.padreydecano.com\/cms\/penas\/la-pena-mario-saralegui-despidio-el-ano-junto-al-idolo\/#primaryimage"},"thumbnailUrl":"https:\/\/www.padreydecano.com\/cms\/wp-content\/uploads\/2018\/12\/IMG-20181221-WA0018.jpg","datePublished":"2018-12-21T22:55:43+00:00","dateModified":"2018-12-21T22:55:43+00:00","breadcrumb":{"@id":"https:\/\/www.padreydecano.com\/cms\/penas\/la-pena-mario-saralegui-despidio-el-ano-junto-al-idolo\/#breadcrumb"},"inLanguage":"es","potentialAction":[{"@type":"ReadAction","target":["https:\/\/www.padreydecano.com\/cms\/penas\/la-pena-mario-saralegui-despidio-el-ano-junto-al-idolo\/"]}]},{"@type":"ImageObject","inLanguage":"es","@id":"https:\/\/www.padreydecano.com\/cms\/penas\/la-pena-mario-saralegui-despidio-el-ano-junto-al-idolo\/#primaryimage","url":"https:\/\/www.padreydecano.com\/cms\/wp-content\/uploads\/2018\/12\/IMG-20181221-WA0018.jpg","contentUrl":"https:\/\/www.padreydecano.com\/cms\/wp-content\/uploads\/2018\/12\/IMG-20181221-WA0018.jpg","width":1600,"height":1200},{"@type":"BreadcrumbList","@id":"https:\/\/www.padreydecano.com\/cms\/penas\/la-pena-mario-saralegui-despidio-el-ano-junto-al-idolo\/#breadcrumb","itemListElement":[{"@type":"ListItem","position":1,"name":"Portada","item":"https:\/\/www.padreydecano.com\/cms\/"},{"@type":"ListItem","position":2,"name":"La Pe\u00f1a \u00abMario Saralegui\u00bb despidi\u00f3 el a\u00f1o junto al \u00eddolo"}]},{"@type":"WebSite","@id":"https:\/\/www.padreydecano.com\/cms\/#website","url":"https:\/\/www.padreydecano.com\/cms\/","name":"Padre y Decano - El Sitio del Pueblo","description":"Club Atl\u00e9tico Pe\u00f1arol","publisher":{"@id":"https:\/\/www.padreydecano.com\/cms\/#organization"},"potentialAction":[{"@type":"SearchAction","target":{"@type":"EntryPoint","urlTemplate":"https:\/\/www.padreydecano.com\/cms\/?s={search_term_string}"},"query-input":"required name=search_term_string"}],"inLanguage":"es"},{"@type":"Organization","@id":"https:\/\/www.padreydecano.com\/cms\/#organization","name":"Padre y Decano","url":"https:\/\/www.padreydecano.com\/cms\/","logo":{"@type":"ImageObject","inLanguage":"es","@id":"https:\/\/www.padreydecano.com\/cms\/#\/schema\/logo\/image\/","url":"https:\/\/www.padreydecano.com\/cms\/wp-content\/uploads\/2022\/01\/avatar-square.png","contentUrl":"https:\/\/www.padreydecano.com\/cms\/wp-content\/uploads\/2022\/01\/avatar-square.png","width":1500,"height":1500,"caption":"Padre y Decano"},"image":{"@id":"https:\/\/www.padreydecano.com\/cms\/#\/schema\/logo\/image\/"}},{"@type":"Person","@id":"https:\/\/www.padreydecano.com\/cms\/#\/schema\/person\/3e2a4cfe3d316ff79509ec21362b322b","name":"Gonzalo","image":{"@type":"ImageObject","inLanguage":"es","@id":"https:\/\/www.padreydecano.com\/cms\/#\/schema\/person\/image\/","url":"https:\/\/www.padreydecano.com\/cms\/wp-content\/uploads\/2022\/12\/escudo1997.jpg","contentUrl":"https:\/\/www.padreydecano.com\/cms\/wp-content\/uploads\/2022\/12\/escudo1997.jpg","caption":"Gonzalo"}}]}},"_links":{"self":[{"href":"https:\/\/www.padreydecano.com\/cms\/wp-json\/wp\/v2\/posts\/69445"}],"collection":[{"href":"https:\/\/www.padreydecano.com\/cms\/wp-json\/wp\/v2\/posts"}],"about":[{"href":"https:\/\/www.padreydecano.com\/cms\/wp-json\/wp\/v2\/types\/post"}],"author":[{"embeddable":true,"href":"https:\/\/www.padreydecano.com\/cms\/wp-json\/wp\/v2\/users\/28"}],"replies":[{"embeddable":true,"href":"https:\/\/www.padreydecano.com\/cms\/wp-json\/wp\/v2\/comments?post=69445"}],"version-history":[{"count":0,"href":"https:\/\/www.padreydecano.com\/cms\/wp-json\/wp\/v2\/posts\/69445\/revisions"}],"wp:featuredmedia":[{"embeddable":true,"href":"https:\/\/www.padreydecano.com\/cms\/wp-json\/wp\/v2\/media\/69446"}],"wp:attachment":[{"href":"https:\/\/www.padreydecano.com\/cms\/wp-json\/wp\/v2\/media?parent=69445"}],"wp:term":[{"taxonomy":"category","embeddable":true,"href":"https:\/\/www.padreydecano.com\/cms\/wp-json\/wp\/v2\/categories?post=69445"},{"taxonomy":"post_tag","embeddable":true,"href":"https:\/\/www.padreydecano.com\/cms\/wp-json\/wp\/v2\/tags?post=69445"}],"curies":[{"name":"wp","href":"https:\/\/api.w.org\/{rel}","templated":true}]}}