{"id":69345,"date":"2018-12-10T15:56:39","date_gmt":"2018-12-10T18:56:39","guid":{"rendered":"http:\/\/www.padreydecano.com\/cms\/?p=69345"},"modified":"2018-12-14T18:40:30","modified_gmt":"2018-12-14T21:40:30","slug":"femenino-penarol-cayo-derrotado-frente-a-colon","status":"publish","type":"post","link":"https:\/\/www.padreydecano.com\/cms\/otras-disciplinas\/femenino-penarol-cayo-derrotado-frente-a-colon\/","title":{"rendered":"Femenino: Pe\u00f1arol cay\u00f3 derrotado frente a Col\u00f3n"},"content":{"rendered":"<p><a href=\"https:\/\/www.padreydecano.com\/cms\/wp-content\/uploads\/2018\/12\/image-2018-12-10-1.jpg\" rel=\"shadowbox[sbpost-69345];player=img;\"><img loading=\"lazy\" decoding=\"async\" class=\"aligncenter size-full wp-image-69352\" src=\"https:\/\/www.padreydecano.com\/cms\/wp-content\/uploads\/2018\/12\/image-2018-12-10-1.jpg\" alt=\"\" width=\"1280\" height=\"853\" srcset=\"https:\/\/www.padreydecano.com\/cms\/wp-content\/uploads\/2018\/12\/image-2018-12-10-1.jpg 1280w, https:\/\/www.padreydecano.com\/cms\/wp-content\/uploads\/2018\/12\/image-2018-12-10-1-600x400.jpg 600w, https:\/\/www.padreydecano.com\/cms\/wp-content\/uploads\/2018\/12\/image-2018-12-10-1-768x512.jpg 768w, https:\/\/www.padreydecano.com\/cms\/wp-content\/uploads\/2018\/12\/image-2018-12-10-1-1024x682.jpg 1024w\" sizes=\"(max-width: 1280px) 100vw, 1280px\" \/><\/a><\/p>\n<p style=\"text-align: justify;\"><strong>Tras la experiencia por la Copa Libertadores disputada en Manaos, las jugadoras aurinegras cayeron derrotadas 4 a 1 en la primera final del Campeonato Uruguayo en el Estadio Charr\u00faa, que no recib\u00eda a Pe\u00f1arol desde el 2011 cuando en f\u00fatbol masculino enfrent\u00f3 a Racing. Pese a un resultado adverso, gracias a la Tabla Anual obtenida, las carboneras tendr\u00e1n la oportunidad de jugar dos finales m\u00e1s. <\/strong><\/p>\n<p style=\"text-align: justify;\">El juego comenz\u00f3 con pocas ideas claras de juego, pero con m\u00e1s intenci\u00f3n para el aurinegro. El carbonero recurri\u00f3 a los balones largos para intentar abrir la defensa rival, pero sin mucha efectividad. A medida que pasaban los minutos, el equipo de Col\u00f3n fue creciendo en juego emparejando el partido. \u00a0A nivel individual Lourdes Viana fue quien m\u00e1s se destac\u00f3 en el ataque aurinegro, mientras que la arquera, Sof\u00eda Olivera, se ven\u00eda mostrando segura salvando el arco en varias ocasiones.<\/p>\n<p><a href=\"https:\/\/www.padreydecano.com\/cms\/wp-content\/uploads\/2018\/12\/image-2018-12-10.jpg\" rel=\"shadowbox[sbpost-69345];player=img;\"><img loading=\"lazy\" decoding=\"async\" class=\"aligncenter size-full wp-image-69353\" src=\"https:\/\/www.padreydecano.com\/cms\/wp-content\/uploads\/2018\/12\/image-2018-12-10.jpg\" alt=\"\" width=\"1280\" height=\"853\" srcset=\"https:\/\/www.padreydecano.com\/cms\/wp-content\/uploads\/2018\/12\/image-2018-12-10.jpg 1280w, https:\/\/www.padreydecano.com\/cms\/wp-content\/uploads\/2018\/12\/image-2018-12-10-600x400.jpg 600w, https:\/\/www.padreydecano.com\/cms\/wp-content\/uploads\/2018\/12\/image-2018-12-10-768x512.jpg 768w, https:\/\/www.padreydecano.com\/cms\/wp-content\/uploads\/2018\/12\/image-2018-12-10-1024x682.jpg 1024w\" sizes=\"(max-width: 1280px) 100vw, 1280px\" \/><\/a><\/p>\n<p style=\"text-align: justify;\">A los 29 minutos Viana logr\u00f3 a trav\u00e9s de la pelota quieta en la esquina izquierda de la cancha colonense, un verdadero golazo gracias al fuerte remate al arco que no se esperaba la arquera rival. En los minutos finales del primer tiempo, Col\u00f3n se lanz\u00f3 al ataque en busca del empate. A falta de cinco minutos para el final del primer tiempo, Pe\u00f1arol se salv\u00f3 luego de que un bal\u00f3n que no pudo controlar la arquera aurinegra llegara a la jugadora de Col\u00f3n que afortunadamente envi\u00f3 lejos del arco carbonero. Ya casi al final del primer tiempo, en un ataque que encontr\u00f3 en mayor\u00eda de jugadores para el rival, tras un disparo al arco que fue rechazado de manera correcta por la guardameta carbonera, el rebote encontr\u00f3 a una jugadora rival que supo empatar el encuentro.<\/p>\n<p style=\"text-align: justify;\">El segundo tiempo fue fatal para las carboneras. A los 51 minutos del partido, un tiro inatajable al \u00e1ngulo izquierdo, puso el encuentro 2 a 1 favorable a Col\u00f3n. A los 13 minutos una mano de la jugadora aurinegra en el \u00e1rea gener\u00f3 un penal. Afortunadamente, el fuerte disparo se fue por encima del travesa\u00f1o y parec\u00eda que esto impulsar\u00eda a las carboneras a buscar como sea el empate. Desafortunadamente, las carboneras no pudieron empatar y a los 25 minutos una corrida por la banda derecha del equipo de Col\u00f3n, culmin\u00f3 en un centro y gol para el rival ya empezando a cerrar el marcador.<\/p>\n<p style=\"text-align: justify;\">Ya al final del encuentro, en tiempo adicional, la jugadora de Col\u00f3n tras eludir a la guardameta y defensoras aurinegras, convirti\u00f3 el cuarto gol cerrando el marcador del encuentro. Queda mucho por trabajar y las chances de las carboneras de lograr el Bicampeonato siguen intactas.<\/p>\n<p style=\"text-align: justify;\"><span style=\"color: #ffcc02;\"><strong>Pr\u00f3ximo partido: <\/strong><\/span><\/p>\n<p style=\"text-align: justify;\">Las finales se disputar\u00e1n mi\u00e9rcoles 12 y el domingo 16. A\u00fan resta saber los detalles de los encuentros que ser\u00e1n definidos por la Mesa Ejecutiva del F\u00fatbol Femenino.<\/p>\n<p style=\"text-align: justify;\"><span style=\"color: #ffcc02;\"><strong>Ficha del partido: <\/strong><\/span><\/p>\n<p style=\"text-align: justify;\"><strong>Titulares: <\/strong>Sof\u00eda Olivera; Alexia da Silva, F\u00e1tima Rivero, Florencia Vicente (85\u2019 Agustina Pereyra) y Lorena Gra\u00f1a; Agustina Ar\u00e1mbulo (85\u2019 Camila Iriarte) y Ximena Velazco; Jemina Rolfo y Denisse Dufau (59\u2019 Mayra Casal); Stefany Su\u00e1rez y Lourdes Viana.<\/p>\n<p style=\"text-align: justify;\"><strong>Suplentes:<\/strong> Catia G\u00f3mez, Agustina Pereyra (85\u2019), Camila Iriarte (85\u2019), Tamy Gares, Mayra Casal (59\u2019) y Kelly Rigau.<\/p>\n<p style=\"text-align: justify;\"><strong>Gol: <\/strong>Lourdes Viana<\/p>\n<p style=\"text-align: right;\">Escrita por <a href=\"https:\/\/twitter.com\/joaquingrana94\" target=\"_blank\" rel=\"noopener\">Joaqu\u00edn Gra\u00f1a<\/a><\/p>\n","protected":false},"excerpt":{"rendered":"<p>Tras la experiencia por la Copa Libertadores disputada en Manaos, las jugadoras aurinegras cayeron derrotadas 4 a 1 en la primera final del Campeonato Uruguayo en el Estadio Charr\u00faa, que no recib\u00eda a Pe\u00f1arol desde el 2011 cuando en f\u00fatbol masculino enfrent\u00f3 a Racing. Pese a un resultado adverso, gracias a la Tabla Anual obtenida, [&hellip;]<\/p>\n","protected":false},"author":27,"featured_media":69352,"comment_status":"open","ping_status":"closed","sticky":false,"template":"","format":"standard","meta":{"footnotes":""},"categories":[27],"tags":[97],"yoast_head":"<!-- This site is optimized with the Yoast SEO plugin v23.2 - https:\/\/yoast.com\/wordpress\/plugins\/seo\/ -->\n<title>Femenino: Pe\u00f1arol cay\u00f3 derrotado frente a Col\u00f3n - Padre y Decano - El Sitio del Pueblo<\/title>\n<meta name=\"robots\" content=\"index, follow, max-snippet:-1, max-image-preview:large, max-video-preview:-1\" \/>\n<link rel=\"canonical\" href=\"https:\/\/www.padreydecano.com\/cms\/otras-disciplinas\/femenino-penarol-cayo-derrotado-frente-a-colon\/\" \/>\n<meta property=\"og:locale\" content=\"es_ES\" \/>\n<meta property=\"og:type\" content=\"article\" \/>\n<meta property=\"og:title\" content=\"Femenino: Pe\u00f1arol cay\u00f3 derrotado frente a Col\u00f3n - Padre y Decano - El Sitio del Pueblo\" \/>\n<meta property=\"og:description\" content=\"Tras la experiencia por la Copa Libertadores disputada en Manaos, las jugadoras aurinegras cayeron derrotadas 4 a 1 en la primera final del Campeonato Uruguayo en el Estadio Charr\u00faa, que no recib\u00eda a Pe\u00f1arol desde el 2011 cuando en f\u00fatbol masculino enfrent\u00f3 a Racing. Pese a un resultado adverso, gracias a la Tabla Anual obtenida, [&hellip;]\" \/>\n<meta property=\"og:url\" content=\"https:\/\/www.padreydecano.com\/cms\/otras-disciplinas\/femenino-penarol-cayo-derrotado-frente-a-colon\/\" \/>\n<meta property=\"og:site_name\" content=\"Padre y Decano - El Sitio del Pueblo\" \/>\n<meta property=\"article:published_time\" content=\"2018-12-10T18:56:39+00:00\" \/>\n<meta property=\"article:modified_time\" content=\"2018-12-14T21:40:30+00:00\" \/>\n<meta property=\"og:image\" content=\"https:\/\/www.padreydecano.com\/cms\/wp-content\/uploads\/2018\/12\/image-2018-12-10-1.jpg\" \/>\n\t<meta property=\"og:image:width\" content=\"1280\" \/>\n\t<meta property=\"og:image:height\" content=\"853\" \/>\n\t<meta property=\"og:image:type\" content=\"image\/jpeg\" \/>\n<meta name=\"author\" content=\"Redactores Padre y Decano\" \/>\n<meta name=\"twitter:card\" content=\"summary_large_image\" \/>\n<meta name=\"twitter:label1\" content=\"Escrito por\" \/>\n\t<meta name=\"twitter:data1\" content=\"Redactores Padre y Decano\" \/>\n\t<meta name=\"twitter:label2\" content=\"Tiempo de lectura\" \/>\n\t<meta name=\"twitter:data2\" content=\"3 minutos\" \/>\n<script type=\"application\/ld+json\" class=\"yoast-schema-graph\">{\"@context\":\"https:\/\/schema.org\",\"@graph\":[{\"@type\":\"Article\",\"@id\":\"https:\/\/www.padreydecano.com\/cms\/otras-disciplinas\/femenino-penarol-cayo-derrotado-frente-a-colon\/#article\",\"isPartOf\":{\"@id\":\"https:\/\/www.padreydecano.com\/cms\/otras-disciplinas\/femenino-penarol-cayo-derrotado-frente-a-colon\/\"},\"author\":{\"name\":\"Redactores Padre y Decano\",\"@id\":\"https:\/\/www.padreydecano.com\/cms\/#\/schema\/person\/37aae8f93aa78e4c5385497f056e3246\"},\"headline\":\"Femenino: Pe\u00f1arol cay\u00f3 derrotado frente a Col\u00f3n\",\"datePublished\":\"2018-12-10T18:56:39+00:00\",\"dateModified\":\"2018-12-14T21:40:30+00:00\",\"mainEntityOfPage\":{\"@id\":\"https:\/\/www.padreydecano.com\/cms\/otras-disciplinas\/femenino-penarol-cayo-derrotado-frente-a-colon\/\"},\"wordCount\":556,\"commentCount\":4,\"publisher\":{\"@id\":\"https:\/\/www.padreydecano.com\/cms\/#organization\"},\"image\":{\"@id\":\"https:\/\/www.padreydecano.com\/cms\/otras-disciplinas\/femenino-penarol-cayo-derrotado-frente-a-colon\/#primaryimage\"},\"thumbnailUrl\":\"https:\/\/www.padreydecano.com\/cms\/wp-content\/uploads\/2018\/12\/image-2018-12-10-1.jpg\",\"keywords\":[\"F\u00fatbol Femenino\"],\"articleSection\":[\"Otras disciplinas\"],\"inLanguage\":\"es\",\"potentialAction\":[{\"@type\":\"CommentAction\",\"name\":\"Comment\",\"target\":[\"https:\/\/www.padreydecano.com\/cms\/otras-disciplinas\/femenino-penarol-cayo-derrotado-frente-a-colon\/#respond\"]}]},{\"@type\":\"WebPage\",\"@id\":\"https:\/\/www.padreydecano.com\/cms\/otras-disciplinas\/femenino-penarol-cayo-derrotado-frente-a-colon\/\",\"url\":\"https:\/\/www.padreydecano.com\/cms\/otras-disciplinas\/femenino-penarol-cayo-derrotado-frente-a-colon\/\",\"name\":\"Femenino: Pe\u00f1arol cay\u00f3 derrotado frente a Col\u00f3n - Padre y Decano - El Sitio del Pueblo\",\"isPartOf\":{\"@id\":\"https:\/\/www.padreydecano.com\/cms\/#website\"},\"primaryImageOfPage\":{\"@id\":\"https:\/\/www.padreydecano.com\/cms\/otras-disciplinas\/femenino-penarol-cayo-derrotado-frente-a-colon\/#primaryimage\"},\"image\":{\"@id\":\"https:\/\/www.padreydecano.com\/cms\/otras-disciplinas\/femenino-penarol-cayo-derrotado-frente-a-colon\/#primaryimage\"},\"thumbnailUrl\":\"https:\/\/www.padreydecano.com\/cms\/wp-content\/uploads\/2018\/12\/image-2018-12-10-1.jpg\",\"datePublished\":\"2018-12-10T18:56:39+00:00\",\"dateModified\":\"2018-12-14T21:40:30+00:00\",\"breadcrumb\":{\"@id\":\"https:\/\/www.padreydecano.com\/cms\/otras-disciplinas\/femenino-penarol-cayo-derrotado-frente-a-colon\/#breadcrumb\"},\"inLanguage\":\"es\",\"potentialAction\":[{\"@type\":\"ReadAction\",\"target\":[\"https:\/\/www.padreydecano.com\/cms\/otras-disciplinas\/femenino-penarol-cayo-derrotado-frente-a-colon\/\"]}]},{\"@type\":\"ImageObject\",\"inLanguage\":\"es\",\"@id\":\"https:\/\/www.padreydecano.com\/cms\/otras-disciplinas\/femenino-penarol-cayo-derrotado-frente-a-colon\/#primaryimage\",\"url\":\"https:\/\/www.padreydecano.com\/cms\/wp-content\/uploads\/2018\/12\/image-2018-12-10-1.jpg\",\"contentUrl\":\"https:\/\/www.padreydecano.com\/cms\/wp-content\/uploads\/2018\/12\/image-2018-12-10-1.jpg\",\"width\":1280,\"height\":853},{\"@type\":\"BreadcrumbList\",\"@id\":\"https:\/\/www.padreydecano.com\/cms\/otras-disciplinas\/femenino-penarol-cayo-derrotado-frente-a-colon\/#breadcrumb\",\"itemListElement\":[{\"@type\":\"ListItem\",\"position\":1,\"name\":\"Portada\",\"item\":\"https:\/\/www.padreydecano.com\/cms\/\"},{\"@type\":\"ListItem\",\"position\":2,\"name\":\"Femenino: Pe\u00f1arol cay\u00f3 derrotado frente a Col\u00f3n\"}]},{\"@type\":\"WebSite\",\"@id\":\"https:\/\/www.padreydecano.com\/cms\/#website\",\"url\":\"https:\/\/www.padreydecano.com\/cms\/\",\"name\":\"Padre y Decano - El Sitio del Pueblo\",\"description\":\"Club Atl\u00e9tico Pe\u00f1arol\",\"publisher\":{\"@id\":\"https:\/\/www.padreydecano.com\/cms\/#organization\"},\"potentialAction\":[{\"@type\":\"SearchAction\",\"target\":{\"@type\":\"EntryPoint\",\"urlTemplate\":\"https:\/\/www.padreydecano.com\/cms\/?s={search_term_string}\"},\"query-input\":\"required name=search_term_string\"}],\"inLanguage\":\"es\"},{\"@type\":\"Organization\",\"@id\":\"https:\/\/www.padreydecano.com\/cms\/#organization\",\"name\":\"Padre y Decano\",\"url\":\"https:\/\/www.padreydecano.com\/cms\/\",\"logo\":{\"@type\":\"ImageObject\",\"inLanguage\":\"es\",\"@id\":\"https:\/\/www.padreydecano.com\/cms\/#\/schema\/logo\/image\/\",\"url\":\"https:\/\/www.padreydecano.com\/cms\/wp-content\/uploads\/2022\/01\/avatar-square.png\",\"contentUrl\":\"https:\/\/www.padreydecano.com\/cms\/wp-content\/uploads\/2022\/01\/avatar-square.png\",\"width\":1500,\"height\":1500,\"caption\":\"Padre y Decano\"},\"image\":{\"@id\":\"https:\/\/www.padreydecano.com\/cms\/#\/schema\/logo\/image\/\"}},{\"@type\":\"Person\",\"@id\":\"https:\/\/www.padreydecano.com\/cms\/#\/schema\/person\/37aae8f93aa78e4c5385497f056e3246\",\"name\":\"Redactores Padre y Decano\",\"image\":{\"@type\":\"ImageObject\",\"inLanguage\":\"es\",\"@id\":\"https:\/\/www.padreydecano.com\/cms\/#\/schema\/person\/image\/\",\"url\":\"https:\/\/secure.gravatar.com\/avatar\/8810c4b9081192b118b104af54549af8?s=96&d=https%3A%2F%2Fpadreydecano.com%2Fcms%2Fwp-content%2Fthemes%2Fpyd-theme%2Fimg%2Fdefault-avatar.png&r=g\",\"contentUrl\":\"https:\/\/secure.gravatar.com\/avatar\/8810c4b9081192b118b104af54549af8?s=96&d=https%3A%2F%2Fpadreydecano.com%2Fcms%2Fwp-content%2Fthemes%2Fpyd-theme%2Fimg%2Fdefault-avatar.png&r=g\",\"caption\":\"Redactores Padre y Decano\"},\"sameAs\":[\"http:\/\/www.padreydecano.com\"]}]}<\/script>\n<!-- \/ Yoast SEO plugin. -->","yoast_head_json":{"title":"Femenino: Pe\u00f1arol cay\u00f3 derrotado frente a Col\u00f3n - Padre y Decano - El Sitio del Pueblo","robots":{"index":"index","follow":"follow","max-snippet":"max-snippet:-1","max-image-preview":"max-image-preview:large","max-video-preview":"max-video-preview:-1"},"canonical":"https:\/\/www.padreydecano.com\/cms\/otras-disciplinas\/femenino-penarol-cayo-derrotado-frente-a-colon\/","og_locale":"es_ES","og_type":"article","og_title":"Femenino: Pe\u00f1arol cay\u00f3 derrotado frente a Col\u00f3n - Padre y Decano - El Sitio del Pueblo","og_description":"Tras la experiencia por la Copa Libertadores disputada en Manaos, las jugadoras aurinegras cayeron derrotadas 4 a 1 en la primera final del Campeonato Uruguayo en el Estadio Charr\u00faa, que no recib\u00eda a Pe\u00f1arol desde el 2011 cuando en f\u00fatbol masculino enfrent\u00f3 a Racing. Pese a un resultado adverso, gracias a la Tabla Anual obtenida, [&hellip;]","og_url":"https:\/\/www.padreydecano.com\/cms\/otras-disciplinas\/femenino-penarol-cayo-derrotado-frente-a-colon\/","og_site_name":"Padre y Decano - El Sitio del Pueblo","article_published_time":"2018-12-10T18:56:39+00:00","article_modified_time":"2018-12-14T21:40:30+00:00","og_image":[{"width":1280,"height":853,"url":"https:\/\/www.padreydecano.com\/cms\/wp-content\/uploads\/2018\/12\/image-2018-12-10-1.jpg","type":"image\/jpeg"}],"author":"Redactores Padre y Decano","twitter_card":"summary_large_image","twitter_misc":{"Escrito por":"Redactores Padre y Decano","Tiempo de lectura":"3 minutos"},"schema":{"@context":"https:\/\/schema.org","@graph":[{"@type":"Article","@id":"https:\/\/www.padreydecano.com\/cms\/otras-disciplinas\/femenino-penarol-cayo-derrotado-frente-a-colon\/#article","isPartOf":{"@id":"https:\/\/www.padreydecano.com\/cms\/otras-disciplinas\/femenino-penarol-cayo-derrotado-frente-a-colon\/"},"author":{"name":"Redactores Padre y Decano","@id":"https:\/\/www.padreydecano.com\/cms\/#\/schema\/person\/37aae8f93aa78e4c5385497f056e3246"},"headline":"Femenino: Pe\u00f1arol cay\u00f3 derrotado frente a Col\u00f3n","datePublished":"2018-12-10T18:56:39+00:00","dateModified":"2018-12-14T21:40:30+00:00","mainEntityOfPage":{"@id":"https:\/\/www.padreydecano.com\/cms\/otras-disciplinas\/femenino-penarol-cayo-derrotado-frente-a-colon\/"},"wordCount":556,"commentCount":4,"publisher":{"@id":"https:\/\/www.padreydecano.com\/cms\/#organization"},"image":{"@id":"https:\/\/www.padreydecano.com\/cms\/otras-disciplinas\/femenino-penarol-cayo-derrotado-frente-a-colon\/#primaryimage"},"thumbnailUrl":"https:\/\/www.padreydecano.com\/cms\/wp-content\/uploads\/2018\/12\/image-2018-12-10-1.jpg","keywords":["F\u00fatbol Femenino"],"articleSection":["Otras disciplinas"],"inLanguage":"es","potentialAction":[{"@type":"CommentAction","name":"Comment","target":["https:\/\/www.padreydecano.com\/cms\/otras-disciplinas\/femenino-penarol-cayo-derrotado-frente-a-colon\/#respond"]}]},{"@type":"WebPage","@id":"https:\/\/www.padreydecano.com\/cms\/otras-disciplinas\/femenino-penarol-cayo-derrotado-frente-a-colon\/","url":"https:\/\/www.padreydecano.com\/cms\/otras-disciplinas\/femenino-penarol-cayo-derrotado-frente-a-colon\/","name":"Femenino: Pe\u00f1arol cay\u00f3 derrotado frente a Col\u00f3n - Padre y Decano - El Sitio del Pueblo","isPartOf":{"@id":"https:\/\/www.padreydecano.com\/cms\/#website"},"primaryImageOfPage":{"@id":"https:\/\/www.padreydecano.com\/cms\/otras-disciplinas\/femenino-penarol-cayo-derrotado-frente-a-colon\/#primaryimage"},"image":{"@id":"https:\/\/www.padreydecano.com\/cms\/otras-disciplinas\/femenino-penarol-cayo-derrotado-frente-a-colon\/#primaryimage"},"thumbnailUrl":"https:\/\/www.padreydecano.com\/cms\/wp-content\/uploads\/2018\/12\/image-2018-12-10-1.jpg","datePublished":"2018-12-10T18:56:39+00:00","dateModified":"2018-12-14T21:40:30+00:00","breadcrumb":{"@id":"https:\/\/www.padreydecano.com\/cms\/otras-disciplinas\/femenino-penarol-cayo-derrotado-frente-a-colon\/#breadcrumb"},"inLanguage":"es","potentialAction":[{"@type":"ReadAction","target":["https:\/\/www.padreydecano.com\/cms\/otras-disciplinas\/femenino-penarol-cayo-derrotado-frente-a-colon\/"]}]},{"@type":"ImageObject","inLanguage":"es","@id":"https:\/\/www.padreydecano.com\/cms\/otras-disciplinas\/femenino-penarol-cayo-derrotado-frente-a-colon\/#primaryimage","url":"https:\/\/www.padreydecano.com\/cms\/wp-content\/uploads\/2018\/12\/image-2018-12-10-1.jpg","contentUrl":"https:\/\/www.padreydecano.com\/cms\/wp-content\/uploads\/2018\/12\/image-2018-12-10-1.jpg","width":1280,"height":853},{"@type":"BreadcrumbList","@id":"https:\/\/www.padreydecano.com\/cms\/otras-disciplinas\/femenino-penarol-cayo-derrotado-frente-a-colon\/#breadcrumb","itemListElement":[{"@type":"ListItem","position":1,"name":"Portada","item":"https:\/\/www.padreydecano.com\/cms\/"},{"@type":"ListItem","position":2,"name":"Femenino: Pe\u00f1arol cay\u00f3 derrotado frente a Col\u00f3n"}]},{"@type":"WebSite","@id":"https:\/\/www.padreydecano.com\/cms\/#website","url":"https:\/\/www.padreydecano.com\/cms\/","name":"Padre y Decano - El Sitio del Pueblo","description":"Club Atl\u00e9tico Pe\u00f1arol","publisher":{"@id":"https:\/\/www.padreydecano.com\/cms\/#organization"},"potentialAction":[{"@type":"SearchAction","target":{"@type":"EntryPoint","urlTemplate":"https:\/\/www.padreydecano.com\/cms\/?s={search_term_string}"},"query-input":"required name=search_term_string"}],"inLanguage":"es"},{"@type":"Organization","@id":"https:\/\/www.padreydecano.com\/cms\/#organization","name":"Padre y Decano","url":"https:\/\/www.padreydecano.com\/cms\/","logo":{"@type":"ImageObject","inLanguage":"es","@id":"https:\/\/www.padreydecano.com\/cms\/#\/schema\/logo\/image\/","url":"https:\/\/www.padreydecano.com\/cms\/wp-content\/uploads\/2022\/01\/avatar-square.png","contentUrl":"https:\/\/www.padreydecano.com\/cms\/wp-content\/uploads\/2022\/01\/avatar-square.png","width":1500,"height":1500,"caption":"Padre y Decano"},"image":{"@id":"https:\/\/www.padreydecano.com\/cms\/#\/schema\/logo\/image\/"}},{"@type":"Person","@id":"https:\/\/www.padreydecano.com\/cms\/#\/schema\/person\/37aae8f93aa78e4c5385497f056e3246","name":"Redactores Padre y Decano","image":{"@type":"ImageObject","inLanguage":"es","@id":"https:\/\/www.padreydecano.com\/cms\/#\/schema\/person\/image\/","url":"https:\/\/secure.gravatar.com\/avatar\/8810c4b9081192b118b104af54549af8?s=96&d=https%3A%2F%2Fpadreydecano.com%2Fcms%2Fwp-content%2Fthemes%2Fpyd-theme%2Fimg%2Fdefault-avatar.png&r=g","contentUrl":"https:\/\/secure.gravatar.com\/avatar\/8810c4b9081192b118b104af54549af8?s=96&d=https%3A%2F%2Fpadreydecano.com%2Fcms%2Fwp-content%2Fthemes%2Fpyd-theme%2Fimg%2Fdefault-avatar.png&r=g","caption":"Redactores Padre y Decano"},"sameAs":["http:\/\/www.padreydecano.com"]}]}},"_links":{"self":[{"href":"https:\/\/www.padreydecano.com\/cms\/wp-json\/wp\/v2\/posts\/69345"}],"collection":[{"href":"https:\/\/www.padreydecano.com\/cms\/wp-json\/wp\/v2\/posts"}],"about":[{"href":"https:\/\/www.padreydecano.com\/cms\/wp-json\/wp\/v2\/types\/post"}],"author":[{"embeddable":true,"href":"https:\/\/www.padreydecano.com\/cms\/wp-json\/wp\/v2\/users\/27"}],"replies":[{"embeddable":true,"href":"https:\/\/www.padreydecano.com\/cms\/wp-json\/wp\/v2\/comments?post=69345"}],"version-history":[{"count":0,"href":"https:\/\/www.padreydecano.com\/cms\/wp-json\/wp\/v2\/posts\/69345\/revisions"}],"wp:featuredmedia":[{"embeddable":true,"href":"https:\/\/www.padreydecano.com\/cms\/wp-json\/wp\/v2\/media\/69352"}],"wp:attachment":[{"href":"https:\/\/www.padreydecano.com\/cms\/wp-json\/wp\/v2\/media?parent=69345"}],"wp:term":[{"taxonomy":"category","embeddable":true,"href":"https:\/\/www.padreydecano.com\/cms\/wp-json\/wp\/v2\/categories?post=69345"},{"taxonomy":"post_tag","embeddable":true,"href":"https:\/\/www.padreydecano.com\/cms\/wp-json\/wp\/v2\/tags?post=69345"}],"curies":[{"name":"wp","href":"https:\/\/api.w.org\/{rel}","templated":true}]}}