{"id":69263,"date":"2019-12-04T00:04:53","date_gmt":"2019-12-04T03:04:53","guid":{"rendered":"http:\/\/www.padreydecano.com\/cms\/?p=69263"},"modified":"2019-12-04T00:04:53","modified_gmt":"2019-12-04T03:04:53","slug":"2003-penarol-campeon-y-ultimo-partido-de-bengoechea-y-chilavert","status":"publish","type":"post","link":"https:\/\/www.padreydecano.com\/cms\/noticias\/2003-penarol-campeon-y-ultimo-partido-de-bengoechea-y-chilavert\/","title":{"rendered":"2003: Pe\u00f1arol campe\u00f3n y \u00faltimo partido de Bengoechea y Chilavert"},"content":{"rendered":"<p><a href=\"https:\/\/www.padreydecano.com\/cms\/wp-content\/uploads\/2018\/12\/Pe\u00f1arol-Campeon-2003.jpg\" rel=\"shadowbox[sbpost-69263];player=img;\"><br \/>\n<img loading=\"lazy\" decoding=\"async\" class=\"aligncenter size-full wp-image-69264\" src=\"https:\/\/www.padreydecano.com\/cms\/wp-content\/uploads\/2018\/12\/Pe\u00f1arol-Campeon-2003.jpg\" alt=\"\" width=\"469\" height=\"257\" \/><\/a><\/p>\n<p style=\"text-align: justify;\"><strong>El 4 de diciembre de 2003, Pe\u00f1arol derrot\u00f3 a Nacional en la final del Campeonato Uruguayo y se consagr\u00f3 campe\u00f3n de dicha competici\u00f3n por 47\u00b0 vez en la historia. Fue el \u00faltimo partido del hist\u00f3rico jugador mirasol <span style=\"color: #ffcc00;\">Pablo Javier Bengoechea<\/span>. Adem\u00e1s fue el \u00faltimo jugado por <span style=\"color: #ffcc00;\">Jos\u00e9 Luis Chilavert<\/span> en Pe\u00f1arol. Tambi\u00e9n fue el primer Campeonato Uruguayo obtenido por <span style=\"color: #ffcc00;\">Cristian Rodr\u00edguez<\/span> y\u00a0<span style=\"color: #ffcc00;\">Fabi\u00e1n Estoyanoff<\/span>.<\/strong><\/p>\n<p style=\"text-align: justify;\"><strong><span style=\"color: #ffcc00;\">Torneos cortos<\/span><\/strong><\/p>\n<p style=\"text-align: justify;\">En el primer semestre del a\u00f1o Nacional se llev\u00f3 el Torneo Apertura con 44 puntos, Pe\u00f1arol se ubic\u00f3 segundo con 38 unidades.<\/p>\n<p style=\"text-align: justify;\">El Torneo Clausura fue para Pe\u00f1arol con 39 puntos, Nacional con 26 unidades culmin\u00f3 en la novena posici\u00f3n.<\/p>\n<p style=\"text-align: justify;\">En la Tabla Anual Pe\u00f1arol lider\u00f3 con 77 puntos seguido de Nacional con 70, por lo que el Carbonero jugaba la primera final con ventaja deportiva, si ganaba era campe\u00f3n mientras que una victoria alba forjaba 2 finales m\u00e1s.<\/p>\n<p style=\"text-align: justify;\"><span style=\"color: #ffcc00;\"><strong>Partido<\/strong><\/span><\/p>\n<p style=\"text-align: justify;\">El carbonero dirigido por <strong>Diego Aguirre<\/strong> form\u00f3 con: <strong>Jos\u00e9 Luis Chilavert; Marcelo De Souza, Joe Emerson Bizera y Alejandro Lago; Edgard \u00c1lvarez (52&#8242; Leonel Pilipauskas), Nicol\u00e1s Rotundo, Fabi\u00e1n C\u00e9saro (43&#8242; Luiz Nunes), Gabriel Cedr\u00e9s y Cristian Rodr\u00edguez; Fabi\u00e1n Estoyanoff (65&#8242; Mart\u00edn Garc\u00eda) y Carlos Bueno.<\/strong><\/p>\n<p style=\"text-align: justify;\">Fue un partido jugado de mala manera por ambos, con varios jugadores expulsados (Nicol\u00e1s Rotundo a los 49&#8242; en Pe\u00f1arol) principalmente en el rival y varios errores arbitrales de parte de Gustavo M\u00e9ndez.<\/p>\n<p style=\"text-align: justify;\">En la \u00faltima jugada del primer tiempo lleg\u00f3 el gol aurinegro, fue anotado por Joe Bizera de cabeza luego de un rechazo de Bava por un disparo de 40 metros ejecutado por Chilavert. Fue la \u00fanica jugada de peligro en la primera mitad.<\/p>\n<p style=\"text-align: justify;\">La segunda parte se jug\u00f3 de nuevo con poco juego de ambos equipos, con el albo presionando pero con mucho nerviosismo buscando el gol.<\/p>\n<p style=\"text-align: justify;\">Por errores del \u00e1rbitro que demoraron el encuentro el segundo tiempo dur\u00f3 55 minutos. El tiempo agregado no cambi\u00f3 nada, Pe\u00f1arol era una vez m\u00e1s campe\u00f3n.<\/p>\n<p style=\"text-align: justify;\"><strong><span style=\"color: #ffcc00;\">Retirada del &#8216;Profesor&#8217;<\/span><\/strong><\/p>\n<p style=\"text-align: justify;\">El banco de suplentes fue el compa\u00f1ero del \u00eddolo mirasol en su \u00faltimo partido profesional. Pablo Javier Bengoechea se retir\u00f3 una vez consagrado por s\u00e9ptima vez Campe\u00f3n Uruguayo con el equipo de sus amores. Disput\u00f3 11 temporadas con el Decano y fue campe\u00f3n en 7, siendo un pilar fundamental del equipo y cargando la cinta de capit\u00e1n.<\/p>\n<p style=\"text-align: justify;\"><strong><span style=\"color: #ffcc00;\">\u00daltimo de Chilavert en Pe\u00f1arol<\/span><\/strong><\/p>\n<p style=\"text-align: justify;\">El futbolista paraguayo m\u00e1s importante de la historia jug\u00f3 su \u00faltimo partido con el Decano del f\u00fatbol uruguayo esa noche. En el carbonero jug\u00f3 6 meses y marc\u00f3 sus \u00faltimos 4 goles. Estos fueron de penal a Villa Espa\u00f1ola y Central Espa\u00f1ol y de tiro libre a F\u00e9nix y Deportivo Colonia.<\/p>\n<p style=\"text-align: justify;\"><span style=\"color: #ffcc00;\"><strong>Primera copa del &#8216;Cebolla&#8217; y el &#8216;Lolo&#8217;<\/strong><\/span><\/p>\n<p style=\"text-align: justify;\">Fue la segunda temporada de ambos en Pe\u00f1arol y tambi\u00e9n el primer Campeonato Uruguayo obtenido por cada uno. Actualmente Cristian Rodr\u00edguez tiene 3 (2003, 2017 y 2018) y Fabi\u00e1n Estoyanoff 4 (2003, 2013, 2017 y 2018).<\/p>\n<div class=\"user-wrapper\"><a class=\"userlink\"href=\"https:\/\/twitter.com\/ftrucce18\" target=\"_blank\"><figure><img decoding=\"async\" src=\"http:\/\/www.padreydecano.com\/cms\/wp-users-files\/postfirmas\/ftrucce.jpg\" \/><\/figure><p class=\"user\"><strong>Franco Trucce<\/strong><br \/>@FTrucce18<\/p><\/a><\/div>\n","protected":false},"excerpt":{"rendered":"<p>El 4 de diciembre de 2003, Pe\u00f1arol derrot\u00f3 a Nacional en la final del Campeonato Uruguayo y se consagr\u00f3 campe\u00f3n de dicha competici\u00f3n por 47\u00b0 vez en la historia. Fue el \u00faltimo partido del hist\u00f3rico jugador mirasol Pablo Javier Bengoechea. Adem\u00e1s fue el \u00faltimo jugado por Jos\u00e9 Luis Chilavert en Pe\u00f1arol. Tambi\u00e9n fue el primer [&hellip;]<\/p>\n","protected":false},"author":27,"featured_media":69264,"comment_status":"open","ping_status":"closed","sticky":false,"template":"","format":"standard","meta":{"footnotes":""},"categories":[1],"tags":[],"yoast_head":"<!-- This site is optimized with the Yoast SEO plugin v23.2 - https:\/\/yoast.com\/wordpress\/plugins\/seo\/ -->\n<title>2003: Pe\u00f1arol campe\u00f3n y \u00faltimo partido de Bengoechea y Chilavert - Padre y Decano - El Sitio del Pueblo<\/title>\n<meta name=\"robots\" content=\"index, follow, max-snippet:-1, max-image-preview:large, max-video-preview:-1\" \/>\n<link rel=\"canonical\" href=\"https:\/\/www.padreydecano.com\/cms\/noticias\/2003-penarol-campeon-y-ultimo-partido-de-bengoechea-y-chilavert\/\" \/>\n<meta property=\"og:locale\" content=\"es_ES\" \/>\n<meta property=\"og:type\" content=\"article\" \/>\n<meta property=\"og:title\" content=\"2003: Pe\u00f1arol campe\u00f3n y \u00faltimo partido de Bengoechea y Chilavert - Padre y Decano - El Sitio del Pueblo\" \/>\n<meta property=\"og:description\" content=\"El 4 de diciembre de 2003, Pe\u00f1arol derrot\u00f3 a Nacional en la final del Campeonato Uruguayo y se consagr\u00f3 campe\u00f3n de dicha competici\u00f3n por 47\u00b0 vez en la historia. Fue el \u00faltimo partido del hist\u00f3rico jugador mirasol Pablo Javier Bengoechea. Adem\u00e1s fue el \u00faltimo jugado por Jos\u00e9 Luis Chilavert en Pe\u00f1arol. Tambi\u00e9n fue el primer [&hellip;]\" \/>\n<meta property=\"og:url\" content=\"https:\/\/www.padreydecano.com\/cms\/noticias\/2003-penarol-campeon-y-ultimo-partido-de-bengoechea-y-chilavert\/\" \/>\n<meta property=\"og:site_name\" content=\"Padre y Decano - El Sitio del Pueblo\" \/>\n<meta property=\"article:published_time\" content=\"2019-12-04T03:04:53+00:00\" \/>\n<meta property=\"og:image\" content=\"https:\/\/www.padreydecano.com\/cms\/wp-content\/uploads\/2018\/12\/Pe\u00f1arol-Campeon-2003.jpg\" \/>\n\t<meta property=\"og:image:width\" content=\"469\" \/>\n\t<meta property=\"og:image:height\" content=\"257\" \/>\n\t<meta property=\"og:image:type\" content=\"image\/jpeg\" \/>\n<meta name=\"author\" content=\"Redactores Padre y Decano\" \/>\n<meta name=\"twitter:card\" content=\"summary_large_image\" \/>\n<meta name=\"twitter:label1\" content=\"Escrito por\" \/>\n\t<meta name=\"twitter:data1\" content=\"Redactores Padre y Decano\" \/>\n\t<meta name=\"twitter:label2\" content=\"Tiempo de lectura\" \/>\n\t<meta name=\"twitter:data2\" content=\"2 minutos\" \/>\n<script type=\"application\/ld+json\" class=\"yoast-schema-graph\">{\"@context\":\"https:\/\/schema.org\",\"@graph\":[{\"@type\":\"Article\",\"@id\":\"https:\/\/www.padreydecano.com\/cms\/noticias\/2003-penarol-campeon-y-ultimo-partido-de-bengoechea-y-chilavert\/#article\",\"isPartOf\":{\"@id\":\"https:\/\/www.padreydecano.com\/cms\/noticias\/2003-penarol-campeon-y-ultimo-partido-de-bengoechea-y-chilavert\/\"},\"author\":{\"name\":\"Redactores Padre y Decano\",\"@id\":\"https:\/\/www.padreydecano.com\/cms\/#\/schema\/person\/37aae8f93aa78e4c5385497f056e3246\"},\"headline\":\"2003: Pe\u00f1arol campe\u00f3n y \u00faltimo partido de Bengoechea y Chilavert\",\"datePublished\":\"2019-12-04T03:04:53+00:00\",\"dateModified\":\"2019-12-04T03:04:53+00:00\",\"mainEntityOfPage\":{\"@id\":\"https:\/\/www.padreydecano.com\/cms\/noticias\/2003-penarol-campeon-y-ultimo-partido-de-bengoechea-y-chilavert\/\"},\"wordCount\":504,\"commentCount\":28,\"publisher\":{\"@id\":\"https:\/\/www.padreydecano.com\/cms\/#organization\"},\"image\":{\"@id\":\"https:\/\/www.padreydecano.com\/cms\/noticias\/2003-penarol-campeon-y-ultimo-partido-de-bengoechea-y-chilavert\/#primaryimage\"},\"thumbnailUrl\":\"https:\/\/www.padreydecano.com\/cms\/wp-content\/uploads\/2018\/12\/Pe\u00f1arol-Campeon-2003.jpg\",\"articleSection\":[\"Noticias\"],\"inLanguage\":\"es\",\"potentialAction\":[{\"@type\":\"CommentAction\",\"name\":\"Comment\",\"target\":[\"https:\/\/www.padreydecano.com\/cms\/noticias\/2003-penarol-campeon-y-ultimo-partido-de-bengoechea-y-chilavert\/#respond\"]}]},{\"@type\":\"WebPage\",\"@id\":\"https:\/\/www.padreydecano.com\/cms\/noticias\/2003-penarol-campeon-y-ultimo-partido-de-bengoechea-y-chilavert\/\",\"url\":\"https:\/\/www.padreydecano.com\/cms\/noticias\/2003-penarol-campeon-y-ultimo-partido-de-bengoechea-y-chilavert\/\",\"name\":\"2003: Pe\u00f1arol campe\u00f3n y \u00faltimo partido de Bengoechea y Chilavert - Padre y Decano - El Sitio del Pueblo\",\"isPartOf\":{\"@id\":\"https:\/\/www.padreydecano.com\/cms\/#website\"},\"primaryImageOfPage\":{\"@id\":\"https:\/\/www.padreydecano.com\/cms\/noticias\/2003-penarol-campeon-y-ultimo-partido-de-bengoechea-y-chilavert\/#primaryimage\"},\"image\":{\"@id\":\"https:\/\/www.padreydecano.com\/cms\/noticias\/2003-penarol-campeon-y-ultimo-partido-de-bengoechea-y-chilavert\/#primaryimage\"},\"thumbnailUrl\":\"https:\/\/www.padreydecano.com\/cms\/wp-content\/uploads\/2018\/12\/Pe\u00f1arol-Campeon-2003.jpg\",\"datePublished\":\"2019-12-04T03:04:53+00:00\",\"dateModified\":\"2019-12-04T03:04:53+00:00\",\"breadcrumb\":{\"@id\":\"https:\/\/www.padreydecano.com\/cms\/noticias\/2003-penarol-campeon-y-ultimo-partido-de-bengoechea-y-chilavert\/#breadcrumb\"},\"inLanguage\":\"es\",\"potentialAction\":[{\"@type\":\"ReadAction\",\"target\":[\"https:\/\/www.padreydecano.com\/cms\/noticias\/2003-penarol-campeon-y-ultimo-partido-de-bengoechea-y-chilavert\/\"]}]},{\"@type\":\"ImageObject\",\"inLanguage\":\"es\",\"@id\":\"https:\/\/www.padreydecano.com\/cms\/noticias\/2003-penarol-campeon-y-ultimo-partido-de-bengoechea-y-chilavert\/#primaryimage\",\"url\":\"https:\/\/www.padreydecano.com\/cms\/wp-content\/uploads\/2018\/12\/Pe\u00f1arol-Campeon-2003.jpg\",\"contentUrl\":\"https:\/\/www.padreydecano.com\/cms\/wp-content\/uploads\/2018\/12\/Pe\u00f1arol-Campeon-2003.jpg\",\"width\":469,\"height\":257},{\"@type\":\"BreadcrumbList\",\"@id\":\"https:\/\/www.padreydecano.com\/cms\/noticias\/2003-penarol-campeon-y-ultimo-partido-de-bengoechea-y-chilavert\/#breadcrumb\",\"itemListElement\":[{\"@type\":\"ListItem\",\"position\":1,\"name\":\"Portada\",\"item\":\"https:\/\/www.padreydecano.com\/cms\/\"},{\"@type\":\"ListItem\",\"position\":2,\"name\":\"2003: Pe\u00f1arol campe\u00f3n y \u00faltimo partido de Bengoechea y Chilavert\"}]},{\"@type\":\"WebSite\",\"@id\":\"https:\/\/www.padreydecano.com\/cms\/#website\",\"url\":\"https:\/\/www.padreydecano.com\/cms\/\",\"name\":\"Padre y Decano - El Sitio del Pueblo\",\"description\":\"Club Atl\u00e9tico Pe\u00f1arol\",\"publisher\":{\"@id\":\"https:\/\/www.padreydecano.com\/cms\/#organization\"},\"potentialAction\":[{\"@type\":\"SearchAction\",\"target\":{\"@type\":\"EntryPoint\",\"urlTemplate\":\"https:\/\/www.padreydecano.com\/cms\/?s={search_term_string}\"},\"query-input\":\"required name=search_term_string\"}],\"inLanguage\":\"es\"},{\"@type\":\"Organization\",\"@id\":\"https:\/\/www.padreydecano.com\/cms\/#organization\",\"name\":\"Padre y Decano\",\"url\":\"https:\/\/www.padreydecano.com\/cms\/\",\"logo\":{\"@type\":\"ImageObject\",\"inLanguage\":\"es\",\"@id\":\"https:\/\/www.padreydecano.com\/cms\/#\/schema\/logo\/image\/\",\"url\":\"https:\/\/www.padreydecano.com\/cms\/wp-content\/uploads\/2022\/01\/avatar-square.png\",\"contentUrl\":\"https:\/\/www.padreydecano.com\/cms\/wp-content\/uploads\/2022\/01\/avatar-square.png\",\"width\":1500,\"height\":1500,\"caption\":\"Padre y Decano\"},\"image\":{\"@id\":\"https:\/\/www.padreydecano.com\/cms\/#\/schema\/logo\/image\/\"}},{\"@type\":\"Person\",\"@id\":\"https:\/\/www.padreydecano.com\/cms\/#\/schema\/person\/37aae8f93aa78e4c5385497f056e3246\",\"name\":\"Redactores Padre y Decano\",\"image\":{\"@type\":\"ImageObject\",\"inLanguage\":\"es\",\"@id\":\"https:\/\/www.padreydecano.com\/cms\/#\/schema\/person\/image\/\",\"url\":\"https:\/\/secure.gravatar.com\/avatar\/8810c4b9081192b118b104af54549af8?s=96&d=https%3A%2F%2Fpadreydecano.com%2Fcms%2Fwp-content%2Fthemes%2Fpyd-theme%2Fimg%2Fdefault-avatar.png&r=g\",\"contentUrl\":\"https:\/\/secure.gravatar.com\/avatar\/8810c4b9081192b118b104af54549af8?s=96&d=https%3A%2F%2Fpadreydecano.com%2Fcms%2Fwp-content%2Fthemes%2Fpyd-theme%2Fimg%2Fdefault-avatar.png&r=g\",\"caption\":\"Redactores Padre y Decano\"},\"sameAs\":[\"http:\/\/www.padreydecano.com\"]}]}<\/script>\n<!-- \/ Yoast SEO plugin. -->","yoast_head_json":{"title":"2003: Pe\u00f1arol campe\u00f3n y \u00faltimo partido de Bengoechea y Chilavert - Padre y Decano - El Sitio del Pueblo","robots":{"index":"index","follow":"follow","max-snippet":"max-snippet:-1","max-image-preview":"max-image-preview:large","max-video-preview":"max-video-preview:-1"},"canonical":"https:\/\/www.padreydecano.com\/cms\/noticias\/2003-penarol-campeon-y-ultimo-partido-de-bengoechea-y-chilavert\/","og_locale":"es_ES","og_type":"article","og_title":"2003: Pe\u00f1arol campe\u00f3n y \u00faltimo partido de Bengoechea y Chilavert - Padre y Decano - El Sitio del Pueblo","og_description":"El 4 de diciembre de 2003, Pe\u00f1arol derrot\u00f3 a Nacional en la final del Campeonato Uruguayo y se consagr\u00f3 campe\u00f3n de dicha competici\u00f3n por 47\u00b0 vez en la historia. Fue el \u00faltimo partido del hist\u00f3rico jugador mirasol Pablo Javier Bengoechea. Adem\u00e1s fue el \u00faltimo jugado por Jos\u00e9 Luis Chilavert en Pe\u00f1arol. Tambi\u00e9n fue el primer [&hellip;]","og_url":"https:\/\/www.padreydecano.com\/cms\/noticias\/2003-penarol-campeon-y-ultimo-partido-de-bengoechea-y-chilavert\/","og_site_name":"Padre y Decano - El Sitio del Pueblo","article_published_time":"2019-12-04T03:04:53+00:00","og_image":[{"width":469,"height":257,"url":"https:\/\/www.padreydecano.com\/cms\/wp-content\/uploads\/2018\/12\/Pe\u00f1arol-Campeon-2003.jpg","type":"image\/jpeg"}],"author":"Redactores Padre y Decano","twitter_card":"summary_large_image","twitter_misc":{"Escrito por":"Redactores Padre y Decano","Tiempo de lectura":"2 minutos"},"schema":{"@context":"https:\/\/schema.org","@graph":[{"@type":"Article","@id":"https:\/\/www.padreydecano.com\/cms\/noticias\/2003-penarol-campeon-y-ultimo-partido-de-bengoechea-y-chilavert\/#article","isPartOf":{"@id":"https:\/\/www.padreydecano.com\/cms\/noticias\/2003-penarol-campeon-y-ultimo-partido-de-bengoechea-y-chilavert\/"},"author":{"name":"Redactores Padre y Decano","@id":"https:\/\/www.padreydecano.com\/cms\/#\/schema\/person\/37aae8f93aa78e4c5385497f056e3246"},"headline":"2003: Pe\u00f1arol campe\u00f3n y \u00faltimo partido de Bengoechea y Chilavert","datePublished":"2019-12-04T03:04:53+00:00","dateModified":"2019-12-04T03:04:53+00:00","mainEntityOfPage":{"@id":"https:\/\/www.padreydecano.com\/cms\/noticias\/2003-penarol-campeon-y-ultimo-partido-de-bengoechea-y-chilavert\/"},"wordCount":504,"commentCount":28,"publisher":{"@id":"https:\/\/www.padreydecano.com\/cms\/#organization"},"image":{"@id":"https:\/\/www.padreydecano.com\/cms\/noticias\/2003-penarol-campeon-y-ultimo-partido-de-bengoechea-y-chilavert\/#primaryimage"},"thumbnailUrl":"https:\/\/www.padreydecano.com\/cms\/wp-content\/uploads\/2018\/12\/Pe\u00f1arol-Campeon-2003.jpg","articleSection":["Noticias"],"inLanguage":"es","potentialAction":[{"@type":"CommentAction","name":"Comment","target":["https:\/\/www.padreydecano.com\/cms\/noticias\/2003-penarol-campeon-y-ultimo-partido-de-bengoechea-y-chilavert\/#respond"]}]},{"@type":"WebPage","@id":"https:\/\/www.padreydecano.com\/cms\/noticias\/2003-penarol-campeon-y-ultimo-partido-de-bengoechea-y-chilavert\/","url":"https:\/\/www.padreydecano.com\/cms\/noticias\/2003-penarol-campeon-y-ultimo-partido-de-bengoechea-y-chilavert\/","name":"2003: Pe\u00f1arol campe\u00f3n y \u00faltimo partido de Bengoechea y Chilavert - Padre y Decano - El Sitio del Pueblo","isPartOf":{"@id":"https:\/\/www.padreydecano.com\/cms\/#website"},"primaryImageOfPage":{"@id":"https:\/\/www.padreydecano.com\/cms\/noticias\/2003-penarol-campeon-y-ultimo-partido-de-bengoechea-y-chilavert\/#primaryimage"},"image":{"@id":"https:\/\/www.padreydecano.com\/cms\/noticias\/2003-penarol-campeon-y-ultimo-partido-de-bengoechea-y-chilavert\/#primaryimage"},"thumbnailUrl":"https:\/\/www.padreydecano.com\/cms\/wp-content\/uploads\/2018\/12\/Pe\u00f1arol-Campeon-2003.jpg","datePublished":"2019-12-04T03:04:53+00:00","dateModified":"2019-12-04T03:04:53+00:00","breadcrumb":{"@id":"https:\/\/www.padreydecano.com\/cms\/noticias\/2003-penarol-campeon-y-ultimo-partido-de-bengoechea-y-chilavert\/#breadcrumb"},"inLanguage":"es","potentialAction":[{"@type":"ReadAction","target":["https:\/\/www.padreydecano.com\/cms\/noticias\/2003-penarol-campeon-y-ultimo-partido-de-bengoechea-y-chilavert\/"]}]},{"@type":"ImageObject","inLanguage":"es","@id":"https:\/\/www.padreydecano.com\/cms\/noticias\/2003-penarol-campeon-y-ultimo-partido-de-bengoechea-y-chilavert\/#primaryimage","url":"https:\/\/www.padreydecano.com\/cms\/wp-content\/uploads\/2018\/12\/Pe\u00f1arol-Campeon-2003.jpg","contentUrl":"https:\/\/www.padreydecano.com\/cms\/wp-content\/uploads\/2018\/12\/Pe\u00f1arol-Campeon-2003.jpg","width":469,"height":257},{"@type":"BreadcrumbList","@id":"https:\/\/www.padreydecano.com\/cms\/noticias\/2003-penarol-campeon-y-ultimo-partido-de-bengoechea-y-chilavert\/#breadcrumb","itemListElement":[{"@type":"ListItem","position":1,"name":"Portada","item":"https:\/\/www.padreydecano.com\/cms\/"},{"@type":"ListItem","position":2,"name":"2003: Pe\u00f1arol campe\u00f3n y \u00faltimo partido de Bengoechea y Chilavert"}]},{"@type":"WebSite","@id":"https:\/\/www.padreydecano.com\/cms\/#website","url":"https:\/\/www.padreydecano.com\/cms\/","name":"Padre y Decano - El Sitio del Pueblo","description":"Club Atl\u00e9tico Pe\u00f1arol","publisher":{"@id":"https:\/\/www.padreydecano.com\/cms\/#organization"},"potentialAction":[{"@type":"SearchAction","target":{"@type":"EntryPoint","urlTemplate":"https:\/\/www.padreydecano.com\/cms\/?s={search_term_string}"},"query-input":"required name=search_term_string"}],"inLanguage":"es"},{"@type":"Organization","@id":"https:\/\/www.padreydecano.com\/cms\/#organization","name":"Padre y Decano","url":"https:\/\/www.padreydecano.com\/cms\/","logo":{"@type":"ImageObject","inLanguage":"es","@id":"https:\/\/www.padreydecano.com\/cms\/#\/schema\/logo\/image\/","url":"https:\/\/www.padreydecano.com\/cms\/wp-content\/uploads\/2022\/01\/avatar-square.png","contentUrl":"https:\/\/www.padreydecano.com\/cms\/wp-content\/uploads\/2022\/01\/avatar-square.png","width":1500,"height":1500,"caption":"Padre y Decano"},"image":{"@id":"https:\/\/www.padreydecano.com\/cms\/#\/schema\/logo\/image\/"}},{"@type":"Person","@id":"https:\/\/www.padreydecano.com\/cms\/#\/schema\/person\/37aae8f93aa78e4c5385497f056e3246","name":"Redactores Padre y Decano","image":{"@type":"ImageObject","inLanguage":"es","@id":"https:\/\/www.padreydecano.com\/cms\/#\/schema\/person\/image\/","url":"https:\/\/secure.gravatar.com\/avatar\/8810c4b9081192b118b104af54549af8?s=96&d=https%3A%2F%2Fpadreydecano.com%2Fcms%2Fwp-content%2Fthemes%2Fpyd-theme%2Fimg%2Fdefault-avatar.png&r=g","contentUrl":"https:\/\/secure.gravatar.com\/avatar\/8810c4b9081192b118b104af54549af8?s=96&d=https%3A%2F%2Fpadreydecano.com%2Fcms%2Fwp-content%2Fthemes%2Fpyd-theme%2Fimg%2Fdefault-avatar.png&r=g","caption":"Redactores Padre y Decano"},"sameAs":["http:\/\/www.padreydecano.com"]}]}},"_links":{"self":[{"href":"https:\/\/www.padreydecano.com\/cms\/wp-json\/wp\/v2\/posts\/69263"}],"collection":[{"href":"https:\/\/www.padreydecano.com\/cms\/wp-json\/wp\/v2\/posts"}],"about":[{"href":"https:\/\/www.padreydecano.com\/cms\/wp-json\/wp\/v2\/types\/post"}],"author":[{"embeddable":true,"href":"https:\/\/www.padreydecano.com\/cms\/wp-json\/wp\/v2\/users\/27"}],"replies":[{"embeddable":true,"href":"https:\/\/www.padreydecano.com\/cms\/wp-json\/wp\/v2\/comments?post=69263"}],"version-history":[{"count":0,"href":"https:\/\/www.padreydecano.com\/cms\/wp-json\/wp\/v2\/posts\/69263\/revisions"}],"wp:featuredmedia":[{"embeddable":true,"href":"https:\/\/www.padreydecano.com\/cms\/wp-json\/wp\/v2\/media\/69264"}],"wp:attachment":[{"href":"https:\/\/www.padreydecano.com\/cms\/wp-json\/wp\/v2\/media?parent=69263"}],"wp:term":[{"taxonomy":"category","embeddable":true,"href":"https:\/\/www.padreydecano.com\/cms\/wp-json\/wp\/v2\/categories?post=69263"},{"taxonomy":"post_tag","embeddable":true,"href":"https:\/\/www.padreydecano.com\/cms\/wp-json\/wp\/v2\/tags?post=69263"}],"curies":[{"name":"wp","href":"https:\/\/api.w.org\/{rel}","templated":true}]}}