{"id":69195,"date":"2018-11-28T21:41:05","date_gmt":"2018-11-29T00:41:05","guid":{"rendered":"http:\/\/www.padreydecano.com\/cms\/?p=69195"},"modified":"2018-12-04T16:45:51","modified_gmt":"2018-12-04T19:45:51","slug":"el-plantel-que-se-viene","status":"publish","type":"post","link":"https:\/\/www.padreydecano.com\/cms\/noticias\/el-plantel-que-se-viene\/","title":{"rendered":"El plantel que se viene"},"content":{"rendered":"<p><a href=\"https:\/\/www.padreydecano.com\/cms\/wp-content\/uploads\/2018\/11\/maxicorujovareladarwin.jpg\" rel=\"shadowbox[sbpost-69195];player=img;\"><img loading=\"lazy\" decoding=\"async\" class=\"aligncenter size-full wp-image-69196\" src=\"https:\/\/www.padreydecano.com\/cms\/wp-content\/uploads\/2018\/11\/maxicorujovareladarwin.jpg\" alt=\"\" width=\"1280\" height=\"720\" srcset=\"https:\/\/www.padreydecano.com\/cms\/wp-content\/uploads\/2018\/11\/maxicorujovareladarwin.jpg 1280w, https:\/\/www.padreydecano.com\/cms\/wp-content\/uploads\/2018\/11\/maxicorujovareladarwin-600x338.jpg 600w, https:\/\/www.padreydecano.com\/cms\/wp-content\/uploads\/2018\/11\/maxicorujovareladarwin-768x432.jpg 768w, https:\/\/www.padreydecano.com\/cms\/wp-content\/uploads\/2018\/11\/maxicorujovareladarwin-1024x576.jpg 1024w\" sizes=\"(max-width: 1280px) 100vw, 1280px\" \/><\/a><\/p>\n<p style=\"text-align: justify;\"><strong>Pe\u00f1arol trabaja sin prisa pero sin pausa en el plantel del 2019, con la premisa de resolver las renovaciones de contrato antes de contratar pero con ideas de sustitutos a las factibles bajas en el equipo de Diego L\u00f3pez.<\/strong><\/p>\n<p style=\"text-align: justify;\">En el Palacio Cr. Gast\u00f3n Guelfi se reunieron integrantes de la Comisi\u00f3n de Contrataciones, la de F\u00fatbol (Carlos Scherschener, Mart\u00edn Fleitas, Julio Herrera, Nicol\u00e1s Ghizzo y Eduardo Zaidenzstat), Jos\u00e9 Brancato y Carlos S\u00e1nchez.<\/p>\n<p style=\"text-align: justify;\">De lo contratos que vencen, se buscar\u00e1 renovar con los argentinos Maximiliano Rodr\u00edguez (no jugar\u00e1 el \u00faltimo amistoso en Rivera) y Lucas Viatri. Tambi\u00e9n procurar que sigan Marcel Novick, Fabi\u00e1n Estoyanoff y Carlos Rodr\u00edguez. Agust\u00edn Canobbio puede tener opciones en el exterior y Rodrigo Rojo depende de las incorporaciones que puedan llegar. <strong>Los aurinegros har\u00e1n una consulta por Maximiliano Olivera, futbolista que tiene contrato con Fiorentina pero tiene la firme intenci\u00f3n de llegar cedido a Pe\u00f1arol.<\/strong><\/p>\n<p style=\"text-align: justify;\">Tambi\u00e9n hay un plan B por si se va Carlos Rodr\u00edguez, un zaguero joven pero con trayectoria internacional. Se buscar\u00e1 la salida de Carlos Matheu, quien tiene v\u00ednculo por seis meses m\u00e1s pero se puede dar su salida a fin de a\u00f1o. <strong>Guillermo Varela tiene contrato con Pe\u00f1arol y continuar\u00e1 en el club<\/strong>; se realizar\u00e1 un trabajo especial para que comience el 2019 de la mejor manera.<\/p>\n<p style=\"text-align: justify;\">Math\u00edas Corujo estar\u00e1 a la orden a partir de enero del pr\u00f3ximo lustro y ser\u00e1 una alta en el plantel de Diego L\u00f3pez. Se piensa que Ezequiel Busquets y Darwin N\u00fa\u00f1ez estar\u00e1n en el Sudamericano y el Mundial Sub 20. Eso puede hacer que se piense en alg\u00fan refuerzo extra, sobre todo en el ataque.<\/p>\n<p style=\"text-align: justify;\">A partir del 10 de diciembre -aproximadamente- se tendr\u00e1n novedades del futuro de Gabriel Fern\u00e1ndez. Llegaron varios sondeos por el atacante aurinegro pero en esos d\u00edas se conocer\u00e1n las ofertas oficiales por el \u201cToro\u201d. Gast\u00f3n Rodr\u00edguez termina su pr\u00e9stamo con Liga de Quito y tiene otras posibilidades del exterior. El caso de \u00c1ngel Rodr\u00edguez es similar porque puede renovar su cesi\u00f3n con Uni\u00f3n La Calera.<\/p>\n<p style=\"text-align: justify;\">Muchos jugadores cedidos rescindir\u00e1n su v\u00ednculo con el Bicampe\u00f3n Uruguayo. Michael Bonette (volante ofensivo) e Ignacio Yepez se fueron libres a Rentistas. En breve se conocer\u00e1n jugadores muy importantes que dejar\u00e1n el club. No han llegado ofertas por Kevin Dawson y Carlos Rodr\u00edguez.<\/p>\n<p style=\"text-align: justify;\">La Comisi\u00f3n de Contrataciones para este periodo tendr\u00e1 nuevamente a Issac Alfie y Eduardo Zaidenzstat. El lugar de Rodolfo Catino lo ocupar\u00e1 Diego Shaw (Presidente de la Asamblea Representativa).<\/p>\n<div class=\"user-wrapper\"><a class=\"userlink\" href=\"https:\/\/twitter.com\/wilsonmendez86\" target=\"_blank\"><figure><img decoding=\"async\" src=\"http:\/\/www.padreydecano.com\/cms\/wp-users-files\/postfirmas\/wilsonmendez86.jpg\" \/><\/figure><p class=\"user\"><strong>Wilson M&eacute;ndez<\/strong><br \/>@wilsonmendez86<\/p><\/a><\/div>\n","protected":false},"excerpt":{"rendered":"<p>Pe\u00f1arol trabaja sin prisa pero sin pausa en el plantel del 2019, con la premisa de resolver las renovaciones de contrato antes de contratar pero con ideas de sustitutos a las factibles bajas en el equipo de Diego L\u00f3pez. En el Palacio Cr. Gast\u00f3n Guelfi se reunieron integrantes de la Comisi\u00f3n de Contrataciones, la de [&hellip;]<\/p>\n","protected":false},"author":5,"featured_media":69196,"comment_status":"open","ping_status":"closed","sticky":false,"template":"","format":"standard","meta":{"footnotes":""},"categories":[1],"tags":[],"yoast_head":"<!-- This site is optimized with the Yoast SEO plugin v23.2 - https:\/\/yoast.com\/wordpress\/plugins\/seo\/ -->\n<title>El plantel que se viene - Padre y Decano - El Sitio del Pueblo<\/title>\n<meta name=\"robots\" content=\"index, follow, max-snippet:-1, max-image-preview:large, max-video-preview:-1\" \/>\n<link rel=\"canonical\" href=\"https:\/\/www.padreydecano.com\/cms\/noticias\/el-plantel-que-se-viene\/\" \/>\n<meta property=\"og:locale\" content=\"es_ES\" \/>\n<meta property=\"og:type\" content=\"article\" \/>\n<meta property=\"og:title\" content=\"El plantel que se viene - Padre y Decano - El Sitio del Pueblo\" \/>\n<meta property=\"og:description\" content=\"Pe\u00f1arol trabaja sin prisa pero sin pausa en el plantel del 2019, con la premisa de resolver las renovaciones de contrato antes de contratar pero con ideas de sustitutos a las factibles bajas en el equipo de Diego L\u00f3pez. En el Palacio Cr. Gast\u00f3n Guelfi se reunieron integrantes de la Comisi\u00f3n de Contrataciones, la de [&hellip;]\" \/>\n<meta property=\"og:url\" content=\"https:\/\/www.padreydecano.com\/cms\/noticias\/el-plantel-que-se-viene\/\" \/>\n<meta property=\"og:site_name\" content=\"Padre y Decano - El Sitio del Pueblo\" \/>\n<meta property=\"article:published_time\" content=\"2018-11-29T00:41:05+00:00\" \/>\n<meta property=\"article:modified_time\" content=\"2018-12-04T19:45:51+00:00\" \/>\n<meta property=\"og:image\" content=\"https:\/\/www.padreydecano.com\/cms\/wp-content\/uploads\/2018\/11\/maxicorujovareladarwin.jpg\" \/>\n\t<meta property=\"og:image:width\" content=\"1280\" \/>\n\t<meta property=\"og:image:height\" content=\"720\" \/>\n\t<meta property=\"og:image:type\" content=\"image\/jpeg\" \/>\n<meta name=\"author\" content=\"Emirona07\" \/>\n<meta name=\"twitter:card\" content=\"summary_large_image\" \/>\n<meta name=\"twitter:label1\" content=\"Escrito por\" \/>\n\t<meta name=\"twitter:data1\" content=\"Emirona07\" \/>\n\t<meta name=\"twitter:label2\" content=\"Tiempo de lectura\" \/>\n\t<meta name=\"twitter:data2\" content=\"2 minutos\" \/>\n<script type=\"application\/ld+json\" class=\"yoast-schema-graph\">{\"@context\":\"https:\/\/schema.org\",\"@graph\":[{\"@type\":\"Article\",\"@id\":\"https:\/\/www.padreydecano.com\/cms\/noticias\/el-plantel-que-se-viene\/#article\",\"isPartOf\":{\"@id\":\"https:\/\/www.padreydecano.com\/cms\/noticias\/el-plantel-que-se-viene\/\"},\"author\":{\"name\":\"Emirona07\",\"@id\":\"https:\/\/www.padreydecano.com\/cms\/#\/schema\/person\/51e0214db654d9624824b37c2838bb65\"},\"headline\":\"El plantel que se viene\",\"datePublished\":\"2018-11-29T00:41:05+00:00\",\"dateModified\":\"2018-12-04T19:45:51+00:00\",\"mainEntityOfPage\":{\"@id\":\"https:\/\/www.padreydecano.com\/cms\/noticias\/el-plantel-que-se-viene\/\"},\"wordCount\":454,\"commentCount\":167,\"publisher\":{\"@id\":\"https:\/\/www.padreydecano.com\/cms\/#organization\"},\"image\":{\"@id\":\"https:\/\/www.padreydecano.com\/cms\/noticias\/el-plantel-que-se-viene\/#primaryimage\"},\"thumbnailUrl\":\"https:\/\/www.padreydecano.com\/cms\/wp-content\/uploads\/2018\/11\/maxicorujovareladarwin.jpg\",\"articleSection\":[\"Noticias\"],\"inLanguage\":\"es\",\"potentialAction\":[{\"@type\":\"CommentAction\",\"name\":\"Comment\",\"target\":[\"https:\/\/www.padreydecano.com\/cms\/noticias\/el-plantel-que-se-viene\/#respond\"]}]},{\"@type\":\"WebPage\",\"@id\":\"https:\/\/www.padreydecano.com\/cms\/noticias\/el-plantel-que-se-viene\/\",\"url\":\"https:\/\/www.padreydecano.com\/cms\/noticias\/el-plantel-que-se-viene\/\",\"name\":\"El plantel que se viene - Padre y Decano - El Sitio del Pueblo\",\"isPartOf\":{\"@id\":\"https:\/\/www.padreydecano.com\/cms\/#website\"},\"primaryImageOfPage\":{\"@id\":\"https:\/\/www.padreydecano.com\/cms\/noticias\/el-plantel-que-se-viene\/#primaryimage\"},\"image\":{\"@id\":\"https:\/\/www.padreydecano.com\/cms\/noticias\/el-plantel-que-se-viene\/#primaryimage\"},\"thumbnailUrl\":\"https:\/\/www.padreydecano.com\/cms\/wp-content\/uploads\/2018\/11\/maxicorujovareladarwin.jpg\",\"datePublished\":\"2018-11-29T00:41:05+00:00\",\"dateModified\":\"2018-12-04T19:45:51+00:00\",\"breadcrumb\":{\"@id\":\"https:\/\/www.padreydecano.com\/cms\/noticias\/el-plantel-que-se-viene\/#breadcrumb\"},\"inLanguage\":\"es\",\"potentialAction\":[{\"@type\":\"ReadAction\",\"target\":[\"https:\/\/www.padreydecano.com\/cms\/noticias\/el-plantel-que-se-viene\/\"]}]},{\"@type\":\"ImageObject\",\"inLanguage\":\"es\",\"@id\":\"https:\/\/www.padreydecano.com\/cms\/noticias\/el-plantel-que-se-viene\/#primaryimage\",\"url\":\"https:\/\/www.padreydecano.com\/cms\/wp-content\/uploads\/2018\/11\/maxicorujovareladarwin.jpg\",\"contentUrl\":\"https:\/\/www.padreydecano.com\/cms\/wp-content\/uploads\/2018\/11\/maxicorujovareladarwin.jpg\",\"width\":1280,\"height\":720},{\"@type\":\"BreadcrumbList\",\"@id\":\"https:\/\/www.padreydecano.com\/cms\/noticias\/el-plantel-que-se-viene\/#breadcrumb\",\"itemListElement\":[{\"@type\":\"ListItem\",\"position\":1,\"name\":\"Portada\",\"item\":\"https:\/\/www.padreydecano.com\/cms\/\"},{\"@type\":\"ListItem\",\"position\":2,\"name\":\"El plantel que se viene\"}]},{\"@type\":\"WebSite\",\"@id\":\"https:\/\/www.padreydecano.com\/cms\/#website\",\"url\":\"https:\/\/www.padreydecano.com\/cms\/\",\"name\":\"Padre y Decano - El Sitio del Pueblo\",\"description\":\"Club Atl\u00e9tico Pe\u00f1arol\",\"publisher\":{\"@id\":\"https:\/\/www.padreydecano.com\/cms\/#organization\"},\"potentialAction\":[{\"@type\":\"SearchAction\",\"target\":{\"@type\":\"EntryPoint\",\"urlTemplate\":\"https:\/\/www.padreydecano.com\/cms\/?s={search_term_string}\"},\"query-input\":\"required name=search_term_string\"}],\"inLanguage\":\"es\"},{\"@type\":\"Organization\",\"@id\":\"https:\/\/www.padreydecano.com\/cms\/#organization\",\"name\":\"Padre y Decano\",\"url\":\"https:\/\/www.padreydecano.com\/cms\/\",\"logo\":{\"@type\":\"ImageObject\",\"inLanguage\":\"es\",\"@id\":\"https:\/\/www.padreydecano.com\/cms\/#\/schema\/logo\/image\/\",\"url\":\"https:\/\/www.padreydecano.com\/cms\/wp-content\/uploads\/2022\/01\/avatar-square.png\",\"contentUrl\":\"https:\/\/www.padreydecano.com\/cms\/wp-content\/uploads\/2022\/01\/avatar-square.png\",\"width\":1500,\"height\":1500,\"caption\":\"Padre y Decano\"},\"image\":{\"@id\":\"https:\/\/www.padreydecano.com\/cms\/#\/schema\/logo\/image\/\"}},{\"@type\":\"Person\",\"@id\":\"https:\/\/www.padreydecano.com\/cms\/#\/schema\/person\/51e0214db654d9624824b37c2838bb65\",\"name\":\"Emirona07\",\"image\":{\"@type\":\"ImageObject\",\"inLanguage\":\"es\",\"@id\":\"https:\/\/www.padreydecano.com\/cms\/#\/schema\/person\/image\/\",\"url\":\"https:\/\/secure.gravatar.com\/avatar\/93c9118dbd5373a8a065bb5cdddde6bf?s=96&d=https%3A%2F%2Fpadreydecano.com%2Fcms%2Fwp-content%2Fthemes%2Fpyd-theme%2Fimg%2Fdefault-avatar.png&r=g\",\"contentUrl\":\"https:\/\/secure.gravatar.com\/avatar\/93c9118dbd5373a8a065bb5cdddde6bf?s=96&d=https%3A%2F%2Fpadreydecano.com%2Fcms%2Fwp-content%2Fthemes%2Fpyd-theme%2Fimg%2Fdefault-avatar.png&r=g\",\"caption\":\"Emirona07\"}}]}<\/script>\n<!-- \/ Yoast SEO plugin. -->","yoast_head_json":{"title":"El plantel que se viene - Padre y Decano - El Sitio del Pueblo","robots":{"index":"index","follow":"follow","max-snippet":"max-snippet:-1","max-image-preview":"max-image-preview:large","max-video-preview":"max-video-preview:-1"},"canonical":"https:\/\/www.padreydecano.com\/cms\/noticias\/el-plantel-que-se-viene\/","og_locale":"es_ES","og_type":"article","og_title":"El plantel que se viene - Padre y Decano - El Sitio del Pueblo","og_description":"Pe\u00f1arol trabaja sin prisa pero sin pausa en el plantel del 2019, con la premisa de resolver las renovaciones de contrato antes de contratar pero con ideas de sustitutos a las factibles bajas en el equipo de Diego L\u00f3pez. En el Palacio Cr. Gast\u00f3n Guelfi se reunieron integrantes de la Comisi\u00f3n de Contrataciones, la de [&hellip;]","og_url":"https:\/\/www.padreydecano.com\/cms\/noticias\/el-plantel-que-se-viene\/","og_site_name":"Padre y Decano - El Sitio del Pueblo","article_published_time":"2018-11-29T00:41:05+00:00","article_modified_time":"2018-12-04T19:45:51+00:00","og_image":[{"width":1280,"height":720,"url":"https:\/\/www.padreydecano.com\/cms\/wp-content\/uploads\/2018\/11\/maxicorujovareladarwin.jpg","type":"image\/jpeg"}],"author":"Emirona07","twitter_card":"summary_large_image","twitter_misc":{"Escrito por":"Emirona07","Tiempo de lectura":"2 minutos"},"schema":{"@context":"https:\/\/schema.org","@graph":[{"@type":"Article","@id":"https:\/\/www.padreydecano.com\/cms\/noticias\/el-plantel-que-se-viene\/#article","isPartOf":{"@id":"https:\/\/www.padreydecano.com\/cms\/noticias\/el-plantel-que-se-viene\/"},"author":{"name":"Emirona07","@id":"https:\/\/www.padreydecano.com\/cms\/#\/schema\/person\/51e0214db654d9624824b37c2838bb65"},"headline":"El plantel que se viene","datePublished":"2018-11-29T00:41:05+00:00","dateModified":"2018-12-04T19:45:51+00:00","mainEntityOfPage":{"@id":"https:\/\/www.padreydecano.com\/cms\/noticias\/el-plantel-que-se-viene\/"},"wordCount":454,"commentCount":167,"publisher":{"@id":"https:\/\/www.padreydecano.com\/cms\/#organization"},"image":{"@id":"https:\/\/www.padreydecano.com\/cms\/noticias\/el-plantel-que-se-viene\/#primaryimage"},"thumbnailUrl":"https:\/\/www.padreydecano.com\/cms\/wp-content\/uploads\/2018\/11\/maxicorujovareladarwin.jpg","articleSection":["Noticias"],"inLanguage":"es","potentialAction":[{"@type":"CommentAction","name":"Comment","target":["https:\/\/www.padreydecano.com\/cms\/noticias\/el-plantel-que-se-viene\/#respond"]}]},{"@type":"WebPage","@id":"https:\/\/www.padreydecano.com\/cms\/noticias\/el-plantel-que-se-viene\/","url":"https:\/\/www.padreydecano.com\/cms\/noticias\/el-plantel-que-se-viene\/","name":"El plantel que se viene - Padre y Decano - El Sitio del Pueblo","isPartOf":{"@id":"https:\/\/www.padreydecano.com\/cms\/#website"},"primaryImageOfPage":{"@id":"https:\/\/www.padreydecano.com\/cms\/noticias\/el-plantel-que-se-viene\/#primaryimage"},"image":{"@id":"https:\/\/www.padreydecano.com\/cms\/noticias\/el-plantel-que-se-viene\/#primaryimage"},"thumbnailUrl":"https:\/\/www.padreydecano.com\/cms\/wp-content\/uploads\/2018\/11\/maxicorujovareladarwin.jpg","datePublished":"2018-11-29T00:41:05+00:00","dateModified":"2018-12-04T19:45:51+00:00","breadcrumb":{"@id":"https:\/\/www.padreydecano.com\/cms\/noticias\/el-plantel-que-se-viene\/#breadcrumb"},"inLanguage":"es","potentialAction":[{"@type":"ReadAction","target":["https:\/\/www.padreydecano.com\/cms\/noticias\/el-plantel-que-se-viene\/"]}]},{"@type":"ImageObject","inLanguage":"es","@id":"https:\/\/www.padreydecano.com\/cms\/noticias\/el-plantel-que-se-viene\/#primaryimage","url":"https:\/\/www.padreydecano.com\/cms\/wp-content\/uploads\/2018\/11\/maxicorujovareladarwin.jpg","contentUrl":"https:\/\/www.padreydecano.com\/cms\/wp-content\/uploads\/2018\/11\/maxicorujovareladarwin.jpg","width":1280,"height":720},{"@type":"BreadcrumbList","@id":"https:\/\/www.padreydecano.com\/cms\/noticias\/el-plantel-que-se-viene\/#breadcrumb","itemListElement":[{"@type":"ListItem","position":1,"name":"Portada","item":"https:\/\/www.padreydecano.com\/cms\/"},{"@type":"ListItem","position":2,"name":"El plantel que se viene"}]},{"@type":"WebSite","@id":"https:\/\/www.padreydecano.com\/cms\/#website","url":"https:\/\/www.padreydecano.com\/cms\/","name":"Padre y Decano - El Sitio del Pueblo","description":"Club Atl\u00e9tico Pe\u00f1arol","publisher":{"@id":"https:\/\/www.padreydecano.com\/cms\/#organization"},"potentialAction":[{"@type":"SearchAction","target":{"@type":"EntryPoint","urlTemplate":"https:\/\/www.padreydecano.com\/cms\/?s={search_term_string}"},"query-input":"required name=search_term_string"}],"inLanguage":"es"},{"@type":"Organization","@id":"https:\/\/www.padreydecano.com\/cms\/#organization","name":"Padre y Decano","url":"https:\/\/www.padreydecano.com\/cms\/","logo":{"@type":"ImageObject","inLanguage":"es","@id":"https:\/\/www.padreydecano.com\/cms\/#\/schema\/logo\/image\/","url":"https:\/\/www.padreydecano.com\/cms\/wp-content\/uploads\/2022\/01\/avatar-square.png","contentUrl":"https:\/\/www.padreydecano.com\/cms\/wp-content\/uploads\/2022\/01\/avatar-square.png","width":1500,"height":1500,"caption":"Padre y Decano"},"image":{"@id":"https:\/\/www.padreydecano.com\/cms\/#\/schema\/logo\/image\/"}},{"@type":"Person","@id":"https:\/\/www.padreydecano.com\/cms\/#\/schema\/person\/51e0214db654d9624824b37c2838bb65","name":"Emirona07","image":{"@type":"ImageObject","inLanguage":"es","@id":"https:\/\/www.padreydecano.com\/cms\/#\/schema\/person\/image\/","url":"https:\/\/secure.gravatar.com\/avatar\/93c9118dbd5373a8a065bb5cdddde6bf?s=96&d=https%3A%2F%2Fpadreydecano.com%2Fcms%2Fwp-content%2Fthemes%2Fpyd-theme%2Fimg%2Fdefault-avatar.png&r=g","contentUrl":"https:\/\/secure.gravatar.com\/avatar\/93c9118dbd5373a8a065bb5cdddde6bf?s=96&d=https%3A%2F%2Fpadreydecano.com%2Fcms%2Fwp-content%2Fthemes%2Fpyd-theme%2Fimg%2Fdefault-avatar.png&r=g","caption":"Emirona07"}}]}},"_links":{"self":[{"href":"https:\/\/www.padreydecano.com\/cms\/wp-json\/wp\/v2\/posts\/69195"}],"collection":[{"href":"https:\/\/www.padreydecano.com\/cms\/wp-json\/wp\/v2\/posts"}],"about":[{"href":"https:\/\/www.padreydecano.com\/cms\/wp-json\/wp\/v2\/types\/post"}],"author":[{"embeddable":true,"href":"https:\/\/www.padreydecano.com\/cms\/wp-json\/wp\/v2\/users\/5"}],"replies":[{"embeddable":true,"href":"https:\/\/www.padreydecano.com\/cms\/wp-json\/wp\/v2\/comments?post=69195"}],"version-history":[{"count":0,"href":"https:\/\/www.padreydecano.com\/cms\/wp-json\/wp\/v2\/posts\/69195\/revisions"}],"wp:featuredmedia":[{"embeddable":true,"href":"https:\/\/www.padreydecano.com\/cms\/wp-json\/wp\/v2\/media\/69196"}],"wp:attachment":[{"href":"https:\/\/www.padreydecano.com\/cms\/wp-json\/wp\/v2\/media?parent=69195"}],"wp:term":[{"taxonomy":"category","embeddable":true,"href":"https:\/\/www.padreydecano.com\/cms\/wp-json\/wp\/v2\/categories?post=69195"},{"taxonomy":"post_tag","embeddable":true,"href":"https:\/\/www.padreydecano.com\/cms\/wp-json\/wp\/v2\/tags?post=69195"}],"curies":[{"name":"wp","href":"https:\/\/api.w.org\/{rel}","templated":true}]}}